{"id":104153,"date":"2023-01-31T17:09:48","date_gmt":"2023-01-31T16:09:48","guid":{"rendered":"https:\/\/aeeolica.org\/?p=104153"},"modified":"2023-03-10T12:01:02","modified_gmt":"2023-03-10T11:01:02","slug":"ana-goyen-elegida-nueva-presidenta-de-enercluster-durante-la-asamblea-anual","status":"publish","type":"post","link":"https:\/\/aeeolica.org\/en\/ana-goyen-elegida-nueva-presidenta-de-enercluster-durante-la-asamblea-anual\/","title":{"rendered":"Ana Goy\u00e9n, elegida nueva presidenta de ENERCLUSTER durante la asamblea anual"},"content":{"rendered":"\n<ul class=\"wp-block-list\">\n<li>Junto a la presidencia, durante la asamblea celebrada hoy se han renovado el resto de cargos de la junta directiva<\/li>\n\n\n\n<li>Ana Goy\u00e9n, directiva de Ingeteam: \u201cEl futuro ser\u00e1 renovable o no ser\u00e1, pero tenemos dos a\u00f1os por delante con grandes retos que afrontar\u201d<\/li>\n<\/ul>\n\n\n\n<p>Ana Goy\u00e9n, Directora del \u00c1rea de Energ\u00eda E\u00f3lica de Ingeteam, ha sido elegida nueva presidenta de Enercluster y sustituye en el cargo a Joaqu\u00edn Anc\u00edn (ACCIONA Energ\u00eda), quien ocupaba el puesto desde enero de 2021.<\/p>\n\n\n\n<p>El nombramiento de&nbsp;<strong>Ana Goy\u00e9n<\/strong>&nbsp;ha tenido lugar en el transcurso de la asamblea que la asociaci\u00f3n cl\u00faster de energ\u00edas renovables de Navarra ha celebrado en la UPNA y durante la cual, adem\u00e1s de la presidencia, se ha renovado la vicepresidencia (<strong>Javier Villanueva<\/strong>&nbsp;de RenerCycle) y los otros 13 &nbsp;miembros de la junta.<\/p>\n\n\n\n<p>As\u00ed, a partir de este momento, los \u00f3rganos de gesti\u00f3n de Enercluster los componen las siguientes personas:&nbsp;<strong>Ana Goy\u00e9n<\/strong>&nbsp;(Ingeteam) como presidenta,&nbsp;<strong>Javier Villanueva<\/strong>&nbsp;(RenerCycle) como vicepresidente,&nbsp;<strong>Mikel Sojo<\/strong>&nbsp;(ACCIONA Energ\u00eda),&nbsp;<strong>Manuel Turiel<\/strong>&nbsp;(Barranquesa),&nbsp;<strong>Jon As\u00edn<\/strong>&nbsp;(BeePlanet),&nbsp;<strong>Diego Oliver<\/strong>&nbsp;(Enhol),&nbsp;<strong>Aitor Erquicia<\/strong>&nbsp;(Eosol),&nbsp;<strong>\u00cd\u00f1igo Ayerra<\/strong>&nbsp;(IED),&nbsp;<strong>Pello Irujo<\/strong>&nbsp;(Laulagun),&nbsp;<strong>Jorge Ruiz<\/strong>&nbsp;(Mekatar),&nbsp;<strong>Eneko Sanz<\/strong>&nbsp;(Nabrawind),&nbsp;<strong>Kepa Sainz<\/strong>&nbsp;(Nordex),&nbsp;<strong>Jaime Urcola<\/strong>&nbsp;(Sakana),&nbsp;<strong>Jon Lez\u00e1miz<\/strong>&nbsp;(Siemens Gamesa) y&nbsp;<strong>Bego\u00f1a Vicente<\/strong>&nbsp;(UPNA)<\/p>\n\n\n\n<p>A la asamblea han asistido 58 personas que representan al 60% de las empresas asociadas. El acto ha sido inaugurado con unas palabras de D. Ram\u00f3n Gonzalo, rector de la UPNA, quien ha dado la bienvenida y ha reiterado la apuesta de la universidad por la formaci\u00f3n de los futuros profesionales del sector renovable.<\/p>\n\n\n\n<p>Tras la votaci\u00f3n de la nueva junta, la presidenta, quien adem\u00e1s forma parte del consejo de Administraci\u00f3n de Sodena, ha asegurado que su principal objetivo en el mandato que comienza ahora es \u201cconseguir que Enercluster sea la pieza central que alinee a todos los actores del sector con el objetivo de que la industria renovable en Navarra desarrolle, fabrique y explote la mejor tecnolog\u00eda renovable, mejorando as\u00ed nuestra calidad de vida y sostenibilidad del sistema\u201d.<\/p>\n\n\n\n<p>Las personas que forman el nuevo \u00f3rgano de gesti\u00f3n del cl\u00faster afrontan esta etapa en un contexto en el que las energ\u00edas renovables deben contar con un decidido impulso desde todos los \u00e1mbitos para mitigar los efectos de la crisis energ\u00e9tica en la que estamos inmersos.<\/p>\n\n\n\n<p><strong>Sobre Enercluster<\/strong><\/p>\n\n\n\n<p>Es el Cl\u00faster de las Energ\u00edas Renovables de Navarra. Formado en 2017 como cl\u00faster del sector e\u00f3lico, en 2022 ampli\u00f3 su espectro para incluir a toda la industria renovable de Navarra. Actualmente agrupa a m\u00e1s de 70 empresas d\u00e1ndoles voz y representando sus intereses de una forma s\u00f3lida y fuerte.<\/p>\n\n\n\n<p><\/p>\n\n\n\n<p><a href=\"https:\/\/www.repsol.com\/content\/dam\/repsol-corporate\/es\/sala-de-prensa\/documentos-notas-de-prensa\/2022\/np161222-repsol-asterion-energies.pdf\" target=\"_blank\" rel=\"noreferrer noopener\"><\/a><\/p>\n\n\n\n<figure class=\"wp-block-image size-large\"><img decoding=\"async\" width=\"1024\" height=\"683\" src=\"https:\/\/aeeolica.org\/wp-content\/uploads\/2023\/01\/Asistentes-asamble-ENERCLUSTER-1536x1024-1-1024x683.jpg\" alt=\"\" class=\"wp-image-104154\" srcset=\"https:\/\/aeeolica.org\/wp-content\/uploads\/2023\/01\/Asistentes-asamble-ENERCLUSTER-1536x1024-1-980x653.jpg 980w, https:\/\/aeeolica.org\/wp-content\/uploads\/2023\/01\/Asistentes-asamble-ENERCLUSTER-1536x1024-1-480x320.jpg 480w\" sizes=\"(min-width: 0px) and (max-width: 480px) 480px, (min-width: 481px) and (max-width: 980px) 980px, (min-width: 981px) 1024px, 100vw\" \/><\/figure>\n","protected":false},"excerpt":{"rendered":"<p>Ana Goy\u00e9n, Directora del \u00c1rea de Energ\u00eda E\u00f3lica de Ingeteam, ha sido elegida nueva presidenta de Enercluster y sustituye en el cargo a Joaqu\u00edn Anc\u00edn (ACCIONA Energ\u00eda), quien ocupaba el puesto desde enero de 2021.<\/p>\n","protected":false},"author":2,"featured_media":104150,"comment_status":"open","ping_status":"open","sticky":false,"template":"","format":"standard","meta":{"_acf_changed":false,"_bbp_topic_count":0,"_bbp_reply_count":0,"_bbp_total_topic_count":0,"_bbp_total_reply_count":0,"_bbp_voice_count":0,"_bbp_anonymous_reply_count":0,"_bbp_topic_count_hidden":0,"_bbp_reply_count_hidden":0,"_bbp_forum_subforum_count":0,"_et_pb_use_builder":"","_et_pb_old_content":"","_et_gb_content_width":"","footnotes":""},"categories":[450],"tags":[],"class_list":["post-104153","post","type-post","status-publish","format-standard","has-post-thumbnail","hentry","category-newsletter-enero-2023"],"acf":[],"yoast_head":"<!-- This site is optimized with the Yoast SEO plugin v27.4 - https:\/\/yoast.com\/product\/yoast-seo-wordpress\/ -->\n<title>Ana Goy\u00e9n, elegida nueva presidenta de ENERCLUSTER durante la asamblea anual - Asociaci\u00f3n Empresarial E\u00f3lica<\/title>\n<meta name=\"robots\" content=\"index, follow, max-snippet:-1, max-image-preview:large, max-video-preview:-1\" \/>\n<link rel=\"canonical\" href=\"https:\/\/aeeolica.org\/ana-goyen-elegida-nueva-presidenta-de-enercluster-durante-la-asamblea-anual\/\" \/>\n<meta property=\"og:locale\" content=\"en_US\" \/>\n<meta property=\"og:type\" content=\"article\" \/>\n<meta property=\"og:title\" content=\"Ana Goy\u00e9n, elegida nueva presidenta de ENERCLUSTER durante la asamblea anual - Asociaci\u00f3n Empresarial E\u00f3lica\" \/>\n<meta property=\"og:description\" content=\"Ana Goy\u00e9n, Directora del \u00c1rea de Energ\u00eda E\u00f3lica de Ingeteam, ha sido elegida nueva presidenta de Enercluster y sustituye en el cargo a Joaqu\u00edn Anc\u00edn (ACCIONA Energ\u00eda), quien ocupaba el puesto desde enero de 2021.\" \/>\n<meta property=\"og:url\" content=\"https:\/\/aeeolica.org\/ana-goyen-elegida-nueva-presidenta-de-enercluster-durante-la-asamblea-anual\/\" \/>\n<meta property=\"og:site_name\" content=\"Asociaci\u00f3n Empresarial E\u00f3lica\" \/>\n<meta property=\"article:publisher\" content=\"https:\/\/www.facebook.com\/aeeolica\" \/>\n<meta property=\"article:published_time\" content=\"2023-01-31T16:09:48+00:00\" \/>\n<meta property=\"article:modified_time\" content=\"2023-03-10T11:01:02+00:00\" \/>\n<meta property=\"og:image\" content=\"https:\/\/aeeolica.org\/wp-content\/uploads\/2023\/01\/Presidenta-y-vicepresidente-Enercluster2023-scaled-1.jpg\" \/>\n\t<meta property=\"og:image:width\" content=\"2560\" \/>\n\t<meta property=\"og:image:height\" content=\"1507\" \/>\n\t<meta property=\"og:image:type\" content=\"image\/jpeg\" \/>\n<meta name=\"author\" content=\"Morante D\u00edaz, Mar\u00eda del Mar\" \/>\n<meta name=\"twitter:card\" content=\"summary_large_image\" \/>\n<meta name=\"twitter:creator\" content=\"@aeeolica\" \/>\n<meta name=\"twitter:site\" content=\"@aeeolica\" \/>\n<meta name=\"twitter:label1\" content=\"Written by\" \/>\n\t<meta name=\"twitter:data1\" content=\"Morante D\u00edaz, Mar\u00eda del Mar\" \/>\n\t<meta name=\"twitter:label2\" content=\"Est. reading time\" \/>\n\t<meta name=\"twitter:data2\" content=\"3 minutes\" \/>\n<script type=\"application\/ld+json\" class=\"yoast-schema-graph\">{\"@context\":\"https:\\\/\\\/schema.org\",\"@graph\":[{\"@type\":\"Article\",\"@id\":\"https:\\\/\\\/aeeolica.org\\\/ana-goyen-elegida-nueva-presidenta-de-enercluster-durante-la-asamblea-anual\\\/#article\",\"isPartOf\":{\"@id\":\"https:\\\/\\\/aeeolica.org\\\/ana-goyen-elegida-nueva-presidenta-de-enercluster-durante-la-asamblea-anual\\\/\"},\"author\":{\"name\":\"Morante D\u00edaz, Mar\u00eda del Mar\",\"@id\":\"https:\\\/\\\/aeeolica.org\\\/#\\\/schema\\\/person\\\/064b26f21f7ed52e0b3854e6b52f9772\"},\"headline\":\"Ana Goy\u00e9n, elegida nueva presidenta de ENERCLUSTER durante la asamblea anual\",\"datePublished\":\"2023-01-31T16:09:48+00:00\",\"dateModified\":\"2023-03-10T11:01:02+00:00\",\"mainEntityOfPage\":{\"@id\":\"https:\\\/\\\/aeeolica.org\\\/ana-goyen-elegida-nueva-presidenta-de-enercluster-durante-la-asamblea-anual\\\/\"},\"wordCount\":502,\"commentCount\":2,\"publisher\":{\"@id\":\"https:\\\/\\\/aeeolica.org\\\/#organization\"},\"image\":{\"@id\":\"https:\\\/\\\/aeeolica.org\\\/ana-goyen-elegida-nueva-presidenta-de-enercluster-durante-la-asamblea-anual\\\/#primaryimage\"},\"thumbnailUrl\":\"https:\\\/\\\/aeeolica.org\\\/wp-content\\\/uploads\\\/2023\\\/01\\\/Presidenta-y-vicepresidente-Enercluster2023-scaled-1.jpg\",\"articleSection\":[\"Newsletter Enero 2023\"],\"inLanguage\":\"en-US\",\"potentialAction\":[{\"@type\":\"CommentAction\",\"name\":\"Comment\",\"target\":[\"https:\\\/\\\/aeeolica.org\\\/ana-goyen-elegida-nueva-presidenta-de-enercluster-durante-la-asamblea-anual\\\/#respond\"]}]},{\"@type\":\"WebPage\",\"@id\":\"https:\\\/\\\/aeeolica.org\\\/ana-goyen-elegida-nueva-presidenta-de-enercluster-durante-la-asamblea-anual\\\/\",\"url\":\"https:\\\/\\\/aeeolica.org\\\/ana-goyen-elegida-nueva-presidenta-de-enercluster-durante-la-asamblea-anual\\\/\",\"name\":\"Ana Goy\u00e9n, elegida nueva presidenta de ENERCLUSTER durante la asamblea anual - Asociaci\u00f3n Empresarial E\u00f3lica\",\"isPartOf\":{\"@id\":\"https:\\\/\\\/aeeolica.org\\\/#website\"},\"primaryImageOfPage\":{\"@id\":\"https:\\\/\\\/aeeolica.org\\\/ana-goyen-elegida-nueva-presidenta-de-enercluster-durante-la-asamblea-anual\\\/#primaryimage\"},\"image\":{\"@id\":\"https:\\\/\\\/aeeolica.org\\\/ana-goyen-elegida-nueva-presidenta-de-enercluster-durante-la-asamblea-anual\\\/#primaryimage\"},\"thumbnailUrl\":\"https:\\\/\\\/aeeolica.org\\\/wp-content\\\/uploads\\\/2023\\\/01\\\/Presidenta-y-vicepresidente-Enercluster2023-scaled-1.jpg\",\"datePublished\":\"2023-01-31T16:09:48+00:00\",\"dateModified\":\"2023-03-10T11:01:02+00:00\",\"breadcrumb\":{\"@id\":\"https:\\\/\\\/aeeolica.org\\\/ana-goyen-elegida-nueva-presidenta-de-enercluster-durante-la-asamblea-anual\\\/#breadcrumb\"},\"inLanguage\":\"en-US\",\"potentialAction\":[{\"@type\":\"ReadAction\",\"target\":[\"https:\\\/\\\/aeeolica.org\\\/ana-goyen-elegida-nueva-presidenta-de-enercluster-durante-la-asamblea-anual\\\/\"]}]},{\"@type\":\"ImageObject\",\"inLanguage\":\"en-US\",\"@id\":\"https:\\\/\\\/aeeolica.org\\\/ana-goyen-elegida-nueva-presidenta-de-enercluster-durante-la-asamblea-anual\\\/#primaryimage\",\"url\":\"https:\\\/\\\/aeeolica.org\\\/wp-content\\\/uploads\\\/2023\\\/01\\\/Presidenta-y-vicepresidente-Enercluster2023-scaled-1.jpg\",\"contentUrl\":\"https:\\\/\\\/aeeolica.org\\\/wp-content\\\/uploads\\\/2023\\\/01\\\/Presidenta-y-vicepresidente-Enercluster2023-scaled-1.jpg\",\"width\":2560,\"height\":1507},{\"@type\":\"BreadcrumbList\",\"@id\":\"https:\\\/\\\/aeeolica.org\\\/ana-goyen-elegida-nueva-presidenta-de-enercluster-durante-la-asamblea-anual\\\/#breadcrumb\",\"itemListElement\":[{\"@type\":\"ListItem\",\"position\":1,\"name\":\"Portada\",\"item\":\"https:\\\/\\\/aeeolica.org\\\/en\\\/inicio\\\/\"},{\"@type\":\"ListItem\",\"position\":2,\"name\":\"Ana Goy\u00e9n, elegida nueva presidenta de ENERCLUSTER durante la asamblea anual\"}]},{\"@type\":\"WebSite\",\"@id\":\"https:\\\/\\\/aeeolica.org\\\/#website\",\"url\":\"https:\\\/\\\/aeeolica.org\\\/\",\"name\":\"Asociaci\u00f3n Empresarial E\u00f3lica\",\"description\":\"AEE Asociaci\u00f3n Empresarial E\u00f3lica\",\"publisher\":{\"@id\":\"https:\\\/\\\/aeeolica.org\\\/#organization\"},\"potentialAction\":[{\"@type\":\"SearchAction\",\"target\":{\"@type\":\"EntryPoint\",\"urlTemplate\":\"https:\\\/\\\/aeeolica.org\\\/?s={search_term_string}\"},\"query-input\":{\"@type\":\"PropertyValueSpecification\",\"valueRequired\":true,\"valueName\":\"search_term_string\"}}],\"inLanguage\":\"en-US\"},{\"@type\":\"Organization\",\"@id\":\"https:\\\/\\\/aeeolica.org\\\/#organization\",\"name\":\"Asociaci\u00f3n Empresarial E\u00f3lica\",\"url\":\"https:\\\/\\\/aeeolica.org\\\/\",\"logo\":{\"@type\":\"ImageObject\",\"inLanguage\":\"en-US\",\"@id\":\"https:\\\/\\\/aeeolica.org\\\/#\\\/schema\\\/logo\\\/image\\\/\",\"url\":\"https:\\\/\\\/aeeolica.org\\\/wp-content\\\/uploads\\\/2021\\\/08\\\/logo-aee.png\",\"contentUrl\":\"https:\\\/\\\/aeeolica.org\\\/wp-content\\\/uploads\\\/2021\\\/08\\\/logo-aee.png\",\"width\":180,\"height\":78,\"caption\":\"Asociaci\u00f3n Empresarial E\u00f3lica\"},\"image\":{\"@id\":\"https:\\\/\\\/aeeolica.org\\\/#\\\/schema\\\/logo\\\/image\\\/\"},\"sameAs\":[\"https:\\\/\\\/www.facebook.com\\\/aeeolica\",\"https:\\\/\\\/x.com\\\/aeeolica\",\"https:\\\/\\\/www.instagram.com\\\/aeeolica\\\/\",\"https:\\\/\\\/www.linkedin.com\\\/in\\\/aee-asociaci\u00f3n-empresarial-e\u00f3lica-6830946b\\\/\",\"https:\\\/\\\/www.youtube.com\\\/user\\\/AEEolica\"]},{\"@type\":\"Person\",\"@id\":\"https:\\\/\\\/aeeolica.org\\\/#\\\/schema\\\/person\\\/064b26f21f7ed52e0b3854e6b52f9772\",\"name\":\"Morante D\u00edaz, Mar\u00eda del Mar\",\"image\":{\"@type\":\"ImageObject\",\"inLanguage\":\"en-US\",\"@id\":\"https:\\\/\\\/secure.gravatar.com\\\/avatar\\\/8bfd23e1c4bf5aa0b9314f1c5c9d644e62672831e6a512513954c3f15dffdd5a?s=96&d=mm&r=g\",\"url\":\"https:\\\/\\\/secure.gravatar.com\\\/avatar\\\/8bfd23e1c4bf5aa0b9314f1c5c9d644e62672831e6a512513954c3f15dffdd5a?s=96&d=mm&r=g\",\"contentUrl\":\"https:\\\/\\\/secure.gravatar.com\\\/avatar\\\/8bfd23e1c4bf5aa0b9314f1c5c9d644e62672831e6a512513954c3f15dffdd5a?s=96&d=mm&r=g\",\"caption\":\"Morante D\u00edaz, Mar\u00eda del Mar\"},\"url\":\"https:\\\/\\\/aeeolica.org\\\/en\\\/author\\\/mar\\\/\"}]}<\/script>\n<!-- \/ Yoast SEO plugin. -->","yoast_head_json":{"title":"Ana Goy\u00e9n, elegida nueva presidenta de ENERCLUSTER durante la asamblea anual - Asociaci\u00f3n Empresarial E\u00f3lica","robots":{"index":"index","follow":"follow","max-snippet":"max-snippet:-1","max-image-preview":"max-image-preview:large","max-video-preview":"max-video-preview:-1"},"canonical":"https:\/\/aeeolica.org\/ana-goyen-elegida-nueva-presidenta-de-enercluster-durante-la-asamblea-anual\/","og_locale":"en_US","og_type":"article","og_title":"Ana Goy\u00e9n, elegida nueva presidenta de ENERCLUSTER durante la asamblea anual - Asociaci\u00f3n Empresarial E\u00f3lica","og_description":"Ana Goy\u00e9n, Directora del \u00c1rea de Energ\u00eda E\u00f3lica de Ingeteam, ha sido elegida nueva presidenta de Enercluster y sustituye en el cargo a Joaqu\u00edn Anc\u00edn (ACCIONA Energ\u00eda), quien ocupaba el puesto desde enero de 2021.","og_url":"https:\/\/aeeolica.org\/ana-goyen-elegida-nueva-presidenta-de-enercluster-durante-la-asamblea-anual\/","og_site_name":"Asociaci\u00f3n Empresarial E\u00f3lica","article_publisher":"https:\/\/www.facebook.com\/aeeolica","article_published_time":"2023-01-31T16:09:48+00:00","article_modified_time":"2023-03-10T11:01:02+00:00","og_image":[{"width":2560,"height":1507,"url":"https:\/\/aeeolica.org\/wp-content\/uploads\/2023\/01\/Presidenta-y-vicepresidente-Enercluster2023-scaled-1.jpg","type":"image\/jpeg"}],"author":"Morante D\u00edaz, Mar\u00eda del Mar","twitter_card":"summary_large_image","twitter_creator":"@aeeolica","twitter_site":"@aeeolica","twitter_misc":{"Written by":"Morante D\u00edaz, Mar\u00eda del Mar","Est. reading time":"3 minutes"},"schema":{"@context":"https:\/\/schema.org","@graph":[{"@type":"Article","@id":"https:\/\/aeeolica.org\/ana-goyen-elegida-nueva-presidenta-de-enercluster-durante-la-asamblea-anual\/#article","isPartOf":{"@id":"https:\/\/aeeolica.org\/ana-goyen-elegida-nueva-presidenta-de-enercluster-durante-la-asamblea-anual\/"},"author":{"name":"Morante D\u00edaz, Mar\u00eda del Mar","@id":"https:\/\/aeeolica.org\/#\/schema\/person\/064b26f21f7ed52e0b3854e6b52f9772"},"headline":"Ana Goy\u00e9n, elegida nueva presidenta de ENERCLUSTER durante la asamblea anual","datePublished":"2023-01-31T16:09:48+00:00","dateModified":"2023-03-10T11:01:02+00:00","mainEntityOfPage":{"@id":"https:\/\/aeeolica.org\/ana-goyen-elegida-nueva-presidenta-de-enercluster-durante-la-asamblea-anual\/"},"wordCount":502,"commentCount":2,"publisher":{"@id":"https:\/\/aeeolica.org\/#organization"},"image":{"@id":"https:\/\/aeeolica.org\/ana-goyen-elegida-nueva-presidenta-de-enercluster-durante-la-asamblea-anual\/#primaryimage"},"thumbnailUrl":"https:\/\/aeeolica.org\/wp-content\/uploads\/2023\/01\/Presidenta-y-vicepresidente-Enercluster2023-scaled-1.jpg","articleSection":["Newsletter Enero 2023"],"inLanguage":"en-US","potentialAction":[{"@type":"CommentAction","name":"Comment","target":["https:\/\/aeeolica.org\/ana-goyen-elegida-nueva-presidenta-de-enercluster-durante-la-asamblea-anual\/#respond"]}]},{"@type":"WebPage","@id":"https:\/\/aeeolica.org\/ana-goyen-elegida-nueva-presidenta-de-enercluster-durante-la-asamblea-anual\/","url":"https:\/\/aeeolica.org\/ana-goyen-elegida-nueva-presidenta-de-enercluster-durante-la-asamblea-anual\/","name":"Ana Goy\u00e9n, elegida nueva presidenta de ENERCLUSTER durante la asamblea anual - Asociaci\u00f3n Empresarial E\u00f3lica","isPartOf":{"@id":"https:\/\/aeeolica.org\/#website"},"primaryImageOfPage":{"@id":"https:\/\/aeeolica.org\/ana-goyen-elegida-nueva-presidenta-de-enercluster-durante-la-asamblea-anual\/#primaryimage"},"image":{"@id":"https:\/\/aeeolica.org\/ana-goyen-elegida-nueva-presidenta-de-enercluster-durante-la-asamblea-anual\/#primaryimage"},"thumbnailUrl":"https:\/\/aeeolica.org\/wp-content\/uploads\/2023\/01\/Presidenta-y-vicepresidente-Enercluster2023-scaled-1.jpg","datePublished":"2023-01-31T16:09:48+00:00","dateModified":"2023-03-10T11:01:02+00:00","breadcrumb":{"@id":"https:\/\/aeeolica.org\/ana-goyen-elegida-nueva-presidenta-de-enercluster-durante-la-asamblea-anual\/#breadcrumb"},"inLanguage":"en-US","potentialAction":[{"@type":"ReadAction","target":["https:\/\/aeeolica.org\/ana-goyen-elegida-nueva-presidenta-de-enercluster-durante-la-asamblea-anual\/"]}]},{"@type":"ImageObject","inLanguage":"en-US","@id":"https:\/\/aeeolica.org\/ana-goyen-elegida-nueva-presidenta-de-enercluster-durante-la-asamblea-anual\/#primaryimage","url":"https:\/\/aeeolica.org\/wp-content\/uploads\/2023\/01\/Presidenta-y-vicepresidente-Enercluster2023-scaled-1.jpg","contentUrl":"https:\/\/aeeolica.org\/wp-content\/uploads\/2023\/01\/Presidenta-y-vicepresidente-Enercluster2023-scaled-1.jpg","width":2560,"height":1507},{"@type":"BreadcrumbList","@id":"https:\/\/aeeolica.org\/ana-goyen-elegida-nueva-presidenta-de-enercluster-durante-la-asamblea-anual\/#breadcrumb","itemListElement":[{"@type":"ListItem","position":1,"name":"Portada","item":"https:\/\/aeeolica.org\/en\/inicio\/"},{"@type":"ListItem","position":2,"name":"Ana Goy\u00e9n, elegida nueva presidenta de ENERCLUSTER durante la asamblea anual"}]},{"@type":"WebSite","@id":"https:\/\/aeeolica.org\/#website","url":"https:\/\/aeeolica.org\/","name":"Asociaci\u00f3n Empresarial E\u00f3lica","description":"AEE Asociaci\u00f3n Empresarial E\u00f3lica","publisher":{"@id":"https:\/\/aeeolica.org\/#organization"},"potentialAction":[{"@type":"SearchAction","target":{"@type":"EntryPoint","urlTemplate":"https:\/\/aeeolica.org\/?s={search_term_string}"},"query-input":{"@type":"PropertyValueSpecification","valueRequired":true,"valueName":"search_term_string"}}],"inLanguage":"en-US"},{"@type":"Organization","@id":"https:\/\/aeeolica.org\/#organization","name":"Asociaci\u00f3n Empresarial E\u00f3lica","url":"https:\/\/aeeolica.org\/","logo":{"@type":"ImageObject","inLanguage":"en-US","@id":"https:\/\/aeeolica.org\/#\/schema\/logo\/image\/","url":"https:\/\/aeeolica.org\/wp-content\/uploads\/2021\/08\/logo-aee.png","contentUrl":"https:\/\/aeeolica.org\/wp-content\/uploads\/2021\/08\/logo-aee.png","width":180,"height":78,"caption":"Asociaci\u00f3n Empresarial E\u00f3lica"},"image":{"@id":"https:\/\/aeeolica.org\/#\/schema\/logo\/image\/"},"sameAs":["https:\/\/www.facebook.com\/aeeolica","https:\/\/x.com\/aeeolica","https:\/\/www.instagram.com\/aeeolica\/","https:\/\/www.linkedin.com\/in\/aee-asociaci\u00f3n-empresarial-e\u00f3lica-6830946b\/","https:\/\/www.youtube.com\/user\/AEEolica"]},{"@type":"Person","@id":"https:\/\/aeeolica.org\/#\/schema\/person\/064b26f21f7ed52e0b3854e6b52f9772","name":"Morante D\u00edaz, Mar\u00eda del Mar","image":{"@type":"ImageObject","inLanguage":"en-US","@id":"https:\/\/secure.gravatar.com\/avatar\/8bfd23e1c4bf5aa0b9314f1c5c9d644e62672831e6a512513954c3f15dffdd5a?s=96&d=mm&r=g","url":"https:\/\/secure.gravatar.com\/avatar\/8bfd23e1c4bf5aa0b9314f1c5c9d644e62672831e6a512513954c3f15dffdd5a?s=96&d=mm&r=g","contentUrl":"https:\/\/secure.gravatar.com\/avatar\/8bfd23e1c4bf5aa0b9314f1c5c9d644e62672831e6a512513954c3f15dffdd5a?s=96&d=mm&r=g","caption":"Morante D\u00edaz, Mar\u00eda del Mar"},"url":"https:\/\/aeeolica.org\/en\/author\/mar\/"}]}},"_links":{"self":[{"href":"https:\/\/aeeolica.org\/en\/wp-json\/wp\/v2\/posts\/104153","targetHints":{"allow":["GET"]}}],"collection":[{"href":"https:\/\/aeeolica.org\/en\/wp-json\/wp\/v2\/posts"}],"about":[{"href":"https:\/\/aeeolica.org\/en\/wp-json\/wp\/v2\/types\/post"}],"author":[{"embeddable":true,"href":"https:\/\/aeeolica.org\/en\/wp-json\/wp\/v2\/users\/2"}],"replies":[{"embeddable":true,"href":"https:\/\/aeeolica.org\/en\/wp-json\/wp\/v2\/comments?post=104153"}],"version-history":[{"count":0,"href":"https:\/\/aeeolica.org\/en\/wp-json\/wp\/v2\/posts\/104153\/revisions"}],"wp:featuredmedia":[{"embeddable":true,"href":"https:\/\/aeeolica.org\/en\/wp-json\/wp\/v2\/media\/104150"}],"wp:attachment":[{"href":"https:\/\/aeeolica.org\/en\/wp-json\/wp\/v2\/media?parent=104153"}],"wp:term":[{"taxonomy":"category","embeddable":true,"href":"https:\/\/aeeolica.org\/en\/wp-json\/wp\/v2\/categories?post=104153"},{"taxonomy":"post_tag","embeddable":true,"href":"https:\/\/aeeolica.org\/en\/wp-json\/wp\/v2\/tags?post=104153"}],"curies":[{"name":"wp","href":"https:\/\/api.w.org\/{rel}","templated":true}]}}