{"id":104161,"date":"2023-01-31T17:16:21","date_gmt":"2023-01-31T16:16:21","guid":{"rendered":"https:\/\/aeeolica.org\/?p=104161"},"modified":"2023-03-10T12:00:44","modified_gmt":"2023-03-10T11:00:44","slug":"clir-renewables-anuncia-su-entrada-al-mercado-iberico","status":"publish","type":"post","link":"https:\/\/aeeolica.org\/en\/clir-renewables-anuncia-su-entrada-al-mercado-iberico\/","title":{"rendered":"<strong>Clir Renewables anuncia su entrada al Mercado Ib\u00e9rico<\/strong>"},"content":{"rendered":"\n<p><em>La necesidad de obtener conocimientos m\u00e1s profundos sobre el rendimiento y los riesgos ha impulsado a varios parques e\u00f3licos terrestres espa\u00f1oles a afiliarse a Clir Portfolio.<\/em><\/p>\n\n\n\n<p>Las inversiones en energ\u00edas renovables siguen dispar\u00e1ndose en toda Espa\u00f1a, constituyendo un tercio de toda la producci\u00f3n energ\u00e9tica a nivel nacional. Pero llegar a ser el segundo pa\u00eds europeo en generaci\u00f3n de energ\u00eda e\u00f3lica y solar en 2021 no se consigue sin grandes esfuerzos. Los propietarios siguen buscando maneras de maximizar la producci\u00f3n y minimizar los riesgos de sus activos. Mientras la Uni\u00f3n Europea trata de disociar los precios del mercado de las energ\u00edas renovables en su intento de disminuir los costes energ\u00e9ticos, necesitan mejorar los resultados econ\u00f3micos de sus proyectos de energ\u00eda e\u00f3lica y solar.<\/p>\n\n\n\n<p>Y esto es lo que fomenta el deseo de los propietarios de tener acceso a los datos del sector, a fin de mejorar las previsiones de sus proyectos. Desafortunadamente, los OEMS no son propensos a compartir ciertos datos importantes a veces, ofreciendo as\u00ed a los propietarios una visi\u00f3n limitada. Clir Renewables posee la mayor serie de datos a nivel mundial sobre Espa\u00f1a \u2013 con 200 GW de datos sobre el sector y casi 20.000 a\u00f1os\/turbinas \u2013 a pesar de estar reci\u00e9n llegados al mercado ib\u00e9rico, proporcionando sus servicios a varios parques e\u00f3licos onshore de nuestro pa\u00eds.<\/p>\n\n\n\n<p><strong>Las energ\u00edas renovables en Espa\u00f1a<\/strong><\/p>\n\n\n\n<p>Siendo un l\u00edder europeo en la producci\u00f3n de energ\u00eda e\u00f3lica, Espa\u00f1a ha anunciado su intenci\u00f3n de generar el 74% de su electricidad a partir de fuentes renovables para el a\u00f1o 2030. Nuestro pa\u00eds prev\u00e9 para 2030 producir 39 GW de energ\u00eda fotovoltaica, 50 GW de e\u00f3lica terrestre, 3 GW de e\u00f3lica marina en instalaciones flotantes offshore y entre 40 y 60 MW de diversos tipos de energ\u00eda mar\u00edtima. Esto ha hecho de Espa\u00f1a un pa\u00eds puntero en la transici\u00f3n hacia la energ\u00eda verde y un mercado atractivo para los promotores.<\/p>\n\n\n\n<p>Para alcanzar estos ambiciosos objetivos y garantizar que las inversiones sean las mejores de su categor\u00eda, los propietarios deben utilizar datos evidenciados para mejorar las hip\u00f3tesis de los modelos financieros e impulsar el valor de los activos.<\/p>\n\n\n\n<p><strong>El poder de la inteligencia de mercado<\/strong><\/p>\n\n\n\n<figure class=\"wp-block-image size-large\"><img decoding=\"async\" width=\"1024\" height=\"661\" src=\"https:\/\/aeeolica.org\/wp-content\/uploads\/2023\/01\/Turbine_Availability_Diagram-1024x661.png\" alt=\"\" class=\"wp-image-104163\" srcset=\"https:\/\/aeeolica.org\/wp-content\/uploads\/2023\/01\/Turbine_Availability_Diagram-980x633.png 980w, https:\/\/aeeolica.org\/wp-content\/uploads\/2023\/01\/Turbine_Availability_Diagram-480x310.png 480w\" sizes=\"(min-width: 0px) and (max-width: 480px) 480px, (min-width: 481px) and (max-width: 980px) 980px, (min-width: 981px) 1024px, 100vw\" \/><\/figure>\n\n\n\n<p>Clir ha reunido el mayor conjunto de datos del sector, con 200 GW de datos operativos y otros procedentes de reclamaciones energ\u00eda e\u00f3lica, solar, as\u00ed como de cat\u00e1strofes naturales. Esto permite a Clir ofrecer una perspectiva \u00fanica sobre los riesgos y los problemas de rendimiento que se puedan mitigar.<\/p>\n\n\n\n<p>Habiendo trabajado en estrecha colaboraci\u00f3n con numerosos propietarios y operadores, Clir ha identificado que es posible disminuir en torno a tres cuartas partes de esas p\u00e9rdidas mediante los trabajos t\u00e9cnicos y contractuales apropiados.<\/p>\n\n\n\n<p>Clir utiliza datos del sector para entender problemas comunes a distintas regiones y estrategias de los OEMs y estrategias de operaci\u00f3n y mantenimiento. Junto con algoritmos de aprendizaje autom\u00e1tico para mejorar los datos y la experiencia en el sector a lo largo del ciclo de vida de sus proyectos, los clientes obtienen informaci\u00f3n e ideas basadas en datos al comparar caracter\u00edsticas de su cartera con las de otros pares del sector. Los conocimientos y aprendizajes adquiridos a partir del conjunto de datos de todo el sector permiten identificar eficazmente los problemas para mejorar la econom\u00eda de los proyectos de energ\u00eda e\u00f3lica y solar.&nbsp;<\/p>\n\n\n\n<p><strong>Entrada de Clir en el mercado<\/strong><\/p>\n\n\n\n<p>Tras su reciente entrada en el mercado ib\u00e9rico, Clir ya ha evaluado comparativamente el rendimiento de m\u00e1s de 200 MW de activos e\u00f3licos en la regi\u00f3n. Recientemente, Clir ha sido designada por un gestor de activos de parques e\u00f3licos espa\u00f1oles con m\u00e1s de 90 MW de activos para realizar una evaluaci\u00f3n comparativa del rendimiento de sus activos con el fin de identificar fallos, mitigar riesgos y aumentar la producci\u00f3n para mejorar la rentabilidad de la inversi\u00f3n.<\/p>\n\n\n\n<p>El cliente utilizar\u00e1 Clir Portfolio, que aprovecha los datos de inteligencia de mercado para identificar oportunidades de optimizaci\u00f3n t\u00e9cnica y financiera con el fin de conseguir \u00e9xitos de cartera. Gracias a esos conocimientos del mercado, al benchmarking sectorial y a la optimizaci\u00f3n y gesti\u00f3n de riesgos, los clientes disponen de una base para investigar e implementar oportunidades con el fin de conseguir una optimizaci\u00f3n t\u00e9cnica y financiera. Adem\u00e1s de una mayor producci\u00f3n anual de energ\u00eda, proporcionan hip\u00f3tesis robustas y realistas a lo largo de la vida \u00fatil del proyecto, lo que conduce a mejores suposiciones del modelo financiero.<\/p>\n\n\n\n<p>Clir Portfolio clasifica los activos en tres categor\u00edas: salud, rendimiento y calidad de los datos, lo cual puede ayudar a los clientes a entender cu\u00e1les son los problemas de bajo rendimiento que se pueden resolver y cu\u00e1les se escapan a su control. Tambi\u00e9n ayuda a los propietarios a entender qu\u00e9 p\u00e9rdidas son normales respecto a las del sector en general y las de otros parques en particular. Los datos de siniestros debidos a cat\u00e1strofes naturales permiten a los clientes entender los riesgos climatol\u00f3gicos extremos a los que est\u00e1n sometidos los activos, as\u00ed como determinar si estos est\u00e1n funcionando dentro de los l\u00edmites dise\u00f1ados. Finalmente, al entender y resolver los problemas relativos a los datos, los propietarios pueden confeccionar informes precisos y exactos, lo cual permitir\u00e1 realizar una r\u00e1pida identificaci\u00f3n de las causas de fondo de ese bajo rendimiento.<\/p>\n\n\n\n<p>La presencia de Clir en el Mercado espa\u00f1ol garantiza que la regi\u00f3n pueda aprovechar toda la gama de soluciones de Clir. <a href=\"https:\/\/www.clir.eco\/clir-risk\">Clir Risk<\/a> proporciona una evaluaci\u00f3n precisa de la salud y los riesgos de los activos, junto con un marco para su mitigaci\u00f3n, utilizando para ello datos sobre siniestros e\u00f3licos, solares y cat\u00e1strofes naturales. <a href=\"https:\/\/www.clir.eco\/clir-portfolio\">Clir M&amp;A<\/a> ofrece un proceso de adquisiciones y ventas competitivo y basado en datos, proporcionando informaci\u00f3n y permitiendo detectar oportunidades, riesgos y valores de los activos.<\/p>\n\n\n\n<p>Lanzado en 2023, el producto de Clir para la fase de pre-construcci\u00f3n permitir\u00e1 a los propietarios tomar decisiones de construcci\u00f3n m\u00e1s inteligentes y basadas en datos.<\/p>\n\n\n\n<figure class=\"wp-block-image size-large\"><img decoding=\"async\" width=\"1024\" height=\"661\" src=\"https:\/\/aeeolica.org\/wp-content\/uploads\/2023\/01\/Wind_Farm_Lightning_Claims-1-1024x661.png\" alt=\"\" class=\"wp-image-104165\" srcset=\"https:\/\/aeeolica.org\/wp-content\/uploads\/2023\/01\/Wind_Farm_Lightning_Claims-1-980x633.png 980w, https:\/\/aeeolica.org\/wp-content\/uploads\/2023\/01\/Wind_Farm_Lightning_Claims-1-480x310.png 480w\" sizes=\"(min-width: 0px) and (max-width: 480px) 480px, (min-width: 481px) and (max-width: 980px) 980px, (min-width: 981px) 1024px, 100vw\" \/><\/figure>\n\n\n\n<p>Sobre la entrada en el mercado espa\u00f1ol, Paula Bellsol\u00e1, responsable de Clir Renewables para Iberia, ha declarado: &#8220;Estamos encantados de entrar en el mercado espa\u00f1ol a trav\u00e9s de nuestros recientes nombramientos. Nuestra capacidad para utilizar los datos de benchmarking de la industria para identificar oportunidades de optimizaci\u00f3n y apoyar la toma de decisiones financieras ser\u00e1 crucial para apoyar a los propietarios y promotores de activos en toda la Pen\u00ednsula Ib\u00e9rica en sus esfuerzos por alcanzar los compromisos de neutralidad de carbono de sus pa\u00edses para 2050.&#8221;<\/p>\n\n\n\n<p><a href=\"https:\/\/www.repsol.com\/content\/dam\/repsol-corporate\/es\/sala-de-prensa\/documentos-notas-de-prensa\/2022\/np161222-repsol-asterion-energies.pdf\" target=\"_blank\" rel=\"noreferrer noopener\"><\/a><\/p>\n","protected":false},"excerpt":{"rendered":"<p>Las inversiones en energ\u00edas renovables siguen dispar\u00e1ndose en toda Espa\u00f1a, constituyendo un tercio de toda la producci\u00f3n energ\u00e9tica a nivel nacional.<\/p>\n","protected":false},"author":2,"featured_media":104163,"comment_status":"open","ping_status":"open","sticky":false,"template":"","format":"standard","meta":{"_acf_changed":false,"_bbp_topic_count":0,"_bbp_reply_count":0,"_bbp_total_topic_count":0,"_bbp_total_reply_count":0,"_bbp_voice_count":0,"_bbp_anonymous_reply_count":0,"_bbp_topic_count_hidden":0,"_bbp_reply_count_hidden":0,"_bbp_forum_subforum_count":0,"_et_pb_use_builder":"","_et_pb_old_content":"","_et_gb_content_width":"","footnotes":""},"categories":[450],"tags":[],"class_list":["post-104161","post","type-post","status-publish","format-standard","has-post-thumbnail","hentry","category-newsletter-enero-2023"],"acf":[],"yoast_head":"<!-- This site is optimized with the Yoast SEO plugin v27.4 - https:\/\/yoast.com\/product\/yoast-seo-wordpress\/ -->\n<title>Clir Renewables anuncia su entrada al Mercado Ib\u00e9rico - Asociaci\u00f3n Empresarial E\u00f3lica<\/title>\n<meta name=\"robots\" content=\"index, follow, max-snippet:-1, max-image-preview:large, max-video-preview:-1\" \/>\n<link rel=\"canonical\" href=\"https:\/\/aeeolica.org\/clir-renewables-anuncia-su-entrada-al-mercado-iberico\/\" \/>\n<meta property=\"og:locale\" content=\"en_US\" \/>\n<meta property=\"og:type\" content=\"article\" \/>\n<meta property=\"og:title\" content=\"Clir Renewables anuncia su entrada al Mercado Ib\u00e9rico - Asociaci\u00f3n Empresarial E\u00f3lica\" \/>\n<meta property=\"og:description\" content=\"Las inversiones en energ\u00edas renovables siguen dispar\u00e1ndose en toda Espa\u00f1a, constituyendo un tercio de toda la producci\u00f3n energ\u00e9tica a nivel nacional.\" \/>\n<meta property=\"og:url\" content=\"https:\/\/aeeolica.org\/clir-renewables-anuncia-su-entrada-al-mercado-iberico\/\" \/>\n<meta property=\"og:site_name\" content=\"Asociaci\u00f3n Empresarial E\u00f3lica\" \/>\n<meta property=\"article:publisher\" content=\"https:\/\/www.facebook.com\/aeeolica\" \/>\n<meta property=\"article:published_time\" content=\"2023-01-31T16:16:21+00:00\" \/>\n<meta property=\"article:modified_time\" content=\"2023-03-10T11:00:44+00:00\" \/>\n<meta property=\"og:image\" content=\"https:\/\/aeeolica.org\/wp-content\/uploads\/2023\/01\/Turbine_Availability_Diagram.png\" \/>\n\t<meta property=\"og:image:width\" content=\"2448\" \/>\n\t<meta property=\"og:image:height\" content=\"1580\" \/>\n\t<meta property=\"og:image:type\" content=\"image\/png\" \/>\n<meta name=\"author\" content=\"Morante D\u00edaz, Mar\u00eda del Mar\" \/>\n<meta name=\"twitter:card\" content=\"summary_large_image\" \/>\n<meta name=\"twitter:creator\" content=\"@aeeolica\" \/>\n<meta name=\"twitter:site\" content=\"@aeeolica\" \/>\n<meta name=\"twitter:label1\" content=\"Written by\" \/>\n\t<meta name=\"twitter:data1\" content=\"Morante D\u00edaz, Mar\u00eda del Mar\" \/>\n\t<meta name=\"twitter:label2\" content=\"Est. reading time\" \/>\n\t<meta name=\"twitter:data2\" content=\"6 minutes\" \/>\n<script type=\"application\/ld+json\" class=\"yoast-schema-graph\">{\"@context\":\"https:\\\/\\\/schema.org\",\"@graph\":[{\"@type\":\"Article\",\"@id\":\"https:\\\/\\\/aeeolica.org\\\/clir-renewables-anuncia-su-entrada-al-mercado-iberico\\\/#article\",\"isPartOf\":{\"@id\":\"https:\\\/\\\/aeeolica.org\\\/clir-renewables-anuncia-su-entrada-al-mercado-iberico\\\/\"},\"author\":{\"name\":\"Morante D\u00edaz, Mar\u00eda del Mar\",\"@id\":\"https:\\\/\\\/aeeolica.org\\\/#\\\/schema\\\/person\\\/064b26f21f7ed52e0b3854e6b52f9772\"},\"headline\":\"Clir Renewables anuncia su entrada al Mercado Ib\u00e9rico\",\"datePublished\":\"2023-01-31T16:16:21+00:00\",\"dateModified\":\"2023-03-10T11:00:44+00:00\",\"mainEntityOfPage\":{\"@id\":\"https:\\\/\\\/aeeolica.org\\\/clir-renewables-anuncia-su-entrada-al-mercado-iberico\\\/\"},\"wordCount\":1157,\"commentCount\":4,\"publisher\":{\"@id\":\"https:\\\/\\\/aeeolica.org\\\/#organization\"},\"image\":{\"@id\":\"https:\\\/\\\/aeeolica.org\\\/clir-renewables-anuncia-su-entrada-al-mercado-iberico\\\/#primaryimage\"},\"thumbnailUrl\":\"https:\\\/\\\/aeeolica.org\\\/wp-content\\\/uploads\\\/2023\\\/01\\\/Turbine_Availability_Diagram.png\",\"articleSection\":[\"Newsletter Enero 2023\"],\"inLanguage\":\"en-US\",\"potentialAction\":[{\"@type\":\"CommentAction\",\"name\":\"Comment\",\"target\":[\"https:\\\/\\\/aeeolica.org\\\/clir-renewables-anuncia-su-entrada-al-mercado-iberico\\\/#respond\"]}]},{\"@type\":\"WebPage\",\"@id\":\"https:\\\/\\\/aeeolica.org\\\/clir-renewables-anuncia-su-entrada-al-mercado-iberico\\\/\",\"url\":\"https:\\\/\\\/aeeolica.org\\\/clir-renewables-anuncia-su-entrada-al-mercado-iberico\\\/\",\"name\":\"Clir Renewables anuncia su entrada al Mercado Ib\u00e9rico - Asociaci\u00f3n Empresarial E\u00f3lica\",\"isPartOf\":{\"@id\":\"https:\\\/\\\/aeeolica.org\\\/#website\"},\"primaryImageOfPage\":{\"@id\":\"https:\\\/\\\/aeeolica.org\\\/clir-renewables-anuncia-su-entrada-al-mercado-iberico\\\/#primaryimage\"},\"image\":{\"@id\":\"https:\\\/\\\/aeeolica.org\\\/clir-renewables-anuncia-su-entrada-al-mercado-iberico\\\/#primaryimage\"},\"thumbnailUrl\":\"https:\\\/\\\/aeeolica.org\\\/wp-content\\\/uploads\\\/2023\\\/01\\\/Turbine_Availability_Diagram.png\",\"datePublished\":\"2023-01-31T16:16:21+00:00\",\"dateModified\":\"2023-03-10T11:00:44+00:00\",\"breadcrumb\":{\"@id\":\"https:\\\/\\\/aeeolica.org\\\/clir-renewables-anuncia-su-entrada-al-mercado-iberico\\\/#breadcrumb\"},\"inLanguage\":\"en-US\",\"potentialAction\":[{\"@type\":\"ReadAction\",\"target\":[\"https:\\\/\\\/aeeolica.org\\\/clir-renewables-anuncia-su-entrada-al-mercado-iberico\\\/\"]}]},{\"@type\":\"ImageObject\",\"inLanguage\":\"en-US\",\"@id\":\"https:\\\/\\\/aeeolica.org\\\/clir-renewables-anuncia-su-entrada-al-mercado-iberico\\\/#primaryimage\",\"url\":\"https:\\\/\\\/aeeolica.org\\\/wp-content\\\/uploads\\\/2023\\\/01\\\/Turbine_Availability_Diagram.png\",\"contentUrl\":\"https:\\\/\\\/aeeolica.org\\\/wp-content\\\/uploads\\\/2023\\\/01\\\/Turbine_Availability_Diagram.png\",\"width\":2448,\"height\":1580},{\"@type\":\"BreadcrumbList\",\"@id\":\"https:\\\/\\\/aeeolica.org\\\/clir-renewables-anuncia-su-entrada-al-mercado-iberico\\\/#breadcrumb\",\"itemListElement\":[{\"@type\":\"ListItem\",\"position\":1,\"name\":\"Portada\",\"item\":\"https:\\\/\\\/aeeolica.org\\\/en\\\/inicio\\\/\"},{\"@type\":\"ListItem\",\"position\":2,\"name\":\"Clir Renewables anuncia su entrada al Mercado Ib\u00e9rico\"}]},{\"@type\":\"WebSite\",\"@id\":\"https:\\\/\\\/aeeolica.org\\\/#website\",\"url\":\"https:\\\/\\\/aeeolica.org\\\/\",\"name\":\"Asociaci\u00f3n Empresarial E\u00f3lica\",\"description\":\"AEE Asociaci\u00f3n Empresarial E\u00f3lica\",\"publisher\":{\"@id\":\"https:\\\/\\\/aeeolica.org\\\/#organization\"},\"potentialAction\":[{\"@type\":\"SearchAction\",\"target\":{\"@type\":\"EntryPoint\",\"urlTemplate\":\"https:\\\/\\\/aeeolica.org\\\/?s={search_term_string}\"},\"query-input\":{\"@type\":\"PropertyValueSpecification\",\"valueRequired\":true,\"valueName\":\"search_term_string\"}}],\"inLanguage\":\"en-US\"},{\"@type\":\"Organization\",\"@id\":\"https:\\\/\\\/aeeolica.org\\\/#organization\",\"name\":\"Asociaci\u00f3n Empresarial E\u00f3lica\",\"url\":\"https:\\\/\\\/aeeolica.org\\\/\",\"logo\":{\"@type\":\"ImageObject\",\"inLanguage\":\"en-US\",\"@id\":\"https:\\\/\\\/aeeolica.org\\\/#\\\/schema\\\/logo\\\/image\\\/\",\"url\":\"https:\\\/\\\/aeeolica.org\\\/wp-content\\\/uploads\\\/2021\\\/08\\\/logo-aee.png\",\"contentUrl\":\"https:\\\/\\\/aeeolica.org\\\/wp-content\\\/uploads\\\/2021\\\/08\\\/logo-aee.png\",\"width\":180,\"height\":78,\"caption\":\"Asociaci\u00f3n Empresarial E\u00f3lica\"},\"image\":{\"@id\":\"https:\\\/\\\/aeeolica.org\\\/#\\\/schema\\\/logo\\\/image\\\/\"},\"sameAs\":[\"https:\\\/\\\/www.facebook.com\\\/aeeolica\",\"https:\\\/\\\/x.com\\\/aeeolica\",\"https:\\\/\\\/www.instagram.com\\\/aeeolica\\\/\",\"https:\\\/\\\/www.linkedin.com\\\/in\\\/aee-asociaci\u00f3n-empresarial-e\u00f3lica-6830946b\\\/\",\"https:\\\/\\\/www.youtube.com\\\/user\\\/AEEolica\"]},{\"@type\":\"Person\",\"@id\":\"https:\\\/\\\/aeeolica.org\\\/#\\\/schema\\\/person\\\/064b26f21f7ed52e0b3854e6b52f9772\",\"name\":\"Morante D\u00edaz, Mar\u00eda del Mar\",\"image\":{\"@type\":\"ImageObject\",\"inLanguage\":\"en-US\",\"@id\":\"https:\\\/\\\/secure.gravatar.com\\\/avatar\\\/8bfd23e1c4bf5aa0b9314f1c5c9d644e62672831e6a512513954c3f15dffdd5a?s=96&d=mm&r=g\",\"url\":\"https:\\\/\\\/secure.gravatar.com\\\/avatar\\\/8bfd23e1c4bf5aa0b9314f1c5c9d644e62672831e6a512513954c3f15dffdd5a?s=96&d=mm&r=g\",\"contentUrl\":\"https:\\\/\\\/secure.gravatar.com\\\/avatar\\\/8bfd23e1c4bf5aa0b9314f1c5c9d644e62672831e6a512513954c3f15dffdd5a?s=96&d=mm&r=g\",\"caption\":\"Morante D\u00edaz, Mar\u00eda del Mar\"},\"url\":\"https:\\\/\\\/aeeolica.org\\\/en\\\/author\\\/mar\\\/\"}]}<\/script>\n<!-- \/ Yoast SEO plugin. -->","yoast_head_json":{"title":"Clir Renewables anuncia su entrada al Mercado Ib\u00e9rico - Asociaci\u00f3n Empresarial E\u00f3lica","robots":{"index":"index","follow":"follow","max-snippet":"max-snippet:-1","max-image-preview":"max-image-preview:large","max-video-preview":"max-video-preview:-1"},"canonical":"https:\/\/aeeolica.org\/clir-renewables-anuncia-su-entrada-al-mercado-iberico\/","og_locale":"en_US","og_type":"article","og_title":"Clir Renewables anuncia su entrada al Mercado Ib\u00e9rico - Asociaci\u00f3n Empresarial E\u00f3lica","og_description":"Las inversiones en energ\u00edas renovables siguen dispar\u00e1ndose en toda Espa\u00f1a, constituyendo un tercio de toda la producci\u00f3n energ\u00e9tica a nivel nacional.","og_url":"https:\/\/aeeolica.org\/clir-renewables-anuncia-su-entrada-al-mercado-iberico\/","og_site_name":"Asociaci\u00f3n Empresarial E\u00f3lica","article_publisher":"https:\/\/www.facebook.com\/aeeolica","article_published_time":"2023-01-31T16:16:21+00:00","article_modified_time":"2023-03-10T11:00:44+00:00","og_image":[{"width":2448,"height":1580,"url":"https:\/\/aeeolica.org\/wp-content\/uploads\/2023\/01\/Turbine_Availability_Diagram.png","type":"image\/png"}],"author":"Morante D\u00edaz, Mar\u00eda del Mar","twitter_card":"summary_large_image","twitter_creator":"@aeeolica","twitter_site":"@aeeolica","twitter_misc":{"Written by":"Morante D\u00edaz, Mar\u00eda del Mar","Est. reading time":"6 minutes"},"schema":{"@context":"https:\/\/schema.org","@graph":[{"@type":"Article","@id":"https:\/\/aeeolica.org\/clir-renewables-anuncia-su-entrada-al-mercado-iberico\/#article","isPartOf":{"@id":"https:\/\/aeeolica.org\/clir-renewables-anuncia-su-entrada-al-mercado-iberico\/"},"author":{"name":"Morante D\u00edaz, Mar\u00eda del Mar","@id":"https:\/\/aeeolica.org\/#\/schema\/person\/064b26f21f7ed52e0b3854e6b52f9772"},"headline":"Clir Renewables anuncia su entrada al Mercado Ib\u00e9rico","datePublished":"2023-01-31T16:16:21+00:00","dateModified":"2023-03-10T11:00:44+00:00","mainEntityOfPage":{"@id":"https:\/\/aeeolica.org\/clir-renewables-anuncia-su-entrada-al-mercado-iberico\/"},"wordCount":1157,"commentCount":4,"publisher":{"@id":"https:\/\/aeeolica.org\/#organization"},"image":{"@id":"https:\/\/aeeolica.org\/clir-renewables-anuncia-su-entrada-al-mercado-iberico\/#primaryimage"},"thumbnailUrl":"https:\/\/aeeolica.org\/wp-content\/uploads\/2023\/01\/Turbine_Availability_Diagram.png","articleSection":["Newsletter Enero 2023"],"inLanguage":"en-US","potentialAction":[{"@type":"CommentAction","name":"Comment","target":["https:\/\/aeeolica.org\/clir-renewables-anuncia-su-entrada-al-mercado-iberico\/#respond"]}]},{"@type":"WebPage","@id":"https:\/\/aeeolica.org\/clir-renewables-anuncia-su-entrada-al-mercado-iberico\/","url":"https:\/\/aeeolica.org\/clir-renewables-anuncia-su-entrada-al-mercado-iberico\/","name":"Clir Renewables anuncia su entrada al Mercado Ib\u00e9rico - Asociaci\u00f3n Empresarial E\u00f3lica","isPartOf":{"@id":"https:\/\/aeeolica.org\/#website"},"primaryImageOfPage":{"@id":"https:\/\/aeeolica.org\/clir-renewables-anuncia-su-entrada-al-mercado-iberico\/#primaryimage"},"image":{"@id":"https:\/\/aeeolica.org\/clir-renewables-anuncia-su-entrada-al-mercado-iberico\/#primaryimage"},"thumbnailUrl":"https:\/\/aeeolica.org\/wp-content\/uploads\/2023\/01\/Turbine_Availability_Diagram.png","datePublished":"2023-01-31T16:16:21+00:00","dateModified":"2023-03-10T11:00:44+00:00","breadcrumb":{"@id":"https:\/\/aeeolica.org\/clir-renewables-anuncia-su-entrada-al-mercado-iberico\/#breadcrumb"},"inLanguage":"en-US","potentialAction":[{"@type":"ReadAction","target":["https:\/\/aeeolica.org\/clir-renewables-anuncia-su-entrada-al-mercado-iberico\/"]}]},{"@type":"ImageObject","inLanguage":"en-US","@id":"https:\/\/aeeolica.org\/clir-renewables-anuncia-su-entrada-al-mercado-iberico\/#primaryimage","url":"https:\/\/aeeolica.org\/wp-content\/uploads\/2023\/01\/Turbine_Availability_Diagram.png","contentUrl":"https:\/\/aeeolica.org\/wp-content\/uploads\/2023\/01\/Turbine_Availability_Diagram.png","width":2448,"height":1580},{"@type":"BreadcrumbList","@id":"https:\/\/aeeolica.org\/clir-renewables-anuncia-su-entrada-al-mercado-iberico\/#breadcrumb","itemListElement":[{"@type":"ListItem","position":1,"name":"Portada","item":"https:\/\/aeeolica.org\/en\/inicio\/"},{"@type":"ListItem","position":2,"name":"Clir Renewables anuncia su entrada al Mercado Ib\u00e9rico"}]},{"@type":"WebSite","@id":"https:\/\/aeeolica.org\/#website","url":"https:\/\/aeeolica.org\/","name":"Asociaci\u00f3n Empresarial E\u00f3lica","description":"AEE Asociaci\u00f3n Empresarial E\u00f3lica","publisher":{"@id":"https:\/\/aeeolica.org\/#organization"},"potentialAction":[{"@type":"SearchAction","target":{"@type":"EntryPoint","urlTemplate":"https:\/\/aeeolica.org\/?s={search_term_string}"},"query-input":{"@type":"PropertyValueSpecification","valueRequired":true,"valueName":"search_term_string"}}],"inLanguage":"en-US"},{"@type":"Organization","@id":"https:\/\/aeeolica.org\/#organization","name":"Asociaci\u00f3n Empresarial E\u00f3lica","url":"https:\/\/aeeolica.org\/","logo":{"@type":"ImageObject","inLanguage":"en-US","@id":"https:\/\/aeeolica.org\/#\/schema\/logo\/image\/","url":"https:\/\/aeeolica.org\/wp-content\/uploads\/2021\/08\/logo-aee.png","contentUrl":"https:\/\/aeeolica.org\/wp-content\/uploads\/2021\/08\/logo-aee.png","width":180,"height":78,"caption":"Asociaci\u00f3n Empresarial E\u00f3lica"},"image":{"@id":"https:\/\/aeeolica.org\/#\/schema\/logo\/image\/"},"sameAs":["https:\/\/www.facebook.com\/aeeolica","https:\/\/x.com\/aeeolica","https:\/\/www.instagram.com\/aeeolica\/","https:\/\/www.linkedin.com\/in\/aee-asociaci\u00f3n-empresarial-e\u00f3lica-6830946b\/","https:\/\/www.youtube.com\/user\/AEEolica"]},{"@type":"Person","@id":"https:\/\/aeeolica.org\/#\/schema\/person\/064b26f21f7ed52e0b3854e6b52f9772","name":"Morante D\u00edaz, Mar\u00eda del Mar","image":{"@type":"ImageObject","inLanguage":"en-US","@id":"https:\/\/secure.gravatar.com\/avatar\/8bfd23e1c4bf5aa0b9314f1c5c9d644e62672831e6a512513954c3f15dffdd5a?s=96&d=mm&r=g","url":"https:\/\/secure.gravatar.com\/avatar\/8bfd23e1c4bf5aa0b9314f1c5c9d644e62672831e6a512513954c3f15dffdd5a?s=96&d=mm&r=g","contentUrl":"https:\/\/secure.gravatar.com\/avatar\/8bfd23e1c4bf5aa0b9314f1c5c9d644e62672831e6a512513954c3f15dffdd5a?s=96&d=mm&r=g","caption":"Morante D\u00edaz, Mar\u00eda del Mar"},"url":"https:\/\/aeeolica.org\/en\/author\/mar\/"}]}},"_links":{"self":[{"href":"https:\/\/aeeolica.org\/en\/wp-json\/wp\/v2\/posts\/104161","targetHints":{"allow":["GET"]}}],"collection":[{"href":"https:\/\/aeeolica.org\/en\/wp-json\/wp\/v2\/posts"}],"about":[{"href":"https:\/\/aeeolica.org\/en\/wp-json\/wp\/v2\/types\/post"}],"author":[{"embeddable":true,"href":"https:\/\/aeeolica.org\/en\/wp-json\/wp\/v2\/users\/2"}],"replies":[{"embeddable":true,"href":"https:\/\/aeeolica.org\/en\/wp-json\/wp\/v2\/comments?post=104161"}],"version-history":[{"count":0,"href":"https:\/\/aeeolica.org\/en\/wp-json\/wp\/v2\/posts\/104161\/revisions"}],"wp:featuredmedia":[{"embeddable":true,"href":"https:\/\/aeeolica.org\/en\/wp-json\/wp\/v2\/media\/104163"}],"wp:attachment":[{"href":"https:\/\/aeeolica.org\/en\/wp-json\/wp\/v2\/media?parent=104161"}],"wp:term":[{"taxonomy":"category","embeddable":true,"href":"https:\/\/aeeolica.org\/en\/wp-json\/wp\/v2\/categories?post=104161"},{"taxonomy":"post_tag","embeddable":true,"href":"https:\/\/aeeolica.org\/en\/wp-json\/wp\/v2\/tags?post=104161"}],"curies":[{"name":"wp","href":"https:\/\/api.w.org\/{rel}","templated":true}]}}