{"id":13804,"date":"2018-01-26T00:00:00","date_gmt":"2018-01-26T00:00:00","guid":{"rendered":"https:\/\/aeeolica.org\/la-urgencia-de-una-transicion-energetica-que-incluya-acciones-en-todos-los-sectores-por-heikki-willstedt-director-de-politicas-energeticas-y-cambio-climatico-de-aee\/"},"modified":"2018-01-30T00:00:00","modified_gmt":"2018-01-30T00:00:00","slug":"la-urgencia-de-una-transicion-energetica-que-incluya-acciones-en-todos-los-sectores-por-heikki-willstedt-director-de-politicas-energeticas-y-cambio-climatico-de-aee","status":"publish","type":"post","link":"https:\/\/aeeolica.org\/en\/la-urgencia-de-una-transicion-energetica-que-incluya-acciones-en-todos-los-sectores-por-heikki-willstedt-director-de-politicas-energeticas-y-cambio-climatico-de-aee\/","title":{"rendered":"La urgencia de una transici\u00f3n energ\u00e9tica que incluya acciones en todos los sectores. Por Heikki Willstedt, director de Pol\u00edticas Energ\u00e9ticas y Cambio Clim\u00e1tico de AEE"},"content":{"rendered":"<p>Las emisiones de CO2 aumentan con el crecimiento del PIB haciendo urgente la puest\u00e1 en marcha de medidas de transici\u00f3n energ\u00e9tica en todos los sectores, m\u00e1s all\u00e1 de las subastas renovables del sector el\u00e9ctrico. Lo advierte Heikki Willstedt, director de Pol\u00edticas Energ\u00e9ticas y Cambio Clim\u00e1tico de AEE, en est\u00e1 art\u00edculo de opini\u00f3n.<\/p>\n<p>Fuente: ENERG\u00cdAS RENOVABLES<\/p>\n<p><img decoding=\"async\" class=\" size-full wp-image-12099\" src=\"https:\/\/aeeolica.org\/wp-content\/uploads\/2018\/01\/ico_pdf.jpg\" alt=\"\" width=\"16\" height=\"16\" \/> <a href=\"https:\/\/aeeolica.org\/wp-content\/uploads\/2018\/01\/180126_ENERGIAS_RENOVABLES_La_urgencia_de_una_transicion_energetica_que_incluya_acciones_en_todos_los_sectores.pdf\">Descargar documento<\/a><\/p>\n","protected":false},"excerpt":{"rendered":"<p>Las emisiones de CO2 aumentan con el crecimiento del PIB haciendo urgente la puest\u00e1 en marcha de medidas de transici\u00f3n energ\u00e9tica en todos los sectores, m\u00e1s all\u00e1 de las subastas [&hellip;]<\/p>\n","protected":false},"author":1,"featured_media":0,"comment_status":"open","ping_status":"open","sticky":false,"template":"","format":"standard","meta":{"_acf_changed":false,"_bbp_topic_count":0,"_bbp_reply_count":0,"_bbp_total_topic_count":0,"_bbp_total_reply_count":0,"_bbp_voice_count":0,"_bbp_anonymous_reply_count":0,"_bbp_topic_count_hidden":0,"_bbp_reply_count_hidden":0,"_bbp_forum_subforum_count":0,"_et_pb_use_builder":"","_et_pb_old_content":"","_et_gb_content_width":"","footnotes":""},"categories":[223],"tags":[],"class_list":["post-13804","post","type-post","status-publish","format-standard","hentry","category-aee-opina"],"acf":[],"yoast_head":"<!-- This site is optimized with the Yoast SEO plugin v27.4 - https:\/\/yoast.com\/product\/yoast-seo-wordpress\/ -->\n<title>La urgencia de una transici\u00f3n energ\u00e9tica que incluya acciones en todos los sectores. Por Heikki Willstedt, director de Pol\u00edticas Energ\u00e9ticas y Cambio Clim\u00e1tico de AEE - Asociaci\u00f3n Empresarial E\u00f3lica<\/title>\n<meta name=\"description\" content=\"30145, La urgencia de una transici\u00f3n energ\u00e9tica que incluya acciones en todos los sectores. Por Heikki Willstedt, director de Pol\u00edticas Energ\u00e9ticas y Cambio Clim\u00e1tico de AEE,\" \/>\n<meta name=\"robots\" content=\"index, follow, max-snippet:-1, max-image-preview:large, max-video-preview:-1\" \/>\n<link rel=\"canonical\" href=\"https:\/\/aeeolica.org\/la-urgencia-de-una-transicion-energetica-que-incluya-acciones-en-todos-los-sectores-por-heikki-willstedt-director-de-politicas-energeticas-y-cambio-climatico-de-aee\/\" \/>\n<meta property=\"og:locale\" content=\"en_US\" \/>\n<meta property=\"og:type\" content=\"article\" \/>\n<meta property=\"og:title\" content=\"La urgencia de una transici\u00f3n energ\u00e9tica que incluya acciones en todos los sectores. Por Heikki Willstedt, director de Pol\u00edticas Energ\u00e9ticas y Cambio Clim\u00e1tico de AEE - Asociaci\u00f3n Empresarial E\u00f3lica\" \/>\n<meta property=\"og:description\" content=\"30145, La urgencia de una transici\u00f3n energ\u00e9tica que incluya acciones en todos los sectores. Por Heikki Willstedt, director de Pol\u00edticas Energ\u00e9ticas y Cambio Clim\u00e1tico de AEE,\" \/>\n<meta property=\"og:url\" content=\"https:\/\/aeeolica.org\/la-urgencia-de-una-transicion-energetica-que-incluya-acciones-en-todos-los-sectores-por-heikki-willstedt-director-de-politicas-energeticas-y-cambio-climatico-de-aee\/\" \/>\n<meta property=\"og:site_name\" content=\"Asociaci\u00f3n Empresarial E\u00f3lica\" \/>\n<meta property=\"article:publisher\" content=\"https:\/\/www.facebook.com\/aeeolica\" \/>\n<meta property=\"article:published_time\" content=\"2018-01-26T00:00:00+00:00\" \/>\n<meta property=\"article:modified_time\" content=\"2018-01-30T00:00:00+00:00\" \/>\n<meta property=\"og:image\" content=\"https:\/\/aeeolica.org\/wp-content\/uploads\/2018\/01\/ico_pdf.jpg\" \/>\n<meta name=\"author\" content=\"Vicent\" \/>\n<meta name=\"twitter:card\" content=\"summary_large_image\" \/>\n<meta name=\"twitter:creator\" content=\"@aeeolica\" \/>\n<meta name=\"twitter:site\" content=\"@aeeolica\" \/>\n<meta name=\"twitter:label1\" content=\"Written by\" \/>\n\t<meta name=\"twitter:data1\" content=\"Vicent\" \/>\n<script type=\"application\/ld+json\" class=\"yoast-schema-graph\">{\"@context\":\"https:\\\/\\\/schema.org\",\"@graph\":[{\"@type\":\"Article\",\"@id\":\"https:\\\/\\\/aeeolica.org\\\/la-urgencia-de-una-transicion-energetica-que-incluya-acciones-en-todos-los-sectores-por-heikki-willstedt-director-de-politicas-energeticas-y-cambio-climatico-de-aee\\\/#article\",\"isPartOf\":{\"@id\":\"https:\\\/\\\/aeeolica.org\\\/la-urgencia-de-una-transicion-energetica-que-incluya-acciones-en-todos-los-sectores-por-heikki-willstedt-director-de-politicas-energeticas-y-cambio-climatico-de-aee\\\/\"},\"author\":{\"name\":\"Vicent\",\"@id\":\"https:\\\/\\\/aeeolica.org\\\/#\\\/schema\\\/person\\\/6a2517a04d4939d7b273a97e03ad2754\"},\"headline\":\"La urgencia de una transici\u00f3n energ\u00e9tica que incluya acciones en todos los sectores. Por Heikki Willstedt, director de Pol\u00edticas Energ\u00e9ticas y Cambio Clim\u00e1tico de AEE\",\"datePublished\":\"2018-01-26T00:00:00+00:00\",\"dateModified\":\"2018-01-30T00:00:00+00:00\",\"mainEntityOfPage\":{\"@id\":\"https:\\\/\\\/aeeolica.org\\\/la-urgencia-de-una-transicion-energetica-que-incluya-acciones-en-todos-los-sectores-por-heikki-willstedt-director-de-politicas-energeticas-y-cambio-climatico-de-aee\\\/\"},\"wordCount\":97,\"commentCount\":0,\"publisher\":{\"@id\":\"https:\\\/\\\/aeeolica.org\\\/#organization\"},\"image\":{\"@id\":\"https:\\\/\\\/aeeolica.org\\\/la-urgencia-de-una-transicion-energetica-que-incluya-acciones-en-todos-los-sectores-por-heikki-willstedt-director-de-politicas-energeticas-y-cambio-climatico-de-aee\\\/#primaryimage\"},\"thumbnailUrl\":\"https:\\\/\\\/aeeolica.org\\\/wp-content\\\/uploads\\\/2018\\\/01\\\/ico_pdf.jpg\",\"articleSection\":[\"AEE Opina\"],\"inLanguage\":\"en-US\",\"potentialAction\":[{\"@type\":\"CommentAction\",\"name\":\"Comment\",\"target\":[\"https:\\\/\\\/aeeolica.org\\\/la-urgencia-de-una-transicion-energetica-que-incluya-acciones-en-todos-los-sectores-por-heikki-willstedt-director-de-politicas-energeticas-y-cambio-climatico-de-aee\\\/#respond\"]}]},{\"@type\":\"WebPage\",\"@id\":\"https:\\\/\\\/aeeolica.org\\\/la-urgencia-de-una-transicion-energetica-que-incluya-acciones-en-todos-los-sectores-por-heikki-willstedt-director-de-politicas-energeticas-y-cambio-climatico-de-aee\\\/\",\"url\":\"https:\\\/\\\/aeeolica.org\\\/la-urgencia-de-una-transicion-energetica-que-incluya-acciones-en-todos-los-sectores-por-heikki-willstedt-director-de-politicas-energeticas-y-cambio-climatico-de-aee\\\/\",\"name\":\"La urgencia de una transici\u00f3n energ\u00e9tica que incluya acciones en todos los sectores. Por Heikki Willstedt, director de Pol\u00edticas Energ\u00e9ticas y Cambio Clim\u00e1tico de AEE - Asociaci\u00f3n Empresarial E\u00f3lica\",\"isPartOf\":{\"@id\":\"https:\\\/\\\/aeeolica.org\\\/#website\"},\"primaryImageOfPage\":{\"@id\":\"https:\\\/\\\/aeeolica.org\\\/la-urgencia-de-una-transicion-energetica-que-incluya-acciones-en-todos-los-sectores-por-heikki-willstedt-director-de-politicas-energeticas-y-cambio-climatico-de-aee\\\/#primaryimage\"},\"image\":{\"@id\":\"https:\\\/\\\/aeeolica.org\\\/la-urgencia-de-una-transicion-energetica-que-incluya-acciones-en-todos-los-sectores-por-heikki-willstedt-director-de-politicas-energeticas-y-cambio-climatico-de-aee\\\/#primaryimage\"},\"thumbnailUrl\":\"https:\\\/\\\/aeeolica.org\\\/wp-content\\\/uploads\\\/2018\\\/01\\\/ico_pdf.jpg\",\"datePublished\":\"2018-01-26T00:00:00+00:00\",\"dateModified\":\"2018-01-30T00:00:00+00:00\",\"description\":\"30145, La urgencia de una transici\u00f3n energ\u00e9tica que incluya acciones en todos los sectores. Por Heikki Willstedt, director de Pol\u00edticas Energ\u00e9ticas y Cambio Clim\u00e1tico de AEE,\",\"breadcrumb\":{\"@id\":\"https:\\\/\\\/aeeolica.org\\\/la-urgencia-de-una-transicion-energetica-que-incluya-acciones-en-todos-los-sectores-por-heikki-willstedt-director-de-politicas-energeticas-y-cambio-climatico-de-aee\\\/#breadcrumb\"},\"inLanguage\":\"en-US\",\"potentialAction\":[{\"@type\":\"ReadAction\",\"target\":[\"https:\\\/\\\/aeeolica.org\\\/la-urgencia-de-una-transicion-energetica-que-incluya-acciones-en-todos-los-sectores-por-heikki-willstedt-director-de-politicas-energeticas-y-cambio-climatico-de-aee\\\/\"]}]},{\"@type\":\"ImageObject\",\"inLanguage\":\"en-US\",\"@id\":\"https:\\\/\\\/aeeolica.org\\\/la-urgencia-de-una-transicion-energetica-que-incluya-acciones-en-todos-los-sectores-por-heikki-willstedt-director-de-politicas-energeticas-y-cambio-climatico-de-aee\\\/#primaryimage\",\"url\":\"https:\\\/\\\/aeeolica.org\\\/wp-content\\\/uploads\\\/2018\\\/01\\\/ico_pdf.jpg\",\"contentUrl\":\"https:\\\/\\\/aeeolica.org\\\/wp-content\\\/uploads\\\/2018\\\/01\\\/ico_pdf.jpg\"},{\"@type\":\"BreadcrumbList\",\"@id\":\"https:\\\/\\\/aeeolica.org\\\/la-urgencia-de-una-transicion-energetica-que-incluya-acciones-en-todos-los-sectores-por-heikki-willstedt-director-de-politicas-energeticas-y-cambio-climatico-de-aee\\\/#breadcrumb\",\"itemListElement\":[{\"@type\":\"ListItem\",\"position\":1,\"name\":\"Portada\",\"item\":\"https:\\\/\\\/aeeolica.org\\\/en\\\/inicio\\\/\"},{\"@type\":\"ListItem\",\"position\":2,\"name\":\"La urgencia de una transici\u00f3n energ\u00e9tica que incluya acciones en todos los sectores. Por Heikki Willstedt, director de Pol\u00edticas Energ\u00e9ticas y Cambio Clim\u00e1tico de AEE\"}]},{\"@type\":\"WebSite\",\"@id\":\"https:\\\/\\\/aeeolica.org\\\/#website\",\"url\":\"https:\\\/\\\/aeeolica.org\\\/\",\"name\":\"Asociaci\u00f3n Empresarial E\u00f3lica\",\"description\":\"AEE Asociaci\u00f3n Empresarial E\u00f3lica\",\"publisher\":{\"@id\":\"https:\\\/\\\/aeeolica.org\\\/#organization\"},\"potentialAction\":[{\"@type\":\"SearchAction\",\"target\":{\"@type\":\"EntryPoint\",\"urlTemplate\":\"https:\\\/\\\/aeeolica.org\\\/?s={search_term_string}\"},\"query-input\":{\"@type\":\"PropertyValueSpecification\",\"valueRequired\":true,\"valueName\":\"search_term_string\"}}],\"inLanguage\":\"en-US\"},{\"@type\":\"Organization\",\"@id\":\"https:\\\/\\\/aeeolica.org\\\/#organization\",\"name\":\"Asociaci\u00f3n Empresarial E\u00f3lica\",\"url\":\"https:\\\/\\\/aeeolica.org\\\/\",\"logo\":{\"@type\":\"ImageObject\",\"inLanguage\":\"en-US\",\"@id\":\"https:\\\/\\\/aeeolica.org\\\/#\\\/schema\\\/logo\\\/image\\\/\",\"url\":\"https:\\\/\\\/aeeolica.org\\\/wp-content\\\/uploads\\\/2021\\\/08\\\/logo-aee.png\",\"contentUrl\":\"https:\\\/\\\/aeeolica.org\\\/wp-content\\\/uploads\\\/2021\\\/08\\\/logo-aee.png\",\"width\":180,\"height\":78,\"caption\":\"Asociaci\u00f3n Empresarial E\u00f3lica\"},\"image\":{\"@id\":\"https:\\\/\\\/aeeolica.org\\\/#\\\/schema\\\/logo\\\/image\\\/\"},\"sameAs\":[\"https:\\\/\\\/www.facebook.com\\\/aeeolica\",\"https:\\\/\\\/x.com\\\/aeeolica\",\"https:\\\/\\\/www.instagram.com\\\/aeeolica\\\/\",\"https:\\\/\\\/www.linkedin.com\\\/in\\\/aee-asociaci\u00f3n-empresarial-e\u00f3lica-6830946b\\\/\",\"https:\\\/\\\/www.youtube.com\\\/user\\\/AEEolica\"]},{\"@type\":\"Person\",\"@id\":\"https:\\\/\\\/aeeolica.org\\\/#\\\/schema\\\/person\\\/6a2517a04d4939d7b273a97e03ad2754\",\"name\":\"Vicent\",\"image\":{\"@type\":\"ImageObject\",\"inLanguage\":\"en-US\",\"@id\":\"https:\\\/\\\/secure.gravatar.com\\\/avatar\\\/9f0fea5e6bfa4d7107fbd7ea5e27d73cdca4f791f880e9f9f4171ecd42a7d395?s=96&d=mm&r=g\",\"url\":\"https:\\\/\\\/secure.gravatar.com\\\/avatar\\\/9f0fea5e6bfa4d7107fbd7ea5e27d73cdca4f791f880e9f9f4171ecd42a7d395?s=96&d=mm&r=g\",\"contentUrl\":\"https:\\\/\\\/secure.gravatar.com\\\/avatar\\\/9f0fea5e6bfa4d7107fbd7ea5e27d73cdca4f791f880e9f9f4171ecd42a7d395?s=96&d=mm&r=g\",\"caption\":\"Vicent\"},\"sameAs\":[\"https:\\\/\\\/aeeolica.org\"],\"url\":\"https:\\\/\\\/aeeolica.org\\\/en\\\/author\\\/vicent\\\/\"}]}<\/script>\n<!-- \/ Yoast SEO plugin. -->","yoast_head_json":{"title":"La urgencia de una transici\u00f3n energ\u00e9tica que incluya acciones en todos los sectores. Por Heikki Willstedt, director de Pol\u00edticas Energ\u00e9ticas y Cambio Clim\u00e1tico de AEE - Asociaci\u00f3n Empresarial E\u00f3lica","description":"30145, La urgencia de una transici\u00f3n energ\u00e9tica que incluya acciones en todos los sectores. Por Heikki Willstedt, director de Pol\u00edticas Energ\u00e9ticas y Cambio Clim\u00e1tico de AEE,","robots":{"index":"index","follow":"follow","max-snippet":"max-snippet:-1","max-image-preview":"max-image-preview:large","max-video-preview":"max-video-preview:-1"},"canonical":"https:\/\/aeeolica.org\/la-urgencia-de-una-transicion-energetica-que-incluya-acciones-en-todos-los-sectores-por-heikki-willstedt-director-de-politicas-energeticas-y-cambio-climatico-de-aee\/","og_locale":"en_US","og_type":"article","og_title":"La urgencia de una transici\u00f3n energ\u00e9tica que incluya acciones en todos los sectores. Por Heikki Willstedt, director de Pol\u00edticas Energ\u00e9ticas y Cambio Clim\u00e1tico de AEE - Asociaci\u00f3n Empresarial E\u00f3lica","og_description":"30145, La urgencia de una transici\u00f3n energ\u00e9tica que incluya acciones en todos los sectores. Por Heikki Willstedt, director de Pol\u00edticas Energ\u00e9ticas y Cambio Clim\u00e1tico de AEE,","og_url":"https:\/\/aeeolica.org\/la-urgencia-de-una-transicion-energetica-que-incluya-acciones-en-todos-los-sectores-por-heikki-willstedt-director-de-politicas-energeticas-y-cambio-climatico-de-aee\/","og_site_name":"Asociaci\u00f3n Empresarial E\u00f3lica","article_publisher":"https:\/\/www.facebook.com\/aeeolica","article_published_time":"2018-01-26T00:00:00+00:00","article_modified_time":"2018-01-30T00:00:00+00:00","og_image":[{"url":"https:\/\/aeeolica.org\/wp-content\/uploads\/2018\/01\/ico_pdf.jpg","type":"","width":"","height":""}],"author":"Vicent","twitter_card":"summary_large_image","twitter_creator":"@aeeolica","twitter_site":"@aeeolica","twitter_misc":{"Written by":"Vicent"},"schema":{"@context":"https:\/\/schema.org","@graph":[{"@type":"Article","@id":"https:\/\/aeeolica.org\/la-urgencia-de-una-transicion-energetica-que-incluya-acciones-en-todos-los-sectores-por-heikki-willstedt-director-de-politicas-energeticas-y-cambio-climatico-de-aee\/#article","isPartOf":{"@id":"https:\/\/aeeolica.org\/la-urgencia-de-una-transicion-energetica-que-incluya-acciones-en-todos-los-sectores-por-heikki-willstedt-director-de-politicas-energeticas-y-cambio-climatico-de-aee\/"},"author":{"name":"Vicent","@id":"https:\/\/aeeolica.org\/#\/schema\/person\/6a2517a04d4939d7b273a97e03ad2754"},"headline":"La urgencia de una transici\u00f3n energ\u00e9tica que incluya acciones en todos los sectores. Por Heikki Willstedt, director de Pol\u00edticas Energ\u00e9ticas y Cambio Clim\u00e1tico de AEE","datePublished":"2018-01-26T00:00:00+00:00","dateModified":"2018-01-30T00:00:00+00:00","mainEntityOfPage":{"@id":"https:\/\/aeeolica.org\/la-urgencia-de-una-transicion-energetica-que-incluya-acciones-en-todos-los-sectores-por-heikki-willstedt-director-de-politicas-energeticas-y-cambio-climatico-de-aee\/"},"wordCount":97,"commentCount":0,"publisher":{"@id":"https:\/\/aeeolica.org\/#organization"},"image":{"@id":"https:\/\/aeeolica.org\/la-urgencia-de-una-transicion-energetica-que-incluya-acciones-en-todos-los-sectores-por-heikki-willstedt-director-de-politicas-energeticas-y-cambio-climatico-de-aee\/#primaryimage"},"thumbnailUrl":"https:\/\/aeeolica.org\/wp-content\/uploads\/2018\/01\/ico_pdf.jpg","articleSection":["AEE Opina"],"inLanguage":"en-US","potentialAction":[{"@type":"CommentAction","name":"Comment","target":["https:\/\/aeeolica.org\/la-urgencia-de-una-transicion-energetica-que-incluya-acciones-en-todos-los-sectores-por-heikki-willstedt-director-de-politicas-energeticas-y-cambio-climatico-de-aee\/#respond"]}]},{"@type":"WebPage","@id":"https:\/\/aeeolica.org\/la-urgencia-de-una-transicion-energetica-que-incluya-acciones-en-todos-los-sectores-por-heikki-willstedt-director-de-politicas-energeticas-y-cambio-climatico-de-aee\/","url":"https:\/\/aeeolica.org\/la-urgencia-de-una-transicion-energetica-que-incluya-acciones-en-todos-los-sectores-por-heikki-willstedt-director-de-politicas-energeticas-y-cambio-climatico-de-aee\/","name":"La urgencia de una transici\u00f3n energ\u00e9tica que incluya acciones en todos los sectores. Por Heikki Willstedt, director de Pol\u00edticas Energ\u00e9ticas y Cambio Clim\u00e1tico de AEE - Asociaci\u00f3n Empresarial E\u00f3lica","isPartOf":{"@id":"https:\/\/aeeolica.org\/#website"},"primaryImageOfPage":{"@id":"https:\/\/aeeolica.org\/la-urgencia-de-una-transicion-energetica-que-incluya-acciones-en-todos-los-sectores-por-heikki-willstedt-director-de-politicas-energeticas-y-cambio-climatico-de-aee\/#primaryimage"},"image":{"@id":"https:\/\/aeeolica.org\/la-urgencia-de-una-transicion-energetica-que-incluya-acciones-en-todos-los-sectores-por-heikki-willstedt-director-de-politicas-energeticas-y-cambio-climatico-de-aee\/#primaryimage"},"thumbnailUrl":"https:\/\/aeeolica.org\/wp-content\/uploads\/2018\/01\/ico_pdf.jpg","datePublished":"2018-01-26T00:00:00+00:00","dateModified":"2018-01-30T00:00:00+00:00","description":"30145, La urgencia de una transici\u00f3n energ\u00e9tica que incluya acciones en todos los sectores. Por Heikki Willstedt, director de Pol\u00edticas Energ\u00e9ticas y Cambio Clim\u00e1tico de AEE,","breadcrumb":{"@id":"https:\/\/aeeolica.org\/la-urgencia-de-una-transicion-energetica-que-incluya-acciones-en-todos-los-sectores-por-heikki-willstedt-director-de-politicas-energeticas-y-cambio-climatico-de-aee\/#breadcrumb"},"inLanguage":"en-US","potentialAction":[{"@type":"ReadAction","target":["https:\/\/aeeolica.org\/la-urgencia-de-una-transicion-energetica-que-incluya-acciones-en-todos-los-sectores-por-heikki-willstedt-director-de-politicas-energeticas-y-cambio-climatico-de-aee\/"]}]},{"@type":"ImageObject","inLanguage":"en-US","@id":"https:\/\/aeeolica.org\/la-urgencia-de-una-transicion-energetica-que-incluya-acciones-en-todos-los-sectores-por-heikki-willstedt-director-de-politicas-energeticas-y-cambio-climatico-de-aee\/#primaryimage","url":"https:\/\/aeeolica.org\/wp-content\/uploads\/2018\/01\/ico_pdf.jpg","contentUrl":"https:\/\/aeeolica.org\/wp-content\/uploads\/2018\/01\/ico_pdf.jpg"},{"@type":"BreadcrumbList","@id":"https:\/\/aeeolica.org\/la-urgencia-de-una-transicion-energetica-que-incluya-acciones-en-todos-los-sectores-por-heikki-willstedt-director-de-politicas-energeticas-y-cambio-climatico-de-aee\/#breadcrumb","itemListElement":[{"@type":"ListItem","position":1,"name":"Portada","item":"https:\/\/aeeolica.org\/en\/inicio\/"},{"@type":"ListItem","position":2,"name":"La urgencia de una transici\u00f3n energ\u00e9tica que incluya acciones en todos los sectores. Por Heikki Willstedt, director de Pol\u00edticas Energ\u00e9ticas y Cambio Clim\u00e1tico de AEE"}]},{"@type":"WebSite","@id":"https:\/\/aeeolica.org\/#website","url":"https:\/\/aeeolica.org\/","name":"Asociaci\u00f3n Empresarial E\u00f3lica","description":"AEE Asociaci\u00f3n Empresarial E\u00f3lica","publisher":{"@id":"https:\/\/aeeolica.org\/#organization"},"potentialAction":[{"@type":"SearchAction","target":{"@type":"EntryPoint","urlTemplate":"https:\/\/aeeolica.org\/?s={search_term_string}"},"query-input":{"@type":"PropertyValueSpecification","valueRequired":true,"valueName":"search_term_string"}}],"inLanguage":"en-US"},{"@type":"Organization","@id":"https:\/\/aeeolica.org\/#organization","name":"Asociaci\u00f3n Empresarial E\u00f3lica","url":"https:\/\/aeeolica.org\/","logo":{"@type":"ImageObject","inLanguage":"en-US","@id":"https:\/\/aeeolica.org\/#\/schema\/logo\/image\/","url":"https:\/\/aeeolica.org\/wp-content\/uploads\/2021\/08\/logo-aee.png","contentUrl":"https:\/\/aeeolica.org\/wp-content\/uploads\/2021\/08\/logo-aee.png","width":180,"height":78,"caption":"Asociaci\u00f3n Empresarial E\u00f3lica"},"image":{"@id":"https:\/\/aeeolica.org\/#\/schema\/logo\/image\/"},"sameAs":["https:\/\/www.facebook.com\/aeeolica","https:\/\/x.com\/aeeolica","https:\/\/www.instagram.com\/aeeolica\/","https:\/\/www.linkedin.com\/in\/aee-asociaci\u00f3n-empresarial-e\u00f3lica-6830946b\/","https:\/\/www.youtube.com\/user\/AEEolica"]},{"@type":"Person","@id":"https:\/\/aeeolica.org\/#\/schema\/person\/6a2517a04d4939d7b273a97e03ad2754","name":"Vicent","image":{"@type":"ImageObject","inLanguage":"en-US","@id":"https:\/\/secure.gravatar.com\/avatar\/9f0fea5e6bfa4d7107fbd7ea5e27d73cdca4f791f880e9f9f4171ecd42a7d395?s=96&d=mm&r=g","url":"https:\/\/secure.gravatar.com\/avatar\/9f0fea5e6bfa4d7107fbd7ea5e27d73cdca4f791f880e9f9f4171ecd42a7d395?s=96&d=mm&r=g","contentUrl":"https:\/\/secure.gravatar.com\/avatar\/9f0fea5e6bfa4d7107fbd7ea5e27d73cdca4f791f880e9f9f4171ecd42a7d395?s=96&d=mm&r=g","caption":"Vicent"},"sameAs":["https:\/\/aeeolica.org"],"url":"https:\/\/aeeolica.org\/en\/author\/vicent\/"}]}},"_links":{"self":[{"href":"https:\/\/aeeolica.org\/en\/wp-json\/wp\/v2\/posts\/13804","targetHints":{"allow":["GET"]}}],"collection":[{"href":"https:\/\/aeeolica.org\/en\/wp-json\/wp\/v2\/posts"}],"about":[{"href":"https:\/\/aeeolica.org\/en\/wp-json\/wp\/v2\/types\/post"}],"author":[{"embeddable":true,"href":"https:\/\/aeeolica.org\/en\/wp-json\/wp\/v2\/users\/1"}],"replies":[{"embeddable":true,"href":"https:\/\/aeeolica.org\/en\/wp-json\/wp\/v2\/comments?post=13804"}],"version-history":[{"count":0,"href":"https:\/\/aeeolica.org\/en\/wp-json\/wp\/v2\/posts\/13804\/revisions"}],"wp:attachment":[{"href":"https:\/\/aeeolica.org\/en\/wp-json\/wp\/v2\/media?parent=13804"}],"wp:term":[{"taxonomy":"category","embeddable":true,"href":"https:\/\/aeeolica.org\/en\/wp-json\/wp\/v2\/categories?post=13804"},{"taxonomy":"post_tag","embeddable":true,"href":"https:\/\/aeeolica.org\/en\/wp-json\/wp\/v2\/tags?post=13804"}],"curies":[{"name":"wp","href":"https:\/\/api.w.org\/{rel}","templated":true}]}}