{"id":13866,"date":"2015-06-22T00:00:00","date_gmt":"2015-06-22T00:00:00","guid":{"rendered":"https:\/\/aeeolica.org\/el-sector-eolico-espanol-continua-estando-entre-los-lideres-mundiales-entrevista-a-luis-polo-director-general-de-aee\/"},"modified":"2015-06-29T00:00:00","modified_gmt":"2015-06-29T00:00:00","slug":"el-sector-eolico-espanol-continua-estando-entre-los-lideres-mundiales-entrevista-a-luis-polo-director-general-de-aee","status":"publish","type":"post","link":"https:\/\/aeeolica.org\/en\/el-sector-eolico-espanol-continua-estando-entre-los-lideres-mundiales-entrevista-a-luis-polo-director-general-de-aee\/","title":{"rendered":"El sector e\u00f3lico espa\u00f1ol contin\u00faa estando entre los l\u00edderes mundiales. Entrevista a Luis Polo, director general de AEE"},"content":{"rendered":"<p>El Congreso e\u00f3lico Espa\u00f1ol abre sus puertas en Madrid. Lo organiza la Asociaci\u00f3n Empresarial e\u00f3lica (AEE), que ha invitado a la inauguraci\u00f3n de est\u00e1 primera edici\u00f3n al comisario de Energ\u00eda y Acci\u00f3n por el Clima de la Uni\u00f3n Europea, Miguel \u00c1rias Ca\u00f1ete. Finalmente, se cay\u00f3 del cartel del congreso, en el \u00faltimo minuto, Alberto Nadal, el secretario de Estado de Energ\u00eda, cuya presencia estaba prevista. Con motivo de la inauguraci\u00f3n de est\u00e1 primer congreso e\u00f3lico, Energ\u00edas Renovables entrevista al director general de la Asociaci\u00f3n Empresarial e\u00f3lica, Luis Polo. est\u00e1 nos ha contado.<\/p>\n<p>Fuente: ENERG\u00cdAS RENOVABLES<\/p>\n<p><img decoding=\"async\" class=\" size-full wp-image-11811\" src=\"https:\/\/aeeolica.org\/wp-content\/uploads\/2015\/06\/ico_pdf.jpg\" alt=\"\" width=\"16\" height=\"16\" \/> <a href=\"http:\/\/www.energias-renovables.com\/articulo\/hoy-comienza-el-i-congreso-e\u00f3lico-espanol-20150622\">Descargar documento<\/a><\/p>\n","protected":false},"excerpt":{"rendered":"<p>El Congreso e\u00f3lico Espa\u00f1ol abre sus puertas en Madrid. Lo organiza la Asociaci\u00f3n Empresarial e\u00f3lica (AEE), que ha invitado a la inauguraci\u00f3n de est\u00e1 primera edici\u00f3n al comisario de Energ\u00eda [&hellip;]<\/p>\n","protected":false},"author":1,"featured_media":0,"comment_status":"open","ping_status":"open","sticky":false,"template":"","format":"standard","meta":{"_acf_changed":false,"_bbp_topic_count":0,"_bbp_reply_count":0,"_bbp_total_topic_count":0,"_bbp_total_reply_count":0,"_bbp_voice_count":0,"_bbp_anonymous_reply_count":0,"_bbp_topic_count_hidden":0,"_bbp_reply_count_hidden":0,"_bbp_forum_subforum_count":0,"_et_pb_use_builder":"","_et_pb_old_content":"","_et_gb_content_width":"","footnotes":""},"categories":[246],"tags":[],"class_list":["post-13866","post","type-post","status-publish","format-standard","hentry","category-2015-aee-opina"],"acf":[],"yoast_head":"<!-- This site is optimized with the Yoast SEO plugin v27.4 - https:\/\/yoast.com\/product\/yoast-seo-wordpress\/ -->\n<title>El sector e\u00f3lico espa\u00f1ol contin\u00faa estando entre los l\u00edderes mundiales. Entrevista a Luis Polo, director general de AEE - Asociaci\u00f3n Empresarial E\u00f3lica<\/title>\n<meta name=\"description\" content=\"24077, El sector e\u00f3lico espa\u00f1ol contin\u00faa estando entre los l\u00edderes mundiales. Entrevista a Luis Polo, director general de AEE,\" \/>\n<meta name=\"robots\" content=\"index, follow, max-snippet:-1, max-image-preview:large, max-video-preview:-1\" \/>\n<link rel=\"canonical\" href=\"https:\/\/aeeolica.org\/el-sector-eolico-espanol-continua-estando-entre-los-lideres-mundiales-entrevista-a-luis-polo-director-general-de-aee\/\" \/>\n<meta property=\"og:locale\" content=\"en_US\" \/>\n<meta property=\"og:type\" content=\"article\" \/>\n<meta property=\"og:title\" content=\"El sector e\u00f3lico espa\u00f1ol contin\u00faa estando entre los l\u00edderes mundiales. Entrevista a Luis Polo, director general de AEE - Asociaci\u00f3n Empresarial E\u00f3lica\" \/>\n<meta property=\"og:description\" content=\"24077, El sector e\u00f3lico espa\u00f1ol contin\u00faa estando entre los l\u00edderes mundiales. Entrevista a Luis Polo, director general de AEE,\" \/>\n<meta property=\"og:url\" content=\"https:\/\/aeeolica.org\/el-sector-eolico-espanol-continua-estando-entre-los-lideres-mundiales-entrevista-a-luis-polo-director-general-de-aee\/\" \/>\n<meta property=\"og:site_name\" content=\"Asociaci\u00f3n Empresarial E\u00f3lica\" \/>\n<meta property=\"article:publisher\" content=\"https:\/\/www.facebook.com\/aeeolica\" \/>\n<meta property=\"article:published_time\" content=\"2015-06-22T00:00:00+00:00\" \/>\n<meta property=\"article:modified_time\" content=\"2015-06-29T00:00:00+00:00\" \/>\n<meta property=\"og:image\" content=\"https:\/\/aeeolica.org\/wp-content\/uploads\/2015\/06\/ico_pdf.jpg\" \/>\n<meta name=\"author\" content=\"Vicent\" \/>\n<meta name=\"twitter:card\" content=\"summary_large_image\" \/>\n<meta name=\"twitter:creator\" content=\"@aeeolica\" \/>\n<meta name=\"twitter:site\" content=\"@aeeolica\" \/>\n<meta name=\"twitter:label1\" content=\"Written by\" \/>\n\t<meta name=\"twitter:data1\" content=\"Vicent\" \/>\n\t<meta name=\"twitter:label2\" content=\"Est. reading time\" \/>\n\t<meta name=\"twitter:data2\" content=\"1 minute\" \/>\n<script type=\"application\/ld+json\" class=\"yoast-schema-graph\">{\"@context\":\"https:\\\/\\\/schema.org\",\"@graph\":[{\"@type\":\"Article\",\"@id\":\"https:\\\/\\\/aeeolica.org\\\/el-sector-eolico-espanol-continua-estando-entre-los-lideres-mundiales-entrevista-a-luis-polo-director-general-de-aee\\\/#article\",\"isPartOf\":{\"@id\":\"https:\\\/\\\/aeeolica.org\\\/el-sector-eolico-espanol-continua-estando-entre-los-lideres-mundiales-entrevista-a-luis-polo-director-general-de-aee\\\/\"},\"author\":{\"name\":\"Vicent\",\"@id\":\"https:\\\/\\\/aeeolica.org\\\/#\\\/schema\\\/person\\\/6a2517a04d4939d7b273a97e03ad2754\"},\"headline\":\"El sector e\u00f3lico espa\u00f1ol contin\u00faa estando entre los l\u00edderes mundiales. Entrevista a Luis Polo, director general de AEE\",\"datePublished\":\"2015-06-22T00:00:00+00:00\",\"dateModified\":\"2015-06-29T00:00:00+00:00\",\"mainEntityOfPage\":{\"@id\":\"https:\\\/\\\/aeeolica.org\\\/el-sector-eolico-espanol-continua-estando-entre-los-lideres-mundiales-entrevista-a-luis-polo-director-general-de-aee\\\/\"},\"wordCount\":136,\"commentCount\":0,\"publisher\":{\"@id\":\"https:\\\/\\\/aeeolica.org\\\/#organization\"},\"image\":{\"@id\":\"https:\\\/\\\/aeeolica.org\\\/el-sector-eolico-espanol-continua-estando-entre-los-lideres-mundiales-entrevista-a-luis-polo-director-general-de-aee\\\/#primaryimage\"},\"thumbnailUrl\":\"https:\\\/\\\/aeeolica.org\\\/wp-content\\\/uploads\\\/2015\\\/06\\\/ico_pdf.jpg\",\"articleSection\":[\"AEE Opina a\u00f1o 2015\"],\"inLanguage\":\"en-US\",\"potentialAction\":[{\"@type\":\"CommentAction\",\"name\":\"Comment\",\"target\":[\"https:\\\/\\\/aeeolica.org\\\/el-sector-eolico-espanol-continua-estando-entre-los-lideres-mundiales-entrevista-a-luis-polo-director-general-de-aee\\\/#respond\"]}]},{\"@type\":\"WebPage\",\"@id\":\"https:\\\/\\\/aeeolica.org\\\/el-sector-eolico-espanol-continua-estando-entre-los-lideres-mundiales-entrevista-a-luis-polo-director-general-de-aee\\\/\",\"url\":\"https:\\\/\\\/aeeolica.org\\\/el-sector-eolico-espanol-continua-estando-entre-los-lideres-mundiales-entrevista-a-luis-polo-director-general-de-aee\\\/\",\"name\":\"El sector e\u00f3lico espa\u00f1ol contin\u00faa estando entre los l\u00edderes mundiales. Entrevista a Luis Polo, director general de AEE - Asociaci\u00f3n Empresarial E\u00f3lica\",\"isPartOf\":{\"@id\":\"https:\\\/\\\/aeeolica.org\\\/#website\"},\"primaryImageOfPage\":{\"@id\":\"https:\\\/\\\/aeeolica.org\\\/el-sector-eolico-espanol-continua-estando-entre-los-lideres-mundiales-entrevista-a-luis-polo-director-general-de-aee\\\/#primaryimage\"},\"image\":{\"@id\":\"https:\\\/\\\/aeeolica.org\\\/el-sector-eolico-espanol-continua-estando-entre-los-lideres-mundiales-entrevista-a-luis-polo-director-general-de-aee\\\/#primaryimage\"},\"thumbnailUrl\":\"https:\\\/\\\/aeeolica.org\\\/wp-content\\\/uploads\\\/2015\\\/06\\\/ico_pdf.jpg\",\"datePublished\":\"2015-06-22T00:00:00+00:00\",\"dateModified\":\"2015-06-29T00:00:00+00:00\",\"description\":\"24077, El sector e\u00f3lico espa\u00f1ol contin\u00faa estando entre los l\u00edderes mundiales. Entrevista a Luis Polo, director general de AEE,\",\"breadcrumb\":{\"@id\":\"https:\\\/\\\/aeeolica.org\\\/el-sector-eolico-espanol-continua-estando-entre-los-lideres-mundiales-entrevista-a-luis-polo-director-general-de-aee\\\/#breadcrumb\"},\"inLanguage\":\"en-US\",\"potentialAction\":[{\"@type\":\"ReadAction\",\"target\":[\"https:\\\/\\\/aeeolica.org\\\/el-sector-eolico-espanol-continua-estando-entre-los-lideres-mundiales-entrevista-a-luis-polo-director-general-de-aee\\\/\"]}]},{\"@type\":\"ImageObject\",\"inLanguage\":\"en-US\",\"@id\":\"https:\\\/\\\/aeeolica.org\\\/el-sector-eolico-espanol-continua-estando-entre-los-lideres-mundiales-entrevista-a-luis-polo-director-general-de-aee\\\/#primaryimage\",\"url\":\"https:\\\/\\\/aeeolica.org\\\/wp-content\\\/uploads\\\/2015\\\/06\\\/ico_pdf.jpg\",\"contentUrl\":\"https:\\\/\\\/aeeolica.org\\\/wp-content\\\/uploads\\\/2015\\\/06\\\/ico_pdf.jpg\"},{\"@type\":\"BreadcrumbList\",\"@id\":\"https:\\\/\\\/aeeolica.org\\\/el-sector-eolico-espanol-continua-estando-entre-los-lideres-mundiales-entrevista-a-luis-polo-director-general-de-aee\\\/#breadcrumb\",\"itemListElement\":[{\"@type\":\"ListItem\",\"position\":1,\"name\":\"Portada\",\"item\":\"https:\\\/\\\/aeeolica.org\\\/en\\\/inicio\\\/\"},{\"@type\":\"ListItem\",\"position\":2,\"name\":\"El sector e\u00f3lico espa\u00f1ol contin\u00faa estando entre los l\u00edderes mundiales. Entrevista a Luis Polo, director general de AEE\"}]},{\"@type\":\"WebSite\",\"@id\":\"https:\\\/\\\/aeeolica.org\\\/#website\",\"url\":\"https:\\\/\\\/aeeolica.org\\\/\",\"name\":\"Asociaci\u00f3n Empresarial E\u00f3lica\",\"description\":\"AEE Asociaci\u00f3n Empresarial E\u00f3lica\",\"publisher\":{\"@id\":\"https:\\\/\\\/aeeolica.org\\\/#organization\"},\"potentialAction\":[{\"@type\":\"SearchAction\",\"target\":{\"@type\":\"EntryPoint\",\"urlTemplate\":\"https:\\\/\\\/aeeolica.org\\\/?s={search_term_string}\"},\"query-input\":{\"@type\":\"PropertyValueSpecification\",\"valueRequired\":true,\"valueName\":\"search_term_string\"}}],\"inLanguage\":\"en-US\"},{\"@type\":\"Organization\",\"@id\":\"https:\\\/\\\/aeeolica.org\\\/#organization\",\"name\":\"Asociaci\u00f3n Empresarial E\u00f3lica\",\"url\":\"https:\\\/\\\/aeeolica.org\\\/\",\"logo\":{\"@type\":\"ImageObject\",\"inLanguage\":\"en-US\",\"@id\":\"https:\\\/\\\/aeeolica.org\\\/#\\\/schema\\\/logo\\\/image\\\/\",\"url\":\"https:\\\/\\\/aeeolica.org\\\/wp-content\\\/uploads\\\/2021\\\/08\\\/logo-aee.png\",\"contentUrl\":\"https:\\\/\\\/aeeolica.org\\\/wp-content\\\/uploads\\\/2021\\\/08\\\/logo-aee.png\",\"width\":180,\"height\":78,\"caption\":\"Asociaci\u00f3n Empresarial E\u00f3lica\"},\"image\":{\"@id\":\"https:\\\/\\\/aeeolica.org\\\/#\\\/schema\\\/logo\\\/image\\\/\"},\"sameAs\":[\"https:\\\/\\\/www.facebook.com\\\/aeeolica\",\"https:\\\/\\\/x.com\\\/aeeolica\",\"https:\\\/\\\/www.instagram.com\\\/aeeolica\\\/\",\"https:\\\/\\\/www.linkedin.com\\\/in\\\/aee-asociaci\u00f3n-empresarial-e\u00f3lica-6830946b\\\/\",\"https:\\\/\\\/www.youtube.com\\\/user\\\/AEEolica\"]},{\"@type\":\"Person\",\"@id\":\"https:\\\/\\\/aeeolica.org\\\/#\\\/schema\\\/person\\\/6a2517a04d4939d7b273a97e03ad2754\",\"name\":\"Vicent\",\"image\":{\"@type\":\"ImageObject\",\"inLanguage\":\"en-US\",\"@id\":\"https:\\\/\\\/secure.gravatar.com\\\/avatar\\\/9f0fea5e6bfa4d7107fbd7ea5e27d73cdca4f791f880e9f9f4171ecd42a7d395?s=96&d=mm&r=g\",\"url\":\"https:\\\/\\\/secure.gravatar.com\\\/avatar\\\/9f0fea5e6bfa4d7107fbd7ea5e27d73cdca4f791f880e9f9f4171ecd42a7d395?s=96&d=mm&r=g\",\"contentUrl\":\"https:\\\/\\\/secure.gravatar.com\\\/avatar\\\/9f0fea5e6bfa4d7107fbd7ea5e27d73cdca4f791f880e9f9f4171ecd42a7d395?s=96&d=mm&r=g\",\"caption\":\"Vicent\"},\"sameAs\":[\"https:\\\/\\\/aeeolica.org\"],\"url\":\"https:\\\/\\\/aeeolica.org\\\/en\\\/author\\\/vicent\\\/\"}]}<\/script>\n<!-- \/ Yoast SEO plugin. -->","yoast_head_json":{"title":"El sector e\u00f3lico espa\u00f1ol contin\u00faa estando entre los l\u00edderes mundiales. Entrevista a Luis Polo, director general de AEE - Asociaci\u00f3n Empresarial E\u00f3lica","description":"24077, El sector e\u00f3lico espa\u00f1ol contin\u00faa estando entre los l\u00edderes mundiales. Entrevista a Luis Polo, director general de AEE,","robots":{"index":"index","follow":"follow","max-snippet":"max-snippet:-1","max-image-preview":"max-image-preview:large","max-video-preview":"max-video-preview:-1"},"canonical":"https:\/\/aeeolica.org\/el-sector-eolico-espanol-continua-estando-entre-los-lideres-mundiales-entrevista-a-luis-polo-director-general-de-aee\/","og_locale":"en_US","og_type":"article","og_title":"El sector e\u00f3lico espa\u00f1ol contin\u00faa estando entre los l\u00edderes mundiales. Entrevista a Luis Polo, director general de AEE - Asociaci\u00f3n Empresarial E\u00f3lica","og_description":"24077, El sector e\u00f3lico espa\u00f1ol contin\u00faa estando entre los l\u00edderes mundiales. Entrevista a Luis Polo, director general de AEE,","og_url":"https:\/\/aeeolica.org\/el-sector-eolico-espanol-continua-estando-entre-los-lideres-mundiales-entrevista-a-luis-polo-director-general-de-aee\/","og_site_name":"Asociaci\u00f3n Empresarial E\u00f3lica","article_publisher":"https:\/\/www.facebook.com\/aeeolica","article_published_time":"2015-06-22T00:00:00+00:00","article_modified_time":"2015-06-29T00:00:00+00:00","og_image":[{"url":"https:\/\/aeeolica.org\/wp-content\/uploads\/2015\/06\/ico_pdf.jpg","type":"","width":"","height":""}],"author":"Vicent","twitter_card":"summary_large_image","twitter_creator":"@aeeolica","twitter_site":"@aeeolica","twitter_misc":{"Written by":"Vicent","Est. reading time":"1 minute"},"schema":{"@context":"https:\/\/schema.org","@graph":[{"@type":"Article","@id":"https:\/\/aeeolica.org\/el-sector-eolico-espanol-continua-estando-entre-los-lideres-mundiales-entrevista-a-luis-polo-director-general-de-aee\/#article","isPartOf":{"@id":"https:\/\/aeeolica.org\/el-sector-eolico-espanol-continua-estando-entre-los-lideres-mundiales-entrevista-a-luis-polo-director-general-de-aee\/"},"author":{"name":"Vicent","@id":"https:\/\/aeeolica.org\/#\/schema\/person\/6a2517a04d4939d7b273a97e03ad2754"},"headline":"El sector e\u00f3lico espa\u00f1ol contin\u00faa estando entre los l\u00edderes mundiales. Entrevista a Luis Polo, director general de AEE","datePublished":"2015-06-22T00:00:00+00:00","dateModified":"2015-06-29T00:00:00+00:00","mainEntityOfPage":{"@id":"https:\/\/aeeolica.org\/el-sector-eolico-espanol-continua-estando-entre-los-lideres-mundiales-entrevista-a-luis-polo-director-general-de-aee\/"},"wordCount":136,"commentCount":0,"publisher":{"@id":"https:\/\/aeeolica.org\/#organization"},"image":{"@id":"https:\/\/aeeolica.org\/el-sector-eolico-espanol-continua-estando-entre-los-lideres-mundiales-entrevista-a-luis-polo-director-general-de-aee\/#primaryimage"},"thumbnailUrl":"https:\/\/aeeolica.org\/wp-content\/uploads\/2015\/06\/ico_pdf.jpg","articleSection":["AEE Opina a\u00f1o 2015"],"inLanguage":"en-US","potentialAction":[{"@type":"CommentAction","name":"Comment","target":["https:\/\/aeeolica.org\/el-sector-eolico-espanol-continua-estando-entre-los-lideres-mundiales-entrevista-a-luis-polo-director-general-de-aee\/#respond"]}]},{"@type":"WebPage","@id":"https:\/\/aeeolica.org\/el-sector-eolico-espanol-continua-estando-entre-los-lideres-mundiales-entrevista-a-luis-polo-director-general-de-aee\/","url":"https:\/\/aeeolica.org\/el-sector-eolico-espanol-continua-estando-entre-los-lideres-mundiales-entrevista-a-luis-polo-director-general-de-aee\/","name":"El sector e\u00f3lico espa\u00f1ol contin\u00faa estando entre los l\u00edderes mundiales. Entrevista a Luis Polo, director general de AEE - Asociaci\u00f3n Empresarial E\u00f3lica","isPartOf":{"@id":"https:\/\/aeeolica.org\/#website"},"primaryImageOfPage":{"@id":"https:\/\/aeeolica.org\/el-sector-eolico-espanol-continua-estando-entre-los-lideres-mundiales-entrevista-a-luis-polo-director-general-de-aee\/#primaryimage"},"image":{"@id":"https:\/\/aeeolica.org\/el-sector-eolico-espanol-continua-estando-entre-los-lideres-mundiales-entrevista-a-luis-polo-director-general-de-aee\/#primaryimage"},"thumbnailUrl":"https:\/\/aeeolica.org\/wp-content\/uploads\/2015\/06\/ico_pdf.jpg","datePublished":"2015-06-22T00:00:00+00:00","dateModified":"2015-06-29T00:00:00+00:00","description":"24077, El sector e\u00f3lico espa\u00f1ol contin\u00faa estando entre los l\u00edderes mundiales. Entrevista a Luis Polo, director general de AEE,","breadcrumb":{"@id":"https:\/\/aeeolica.org\/el-sector-eolico-espanol-continua-estando-entre-los-lideres-mundiales-entrevista-a-luis-polo-director-general-de-aee\/#breadcrumb"},"inLanguage":"en-US","potentialAction":[{"@type":"ReadAction","target":["https:\/\/aeeolica.org\/el-sector-eolico-espanol-continua-estando-entre-los-lideres-mundiales-entrevista-a-luis-polo-director-general-de-aee\/"]}]},{"@type":"ImageObject","inLanguage":"en-US","@id":"https:\/\/aeeolica.org\/el-sector-eolico-espanol-continua-estando-entre-los-lideres-mundiales-entrevista-a-luis-polo-director-general-de-aee\/#primaryimage","url":"https:\/\/aeeolica.org\/wp-content\/uploads\/2015\/06\/ico_pdf.jpg","contentUrl":"https:\/\/aeeolica.org\/wp-content\/uploads\/2015\/06\/ico_pdf.jpg"},{"@type":"BreadcrumbList","@id":"https:\/\/aeeolica.org\/el-sector-eolico-espanol-continua-estando-entre-los-lideres-mundiales-entrevista-a-luis-polo-director-general-de-aee\/#breadcrumb","itemListElement":[{"@type":"ListItem","position":1,"name":"Portada","item":"https:\/\/aeeolica.org\/en\/inicio\/"},{"@type":"ListItem","position":2,"name":"El sector e\u00f3lico espa\u00f1ol contin\u00faa estando entre los l\u00edderes mundiales. Entrevista a Luis Polo, director general de AEE"}]},{"@type":"WebSite","@id":"https:\/\/aeeolica.org\/#website","url":"https:\/\/aeeolica.org\/","name":"Asociaci\u00f3n Empresarial E\u00f3lica","description":"AEE Asociaci\u00f3n Empresarial E\u00f3lica","publisher":{"@id":"https:\/\/aeeolica.org\/#organization"},"potentialAction":[{"@type":"SearchAction","target":{"@type":"EntryPoint","urlTemplate":"https:\/\/aeeolica.org\/?s={search_term_string}"},"query-input":{"@type":"PropertyValueSpecification","valueRequired":true,"valueName":"search_term_string"}}],"inLanguage":"en-US"},{"@type":"Organization","@id":"https:\/\/aeeolica.org\/#organization","name":"Asociaci\u00f3n Empresarial E\u00f3lica","url":"https:\/\/aeeolica.org\/","logo":{"@type":"ImageObject","inLanguage":"en-US","@id":"https:\/\/aeeolica.org\/#\/schema\/logo\/image\/","url":"https:\/\/aeeolica.org\/wp-content\/uploads\/2021\/08\/logo-aee.png","contentUrl":"https:\/\/aeeolica.org\/wp-content\/uploads\/2021\/08\/logo-aee.png","width":180,"height":78,"caption":"Asociaci\u00f3n Empresarial E\u00f3lica"},"image":{"@id":"https:\/\/aeeolica.org\/#\/schema\/logo\/image\/"},"sameAs":["https:\/\/www.facebook.com\/aeeolica","https:\/\/x.com\/aeeolica","https:\/\/www.instagram.com\/aeeolica\/","https:\/\/www.linkedin.com\/in\/aee-asociaci\u00f3n-empresarial-e\u00f3lica-6830946b\/","https:\/\/www.youtube.com\/user\/AEEolica"]},{"@type":"Person","@id":"https:\/\/aeeolica.org\/#\/schema\/person\/6a2517a04d4939d7b273a97e03ad2754","name":"Vicent","image":{"@type":"ImageObject","inLanguage":"en-US","@id":"https:\/\/secure.gravatar.com\/avatar\/9f0fea5e6bfa4d7107fbd7ea5e27d73cdca4f791f880e9f9f4171ecd42a7d395?s=96&d=mm&r=g","url":"https:\/\/secure.gravatar.com\/avatar\/9f0fea5e6bfa4d7107fbd7ea5e27d73cdca4f791f880e9f9f4171ecd42a7d395?s=96&d=mm&r=g","contentUrl":"https:\/\/secure.gravatar.com\/avatar\/9f0fea5e6bfa4d7107fbd7ea5e27d73cdca4f791f880e9f9f4171ecd42a7d395?s=96&d=mm&r=g","caption":"Vicent"},"sameAs":["https:\/\/aeeolica.org"],"url":"https:\/\/aeeolica.org\/en\/author\/vicent\/"}]}},"_links":{"self":[{"href":"https:\/\/aeeolica.org\/en\/wp-json\/wp\/v2\/posts\/13866","targetHints":{"allow":["GET"]}}],"collection":[{"href":"https:\/\/aeeolica.org\/en\/wp-json\/wp\/v2\/posts"}],"about":[{"href":"https:\/\/aeeolica.org\/en\/wp-json\/wp\/v2\/types\/post"}],"author":[{"embeddable":true,"href":"https:\/\/aeeolica.org\/en\/wp-json\/wp\/v2\/users\/1"}],"replies":[{"embeddable":true,"href":"https:\/\/aeeolica.org\/en\/wp-json\/wp\/v2\/comments?post=13866"}],"version-history":[{"count":0,"href":"https:\/\/aeeolica.org\/en\/wp-json\/wp\/v2\/posts\/13866\/revisions"}],"wp:attachment":[{"href":"https:\/\/aeeolica.org\/en\/wp-json\/wp\/v2\/media?parent=13866"}],"wp:term":[{"taxonomy":"category","embeddable":true,"href":"https:\/\/aeeolica.org\/en\/wp-json\/wp\/v2\/categories?post=13866"},{"taxonomy":"post_tag","embeddable":true,"href":"https:\/\/aeeolica.org\/en\/wp-json\/wp\/v2\/tags?post=13866"}],"curies":[{"name":"wp","href":"https:\/\/api.w.org\/{rel}","templated":true}]}}