{"id":14048,"date":"2011-01-04T20:21:52","date_gmt":"2011-01-04T20:21:52","guid":{"rendered":"https:\/\/aeeolica.org\/c2-bfpor-que-la-eolica-es-un-buen-negocio-para-la-economia-espanola-por-sonia-franco-directora-de-comunicacion-de-aee\/"},"modified":"2011-03-28T20:21:52","modified_gmt":"2011-03-28T20:21:52","slug":"c2-bfpor-que-la-eolica-es-un-buen-negocio-para-la-economia-espanola-por-sonia-franco-directora-de-comunicacion-de-aee","status":"publish","type":"post","link":"https:\/\/aeeolica.org\/en\/c2-bfpor-que-la-eolica-es-un-buen-negocio-para-la-economia-espanola-por-sonia-franco-directora-de-comunicacion-de-aee\/","title":{"rendered":"\u00bfPor qu\u00e9 la e\u00f3lica es un buen negocio para la economia espa\u00f1ola? Por Sonia Franco, directora de comunicaci\u00f3n de AEE"},"content":{"rendered":"<p>En los tiempos de crisis que corren, uno se plantea qu\u00e9 tiene que tener un negocio para ser considerado bueno. La teor\u00eda es f\u00e1cil: un buen negocio es aquel que genera beneficios, para lo que antes es fundamental realizar una inversi\u00f3n. Si, adem\u00e1s, ese negocio supone tambi\u00e9n beneficios para la sociedad, la inversi\u00f3n estar\u00e1 m\u00e1s que justificada.<\/p>\n<p>Fuente: ALIMARKET<\/p>\n<p><img decoding=\"async\" class=\" size-full wp-image-11076\" src=\"https:\/\/aeeolica.org\/wp-content\/uploads\/2007\/01\/pdf.png\" alt=\"Descargar\" width=\"16\" height=\"16\" \/> <a href=\"uploads\/documents\/opinion\/2011\/040111 ALIMARKET Por que la e\u00f3lica es un buen negocio para la economia espanola.pdf?phpMyAdmin=nkH26XnGN7Ws3Rn1f-QjR33eVc7\">Descargar documento<\/a><\/p>\n","protected":false},"excerpt":{"rendered":"<p>En los tiempos de crisis que corren, uno se plantea qu\u00e9 tiene que tener un negocio para ser considerado bueno. La teor\u00eda es f\u00e1cil: un buen negocio es aquel que [&hellip;]<\/p>\n","protected":false},"author":1,"featured_media":0,"comment_status":"open","ping_status":"open","sticky":false,"template":"","format":"standard","meta":{"_acf_changed":false,"_bbp_topic_count":0,"_bbp_reply_count":0,"_bbp_total_topic_count":0,"_bbp_total_reply_count":0,"_bbp_voice_count":0,"_bbp_anonymous_reply_count":0,"_bbp_topic_count_hidden":0,"_bbp_reply_count_hidden":0,"_bbp_forum_subforum_count":0,"_et_pb_use_builder":"","_et_pb_old_content":"","_et_gb_content_width":"","footnotes":""},"categories":[250],"tags":[],"class_list":["post-14048","post","type-post","status-publish","format-standard","hentry","category-2011-aee-opina"],"acf":[],"yoast_head":"<!-- This site is optimized with the Yoast SEO plugin v27.4 - https:\/\/yoast.com\/product\/yoast-seo-wordpress\/ -->\n<title>\u00bfPor qu\u00e9 la e\u00f3lica es un buen negocio para la economia espa\u00f1ola? Por Sonia Franco, directora de comunicaci\u00f3n de AEE - Asociaci\u00f3n Empresarial E\u00f3lica<\/title>\n<meta name=\"description\" content=\"98, \u00bfPor qu\u00e9 la e\u00f3lica es un buen negocio para la economia espa\u00f1ola? Por Sonia Franco, directora de comunicaci\u00f3n de AEE,\" \/>\n<meta name=\"robots\" content=\"index, follow, max-snippet:-1, max-image-preview:large, max-video-preview:-1\" \/>\n<link rel=\"canonical\" href=\"https:\/\/aeeolica.org\/c2-bfpor-que-la-eolica-es-un-buen-negocio-para-la-economia-espanola-por-sonia-franco-directora-de-comunicacion-de-aee\/\" \/>\n<meta property=\"og:locale\" content=\"en_US\" \/>\n<meta property=\"og:type\" content=\"article\" \/>\n<meta property=\"og:title\" content=\"\u00bfPor qu\u00e9 la e\u00f3lica es un buen negocio para la economia espa\u00f1ola? Por Sonia Franco, directora de comunicaci\u00f3n de AEE - Asociaci\u00f3n Empresarial E\u00f3lica\" \/>\n<meta property=\"og:description\" content=\"98, \u00bfPor qu\u00e9 la e\u00f3lica es un buen negocio para la economia espa\u00f1ola? Por Sonia Franco, directora de comunicaci\u00f3n de AEE,\" \/>\n<meta property=\"og:url\" content=\"https:\/\/aeeolica.org\/c2-bfpor-que-la-eolica-es-un-buen-negocio-para-la-economia-espanola-por-sonia-franco-directora-de-comunicacion-de-aee\/\" \/>\n<meta property=\"og:site_name\" content=\"Asociaci\u00f3n Empresarial E\u00f3lica\" \/>\n<meta property=\"article:publisher\" content=\"https:\/\/www.facebook.com\/aeeolica\" \/>\n<meta property=\"article:published_time\" content=\"2011-01-04T20:21:52+00:00\" \/>\n<meta property=\"article:modified_time\" content=\"2011-03-28T20:21:52+00:00\" \/>\n<meta property=\"og:image\" content=\"https:\/\/aeeolica.org\/wp-content\/uploads\/2007\/01\/pdf.png\" \/>\n<meta name=\"author\" content=\"Vicent\" \/>\n<meta name=\"twitter:card\" content=\"summary_large_image\" \/>\n<meta name=\"twitter:creator\" content=\"@aeeolica\" \/>\n<meta name=\"twitter:site\" content=\"@aeeolica\" \/>\n<meta name=\"twitter:label1\" content=\"Written by\" \/>\n\t<meta name=\"twitter:data1\" content=\"Vicent\" \/>\n<script type=\"application\/ld+json\" class=\"yoast-schema-graph\">{\"@context\":\"https:\\\/\\\/schema.org\",\"@graph\":[{\"@type\":\"Article\",\"@id\":\"https:\\\/\\\/aeeolica.org\\\/c2-bfpor-que-la-eolica-es-un-buen-negocio-para-la-economia-espanola-por-sonia-franco-directora-de-comunicacion-de-aee\\\/#article\",\"isPartOf\":{\"@id\":\"https:\\\/\\\/aeeolica.org\\\/c2-bfpor-que-la-eolica-es-un-buen-negocio-para-la-economia-espanola-por-sonia-franco-directora-de-comunicacion-de-aee\\\/\"},\"author\":{\"name\":\"Vicent\",\"@id\":\"https:\\\/\\\/aeeolica.org\\\/#\\\/schema\\\/person\\\/6a2517a04d4939d7b273a97e03ad2754\"},\"headline\":\"\u00bfPor qu\u00e9 la e\u00f3lica es un buen negocio para la economia espa\u00f1ola? Por Sonia Franco, directora de comunicaci\u00f3n de AEE\",\"datePublished\":\"2011-01-04T20:21:52+00:00\",\"dateModified\":\"2011-03-28T20:21:52+00:00\",\"mainEntityOfPage\":{\"@id\":\"https:\\\/\\\/aeeolica.org\\\/c2-bfpor-que-la-eolica-es-un-buen-negocio-para-la-economia-espanola-por-sonia-franco-directora-de-comunicacion-de-aee\\\/\"},\"wordCount\":91,\"commentCount\":0,\"publisher\":{\"@id\":\"https:\\\/\\\/aeeolica.org\\\/#organization\"},\"image\":{\"@id\":\"https:\\\/\\\/aeeolica.org\\\/c2-bfpor-que-la-eolica-es-un-buen-negocio-para-la-economia-espanola-por-sonia-franco-directora-de-comunicacion-de-aee\\\/#primaryimage\"},\"thumbnailUrl\":\"https:\\\/\\\/aeeolica.org\\\/wp-content\\\/uploads\\\/2007\\\/01\\\/pdf.png\",\"articleSection\":[\"AEE Opina a\u00f1o 2011\"],\"inLanguage\":\"en-US\",\"potentialAction\":[{\"@type\":\"CommentAction\",\"name\":\"Comment\",\"target\":[\"https:\\\/\\\/aeeolica.org\\\/c2-bfpor-que-la-eolica-es-un-buen-negocio-para-la-economia-espanola-por-sonia-franco-directora-de-comunicacion-de-aee\\\/#respond\"]}]},{\"@type\":\"WebPage\",\"@id\":\"https:\\\/\\\/aeeolica.org\\\/c2-bfpor-que-la-eolica-es-un-buen-negocio-para-la-economia-espanola-por-sonia-franco-directora-de-comunicacion-de-aee\\\/\",\"url\":\"https:\\\/\\\/aeeolica.org\\\/c2-bfpor-que-la-eolica-es-un-buen-negocio-para-la-economia-espanola-por-sonia-franco-directora-de-comunicacion-de-aee\\\/\",\"name\":\"\u00bfPor qu\u00e9 la e\u00f3lica es un buen negocio para la economia espa\u00f1ola? Por Sonia Franco, directora de comunicaci\u00f3n de AEE - Asociaci\u00f3n Empresarial E\u00f3lica\",\"isPartOf\":{\"@id\":\"https:\\\/\\\/aeeolica.org\\\/#website\"},\"primaryImageOfPage\":{\"@id\":\"https:\\\/\\\/aeeolica.org\\\/c2-bfpor-que-la-eolica-es-un-buen-negocio-para-la-economia-espanola-por-sonia-franco-directora-de-comunicacion-de-aee\\\/#primaryimage\"},\"image\":{\"@id\":\"https:\\\/\\\/aeeolica.org\\\/c2-bfpor-que-la-eolica-es-un-buen-negocio-para-la-economia-espanola-por-sonia-franco-directora-de-comunicacion-de-aee\\\/#primaryimage\"},\"thumbnailUrl\":\"https:\\\/\\\/aeeolica.org\\\/wp-content\\\/uploads\\\/2007\\\/01\\\/pdf.png\",\"datePublished\":\"2011-01-04T20:21:52+00:00\",\"dateModified\":\"2011-03-28T20:21:52+00:00\",\"description\":\"98, \u00bfPor qu\u00e9 la e\u00f3lica es un buen negocio para la economia espa\u00f1ola? Por Sonia Franco, directora de comunicaci\u00f3n de AEE,\",\"breadcrumb\":{\"@id\":\"https:\\\/\\\/aeeolica.org\\\/c2-bfpor-que-la-eolica-es-un-buen-negocio-para-la-economia-espanola-por-sonia-franco-directora-de-comunicacion-de-aee\\\/#breadcrumb\"},\"inLanguage\":\"en-US\",\"potentialAction\":[{\"@type\":\"ReadAction\",\"target\":[\"https:\\\/\\\/aeeolica.org\\\/c2-bfpor-que-la-eolica-es-un-buen-negocio-para-la-economia-espanola-por-sonia-franco-directora-de-comunicacion-de-aee\\\/\"]}]},{\"@type\":\"ImageObject\",\"inLanguage\":\"en-US\",\"@id\":\"https:\\\/\\\/aeeolica.org\\\/c2-bfpor-que-la-eolica-es-un-buen-negocio-para-la-economia-espanola-por-sonia-franco-directora-de-comunicacion-de-aee\\\/#primaryimage\",\"url\":\"https:\\\/\\\/aeeolica.org\\\/wp-content\\\/uploads\\\/2007\\\/01\\\/pdf.png\",\"contentUrl\":\"https:\\\/\\\/aeeolica.org\\\/wp-content\\\/uploads\\\/2007\\\/01\\\/pdf.png\"},{\"@type\":\"BreadcrumbList\",\"@id\":\"https:\\\/\\\/aeeolica.org\\\/c2-bfpor-que-la-eolica-es-un-buen-negocio-para-la-economia-espanola-por-sonia-franco-directora-de-comunicacion-de-aee\\\/#breadcrumb\",\"itemListElement\":[{\"@type\":\"ListItem\",\"position\":1,\"name\":\"Portada\",\"item\":\"https:\\\/\\\/aeeolica.org\\\/en\\\/inicio\\\/\"},{\"@type\":\"ListItem\",\"position\":2,\"name\":\"\u00bfPor qu\u00e9 la e\u00f3lica es un buen negocio para la economia espa\u00f1ola? Por Sonia Franco, directora de comunicaci\u00f3n de AEE\"}]},{\"@type\":\"WebSite\",\"@id\":\"https:\\\/\\\/aeeolica.org\\\/#website\",\"url\":\"https:\\\/\\\/aeeolica.org\\\/\",\"name\":\"Asociaci\u00f3n Empresarial E\u00f3lica\",\"description\":\"AEE Asociaci\u00f3n Empresarial E\u00f3lica\",\"publisher\":{\"@id\":\"https:\\\/\\\/aeeolica.org\\\/#organization\"},\"potentialAction\":[{\"@type\":\"SearchAction\",\"target\":{\"@type\":\"EntryPoint\",\"urlTemplate\":\"https:\\\/\\\/aeeolica.org\\\/?s={search_term_string}\"},\"query-input\":{\"@type\":\"PropertyValueSpecification\",\"valueRequired\":true,\"valueName\":\"search_term_string\"}}],\"inLanguage\":\"en-US\"},{\"@type\":\"Organization\",\"@id\":\"https:\\\/\\\/aeeolica.org\\\/#organization\",\"name\":\"Asociaci\u00f3n Empresarial E\u00f3lica\",\"url\":\"https:\\\/\\\/aeeolica.org\\\/\",\"logo\":{\"@type\":\"ImageObject\",\"inLanguage\":\"en-US\",\"@id\":\"https:\\\/\\\/aeeolica.org\\\/#\\\/schema\\\/logo\\\/image\\\/\",\"url\":\"https:\\\/\\\/aeeolica.org\\\/wp-content\\\/uploads\\\/2021\\\/08\\\/logo-aee.png\",\"contentUrl\":\"https:\\\/\\\/aeeolica.org\\\/wp-content\\\/uploads\\\/2021\\\/08\\\/logo-aee.png\",\"width\":180,\"height\":78,\"caption\":\"Asociaci\u00f3n Empresarial E\u00f3lica\"},\"image\":{\"@id\":\"https:\\\/\\\/aeeolica.org\\\/#\\\/schema\\\/logo\\\/image\\\/\"},\"sameAs\":[\"https:\\\/\\\/www.facebook.com\\\/aeeolica\",\"https:\\\/\\\/x.com\\\/aeeolica\",\"https:\\\/\\\/www.instagram.com\\\/aeeolica\\\/\",\"https:\\\/\\\/www.linkedin.com\\\/in\\\/aee-asociaci\u00f3n-empresarial-e\u00f3lica-6830946b\\\/\",\"https:\\\/\\\/www.youtube.com\\\/user\\\/AEEolica\"]},{\"@type\":\"Person\",\"@id\":\"https:\\\/\\\/aeeolica.org\\\/#\\\/schema\\\/person\\\/6a2517a04d4939d7b273a97e03ad2754\",\"name\":\"Vicent\",\"image\":{\"@type\":\"ImageObject\",\"inLanguage\":\"en-US\",\"@id\":\"https:\\\/\\\/secure.gravatar.com\\\/avatar\\\/9f0fea5e6bfa4d7107fbd7ea5e27d73cdca4f791f880e9f9f4171ecd42a7d395?s=96&d=mm&r=g\",\"url\":\"https:\\\/\\\/secure.gravatar.com\\\/avatar\\\/9f0fea5e6bfa4d7107fbd7ea5e27d73cdca4f791f880e9f9f4171ecd42a7d395?s=96&d=mm&r=g\",\"contentUrl\":\"https:\\\/\\\/secure.gravatar.com\\\/avatar\\\/9f0fea5e6bfa4d7107fbd7ea5e27d73cdca4f791f880e9f9f4171ecd42a7d395?s=96&d=mm&r=g\",\"caption\":\"Vicent\"},\"sameAs\":[\"https:\\\/\\\/aeeolica.org\"],\"url\":\"https:\\\/\\\/aeeolica.org\\\/en\\\/author\\\/vicent\\\/\"}]}<\/script>\n<!-- \/ Yoast SEO plugin. -->","yoast_head_json":{"title":"\u00bfPor qu\u00e9 la e\u00f3lica es un buen negocio para la economia espa\u00f1ola? Por Sonia Franco, directora de comunicaci\u00f3n de AEE - Asociaci\u00f3n Empresarial E\u00f3lica","description":"98, \u00bfPor qu\u00e9 la e\u00f3lica es un buen negocio para la economia espa\u00f1ola? Por Sonia Franco, directora de comunicaci\u00f3n de AEE,","robots":{"index":"index","follow":"follow","max-snippet":"max-snippet:-1","max-image-preview":"max-image-preview:large","max-video-preview":"max-video-preview:-1"},"canonical":"https:\/\/aeeolica.org\/c2-bfpor-que-la-eolica-es-un-buen-negocio-para-la-economia-espanola-por-sonia-franco-directora-de-comunicacion-de-aee\/","og_locale":"en_US","og_type":"article","og_title":"\u00bfPor qu\u00e9 la e\u00f3lica es un buen negocio para la economia espa\u00f1ola? Por Sonia Franco, directora de comunicaci\u00f3n de AEE - Asociaci\u00f3n Empresarial E\u00f3lica","og_description":"98, \u00bfPor qu\u00e9 la e\u00f3lica es un buen negocio para la economia espa\u00f1ola? Por Sonia Franco, directora de comunicaci\u00f3n de AEE,","og_url":"https:\/\/aeeolica.org\/c2-bfpor-que-la-eolica-es-un-buen-negocio-para-la-economia-espanola-por-sonia-franco-directora-de-comunicacion-de-aee\/","og_site_name":"Asociaci\u00f3n Empresarial E\u00f3lica","article_publisher":"https:\/\/www.facebook.com\/aeeolica","article_published_time":"2011-01-04T20:21:52+00:00","article_modified_time":"2011-03-28T20:21:52+00:00","og_image":[{"url":"https:\/\/aeeolica.org\/wp-content\/uploads\/2007\/01\/pdf.png","type":"","width":"","height":""}],"author":"Vicent","twitter_card":"summary_large_image","twitter_creator":"@aeeolica","twitter_site":"@aeeolica","twitter_misc":{"Written by":"Vicent"},"schema":{"@context":"https:\/\/schema.org","@graph":[{"@type":"Article","@id":"https:\/\/aeeolica.org\/c2-bfpor-que-la-eolica-es-un-buen-negocio-para-la-economia-espanola-por-sonia-franco-directora-de-comunicacion-de-aee\/#article","isPartOf":{"@id":"https:\/\/aeeolica.org\/c2-bfpor-que-la-eolica-es-un-buen-negocio-para-la-economia-espanola-por-sonia-franco-directora-de-comunicacion-de-aee\/"},"author":{"name":"Vicent","@id":"https:\/\/aeeolica.org\/#\/schema\/person\/6a2517a04d4939d7b273a97e03ad2754"},"headline":"\u00bfPor qu\u00e9 la e\u00f3lica es un buen negocio para la economia espa\u00f1ola? Por Sonia Franco, directora de comunicaci\u00f3n de AEE","datePublished":"2011-01-04T20:21:52+00:00","dateModified":"2011-03-28T20:21:52+00:00","mainEntityOfPage":{"@id":"https:\/\/aeeolica.org\/c2-bfpor-que-la-eolica-es-un-buen-negocio-para-la-economia-espanola-por-sonia-franco-directora-de-comunicacion-de-aee\/"},"wordCount":91,"commentCount":0,"publisher":{"@id":"https:\/\/aeeolica.org\/#organization"},"image":{"@id":"https:\/\/aeeolica.org\/c2-bfpor-que-la-eolica-es-un-buen-negocio-para-la-economia-espanola-por-sonia-franco-directora-de-comunicacion-de-aee\/#primaryimage"},"thumbnailUrl":"https:\/\/aeeolica.org\/wp-content\/uploads\/2007\/01\/pdf.png","articleSection":["AEE Opina a\u00f1o 2011"],"inLanguage":"en-US","potentialAction":[{"@type":"CommentAction","name":"Comment","target":["https:\/\/aeeolica.org\/c2-bfpor-que-la-eolica-es-un-buen-negocio-para-la-economia-espanola-por-sonia-franco-directora-de-comunicacion-de-aee\/#respond"]}]},{"@type":"WebPage","@id":"https:\/\/aeeolica.org\/c2-bfpor-que-la-eolica-es-un-buen-negocio-para-la-economia-espanola-por-sonia-franco-directora-de-comunicacion-de-aee\/","url":"https:\/\/aeeolica.org\/c2-bfpor-que-la-eolica-es-un-buen-negocio-para-la-economia-espanola-por-sonia-franco-directora-de-comunicacion-de-aee\/","name":"\u00bfPor qu\u00e9 la e\u00f3lica es un buen negocio para la economia espa\u00f1ola? Por Sonia Franco, directora de comunicaci\u00f3n de AEE - Asociaci\u00f3n Empresarial E\u00f3lica","isPartOf":{"@id":"https:\/\/aeeolica.org\/#website"},"primaryImageOfPage":{"@id":"https:\/\/aeeolica.org\/c2-bfpor-que-la-eolica-es-un-buen-negocio-para-la-economia-espanola-por-sonia-franco-directora-de-comunicacion-de-aee\/#primaryimage"},"image":{"@id":"https:\/\/aeeolica.org\/c2-bfpor-que-la-eolica-es-un-buen-negocio-para-la-economia-espanola-por-sonia-franco-directora-de-comunicacion-de-aee\/#primaryimage"},"thumbnailUrl":"https:\/\/aeeolica.org\/wp-content\/uploads\/2007\/01\/pdf.png","datePublished":"2011-01-04T20:21:52+00:00","dateModified":"2011-03-28T20:21:52+00:00","description":"98, \u00bfPor qu\u00e9 la e\u00f3lica es un buen negocio para la economia espa\u00f1ola? Por Sonia Franco, directora de comunicaci\u00f3n de AEE,","breadcrumb":{"@id":"https:\/\/aeeolica.org\/c2-bfpor-que-la-eolica-es-un-buen-negocio-para-la-economia-espanola-por-sonia-franco-directora-de-comunicacion-de-aee\/#breadcrumb"},"inLanguage":"en-US","potentialAction":[{"@type":"ReadAction","target":["https:\/\/aeeolica.org\/c2-bfpor-que-la-eolica-es-un-buen-negocio-para-la-economia-espanola-por-sonia-franco-directora-de-comunicacion-de-aee\/"]}]},{"@type":"ImageObject","inLanguage":"en-US","@id":"https:\/\/aeeolica.org\/c2-bfpor-que-la-eolica-es-un-buen-negocio-para-la-economia-espanola-por-sonia-franco-directora-de-comunicacion-de-aee\/#primaryimage","url":"https:\/\/aeeolica.org\/wp-content\/uploads\/2007\/01\/pdf.png","contentUrl":"https:\/\/aeeolica.org\/wp-content\/uploads\/2007\/01\/pdf.png"},{"@type":"BreadcrumbList","@id":"https:\/\/aeeolica.org\/c2-bfpor-que-la-eolica-es-un-buen-negocio-para-la-economia-espanola-por-sonia-franco-directora-de-comunicacion-de-aee\/#breadcrumb","itemListElement":[{"@type":"ListItem","position":1,"name":"Portada","item":"https:\/\/aeeolica.org\/en\/inicio\/"},{"@type":"ListItem","position":2,"name":"\u00bfPor qu\u00e9 la e\u00f3lica es un buen negocio para la economia espa\u00f1ola? Por Sonia Franco, directora de comunicaci\u00f3n de AEE"}]},{"@type":"WebSite","@id":"https:\/\/aeeolica.org\/#website","url":"https:\/\/aeeolica.org\/","name":"Asociaci\u00f3n Empresarial E\u00f3lica","description":"AEE Asociaci\u00f3n Empresarial E\u00f3lica","publisher":{"@id":"https:\/\/aeeolica.org\/#organization"},"potentialAction":[{"@type":"SearchAction","target":{"@type":"EntryPoint","urlTemplate":"https:\/\/aeeolica.org\/?s={search_term_string}"},"query-input":{"@type":"PropertyValueSpecification","valueRequired":true,"valueName":"search_term_string"}}],"inLanguage":"en-US"},{"@type":"Organization","@id":"https:\/\/aeeolica.org\/#organization","name":"Asociaci\u00f3n Empresarial E\u00f3lica","url":"https:\/\/aeeolica.org\/","logo":{"@type":"ImageObject","inLanguage":"en-US","@id":"https:\/\/aeeolica.org\/#\/schema\/logo\/image\/","url":"https:\/\/aeeolica.org\/wp-content\/uploads\/2021\/08\/logo-aee.png","contentUrl":"https:\/\/aeeolica.org\/wp-content\/uploads\/2021\/08\/logo-aee.png","width":180,"height":78,"caption":"Asociaci\u00f3n Empresarial E\u00f3lica"},"image":{"@id":"https:\/\/aeeolica.org\/#\/schema\/logo\/image\/"},"sameAs":["https:\/\/www.facebook.com\/aeeolica","https:\/\/x.com\/aeeolica","https:\/\/www.instagram.com\/aeeolica\/","https:\/\/www.linkedin.com\/in\/aee-asociaci\u00f3n-empresarial-e\u00f3lica-6830946b\/","https:\/\/www.youtube.com\/user\/AEEolica"]},{"@type":"Person","@id":"https:\/\/aeeolica.org\/#\/schema\/person\/6a2517a04d4939d7b273a97e03ad2754","name":"Vicent","image":{"@type":"ImageObject","inLanguage":"en-US","@id":"https:\/\/secure.gravatar.com\/avatar\/9f0fea5e6bfa4d7107fbd7ea5e27d73cdca4f791f880e9f9f4171ecd42a7d395?s=96&d=mm&r=g","url":"https:\/\/secure.gravatar.com\/avatar\/9f0fea5e6bfa4d7107fbd7ea5e27d73cdca4f791f880e9f9f4171ecd42a7d395?s=96&d=mm&r=g","contentUrl":"https:\/\/secure.gravatar.com\/avatar\/9f0fea5e6bfa4d7107fbd7ea5e27d73cdca4f791f880e9f9f4171ecd42a7d395?s=96&d=mm&r=g","caption":"Vicent"},"sameAs":["https:\/\/aeeolica.org"],"url":"https:\/\/aeeolica.org\/en\/author\/vicent\/"}]}},"_links":{"self":[{"href":"https:\/\/aeeolica.org\/en\/wp-json\/wp\/v2\/posts\/14048","targetHints":{"allow":["GET"]}}],"collection":[{"href":"https:\/\/aeeolica.org\/en\/wp-json\/wp\/v2\/posts"}],"about":[{"href":"https:\/\/aeeolica.org\/en\/wp-json\/wp\/v2\/types\/post"}],"author":[{"embeddable":true,"href":"https:\/\/aeeolica.org\/en\/wp-json\/wp\/v2\/users\/1"}],"replies":[{"embeddable":true,"href":"https:\/\/aeeolica.org\/en\/wp-json\/wp\/v2\/comments?post=14048"}],"version-history":[{"count":0,"href":"https:\/\/aeeolica.org\/en\/wp-json\/wp\/v2\/posts\/14048\/revisions"}],"wp:attachment":[{"href":"https:\/\/aeeolica.org\/en\/wp-json\/wp\/v2\/media?parent=14048"}],"wp:term":[{"taxonomy":"category","embeddable":true,"href":"https:\/\/aeeolica.org\/en\/wp-json\/wp\/v2\/categories?post=14048"},{"taxonomy":"post_tag","embeddable":true,"href":"https:\/\/aeeolica.org\/en\/wp-json\/wp\/v2\/tags?post=14048"}],"curies":[{"name":"wp","href":"https:\/\/api.w.org\/{rel}","templated":true}]}}