{"id":14627,"date":"2018-08-02T11:59:08","date_gmt":"2018-08-02T11:59:08","guid":{"rendered":"https:\/\/aeeolica.org\/el-sector-eolico-espanol-participa-en-el-proyecto-flow-de-eolica-marina\/"},"modified":"2018-08-02T11:59:08","modified_gmt":"2018-08-02T11:59:08","slug":"el-sector-eolico-espanol-participa-en-el-proyecto-flow-de-eolica-marina","status":"publish","type":"post","link":"https:\/\/aeeolica.org\/en\/el-sector-eolico-espanol-participa-en-el-proyecto-flow-de-eolica-marina\/","title":{"rendered":"El sector e\u00f3lico espa\u00f1ol participa en el Proyecto Flow de e\u00f3lica marina"},"content":{"rendered":"<p>Diversas empresas espa\u00f1olas participan en el proyecto Flow de I+D de e\u00f3lica <em>offshore<\/em> que investiga una soluci\u00f3n mediante el desarrollo de un aerogenerador flotante y su demostraci\u00f3n a escala real para permitir la construcci\u00f3n de parques e\u00f3licos <em>offshore<\/em> en zonas marinas m\u00e1s profundas.<\/p>\n<p><!--more--><\/p>\n<p>Actualmente la mayor\u00eda de los parques e\u00f3licos <em>offshore<\/em>, est\u00e1n fijados al suelo marino mediante jackets, es decir, las plataformas sobre las que se colocan los aerogeneradores, y que se instalan en aguas con una profundidad m\u00e1xima de 50 a 60 metros), lo que supone una limitaci\u00f3n para el desarrollo del sector.<\/p>\n<p>El proyecto Flow abordar\u00e1 todas las fases de ingenier\u00eda de dise\u00f1o, la ingenier\u00eda de detalle y la ingenier\u00eda de fabricaci\u00f3n de un aerogenerador flotante a escala real, para que el desarrollo de la e\u00f3lica marina sea posible en otros lugares con mayor profundidad del lecho marino y las empresas que participan en el proyecto sean pioneras en iniciativas experimentales que ya est\u00e1n dando sus frutos a nivel comercial.<\/p>\n<p>El grupo empresarial que participa en este proyecto, liderado por Nautilus, cuenta con empresas espa\u00f1olas, y algunas de ellas socias de AEE: Iberdrola Renovables, astilleros de Murueta, Nervi\u00f3n Industries, Navacel, Vicinay, CT, Ormazabal, NEM Solutions, Erreka, HWS Concrete Towers, Uniportbilbao, Foro Mar\u00edtimo Vasco y el Cl\u00faster de Energ\u00eda. El proyecto tambi\u00e9n cuenta con Tecnalia, IK4- Ikerlan, Vicinay Marine Innovation y OCT como agentes de la Red Vasca de Ciencia Tecnolog\u00eda e Innovaci\u00f3n (RVCTI).<\/p>\n<p>El proyecto Flow ha sido financiado por el Departamento de Desarrollo Econ\u00f3mico e Infraestructuras del Gobierno Vasco (Programa HAZITEK) y por el Fondo Europeo de Desarrollo Regional (FEDER). M\u00e1s informaci\u00f3n sobre el proyecto <a href=\"http:\/\/www.clusterenergia.com\/flow\">aqu\u00ed<\/a>.<\/p>\n<p><img decoding=\"async\" class=\" size-full wp-image-14625\" src=\"https:\/\/aeeolica.org\/wp-content\/uploads\/2018\/08\/Flow.jpg\" alt=\"\" width=\"750\" height=\"130\" srcset=\"https:\/\/aeeolica.org\/wp-content\/uploads\/2018\/08\/Flow.jpg 750w, https:\/\/aeeolica.org\/wp-content\/uploads\/2018\/08\/Flow-480x83.jpg 480w\" sizes=\"(min-width: 0px) and (max-width: 480px) 480px, (min-width: 481px) 750px, 100vw\" \/><\/p>\n<p>Maqueta del aerogenerador\u00a0flotante del proyecto Flow<\/p>\n<p style=\"text-align: left;\">\u00a0<\/p>\n<p>\u00a0<\/p>\n<p>\u00a0<\/p>\n","protected":false},"excerpt":{"rendered":"<p>Diversas empresas espa\u00f1olas participan en el proyecto Flow de I+D de e\u00f3lica offshore que investiga una soluci\u00f3n mediante el desarrollo de un aerogenerador flotante y su demostraci\u00f3n a escala real [&hellip;]<\/p>\n","protected":false},"author":1,"featured_media":14625,"comment_status":"open","ping_status":"open","sticky":false,"template":"","format":"standard","meta":{"_acf_changed":false,"_bbp_topic_count":0,"_bbp_reply_count":0,"_bbp_total_topic_count":0,"_bbp_total_reply_count":0,"_bbp_voice_count":0,"_bbp_anonymous_reply_count":0,"_bbp_topic_count_hidden":0,"_bbp_reply_count_hidden":0,"_bbp_forum_subforum_count":0,"_et_pb_use_builder":"","_et_pb_old_content":"","_et_gb_content_width":"","footnotes":""},"categories":[219],"tags":[],"class_list":["post-14627","post","type-post","status-publish","format-standard","has-post-thumbnail","hentry","category-actualidad-eolica"],"acf":[],"yoast_head":"<!-- This site is optimized with the Yoast SEO plugin v27.4 - https:\/\/yoast.com\/product\/yoast-seo-wordpress\/ -->\n<title>El sector e\u00f3lico espa\u00f1ol participa en el Proyecto Flow de e\u00f3lica marina - Asociaci\u00f3n Empresarial E\u00f3lica<\/title>\n<meta name=\"robots\" content=\"index, follow, max-snippet:-1, max-image-preview:large, max-video-preview:-1\" \/>\n<link rel=\"canonical\" href=\"https:\/\/aeeolica.org\/el-sector-eolico-espanol-participa-en-el-proyecto-flow-de-eolica-marina\/\" \/>\n<meta property=\"og:locale\" content=\"en_US\" \/>\n<meta property=\"og:type\" content=\"article\" \/>\n<meta property=\"og:title\" content=\"El sector e\u00f3lico espa\u00f1ol participa en el Proyecto Flow de e\u00f3lica marina - Asociaci\u00f3n Empresarial E\u00f3lica\" \/>\n<meta property=\"og:description\" content=\"Diversas empresas espa\u00f1olas participan en el proyecto Flow de I+D de e\u00f3lica offshore que investiga una soluci\u00f3n mediante el desarrollo de un aerogenerador flotante y su demostraci\u00f3n a escala real [&hellip;]\" \/>\n<meta property=\"og:url\" content=\"https:\/\/aeeolica.org\/el-sector-eolico-espanol-participa-en-el-proyecto-flow-de-eolica-marina\/\" \/>\n<meta property=\"og:site_name\" content=\"Asociaci\u00f3n Empresarial E\u00f3lica\" \/>\n<meta property=\"article:publisher\" content=\"https:\/\/www.facebook.com\/aeeolica\" \/>\n<meta property=\"article:published_time\" content=\"2018-08-02T11:59:08+00:00\" \/>\n<meta property=\"og:image\" content=\"https:\/\/aeeolica.org\/wp-content\/uploads\/2018\/08\/Flow.jpg\" \/>\n\t<meta property=\"og:image:width\" content=\"750\" \/>\n\t<meta property=\"og:image:height\" content=\"130\" \/>\n\t<meta property=\"og:image:type\" content=\"image\/jpeg\" \/>\n<meta name=\"author\" content=\"Vicent\" \/>\n<meta name=\"twitter:card\" content=\"summary_large_image\" \/>\n<meta name=\"twitter:creator\" content=\"@aeeolica\" \/>\n<meta name=\"twitter:site\" content=\"@aeeolica\" \/>\n<meta name=\"twitter:label1\" content=\"Written by\" \/>\n\t<meta name=\"twitter:data1\" content=\"Vicent\" \/>\n\t<meta name=\"twitter:label2\" content=\"Est. reading time\" \/>\n\t<meta name=\"twitter:data2\" content=\"2 minutes\" \/>\n<script type=\"application\/ld+json\" class=\"yoast-schema-graph\">{\"@context\":\"https:\\\/\\\/schema.org\",\"@graph\":[{\"@type\":\"Article\",\"@id\":\"https:\\\/\\\/aeeolica.org\\\/el-sector-eolico-espanol-participa-en-el-proyecto-flow-de-eolica-marina\\\/#article\",\"isPartOf\":{\"@id\":\"https:\\\/\\\/aeeolica.org\\\/el-sector-eolico-espanol-participa-en-el-proyecto-flow-de-eolica-marina\\\/\"},\"author\":{\"name\":\"Vicent\",\"@id\":\"https:\\\/\\\/aeeolica.org\\\/#\\\/schema\\\/person\\\/6a2517a04d4939d7b273a97e03ad2754\"},\"headline\":\"El sector e\u00f3lico espa\u00f1ol participa en el Proyecto Flow de e\u00f3lica marina\",\"datePublished\":\"2018-08-02T11:59:08+00:00\",\"mainEntityOfPage\":{\"@id\":\"https:\\\/\\\/aeeolica.org\\\/el-sector-eolico-espanol-participa-en-el-proyecto-flow-de-eolica-marina\\\/\"},\"wordCount\":321,\"commentCount\":0,\"publisher\":{\"@id\":\"https:\\\/\\\/aeeolica.org\\\/#organization\"},\"image\":{\"@id\":\"https:\\\/\\\/aeeolica.org\\\/el-sector-eolico-espanol-participa-en-el-proyecto-flow-de-eolica-marina\\\/#primaryimage\"},\"thumbnailUrl\":\"https:\\\/\\\/aeeolica.org\\\/wp-content\\\/uploads\\\/2018\\\/08\\\/Flow.jpg\",\"articleSection\":[\"Actualidad E\u00f3lica\"],\"inLanguage\":\"en-US\",\"potentialAction\":[{\"@type\":\"CommentAction\",\"name\":\"Comment\",\"target\":[\"https:\\\/\\\/aeeolica.org\\\/el-sector-eolico-espanol-participa-en-el-proyecto-flow-de-eolica-marina\\\/#respond\"]}]},{\"@type\":\"WebPage\",\"@id\":\"https:\\\/\\\/aeeolica.org\\\/el-sector-eolico-espanol-participa-en-el-proyecto-flow-de-eolica-marina\\\/\",\"url\":\"https:\\\/\\\/aeeolica.org\\\/el-sector-eolico-espanol-participa-en-el-proyecto-flow-de-eolica-marina\\\/\",\"name\":\"El sector e\u00f3lico espa\u00f1ol participa en el Proyecto Flow de e\u00f3lica marina - Asociaci\u00f3n Empresarial E\u00f3lica\",\"isPartOf\":{\"@id\":\"https:\\\/\\\/aeeolica.org\\\/#website\"},\"primaryImageOfPage\":{\"@id\":\"https:\\\/\\\/aeeolica.org\\\/el-sector-eolico-espanol-participa-en-el-proyecto-flow-de-eolica-marina\\\/#primaryimage\"},\"image\":{\"@id\":\"https:\\\/\\\/aeeolica.org\\\/el-sector-eolico-espanol-participa-en-el-proyecto-flow-de-eolica-marina\\\/#primaryimage\"},\"thumbnailUrl\":\"https:\\\/\\\/aeeolica.org\\\/wp-content\\\/uploads\\\/2018\\\/08\\\/Flow.jpg\",\"datePublished\":\"2018-08-02T11:59:08+00:00\",\"breadcrumb\":{\"@id\":\"https:\\\/\\\/aeeolica.org\\\/el-sector-eolico-espanol-participa-en-el-proyecto-flow-de-eolica-marina\\\/#breadcrumb\"},\"inLanguage\":\"en-US\",\"potentialAction\":[{\"@type\":\"ReadAction\",\"target\":[\"https:\\\/\\\/aeeolica.org\\\/el-sector-eolico-espanol-participa-en-el-proyecto-flow-de-eolica-marina\\\/\"]}]},{\"@type\":\"ImageObject\",\"inLanguage\":\"en-US\",\"@id\":\"https:\\\/\\\/aeeolica.org\\\/el-sector-eolico-espanol-participa-en-el-proyecto-flow-de-eolica-marina\\\/#primaryimage\",\"url\":\"https:\\\/\\\/aeeolica.org\\\/wp-content\\\/uploads\\\/2018\\\/08\\\/Flow.jpg\",\"contentUrl\":\"https:\\\/\\\/aeeolica.org\\\/wp-content\\\/uploads\\\/2018\\\/08\\\/Flow.jpg\",\"width\":750,\"height\":130},{\"@type\":\"BreadcrumbList\",\"@id\":\"https:\\\/\\\/aeeolica.org\\\/el-sector-eolico-espanol-participa-en-el-proyecto-flow-de-eolica-marina\\\/#breadcrumb\",\"itemListElement\":[{\"@type\":\"ListItem\",\"position\":1,\"name\":\"Portada\",\"item\":\"https:\\\/\\\/aeeolica.org\\\/en\\\/inicio\\\/\"},{\"@type\":\"ListItem\",\"position\":2,\"name\":\"El sector e\u00f3lico espa\u00f1ol participa en el Proyecto Flow de e\u00f3lica marina\"}]},{\"@type\":\"WebSite\",\"@id\":\"https:\\\/\\\/aeeolica.org\\\/#website\",\"url\":\"https:\\\/\\\/aeeolica.org\\\/\",\"name\":\"Asociaci\u00f3n Empresarial E\u00f3lica\",\"description\":\"AEE Asociaci\u00f3n Empresarial E\u00f3lica\",\"publisher\":{\"@id\":\"https:\\\/\\\/aeeolica.org\\\/#organization\"},\"potentialAction\":[{\"@type\":\"SearchAction\",\"target\":{\"@type\":\"EntryPoint\",\"urlTemplate\":\"https:\\\/\\\/aeeolica.org\\\/?s={search_term_string}\"},\"query-input\":{\"@type\":\"PropertyValueSpecification\",\"valueRequired\":true,\"valueName\":\"search_term_string\"}}],\"inLanguage\":\"en-US\"},{\"@type\":\"Organization\",\"@id\":\"https:\\\/\\\/aeeolica.org\\\/#organization\",\"name\":\"Asociaci\u00f3n Empresarial E\u00f3lica\",\"url\":\"https:\\\/\\\/aeeolica.org\\\/\",\"logo\":{\"@type\":\"ImageObject\",\"inLanguage\":\"en-US\",\"@id\":\"https:\\\/\\\/aeeolica.org\\\/#\\\/schema\\\/logo\\\/image\\\/\",\"url\":\"https:\\\/\\\/aeeolica.org\\\/wp-content\\\/uploads\\\/2021\\\/08\\\/logo-aee.png\",\"contentUrl\":\"https:\\\/\\\/aeeolica.org\\\/wp-content\\\/uploads\\\/2021\\\/08\\\/logo-aee.png\",\"width\":180,\"height\":78,\"caption\":\"Asociaci\u00f3n Empresarial E\u00f3lica\"},\"image\":{\"@id\":\"https:\\\/\\\/aeeolica.org\\\/#\\\/schema\\\/logo\\\/image\\\/\"},\"sameAs\":[\"https:\\\/\\\/www.facebook.com\\\/aeeolica\",\"https:\\\/\\\/x.com\\\/aeeolica\",\"https:\\\/\\\/www.instagram.com\\\/aeeolica\\\/\",\"https:\\\/\\\/www.linkedin.com\\\/in\\\/aee-asociaci\u00f3n-empresarial-e\u00f3lica-6830946b\\\/\",\"https:\\\/\\\/www.youtube.com\\\/user\\\/AEEolica\"]},{\"@type\":\"Person\",\"@id\":\"https:\\\/\\\/aeeolica.org\\\/#\\\/schema\\\/person\\\/6a2517a04d4939d7b273a97e03ad2754\",\"name\":\"Vicent\",\"image\":{\"@type\":\"ImageObject\",\"inLanguage\":\"en-US\",\"@id\":\"https:\\\/\\\/secure.gravatar.com\\\/avatar\\\/9f0fea5e6bfa4d7107fbd7ea5e27d73cdca4f791f880e9f9f4171ecd42a7d395?s=96&d=mm&r=g\",\"url\":\"https:\\\/\\\/secure.gravatar.com\\\/avatar\\\/9f0fea5e6bfa4d7107fbd7ea5e27d73cdca4f791f880e9f9f4171ecd42a7d395?s=96&d=mm&r=g\",\"contentUrl\":\"https:\\\/\\\/secure.gravatar.com\\\/avatar\\\/9f0fea5e6bfa4d7107fbd7ea5e27d73cdca4f791f880e9f9f4171ecd42a7d395?s=96&d=mm&r=g\",\"caption\":\"Vicent\"},\"sameAs\":[\"https:\\\/\\\/aeeolica.org\"],\"url\":\"https:\\\/\\\/aeeolica.org\\\/en\\\/author\\\/vicent\\\/\"}]}<\/script>\n<!-- \/ Yoast SEO plugin. -->","yoast_head_json":{"title":"El sector e\u00f3lico espa\u00f1ol participa en el Proyecto Flow de e\u00f3lica marina - Asociaci\u00f3n Empresarial E\u00f3lica","robots":{"index":"index","follow":"follow","max-snippet":"max-snippet:-1","max-image-preview":"max-image-preview:large","max-video-preview":"max-video-preview:-1"},"canonical":"https:\/\/aeeolica.org\/el-sector-eolico-espanol-participa-en-el-proyecto-flow-de-eolica-marina\/","og_locale":"en_US","og_type":"article","og_title":"El sector e\u00f3lico espa\u00f1ol participa en el Proyecto Flow de e\u00f3lica marina - Asociaci\u00f3n Empresarial E\u00f3lica","og_description":"Diversas empresas espa\u00f1olas participan en el proyecto Flow de I+D de e\u00f3lica offshore que investiga una soluci\u00f3n mediante el desarrollo de un aerogenerador flotante y su demostraci\u00f3n a escala real [&hellip;]","og_url":"https:\/\/aeeolica.org\/el-sector-eolico-espanol-participa-en-el-proyecto-flow-de-eolica-marina\/","og_site_name":"Asociaci\u00f3n Empresarial E\u00f3lica","article_publisher":"https:\/\/www.facebook.com\/aeeolica","article_published_time":"2018-08-02T11:59:08+00:00","og_image":[{"width":750,"height":130,"url":"https:\/\/aeeolica.org\/wp-content\/uploads\/2018\/08\/Flow.jpg","type":"image\/jpeg"}],"author":"Vicent","twitter_card":"summary_large_image","twitter_creator":"@aeeolica","twitter_site":"@aeeolica","twitter_misc":{"Written by":"Vicent","Est. reading time":"2 minutes"},"schema":{"@context":"https:\/\/schema.org","@graph":[{"@type":"Article","@id":"https:\/\/aeeolica.org\/el-sector-eolico-espanol-participa-en-el-proyecto-flow-de-eolica-marina\/#article","isPartOf":{"@id":"https:\/\/aeeolica.org\/el-sector-eolico-espanol-participa-en-el-proyecto-flow-de-eolica-marina\/"},"author":{"name":"Vicent","@id":"https:\/\/aeeolica.org\/#\/schema\/person\/6a2517a04d4939d7b273a97e03ad2754"},"headline":"El sector e\u00f3lico espa\u00f1ol participa en el Proyecto Flow de e\u00f3lica marina","datePublished":"2018-08-02T11:59:08+00:00","mainEntityOfPage":{"@id":"https:\/\/aeeolica.org\/el-sector-eolico-espanol-participa-en-el-proyecto-flow-de-eolica-marina\/"},"wordCount":321,"commentCount":0,"publisher":{"@id":"https:\/\/aeeolica.org\/#organization"},"image":{"@id":"https:\/\/aeeolica.org\/el-sector-eolico-espanol-participa-en-el-proyecto-flow-de-eolica-marina\/#primaryimage"},"thumbnailUrl":"https:\/\/aeeolica.org\/wp-content\/uploads\/2018\/08\/Flow.jpg","articleSection":["Actualidad E\u00f3lica"],"inLanguage":"en-US","potentialAction":[{"@type":"CommentAction","name":"Comment","target":["https:\/\/aeeolica.org\/el-sector-eolico-espanol-participa-en-el-proyecto-flow-de-eolica-marina\/#respond"]}]},{"@type":"WebPage","@id":"https:\/\/aeeolica.org\/el-sector-eolico-espanol-participa-en-el-proyecto-flow-de-eolica-marina\/","url":"https:\/\/aeeolica.org\/el-sector-eolico-espanol-participa-en-el-proyecto-flow-de-eolica-marina\/","name":"El sector e\u00f3lico espa\u00f1ol participa en el Proyecto Flow de e\u00f3lica marina - Asociaci\u00f3n Empresarial E\u00f3lica","isPartOf":{"@id":"https:\/\/aeeolica.org\/#website"},"primaryImageOfPage":{"@id":"https:\/\/aeeolica.org\/el-sector-eolico-espanol-participa-en-el-proyecto-flow-de-eolica-marina\/#primaryimage"},"image":{"@id":"https:\/\/aeeolica.org\/el-sector-eolico-espanol-participa-en-el-proyecto-flow-de-eolica-marina\/#primaryimage"},"thumbnailUrl":"https:\/\/aeeolica.org\/wp-content\/uploads\/2018\/08\/Flow.jpg","datePublished":"2018-08-02T11:59:08+00:00","breadcrumb":{"@id":"https:\/\/aeeolica.org\/el-sector-eolico-espanol-participa-en-el-proyecto-flow-de-eolica-marina\/#breadcrumb"},"inLanguage":"en-US","potentialAction":[{"@type":"ReadAction","target":["https:\/\/aeeolica.org\/el-sector-eolico-espanol-participa-en-el-proyecto-flow-de-eolica-marina\/"]}]},{"@type":"ImageObject","inLanguage":"en-US","@id":"https:\/\/aeeolica.org\/el-sector-eolico-espanol-participa-en-el-proyecto-flow-de-eolica-marina\/#primaryimage","url":"https:\/\/aeeolica.org\/wp-content\/uploads\/2018\/08\/Flow.jpg","contentUrl":"https:\/\/aeeolica.org\/wp-content\/uploads\/2018\/08\/Flow.jpg","width":750,"height":130},{"@type":"BreadcrumbList","@id":"https:\/\/aeeolica.org\/el-sector-eolico-espanol-participa-en-el-proyecto-flow-de-eolica-marina\/#breadcrumb","itemListElement":[{"@type":"ListItem","position":1,"name":"Portada","item":"https:\/\/aeeolica.org\/en\/inicio\/"},{"@type":"ListItem","position":2,"name":"El sector e\u00f3lico espa\u00f1ol participa en el Proyecto Flow de e\u00f3lica marina"}]},{"@type":"WebSite","@id":"https:\/\/aeeolica.org\/#website","url":"https:\/\/aeeolica.org\/","name":"Asociaci\u00f3n Empresarial E\u00f3lica","description":"AEE Asociaci\u00f3n Empresarial E\u00f3lica","publisher":{"@id":"https:\/\/aeeolica.org\/#organization"},"potentialAction":[{"@type":"SearchAction","target":{"@type":"EntryPoint","urlTemplate":"https:\/\/aeeolica.org\/?s={search_term_string}"},"query-input":{"@type":"PropertyValueSpecification","valueRequired":true,"valueName":"search_term_string"}}],"inLanguage":"en-US"},{"@type":"Organization","@id":"https:\/\/aeeolica.org\/#organization","name":"Asociaci\u00f3n Empresarial E\u00f3lica","url":"https:\/\/aeeolica.org\/","logo":{"@type":"ImageObject","inLanguage":"en-US","@id":"https:\/\/aeeolica.org\/#\/schema\/logo\/image\/","url":"https:\/\/aeeolica.org\/wp-content\/uploads\/2021\/08\/logo-aee.png","contentUrl":"https:\/\/aeeolica.org\/wp-content\/uploads\/2021\/08\/logo-aee.png","width":180,"height":78,"caption":"Asociaci\u00f3n Empresarial E\u00f3lica"},"image":{"@id":"https:\/\/aeeolica.org\/#\/schema\/logo\/image\/"},"sameAs":["https:\/\/www.facebook.com\/aeeolica","https:\/\/x.com\/aeeolica","https:\/\/www.instagram.com\/aeeolica\/","https:\/\/www.linkedin.com\/in\/aee-asociaci\u00f3n-empresarial-e\u00f3lica-6830946b\/","https:\/\/www.youtube.com\/user\/AEEolica"]},{"@type":"Person","@id":"https:\/\/aeeolica.org\/#\/schema\/person\/6a2517a04d4939d7b273a97e03ad2754","name":"Vicent","image":{"@type":"ImageObject","inLanguage":"en-US","@id":"https:\/\/secure.gravatar.com\/avatar\/9f0fea5e6bfa4d7107fbd7ea5e27d73cdca4f791f880e9f9f4171ecd42a7d395?s=96&d=mm&r=g","url":"https:\/\/secure.gravatar.com\/avatar\/9f0fea5e6bfa4d7107fbd7ea5e27d73cdca4f791f880e9f9f4171ecd42a7d395?s=96&d=mm&r=g","contentUrl":"https:\/\/secure.gravatar.com\/avatar\/9f0fea5e6bfa4d7107fbd7ea5e27d73cdca4f791f880e9f9f4171ecd42a7d395?s=96&d=mm&r=g","caption":"Vicent"},"sameAs":["https:\/\/aeeolica.org"],"url":"https:\/\/aeeolica.org\/en\/author\/vicent\/"}]}},"_links":{"self":[{"href":"https:\/\/aeeolica.org\/en\/wp-json\/wp\/v2\/posts\/14627","targetHints":{"allow":["GET"]}}],"collection":[{"href":"https:\/\/aeeolica.org\/en\/wp-json\/wp\/v2\/posts"}],"about":[{"href":"https:\/\/aeeolica.org\/en\/wp-json\/wp\/v2\/types\/post"}],"author":[{"embeddable":true,"href":"https:\/\/aeeolica.org\/en\/wp-json\/wp\/v2\/users\/1"}],"replies":[{"embeddable":true,"href":"https:\/\/aeeolica.org\/en\/wp-json\/wp\/v2\/comments?post=14627"}],"version-history":[{"count":0,"href":"https:\/\/aeeolica.org\/en\/wp-json\/wp\/v2\/posts\/14627\/revisions"}],"wp:featuredmedia":[{"embeddable":true,"href":"https:\/\/aeeolica.org\/en\/wp-json\/wp\/v2\/media\/14625"}],"wp:attachment":[{"href":"https:\/\/aeeolica.org\/en\/wp-json\/wp\/v2\/media?parent=14627"}],"wp:term":[{"taxonomy":"category","embeddable":true,"href":"https:\/\/aeeolica.org\/en\/wp-json\/wp\/v2\/categories?post=14627"},{"taxonomy":"post_tag","embeddable":true,"href":"https:\/\/aeeolica.org\/en\/wp-json\/wp\/v2\/tags?post=14627"}],"curies":[{"name":"wp","href":"https:\/\/api.w.org\/{rel}","templated":true}]}}