{"id":148632,"date":"2023-05-30T18:31:53","date_gmt":"2023-05-30T16:31:53","guid":{"rendered":"https:\/\/aeeolica.org\/?p=148632"},"modified":"2023-05-30T18:31:56","modified_gmt":"2023-05-30T16:31:56","slug":"clausura-de-la-jornada-windtalent-2023-con-diagnostico-de-las-necesidades-de-los-nuevos-empleos-necesarios-para-el-sector-eolico","status":"publish","type":"post","link":"https:\/\/aeeolica.org\/en\/clausura-de-la-jornada-windtalent-2023-con-diagnostico-de-las-necesidades-de-los-nuevos-empleos-necesarios-para-el-sector-eolico\/","title":{"rendered":"Clausura de la jornada WindTalent 2023 con diagn\u00f3stico de las necesidades de los nuevos empleos necesarios para el sector e\u00f3lico"},"content":{"rendered":"\n<p><strong>El sector e\u00f3lico  duplicar\u00e1 empleos en menos de 10 a\u00f1os.<\/strong><\/p>\n\n\n\n<p><strong>#WindTalent, desde 2019, es el evento anual de referencia, que congrega a representantes de RRHH, Talento y Formaci\u00f3n de empresas del sector e\u00f3lico, expertos de consultoras de selecci\u00f3n y j\u00f3venes profesionales que han elegido la e\u00f3lica como sector donde iniciar su carrera profesional, as\u00ed como a estudiantes que en su \u00faltima etapa de formaci\u00f3n deciden sobre su trayectoria profesional<\/strong>. Este evento, organizado por la <strong>Asociaci\u00f3n Empresarial E\u00f3lica (AEE)<\/strong> en colaboraci\u00f3n con la <strong>Universidad Polit\u00e9cnica de Madrid<\/strong>, analiza los retos en la atracci\u00f3n de talento y el crecimiento del empleo en el sector e\u00f3lico, as\u00ed como las motivaciones de empresas y profesionales para que la e\u00f3lica sea una de las principales fuentes de empleo y con mayor crecimiento y solidez en el sector energ\u00e9tico, contribuyendo as\u00ed a la recuperaci\u00f3n econ\u00f3mica de nuestro pa\u00eds.<br><br>El sector e\u00f3lico espa\u00f1ol emplea a m\u00e1s de 30.000 personas, creando cinco veces m\u00e1s empleo que las tecnolog\u00edas convencionales. Para alcanzar el objetivo de 50.000 MW e\u00f3licos instalados (objetivos del actual PNIEC), la cifra de empleo actual debe duplicarse a 2030. Por ello, es clave para el sector presentar las oportunidades laborales en las distintas \u00e1reas y disciplinas como las ingenieras, econ\u00f3micas, derecho, comunicaci\u00f3n, marketing, etc.<br><br>El sector e\u00f3lico espa\u00f1ol es estrat\u00e9gico para la recuperaci\u00f3n econ\u00f3mica. Las empresas del sector necesitan incorporar en la pr\u00f3xima d\u00e9cada nuevos profesionales que sumar\u00e1n valor al cambio. El sector e\u00f3lico espa\u00f1ol tiene un fuerte entramado industrial con empresas pioneras y l\u00edderes mundiales en innovaci\u00f3n y tecnolog\u00eda, con generaci\u00f3n de empleo muy especializado. El empleo en un sector tecnol\u00f3gico como el e\u00f3lico requiere un importante nivel de formaci\u00f3n. Adem\u00e1s, la empleabilidad de los alumnos con especializaci\u00f3n en energ\u00edas renovables es muy elevada en comparaci\u00f3n con otros sectores industriales.<br><br>La creaci\u00f3n de empleo de valor a\u00f1adido y el desarrollo de carreras profesionales de largo recorrido est\u00e1 \u00edntimamente relacionado con las empresas e\u00f3licas, con ADN industrial y tecnol\u00f3gico y con estrategias de inversi\u00f3n a largo plazo. Para conseguir maximizar la creaci\u00f3n y el mantenimiento del empleo en sectores estrat\u00e9gicos para la econom\u00eda de un pa\u00eds como el e\u00f3lico, los cuales se ven directamente afectados por la regulaci\u00f3n y las pol\u00edticas sectoriales, es necesario generar consenso pol\u00edtico en el largo plazo, que se mantenga incluso durante coyunturas como la actual. La seguridad en las inversiones a largo plazo trae consigo la seguridad en la creaci\u00f3n, el crecimiento y el mantenimiento del empleo.<br><br><strong><u>La edici\u00f3n de este a\u00f1o, #WindTalent 2023<\/u><\/strong><br>Para la celebraci\u00f3n de esta nueva edici\u00f3n nos hemos centrado en los estudiantes en los \u00faltimos cursos universitarios de ingenier\u00edas y en los estudiantes de m\u00e1steres especializados. Las empresas que han participado son <strong>Iberdrola, Navantia Seanergies, Siemens Gamesa, Naturgy, BayWa, re, Capital Energy, Greenalia, Vestas, EDPR, Grupo Arrate, Statkraft y Mott MacDonald<\/strong>.<br><br>Los principales objetivos de este a\u00f1o han sido principalmente dos:<br><br>1.\u00a0\u00a0\u00a0\u00a0\u00a0\u00a0\u00a0\u00a0\u00a0\u00a0 Presentar las necesidades actuales de las empresas del sector e\u00f3lico en su selecci\u00f3n de profesionales, tratando de dar una visi\u00f3n concreta a los estudiantes de las salidas profesionales existentes en el sector e\u00f3lico. En la ronda de empresas se han detallado perfiles concretos y se han dado recomendaciones para salir airosos de los procesos de selecci\u00f3n.<br>2.\u00a0\u00a0\u00a0\u00a0\u00a0\u00a0\u00a0\u00a0\u00a0\u00a0 Escuchar experiencias de j\u00f3venes profesionales e\u00f3licos que han compartido con los futuros ingenieros su trayectoria profesional y han ofrecido ejemplos para desarrollar sus carreras profesionales en el sector e\u00f3lico.<br><br>Las empresas espa\u00f1olas de la cadena de valor de la energ\u00eda e\u00f3lica constituyen un tejido empresarial din\u00e1mico, innovador y l\u00edder mundial en innovaci\u00f3n y tecnolog\u00eda, con la generaci\u00f3n de empleo muy especializado y bien remunerado. En esta jornada se ha reflexionado sobre la cadena de valor de la gesti\u00f3n del talento en el sector e\u00f3lico y sobre las necesidades futuras de las empresas e\u00f3licas para atraer talento, as\u00ed como la oferta acad\u00e9mica existente para seguir avanzando en la Transici\u00f3n Energ\u00e9tica.<br><br>Uno de los temas protagonistas durante la jornada ha sido dar respuesta a la pregunta \u00bfse est\u00e1 formando a los j\u00f3venes en los nuevos empleos que van a surgir durante la transici\u00f3n energ\u00e9tica? \u201cLa formaci\u00f3n acad\u00e9mica y la formaci\u00f3n empresarial son una parte fundamental para el crecimiento de la persona y las empresas juegan un papel importante a la hora de completar la formaci\u00f3n de sus empleados. En la actualidad, vivimos un momento de crecimiento en el sector renovable que se traduce en un pico de demanda de talento muy alta, y no debemos olvidarnos de mejorar la formaci\u00f3n de las nuevas generaciones dentro de las empresas y asegurarnos de disponer de talento especializado en energ\u00edas renovables\u201d afirmaba <strong>Juan Virgilio M\u00e1rquez<\/strong>, CEO de <strong>AEE<\/strong>, en la inauguraci\u00f3n de la WindTalent. \u201cNos encontramos ante una situaci\u00f3n \u00fanica de crecimiento profesional y oportunidades, que debemos aprovechar.\u00a0 El sector e\u00f3lico en Espa\u00f1a, que cuenta con el 100% de la cadena de valor, necesita incorporar en la pr\u00f3xima d\u00e9cada nuevos profesionales que sumar\u00e1n valor al cambio. Nuevos profesionales y tambi\u00e9n nuevas profesiones, tanto en \u00e1reas ya consolidadas del sector como tambi\u00e9n en \u00e1mbitos emergentes en nuestro pa\u00eds como la e\u00f3lica marina\u201d a\u00f1ad\u00eda Juan\u00a0 Virgilio\u00a0M\u00e1rquez.<br><br>Por su parte,\u00a0<strong>Isabel Carrillo<\/strong>, <strong>Catedr\u00e1tica de la Universidad Polit\u00e9cnica de Madrid y Directora de la ETS de Ingenier\u00eda y Dise\u00f1o Industrial<\/strong>, donde ha tenido lugar\u00a0el evento, ha indicado que la UPM es el mejor lugar para celebrar WindTalent ya que es el foro de encuentro de multitud de escuelas que ya participan en el sector e\u00f3lico liderando programas de empleo y talento. \u201cA trav\u00e9s de estas iniciativas promovemos que la empresa y la universidad deben estar unidos para responder a los retos de objetivos sostenibles de cara a 2030\u201d, ha destacado Carrillo, quien adem\u00e1s ha animado a los estudiantes asistentes a que consideren el sector e\u00f3lico como un sector empleador en Espa\u00f1a.<\/p>\n\n\n\n<p><\/p>\n\n\n\n<p>La <strong>Asociaci\u00f3n Empresarial E\u00f3lica (AEE)<\/strong> es la voz del sector e\u00f3lico en Espa\u00f1a, promoviendo el uso de la energ\u00eda e\u00f3lica en nuestro pa\u00eds, en Europa y en el mundo entero, adem\u00e1s de representar y defender los intereses del sector. <strong>AEE<\/strong> cuenta con m\u00e1s de 300 empresas asociadas y representa a m\u00e1s del 90% del sector en Espa\u00f1a, que incluye a los promotores, los fabricantes de aerogeneradores y componentes, asociaciones nacionales y regionales, organizaciones ligadas al sector, consultores, abogados y entidades financieras y aseguradoras, entre otros. En <a href=\"http:\/\/www.aeeolica.org\">www.aeeolica.org<\/a> m\u00e1s informaci\u00f3n.<\/p>\n\n\n\n<p><br><\/p>\n","protected":false},"excerpt":{"rendered":"<p>El sector e\u00f3lico duplicar\u00e1 empleos en menos de 10 a\u00f1os. #WindTalent, desde 2019, es el evento anual de referencia, que congrega a representantes de RRHH, Talento y Formaci\u00f3n de empresas [&hellip;]<\/p>\n","protected":false},"author":2,"featured_media":148671,"comment_status":"open","ping_status":"open","sticky":false,"template":"","format":"standard","meta":{"_acf_changed":false,"_bbp_topic_count":0,"_bbp_reply_count":0,"_bbp_total_topic_count":0,"_bbp_total_reply_count":0,"_bbp_voice_count":0,"_bbp_anonymous_reply_count":0,"_bbp_topic_count_hidden":0,"_bbp_reply_count_hidden":0,"_bbp_forum_subforum_count":0,"_et_pb_use_builder":"","_et_pb_old_content":"","_et_gb_content_width":"","footnotes":""},"categories":[453],"tags":[],"class_list":["post-148632","post","type-post","status-publish","format-standard","has-post-thumbnail","hentry","category-453"],"acf":[],"yoast_head":"<!-- This site is optimized with the Yoast SEO plugin v27.4 - https:\/\/yoast.com\/product\/yoast-seo-wordpress\/ -->\n<title>Clausura de la jornada WindTalent 2023 con diagn\u00f3stico de las necesidades de los nuevos empleos necesarios para el sector e\u00f3lico - Asociaci\u00f3n Empresarial E\u00f3lica<\/title>\n<meta name=\"robots\" content=\"index, follow, max-snippet:-1, max-image-preview:large, max-video-preview:-1\" \/>\n<link rel=\"canonical\" href=\"https:\/\/aeeolica.org\/clausura-de-la-jornada-windtalent-2023-con-diagnostico-de-las-necesidades-de-los-nuevos-empleos-necesarios-para-el-sector-eolico\/\" \/>\n<meta property=\"og:locale\" content=\"en_US\" \/>\n<meta property=\"og:type\" content=\"article\" \/>\n<meta property=\"og:title\" content=\"Clausura de la jornada WindTalent 2023 con diagn\u00f3stico de las necesidades de los nuevos empleos necesarios para el sector e\u00f3lico - Asociaci\u00f3n Empresarial E\u00f3lica\" \/>\n<meta property=\"og:description\" content=\"El sector e\u00f3lico duplicar\u00e1 empleos en menos de 10 a\u00f1os. #WindTalent, desde 2019, es el evento anual de referencia, que congrega a representantes de RRHH, Talento y Formaci\u00f3n de empresas [&hellip;]\" \/>\n<meta property=\"og:url\" content=\"https:\/\/aeeolica.org\/clausura-de-la-jornada-windtalent-2023-con-diagnostico-de-las-necesidades-de-los-nuevos-empleos-necesarios-para-el-sector-eolico\/\" \/>\n<meta property=\"og:site_name\" content=\"Asociaci\u00f3n Empresarial E\u00f3lica\" \/>\n<meta property=\"article:publisher\" content=\"https:\/\/www.facebook.com\/aeeolica\" \/>\n<meta property=\"article:published_time\" content=\"2023-05-30T16:31:53+00:00\" \/>\n<meta property=\"article:modified_time\" content=\"2023-05-30T16:31:56+00:00\" \/>\n<meta property=\"og:image\" content=\"https:\/\/aeeolica.org\/wp-content\/uploads\/2023\/05\/PHOTO-2023-05-30-15-17-48.jpg\" \/>\n\t<meta property=\"og:image:width\" content=\"2048\" \/>\n\t<meta property=\"og:image:height\" content=\"1536\" \/>\n\t<meta property=\"og:image:type\" content=\"image\/jpeg\" \/>\n<meta name=\"author\" content=\"Morante D\u00edaz, Mar\u00eda del Mar\" \/>\n<meta name=\"twitter:card\" content=\"summary_large_image\" \/>\n<meta name=\"twitter:creator\" content=\"@aeeolica\" \/>\n<meta name=\"twitter:site\" content=\"@aeeolica\" \/>\n<meta name=\"twitter:label1\" content=\"Written by\" \/>\n\t<meta name=\"twitter:data1\" content=\"Morante D\u00edaz, Mar\u00eda del Mar\" \/>\n\t<meta name=\"twitter:label2\" content=\"Est. reading time\" \/>\n\t<meta name=\"twitter:data2\" content=\"5 minutes\" \/>\n<script type=\"application\/ld+json\" class=\"yoast-schema-graph\">{\"@context\":\"https:\\\/\\\/schema.org\",\"@graph\":[{\"@type\":\"Article\",\"@id\":\"https:\\\/\\\/aeeolica.org\\\/clausura-de-la-jornada-windtalent-2023-con-diagnostico-de-las-necesidades-de-los-nuevos-empleos-necesarios-para-el-sector-eolico\\\/#article\",\"isPartOf\":{\"@id\":\"https:\\\/\\\/aeeolica.org\\\/clausura-de-la-jornada-windtalent-2023-con-diagnostico-de-las-necesidades-de-los-nuevos-empleos-necesarios-para-el-sector-eolico\\\/\"},\"author\":{\"name\":\"Morante D\u00edaz, Mar\u00eda del Mar\",\"@id\":\"https:\\\/\\\/aeeolica.org\\\/#\\\/schema\\\/person\\\/064b26f21f7ed52e0b3854e6b52f9772\"},\"headline\":\"Clausura de la jornada WindTalent 2023 con diagn\u00f3stico de las necesidades de los nuevos empleos necesarios para el sector e\u00f3lico\",\"datePublished\":\"2023-05-30T16:31:53+00:00\",\"dateModified\":\"2023-05-30T16:31:56+00:00\",\"mainEntityOfPage\":{\"@id\":\"https:\\\/\\\/aeeolica.org\\\/clausura-de-la-jornada-windtalent-2023-con-diagnostico-de-las-necesidades-de-los-nuevos-empleos-necesarios-para-el-sector-eolico\\\/\"},\"wordCount\":1194,\"commentCount\":0,\"publisher\":{\"@id\":\"https:\\\/\\\/aeeolica.org\\\/#organization\"},\"image\":{\"@id\":\"https:\\\/\\\/aeeolica.org\\\/clausura-de-la-jornada-windtalent-2023-con-diagnostico-de-las-necesidades-de-los-nuevos-empleos-necesarios-para-el-sector-eolico\\\/#primaryimage\"},\"thumbnailUrl\":\"https:\\\/\\\/aeeolica.org\\\/wp-content\\\/uploads\\\/2023\\\/05\\\/PHOTO-2023-05-30-15-17-48.jpg\",\"articleSection\":[\"Notas de Prensa a\u00f1o 2023\"],\"inLanguage\":\"en-US\",\"potentialAction\":[{\"@type\":\"CommentAction\",\"name\":\"Comment\",\"target\":[\"https:\\\/\\\/aeeolica.org\\\/clausura-de-la-jornada-windtalent-2023-con-diagnostico-de-las-necesidades-de-los-nuevos-empleos-necesarios-para-el-sector-eolico\\\/#respond\"]}]},{\"@type\":\"WebPage\",\"@id\":\"https:\\\/\\\/aeeolica.org\\\/clausura-de-la-jornada-windtalent-2023-con-diagnostico-de-las-necesidades-de-los-nuevos-empleos-necesarios-para-el-sector-eolico\\\/\",\"url\":\"https:\\\/\\\/aeeolica.org\\\/clausura-de-la-jornada-windtalent-2023-con-diagnostico-de-las-necesidades-de-los-nuevos-empleos-necesarios-para-el-sector-eolico\\\/\",\"name\":\"Clausura de la jornada WindTalent 2023 con diagn\u00f3stico de las necesidades de los nuevos empleos necesarios para el sector e\u00f3lico - Asociaci\u00f3n Empresarial E\u00f3lica\",\"isPartOf\":{\"@id\":\"https:\\\/\\\/aeeolica.org\\\/#website\"},\"primaryImageOfPage\":{\"@id\":\"https:\\\/\\\/aeeolica.org\\\/clausura-de-la-jornada-windtalent-2023-con-diagnostico-de-las-necesidades-de-los-nuevos-empleos-necesarios-para-el-sector-eolico\\\/#primaryimage\"},\"image\":{\"@id\":\"https:\\\/\\\/aeeolica.org\\\/clausura-de-la-jornada-windtalent-2023-con-diagnostico-de-las-necesidades-de-los-nuevos-empleos-necesarios-para-el-sector-eolico\\\/#primaryimage\"},\"thumbnailUrl\":\"https:\\\/\\\/aeeolica.org\\\/wp-content\\\/uploads\\\/2023\\\/05\\\/PHOTO-2023-05-30-15-17-48.jpg\",\"datePublished\":\"2023-05-30T16:31:53+00:00\",\"dateModified\":\"2023-05-30T16:31:56+00:00\",\"breadcrumb\":{\"@id\":\"https:\\\/\\\/aeeolica.org\\\/clausura-de-la-jornada-windtalent-2023-con-diagnostico-de-las-necesidades-de-los-nuevos-empleos-necesarios-para-el-sector-eolico\\\/#breadcrumb\"},\"inLanguage\":\"en-US\",\"potentialAction\":[{\"@type\":\"ReadAction\",\"target\":[\"https:\\\/\\\/aeeolica.org\\\/clausura-de-la-jornada-windtalent-2023-con-diagnostico-de-las-necesidades-de-los-nuevos-empleos-necesarios-para-el-sector-eolico\\\/\"]}]},{\"@type\":\"ImageObject\",\"inLanguage\":\"en-US\",\"@id\":\"https:\\\/\\\/aeeolica.org\\\/clausura-de-la-jornada-windtalent-2023-con-diagnostico-de-las-necesidades-de-los-nuevos-empleos-necesarios-para-el-sector-eolico\\\/#primaryimage\",\"url\":\"https:\\\/\\\/aeeolica.org\\\/wp-content\\\/uploads\\\/2023\\\/05\\\/PHOTO-2023-05-30-15-17-48.jpg\",\"contentUrl\":\"https:\\\/\\\/aeeolica.org\\\/wp-content\\\/uploads\\\/2023\\\/05\\\/PHOTO-2023-05-30-15-17-48.jpg\",\"width\":2048,\"height\":1536},{\"@type\":\"BreadcrumbList\",\"@id\":\"https:\\\/\\\/aeeolica.org\\\/clausura-de-la-jornada-windtalent-2023-con-diagnostico-de-las-necesidades-de-los-nuevos-empleos-necesarios-para-el-sector-eolico\\\/#breadcrumb\",\"itemListElement\":[{\"@type\":\"ListItem\",\"position\":1,\"name\":\"Portada\",\"item\":\"https:\\\/\\\/aeeolica.org\\\/en\\\/inicio\\\/\"},{\"@type\":\"ListItem\",\"position\":2,\"name\":\"Clausura de la jornada WindTalent 2023 con diagn\u00f3stico de las necesidades de los nuevos empleos necesarios para el sector e\u00f3lico\"}]},{\"@type\":\"WebSite\",\"@id\":\"https:\\\/\\\/aeeolica.org\\\/#website\",\"url\":\"https:\\\/\\\/aeeolica.org\\\/\",\"name\":\"Asociaci\u00f3n Empresarial E\u00f3lica\",\"description\":\"AEE Asociaci\u00f3n Empresarial E\u00f3lica\",\"publisher\":{\"@id\":\"https:\\\/\\\/aeeolica.org\\\/#organization\"},\"potentialAction\":[{\"@type\":\"SearchAction\",\"target\":{\"@type\":\"EntryPoint\",\"urlTemplate\":\"https:\\\/\\\/aeeolica.org\\\/?s={search_term_string}\"},\"query-input\":{\"@type\":\"PropertyValueSpecification\",\"valueRequired\":true,\"valueName\":\"search_term_string\"}}],\"inLanguage\":\"en-US\"},{\"@type\":\"Organization\",\"@id\":\"https:\\\/\\\/aeeolica.org\\\/#organization\",\"name\":\"Asociaci\u00f3n Empresarial E\u00f3lica\",\"url\":\"https:\\\/\\\/aeeolica.org\\\/\",\"logo\":{\"@type\":\"ImageObject\",\"inLanguage\":\"en-US\",\"@id\":\"https:\\\/\\\/aeeolica.org\\\/#\\\/schema\\\/logo\\\/image\\\/\",\"url\":\"https:\\\/\\\/aeeolica.org\\\/wp-content\\\/uploads\\\/2021\\\/08\\\/logo-aee.png\",\"contentUrl\":\"https:\\\/\\\/aeeolica.org\\\/wp-content\\\/uploads\\\/2021\\\/08\\\/logo-aee.png\",\"width\":180,\"height\":78,\"caption\":\"Asociaci\u00f3n Empresarial E\u00f3lica\"},\"image\":{\"@id\":\"https:\\\/\\\/aeeolica.org\\\/#\\\/schema\\\/logo\\\/image\\\/\"},\"sameAs\":[\"https:\\\/\\\/www.facebook.com\\\/aeeolica\",\"https:\\\/\\\/x.com\\\/aeeolica\",\"https:\\\/\\\/www.instagram.com\\\/aeeolica\\\/\",\"https:\\\/\\\/www.linkedin.com\\\/in\\\/aee-asociaci\u00f3n-empresarial-e\u00f3lica-6830946b\\\/\",\"https:\\\/\\\/www.youtube.com\\\/user\\\/AEEolica\"]},{\"@type\":\"Person\",\"@id\":\"https:\\\/\\\/aeeolica.org\\\/#\\\/schema\\\/person\\\/064b26f21f7ed52e0b3854e6b52f9772\",\"name\":\"Morante D\u00edaz, Mar\u00eda del Mar\",\"image\":{\"@type\":\"ImageObject\",\"inLanguage\":\"en-US\",\"@id\":\"https:\\\/\\\/secure.gravatar.com\\\/avatar\\\/8bfd23e1c4bf5aa0b9314f1c5c9d644e62672831e6a512513954c3f15dffdd5a?s=96&d=mm&r=g\",\"url\":\"https:\\\/\\\/secure.gravatar.com\\\/avatar\\\/8bfd23e1c4bf5aa0b9314f1c5c9d644e62672831e6a512513954c3f15dffdd5a?s=96&d=mm&r=g\",\"contentUrl\":\"https:\\\/\\\/secure.gravatar.com\\\/avatar\\\/8bfd23e1c4bf5aa0b9314f1c5c9d644e62672831e6a512513954c3f15dffdd5a?s=96&d=mm&r=g\",\"caption\":\"Morante D\u00edaz, Mar\u00eda del Mar\"},\"url\":\"https:\\\/\\\/aeeolica.org\\\/en\\\/author\\\/mar\\\/\"}]}<\/script>\n<!-- \/ Yoast SEO plugin. -->","yoast_head_json":{"title":"Clausura de la jornada WindTalent 2023 con diagn\u00f3stico de las necesidades de los nuevos empleos necesarios para el sector e\u00f3lico - Asociaci\u00f3n Empresarial E\u00f3lica","robots":{"index":"index","follow":"follow","max-snippet":"max-snippet:-1","max-image-preview":"max-image-preview:large","max-video-preview":"max-video-preview:-1"},"canonical":"https:\/\/aeeolica.org\/clausura-de-la-jornada-windtalent-2023-con-diagnostico-de-las-necesidades-de-los-nuevos-empleos-necesarios-para-el-sector-eolico\/","og_locale":"en_US","og_type":"article","og_title":"Clausura de la jornada WindTalent 2023 con diagn\u00f3stico de las necesidades de los nuevos empleos necesarios para el sector e\u00f3lico - Asociaci\u00f3n Empresarial E\u00f3lica","og_description":"El sector e\u00f3lico duplicar\u00e1 empleos en menos de 10 a\u00f1os. #WindTalent, desde 2019, es el evento anual de referencia, que congrega a representantes de RRHH, Talento y Formaci\u00f3n de empresas [&hellip;]","og_url":"https:\/\/aeeolica.org\/clausura-de-la-jornada-windtalent-2023-con-diagnostico-de-las-necesidades-de-los-nuevos-empleos-necesarios-para-el-sector-eolico\/","og_site_name":"Asociaci\u00f3n Empresarial E\u00f3lica","article_publisher":"https:\/\/www.facebook.com\/aeeolica","article_published_time":"2023-05-30T16:31:53+00:00","article_modified_time":"2023-05-30T16:31:56+00:00","og_image":[{"width":2048,"height":1536,"url":"https:\/\/aeeolica.org\/wp-content\/uploads\/2023\/05\/PHOTO-2023-05-30-15-17-48.jpg","type":"image\/jpeg"}],"author":"Morante D\u00edaz, Mar\u00eda del Mar","twitter_card":"summary_large_image","twitter_creator":"@aeeolica","twitter_site":"@aeeolica","twitter_misc":{"Written by":"Morante D\u00edaz, Mar\u00eda del Mar","Est. reading time":"5 minutes"},"schema":{"@context":"https:\/\/schema.org","@graph":[{"@type":"Article","@id":"https:\/\/aeeolica.org\/clausura-de-la-jornada-windtalent-2023-con-diagnostico-de-las-necesidades-de-los-nuevos-empleos-necesarios-para-el-sector-eolico\/#article","isPartOf":{"@id":"https:\/\/aeeolica.org\/clausura-de-la-jornada-windtalent-2023-con-diagnostico-de-las-necesidades-de-los-nuevos-empleos-necesarios-para-el-sector-eolico\/"},"author":{"name":"Morante D\u00edaz, Mar\u00eda del Mar","@id":"https:\/\/aeeolica.org\/#\/schema\/person\/064b26f21f7ed52e0b3854e6b52f9772"},"headline":"Clausura de la jornada WindTalent 2023 con diagn\u00f3stico de las necesidades de los nuevos empleos necesarios para el sector e\u00f3lico","datePublished":"2023-05-30T16:31:53+00:00","dateModified":"2023-05-30T16:31:56+00:00","mainEntityOfPage":{"@id":"https:\/\/aeeolica.org\/clausura-de-la-jornada-windtalent-2023-con-diagnostico-de-las-necesidades-de-los-nuevos-empleos-necesarios-para-el-sector-eolico\/"},"wordCount":1194,"commentCount":0,"publisher":{"@id":"https:\/\/aeeolica.org\/#organization"},"image":{"@id":"https:\/\/aeeolica.org\/clausura-de-la-jornada-windtalent-2023-con-diagnostico-de-las-necesidades-de-los-nuevos-empleos-necesarios-para-el-sector-eolico\/#primaryimage"},"thumbnailUrl":"https:\/\/aeeolica.org\/wp-content\/uploads\/2023\/05\/PHOTO-2023-05-30-15-17-48.jpg","articleSection":["Notas de Prensa a\u00f1o 2023"],"inLanguage":"en-US","potentialAction":[{"@type":"CommentAction","name":"Comment","target":["https:\/\/aeeolica.org\/clausura-de-la-jornada-windtalent-2023-con-diagnostico-de-las-necesidades-de-los-nuevos-empleos-necesarios-para-el-sector-eolico\/#respond"]}]},{"@type":"WebPage","@id":"https:\/\/aeeolica.org\/clausura-de-la-jornada-windtalent-2023-con-diagnostico-de-las-necesidades-de-los-nuevos-empleos-necesarios-para-el-sector-eolico\/","url":"https:\/\/aeeolica.org\/clausura-de-la-jornada-windtalent-2023-con-diagnostico-de-las-necesidades-de-los-nuevos-empleos-necesarios-para-el-sector-eolico\/","name":"Clausura de la jornada WindTalent 2023 con diagn\u00f3stico de las necesidades de los nuevos empleos necesarios para el sector e\u00f3lico - Asociaci\u00f3n Empresarial E\u00f3lica","isPartOf":{"@id":"https:\/\/aeeolica.org\/#website"},"primaryImageOfPage":{"@id":"https:\/\/aeeolica.org\/clausura-de-la-jornada-windtalent-2023-con-diagnostico-de-las-necesidades-de-los-nuevos-empleos-necesarios-para-el-sector-eolico\/#primaryimage"},"image":{"@id":"https:\/\/aeeolica.org\/clausura-de-la-jornada-windtalent-2023-con-diagnostico-de-las-necesidades-de-los-nuevos-empleos-necesarios-para-el-sector-eolico\/#primaryimage"},"thumbnailUrl":"https:\/\/aeeolica.org\/wp-content\/uploads\/2023\/05\/PHOTO-2023-05-30-15-17-48.jpg","datePublished":"2023-05-30T16:31:53+00:00","dateModified":"2023-05-30T16:31:56+00:00","breadcrumb":{"@id":"https:\/\/aeeolica.org\/clausura-de-la-jornada-windtalent-2023-con-diagnostico-de-las-necesidades-de-los-nuevos-empleos-necesarios-para-el-sector-eolico\/#breadcrumb"},"inLanguage":"en-US","potentialAction":[{"@type":"ReadAction","target":["https:\/\/aeeolica.org\/clausura-de-la-jornada-windtalent-2023-con-diagnostico-de-las-necesidades-de-los-nuevos-empleos-necesarios-para-el-sector-eolico\/"]}]},{"@type":"ImageObject","inLanguage":"en-US","@id":"https:\/\/aeeolica.org\/clausura-de-la-jornada-windtalent-2023-con-diagnostico-de-las-necesidades-de-los-nuevos-empleos-necesarios-para-el-sector-eolico\/#primaryimage","url":"https:\/\/aeeolica.org\/wp-content\/uploads\/2023\/05\/PHOTO-2023-05-30-15-17-48.jpg","contentUrl":"https:\/\/aeeolica.org\/wp-content\/uploads\/2023\/05\/PHOTO-2023-05-30-15-17-48.jpg","width":2048,"height":1536},{"@type":"BreadcrumbList","@id":"https:\/\/aeeolica.org\/clausura-de-la-jornada-windtalent-2023-con-diagnostico-de-las-necesidades-de-los-nuevos-empleos-necesarios-para-el-sector-eolico\/#breadcrumb","itemListElement":[{"@type":"ListItem","position":1,"name":"Portada","item":"https:\/\/aeeolica.org\/en\/inicio\/"},{"@type":"ListItem","position":2,"name":"Clausura de la jornada WindTalent 2023 con diagn\u00f3stico de las necesidades de los nuevos empleos necesarios para el sector e\u00f3lico"}]},{"@type":"WebSite","@id":"https:\/\/aeeolica.org\/#website","url":"https:\/\/aeeolica.org\/","name":"Asociaci\u00f3n Empresarial E\u00f3lica","description":"AEE Asociaci\u00f3n Empresarial E\u00f3lica","publisher":{"@id":"https:\/\/aeeolica.org\/#organization"},"potentialAction":[{"@type":"SearchAction","target":{"@type":"EntryPoint","urlTemplate":"https:\/\/aeeolica.org\/?s={search_term_string}"},"query-input":{"@type":"PropertyValueSpecification","valueRequired":true,"valueName":"search_term_string"}}],"inLanguage":"en-US"},{"@type":"Organization","@id":"https:\/\/aeeolica.org\/#organization","name":"Asociaci\u00f3n Empresarial E\u00f3lica","url":"https:\/\/aeeolica.org\/","logo":{"@type":"ImageObject","inLanguage":"en-US","@id":"https:\/\/aeeolica.org\/#\/schema\/logo\/image\/","url":"https:\/\/aeeolica.org\/wp-content\/uploads\/2021\/08\/logo-aee.png","contentUrl":"https:\/\/aeeolica.org\/wp-content\/uploads\/2021\/08\/logo-aee.png","width":180,"height":78,"caption":"Asociaci\u00f3n Empresarial E\u00f3lica"},"image":{"@id":"https:\/\/aeeolica.org\/#\/schema\/logo\/image\/"},"sameAs":["https:\/\/www.facebook.com\/aeeolica","https:\/\/x.com\/aeeolica","https:\/\/www.instagram.com\/aeeolica\/","https:\/\/www.linkedin.com\/in\/aee-asociaci\u00f3n-empresarial-e\u00f3lica-6830946b\/","https:\/\/www.youtube.com\/user\/AEEolica"]},{"@type":"Person","@id":"https:\/\/aeeolica.org\/#\/schema\/person\/064b26f21f7ed52e0b3854e6b52f9772","name":"Morante D\u00edaz, Mar\u00eda del Mar","image":{"@type":"ImageObject","inLanguage":"en-US","@id":"https:\/\/secure.gravatar.com\/avatar\/8bfd23e1c4bf5aa0b9314f1c5c9d644e62672831e6a512513954c3f15dffdd5a?s=96&d=mm&r=g","url":"https:\/\/secure.gravatar.com\/avatar\/8bfd23e1c4bf5aa0b9314f1c5c9d644e62672831e6a512513954c3f15dffdd5a?s=96&d=mm&r=g","contentUrl":"https:\/\/secure.gravatar.com\/avatar\/8bfd23e1c4bf5aa0b9314f1c5c9d644e62672831e6a512513954c3f15dffdd5a?s=96&d=mm&r=g","caption":"Morante D\u00edaz, Mar\u00eda del Mar"},"url":"https:\/\/aeeolica.org\/en\/author\/mar\/"}]}},"_links":{"self":[{"href":"https:\/\/aeeolica.org\/en\/wp-json\/wp\/v2\/posts\/148632","targetHints":{"allow":["GET"]}}],"collection":[{"href":"https:\/\/aeeolica.org\/en\/wp-json\/wp\/v2\/posts"}],"about":[{"href":"https:\/\/aeeolica.org\/en\/wp-json\/wp\/v2\/types\/post"}],"author":[{"embeddable":true,"href":"https:\/\/aeeolica.org\/en\/wp-json\/wp\/v2\/users\/2"}],"replies":[{"embeddable":true,"href":"https:\/\/aeeolica.org\/en\/wp-json\/wp\/v2\/comments?post=148632"}],"version-history":[{"count":0,"href":"https:\/\/aeeolica.org\/en\/wp-json\/wp\/v2\/posts\/148632\/revisions"}],"wp:featuredmedia":[{"embeddable":true,"href":"https:\/\/aeeolica.org\/en\/wp-json\/wp\/v2\/media\/148671"}],"wp:attachment":[{"href":"https:\/\/aeeolica.org\/en\/wp-json\/wp\/v2\/media?parent=148632"}],"wp:term":[{"taxonomy":"category","embeddable":true,"href":"https:\/\/aeeolica.org\/en\/wp-json\/wp\/v2\/categories?post=148632"},{"taxonomy":"post_tag","embeddable":true,"href":"https:\/\/aeeolica.org\/en\/wp-json\/wp\/v2\/tags?post=148632"}],"curies":[{"name":"wp","href":"https:\/\/api.w.org\/{rel}","templated":true}]}}