{"id":14982,"date":"2019-02-08T14:30:39","date_gmt":"2019-02-08T14:30:39","guid":{"rendered":"https:\/\/aeeolica.org\/representantes-del-partido-popular-y-del-idae-visitan-centros-industriales-del-sector-eolico-en-encuentros-organizados-por-aee\/"},"modified":"2019-02-08T14:30:39","modified_gmt":"2019-02-08T14:30:39","slug":"representantes-del-partido-popular-y-del-idae-visitan-centros-industriales-del-sector-eolico-en-encuentros-organizados-por-aee","status":"publish","type":"post","link":"https:\/\/aeeolica.org\/en\/representantes-del-partido-popular-y-del-idae-visitan-centros-industriales-del-sector-eolico-en-encuentros-organizados-por-aee\/","title":{"rendered":"Representantes del Partido Popular y del IDAE visitan centros industriales del sector e\u00f3lico en encuentros organizados por AEE"},"content":{"rendered":"<p style=\"text-align: justify;\">Esta semana, AEE ha continuado realizando visitas institucionales a centros industriales e\u00f3licos para mostrar el potencial industrial del sector. En esta ocasi\u00f3n, nos acompa\u00f1\u00f3 el martes una delegaci\u00f3n del Partido Popular &#8211; encabezada por Guillermo Mariscal &#8211; visitando\u00a0centros tecnol\u00f3gicos en Navarra pertenecientes a Siemens Gamesa, Acciona y Nordex Acciona Windpower. Por su parte, el IDAE representado por su director general, Joan Herrera, y Joan Groizard, director de Energ\u00edas Renovables, visit\u00f3 el mi\u00e9rcoles las sedes industriales de Iberdrola, GE\u00a0Renewables y Vestas, en Castilla La Mancha.<\/p>\n<p><!--more--><\/p>\n<p>En las visitas de las diferentes delegaciones, acompa\u00f1ados por AEE, tuvieron la ocasi\u00f3n de conocer de primera mano la competitividad del sector e\u00f3lico y el potencial de la industria. Como anunci\u00e1bamos en redes sociales la semana pasada con la visita realizada por la delegaci\u00f3n del PSOE, estos encuentros se enmarcan dentro de un programa institucional para dar a conocer el valor de nuestra industria a representantes pol\u00edticos, institucionales, periodistas, etc.<\/p>\n<p>La visita al sector e\u00f3lico en Navarra se realiz\u00f3 el pasado martes y correspondi\u00f3 a la delegaci\u00f3n del PP que estuvo encabezada por Guillermo Mariscal, Portavoz Adjunto del Grupo Popular en el Congreso, acompa\u00f1ado por Valentina Mart\u00ednez, Alberto Herrero y\u00a0Manuel Torres Herrera, portavoces en la Comisi\u00f3n de Transici\u00f3n Ecol\u00f3gica.<\/p>\n<p>Esta visita comenz\u00f3 en el Centro de Control de Siemens Gamesa en Sarriguren. A continuaci\u00f3n, la delegaci\u00f3n se traslad\u00f3 a Aoiz para visitar la f\u00e1brica de palas que la compa\u00f1\u00eda\u00a0tiene all\u00ed. La delegaci\u00f3n\u00a0fue despu\u00e9s el \u00c1rea E\u00f3lica Experimental de Acciona Energ\u00eda en Bar\u00e1soain, y ya por la tarde, la visita correspondi\u00f3 a la planta de ensamblaje de aerogeneradores de Nordex Acciona Windpower en esa misma localidad.<\/p>\n<p>Por su parte, Guillermo Mariscal manifest\u00f3 tras la visita que \u2018\u2019conocer en profundidad el sector industrial vinculado a la energ\u00eda e\u00f3lica nos permitir\u00e1 desarrollar una actividad parlamentaria que sume a\u00fan m\u00e1s al crecimiento industrial y renovable de nuestro pa\u00eds\u2019\u2019.<\/p>\n<p>Al d\u00eda siguiente fue el turno para los\u00a0representantes del IDAE. La delegaci\u00f3n estuvo compuesta por Joan Herrera, director general; Joan Groizard, director de Energ\u00edas Renovables; y Juan Ram\u00f3n Ayuso, director de E\u00f3lica.\u00a0Visitaron\u00a0primero el Centro de Operaci\u00f3n de Renovables (CORE) de Iberdrola en Toledo, para despu\u00e9s trasladarse a la localidad de Noblejas y conocer el Centro de Excelencia en Reparaciones E\u00f3licas de GE Renewables. Por la tarde, Vestas ense\u00f1\u00f3 a la delegaci\u00f3n su\u00a0f\u00e1brica de palas en Daimiel (Ciudad Real).<\/p>\n<p>El IDAE indic\u00f3 que la e\u00f3lica va a jugar un papel muy importante en la transici\u00f3n a la generaci\u00f3n con energ\u00edas renovables, habida cuenta de su capacidad de producci\u00f3n, su potencial industrial y de generaci\u00f3n de empleo.<\/p>\n<p><img decoding=\"async\" class=\" size-full wp-image-14978\" style=\"display: block; margin-left: auto; margin-right: auto;\" src=\"https:\/\/aeeolica.org\/wp-content\/uploads\/2019\/02\/VisitaPP_AccionaSGREWEB.jpg\" alt=\"\" width=\"500\" height=\"417\" srcset=\"https:\/\/aeeolica.org\/wp-content\/uploads\/2019\/02\/VisitaPP_AccionaSGREWEB.jpg 500w, https:\/\/aeeolica.org\/wp-content\/uploads\/2019\/02\/VisitaPP_AccionaSGREWEB-480x400.jpg 480w\" sizes=\"(min-width: 0px) and (max-width: 480px) 480px, (min-width: 481px) 500px, 100vw\" \/><\/p>\n<p><img decoding=\"async\" class=\" size-full wp-image-14980\" style=\"display: block; margin-left: auto; margin-right: auto;\" src=\"https:\/\/aeeolica.org\/wp-content\/uploads\/2019\/02\/VisitaIDAEWEB.jpg\" alt=\"\" width=\"500\" height=\"169\" srcset=\"https:\/\/aeeolica.org\/wp-content\/uploads\/2019\/02\/VisitaIDAEWEB.jpg 500w, https:\/\/aeeolica.org\/wp-content\/uploads\/2019\/02\/VisitaIDAEWEB-480x162.jpg 480w\" sizes=\"(min-width: 0px) and (max-width: 480px) 480px, (min-width: 481px) 500px, 100vw\" \/><\/p>\n","protected":false},"excerpt":{"rendered":"<p>Esta semana, AEE ha continuado realizando visitas institucionales a centros industriales e\u00f3licos para mostrar el potencial industrial del sector. En esta ocasi\u00f3n, nos acompa\u00f1\u00f3 el martes una delegaci\u00f3n del Partido [&hellip;]<\/p>\n","protected":false},"author":1,"featured_media":14978,"comment_status":"open","ping_status":"open","sticky":false,"template":"","format":"standard","meta":{"_acf_changed":false,"_bbp_topic_count":0,"_bbp_reply_count":0,"_bbp_total_topic_count":0,"_bbp_total_reply_count":0,"_bbp_voice_count":0,"_bbp_anonymous_reply_count":0,"_bbp_topic_count_hidden":0,"_bbp_reply_count_hidden":0,"_bbp_forum_subforum_count":0,"_et_pb_use_builder":"","_et_pb_old_content":"","_et_gb_content_width":"","footnotes":""},"categories":[219],"tags":[],"class_list":["post-14982","post","type-post","status-publish","format-standard","has-post-thumbnail","hentry","category-actualidad-eolica"],"acf":[],"yoast_head":"<!-- This site is optimized with the Yoast SEO plugin v27.4 - https:\/\/yoast.com\/product\/yoast-seo-wordpress\/ -->\n<title>Representantes del Partido Popular y del IDAE visitan centros industriales del sector e\u00f3lico en encuentros organizados por AEE - Asociaci\u00f3n Empresarial E\u00f3lica<\/title>\n<meta name=\"robots\" content=\"index, follow, max-snippet:-1, max-image-preview:large, max-video-preview:-1\" \/>\n<link rel=\"canonical\" href=\"https:\/\/aeeolica.org\/representantes-del-partido-popular-y-del-idae-visitan-centros-industriales-del-sector-eolico-en-encuentros-organizados-por-aee\/\" \/>\n<meta property=\"og:locale\" content=\"en_US\" \/>\n<meta property=\"og:type\" content=\"article\" \/>\n<meta property=\"og:title\" content=\"Representantes del Partido Popular y del IDAE visitan centros industriales del sector e\u00f3lico en encuentros organizados por AEE - Asociaci\u00f3n Empresarial E\u00f3lica\" \/>\n<meta property=\"og:description\" content=\"Esta semana, AEE ha continuado realizando visitas institucionales a centros industriales e\u00f3licos para mostrar el potencial industrial del sector. En esta ocasi\u00f3n, nos acompa\u00f1\u00f3 el martes una delegaci\u00f3n del Partido [&hellip;]\" \/>\n<meta property=\"og:url\" content=\"https:\/\/aeeolica.org\/representantes-del-partido-popular-y-del-idae-visitan-centros-industriales-del-sector-eolico-en-encuentros-organizados-por-aee\/\" \/>\n<meta property=\"og:site_name\" content=\"Asociaci\u00f3n Empresarial E\u00f3lica\" \/>\n<meta property=\"article:publisher\" content=\"https:\/\/www.facebook.com\/aeeolica\" \/>\n<meta property=\"article:published_time\" content=\"2019-02-08T14:30:39+00:00\" \/>\n<meta property=\"og:image\" content=\"https:\/\/aeeolica.org\/wp-content\/uploads\/2019\/02\/VisitaPP_AccionaSGREWEB.jpg\" \/>\n\t<meta property=\"og:image:width\" content=\"500\" \/>\n\t<meta property=\"og:image:height\" content=\"417\" \/>\n\t<meta property=\"og:image:type\" content=\"image\/jpeg\" \/>\n<meta name=\"author\" content=\"Vicent\" \/>\n<meta name=\"twitter:card\" content=\"summary_large_image\" \/>\n<meta name=\"twitter:creator\" content=\"@aeeolica\" \/>\n<meta name=\"twitter:site\" content=\"@aeeolica\" \/>\n<meta name=\"twitter:label1\" content=\"Written by\" \/>\n\t<meta name=\"twitter:data1\" content=\"Vicent\" \/>\n\t<meta name=\"twitter:label2\" content=\"Est. reading time\" \/>\n\t<meta name=\"twitter:data2\" content=\"2 minutes\" \/>\n<script type=\"application\/ld+json\" class=\"yoast-schema-graph\">{\"@context\":\"https:\\\/\\\/schema.org\",\"@graph\":[{\"@type\":\"Article\",\"@id\":\"https:\\\/\\\/aeeolica.org\\\/representantes-del-partido-popular-y-del-idae-visitan-centros-industriales-del-sector-eolico-en-encuentros-organizados-por-aee\\\/#article\",\"isPartOf\":{\"@id\":\"https:\\\/\\\/aeeolica.org\\\/representantes-del-partido-popular-y-del-idae-visitan-centros-industriales-del-sector-eolico-en-encuentros-organizados-por-aee\\\/\"},\"author\":{\"name\":\"Vicent\",\"@id\":\"https:\\\/\\\/aeeolica.org\\\/#\\\/schema\\\/person\\\/6a2517a04d4939d7b273a97e03ad2754\"},\"headline\":\"Representantes del Partido Popular y del IDAE visitan centros industriales del sector e\u00f3lico en encuentros organizados por AEE\",\"datePublished\":\"2019-02-08T14:30:39+00:00\",\"mainEntityOfPage\":{\"@id\":\"https:\\\/\\\/aeeolica.org\\\/representantes-del-partido-popular-y-del-idae-visitan-centros-industriales-del-sector-eolico-en-encuentros-organizados-por-aee\\\/\"},\"wordCount\":500,\"commentCount\":0,\"publisher\":{\"@id\":\"https:\\\/\\\/aeeolica.org\\\/#organization\"},\"image\":{\"@id\":\"https:\\\/\\\/aeeolica.org\\\/representantes-del-partido-popular-y-del-idae-visitan-centros-industriales-del-sector-eolico-en-encuentros-organizados-por-aee\\\/#primaryimage\"},\"thumbnailUrl\":\"https:\\\/\\\/aeeolica.org\\\/wp-content\\\/uploads\\\/2019\\\/02\\\/VisitaPP_AccionaSGREWEB.jpg\",\"articleSection\":[\"Actualidad E\u00f3lica\"],\"inLanguage\":\"en-US\",\"potentialAction\":[{\"@type\":\"CommentAction\",\"name\":\"Comment\",\"target\":[\"https:\\\/\\\/aeeolica.org\\\/representantes-del-partido-popular-y-del-idae-visitan-centros-industriales-del-sector-eolico-en-encuentros-organizados-por-aee\\\/#respond\"]}]},{\"@type\":\"WebPage\",\"@id\":\"https:\\\/\\\/aeeolica.org\\\/representantes-del-partido-popular-y-del-idae-visitan-centros-industriales-del-sector-eolico-en-encuentros-organizados-por-aee\\\/\",\"url\":\"https:\\\/\\\/aeeolica.org\\\/representantes-del-partido-popular-y-del-idae-visitan-centros-industriales-del-sector-eolico-en-encuentros-organizados-por-aee\\\/\",\"name\":\"Representantes del Partido Popular y del IDAE visitan centros industriales del sector e\u00f3lico en encuentros organizados por AEE - Asociaci\u00f3n Empresarial E\u00f3lica\",\"isPartOf\":{\"@id\":\"https:\\\/\\\/aeeolica.org\\\/#website\"},\"primaryImageOfPage\":{\"@id\":\"https:\\\/\\\/aeeolica.org\\\/representantes-del-partido-popular-y-del-idae-visitan-centros-industriales-del-sector-eolico-en-encuentros-organizados-por-aee\\\/#primaryimage\"},\"image\":{\"@id\":\"https:\\\/\\\/aeeolica.org\\\/representantes-del-partido-popular-y-del-idae-visitan-centros-industriales-del-sector-eolico-en-encuentros-organizados-por-aee\\\/#primaryimage\"},\"thumbnailUrl\":\"https:\\\/\\\/aeeolica.org\\\/wp-content\\\/uploads\\\/2019\\\/02\\\/VisitaPP_AccionaSGREWEB.jpg\",\"datePublished\":\"2019-02-08T14:30:39+00:00\",\"breadcrumb\":{\"@id\":\"https:\\\/\\\/aeeolica.org\\\/representantes-del-partido-popular-y-del-idae-visitan-centros-industriales-del-sector-eolico-en-encuentros-organizados-por-aee\\\/#breadcrumb\"},\"inLanguage\":\"en-US\",\"potentialAction\":[{\"@type\":\"ReadAction\",\"target\":[\"https:\\\/\\\/aeeolica.org\\\/representantes-del-partido-popular-y-del-idae-visitan-centros-industriales-del-sector-eolico-en-encuentros-organizados-por-aee\\\/\"]}]},{\"@type\":\"ImageObject\",\"inLanguage\":\"en-US\",\"@id\":\"https:\\\/\\\/aeeolica.org\\\/representantes-del-partido-popular-y-del-idae-visitan-centros-industriales-del-sector-eolico-en-encuentros-organizados-por-aee\\\/#primaryimage\",\"url\":\"https:\\\/\\\/aeeolica.org\\\/wp-content\\\/uploads\\\/2019\\\/02\\\/VisitaPP_AccionaSGREWEB.jpg\",\"contentUrl\":\"https:\\\/\\\/aeeolica.org\\\/wp-content\\\/uploads\\\/2019\\\/02\\\/VisitaPP_AccionaSGREWEB.jpg\",\"width\":500,\"height\":417},{\"@type\":\"BreadcrumbList\",\"@id\":\"https:\\\/\\\/aeeolica.org\\\/representantes-del-partido-popular-y-del-idae-visitan-centros-industriales-del-sector-eolico-en-encuentros-organizados-por-aee\\\/#breadcrumb\",\"itemListElement\":[{\"@type\":\"ListItem\",\"position\":1,\"name\":\"Portada\",\"item\":\"https:\\\/\\\/aeeolica.org\\\/en\\\/inicio\\\/\"},{\"@type\":\"ListItem\",\"position\":2,\"name\":\"Representantes del Partido Popular y del IDAE visitan centros industriales del sector e\u00f3lico en encuentros organizados por AEE\"}]},{\"@type\":\"WebSite\",\"@id\":\"https:\\\/\\\/aeeolica.org\\\/#website\",\"url\":\"https:\\\/\\\/aeeolica.org\\\/\",\"name\":\"Asociaci\u00f3n Empresarial E\u00f3lica\",\"description\":\"AEE Asociaci\u00f3n Empresarial E\u00f3lica\",\"publisher\":{\"@id\":\"https:\\\/\\\/aeeolica.org\\\/#organization\"},\"potentialAction\":[{\"@type\":\"SearchAction\",\"target\":{\"@type\":\"EntryPoint\",\"urlTemplate\":\"https:\\\/\\\/aeeolica.org\\\/?s={search_term_string}\"},\"query-input\":{\"@type\":\"PropertyValueSpecification\",\"valueRequired\":true,\"valueName\":\"search_term_string\"}}],\"inLanguage\":\"en-US\"},{\"@type\":\"Organization\",\"@id\":\"https:\\\/\\\/aeeolica.org\\\/#organization\",\"name\":\"Asociaci\u00f3n Empresarial E\u00f3lica\",\"url\":\"https:\\\/\\\/aeeolica.org\\\/\",\"logo\":{\"@type\":\"ImageObject\",\"inLanguage\":\"en-US\",\"@id\":\"https:\\\/\\\/aeeolica.org\\\/#\\\/schema\\\/logo\\\/image\\\/\",\"url\":\"https:\\\/\\\/aeeolica.org\\\/wp-content\\\/uploads\\\/2021\\\/08\\\/logo-aee.png\",\"contentUrl\":\"https:\\\/\\\/aeeolica.org\\\/wp-content\\\/uploads\\\/2021\\\/08\\\/logo-aee.png\",\"width\":180,\"height\":78,\"caption\":\"Asociaci\u00f3n Empresarial E\u00f3lica\"},\"image\":{\"@id\":\"https:\\\/\\\/aeeolica.org\\\/#\\\/schema\\\/logo\\\/image\\\/\"},\"sameAs\":[\"https:\\\/\\\/www.facebook.com\\\/aeeolica\",\"https:\\\/\\\/x.com\\\/aeeolica\",\"https:\\\/\\\/www.instagram.com\\\/aeeolica\\\/\",\"https:\\\/\\\/www.linkedin.com\\\/in\\\/aee-asociaci\u00f3n-empresarial-e\u00f3lica-6830946b\\\/\",\"https:\\\/\\\/www.youtube.com\\\/user\\\/AEEolica\"]},{\"@type\":\"Person\",\"@id\":\"https:\\\/\\\/aeeolica.org\\\/#\\\/schema\\\/person\\\/6a2517a04d4939d7b273a97e03ad2754\",\"name\":\"Vicent\",\"image\":{\"@type\":\"ImageObject\",\"inLanguage\":\"en-US\",\"@id\":\"https:\\\/\\\/secure.gravatar.com\\\/avatar\\\/9f0fea5e6bfa4d7107fbd7ea5e27d73cdca4f791f880e9f9f4171ecd42a7d395?s=96&d=mm&r=g\",\"url\":\"https:\\\/\\\/secure.gravatar.com\\\/avatar\\\/9f0fea5e6bfa4d7107fbd7ea5e27d73cdca4f791f880e9f9f4171ecd42a7d395?s=96&d=mm&r=g\",\"contentUrl\":\"https:\\\/\\\/secure.gravatar.com\\\/avatar\\\/9f0fea5e6bfa4d7107fbd7ea5e27d73cdca4f791f880e9f9f4171ecd42a7d395?s=96&d=mm&r=g\",\"caption\":\"Vicent\"},\"sameAs\":[\"https:\\\/\\\/aeeolica.org\"],\"url\":\"https:\\\/\\\/aeeolica.org\\\/en\\\/author\\\/vicent\\\/\"}]}<\/script>\n<!-- \/ Yoast SEO plugin. -->","yoast_head_json":{"title":"Representantes del Partido Popular y del IDAE visitan centros industriales del sector e\u00f3lico en encuentros organizados por AEE - Asociaci\u00f3n Empresarial E\u00f3lica","robots":{"index":"index","follow":"follow","max-snippet":"max-snippet:-1","max-image-preview":"max-image-preview:large","max-video-preview":"max-video-preview:-1"},"canonical":"https:\/\/aeeolica.org\/representantes-del-partido-popular-y-del-idae-visitan-centros-industriales-del-sector-eolico-en-encuentros-organizados-por-aee\/","og_locale":"en_US","og_type":"article","og_title":"Representantes del Partido Popular y del IDAE visitan centros industriales del sector e\u00f3lico en encuentros organizados por AEE - Asociaci\u00f3n Empresarial E\u00f3lica","og_description":"Esta semana, AEE ha continuado realizando visitas institucionales a centros industriales e\u00f3licos para mostrar el potencial industrial del sector. En esta ocasi\u00f3n, nos acompa\u00f1\u00f3 el martes una delegaci\u00f3n del Partido [&hellip;]","og_url":"https:\/\/aeeolica.org\/representantes-del-partido-popular-y-del-idae-visitan-centros-industriales-del-sector-eolico-en-encuentros-organizados-por-aee\/","og_site_name":"Asociaci\u00f3n Empresarial E\u00f3lica","article_publisher":"https:\/\/www.facebook.com\/aeeolica","article_published_time":"2019-02-08T14:30:39+00:00","og_image":[{"width":500,"height":417,"url":"https:\/\/aeeolica.org\/wp-content\/uploads\/2019\/02\/VisitaPP_AccionaSGREWEB.jpg","type":"image\/jpeg"}],"author":"Vicent","twitter_card":"summary_large_image","twitter_creator":"@aeeolica","twitter_site":"@aeeolica","twitter_misc":{"Written by":"Vicent","Est. reading time":"2 minutes"},"schema":{"@context":"https:\/\/schema.org","@graph":[{"@type":"Article","@id":"https:\/\/aeeolica.org\/representantes-del-partido-popular-y-del-idae-visitan-centros-industriales-del-sector-eolico-en-encuentros-organizados-por-aee\/#article","isPartOf":{"@id":"https:\/\/aeeolica.org\/representantes-del-partido-popular-y-del-idae-visitan-centros-industriales-del-sector-eolico-en-encuentros-organizados-por-aee\/"},"author":{"name":"Vicent","@id":"https:\/\/aeeolica.org\/#\/schema\/person\/6a2517a04d4939d7b273a97e03ad2754"},"headline":"Representantes del Partido Popular y del IDAE visitan centros industriales del sector e\u00f3lico en encuentros organizados por AEE","datePublished":"2019-02-08T14:30:39+00:00","mainEntityOfPage":{"@id":"https:\/\/aeeolica.org\/representantes-del-partido-popular-y-del-idae-visitan-centros-industriales-del-sector-eolico-en-encuentros-organizados-por-aee\/"},"wordCount":500,"commentCount":0,"publisher":{"@id":"https:\/\/aeeolica.org\/#organization"},"image":{"@id":"https:\/\/aeeolica.org\/representantes-del-partido-popular-y-del-idae-visitan-centros-industriales-del-sector-eolico-en-encuentros-organizados-por-aee\/#primaryimage"},"thumbnailUrl":"https:\/\/aeeolica.org\/wp-content\/uploads\/2019\/02\/VisitaPP_AccionaSGREWEB.jpg","articleSection":["Actualidad E\u00f3lica"],"inLanguage":"en-US","potentialAction":[{"@type":"CommentAction","name":"Comment","target":["https:\/\/aeeolica.org\/representantes-del-partido-popular-y-del-idae-visitan-centros-industriales-del-sector-eolico-en-encuentros-organizados-por-aee\/#respond"]}]},{"@type":"WebPage","@id":"https:\/\/aeeolica.org\/representantes-del-partido-popular-y-del-idae-visitan-centros-industriales-del-sector-eolico-en-encuentros-organizados-por-aee\/","url":"https:\/\/aeeolica.org\/representantes-del-partido-popular-y-del-idae-visitan-centros-industriales-del-sector-eolico-en-encuentros-organizados-por-aee\/","name":"Representantes del Partido Popular y del IDAE visitan centros industriales del sector e\u00f3lico en encuentros organizados por AEE - Asociaci\u00f3n Empresarial E\u00f3lica","isPartOf":{"@id":"https:\/\/aeeolica.org\/#website"},"primaryImageOfPage":{"@id":"https:\/\/aeeolica.org\/representantes-del-partido-popular-y-del-idae-visitan-centros-industriales-del-sector-eolico-en-encuentros-organizados-por-aee\/#primaryimage"},"image":{"@id":"https:\/\/aeeolica.org\/representantes-del-partido-popular-y-del-idae-visitan-centros-industriales-del-sector-eolico-en-encuentros-organizados-por-aee\/#primaryimage"},"thumbnailUrl":"https:\/\/aeeolica.org\/wp-content\/uploads\/2019\/02\/VisitaPP_AccionaSGREWEB.jpg","datePublished":"2019-02-08T14:30:39+00:00","breadcrumb":{"@id":"https:\/\/aeeolica.org\/representantes-del-partido-popular-y-del-idae-visitan-centros-industriales-del-sector-eolico-en-encuentros-organizados-por-aee\/#breadcrumb"},"inLanguage":"en-US","potentialAction":[{"@type":"ReadAction","target":["https:\/\/aeeolica.org\/representantes-del-partido-popular-y-del-idae-visitan-centros-industriales-del-sector-eolico-en-encuentros-organizados-por-aee\/"]}]},{"@type":"ImageObject","inLanguage":"en-US","@id":"https:\/\/aeeolica.org\/representantes-del-partido-popular-y-del-idae-visitan-centros-industriales-del-sector-eolico-en-encuentros-organizados-por-aee\/#primaryimage","url":"https:\/\/aeeolica.org\/wp-content\/uploads\/2019\/02\/VisitaPP_AccionaSGREWEB.jpg","contentUrl":"https:\/\/aeeolica.org\/wp-content\/uploads\/2019\/02\/VisitaPP_AccionaSGREWEB.jpg","width":500,"height":417},{"@type":"BreadcrumbList","@id":"https:\/\/aeeolica.org\/representantes-del-partido-popular-y-del-idae-visitan-centros-industriales-del-sector-eolico-en-encuentros-organizados-por-aee\/#breadcrumb","itemListElement":[{"@type":"ListItem","position":1,"name":"Portada","item":"https:\/\/aeeolica.org\/en\/inicio\/"},{"@type":"ListItem","position":2,"name":"Representantes del Partido Popular y del IDAE visitan centros industriales del sector e\u00f3lico en encuentros organizados por AEE"}]},{"@type":"WebSite","@id":"https:\/\/aeeolica.org\/#website","url":"https:\/\/aeeolica.org\/","name":"Asociaci\u00f3n Empresarial E\u00f3lica","description":"AEE Asociaci\u00f3n Empresarial E\u00f3lica","publisher":{"@id":"https:\/\/aeeolica.org\/#organization"},"potentialAction":[{"@type":"SearchAction","target":{"@type":"EntryPoint","urlTemplate":"https:\/\/aeeolica.org\/?s={search_term_string}"},"query-input":{"@type":"PropertyValueSpecification","valueRequired":true,"valueName":"search_term_string"}}],"inLanguage":"en-US"},{"@type":"Organization","@id":"https:\/\/aeeolica.org\/#organization","name":"Asociaci\u00f3n Empresarial E\u00f3lica","url":"https:\/\/aeeolica.org\/","logo":{"@type":"ImageObject","inLanguage":"en-US","@id":"https:\/\/aeeolica.org\/#\/schema\/logo\/image\/","url":"https:\/\/aeeolica.org\/wp-content\/uploads\/2021\/08\/logo-aee.png","contentUrl":"https:\/\/aeeolica.org\/wp-content\/uploads\/2021\/08\/logo-aee.png","width":180,"height":78,"caption":"Asociaci\u00f3n Empresarial E\u00f3lica"},"image":{"@id":"https:\/\/aeeolica.org\/#\/schema\/logo\/image\/"},"sameAs":["https:\/\/www.facebook.com\/aeeolica","https:\/\/x.com\/aeeolica","https:\/\/www.instagram.com\/aeeolica\/","https:\/\/www.linkedin.com\/in\/aee-asociaci\u00f3n-empresarial-e\u00f3lica-6830946b\/","https:\/\/www.youtube.com\/user\/AEEolica"]},{"@type":"Person","@id":"https:\/\/aeeolica.org\/#\/schema\/person\/6a2517a04d4939d7b273a97e03ad2754","name":"Vicent","image":{"@type":"ImageObject","inLanguage":"en-US","@id":"https:\/\/secure.gravatar.com\/avatar\/9f0fea5e6bfa4d7107fbd7ea5e27d73cdca4f791f880e9f9f4171ecd42a7d395?s=96&d=mm&r=g","url":"https:\/\/secure.gravatar.com\/avatar\/9f0fea5e6bfa4d7107fbd7ea5e27d73cdca4f791f880e9f9f4171ecd42a7d395?s=96&d=mm&r=g","contentUrl":"https:\/\/secure.gravatar.com\/avatar\/9f0fea5e6bfa4d7107fbd7ea5e27d73cdca4f791f880e9f9f4171ecd42a7d395?s=96&d=mm&r=g","caption":"Vicent"},"sameAs":["https:\/\/aeeolica.org"],"url":"https:\/\/aeeolica.org\/en\/author\/vicent\/"}]}},"_links":{"self":[{"href":"https:\/\/aeeolica.org\/en\/wp-json\/wp\/v2\/posts\/14982","targetHints":{"allow":["GET"]}}],"collection":[{"href":"https:\/\/aeeolica.org\/en\/wp-json\/wp\/v2\/posts"}],"about":[{"href":"https:\/\/aeeolica.org\/en\/wp-json\/wp\/v2\/types\/post"}],"author":[{"embeddable":true,"href":"https:\/\/aeeolica.org\/en\/wp-json\/wp\/v2\/users\/1"}],"replies":[{"embeddable":true,"href":"https:\/\/aeeolica.org\/en\/wp-json\/wp\/v2\/comments?post=14982"}],"version-history":[{"count":0,"href":"https:\/\/aeeolica.org\/en\/wp-json\/wp\/v2\/posts\/14982\/revisions"}],"wp:featuredmedia":[{"embeddable":true,"href":"https:\/\/aeeolica.org\/en\/wp-json\/wp\/v2\/media\/14978"}],"wp:attachment":[{"href":"https:\/\/aeeolica.org\/en\/wp-json\/wp\/v2\/media?parent=14982"}],"wp:term":[{"taxonomy":"category","embeddable":true,"href":"https:\/\/aeeolica.org\/en\/wp-json\/wp\/v2\/categories?post=14982"},{"taxonomy":"post_tag","embeddable":true,"href":"https:\/\/aeeolica.org\/en\/wp-json\/wp\/v2\/tags?post=14982"}],"curies":[{"name":"wp","href":"https:\/\/api.w.org\/{rel}","templated":true}]}}