{"id":15110,"date":"2019-06-18T09:20:23","date_gmt":"2019-06-18T09:20:23","guid":{"rendered":"https:\/\/aeeolica.org\/el-secretario-de-estado-de-energia-jose-dominguez-abascal-inaugura-el-encuentro-eolico-anual-2019\/"},"modified":"2019-06-18T09:20:23","modified_gmt":"2019-06-18T09:20:23","slug":"el-secretario-de-estado-de-energia-jose-dominguez-abascal-inaugura-el-encuentro-eolico-anual-2019","status":"publish","type":"post","link":"https:\/\/aeeolica.org\/en\/el-secretario-de-estado-de-energia-jose-dominguez-abascal-inaugura-el-encuentro-eolico-anual-2019\/","title":{"rendered":"El Secretario de Estado de Energ\u00eda, Jos\u00e9 Dom\u00ednguez Abascal, inaugura el Encuentro E\u00f3lico Anual 2019"},"content":{"rendered":"<p style=\"text-align: justify;\">Jos\u00e9 Dom\u00ednguez Abascal, Secretario de Estado de Energ\u00eda, inaugurar\u00e1 este evento junto con la presidenta de AEE, Roc\u00edo Sicre. Un encuentro en el que analizaremos los futuros retos del sector e\u00f3lico en el camino a la Transici\u00f3n Energ\u00e9tica.\u00a0Contaremos con un panel de ponentes de diferentes sectores y empresas que supondr\u00e1\u00a0una oportunidad de reflexi\u00f3n sobre el futuro econ\u00f3mico y empresarial.<\/p>\n<p><!--more--><\/p>\n<p><img decoding=\"async\" class=\" size-full wp-image-15106\" style=\"display: block; margin-left: auto; margin-right: auto;\" src=\"https:\/\/aeeolica.org\/wp-content\/uploads\/2019\/06\/Inforgrafia-Energas-Renovables.jpg\" alt=\"\" width=\"701\" height=\"508\" srcset=\"https:\/\/aeeolica.org\/wp-content\/uploads\/2019\/06\/Inforgrafia-Energas-Renovables-1280x928.jpg 1280w, https:\/\/aeeolica.org\/wp-content\/uploads\/2019\/06\/Inforgrafia-Energas-Renovables-980x710.jpg 980w, https:\/\/aeeolica.org\/wp-content\/uploads\/2019\/06\/Inforgrafia-Energas-Renovables-480x348.jpg 480w\" sizes=\"(min-width: 0px) and (max-width: 480px) 480px, (min-width: 481px) and (max-width: 980px) 980px, (min-width: 981px) and (max-width: 1280px) 1280px, 100vw\" \/><\/p>\n<p>\u00a0<\/p>\n<p>Ponentes del programa del Encuentro E\u00f3lico:<\/p>\n<p><strong>WINDEUROPE<\/strong>. Giles Dickson, CEO<br \/><strong>BANCO DE ESPA\u00d1A<\/strong>. \u00d3scar Arce, Director General de Econom\u00eda y Estad\u00edstica<br \/><strong>MICROSOFT<\/strong>. Jos\u00e9 Mar\u00eda de la Fuente, Director \u00c1rea Industria<br \/><strong>GOOGLE CLOUD<\/strong>. Jos\u00e9 Manuel Garc\u00eda Gavil\u00e1n. Director Clientes Estret\u00e9gicos<br \/><strong>ACCIONA<\/strong>. Joaqu\u00edn Mollinedo, Director General Relaciones Institucionales, Sostenibilidad y Marca<\/p>\n<p>Adem\u00e1s, durante la celebraci\u00f3n del Encuentro se har\u00e1 entrega de los Premios EOLO 2019 en sus distintas categor\u00edas: Fotograf\u00eda, Microcuentos, Innovaci\u00f3n y el Premio EOLO a la Integraci\u00f3n Rural de la E\u00f3lica. Y muchas m\u00e1s sorpresas&#8230;<\/p>\n<p>El Encuentro E\u00f3lico es la\u00a0cita de referencia del sector, en la que estar\u00e1n presentes\u00a0las principales personalidades de la Administraci\u00f3n, representantes de partidos pol\u00edticos, entidades y organismos del sector, prensa y, sobre todo, las empresas del sector e\u00f3lico y renovable. \u00a1No te lo pierdas!<\/p>\n<p><strong>Consulta el programa e inscr\u00edbete, <a href=\"https:\/\/aeeolica.org\/eventos\/encuentro-eolico-anual\" target=\"_blank\" rel=\"noopener noreferrer\">aqu\u00ed<\/a>.<\/strong><\/p>\n<p><img decoding=\"async\" class=\" size-full wp-image-15108\" style=\"display: block; margin-left: auto; margin-right: auto;\" src=\"https:\/\/aeeolica.org\/wp-content\/uploads\/2019\/06\/Encuentro-Elico_Inauguracin.png\" alt=\"\" width=\"555\" height=\"394\" srcset=\"https:\/\/aeeolica.org\/wp-content\/uploads\/2019\/06\/Encuentro-Elico_Inauguracin.png 555w, https:\/\/aeeolica.org\/wp-content\/uploads\/2019\/06\/Encuentro-Elico_Inauguracin-480x341.png 480w\" sizes=\"(min-width: 0px) and (max-width: 480px) 480px, (min-width: 481px) 555px, 100vw\" \/><\/p>\n<p>\u00a0<\/p>\n<p>\u00a0<\/p>\n","protected":false},"excerpt":{"rendered":"<p>Jos\u00e9 Dom\u00ednguez Abascal, Secretario de Estado de Energ\u00eda, inaugurar\u00e1 este evento junto con la presidenta de AEE, Roc\u00edo Sicre. Un encuentro en el que analizaremos los futuros retos del sector [&hellip;]<\/p>\n","protected":false},"author":1,"featured_media":15106,"comment_status":"open","ping_status":"open","sticky":false,"template":"","format":"standard","meta":{"_acf_changed":false,"_bbp_topic_count":0,"_bbp_reply_count":0,"_bbp_total_topic_count":0,"_bbp_total_reply_count":0,"_bbp_voice_count":0,"_bbp_anonymous_reply_count":0,"_bbp_topic_count_hidden":0,"_bbp_reply_count_hidden":0,"_bbp_forum_subforum_count":0,"_et_pb_use_builder":"","_et_pb_old_content":"","_et_gb_content_width":"","footnotes":""},"categories":[219],"tags":[],"class_list":["post-15110","post","type-post","status-publish","format-standard","has-post-thumbnail","hentry","category-actualidad-eolica"],"acf":[],"yoast_head":"<!-- This site is optimized with the Yoast SEO plugin v27.4 - https:\/\/yoast.com\/product\/yoast-seo-wordpress\/ -->\n<title>El Secretario de Estado de Energ\u00eda, Jos\u00e9 Dom\u00ednguez Abascal, inaugura el Encuentro E\u00f3lico Anual 2019 - Asociaci\u00f3n Empresarial E\u00f3lica<\/title>\n<meta name=\"robots\" content=\"index, follow, max-snippet:-1, max-image-preview:large, max-video-preview:-1\" \/>\n<link rel=\"canonical\" href=\"https:\/\/aeeolica.org\/el-secretario-de-estado-de-energia-jose-dominguez-abascal-inaugura-el-encuentro-eolico-anual-2019\/\" \/>\n<meta property=\"og:locale\" content=\"en_US\" \/>\n<meta property=\"og:type\" content=\"article\" \/>\n<meta property=\"og:title\" content=\"El Secretario de Estado de Energ\u00eda, Jos\u00e9 Dom\u00ednguez Abascal, inaugura el Encuentro E\u00f3lico Anual 2019 - Asociaci\u00f3n Empresarial E\u00f3lica\" \/>\n<meta property=\"og:description\" content=\"Jos\u00e9 Dom\u00ednguez Abascal, Secretario de Estado de Energ\u00eda, inaugurar\u00e1 este evento junto con la presidenta de AEE, Roc\u00edo Sicre. Un encuentro en el que analizaremos los futuros retos del sector [&hellip;]\" \/>\n<meta property=\"og:url\" content=\"https:\/\/aeeolica.org\/el-secretario-de-estado-de-energia-jose-dominguez-abascal-inaugura-el-encuentro-eolico-anual-2019\/\" \/>\n<meta property=\"og:site_name\" content=\"Asociaci\u00f3n Empresarial E\u00f3lica\" \/>\n<meta property=\"article:publisher\" content=\"https:\/\/www.facebook.com\/aeeolica\" \/>\n<meta property=\"article:published_time\" content=\"2019-06-18T09:20:23+00:00\" \/>\n<meta property=\"og:image\" content=\"https:\/\/aeeolica.org\/wp-content\/uploads\/2019\/06\/Inforgrafia-Energas-Renovables.jpg\" \/>\n\t<meta property=\"og:image:width\" content=\"1380\" \/>\n\t<meta property=\"og:image:height\" content=\"1000\" \/>\n\t<meta property=\"og:image:type\" content=\"image\/jpeg\" \/>\n<meta name=\"author\" content=\"Vicent\" \/>\n<meta name=\"twitter:card\" content=\"summary_large_image\" \/>\n<meta name=\"twitter:creator\" content=\"@aeeolica\" \/>\n<meta name=\"twitter:site\" content=\"@aeeolica\" \/>\n<meta name=\"twitter:label1\" content=\"Written by\" \/>\n\t<meta name=\"twitter:data1\" content=\"Vicent\" \/>\n\t<meta name=\"twitter:label2\" content=\"Est. reading time\" \/>\n\t<meta name=\"twitter:data2\" content=\"1 minute\" \/>\n<script type=\"application\/ld+json\" class=\"yoast-schema-graph\">{\"@context\":\"https:\\\/\\\/schema.org\",\"@graph\":[{\"@type\":\"Article\",\"@id\":\"https:\\\/\\\/aeeolica.org\\\/el-secretario-de-estado-de-energia-jose-dominguez-abascal-inaugura-el-encuentro-eolico-anual-2019\\\/#article\",\"isPartOf\":{\"@id\":\"https:\\\/\\\/aeeolica.org\\\/el-secretario-de-estado-de-energia-jose-dominguez-abascal-inaugura-el-encuentro-eolico-anual-2019\\\/\"},\"author\":{\"name\":\"Vicent\",\"@id\":\"https:\\\/\\\/aeeolica.org\\\/#\\\/schema\\\/person\\\/6a2517a04d4939d7b273a97e03ad2754\"},\"headline\":\"El Secretario de Estado de Energ\u00eda, Jos\u00e9 Dom\u00ednguez Abascal, inaugura el Encuentro E\u00f3lico Anual 2019\",\"datePublished\":\"2019-06-18T09:20:23+00:00\",\"mainEntityOfPage\":{\"@id\":\"https:\\\/\\\/aeeolica.org\\\/el-secretario-de-estado-de-energia-jose-dominguez-abascal-inaugura-el-encuentro-eolico-anual-2019\\\/\"},\"wordCount\":244,\"commentCount\":0,\"publisher\":{\"@id\":\"https:\\\/\\\/aeeolica.org\\\/#organization\"},\"image\":{\"@id\":\"https:\\\/\\\/aeeolica.org\\\/el-secretario-de-estado-de-energia-jose-dominguez-abascal-inaugura-el-encuentro-eolico-anual-2019\\\/#primaryimage\"},\"thumbnailUrl\":\"https:\\\/\\\/aeeolica.org\\\/wp-content\\\/uploads\\\/2019\\\/06\\\/Inforgrafia-Energas-Renovables.jpg\",\"articleSection\":[\"Actualidad E\u00f3lica\"],\"inLanguage\":\"en-US\",\"potentialAction\":[{\"@type\":\"CommentAction\",\"name\":\"Comment\",\"target\":[\"https:\\\/\\\/aeeolica.org\\\/el-secretario-de-estado-de-energia-jose-dominguez-abascal-inaugura-el-encuentro-eolico-anual-2019\\\/#respond\"]}]},{\"@type\":\"WebPage\",\"@id\":\"https:\\\/\\\/aeeolica.org\\\/el-secretario-de-estado-de-energia-jose-dominguez-abascal-inaugura-el-encuentro-eolico-anual-2019\\\/\",\"url\":\"https:\\\/\\\/aeeolica.org\\\/el-secretario-de-estado-de-energia-jose-dominguez-abascal-inaugura-el-encuentro-eolico-anual-2019\\\/\",\"name\":\"El Secretario de Estado de Energ\u00eda, Jos\u00e9 Dom\u00ednguez Abascal, inaugura el Encuentro E\u00f3lico Anual 2019 - Asociaci\u00f3n Empresarial E\u00f3lica\",\"isPartOf\":{\"@id\":\"https:\\\/\\\/aeeolica.org\\\/#website\"},\"primaryImageOfPage\":{\"@id\":\"https:\\\/\\\/aeeolica.org\\\/el-secretario-de-estado-de-energia-jose-dominguez-abascal-inaugura-el-encuentro-eolico-anual-2019\\\/#primaryimage\"},\"image\":{\"@id\":\"https:\\\/\\\/aeeolica.org\\\/el-secretario-de-estado-de-energia-jose-dominguez-abascal-inaugura-el-encuentro-eolico-anual-2019\\\/#primaryimage\"},\"thumbnailUrl\":\"https:\\\/\\\/aeeolica.org\\\/wp-content\\\/uploads\\\/2019\\\/06\\\/Inforgrafia-Energas-Renovables.jpg\",\"datePublished\":\"2019-06-18T09:20:23+00:00\",\"breadcrumb\":{\"@id\":\"https:\\\/\\\/aeeolica.org\\\/el-secretario-de-estado-de-energia-jose-dominguez-abascal-inaugura-el-encuentro-eolico-anual-2019\\\/#breadcrumb\"},\"inLanguage\":\"en-US\",\"potentialAction\":[{\"@type\":\"ReadAction\",\"target\":[\"https:\\\/\\\/aeeolica.org\\\/el-secretario-de-estado-de-energia-jose-dominguez-abascal-inaugura-el-encuentro-eolico-anual-2019\\\/\"]}]},{\"@type\":\"ImageObject\",\"inLanguage\":\"en-US\",\"@id\":\"https:\\\/\\\/aeeolica.org\\\/el-secretario-de-estado-de-energia-jose-dominguez-abascal-inaugura-el-encuentro-eolico-anual-2019\\\/#primaryimage\",\"url\":\"https:\\\/\\\/aeeolica.org\\\/wp-content\\\/uploads\\\/2019\\\/06\\\/Inforgrafia-Energas-Renovables.jpg\",\"contentUrl\":\"https:\\\/\\\/aeeolica.org\\\/wp-content\\\/uploads\\\/2019\\\/06\\\/Inforgrafia-Energas-Renovables.jpg\",\"width\":1380,\"height\":1000},{\"@type\":\"BreadcrumbList\",\"@id\":\"https:\\\/\\\/aeeolica.org\\\/el-secretario-de-estado-de-energia-jose-dominguez-abascal-inaugura-el-encuentro-eolico-anual-2019\\\/#breadcrumb\",\"itemListElement\":[{\"@type\":\"ListItem\",\"position\":1,\"name\":\"Portada\",\"item\":\"https:\\\/\\\/aeeolica.org\\\/en\\\/inicio\\\/\"},{\"@type\":\"ListItem\",\"position\":2,\"name\":\"El Secretario de Estado de Energ\u00eda, Jos\u00e9 Dom\u00ednguez Abascal, inaugura el Encuentro E\u00f3lico Anual 2019\"}]},{\"@type\":\"WebSite\",\"@id\":\"https:\\\/\\\/aeeolica.org\\\/#website\",\"url\":\"https:\\\/\\\/aeeolica.org\\\/\",\"name\":\"Asociaci\u00f3n Empresarial E\u00f3lica\",\"description\":\"AEE Asociaci\u00f3n Empresarial E\u00f3lica\",\"publisher\":{\"@id\":\"https:\\\/\\\/aeeolica.org\\\/#organization\"},\"potentialAction\":[{\"@type\":\"SearchAction\",\"target\":{\"@type\":\"EntryPoint\",\"urlTemplate\":\"https:\\\/\\\/aeeolica.org\\\/?s={search_term_string}\"},\"query-input\":{\"@type\":\"PropertyValueSpecification\",\"valueRequired\":true,\"valueName\":\"search_term_string\"}}],\"inLanguage\":\"en-US\"},{\"@type\":\"Organization\",\"@id\":\"https:\\\/\\\/aeeolica.org\\\/#organization\",\"name\":\"Asociaci\u00f3n Empresarial E\u00f3lica\",\"url\":\"https:\\\/\\\/aeeolica.org\\\/\",\"logo\":{\"@type\":\"ImageObject\",\"inLanguage\":\"en-US\",\"@id\":\"https:\\\/\\\/aeeolica.org\\\/#\\\/schema\\\/logo\\\/image\\\/\",\"url\":\"https:\\\/\\\/aeeolica.org\\\/wp-content\\\/uploads\\\/2021\\\/08\\\/logo-aee.png\",\"contentUrl\":\"https:\\\/\\\/aeeolica.org\\\/wp-content\\\/uploads\\\/2021\\\/08\\\/logo-aee.png\",\"width\":180,\"height\":78,\"caption\":\"Asociaci\u00f3n Empresarial E\u00f3lica\"},\"image\":{\"@id\":\"https:\\\/\\\/aeeolica.org\\\/#\\\/schema\\\/logo\\\/image\\\/\"},\"sameAs\":[\"https:\\\/\\\/www.facebook.com\\\/aeeolica\",\"https:\\\/\\\/x.com\\\/aeeolica\",\"https:\\\/\\\/www.instagram.com\\\/aeeolica\\\/\",\"https:\\\/\\\/www.linkedin.com\\\/in\\\/aee-asociaci\u00f3n-empresarial-e\u00f3lica-6830946b\\\/\",\"https:\\\/\\\/www.youtube.com\\\/user\\\/AEEolica\"]},{\"@type\":\"Person\",\"@id\":\"https:\\\/\\\/aeeolica.org\\\/#\\\/schema\\\/person\\\/6a2517a04d4939d7b273a97e03ad2754\",\"name\":\"Vicent\",\"image\":{\"@type\":\"ImageObject\",\"inLanguage\":\"en-US\",\"@id\":\"https:\\\/\\\/secure.gravatar.com\\\/avatar\\\/9f0fea5e6bfa4d7107fbd7ea5e27d73cdca4f791f880e9f9f4171ecd42a7d395?s=96&d=mm&r=g\",\"url\":\"https:\\\/\\\/secure.gravatar.com\\\/avatar\\\/9f0fea5e6bfa4d7107fbd7ea5e27d73cdca4f791f880e9f9f4171ecd42a7d395?s=96&d=mm&r=g\",\"contentUrl\":\"https:\\\/\\\/secure.gravatar.com\\\/avatar\\\/9f0fea5e6bfa4d7107fbd7ea5e27d73cdca4f791f880e9f9f4171ecd42a7d395?s=96&d=mm&r=g\",\"caption\":\"Vicent\"},\"sameAs\":[\"https:\\\/\\\/aeeolica.org\"],\"url\":\"https:\\\/\\\/aeeolica.org\\\/en\\\/author\\\/vicent\\\/\"}]}<\/script>\n<!-- \/ Yoast SEO plugin. -->","yoast_head_json":{"title":"El Secretario de Estado de Energ\u00eda, Jos\u00e9 Dom\u00ednguez Abascal, inaugura el Encuentro E\u00f3lico Anual 2019 - Asociaci\u00f3n Empresarial E\u00f3lica","robots":{"index":"index","follow":"follow","max-snippet":"max-snippet:-1","max-image-preview":"max-image-preview:large","max-video-preview":"max-video-preview:-1"},"canonical":"https:\/\/aeeolica.org\/el-secretario-de-estado-de-energia-jose-dominguez-abascal-inaugura-el-encuentro-eolico-anual-2019\/","og_locale":"en_US","og_type":"article","og_title":"El Secretario de Estado de Energ\u00eda, Jos\u00e9 Dom\u00ednguez Abascal, inaugura el Encuentro E\u00f3lico Anual 2019 - Asociaci\u00f3n Empresarial E\u00f3lica","og_description":"Jos\u00e9 Dom\u00ednguez Abascal, Secretario de Estado de Energ\u00eda, inaugurar\u00e1 este evento junto con la presidenta de AEE, Roc\u00edo Sicre. Un encuentro en el que analizaremos los futuros retos del sector [&hellip;]","og_url":"https:\/\/aeeolica.org\/el-secretario-de-estado-de-energia-jose-dominguez-abascal-inaugura-el-encuentro-eolico-anual-2019\/","og_site_name":"Asociaci\u00f3n Empresarial E\u00f3lica","article_publisher":"https:\/\/www.facebook.com\/aeeolica","article_published_time":"2019-06-18T09:20:23+00:00","og_image":[{"width":1380,"height":1000,"url":"https:\/\/aeeolica.org\/wp-content\/uploads\/2019\/06\/Inforgrafia-Energas-Renovables.jpg","type":"image\/jpeg"}],"author":"Vicent","twitter_card":"summary_large_image","twitter_creator":"@aeeolica","twitter_site":"@aeeolica","twitter_misc":{"Written by":"Vicent","Est. reading time":"1 minute"},"schema":{"@context":"https:\/\/schema.org","@graph":[{"@type":"Article","@id":"https:\/\/aeeolica.org\/el-secretario-de-estado-de-energia-jose-dominguez-abascal-inaugura-el-encuentro-eolico-anual-2019\/#article","isPartOf":{"@id":"https:\/\/aeeolica.org\/el-secretario-de-estado-de-energia-jose-dominguez-abascal-inaugura-el-encuentro-eolico-anual-2019\/"},"author":{"name":"Vicent","@id":"https:\/\/aeeolica.org\/#\/schema\/person\/6a2517a04d4939d7b273a97e03ad2754"},"headline":"El Secretario de Estado de Energ\u00eda, Jos\u00e9 Dom\u00ednguez Abascal, inaugura el Encuentro E\u00f3lico Anual 2019","datePublished":"2019-06-18T09:20:23+00:00","mainEntityOfPage":{"@id":"https:\/\/aeeolica.org\/el-secretario-de-estado-de-energia-jose-dominguez-abascal-inaugura-el-encuentro-eolico-anual-2019\/"},"wordCount":244,"commentCount":0,"publisher":{"@id":"https:\/\/aeeolica.org\/#organization"},"image":{"@id":"https:\/\/aeeolica.org\/el-secretario-de-estado-de-energia-jose-dominguez-abascal-inaugura-el-encuentro-eolico-anual-2019\/#primaryimage"},"thumbnailUrl":"https:\/\/aeeolica.org\/wp-content\/uploads\/2019\/06\/Inforgrafia-Energas-Renovables.jpg","articleSection":["Actualidad E\u00f3lica"],"inLanguage":"en-US","potentialAction":[{"@type":"CommentAction","name":"Comment","target":["https:\/\/aeeolica.org\/el-secretario-de-estado-de-energia-jose-dominguez-abascal-inaugura-el-encuentro-eolico-anual-2019\/#respond"]}]},{"@type":"WebPage","@id":"https:\/\/aeeolica.org\/el-secretario-de-estado-de-energia-jose-dominguez-abascal-inaugura-el-encuentro-eolico-anual-2019\/","url":"https:\/\/aeeolica.org\/el-secretario-de-estado-de-energia-jose-dominguez-abascal-inaugura-el-encuentro-eolico-anual-2019\/","name":"El Secretario de Estado de Energ\u00eda, Jos\u00e9 Dom\u00ednguez Abascal, inaugura el Encuentro E\u00f3lico Anual 2019 - Asociaci\u00f3n Empresarial E\u00f3lica","isPartOf":{"@id":"https:\/\/aeeolica.org\/#website"},"primaryImageOfPage":{"@id":"https:\/\/aeeolica.org\/el-secretario-de-estado-de-energia-jose-dominguez-abascal-inaugura-el-encuentro-eolico-anual-2019\/#primaryimage"},"image":{"@id":"https:\/\/aeeolica.org\/el-secretario-de-estado-de-energia-jose-dominguez-abascal-inaugura-el-encuentro-eolico-anual-2019\/#primaryimage"},"thumbnailUrl":"https:\/\/aeeolica.org\/wp-content\/uploads\/2019\/06\/Inforgrafia-Energas-Renovables.jpg","datePublished":"2019-06-18T09:20:23+00:00","breadcrumb":{"@id":"https:\/\/aeeolica.org\/el-secretario-de-estado-de-energia-jose-dominguez-abascal-inaugura-el-encuentro-eolico-anual-2019\/#breadcrumb"},"inLanguage":"en-US","potentialAction":[{"@type":"ReadAction","target":["https:\/\/aeeolica.org\/el-secretario-de-estado-de-energia-jose-dominguez-abascal-inaugura-el-encuentro-eolico-anual-2019\/"]}]},{"@type":"ImageObject","inLanguage":"en-US","@id":"https:\/\/aeeolica.org\/el-secretario-de-estado-de-energia-jose-dominguez-abascal-inaugura-el-encuentro-eolico-anual-2019\/#primaryimage","url":"https:\/\/aeeolica.org\/wp-content\/uploads\/2019\/06\/Inforgrafia-Energas-Renovables.jpg","contentUrl":"https:\/\/aeeolica.org\/wp-content\/uploads\/2019\/06\/Inforgrafia-Energas-Renovables.jpg","width":1380,"height":1000},{"@type":"BreadcrumbList","@id":"https:\/\/aeeolica.org\/el-secretario-de-estado-de-energia-jose-dominguez-abascal-inaugura-el-encuentro-eolico-anual-2019\/#breadcrumb","itemListElement":[{"@type":"ListItem","position":1,"name":"Portada","item":"https:\/\/aeeolica.org\/en\/inicio\/"},{"@type":"ListItem","position":2,"name":"El Secretario de Estado de Energ\u00eda, Jos\u00e9 Dom\u00ednguez Abascal, inaugura el Encuentro E\u00f3lico Anual 2019"}]},{"@type":"WebSite","@id":"https:\/\/aeeolica.org\/#website","url":"https:\/\/aeeolica.org\/","name":"Asociaci\u00f3n Empresarial E\u00f3lica","description":"AEE Asociaci\u00f3n Empresarial E\u00f3lica","publisher":{"@id":"https:\/\/aeeolica.org\/#organization"},"potentialAction":[{"@type":"SearchAction","target":{"@type":"EntryPoint","urlTemplate":"https:\/\/aeeolica.org\/?s={search_term_string}"},"query-input":{"@type":"PropertyValueSpecification","valueRequired":true,"valueName":"search_term_string"}}],"inLanguage":"en-US"},{"@type":"Organization","@id":"https:\/\/aeeolica.org\/#organization","name":"Asociaci\u00f3n Empresarial E\u00f3lica","url":"https:\/\/aeeolica.org\/","logo":{"@type":"ImageObject","inLanguage":"en-US","@id":"https:\/\/aeeolica.org\/#\/schema\/logo\/image\/","url":"https:\/\/aeeolica.org\/wp-content\/uploads\/2021\/08\/logo-aee.png","contentUrl":"https:\/\/aeeolica.org\/wp-content\/uploads\/2021\/08\/logo-aee.png","width":180,"height":78,"caption":"Asociaci\u00f3n Empresarial E\u00f3lica"},"image":{"@id":"https:\/\/aeeolica.org\/#\/schema\/logo\/image\/"},"sameAs":["https:\/\/www.facebook.com\/aeeolica","https:\/\/x.com\/aeeolica","https:\/\/www.instagram.com\/aeeolica\/","https:\/\/www.linkedin.com\/in\/aee-asociaci\u00f3n-empresarial-e\u00f3lica-6830946b\/","https:\/\/www.youtube.com\/user\/AEEolica"]},{"@type":"Person","@id":"https:\/\/aeeolica.org\/#\/schema\/person\/6a2517a04d4939d7b273a97e03ad2754","name":"Vicent","image":{"@type":"ImageObject","inLanguage":"en-US","@id":"https:\/\/secure.gravatar.com\/avatar\/9f0fea5e6bfa4d7107fbd7ea5e27d73cdca4f791f880e9f9f4171ecd42a7d395?s=96&d=mm&r=g","url":"https:\/\/secure.gravatar.com\/avatar\/9f0fea5e6bfa4d7107fbd7ea5e27d73cdca4f791f880e9f9f4171ecd42a7d395?s=96&d=mm&r=g","contentUrl":"https:\/\/secure.gravatar.com\/avatar\/9f0fea5e6bfa4d7107fbd7ea5e27d73cdca4f791f880e9f9f4171ecd42a7d395?s=96&d=mm&r=g","caption":"Vicent"},"sameAs":["https:\/\/aeeolica.org"],"url":"https:\/\/aeeolica.org\/en\/author\/vicent\/"}]}},"_links":{"self":[{"href":"https:\/\/aeeolica.org\/en\/wp-json\/wp\/v2\/posts\/15110","targetHints":{"allow":["GET"]}}],"collection":[{"href":"https:\/\/aeeolica.org\/en\/wp-json\/wp\/v2\/posts"}],"about":[{"href":"https:\/\/aeeolica.org\/en\/wp-json\/wp\/v2\/types\/post"}],"author":[{"embeddable":true,"href":"https:\/\/aeeolica.org\/en\/wp-json\/wp\/v2\/users\/1"}],"replies":[{"embeddable":true,"href":"https:\/\/aeeolica.org\/en\/wp-json\/wp\/v2\/comments?post=15110"}],"version-history":[{"count":0,"href":"https:\/\/aeeolica.org\/en\/wp-json\/wp\/v2\/posts\/15110\/revisions"}],"wp:featuredmedia":[{"embeddable":true,"href":"https:\/\/aeeolica.org\/en\/wp-json\/wp\/v2\/media\/15106"}],"wp:attachment":[{"href":"https:\/\/aeeolica.org\/en\/wp-json\/wp\/v2\/media?parent=15110"}],"wp:term":[{"taxonomy":"category","embeddable":true,"href":"https:\/\/aeeolica.org\/en\/wp-json\/wp\/v2\/categories?post=15110"},{"taxonomy":"post_tag","embeddable":true,"href":"https:\/\/aeeolica.org\/en\/wp-json\/wp\/v2\/tags?post=15110"}],"curies":[{"name":"wp","href":"https:\/\/api.w.org\/{rel}","templated":true}]}}