{"id":15280,"date":"2020-01-28T10:27:07","date_gmt":"2020-01-28T10:27:07","guid":{"rendered":"https:\/\/aeeolica.org\/6-456-mw-de-nueva-generacion-renovable-en-2019-suponen-un-nuevo-record-de-instalacion\/"},"modified":"2020-01-28T10:27:07","modified_gmt":"2020-01-28T10:27:07","slug":"6-456-mw-de-nueva-generacion-renovable-en-2019-suponen-un-nuevo-record-de-instalacion","status":"publish","type":"post","link":"https:\/\/aeeolica.org\/en\/6-456-mw-de-nueva-generacion-renovable-en-2019-suponen-un-nuevo-record-de-instalacion\/","title":{"rendered":"6.456 MW de nueva generaci\u00f3n renovable en 2019 suponen un nuevo r\u00e9cord de instalaci\u00f3n"},"content":{"rendered":"<p style=\"text-align: justify;\">Red El\u00e9ctrica de Espa\u00f1a, operador y transportista del sistema el\u00e9ctrico espa\u00f1ol, difundi\u00f3 el 23 de enero\u00a0los datos de nueva potencia renovable instalada 2019 con un total de 6.456 MW. Son 6.126 MW m\u00e1s que el pasado a\u00f1o, cuando se conectaron 330 MW, de los cuales 194 MW correspondieron al Plan E\u00f3lico Canario.<\/p>\n<p><!--more--><\/p>\n<p style=\"text-align: justify;\">La integraci\u00f3n de este contingente, mayoritariamente e\u00f3lico y fotovoltaico, marca un r\u00e9cord hist\u00f3rico en el sistema el\u00e9ctrico espa\u00f1ol y representa un aldabonazo a la transici\u00f3n energ\u00e9tica y al cumplimiento de la senda de integraci\u00f3n fijada en el Plan Nacional Integrado de Energ\u00eda y Clima, con horizonte 2030. Dado que el despliegue de nuevas instalaciones de generaci\u00f3n renovable deber\u00e1 mantenerse durante toda la d\u00e9cada, desde Red El\u00e9ctrica se contin\u00faa trabajando, junto con todos los agentes implicados, en la mejora continua del proceso de puesta en servicio.<\/p>\n<p>Para facilitar el cumplimiento de los objetivos establecidos en el PNIEC en cuanto a la puesta en servicio de instalaciones de generaci\u00f3n renovable, desde Red El\u00e9ctrica se ha acometido en 2019 un conjunto de actuaciones desde las \u00e1reas de Operaci\u00f3n y Transporte con el objetivo de posibilitar el acceso y la conexi\u00f3n, siempre cumpliendo con los requisitos t\u00e9cnicos y administrativos establecidos en el ordenamiento jur\u00eddico vigente.<\/p>\n<p>Dado que la mayor\u00eda de esta nueva generaci\u00f3n (70% de la potencia instalada) ten\u00eda prevista su conexi\u00f3n a la red de alta tensi\u00f3n, REE ha desarrollado nuevas infraestructuras. Para ello la compa\u00f1\u00eda ha llevado a cabo actuaciones en m\u00e1s de 30 subestaciones, incorporando 15 nuevas posiciones.<\/p>\n<p>En la actualidad, el contingente renovable asciende a un total de 55.247 MW, de los que un 46% son e\u00f3licos, un 16% son fotovoltaicos y el resto (38%) corresponden a otras tecnolog\u00edas renovables. El parque de generaci\u00f3n el\u00e9ctrica espa\u00f1ol es cada vez m\u00e1s verde. Durante el a\u00f1o 2019 el incremento del 5,6% de la potencia instalada nacional -r\u00e9cord hist\u00f3rico con un valor de 110 GW- se ha debido precisamente al aumento del 12,9% de la potencia instalada renovable, con la entrada en funcionamiento de los 6.456 MW mencionados. De este total, 5.689 MW correspondieron a las subastas celebradas en el a\u00f1o 2017 y el resto, 767 MW, a instalaciones renovables no adscritas a este procedimiento. Esta potencia equivale a 189 instalaciones, de las cuales 86 son e\u00f3licas (2.319 MW), 93 fotovoltaicas (3.975 MW) y 10 corresponden a otras tecnolog\u00edas renovables (162 MW).<\/p>\n<p>El incremento de potencia instalada renovable ha favorecido que durante 2019 la producci\u00f3n renovable nacional haya sido de 97.826 GWh, lo que supone un peso en el mix de generaci\u00f3n del 37,5%. La generaci\u00f3n e\u00f3lica ha sido un 9,3% superior a la de 2018, ocupando el tercer lugar en el mix con un peso del 20,8% tras la nuclear (21,4%) y el ciclo combinado (21,2%) siendo este el mayor valor registrado hasta la fecha.<\/p>\n<p><strong>M\u00e1ximos hist\u00f3ricos en 2019<\/strong><br \/>El a\u00f1o 2019 ha conseguido batir varios r\u00e9cords hist\u00f3ricos tanto en la generaci\u00f3n e\u00f3lica como en la fotovoltaica. En concreto, el domingo 3 de noviembre a las 5.20 horas la e\u00f3lica cubri\u00f3 la demanda instant\u00e1nea en la pen\u00ednsula en un 75,97%, el mayor valor alcanzado hasta la fecha. Asimismo, poco antes de acabar el a\u00f1o, el jueves 12 de diciembre a las 16.21 horas, se alcanz\u00f3 un nuevo m\u00e1ximo hist\u00f3rico de potencia de generaci\u00f3n e\u00f3lica, tambi\u00e9n en la pen\u00ednsula, con un valor de 18.879 MW. Ese mismo esta tecnolog\u00eda super\u00f3 su r\u00e9cord de generaci\u00f3n entre las 16 a 17 horas, alcanzando los 17.908 MWh. Un d\u00eda m\u00e1s tarde, el viernes 13, tambi\u00e9n bati\u00f3 su m\u00e1ximo diaria llegando a los 396.898 MWh y, adem\u00e1s, registr\u00f3 el m\u00e1ximo del a\u00f1o de producci\u00f3n renovable con 535 GWh.<\/p>\n<p>Por su parte, la solar fotovoltaica nacional ha incrementado su producci\u00f3n un 18,8%, registrando el valor de generaci\u00f3n anual m\u00e1s elevado hasta la fecha. Entre los r\u00e9cords hist\u00f3ricos alcanzados por esta tecnolog\u00eda destacan varias fechas: el viernes 23 de agosto registr\u00f3 su m\u00e1ximo de producci\u00f3n diaria peninsular con 34.758 MWh; ese mismo mes contabiliz\u00f3 el m\u00e1ximo mensual alcanzado hasta la fecha, con un total de 972.519 MWh. Asimismo, el 26 de octubre obtuvo un nuevo m\u00e1ximo de producci\u00f3n horaria, entre las 13 y las 14 horas con 4.185 MWh.<\/p>\n<p><img decoding=\"async\" class=\" size-full wp-image-15278\" style=\"display: block; margin-left: auto; margin-right: auto;\" src=\"https:\/\/aeeolica.org\/wp-content\/uploads\/2020\/01\/Generacin-renovable-en-2019-2.png\" alt=\"\" width=\"700\" height=\"497\" srcset=\"https:\/\/aeeolica.org\/wp-content\/uploads\/2020\/01\/Generacin-renovable-en-2019-2-1280x909.png 1280w, https:\/\/aeeolica.org\/wp-content\/uploads\/2020\/01\/Generacin-renovable-en-2019-2-980x696.png 980w, https:\/\/aeeolica.org\/wp-content\/uploads\/2020\/01\/Generacin-renovable-en-2019-2-480x341.png 480w\" sizes=\"(min-width: 0px) and (max-width: 480px) 480px, (min-width: 481px) and (max-width: 980px) 980px, (min-width: 981px) and (max-width: 1280px) 1280px, 100vw\" \/><\/p>\n","protected":false},"excerpt":{"rendered":"<p>Red El\u00e9ctrica de Espa\u00f1a, operador y transportista del sistema el\u00e9ctrico espa\u00f1ol, difundi\u00f3 el 23 de enero\u00a0los datos de nueva potencia renovable instalada 2019 con un total de 6.456 MW. Son [&hellip;]<\/p>\n","protected":false},"author":1,"featured_media":15278,"comment_status":"open","ping_status":"open","sticky":false,"template":"","format":"standard","meta":{"_acf_changed":false,"_bbp_topic_count":0,"_bbp_reply_count":0,"_bbp_total_topic_count":0,"_bbp_total_reply_count":0,"_bbp_voice_count":0,"_bbp_anonymous_reply_count":0,"_bbp_topic_count_hidden":0,"_bbp_reply_count_hidden":0,"_bbp_forum_subforum_count":0,"_et_pb_use_builder":"","_et_pb_old_content":"","_et_gb_content_width":"","footnotes":""},"categories":[219],"tags":[],"class_list":["post-15280","post","type-post","status-publish","format-standard","has-post-thumbnail","hentry","category-actualidad-eolica"],"acf":[],"yoast_head":"<!-- This site is optimized with the Yoast SEO plugin v27.4 - https:\/\/yoast.com\/product\/yoast-seo-wordpress\/ -->\n<title>6.456 MW de nueva generaci\u00f3n renovable en 2019 suponen un nuevo r\u00e9cord de instalaci\u00f3n - Asociaci\u00f3n Empresarial E\u00f3lica<\/title>\n<meta name=\"robots\" content=\"index, follow, max-snippet:-1, max-image-preview:large, max-video-preview:-1\" \/>\n<link rel=\"canonical\" href=\"https:\/\/aeeolica.org\/6-456-mw-de-nueva-generacion-renovable-en-2019-suponen-un-nuevo-record-de-instalacion\/\" \/>\n<meta property=\"og:locale\" content=\"en_US\" \/>\n<meta property=\"og:type\" content=\"article\" \/>\n<meta property=\"og:title\" content=\"6.456 MW de nueva generaci\u00f3n renovable en 2019 suponen un nuevo r\u00e9cord de instalaci\u00f3n - Asociaci\u00f3n Empresarial E\u00f3lica\" \/>\n<meta property=\"og:description\" content=\"Red El\u00e9ctrica de Espa\u00f1a, operador y transportista del sistema el\u00e9ctrico espa\u00f1ol, difundi\u00f3 el 23 de enero\u00a0los datos de nueva potencia renovable instalada 2019 con un total de 6.456 MW. Son [&hellip;]\" \/>\n<meta property=\"og:url\" content=\"https:\/\/aeeolica.org\/6-456-mw-de-nueva-generacion-renovable-en-2019-suponen-un-nuevo-record-de-instalacion\/\" \/>\n<meta property=\"og:site_name\" content=\"Asociaci\u00f3n Empresarial E\u00f3lica\" \/>\n<meta property=\"article:publisher\" content=\"https:\/\/www.facebook.com\/aeeolica\" \/>\n<meta property=\"article:published_time\" content=\"2020-01-28T10:27:07+00:00\" \/>\n<meta property=\"og:image\" content=\"https:\/\/aeeolica.org\/wp-content\/uploads\/2020\/01\/Generacin-renovable-en-2019-2-1024x727.png\" \/>\n\t<meta property=\"og:image:width\" content=\"1024\" \/>\n\t<meta property=\"og:image:height\" content=\"727\" \/>\n\t<meta property=\"og:image:type\" content=\"image\/png\" \/>\n<meta name=\"author\" content=\"Vicent\" \/>\n<meta name=\"twitter:card\" content=\"summary_large_image\" \/>\n<meta name=\"twitter:creator\" content=\"@aeeolica\" \/>\n<meta name=\"twitter:site\" content=\"@aeeolica\" \/>\n<meta name=\"twitter:label1\" content=\"Written by\" \/>\n\t<meta name=\"twitter:data1\" content=\"Vicent\" \/>\n\t<meta name=\"twitter:label2\" content=\"Est. reading time\" \/>\n\t<meta name=\"twitter:data2\" content=\"4 minutes\" \/>\n<script type=\"application\/ld+json\" class=\"yoast-schema-graph\">{\"@context\":\"https:\\\/\\\/schema.org\",\"@graph\":[{\"@type\":\"Article\",\"@id\":\"https:\\\/\\\/aeeolica.org\\\/6-456-mw-de-nueva-generacion-renovable-en-2019-suponen-un-nuevo-record-de-instalacion\\\/#article\",\"isPartOf\":{\"@id\":\"https:\\\/\\\/aeeolica.org\\\/6-456-mw-de-nueva-generacion-renovable-en-2019-suponen-un-nuevo-record-de-instalacion\\\/\"},\"author\":{\"name\":\"Vicent\",\"@id\":\"https:\\\/\\\/aeeolica.org\\\/#\\\/schema\\\/person\\\/6a2517a04d4939d7b273a97e03ad2754\"},\"headline\":\"6.456 MW de nueva generaci\u00f3n renovable en 2019 suponen un nuevo r\u00e9cord de instalaci\u00f3n\",\"datePublished\":\"2020-01-28T10:27:07+00:00\",\"mainEntityOfPage\":{\"@id\":\"https:\\\/\\\/aeeolica.org\\\/6-456-mw-de-nueva-generacion-renovable-en-2019-suponen-un-nuevo-record-de-instalacion\\\/\"},\"wordCount\":737,\"commentCount\":0,\"publisher\":{\"@id\":\"https:\\\/\\\/aeeolica.org\\\/#organization\"},\"image\":{\"@id\":\"https:\\\/\\\/aeeolica.org\\\/6-456-mw-de-nueva-generacion-renovable-en-2019-suponen-un-nuevo-record-de-instalacion\\\/#primaryimage\"},\"thumbnailUrl\":\"https:\\\/\\\/aeeolica.org\\\/wp-content\\\/uploads\\\/2020\\\/01\\\/Generacin-renovable-en-2019-2.png\",\"articleSection\":[\"Actualidad E\u00f3lica\"],\"inLanguage\":\"en-US\",\"potentialAction\":[{\"@type\":\"CommentAction\",\"name\":\"Comment\",\"target\":[\"https:\\\/\\\/aeeolica.org\\\/6-456-mw-de-nueva-generacion-renovable-en-2019-suponen-un-nuevo-record-de-instalacion\\\/#respond\"]}]},{\"@type\":\"WebPage\",\"@id\":\"https:\\\/\\\/aeeolica.org\\\/6-456-mw-de-nueva-generacion-renovable-en-2019-suponen-un-nuevo-record-de-instalacion\\\/\",\"url\":\"https:\\\/\\\/aeeolica.org\\\/6-456-mw-de-nueva-generacion-renovable-en-2019-suponen-un-nuevo-record-de-instalacion\\\/\",\"name\":\"6.456 MW de nueva generaci\u00f3n renovable en 2019 suponen un nuevo r\u00e9cord de instalaci\u00f3n - Asociaci\u00f3n Empresarial E\u00f3lica\",\"isPartOf\":{\"@id\":\"https:\\\/\\\/aeeolica.org\\\/#website\"},\"primaryImageOfPage\":{\"@id\":\"https:\\\/\\\/aeeolica.org\\\/6-456-mw-de-nueva-generacion-renovable-en-2019-suponen-un-nuevo-record-de-instalacion\\\/#primaryimage\"},\"image\":{\"@id\":\"https:\\\/\\\/aeeolica.org\\\/6-456-mw-de-nueva-generacion-renovable-en-2019-suponen-un-nuevo-record-de-instalacion\\\/#primaryimage\"},\"thumbnailUrl\":\"https:\\\/\\\/aeeolica.org\\\/wp-content\\\/uploads\\\/2020\\\/01\\\/Generacin-renovable-en-2019-2.png\",\"datePublished\":\"2020-01-28T10:27:07+00:00\",\"breadcrumb\":{\"@id\":\"https:\\\/\\\/aeeolica.org\\\/6-456-mw-de-nueva-generacion-renovable-en-2019-suponen-un-nuevo-record-de-instalacion\\\/#breadcrumb\"},\"inLanguage\":\"en-US\",\"potentialAction\":[{\"@type\":\"ReadAction\",\"target\":[\"https:\\\/\\\/aeeolica.org\\\/6-456-mw-de-nueva-generacion-renovable-en-2019-suponen-un-nuevo-record-de-instalacion\\\/\"]}]},{\"@type\":\"ImageObject\",\"inLanguage\":\"en-US\",\"@id\":\"https:\\\/\\\/aeeolica.org\\\/6-456-mw-de-nueva-generacion-renovable-en-2019-suponen-un-nuevo-record-de-instalacion\\\/#primaryimage\",\"url\":\"https:\\\/\\\/aeeolica.org\\\/wp-content\\\/uploads\\\/2020\\\/01\\\/Generacin-renovable-en-2019-2.png\",\"contentUrl\":\"https:\\\/\\\/aeeolica.org\\\/wp-content\\\/uploads\\\/2020\\\/01\\\/Generacin-renovable-en-2019-2.png\",\"width\":1747,\"height\":1240},{\"@type\":\"BreadcrumbList\",\"@id\":\"https:\\\/\\\/aeeolica.org\\\/6-456-mw-de-nueva-generacion-renovable-en-2019-suponen-un-nuevo-record-de-instalacion\\\/#breadcrumb\",\"itemListElement\":[{\"@type\":\"ListItem\",\"position\":1,\"name\":\"Portada\",\"item\":\"https:\\\/\\\/aeeolica.org\\\/en\\\/inicio\\\/\"},{\"@type\":\"ListItem\",\"position\":2,\"name\":\"6.456 MW de nueva generaci\u00f3n renovable en 2019 suponen un nuevo r\u00e9cord de instalaci\u00f3n\"}]},{\"@type\":\"WebSite\",\"@id\":\"https:\\\/\\\/aeeolica.org\\\/#website\",\"url\":\"https:\\\/\\\/aeeolica.org\\\/\",\"name\":\"Asociaci\u00f3n Empresarial E\u00f3lica\",\"description\":\"AEE Asociaci\u00f3n Empresarial E\u00f3lica\",\"publisher\":{\"@id\":\"https:\\\/\\\/aeeolica.org\\\/#organization\"},\"potentialAction\":[{\"@type\":\"SearchAction\",\"target\":{\"@type\":\"EntryPoint\",\"urlTemplate\":\"https:\\\/\\\/aeeolica.org\\\/?s={search_term_string}\"},\"query-input\":{\"@type\":\"PropertyValueSpecification\",\"valueRequired\":true,\"valueName\":\"search_term_string\"}}],\"inLanguage\":\"en-US\"},{\"@type\":\"Organization\",\"@id\":\"https:\\\/\\\/aeeolica.org\\\/#organization\",\"name\":\"Asociaci\u00f3n Empresarial E\u00f3lica\",\"url\":\"https:\\\/\\\/aeeolica.org\\\/\",\"logo\":{\"@type\":\"ImageObject\",\"inLanguage\":\"en-US\",\"@id\":\"https:\\\/\\\/aeeolica.org\\\/#\\\/schema\\\/logo\\\/image\\\/\",\"url\":\"https:\\\/\\\/aeeolica.org\\\/wp-content\\\/uploads\\\/2021\\\/08\\\/logo-aee.png\",\"contentUrl\":\"https:\\\/\\\/aeeolica.org\\\/wp-content\\\/uploads\\\/2021\\\/08\\\/logo-aee.png\",\"width\":180,\"height\":78,\"caption\":\"Asociaci\u00f3n Empresarial E\u00f3lica\"},\"image\":{\"@id\":\"https:\\\/\\\/aeeolica.org\\\/#\\\/schema\\\/logo\\\/image\\\/\"},\"sameAs\":[\"https:\\\/\\\/www.facebook.com\\\/aeeolica\",\"https:\\\/\\\/x.com\\\/aeeolica\",\"https:\\\/\\\/www.instagram.com\\\/aeeolica\\\/\",\"https:\\\/\\\/www.linkedin.com\\\/in\\\/aee-asociaci\u00f3n-empresarial-e\u00f3lica-6830946b\\\/\",\"https:\\\/\\\/www.youtube.com\\\/user\\\/AEEolica\"]},{\"@type\":\"Person\",\"@id\":\"https:\\\/\\\/aeeolica.org\\\/#\\\/schema\\\/person\\\/6a2517a04d4939d7b273a97e03ad2754\",\"name\":\"Vicent\",\"image\":{\"@type\":\"ImageObject\",\"inLanguage\":\"en-US\",\"@id\":\"https:\\\/\\\/secure.gravatar.com\\\/avatar\\\/9f0fea5e6bfa4d7107fbd7ea5e27d73cdca4f791f880e9f9f4171ecd42a7d395?s=96&d=mm&r=g\",\"url\":\"https:\\\/\\\/secure.gravatar.com\\\/avatar\\\/9f0fea5e6bfa4d7107fbd7ea5e27d73cdca4f791f880e9f9f4171ecd42a7d395?s=96&d=mm&r=g\",\"contentUrl\":\"https:\\\/\\\/secure.gravatar.com\\\/avatar\\\/9f0fea5e6bfa4d7107fbd7ea5e27d73cdca4f791f880e9f9f4171ecd42a7d395?s=96&d=mm&r=g\",\"caption\":\"Vicent\"},\"sameAs\":[\"https:\\\/\\\/aeeolica.org\"],\"url\":\"https:\\\/\\\/aeeolica.org\\\/en\\\/author\\\/vicent\\\/\"}]}<\/script>\n<!-- \/ Yoast SEO plugin. -->","yoast_head_json":{"title":"6.456 MW de nueva generaci\u00f3n renovable en 2019 suponen un nuevo r\u00e9cord de instalaci\u00f3n - Asociaci\u00f3n Empresarial E\u00f3lica","robots":{"index":"index","follow":"follow","max-snippet":"max-snippet:-1","max-image-preview":"max-image-preview:large","max-video-preview":"max-video-preview:-1"},"canonical":"https:\/\/aeeolica.org\/6-456-mw-de-nueva-generacion-renovable-en-2019-suponen-un-nuevo-record-de-instalacion\/","og_locale":"en_US","og_type":"article","og_title":"6.456 MW de nueva generaci\u00f3n renovable en 2019 suponen un nuevo r\u00e9cord de instalaci\u00f3n - Asociaci\u00f3n Empresarial E\u00f3lica","og_description":"Red El\u00e9ctrica de Espa\u00f1a, operador y transportista del sistema el\u00e9ctrico espa\u00f1ol, difundi\u00f3 el 23 de enero\u00a0los datos de nueva potencia renovable instalada 2019 con un total de 6.456 MW. Son [&hellip;]","og_url":"https:\/\/aeeolica.org\/6-456-mw-de-nueva-generacion-renovable-en-2019-suponen-un-nuevo-record-de-instalacion\/","og_site_name":"Asociaci\u00f3n Empresarial E\u00f3lica","article_publisher":"https:\/\/www.facebook.com\/aeeolica","article_published_time":"2020-01-28T10:27:07+00:00","og_image":[{"width":1024,"height":727,"url":"https:\/\/aeeolica.org\/wp-content\/uploads\/2020\/01\/Generacin-renovable-en-2019-2-1024x727.png","type":"image\/png"}],"author":"Vicent","twitter_card":"summary_large_image","twitter_creator":"@aeeolica","twitter_site":"@aeeolica","twitter_misc":{"Written by":"Vicent","Est. reading time":"4 minutes"},"schema":{"@context":"https:\/\/schema.org","@graph":[{"@type":"Article","@id":"https:\/\/aeeolica.org\/6-456-mw-de-nueva-generacion-renovable-en-2019-suponen-un-nuevo-record-de-instalacion\/#article","isPartOf":{"@id":"https:\/\/aeeolica.org\/6-456-mw-de-nueva-generacion-renovable-en-2019-suponen-un-nuevo-record-de-instalacion\/"},"author":{"name":"Vicent","@id":"https:\/\/aeeolica.org\/#\/schema\/person\/6a2517a04d4939d7b273a97e03ad2754"},"headline":"6.456 MW de nueva generaci\u00f3n renovable en 2019 suponen un nuevo r\u00e9cord de instalaci\u00f3n","datePublished":"2020-01-28T10:27:07+00:00","mainEntityOfPage":{"@id":"https:\/\/aeeolica.org\/6-456-mw-de-nueva-generacion-renovable-en-2019-suponen-un-nuevo-record-de-instalacion\/"},"wordCount":737,"commentCount":0,"publisher":{"@id":"https:\/\/aeeolica.org\/#organization"},"image":{"@id":"https:\/\/aeeolica.org\/6-456-mw-de-nueva-generacion-renovable-en-2019-suponen-un-nuevo-record-de-instalacion\/#primaryimage"},"thumbnailUrl":"https:\/\/aeeolica.org\/wp-content\/uploads\/2020\/01\/Generacin-renovable-en-2019-2.png","articleSection":["Actualidad E\u00f3lica"],"inLanguage":"en-US","potentialAction":[{"@type":"CommentAction","name":"Comment","target":["https:\/\/aeeolica.org\/6-456-mw-de-nueva-generacion-renovable-en-2019-suponen-un-nuevo-record-de-instalacion\/#respond"]}]},{"@type":"WebPage","@id":"https:\/\/aeeolica.org\/6-456-mw-de-nueva-generacion-renovable-en-2019-suponen-un-nuevo-record-de-instalacion\/","url":"https:\/\/aeeolica.org\/6-456-mw-de-nueva-generacion-renovable-en-2019-suponen-un-nuevo-record-de-instalacion\/","name":"6.456 MW de nueva generaci\u00f3n renovable en 2019 suponen un nuevo r\u00e9cord de instalaci\u00f3n - Asociaci\u00f3n Empresarial E\u00f3lica","isPartOf":{"@id":"https:\/\/aeeolica.org\/#website"},"primaryImageOfPage":{"@id":"https:\/\/aeeolica.org\/6-456-mw-de-nueva-generacion-renovable-en-2019-suponen-un-nuevo-record-de-instalacion\/#primaryimage"},"image":{"@id":"https:\/\/aeeolica.org\/6-456-mw-de-nueva-generacion-renovable-en-2019-suponen-un-nuevo-record-de-instalacion\/#primaryimage"},"thumbnailUrl":"https:\/\/aeeolica.org\/wp-content\/uploads\/2020\/01\/Generacin-renovable-en-2019-2.png","datePublished":"2020-01-28T10:27:07+00:00","breadcrumb":{"@id":"https:\/\/aeeolica.org\/6-456-mw-de-nueva-generacion-renovable-en-2019-suponen-un-nuevo-record-de-instalacion\/#breadcrumb"},"inLanguage":"en-US","potentialAction":[{"@type":"ReadAction","target":["https:\/\/aeeolica.org\/6-456-mw-de-nueva-generacion-renovable-en-2019-suponen-un-nuevo-record-de-instalacion\/"]}]},{"@type":"ImageObject","inLanguage":"en-US","@id":"https:\/\/aeeolica.org\/6-456-mw-de-nueva-generacion-renovable-en-2019-suponen-un-nuevo-record-de-instalacion\/#primaryimage","url":"https:\/\/aeeolica.org\/wp-content\/uploads\/2020\/01\/Generacin-renovable-en-2019-2.png","contentUrl":"https:\/\/aeeolica.org\/wp-content\/uploads\/2020\/01\/Generacin-renovable-en-2019-2.png","width":1747,"height":1240},{"@type":"BreadcrumbList","@id":"https:\/\/aeeolica.org\/6-456-mw-de-nueva-generacion-renovable-en-2019-suponen-un-nuevo-record-de-instalacion\/#breadcrumb","itemListElement":[{"@type":"ListItem","position":1,"name":"Portada","item":"https:\/\/aeeolica.org\/en\/inicio\/"},{"@type":"ListItem","position":2,"name":"6.456 MW de nueva generaci\u00f3n renovable en 2019 suponen un nuevo r\u00e9cord de instalaci\u00f3n"}]},{"@type":"WebSite","@id":"https:\/\/aeeolica.org\/#website","url":"https:\/\/aeeolica.org\/","name":"Asociaci\u00f3n Empresarial E\u00f3lica","description":"AEE Asociaci\u00f3n Empresarial E\u00f3lica","publisher":{"@id":"https:\/\/aeeolica.org\/#organization"},"potentialAction":[{"@type":"SearchAction","target":{"@type":"EntryPoint","urlTemplate":"https:\/\/aeeolica.org\/?s={search_term_string}"},"query-input":{"@type":"PropertyValueSpecification","valueRequired":true,"valueName":"search_term_string"}}],"inLanguage":"en-US"},{"@type":"Organization","@id":"https:\/\/aeeolica.org\/#organization","name":"Asociaci\u00f3n Empresarial E\u00f3lica","url":"https:\/\/aeeolica.org\/","logo":{"@type":"ImageObject","inLanguage":"en-US","@id":"https:\/\/aeeolica.org\/#\/schema\/logo\/image\/","url":"https:\/\/aeeolica.org\/wp-content\/uploads\/2021\/08\/logo-aee.png","contentUrl":"https:\/\/aeeolica.org\/wp-content\/uploads\/2021\/08\/logo-aee.png","width":180,"height":78,"caption":"Asociaci\u00f3n Empresarial E\u00f3lica"},"image":{"@id":"https:\/\/aeeolica.org\/#\/schema\/logo\/image\/"},"sameAs":["https:\/\/www.facebook.com\/aeeolica","https:\/\/x.com\/aeeolica","https:\/\/www.instagram.com\/aeeolica\/","https:\/\/www.linkedin.com\/in\/aee-asociaci\u00f3n-empresarial-e\u00f3lica-6830946b\/","https:\/\/www.youtube.com\/user\/AEEolica"]},{"@type":"Person","@id":"https:\/\/aeeolica.org\/#\/schema\/person\/6a2517a04d4939d7b273a97e03ad2754","name":"Vicent","image":{"@type":"ImageObject","inLanguage":"en-US","@id":"https:\/\/secure.gravatar.com\/avatar\/9f0fea5e6bfa4d7107fbd7ea5e27d73cdca4f791f880e9f9f4171ecd42a7d395?s=96&d=mm&r=g","url":"https:\/\/secure.gravatar.com\/avatar\/9f0fea5e6bfa4d7107fbd7ea5e27d73cdca4f791f880e9f9f4171ecd42a7d395?s=96&d=mm&r=g","contentUrl":"https:\/\/secure.gravatar.com\/avatar\/9f0fea5e6bfa4d7107fbd7ea5e27d73cdca4f791f880e9f9f4171ecd42a7d395?s=96&d=mm&r=g","caption":"Vicent"},"sameAs":["https:\/\/aeeolica.org"],"url":"https:\/\/aeeolica.org\/en\/author\/vicent\/"}]}},"_links":{"self":[{"href":"https:\/\/aeeolica.org\/en\/wp-json\/wp\/v2\/posts\/15280","targetHints":{"allow":["GET"]}}],"collection":[{"href":"https:\/\/aeeolica.org\/en\/wp-json\/wp\/v2\/posts"}],"about":[{"href":"https:\/\/aeeolica.org\/en\/wp-json\/wp\/v2\/types\/post"}],"author":[{"embeddable":true,"href":"https:\/\/aeeolica.org\/en\/wp-json\/wp\/v2\/users\/1"}],"replies":[{"embeddable":true,"href":"https:\/\/aeeolica.org\/en\/wp-json\/wp\/v2\/comments?post=15280"}],"version-history":[{"count":0,"href":"https:\/\/aeeolica.org\/en\/wp-json\/wp\/v2\/posts\/15280\/revisions"}],"wp:featuredmedia":[{"embeddable":true,"href":"https:\/\/aeeolica.org\/en\/wp-json\/wp\/v2\/media\/15278"}],"wp:attachment":[{"href":"https:\/\/aeeolica.org\/en\/wp-json\/wp\/v2\/media?parent=15280"}],"wp:term":[{"taxonomy":"category","embeddable":true,"href":"https:\/\/aeeolica.org\/en\/wp-json\/wp\/v2\/categories?post=15280"},{"taxonomy":"post_tag","embeddable":true,"href":"https:\/\/aeeolica.org\/en\/wp-json\/wp\/v2\/tags?post=15280"}],"curies":[{"name":"wp","href":"https:\/\/api.w.org\/{rel}","templated":true}]}}