{"id":15331,"date":"2020-03-20T14:15:51","date_gmt":"2020-03-20T14:15:51","guid":{"rendered":"https:\/\/aeeolica.org\/impacto-de-covid-19-en-el-sector-eolico-mensaje-de-la-asociacion-empresarial-eolica\/"},"modified":"2020-03-20T14:15:51","modified_gmt":"2020-03-20T14:15:51","slug":"impacto-de-covid-19-en-el-sector-eolico-mensaje-de-la-asociacion-empresarial-eolica","status":"publish","type":"post","link":"https:\/\/aeeolica.org\/en\/impacto-de-covid-19-en-el-sector-eolico-mensaje-de-la-asociacion-empresarial-eolica\/","title":{"rendered":"Impacto de COVID-19 en el sector e\u00f3lico. Mensaje de la Asociaci\u00f3n Empresarial E\u00f3lica"},"content":{"rendered":"<p style=\"text-align: justify;\">El sector e\u00f3lico es estrat\u00e9gico para el pa\u00eds y nuestras empresas est\u00e1n absolutamente comprometidas con la situaci\u00f3n actual. El esfuerzo es m\u00e1ximo para que los 1.203 parques e\u00f3licos puedan continuar produciendo electricidad, las f\u00e1bricas sigan suministrando componentes, los parques en construcci\u00f3n contin\u00faen sus obras y las empresas de servicios puedan llevar a cabo su funci\u00f3n de soporte a la industria. Todas y cada una de las empresas, grandes y peque\u00f1as, estamos comprometidos para que el impacto del COVID-19 sea el menor posible a nivel humano, social y econ\u00f3mico.<\/p>\n<p><!--more--><\/p>\n<p style=\"text-align: justify;\">El esfuerzo del sector e\u00f3lico se traduce en una producci\u00f3n de electricidad segura y eficiente, y una cadena de suministro solvente. En los primeros 20 d\u00edas de marzo (1-20\/Marzo 2020), la e\u00f3lica ha producido 4.261 GWh, un 25% m\u00e1s que el mismo periodo de 2019. Nuestra aportaci\u00f3n al mix energ\u00e9tico del pa\u00eds, as\u00ed como la contribuci\u00f3n al PIB espa\u00f1ol gracias al tejido industrial de nuestras empresas, nos convierte en uno de los sectores estrat\u00e9gicos del pa\u00eds.<\/p>\n<p style=\"text-align: justify;\">La dependencia de nuestras empresas de la cadena de suministro europea y mundial de las materias primas y los componentes es relativa en comparaci\u00f3n a otros mercados, mucho m\u00e1s expuestos. A medida que el virus COVID-19 se ha extendido por los distintos continentes, se podr\u00edan crear ciertos retrasos en algunos servicios, pedidos y en la log\u00edstica. Hablamos de posibles retrasos, no de p\u00e9rdida de la actividad. No obstante, seg\u00fan el an\u00e1lisis reciente de WindEurope, los efectos ser\u00e1n moderados en las cadenas internacionales de suministro de la e\u00f3lica. Actualmente, es demasiado pronto para juzgar los efectos en la producci\u00f3n y en los ingresos del sector. Lo que s\u00ed es cierto es que nuestras empresas cuentan con gran capacidad de resiliencia como se ha demostrado en \u00e9pocas pasadas. Y la resiliencia cobra valor cuando hay que gestionar situaciones tan excepcionales como la provocada por la crisis sanitaria actual.<\/p>\n<p style=\"text-align: justify;\">La industria e\u00f3lica, como el resto de las industrias del pa\u00eds, gestionar\u00e1 el efecto del COVID-19. Es responsabilidad de todos que el impacto sea el menor posible. La mayor\u00eda de los proyectos que est\u00e1n en marcha en nuestro pa\u00eds no est\u00e1n sujetos a plazos administrativos cerrados de finalizaci\u00f3n, como era el caso de las \u00faltimas subastas, aunque s\u00ed que puede haber tr\u00e1mites administrativos, como el acceso y conexi\u00f3n a la Red o las autorizaciones de explotaci\u00f3n, que al quedar suspendidos, habr\u00e1 que retomar una vez se abandone el estado de alarma. De igual forma, en AEE estamos tratando de encontrar soluciones para facilitar los traslados necesarios de los profesionales para el mantenimiento de las instalaciones, cumpliendo con las estrictas medidas de seguridad y salud que se requieran. A este respecto, una homogeneizaci\u00f3n de criterios para los desplazamientos profesionales a nivel nacional facilitar\u00eda la adopci\u00f3n de soluciones.<\/p>\n<p style=\"text-align: justify;\">El equipo de AEE est\u00e1 volcado en mantener las actividades de la asociaci\u00f3n en estos d\u00edas de m\u00e1xima exigencia, esforz\u00e1ndonos para incluir nuevas acciones y desarrollar nuevos canales que den valor a los asociados. Los Grupos de Trabajo se siguen reuniendo con la periodicidad habitual y avanzando en cada uno de los posicionamientos y proyectos, nuestros canales y comunicaci\u00f3n se han ajustado a una estrategia a corto plazo y todos y cada uno de los que formamos parte de AEE estamos a la disposici\u00f3n de vosotros y vuestras empresas.<\/p>\n<p style=\"text-align: justify;\">\u00a0<\/p>\n","protected":false},"excerpt":{"rendered":"<p>El sector e\u00f3lico es estrat\u00e9gico para el pa\u00eds y nuestras empresas est\u00e1n absolutamente comprometidas con la situaci\u00f3n actual. El esfuerzo es m\u00e1ximo para que los 1.203 parques e\u00f3licos puedan continuar [&hellip;]<\/p>\n","protected":false},"author":1,"featured_media":0,"comment_status":"open","ping_status":"open","sticky":false,"template":"","format":"standard","meta":{"_acf_changed":false,"_bbp_topic_count":0,"_bbp_reply_count":0,"_bbp_total_topic_count":0,"_bbp_total_reply_count":0,"_bbp_voice_count":0,"_bbp_anonymous_reply_count":0,"_bbp_topic_count_hidden":0,"_bbp_reply_count_hidden":0,"_bbp_forum_subforum_count":0,"_et_pb_use_builder":"","_et_pb_old_content":"","_et_gb_content_width":"","footnotes":""},"categories":[219],"tags":[],"class_list":["post-15331","post","type-post","status-publish","format-standard","hentry","category-actualidad-eolica"],"acf":[],"yoast_head":"<!-- This site is optimized with the Yoast SEO plugin v27.4 - https:\/\/yoast.com\/product\/yoast-seo-wordpress\/ -->\n<title>Impacto de COVID-19 en el sector e\u00f3lico. Mensaje de la Asociaci\u00f3n Empresarial E\u00f3lica - Asociaci\u00f3n Empresarial E\u00f3lica<\/title>\n<meta name=\"robots\" content=\"index, follow, max-snippet:-1, max-image-preview:large, max-video-preview:-1\" \/>\n<link rel=\"canonical\" href=\"https:\/\/aeeolica.org\/impacto-de-covid-19-en-el-sector-eolico-mensaje-de-la-asociacion-empresarial-eolica\/\" \/>\n<meta property=\"og:locale\" content=\"en_US\" \/>\n<meta property=\"og:type\" content=\"article\" \/>\n<meta property=\"og:title\" content=\"Impacto de COVID-19 en el sector e\u00f3lico. Mensaje de la Asociaci\u00f3n Empresarial E\u00f3lica - Asociaci\u00f3n Empresarial E\u00f3lica\" \/>\n<meta property=\"og:description\" content=\"El sector e\u00f3lico es estrat\u00e9gico para el pa\u00eds y nuestras empresas est\u00e1n absolutamente comprometidas con la situaci\u00f3n actual. El esfuerzo es m\u00e1ximo para que los 1.203 parques e\u00f3licos puedan continuar [&hellip;]\" \/>\n<meta property=\"og:url\" content=\"https:\/\/aeeolica.org\/impacto-de-covid-19-en-el-sector-eolico-mensaje-de-la-asociacion-empresarial-eolica\/\" \/>\n<meta property=\"og:site_name\" content=\"Asociaci\u00f3n Empresarial E\u00f3lica\" \/>\n<meta property=\"article:publisher\" content=\"https:\/\/www.facebook.com\/aeeolica\" \/>\n<meta property=\"article:published_time\" content=\"2020-03-20T14:15:51+00:00\" \/>\n<meta name=\"author\" content=\"Vicent\" \/>\n<meta name=\"twitter:card\" content=\"summary_large_image\" \/>\n<meta name=\"twitter:creator\" content=\"@aeeolica\" \/>\n<meta name=\"twitter:site\" content=\"@aeeolica\" \/>\n<meta name=\"twitter:label1\" content=\"Written by\" \/>\n\t<meta name=\"twitter:data1\" content=\"Vicent\" \/>\n\t<meta name=\"twitter:label2\" content=\"Est. reading time\" \/>\n\t<meta name=\"twitter:data2\" content=\"3 minutes\" \/>\n<script type=\"application\/ld+json\" class=\"yoast-schema-graph\">{\"@context\":\"https:\\\/\\\/schema.org\",\"@graph\":[{\"@type\":\"Article\",\"@id\":\"https:\\\/\\\/aeeolica.org\\\/impacto-de-covid-19-en-el-sector-eolico-mensaje-de-la-asociacion-empresarial-eolica\\\/#article\",\"isPartOf\":{\"@id\":\"https:\\\/\\\/aeeolica.org\\\/impacto-de-covid-19-en-el-sector-eolico-mensaje-de-la-asociacion-empresarial-eolica\\\/\"},\"author\":{\"name\":\"Vicent\",\"@id\":\"https:\\\/\\\/aeeolica.org\\\/#\\\/schema\\\/person\\\/6a2517a04d4939d7b273a97e03ad2754\"},\"headline\":\"Impacto de COVID-19 en el sector e\u00f3lico. Mensaje de la Asociaci\u00f3n Empresarial E\u00f3lica\",\"datePublished\":\"2020-03-20T14:15:51+00:00\",\"mainEntityOfPage\":{\"@id\":\"https:\\\/\\\/aeeolica.org\\\/impacto-de-covid-19-en-el-sector-eolico-mensaje-de-la-asociacion-empresarial-eolica\\\/\"},\"wordCount\":610,\"commentCount\":0,\"publisher\":{\"@id\":\"https:\\\/\\\/aeeolica.org\\\/#organization\"},\"articleSection\":[\"Actualidad E\u00f3lica\"],\"inLanguage\":\"en-US\",\"potentialAction\":[{\"@type\":\"CommentAction\",\"name\":\"Comment\",\"target\":[\"https:\\\/\\\/aeeolica.org\\\/impacto-de-covid-19-en-el-sector-eolico-mensaje-de-la-asociacion-empresarial-eolica\\\/#respond\"]}]},{\"@type\":\"WebPage\",\"@id\":\"https:\\\/\\\/aeeolica.org\\\/impacto-de-covid-19-en-el-sector-eolico-mensaje-de-la-asociacion-empresarial-eolica\\\/\",\"url\":\"https:\\\/\\\/aeeolica.org\\\/impacto-de-covid-19-en-el-sector-eolico-mensaje-de-la-asociacion-empresarial-eolica\\\/\",\"name\":\"Impacto de COVID-19 en el sector e\u00f3lico. Mensaje de la Asociaci\u00f3n Empresarial E\u00f3lica - Asociaci\u00f3n Empresarial E\u00f3lica\",\"isPartOf\":{\"@id\":\"https:\\\/\\\/aeeolica.org\\\/#website\"},\"datePublished\":\"2020-03-20T14:15:51+00:00\",\"breadcrumb\":{\"@id\":\"https:\\\/\\\/aeeolica.org\\\/impacto-de-covid-19-en-el-sector-eolico-mensaje-de-la-asociacion-empresarial-eolica\\\/#breadcrumb\"},\"inLanguage\":\"en-US\",\"potentialAction\":[{\"@type\":\"ReadAction\",\"target\":[\"https:\\\/\\\/aeeolica.org\\\/impacto-de-covid-19-en-el-sector-eolico-mensaje-de-la-asociacion-empresarial-eolica\\\/\"]}]},{\"@type\":\"BreadcrumbList\",\"@id\":\"https:\\\/\\\/aeeolica.org\\\/impacto-de-covid-19-en-el-sector-eolico-mensaje-de-la-asociacion-empresarial-eolica\\\/#breadcrumb\",\"itemListElement\":[{\"@type\":\"ListItem\",\"position\":1,\"name\":\"Portada\",\"item\":\"https:\\\/\\\/aeeolica.org\\\/en\\\/inicio\\\/\"},{\"@type\":\"ListItem\",\"position\":2,\"name\":\"Impacto de COVID-19 en el sector e\u00f3lico. Mensaje de la Asociaci\u00f3n Empresarial E\u00f3lica\"}]},{\"@type\":\"WebSite\",\"@id\":\"https:\\\/\\\/aeeolica.org\\\/#website\",\"url\":\"https:\\\/\\\/aeeolica.org\\\/\",\"name\":\"Asociaci\u00f3n Empresarial E\u00f3lica\",\"description\":\"AEE Asociaci\u00f3n Empresarial E\u00f3lica\",\"publisher\":{\"@id\":\"https:\\\/\\\/aeeolica.org\\\/#organization\"},\"potentialAction\":[{\"@type\":\"SearchAction\",\"target\":{\"@type\":\"EntryPoint\",\"urlTemplate\":\"https:\\\/\\\/aeeolica.org\\\/?s={search_term_string}\"},\"query-input\":{\"@type\":\"PropertyValueSpecification\",\"valueRequired\":true,\"valueName\":\"search_term_string\"}}],\"inLanguage\":\"en-US\"},{\"@type\":\"Organization\",\"@id\":\"https:\\\/\\\/aeeolica.org\\\/#organization\",\"name\":\"Asociaci\u00f3n Empresarial E\u00f3lica\",\"url\":\"https:\\\/\\\/aeeolica.org\\\/\",\"logo\":{\"@type\":\"ImageObject\",\"inLanguage\":\"en-US\",\"@id\":\"https:\\\/\\\/aeeolica.org\\\/#\\\/schema\\\/logo\\\/image\\\/\",\"url\":\"https:\\\/\\\/aeeolica.org\\\/wp-content\\\/uploads\\\/2021\\\/08\\\/logo-aee.png\",\"contentUrl\":\"https:\\\/\\\/aeeolica.org\\\/wp-content\\\/uploads\\\/2021\\\/08\\\/logo-aee.png\",\"width\":180,\"height\":78,\"caption\":\"Asociaci\u00f3n Empresarial E\u00f3lica\"},\"image\":{\"@id\":\"https:\\\/\\\/aeeolica.org\\\/#\\\/schema\\\/logo\\\/image\\\/\"},\"sameAs\":[\"https:\\\/\\\/www.facebook.com\\\/aeeolica\",\"https:\\\/\\\/x.com\\\/aeeolica\",\"https:\\\/\\\/www.instagram.com\\\/aeeolica\\\/\",\"https:\\\/\\\/www.linkedin.com\\\/in\\\/aee-asociaci\u00f3n-empresarial-e\u00f3lica-6830946b\\\/\",\"https:\\\/\\\/www.youtube.com\\\/user\\\/AEEolica\"]},{\"@type\":\"Person\",\"@id\":\"https:\\\/\\\/aeeolica.org\\\/#\\\/schema\\\/person\\\/6a2517a04d4939d7b273a97e03ad2754\",\"name\":\"Vicent\",\"image\":{\"@type\":\"ImageObject\",\"inLanguage\":\"en-US\",\"@id\":\"https:\\\/\\\/secure.gravatar.com\\\/avatar\\\/9f0fea5e6bfa4d7107fbd7ea5e27d73cdca4f791f880e9f9f4171ecd42a7d395?s=96&d=mm&r=g\",\"url\":\"https:\\\/\\\/secure.gravatar.com\\\/avatar\\\/9f0fea5e6bfa4d7107fbd7ea5e27d73cdca4f791f880e9f9f4171ecd42a7d395?s=96&d=mm&r=g\",\"contentUrl\":\"https:\\\/\\\/secure.gravatar.com\\\/avatar\\\/9f0fea5e6bfa4d7107fbd7ea5e27d73cdca4f791f880e9f9f4171ecd42a7d395?s=96&d=mm&r=g\",\"caption\":\"Vicent\"},\"sameAs\":[\"https:\\\/\\\/aeeolica.org\"],\"url\":\"https:\\\/\\\/aeeolica.org\\\/en\\\/author\\\/vicent\\\/\"}]}<\/script>\n<!-- \/ Yoast SEO plugin. -->","yoast_head_json":{"title":"Impacto de COVID-19 en el sector e\u00f3lico. Mensaje de la Asociaci\u00f3n Empresarial E\u00f3lica - Asociaci\u00f3n Empresarial E\u00f3lica","robots":{"index":"index","follow":"follow","max-snippet":"max-snippet:-1","max-image-preview":"max-image-preview:large","max-video-preview":"max-video-preview:-1"},"canonical":"https:\/\/aeeolica.org\/impacto-de-covid-19-en-el-sector-eolico-mensaje-de-la-asociacion-empresarial-eolica\/","og_locale":"en_US","og_type":"article","og_title":"Impacto de COVID-19 en el sector e\u00f3lico. Mensaje de la Asociaci\u00f3n Empresarial E\u00f3lica - Asociaci\u00f3n Empresarial E\u00f3lica","og_description":"El sector e\u00f3lico es estrat\u00e9gico para el pa\u00eds y nuestras empresas est\u00e1n absolutamente comprometidas con la situaci\u00f3n actual. El esfuerzo es m\u00e1ximo para que los 1.203 parques e\u00f3licos puedan continuar [&hellip;]","og_url":"https:\/\/aeeolica.org\/impacto-de-covid-19-en-el-sector-eolico-mensaje-de-la-asociacion-empresarial-eolica\/","og_site_name":"Asociaci\u00f3n Empresarial E\u00f3lica","article_publisher":"https:\/\/www.facebook.com\/aeeolica","article_published_time":"2020-03-20T14:15:51+00:00","author":"Vicent","twitter_card":"summary_large_image","twitter_creator":"@aeeolica","twitter_site":"@aeeolica","twitter_misc":{"Written by":"Vicent","Est. reading time":"3 minutes"},"schema":{"@context":"https:\/\/schema.org","@graph":[{"@type":"Article","@id":"https:\/\/aeeolica.org\/impacto-de-covid-19-en-el-sector-eolico-mensaje-de-la-asociacion-empresarial-eolica\/#article","isPartOf":{"@id":"https:\/\/aeeolica.org\/impacto-de-covid-19-en-el-sector-eolico-mensaje-de-la-asociacion-empresarial-eolica\/"},"author":{"name":"Vicent","@id":"https:\/\/aeeolica.org\/#\/schema\/person\/6a2517a04d4939d7b273a97e03ad2754"},"headline":"Impacto de COVID-19 en el sector e\u00f3lico. Mensaje de la Asociaci\u00f3n Empresarial E\u00f3lica","datePublished":"2020-03-20T14:15:51+00:00","mainEntityOfPage":{"@id":"https:\/\/aeeolica.org\/impacto-de-covid-19-en-el-sector-eolico-mensaje-de-la-asociacion-empresarial-eolica\/"},"wordCount":610,"commentCount":0,"publisher":{"@id":"https:\/\/aeeolica.org\/#organization"},"articleSection":["Actualidad E\u00f3lica"],"inLanguage":"en-US","potentialAction":[{"@type":"CommentAction","name":"Comment","target":["https:\/\/aeeolica.org\/impacto-de-covid-19-en-el-sector-eolico-mensaje-de-la-asociacion-empresarial-eolica\/#respond"]}]},{"@type":"WebPage","@id":"https:\/\/aeeolica.org\/impacto-de-covid-19-en-el-sector-eolico-mensaje-de-la-asociacion-empresarial-eolica\/","url":"https:\/\/aeeolica.org\/impacto-de-covid-19-en-el-sector-eolico-mensaje-de-la-asociacion-empresarial-eolica\/","name":"Impacto de COVID-19 en el sector e\u00f3lico. Mensaje de la Asociaci\u00f3n Empresarial E\u00f3lica - Asociaci\u00f3n Empresarial E\u00f3lica","isPartOf":{"@id":"https:\/\/aeeolica.org\/#website"},"datePublished":"2020-03-20T14:15:51+00:00","breadcrumb":{"@id":"https:\/\/aeeolica.org\/impacto-de-covid-19-en-el-sector-eolico-mensaje-de-la-asociacion-empresarial-eolica\/#breadcrumb"},"inLanguage":"en-US","potentialAction":[{"@type":"ReadAction","target":["https:\/\/aeeolica.org\/impacto-de-covid-19-en-el-sector-eolico-mensaje-de-la-asociacion-empresarial-eolica\/"]}]},{"@type":"BreadcrumbList","@id":"https:\/\/aeeolica.org\/impacto-de-covid-19-en-el-sector-eolico-mensaje-de-la-asociacion-empresarial-eolica\/#breadcrumb","itemListElement":[{"@type":"ListItem","position":1,"name":"Portada","item":"https:\/\/aeeolica.org\/en\/inicio\/"},{"@type":"ListItem","position":2,"name":"Impacto de COVID-19 en el sector e\u00f3lico. Mensaje de la Asociaci\u00f3n Empresarial E\u00f3lica"}]},{"@type":"WebSite","@id":"https:\/\/aeeolica.org\/#website","url":"https:\/\/aeeolica.org\/","name":"Asociaci\u00f3n Empresarial E\u00f3lica","description":"AEE Asociaci\u00f3n Empresarial E\u00f3lica","publisher":{"@id":"https:\/\/aeeolica.org\/#organization"},"potentialAction":[{"@type":"SearchAction","target":{"@type":"EntryPoint","urlTemplate":"https:\/\/aeeolica.org\/?s={search_term_string}"},"query-input":{"@type":"PropertyValueSpecification","valueRequired":true,"valueName":"search_term_string"}}],"inLanguage":"en-US"},{"@type":"Organization","@id":"https:\/\/aeeolica.org\/#organization","name":"Asociaci\u00f3n Empresarial E\u00f3lica","url":"https:\/\/aeeolica.org\/","logo":{"@type":"ImageObject","inLanguage":"en-US","@id":"https:\/\/aeeolica.org\/#\/schema\/logo\/image\/","url":"https:\/\/aeeolica.org\/wp-content\/uploads\/2021\/08\/logo-aee.png","contentUrl":"https:\/\/aeeolica.org\/wp-content\/uploads\/2021\/08\/logo-aee.png","width":180,"height":78,"caption":"Asociaci\u00f3n Empresarial E\u00f3lica"},"image":{"@id":"https:\/\/aeeolica.org\/#\/schema\/logo\/image\/"},"sameAs":["https:\/\/www.facebook.com\/aeeolica","https:\/\/x.com\/aeeolica","https:\/\/www.instagram.com\/aeeolica\/","https:\/\/www.linkedin.com\/in\/aee-asociaci\u00f3n-empresarial-e\u00f3lica-6830946b\/","https:\/\/www.youtube.com\/user\/AEEolica"]},{"@type":"Person","@id":"https:\/\/aeeolica.org\/#\/schema\/person\/6a2517a04d4939d7b273a97e03ad2754","name":"Vicent","image":{"@type":"ImageObject","inLanguage":"en-US","@id":"https:\/\/secure.gravatar.com\/avatar\/9f0fea5e6bfa4d7107fbd7ea5e27d73cdca4f791f880e9f9f4171ecd42a7d395?s=96&d=mm&r=g","url":"https:\/\/secure.gravatar.com\/avatar\/9f0fea5e6bfa4d7107fbd7ea5e27d73cdca4f791f880e9f9f4171ecd42a7d395?s=96&d=mm&r=g","contentUrl":"https:\/\/secure.gravatar.com\/avatar\/9f0fea5e6bfa4d7107fbd7ea5e27d73cdca4f791f880e9f9f4171ecd42a7d395?s=96&d=mm&r=g","caption":"Vicent"},"sameAs":["https:\/\/aeeolica.org"],"url":"https:\/\/aeeolica.org\/en\/author\/vicent\/"}]}},"_links":{"self":[{"href":"https:\/\/aeeolica.org\/en\/wp-json\/wp\/v2\/posts\/15331","targetHints":{"allow":["GET"]}}],"collection":[{"href":"https:\/\/aeeolica.org\/en\/wp-json\/wp\/v2\/posts"}],"about":[{"href":"https:\/\/aeeolica.org\/en\/wp-json\/wp\/v2\/types\/post"}],"author":[{"embeddable":true,"href":"https:\/\/aeeolica.org\/en\/wp-json\/wp\/v2\/users\/1"}],"replies":[{"embeddable":true,"href":"https:\/\/aeeolica.org\/en\/wp-json\/wp\/v2\/comments?post=15331"}],"version-history":[{"count":0,"href":"https:\/\/aeeolica.org\/en\/wp-json\/wp\/v2\/posts\/15331\/revisions"}],"wp:attachment":[{"href":"https:\/\/aeeolica.org\/en\/wp-json\/wp\/v2\/media?parent=15331"}],"wp:term":[{"taxonomy":"category","embeddable":true,"href":"https:\/\/aeeolica.org\/en\/wp-json\/wp\/v2\/categories?post=15331"},{"taxonomy":"post_tag","embeddable":true,"href":"https:\/\/aeeolica.org\/en\/wp-json\/wp\/v2\/tags?post=15331"}],"curies":[{"name":"wp","href":"https:\/\/api.w.org\/{rel}","templated":true}]}}