{"id":15961,"date":"2020-07-28T14:47:06","date_gmt":"2020-07-28T14:47:06","guid":{"rendered":"https:\/\/aeeolica.org\/el-sector-eolico-es-estrategico-para-la-economia-y-la-recuperacion-de-espana-entrevista-a-juan-diego-diaz-vega-presidente-de-aee\/"},"modified":"2020-07-28T14:47:06","modified_gmt":"2020-07-28T14:47:06","slug":"el-sector-eolico-es-estrategico-para-la-economia-y-la-recuperacion-de-espana-entrevista-a-juan-diego-diaz-vega-presidente-de-aee","status":"publish","type":"post","link":"https:\/\/aeeolica.org\/en\/el-sector-eolico-es-estrategico-para-la-economia-y-la-recuperacion-de-espana-entrevista-a-juan-diego-diaz-vega-presidente-de-aee\/","title":{"rendered":"El sector e\u00f3lico es estrat\u00e9gico para la econom\u00eda y la recuperaci\u00f3n de Espa\u00f1a. Entrevista a Juan Diego D\u00edaz Vega, presidente de AEE"},"content":{"rendered":"<p>AEE nombr\u00f3 recientemente a Juan Diego D\u00edaz Vega nuevo presidente de la entidad que representa al sector e\u00f3lico en Espa\u00f1a. Director de Marketing Onshore de Siemens Gamesa, lleva vinculado al sector de las energ\u00edas renovables 27 a\u00f1os. En esta entrevista destaca la importancia de la energ\u00eda e\u00f3lica en el sector energ\u00e9tico espa\u00f1ol y los retos a los que se enfrenta, as\u00ed como valora las nuevas normativas en materia de renovables y explica los objetivos de la asociaci\u00f3n.<\/p>\n<p>Fuente:\u00a0SMARTGRIDSINFO.es<\/p>\n<p><a href=\"https:\/\/www.smartgridsinfo.es\/2020\/07\/28\/juan-diego-diaz-vega-presidente-asociacion-empresarial-eolica-aee\" target=\"_blank\" rel=\"noopener noreferrer\">Leer\u00a0entrevista<\/a><\/p>\n","protected":false},"excerpt":{"rendered":"<p>AEE nombr\u00f3 recientemente a Juan Diego D\u00edaz Vega nuevo presidente de la entidad que representa al sector e\u00f3lico en Espa\u00f1a. Director de Marketing Onshore de Siemens Gamesa, lleva vinculado al [&hellip;]<\/p>\n","protected":false},"author":1,"featured_media":0,"comment_status":"open","ping_status":"open","sticky":false,"template":"","format":"standard","meta":{"_acf_changed":false,"_bbp_topic_count":0,"_bbp_reply_count":0,"_bbp_total_topic_count":0,"_bbp_total_reply_count":0,"_bbp_voice_count":0,"_bbp_anonymous_reply_count":0,"_bbp_topic_count_hidden":0,"_bbp_reply_count_hidden":0,"_bbp_forum_subforum_count":0,"_et_pb_use_builder":"","_et_pb_old_content":"","_et_gb_content_width":"","footnotes":""},"categories":[223],"tags":[],"class_list":["post-15961","post","type-post","status-publish","format-standard","hentry","category-aee-opina"],"acf":[],"yoast_head":"<!-- This site is optimized with the Yoast SEO plugin v27.4 - https:\/\/yoast.com\/product\/yoast-seo-wordpress\/ -->\n<title>El sector e\u00f3lico es estrat\u00e9gico para la econom\u00eda y la recuperaci\u00f3n de Espa\u00f1a. Entrevista a Juan Diego D\u00edaz Vega, presidente de AEE - Asociaci\u00f3n Empresarial E\u00f3lica<\/title>\n<meta name=\"description\" content=\"No necesariamente van a seguir bajando los precios de la energ\u00eda e\u00f3lica. Entrevista a Heikki Willstedt, director de Pol\u00edticas Energ\u00e9ticas y Cambio Clim\u00e1tico de AEE\" \/>\n<meta name=\"robots\" content=\"index, follow, max-snippet:-1, max-image-preview:large, max-video-preview:-1\" \/>\n<link rel=\"canonical\" href=\"https:\/\/aeeolica.org\/el-sector-eolico-es-estrategico-para-la-economia-y-la-recuperacion-de-espana-entrevista-a-juan-diego-diaz-vega-presidente-de-aee\/\" \/>\n<meta property=\"og:locale\" content=\"en_US\" \/>\n<meta property=\"og:type\" content=\"article\" \/>\n<meta property=\"og:title\" content=\"El sector e\u00f3lico es estrat\u00e9gico para la econom\u00eda y la recuperaci\u00f3n de Espa\u00f1a. Entrevista a Juan Diego D\u00edaz Vega, presidente de AEE - Asociaci\u00f3n Empresarial E\u00f3lica\" \/>\n<meta property=\"og:description\" content=\"No necesariamente van a seguir bajando los precios de la energ\u00eda e\u00f3lica. Entrevista a Heikki Willstedt, director de Pol\u00edticas Energ\u00e9ticas y Cambio Clim\u00e1tico de AEE\" \/>\n<meta property=\"og:url\" content=\"https:\/\/aeeolica.org\/el-sector-eolico-es-estrategico-para-la-economia-y-la-recuperacion-de-espana-entrevista-a-juan-diego-diaz-vega-presidente-de-aee\/\" \/>\n<meta property=\"og:site_name\" content=\"Asociaci\u00f3n Empresarial E\u00f3lica\" \/>\n<meta property=\"article:publisher\" content=\"https:\/\/www.facebook.com\/aeeolica\" \/>\n<meta property=\"article:published_time\" content=\"2020-07-28T14:47:06+00:00\" \/>\n<meta name=\"author\" content=\"Vicent\" \/>\n<meta name=\"twitter:card\" content=\"summary_large_image\" \/>\n<meta name=\"twitter:creator\" content=\"@aeeolica\" \/>\n<meta name=\"twitter:site\" content=\"@aeeolica\" \/>\n<meta name=\"twitter:label1\" content=\"Written by\" \/>\n\t<meta name=\"twitter:data1\" content=\"Vicent\" \/>\n<script type=\"application\/ld+json\" class=\"yoast-schema-graph\">{\"@context\":\"https:\\\/\\\/schema.org\",\"@graph\":[{\"@type\":\"Article\",\"@id\":\"https:\\\/\\\/aeeolica.org\\\/el-sector-eolico-es-estrategico-para-la-economia-y-la-recuperacion-de-espana-entrevista-a-juan-diego-diaz-vega-presidente-de-aee\\\/#article\",\"isPartOf\":{\"@id\":\"https:\\\/\\\/aeeolica.org\\\/el-sector-eolico-es-estrategico-para-la-economia-y-la-recuperacion-de-espana-entrevista-a-juan-diego-diaz-vega-presidente-de-aee\\\/\"},\"author\":{\"name\":\"Vicent\",\"@id\":\"https:\\\/\\\/aeeolica.org\\\/#\\\/schema\\\/person\\\/6a2517a04d4939d7b273a97e03ad2754\"},\"headline\":\"El sector e\u00f3lico es estrat\u00e9gico para la econom\u00eda y la recuperaci\u00f3n de Espa\u00f1a. Entrevista a Juan Diego D\u00edaz Vega, presidente de AEE\",\"datePublished\":\"2020-07-28T14:47:06+00:00\",\"mainEntityOfPage\":{\"@id\":\"https:\\\/\\\/aeeolica.org\\\/el-sector-eolico-es-estrategico-para-la-economia-y-la-recuperacion-de-espana-entrevista-a-juan-diego-diaz-vega-presidente-de-aee\\\/\"},\"wordCount\":119,\"commentCount\":0,\"publisher\":{\"@id\":\"https:\\\/\\\/aeeolica.org\\\/#organization\"},\"articleSection\":[\"AEE Opina\"],\"inLanguage\":\"en-US\",\"potentialAction\":[{\"@type\":\"CommentAction\",\"name\":\"Comment\",\"target\":[\"https:\\\/\\\/aeeolica.org\\\/el-sector-eolico-es-estrategico-para-la-economia-y-la-recuperacion-de-espana-entrevista-a-juan-diego-diaz-vega-presidente-de-aee\\\/#respond\"]}]},{\"@type\":\"WebPage\",\"@id\":\"https:\\\/\\\/aeeolica.org\\\/el-sector-eolico-es-estrategico-para-la-economia-y-la-recuperacion-de-espana-entrevista-a-juan-diego-diaz-vega-presidente-de-aee\\\/\",\"url\":\"https:\\\/\\\/aeeolica.org\\\/el-sector-eolico-es-estrategico-para-la-economia-y-la-recuperacion-de-espana-entrevista-a-juan-diego-diaz-vega-presidente-de-aee\\\/\",\"name\":\"El sector e\u00f3lico es estrat\u00e9gico para la econom\u00eda y la recuperaci\u00f3n de Espa\u00f1a. Entrevista a Juan Diego D\u00edaz Vega, presidente de AEE - Asociaci\u00f3n Empresarial E\u00f3lica\",\"isPartOf\":{\"@id\":\"https:\\\/\\\/aeeolica.org\\\/#website\"},\"datePublished\":\"2020-07-28T14:47:06+00:00\",\"description\":\"No necesariamente van a seguir bajando los precios de la energ\u00eda e\u00f3lica. Entrevista a Heikki Willstedt, director de Pol\u00edticas Energ\u00e9ticas y Cambio Clim\u00e1tico de AEE\",\"breadcrumb\":{\"@id\":\"https:\\\/\\\/aeeolica.org\\\/el-sector-eolico-es-estrategico-para-la-economia-y-la-recuperacion-de-espana-entrevista-a-juan-diego-diaz-vega-presidente-de-aee\\\/#breadcrumb\"},\"inLanguage\":\"en-US\",\"potentialAction\":[{\"@type\":\"ReadAction\",\"target\":[\"https:\\\/\\\/aeeolica.org\\\/el-sector-eolico-es-estrategico-para-la-economia-y-la-recuperacion-de-espana-entrevista-a-juan-diego-diaz-vega-presidente-de-aee\\\/\"]}]},{\"@type\":\"BreadcrumbList\",\"@id\":\"https:\\\/\\\/aeeolica.org\\\/el-sector-eolico-es-estrategico-para-la-economia-y-la-recuperacion-de-espana-entrevista-a-juan-diego-diaz-vega-presidente-de-aee\\\/#breadcrumb\",\"itemListElement\":[{\"@type\":\"ListItem\",\"position\":1,\"name\":\"Portada\",\"item\":\"https:\\\/\\\/aeeolica.org\\\/en\\\/inicio\\\/\"},{\"@type\":\"ListItem\",\"position\":2,\"name\":\"El sector e\u00f3lico es estrat\u00e9gico para la econom\u00eda y la recuperaci\u00f3n de Espa\u00f1a. Entrevista a Juan Diego D\u00edaz Vega, presidente de AEE\"}]},{\"@type\":\"WebSite\",\"@id\":\"https:\\\/\\\/aeeolica.org\\\/#website\",\"url\":\"https:\\\/\\\/aeeolica.org\\\/\",\"name\":\"Asociaci\u00f3n Empresarial E\u00f3lica\",\"description\":\"AEE Asociaci\u00f3n Empresarial E\u00f3lica\",\"publisher\":{\"@id\":\"https:\\\/\\\/aeeolica.org\\\/#organization\"},\"potentialAction\":[{\"@type\":\"SearchAction\",\"target\":{\"@type\":\"EntryPoint\",\"urlTemplate\":\"https:\\\/\\\/aeeolica.org\\\/?s={search_term_string}\"},\"query-input\":{\"@type\":\"PropertyValueSpecification\",\"valueRequired\":true,\"valueName\":\"search_term_string\"}}],\"inLanguage\":\"en-US\"},{\"@type\":\"Organization\",\"@id\":\"https:\\\/\\\/aeeolica.org\\\/#organization\",\"name\":\"Asociaci\u00f3n Empresarial E\u00f3lica\",\"url\":\"https:\\\/\\\/aeeolica.org\\\/\",\"logo\":{\"@type\":\"ImageObject\",\"inLanguage\":\"en-US\",\"@id\":\"https:\\\/\\\/aeeolica.org\\\/#\\\/schema\\\/logo\\\/image\\\/\",\"url\":\"https:\\\/\\\/aeeolica.org\\\/wp-content\\\/uploads\\\/2021\\\/08\\\/logo-aee.png\",\"contentUrl\":\"https:\\\/\\\/aeeolica.org\\\/wp-content\\\/uploads\\\/2021\\\/08\\\/logo-aee.png\",\"width\":180,\"height\":78,\"caption\":\"Asociaci\u00f3n Empresarial E\u00f3lica\"},\"image\":{\"@id\":\"https:\\\/\\\/aeeolica.org\\\/#\\\/schema\\\/logo\\\/image\\\/\"},\"sameAs\":[\"https:\\\/\\\/www.facebook.com\\\/aeeolica\",\"https:\\\/\\\/x.com\\\/aeeolica\",\"https:\\\/\\\/www.instagram.com\\\/aeeolica\\\/\",\"https:\\\/\\\/www.linkedin.com\\\/in\\\/aee-asociaci\u00f3n-empresarial-e\u00f3lica-6830946b\\\/\",\"https:\\\/\\\/www.youtube.com\\\/user\\\/AEEolica\"]},{\"@type\":\"Person\",\"@id\":\"https:\\\/\\\/aeeolica.org\\\/#\\\/schema\\\/person\\\/6a2517a04d4939d7b273a97e03ad2754\",\"name\":\"Vicent\",\"image\":{\"@type\":\"ImageObject\",\"inLanguage\":\"en-US\",\"@id\":\"https:\\\/\\\/secure.gravatar.com\\\/avatar\\\/9f0fea5e6bfa4d7107fbd7ea5e27d73cdca4f791f880e9f9f4171ecd42a7d395?s=96&d=mm&r=g\",\"url\":\"https:\\\/\\\/secure.gravatar.com\\\/avatar\\\/9f0fea5e6bfa4d7107fbd7ea5e27d73cdca4f791f880e9f9f4171ecd42a7d395?s=96&d=mm&r=g\",\"contentUrl\":\"https:\\\/\\\/secure.gravatar.com\\\/avatar\\\/9f0fea5e6bfa4d7107fbd7ea5e27d73cdca4f791f880e9f9f4171ecd42a7d395?s=96&d=mm&r=g\",\"caption\":\"Vicent\"},\"sameAs\":[\"https:\\\/\\\/aeeolica.org\"],\"url\":\"https:\\\/\\\/aeeolica.org\\\/en\\\/author\\\/vicent\\\/\"}]}<\/script>\n<!-- \/ Yoast SEO plugin. -->","yoast_head_json":{"title":"El sector e\u00f3lico es estrat\u00e9gico para la econom\u00eda y la recuperaci\u00f3n de Espa\u00f1a. Entrevista a Juan Diego D\u00edaz Vega, presidente de AEE - Asociaci\u00f3n Empresarial E\u00f3lica","description":"No necesariamente van a seguir bajando los precios de la energ\u00eda e\u00f3lica. Entrevista a Heikki Willstedt, director de Pol\u00edticas Energ\u00e9ticas y Cambio Clim\u00e1tico de AEE","robots":{"index":"index","follow":"follow","max-snippet":"max-snippet:-1","max-image-preview":"max-image-preview:large","max-video-preview":"max-video-preview:-1"},"canonical":"https:\/\/aeeolica.org\/el-sector-eolico-es-estrategico-para-la-economia-y-la-recuperacion-de-espana-entrevista-a-juan-diego-diaz-vega-presidente-de-aee\/","og_locale":"en_US","og_type":"article","og_title":"El sector e\u00f3lico es estrat\u00e9gico para la econom\u00eda y la recuperaci\u00f3n de Espa\u00f1a. Entrevista a Juan Diego D\u00edaz Vega, presidente de AEE - Asociaci\u00f3n Empresarial E\u00f3lica","og_description":"No necesariamente van a seguir bajando los precios de la energ\u00eda e\u00f3lica. Entrevista a Heikki Willstedt, director de Pol\u00edticas Energ\u00e9ticas y Cambio Clim\u00e1tico de AEE","og_url":"https:\/\/aeeolica.org\/el-sector-eolico-es-estrategico-para-la-economia-y-la-recuperacion-de-espana-entrevista-a-juan-diego-diaz-vega-presidente-de-aee\/","og_site_name":"Asociaci\u00f3n Empresarial E\u00f3lica","article_publisher":"https:\/\/www.facebook.com\/aeeolica","article_published_time":"2020-07-28T14:47:06+00:00","author":"Vicent","twitter_card":"summary_large_image","twitter_creator":"@aeeolica","twitter_site":"@aeeolica","twitter_misc":{"Written by":"Vicent"},"schema":{"@context":"https:\/\/schema.org","@graph":[{"@type":"Article","@id":"https:\/\/aeeolica.org\/el-sector-eolico-es-estrategico-para-la-economia-y-la-recuperacion-de-espana-entrevista-a-juan-diego-diaz-vega-presidente-de-aee\/#article","isPartOf":{"@id":"https:\/\/aeeolica.org\/el-sector-eolico-es-estrategico-para-la-economia-y-la-recuperacion-de-espana-entrevista-a-juan-diego-diaz-vega-presidente-de-aee\/"},"author":{"name":"Vicent","@id":"https:\/\/aeeolica.org\/#\/schema\/person\/6a2517a04d4939d7b273a97e03ad2754"},"headline":"El sector e\u00f3lico es estrat\u00e9gico para la econom\u00eda y la recuperaci\u00f3n de Espa\u00f1a. Entrevista a Juan Diego D\u00edaz Vega, presidente de AEE","datePublished":"2020-07-28T14:47:06+00:00","mainEntityOfPage":{"@id":"https:\/\/aeeolica.org\/el-sector-eolico-es-estrategico-para-la-economia-y-la-recuperacion-de-espana-entrevista-a-juan-diego-diaz-vega-presidente-de-aee\/"},"wordCount":119,"commentCount":0,"publisher":{"@id":"https:\/\/aeeolica.org\/#organization"},"articleSection":["AEE Opina"],"inLanguage":"en-US","potentialAction":[{"@type":"CommentAction","name":"Comment","target":["https:\/\/aeeolica.org\/el-sector-eolico-es-estrategico-para-la-economia-y-la-recuperacion-de-espana-entrevista-a-juan-diego-diaz-vega-presidente-de-aee\/#respond"]}]},{"@type":"WebPage","@id":"https:\/\/aeeolica.org\/el-sector-eolico-es-estrategico-para-la-economia-y-la-recuperacion-de-espana-entrevista-a-juan-diego-diaz-vega-presidente-de-aee\/","url":"https:\/\/aeeolica.org\/el-sector-eolico-es-estrategico-para-la-economia-y-la-recuperacion-de-espana-entrevista-a-juan-diego-diaz-vega-presidente-de-aee\/","name":"El sector e\u00f3lico es estrat\u00e9gico para la econom\u00eda y la recuperaci\u00f3n de Espa\u00f1a. Entrevista a Juan Diego D\u00edaz Vega, presidente de AEE - Asociaci\u00f3n Empresarial E\u00f3lica","isPartOf":{"@id":"https:\/\/aeeolica.org\/#website"},"datePublished":"2020-07-28T14:47:06+00:00","description":"No necesariamente van a seguir bajando los precios de la energ\u00eda e\u00f3lica. Entrevista a Heikki Willstedt, director de Pol\u00edticas Energ\u00e9ticas y Cambio Clim\u00e1tico de AEE","breadcrumb":{"@id":"https:\/\/aeeolica.org\/el-sector-eolico-es-estrategico-para-la-economia-y-la-recuperacion-de-espana-entrevista-a-juan-diego-diaz-vega-presidente-de-aee\/#breadcrumb"},"inLanguage":"en-US","potentialAction":[{"@type":"ReadAction","target":["https:\/\/aeeolica.org\/el-sector-eolico-es-estrategico-para-la-economia-y-la-recuperacion-de-espana-entrevista-a-juan-diego-diaz-vega-presidente-de-aee\/"]}]},{"@type":"BreadcrumbList","@id":"https:\/\/aeeolica.org\/el-sector-eolico-es-estrategico-para-la-economia-y-la-recuperacion-de-espana-entrevista-a-juan-diego-diaz-vega-presidente-de-aee\/#breadcrumb","itemListElement":[{"@type":"ListItem","position":1,"name":"Portada","item":"https:\/\/aeeolica.org\/en\/inicio\/"},{"@type":"ListItem","position":2,"name":"El sector e\u00f3lico es estrat\u00e9gico para la econom\u00eda y la recuperaci\u00f3n de Espa\u00f1a. Entrevista a Juan Diego D\u00edaz Vega, presidente de AEE"}]},{"@type":"WebSite","@id":"https:\/\/aeeolica.org\/#website","url":"https:\/\/aeeolica.org\/","name":"Asociaci\u00f3n Empresarial E\u00f3lica","description":"AEE Asociaci\u00f3n Empresarial E\u00f3lica","publisher":{"@id":"https:\/\/aeeolica.org\/#organization"},"potentialAction":[{"@type":"SearchAction","target":{"@type":"EntryPoint","urlTemplate":"https:\/\/aeeolica.org\/?s={search_term_string}"},"query-input":{"@type":"PropertyValueSpecification","valueRequired":true,"valueName":"search_term_string"}}],"inLanguage":"en-US"},{"@type":"Organization","@id":"https:\/\/aeeolica.org\/#organization","name":"Asociaci\u00f3n Empresarial E\u00f3lica","url":"https:\/\/aeeolica.org\/","logo":{"@type":"ImageObject","inLanguage":"en-US","@id":"https:\/\/aeeolica.org\/#\/schema\/logo\/image\/","url":"https:\/\/aeeolica.org\/wp-content\/uploads\/2021\/08\/logo-aee.png","contentUrl":"https:\/\/aeeolica.org\/wp-content\/uploads\/2021\/08\/logo-aee.png","width":180,"height":78,"caption":"Asociaci\u00f3n Empresarial E\u00f3lica"},"image":{"@id":"https:\/\/aeeolica.org\/#\/schema\/logo\/image\/"},"sameAs":["https:\/\/www.facebook.com\/aeeolica","https:\/\/x.com\/aeeolica","https:\/\/www.instagram.com\/aeeolica\/","https:\/\/www.linkedin.com\/in\/aee-asociaci\u00f3n-empresarial-e\u00f3lica-6830946b\/","https:\/\/www.youtube.com\/user\/AEEolica"]},{"@type":"Person","@id":"https:\/\/aeeolica.org\/#\/schema\/person\/6a2517a04d4939d7b273a97e03ad2754","name":"Vicent","image":{"@type":"ImageObject","inLanguage":"en-US","@id":"https:\/\/secure.gravatar.com\/avatar\/9f0fea5e6bfa4d7107fbd7ea5e27d73cdca4f791f880e9f9f4171ecd42a7d395?s=96&d=mm&r=g","url":"https:\/\/secure.gravatar.com\/avatar\/9f0fea5e6bfa4d7107fbd7ea5e27d73cdca4f791f880e9f9f4171ecd42a7d395?s=96&d=mm&r=g","contentUrl":"https:\/\/secure.gravatar.com\/avatar\/9f0fea5e6bfa4d7107fbd7ea5e27d73cdca4f791f880e9f9f4171ecd42a7d395?s=96&d=mm&r=g","caption":"Vicent"},"sameAs":["https:\/\/aeeolica.org"],"url":"https:\/\/aeeolica.org\/en\/author\/vicent\/"}]}},"_links":{"self":[{"href":"https:\/\/aeeolica.org\/en\/wp-json\/wp\/v2\/posts\/15961","targetHints":{"allow":["GET"]}}],"collection":[{"href":"https:\/\/aeeolica.org\/en\/wp-json\/wp\/v2\/posts"}],"about":[{"href":"https:\/\/aeeolica.org\/en\/wp-json\/wp\/v2\/types\/post"}],"author":[{"embeddable":true,"href":"https:\/\/aeeolica.org\/en\/wp-json\/wp\/v2\/users\/1"}],"replies":[{"embeddable":true,"href":"https:\/\/aeeolica.org\/en\/wp-json\/wp\/v2\/comments?post=15961"}],"version-history":[{"count":0,"href":"https:\/\/aeeolica.org\/en\/wp-json\/wp\/v2\/posts\/15961\/revisions"}],"wp:attachment":[{"href":"https:\/\/aeeolica.org\/en\/wp-json\/wp\/v2\/media?parent=15961"}],"wp:term":[{"taxonomy":"category","embeddable":true,"href":"https:\/\/aeeolica.org\/en\/wp-json\/wp\/v2\/categories?post=15961"},{"taxonomy":"post_tag","embeddable":true,"href":"https:\/\/aeeolica.org\/en\/wp-json\/wp\/v2\/tags?post=15961"}],"curies":[{"name":"wp","href":"https:\/\/api.w.org\/{rel}","templated":true}]}}