{"id":160739,"date":"2023-06-29T11:00:00","date_gmt":"2023-06-29T09:00:00","guid":{"rendered":"https:\/\/aeeolica.org\/?p=160739"},"modified":"2023-06-29T11:32:49","modified_gmt":"2023-06-29T09:32:49","slug":"congreso-eolico-2023-el-sector-eolico-considera-que-los-nuevos-objetivos-del-borrador-del-pniec-son-coherentes-con-la-propuesta-que-el-sector-viene-realizando-y-con-capacidad","status":"publish","type":"post","link":"https:\/\/aeeolica.org\/en\/congreso-eolico-2023-el-sector-eolico-considera-que-los-nuevos-objetivos-del-borrador-del-pniec-son-coherentes-con-la-propuesta-que-el-sector-viene-realizando-y-con-capacidad\/","title":{"rendered":"CONGRESO E\u00d3LICO 2023. AEE considera que\u00a0los nuevos objetivos del borrador del PNIEC son coherentes con la propuesta del sector e\u00f3lico para 2030. El reto se encuentra en acelerar la electrificaci\u00f3n"},"content":{"rendered":"\n<p><strong>La&nbsp;<\/strong><a href=\"https:\/\/aeeolica.org\/\" target=\"_blank\" rel=\"noreferrer noopener\"><strong>Asociaci\u00f3n Empresarial E\u00f3lica (AEE)<\/strong><\/a><strong>&nbsp;celebra&nbsp;hoy su VII Congreso E\u00f3lico Anual, con&nbsp;m\u00e1s de 300 expertos, y en el que Juan Diego D\u00edaz, presidente de AEE, y la vicepresidenta tercera y ministra para la Transici\u00f3n Ecol\u00f3gica y el Reto Demogr\u00e1fico, Teresa Ribera, han valorado&nbsp;los retos para los pr\u00f3ximos meses del sector e\u00f3lico espa\u00f1ol y los desaf\u00edos para el sector energ\u00e9tico a nivel mundial. Un encuentro que congrega&nbsp;a autoridades gubernamentales, representantes pol\u00edticos e institucionales, prensa, y empresas del sector e\u00f3lico espa\u00f1ol e internacional.<\/strong><\/p>\n\n\n\n<p>La&nbsp;<strong>vicepresidenta tercera y ministra para la Transici\u00f3n Ecol\u00f3gica y el Reto Demogr\u00e1fico, Teresa Ribera,&nbsp;<\/strong>en la inauguraci\u00f3n del Congreso E\u00f3lico ha afirmado: \u201cLos objetivos previstos en el borrador de actualizaci\u00f3n del PNIEC son ambiciosos y responsables. Se ajustan a la realidad&nbsp;de&nbsp;2023. El sector e\u00f3lico est\u00e1 llamado a desempe\u00f1ar un papel muy importante tanto en la transici\u00f3n ecol\u00f3gica como en la industria&nbsp;espa\u00f1ola\u201d.<\/p>\n\n\n\n<p>El <strong>presidente de&nbsp;AEE,&nbsp;Juan Diego D\u00edaz<\/strong>, durante la sesi\u00f3n de inauguraci\u00f3n, ha destacado que el PNIEC otorga a la energ\u00eda e\u00f3lica un papel l\u00edder en la transici\u00f3n energ\u00e9tica como primera tecnolog\u00eda del sistema en 2030. Sobre el borrador de actualizaci\u00f3n de este Plan, que public\u00f3 ayer el Gobierno, Juan Diego D\u00edaz ha afirmado que \u201clos nuevos objetivos para la e\u00f3lica son coherentes con las peticiones que el sector viene realizando y tenemos el potencial para abordarlos. Hay un reto por delante, que es la integraci\u00f3n de las renovables en el sistema, y para enfrentarlo es necesario que la demanda de electricidad se incremente a un ritmo adecuado para hacer posible la incorporaci\u00f3n de los 62 GW e\u00f3licos a 2030, incluyendo 3 GW de offshore. Ahora se hace m\u00e1s necesario si cabe que antes agilizar la tramitaci\u00f3n de los proyectos y avanzar con su instalaci\u00f3n a\u00f1o a a\u00f1o\u201d.<\/p>\n\n\n\n<p>Precisamente, ayer mismo tambi\u00e9n se public\u00f3 la pr\u00f3rroga por seis meses de la Autorizaci\u00f3n Administrativa de Construcci\u00f3n. Para Juan Diego D\u00edaz \u201csupone un alivio para los promotores que han dedicado medios humanos y materiales al desarrollo de estos proyectos y para unas administraciones centrales y auton\u00f3micas que han realizado un esfuerzo encomiable en unas condiciones complicadas de disponibilidad de recursos y durante un periodo que ha coincidido con dos convocatorias electorales\u201d.<\/p>\n\n\n\n<p>El presidente de AEE ha llamado la atenci\u00f3n sobre el hecho de que uno de los grandes retos de este a\u00f1o es el de instalar el mayor contingente de potencia e\u00f3lica de la historia, m\u00e1s de 13 GW e\u00f3licos, \u201ccon la aprobaci\u00f3n ambiental ya conseguida, en un plazo r\u00e9cord, para no perder el acceso a la Red, lo que implica una vuelta de tuerca en todos los engranajes de la cadena de valor\u201d. Ha se\u00f1alado tambi\u00e9n que todo este desarrollo renovable debe ser obligatoriamente soportado por una demanda el\u00e9ctrica acorde. Sin embargo, ha lamentado que la electrificaci\u00f3n de la econom\u00eda basada en renovables no est\u00e1 avanzando al ritmo necesario.<\/p>\n\n\n\n<p>\u201cSer el quinto pa\u00eds del mundo en e\u00f3lica terrestre es un \u00e9xito compartido y es algo que hemos de tener muy presente de cara a los posicionamientos estrat\u00e9gicos industriales y energ\u00e9ticos futuros\u201d, ha manifestado. Al mismo tiempo, ha afirmado que \u201ces el momento de mejorar la integraci\u00f3n de la e\u00f3lica en el sistema el\u00e9ctrico, de reforzar la actividad de nuestra industria, del liderazgo en patentes, de la era del hidr\u00f3geno verde, y de innovar m\u00e1s que nunca\u201d.<\/p>\n\n\n\n<p>En este sentido, ha se\u00f1alado que los apoyos p\u00fablicos a la investigaci\u00f3n y la innovaci\u00f3n en el sector son un necesario complemento y refuerzo a los programas privados de las empresas y ha subrayado que son clave para el desarrollo tecnol\u00f3gico de la energ\u00eda e\u00f3lica. \u201cNo olvidemos que Espa\u00f1a dispone del 100% de la cadena de valor de la energ\u00eda e\u00f3lica y que contamos con m\u00e1s de 250 centros industriales repartidos en 16 de las 17 comunidades aut\u00f3nomas\u201d, ha insistido.<\/p>\n\n\n\n<p>Sobre la competitividad de la industria e\u00f3lica espa\u00f1ola, Juan Diego D\u00edaz ha afirmado: \u201cEl sector afrontar procesos de reestructuraci\u00f3n industrial y mejora de la competitividad para poder seguir jugando un rol significativo en la exportaci\u00f3n, a la par que sigue manteniendo la producci\u00f3n en Europa. \u00c9ste debe ser el a\u00f1o de la \u201cEuropa Industrial\u201d con pol\u00edticas valientes y \u00e1giles. Tenemos que seguir dise\u00f1ando y fabricando aerogeneradores y sus componentes en Europa, con estructuras de coste europeas para seguir liderando la e\u00f3lica mundial\u201d.<\/p>\n\n\n\n<p>Referente a la e\u00f3lica marina, 2023 es un a\u00f1o clave para el futuro de su despliegue. Con los Planes de Ordenaci\u00f3n del Espacio Marino ya aprobados, los siguientes pasos est\u00e1n claros: actualizar el marco regulatorio existente, terminar de dise\u00f1ar la subasta, establecer un calendario y convocar la primera subasta offshore en nuestro pa\u00eds lo antes posible. Pero tambi\u00e9n otros pasos paralelos son necesarios, como el trabajo conjunto con el sector pesquero, la potenciaci\u00f3n de la cadena de valor industrial naval y portuaria en Espa\u00f1a, o los an\u00e1lisis ambientales de los futuros parques en colaboraci\u00f3n con todas las entidades expertas en la materia.<\/p>\n\n\n\n<p><strong>Hitos del sector<\/strong><\/p>\n\n\n\n<p>El evento sirve de escenario tambi\u00e9n para presentar el <strong>Anuario E\u00f3lico 2023<\/strong>, que recoge las principales cifras sectoriales. As\u00ed, en 2022 se instalaron en nuestro pa\u00eds 1.670 MW e\u00f3licos, una cifra muy relevante. Con este logro se alcanza una potencia instalada de 29.813 MW y una generaci\u00f3n anual de 61.069 GWh e\u00f3licos.<\/p>\n\n\n\n<p>La e\u00f3lica es la segunda tecnolog\u00eda en el mix el\u00e9ctrico por generaci\u00f3n con un 22,2%. Asimismo, es destacable que est\u00e1 energ\u00eda est\u00e1 teniendo un crecimiento territorialmente equilibrado, puesto que, de las 52 provincias existentes, 47 de ellas generan energ\u00eda e\u00f3lica, y de \u00e9stas, 21 generan m\u00e1s de 1 TWh\/a\u00f1o.<\/p>\n\n\n\n<p>A nivel mundial, en 2022 el crecimiento de la e\u00f3lica ha sido m\u00e1s que significativo, con 77 GW instalados, alcanzando una capacidad total de 906 GW, un 9% m\u00e1s que en 2021. Siguiendo la estela de a\u00f1os anteriores, China es el pa\u00eds que domina claramente el sector con m\u00e1s potencia acumulada en e\u00f3lica terrestre, seguido de Estados Unidos y Alemania. <strong>Espa\u00f1a contin\u00faa en el quinto puesto a nivel mundial<\/strong>.<\/p>\n\n\n\n<figure class=\"wp-block-image size-large\"><img decoding=\"async\" width=\"1024\" height=\"717\" src=\"https:\/\/aeeolica.org\/wp-content\/uploads\/2023\/06\/image-3-1024x717.png\" alt=\"\" class=\"wp-image-160758\" srcset=\"https:\/\/aeeolica.org\/wp-content\/uploads\/2023\/06\/image-3-1024x717.png 1024w, https:\/\/aeeolica.org\/wp-content\/uploads\/2023\/06\/image-3-980x686.png 980w, https:\/\/aeeolica.org\/wp-content\/uploads\/2023\/06\/image-3-480x336.png 480w\" sizes=\"(min-width: 0px) and (max-width: 480px) 480px, (min-width: 481px) and (max-width: 980px) 980px, (min-width: 981px) 1024px, 100vw\" \/><\/figure>\n\n\n\n<p><a href=\"https:\/\/aeeolica.org\/wp-content\/uploads\/2023\/06\/20230629-NdP-Congreso-Eolico-Anual-y-Objetivos-PNIEC-2.pdf\">DESCARGA LA NOTA<\/a><a href=\"https:\/\/aeeolica.org\/wp-content\/uploads\/2023\/06\/20230629-NdP-Congreso-Eolico-Anual-y-Objetivos-PNIEC-3.pdf\"> DE PRENSA EN PDF<\/a><\/p>\n\n\n\n<p><a href=\"https:\/\/aeeolica.org\/anuario-eolico-2023-la-voz-del-sector\/\" target=\"_blank\" rel=\"noreferrer noopener\">ANUARIO E\u00d3LICO 2023<\/a><\/p>\n\n\n\n<p><a href=\"https:\/\/aeeolica.org\/wp-content\/uploads\/2023\/06\/20230629-Discurso-Juan-Diego-Diaz-Congreso-Eolico-Anual.pdf\" target=\"_blank\" rel=\"noreferrer noopener\">DISCURSO INAUGURACI\u00d3N PRESIDENTE AEE<\/a><\/p>\n\n\n\n<p>La <strong>Asociaci\u00f3n Empresarial E\u00f3lica (AEE)<\/strong> es la voz del sector e\u00f3lico en Espa\u00f1a, promoviendo el uso de la energ\u00eda e\u00f3lica en nuestro pa\u00eds, en Europa y en el mundo entero, adem\u00e1s de representar y defender los intereses del sector. <strong>AEE<\/strong> cuenta con m\u00e1s de 300 empresas asociadas y representa a m\u00e1s del 90% del sector en Espa\u00f1a, que incluye a los promotores, los fabricantes de aerogeneradores y componentes, asociaciones nacionales y regionales, organizaciones ligadas al sector, consultores, abogados y entidades financieras y aseguradoras, entre otros. En <a href=\"http:\/\/www.aeeolica.org\">www.aeeolica.org<\/a> m\u00e1s informaci\u00f3n.<\/p>\n\n\n\n<p><br><\/p>\n","protected":false},"excerpt":{"rendered":"<p>El presidente de\u00a0AEE,\u00a0Juan Diego D\u00edaz, durante la sesi\u00f3n de inauguraci\u00f3n del Congreso E\u00f3lico 2023, ha destacado que el PNIEC otorga a la energ\u00eda e\u00f3lica un papel l\u00edder en la transici\u00f3n energ\u00e9tica como primera tecnolog\u00eda del sistema en 2030. Sobre el borrador de actualizaci\u00f3n de este Plan, que public\u00f3 ayer el Gobierno, Juan Diego D\u00edaz ha afirmado que \u201clos nuevos objetivos para la e\u00f3lica son coherentes con las peticiones que el sector viene realizando y tenemos el potencial para abordarlos. Hay un reto por delante, que es la integraci\u00f3n de las renovables en el sistema, y para enfrentarlo es necesario que la demanda de electricidad se incremente a un ritmo adecuado para hacer posible la incorporaci\u00f3n de los 62 GW e\u00f3licos a 2030, incluyendo 3 GW de offshore. Ahora se hace m\u00e1s necesario si cabe que antes agilizar la tramitaci\u00f3n de los proyectos y avanzar con su instalaci\u00f3n a\u00f1o a a\u00f1o\u201d<\/p>\n","protected":false},"author":2,"featured_media":160878,"comment_status":"open","ping_status":"open","sticky":false,"template":"","format":"standard","meta":{"_acf_changed":false,"_bbp_topic_count":0,"_bbp_reply_count":0,"_bbp_total_topic_count":0,"_bbp_total_reply_count":0,"_bbp_voice_count":0,"_bbp_anonymous_reply_count":0,"_bbp_topic_count_hidden":0,"_bbp_reply_count_hidden":0,"_bbp_forum_subforum_count":0,"_et_pb_use_builder":"","_et_pb_old_content":"","_et_gb_content_width":"","footnotes":""},"categories":[453],"tags":[],"class_list":["post-160739","post","type-post","status-publish","format-standard","has-post-thumbnail","hentry","category-453"],"acf":[],"yoast_head":"<!-- This site is optimized with the Yoast SEO plugin v27.4 - https:\/\/yoast.com\/product\/yoast-seo-wordpress\/ -->\n<title>CONGRESO E\u00d3LICO 2023. AEE considera que\u00a0los nuevos objetivos del borrador del PNIEC son coherentes con la propuesta del sector e\u00f3lico para 2030. El reto se encuentra en acelerar la electrificaci\u00f3n - Asociaci\u00f3n Empresarial E\u00f3lica<\/title>\n<meta name=\"robots\" content=\"index, follow, max-snippet:-1, max-image-preview:large, max-video-preview:-1\" \/>\n<link rel=\"canonical\" href=\"https:\/\/aeeolica.org\/congreso-eolico-2023-el-sector-eolico-considera-que-los-nuevos-objetivos-del-borrador-del-pniec-son-coherentes-con-la-propuesta-que-el-sector-viene-realizando-y-con-capacidad\/\" \/>\n<meta property=\"og:locale\" content=\"en_US\" \/>\n<meta property=\"og:type\" content=\"article\" \/>\n<meta property=\"og:title\" content=\"CONGRESO E\u00d3LICO 2023. AEE considera que\u00a0los nuevos objetivos del borrador del PNIEC son coherentes con la propuesta del sector e\u00f3lico para 2030. El reto se encuentra en acelerar la electrificaci\u00f3n - Asociaci\u00f3n Empresarial E\u00f3lica\" \/>\n<meta property=\"og:description\" content=\"El presidente de\u00a0AEE,\u00a0Juan Diego D\u00edaz, durante la sesi\u00f3n de inauguraci\u00f3n del Congreso E\u00f3lico 2023, ha destacado que el PNIEC otorga a la energ\u00eda e\u00f3lica un papel l\u00edder en la transici\u00f3n energ\u00e9tica como primera tecnolog\u00eda del sistema en 2030. Sobre el borrador de actualizaci\u00f3n de este Plan, que public\u00f3 ayer el Gobierno, Juan Diego D\u00edaz ha afirmado que \u201clos nuevos objetivos para la e\u00f3lica son coherentes con las peticiones que el sector viene realizando y tenemos el potencial para abordarlos. Hay un reto por delante, que es la integraci\u00f3n de las renovables en el sistema, y para enfrentarlo es necesario que la demanda de electricidad se incremente a un ritmo adecuado para hacer posible la incorporaci\u00f3n de los 62 GW e\u00f3licos a 2030, incluyendo 3 GW de offshore. Ahora se hace m\u00e1s necesario si cabe que antes agilizar la tramitaci\u00f3n de los proyectos y avanzar con su instalaci\u00f3n a\u00f1o a a\u00f1o\u201d\" \/>\n<meta property=\"og:url\" content=\"https:\/\/aeeolica.org\/congreso-eolico-2023-el-sector-eolico-considera-que-los-nuevos-objetivos-del-borrador-del-pniec-son-coherentes-con-la-propuesta-que-el-sector-viene-realizando-y-con-capacidad\/\" \/>\n<meta property=\"og:site_name\" content=\"Asociaci\u00f3n Empresarial E\u00f3lica\" \/>\n<meta property=\"article:publisher\" content=\"https:\/\/www.facebook.com\/aeeolica\" \/>\n<meta property=\"article:published_time\" content=\"2023-06-29T09:00:00+00:00\" \/>\n<meta property=\"article:modified_time\" content=\"2023-06-29T09:32:49+00:00\" \/>\n<meta property=\"og:image\" content=\"https:\/\/aeeolica.org\/wp-content\/uploads\/2023\/06\/Foto-2-Congreso.jpg\" \/>\n\t<meta property=\"og:image:width\" content=\"1600\" \/>\n\t<meta property=\"og:image:height\" content=\"1066\" \/>\n\t<meta property=\"og:image:type\" content=\"image\/jpeg\" \/>\n<meta name=\"author\" content=\"Morante D\u00edaz, Mar\u00eda del Mar\" \/>\n<meta name=\"twitter:card\" content=\"summary_large_image\" \/>\n<meta name=\"twitter:creator\" content=\"@aeeolica\" \/>\n<meta name=\"twitter:site\" content=\"@aeeolica\" \/>\n<meta name=\"twitter:label1\" content=\"Written by\" \/>\n\t<meta name=\"twitter:data1\" content=\"Morante D\u00edaz, Mar\u00eda del Mar\" \/>\n\t<meta name=\"twitter:label2\" content=\"Est. reading time\" \/>\n\t<meta name=\"twitter:data2\" content=\"6 minutes\" \/>\n<script type=\"application\/ld+json\" class=\"yoast-schema-graph\">{\"@context\":\"https:\\\/\\\/schema.org\",\"@graph\":[{\"@type\":\"Article\",\"@id\":\"https:\\\/\\\/aeeolica.org\\\/congreso-eolico-2023-el-sector-eolico-considera-que-los-nuevos-objetivos-del-borrador-del-pniec-son-coherentes-con-la-propuesta-que-el-sector-viene-realizando-y-con-capacidad\\\/#article\",\"isPartOf\":{\"@id\":\"https:\\\/\\\/aeeolica.org\\\/congreso-eolico-2023-el-sector-eolico-considera-que-los-nuevos-objetivos-del-borrador-del-pniec-son-coherentes-con-la-propuesta-que-el-sector-viene-realizando-y-con-capacidad\\\/\"},\"author\":{\"name\":\"Morante D\u00edaz, Mar\u00eda del Mar\",\"@id\":\"https:\\\/\\\/aeeolica.org\\\/#\\\/schema\\\/person\\\/064b26f21f7ed52e0b3854e6b52f9772\"},\"headline\":\"CONGRESO E\u00d3LICO 2023. AEE considera que\u00a0los nuevos objetivos del borrador del PNIEC son coherentes con la propuesta del sector e\u00f3lico para 2030. El reto se encuentra en acelerar la electrificaci\u00f3n\",\"datePublished\":\"2023-06-29T09:00:00+00:00\",\"dateModified\":\"2023-06-29T09:32:49+00:00\",\"mainEntityOfPage\":{\"@id\":\"https:\\\/\\\/aeeolica.org\\\/congreso-eolico-2023-el-sector-eolico-considera-que-los-nuevos-objetivos-del-borrador-del-pniec-son-coherentes-con-la-propuesta-que-el-sector-viene-realizando-y-con-capacidad\\\/\"},\"wordCount\":1259,\"commentCount\":0,\"publisher\":{\"@id\":\"https:\\\/\\\/aeeolica.org\\\/#organization\"},\"image\":{\"@id\":\"https:\\\/\\\/aeeolica.org\\\/congreso-eolico-2023-el-sector-eolico-considera-que-los-nuevos-objetivos-del-borrador-del-pniec-son-coherentes-con-la-propuesta-que-el-sector-viene-realizando-y-con-capacidad\\\/#primaryimage\"},\"thumbnailUrl\":\"https:\\\/\\\/aeeolica.org\\\/wp-content\\\/uploads\\\/2023\\\/06\\\/Foto-2-Congreso.jpg\",\"articleSection\":[\"Notas de Prensa a\u00f1o 2023\"],\"inLanguage\":\"en-US\",\"potentialAction\":[{\"@type\":\"CommentAction\",\"name\":\"Comment\",\"target\":[\"https:\\\/\\\/aeeolica.org\\\/congreso-eolico-2023-el-sector-eolico-considera-que-los-nuevos-objetivos-del-borrador-del-pniec-son-coherentes-con-la-propuesta-que-el-sector-viene-realizando-y-con-capacidad\\\/#respond\"]}]},{\"@type\":\"WebPage\",\"@id\":\"https:\\\/\\\/aeeolica.org\\\/congreso-eolico-2023-el-sector-eolico-considera-que-los-nuevos-objetivos-del-borrador-del-pniec-son-coherentes-con-la-propuesta-que-el-sector-viene-realizando-y-con-capacidad\\\/\",\"url\":\"https:\\\/\\\/aeeolica.org\\\/congreso-eolico-2023-el-sector-eolico-considera-que-los-nuevos-objetivos-del-borrador-del-pniec-son-coherentes-con-la-propuesta-que-el-sector-viene-realizando-y-con-capacidad\\\/\",\"name\":\"CONGRESO E\u00d3LICO 2023. AEE considera que\u00a0los nuevos objetivos del borrador del PNIEC son coherentes con la propuesta del sector e\u00f3lico para 2030. El reto se encuentra en acelerar la electrificaci\u00f3n - Asociaci\u00f3n Empresarial E\u00f3lica\",\"isPartOf\":{\"@id\":\"https:\\\/\\\/aeeolica.org\\\/#website\"},\"primaryImageOfPage\":{\"@id\":\"https:\\\/\\\/aeeolica.org\\\/congreso-eolico-2023-el-sector-eolico-considera-que-los-nuevos-objetivos-del-borrador-del-pniec-son-coherentes-con-la-propuesta-que-el-sector-viene-realizando-y-con-capacidad\\\/#primaryimage\"},\"image\":{\"@id\":\"https:\\\/\\\/aeeolica.org\\\/congreso-eolico-2023-el-sector-eolico-considera-que-los-nuevos-objetivos-del-borrador-del-pniec-son-coherentes-con-la-propuesta-que-el-sector-viene-realizando-y-con-capacidad\\\/#primaryimage\"},\"thumbnailUrl\":\"https:\\\/\\\/aeeolica.org\\\/wp-content\\\/uploads\\\/2023\\\/06\\\/Foto-2-Congreso.jpg\",\"datePublished\":\"2023-06-29T09:00:00+00:00\",\"dateModified\":\"2023-06-29T09:32:49+00:00\",\"breadcrumb\":{\"@id\":\"https:\\\/\\\/aeeolica.org\\\/congreso-eolico-2023-el-sector-eolico-considera-que-los-nuevos-objetivos-del-borrador-del-pniec-son-coherentes-con-la-propuesta-que-el-sector-viene-realizando-y-con-capacidad\\\/#breadcrumb\"},\"inLanguage\":\"en-US\",\"potentialAction\":[{\"@type\":\"ReadAction\",\"target\":[\"https:\\\/\\\/aeeolica.org\\\/congreso-eolico-2023-el-sector-eolico-considera-que-los-nuevos-objetivos-del-borrador-del-pniec-son-coherentes-con-la-propuesta-que-el-sector-viene-realizando-y-con-capacidad\\\/\"]}]},{\"@type\":\"ImageObject\",\"inLanguage\":\"en-US\",\"@id\":\"https:\\\/\\\/aeeolica.org\\\/congreso-eolico-2023-el-sector-eolico-considera-que-los-nuevos-objetivos-del-borrador-del-pniec-son-coherentes-con-la-propuesta-que-el-sector-viene-realizando-y-con-capacidad\\\/#primaryimage\",\"url\":\"https:\\\/\\\/aeeolica.org\\\/wp-content\\\/uploads\\\/2023\\\/06\\\/Foto-2-Congreso.jpg\",\"contentUrl\":\"https:\\\/\\\/aeeolica.org\\\/wp-content\\\/uploads\\\/2023\\\/06\\\/Foto-2-Congreso.jpg\",\"width\":1600,\"height\":1066},{\"@type\":\"BreadcrumbList\",\"@id\":\"https:\\\/\\\/aeeolica.org\\\/congreso-eolico-2023-el-sector-eolico-considera-que-los-nuevos-objetivos-del-borrador-del-pniec-son-coherentes-con-la-propuesta-que-el-sector-viene-realizando-y-con-capacidad\\\/#breadcrumb\",\"itemListElement\":[{\"@type\":\"ListItem\",\"position\":1,\"name\":\"Portada\",\"item\":\"https:\\\/\\\/aeeolica.org\\\/en\\\/inicio\\\/\"},{\"@type\":\"ListItem\",\"position\":2,\"name\":\"CONGRESO E\u00d3LICO 2023. AEE considera que\u00a0los nuevos objetivos del borrador del PNIEC son coherentes con la propuesta del sector e\u00f3lico para 2030. El reto se encuentra en acelerar la electrificaci\u00f3n\"}]},{\"@type\":\"WebSite\",\"@id\":\"https:\\\/\\\/aeeolica.org\\\/#website\",\"url\":\"https:\\\/\\\/aeeolica.org\\\/\",\"name\":\"Asociaci\u00f3n Empresarial E\u00f3lica\",\"description\":\"AEE Asociaci\u00f3n Empresarial E\u00f3lica\",\"publisher\":{\"@id\":\"https:\\\/\\\/aeeolica.org\\\/#organization\"},\"potentialAction\":[{\"@type\":\"SearchAction\",\"target\":{\"@type\":\"EntryPoint\",\"urlTemplate\":\"https:\\\/\\\/aeeolica.org\\\/?s={search_term_string}\"},\"query-input\":{\"@type\":\"PropertyValueSpecification\",\"valueRequired\":true,\"valueName\":\"search_term_string\"}}],\"inLanguage\":\"en-US\"},{\"@type\":\"Organization\",\"@id\":\"https:\\\/\\\/aeeolica.org\\\/#organization\",\"name\":\"Asociaci\u00f3n Empresarial E\u00f3lica\",\"url\":\"https:\\\/\\\/aeeolica.org\\\/\",\"logo\":{\"@type\":\"ImageObject\",\"inLanguage\":\"en-US\",\"@id\":\"https:\\\/\\\/aeeolica.org\\\/#\\\/schema\\\/logo\\\/image\\\/\",\"url\":\"https:\\\/\\\/aeeolica.org\\\/wp-content\\\/uploads\\\/2021\\\/08\\\/logo-aee.png\",\"contentUrl\":\"https:\\\/\\\/aeeolica.org\\\/wp-content\\\/uploads\\\/2021\\\/08\\\/logo-aee.png\",\"width\":180,\"height\":78,\"caption\":\"Asociaci\u00f3n Empresarial E\u00f3lica\"},\"image\":{\"@id\":\"https:\\\/\\\/aeeolica.org\\\/#\\\/schema\\\/logo\\\/image\\\/\"},\"sameAs\":[\"https:\\\/\\\/www.facebook.com\\\/aeeolica\",\"https:\\\/\\\/x.com\\\/aeeolica\",\"https:\\\/\\\/www.instagram.com\\\/aeeolica\\\/\",\"https:\\\/\\\/www.linkedin.com\\\/in\\\/aee-asociaci\u00f3n-empresarial-e\u00f3lica-6830946b\\\/\",\"https:\\\/\\\/www.youtube.com\\\/user\\\/AEEolica\"]},{\"@type\":\"Person\",\"@id\":\"https:\\\/\\\/aeeolica.org\\\/#\\\/schema\\\/person\\\/064b26f21f7ed52e0b3854e6b52f9772\",\"name\":\"Morante D\u00edaz, Mar\u00eda del Mar\",\"image\":{\"@type\":\"ImageObject\",\"inLanguage\":\"en-US\",\"@id\":\"https:\\\/\\\/secure.gravatar.com\\\/avatar\\\/8bfd23e1c4bf5aa0b9314f1c5c9d644e62672831e6a512513954c3f15dffdd5a?s=96&d=mm&r=g\",\"url\":\"https:\\\/\\\/secure.gravatar.com\\\/avatar\\\/8bfd23e1c4bf5aa0b9314f1c5c9d644e62672831e6a512513954c3f15dffdd5a?s=96&d=mm&r=g\",\"contentUrl\":\"https:\\\/\\\/secure.gravatar.com\\\/avatar\\\/8bfd23e1c4bf5aa0b9314f1c5c9d644e62672831e6a512513954c3f15dffdd5a?s=96&d=mm&r=g\",\"caption\":\"Morante D\u00edaz, Mar\u00eda del Mar\"},\"url\":\"https:\\\/\\\/aeeolica.org\\\/en\\\/author\\\/mar\\\/\"}]}<\/script>\n<!-- \/ Yoast SEO plugin. -->","yoast_head_json":{"title":"CONGRESO E\u00d3LICO 2023. AEE considera que\u00a0los nuevos objetivos del borrador del PNIEC son coherentes con la propuesta del sector e\u00f3lico para 2030. El reto se encuentra en acelerar la electrificaci\u00f3n - Asociaci\u00f3n Empresarial E\u00f3lica","robots":{"index":"index","follow":"follow","max-snippet":"max-snippet:-1","max-image-preview":"max-image-preview:large","max-video-preview":"max-video-preview:-1"},"canonical":"https:\/\/aeeolica.org\/congreso-eolico-2023-el-sector-eolico-considera-que-los-nuevos-objetivos-del-borrador-del-pniec-son-coherentes-con-la-propuesta-que-el-sector-viene-realizando-y-con-capacidad\/","og_locale":"en_US","og_type":"article","og_title":"CONGRESO E\u00d3LICO 2023. AEE considera que\u00a0los nuevos objetivos del borrador del PNIEC son coherentes con la propuesta del sector e\u00f3lico para 2030. El reto se encuentra en acelerar la electrificaci\u00f3n - Asociaci\u00f3n Empresarial E\u00f3lica","og_description":"El presidente de\u00a0AEE,\u00a0Juan Diego D\u00edaz, durante la sesi\u00f3n de inauguraci\u00f3n del Congreso E\u00f3lico 2023, ha destacado que el PNIEC otorga a la energ\u00eda e\u00f3lica un papel l\u00edder en la transici\u00f3n energ\u00e9tica como primera tecnolog\u00eda del sistema en 2030. Sobre el borrador de actualizaci\u00f3n de este Plan, que public\u00f3 ayer el Gobierno, Juan Diego D\u00edaz ha afirmado que \u201clos nuevos objetivos para la e\u00f3lica son coherentes con las peticiones que el sector viene realizando y tenemos el potencial para abordarlos. Hay un reto por delante, que es la integraci\u00f3n de las renovables en el sistema, y para enfrentarlo es necesario que la demanda de electricidad se incremente a un ritmo adecuado para hacer posible la incorporaci\u00f3n de los 62 GW e\u00f3licos a 2030, incluyendo 3 GW de offshore. Ahora se hace m\u00e1s necesario si cabe que antes agilizar la tramitaci\u00f3n de los proyectos y avanzar con su instalaci\u00f3n a\u00f1o a a\u00f1o\u201d","og_url":"https:\/\/aeeolica.org\/congreso-eolico-2023-el-sector-eolico-considera-que-los-nuevos-objetivos-del-borrador-del-pniec-son-coherentes-con-la-propuesta-que-el-sector-viene-realizando-y-con-capacidad\/","og_site_name":"Asociaci\u00f3n Empresarial E\u00f3lica","article_publisher":"https:\/\/www.facebook.com\/aeeolica","article_published_time":"2023-06-29T09:00:00+00:00","article_modified_time":"2023-06-29T09:32:49+00:00","og_image":[{"width":1600,"height":1066,"url":"https:\/\/aeeolica.org\/wp-content\/uploads\/2023\/06\/Foto-2-Congreso.jpg","type":"image\/jpeg"}],"author":"Morante D\u00edaz, Mar\u00eda del Mar","twitter_card":"summary_large_image","twitter_creator":"@aeeolica","twitter_site":"@aeeolica","twitter_misc":{"Written by":"Morante D\u00edaz, Mar\u00eda del Mar","Est. reading time":"6 minutes"},"schema":{"@context":"https:\/\/schema.org","@graph":[{"@type":"Article","@id":"https:\/\/aeeolica.org\/congreso-eolico-2023-el-sector-eolico-considera-que-los-nuevos-objetivos-del-borrador-del-pniec-son-coherentes-con-la-propuesta-que-el-sector-viene-realizando-y-con-capacidad\/#article","isPartOf":{"@id":"https:\/\/aeeolica.org\/congreso-eolico-2023-el-sector-eolico-considera-que-los-nuevos-objetivos-del-borrador-del-pniec-son-coherentes-con-la-propuesta-que-el-sector-viene-realizando-y-con-capacidad\/"},"author":{"name":"Morante D\u00edaz, Mar\u00eda del Mar","@id":"https:\/\/aeeolica.org\/#\/schema\/person\/064b26f21f7ed52e0b3854e6b52f9772"},"headline":"CONGRESO E\u00d3LICO 2023. AEE considera que\u00a0los nuevos objetivos del borrador del PNIEC son coherentes con la propuesta del sector e\u00f3lico para 2030. El reto se encuentra en acelerar la electrificaci\u00f3n","datePublished":"2023-06-29T09:00:00+00:00","dateModified":"2023-06-29T09:32:49+00:00","mainEntityOfPage":{"@id":"https:\/\/aeeolica.org\/congreso-eolico-2023-el-sector-eolico-considera-que-los-nuevos-objetivos-del-borrador-del-pniec-son-coherentes-con-la-propuesta-que-el-sector-viene-realizando-y-con-capacidad\/"},"wordCount":1259,"commentCount":0,"publisher":{"@id":"https:\/\/aeeolica.org\/#organization"},"image":{"@id":"https:\/\/aeeolica.org\/congreso-eolico-2023-el-sector-eolico-considera-que-los-nuevos-objetivos-del-borrador-del-pniec-son-coherentes-con-la-propuesta-que-el-sector-viene-realizando-y-con-capacidad\/#primaryimage"},"thumbnailUrl":"https:\/\/aeeolica.org\/wp-content\/uploads\/2023\/06\/Foto-2-Congreso.jpg","articleSection":["Notas de Prensa a\u00f1o 2023"],"inLanguage":"en-US","potentialAction":[{"@type":"CommentAction","name":"Comment","target":["https:\/\/aeeolica.org\/congreso-eolico-2023-el-sector-eolico-considera-que-los-nuevos-objetivos-del-borrador-del-pniec-son-coherentes-con-la-propuesta-que-el-sector-viene-realizando-y-con-capacidad\/#respond"]}]},{"@type":"WebPage","@id":"https:\/\/aeeolica.org\/congreso-eolico-2023-el-sector-eolico-considera-que-los-nuevos-objetivos-del-borrador-del-pniec-son-coherentes-con-la-propuesta-que-el-sector-viene-realizando-y-con-capacidad\/","url":"https:\/\/aeeolica.org\/congreso-eolico-2023-el-sector-eolico-considera-que-los-nuevos-objetivos-del-borrador-del-pniec-son-coherentes-con-la-propuesta-que-el-sector-viene-realizando-y-con-capacidad\/","name":"CONGRESO E\u00d3LICO 2023. AEE considera que\u00a0los nuevos objetivos del borrador del PNIEC son coherentes con la propuesta del sector e\u00f3lico para 2030. El reto se encuentra en acelerar la electrificaci\u00f3n - Asociaci\u00f3n Empresarial E\u00f3lica","isPartOf":{"@id":"https:\/\/aeeolica.org\/#website"},"primaryImageOfPage":{"@id":"https:\/\/aeeolica.org\/congreso-eolico-2023-el-sector-eolico-considera-que-los-nuevos-objetivos-del-borrador-del-pniec-son-coherentes-con-la-propuesta-que-el-sector-viene-realizando-y-con-capacidad\/#primaryimage"},"image":{"@id":"https:\/\/aeeolica.org\/congreso-eolico-2023-el-sector-eolico-considera-que-los-nuevos-objetivos-del-borrador-del-pniec-son-coherentes-con-la-propuesta-que-el-sector-viene-realizando-y-con-capacidad\/#primaryimage"},"thumbnailUrl":"https:\/\/aeeolica.org\/wp-content\/uploads\/2023\/06\/Foto-2-Congreso.jpg","datePublished":"2023-06-29T09:00:00+00:00","dateModified":"2023-06-29T09:32:49+00:00","breadcrumb":{"@id":"https:\/\/aeeolica.org\/congreso-eolico-2023-el-sector-eolico-considera-que-los-nuevos-objetivos-del-borrador-del-pniec-son-coherentes-con-la-propuesta-que-el-sector-viene-realizando-y-con-capacidad\/#breadcrumb"},"inLanguage":"en-US","potentialAction":[{"@type":"ReadAction","target":["https:\/\/aeeolica.org\/congreso-eolico-2023-el-sector-eolico-considera-que-los-nuevos-objetivos-del-borrador-del-pniec-son-coherentes-con-la-propuesta-que-el-sector-viene-realizando-y-con-capacidad\/"]}]},{"@type":"ImageObject","inLanguage":"en-US","@id":"https:\/\/aeeolica.org\/congreso-eolico-2023-el-sector-eolico-considera-que-los-nuevos-objetivos-del-borrador-del-pniec-son-coherentes-con-la-propuesta-que-el-sector-viene-realizando-y-con-capacidad\/#primaryimage","url":"https:\/\/aeeolica.org\/wp-content\/uploads\/2023\/06\/Foto-2-Congreso.jpg","contentUrl":"https:\/\/aeeolica.org\/wp-content\/uploads\/2023\/06\/Foto-2-Congreso.jpg","width":1600,"height":1066},{"@type":"BreadcrumbList","@id":"https:\/\/aeeolica.org\/congreso-eolico-2023-el-sector-eolico-considera-que-los-nuevos-objetivos-del-borrador-del-pniec-son-coherentes-con-la-propuesta-que-el-sector-viene-realizando-y-con-capacidad\/#breadcrumb","itemListElement":[{"@type":"ListItem","position":1,"name":"Portada","item":"https:\/\/aeeolica.org\/en\/inicio\/"},{"@type":"ListItem","position":2,"name":"CONGRESO E\u00d3LICO 2023. AEE considera que\u00a0los nuevos objetivos del borrador del PNIEC son coherentes con la propuesta del sector e\u00f3lico para 2030. El reto se encuentra en acelerar la electrificaci\u00f3n"}]},{"@type":"WebSite","@id":"https:\/\/aeeolica.org\/#website","url":"https:\/\/aeeolica.org\/","name":"Asociaci\u00f3n Empresarial E\u00f3lica","description":"AEE Asociaci\u00f3n Empresarial E\u00f3lica","publisher":{"@id":"https:\/\/aeeolica.org\/#organization"},"potentialAction":[{"@type":"SearchAction","target":{"@type":"EntryPoint","urlTemplate":"https:\/\/aeeolica.org\/?s={search_term_string}"},"query-input":{"@type":"PropertyValueSpecification","valueRequired":true,"valueName":"search_term_string"}}],"inLanguage":"en-US"},{"@type":"Organization","@id":"https:\/\/aeeolica.org\/#organization","name":"Asociaci\u00f3n Empresarial E\u00f3lica","url":"https:\/\/aeeolica.org\/","logo":{"@type":"ImageObject","inLanguage":"en-US","@id":"https:\/\/aeeolica.org\/#\/schema\/logo\/image\/","url":"https:\/\/aeeolica.org\/wp-content\/uploads\/2021\/08\/logo-aee.png","contentUrl":"https:\/\/aeeolica.org\/wp-content\/uploads\/2021\/08\/logo-aee.png","width":180,"height":78,"caption":"Asociaci\u00f3n Empresarial E\u00f3lica"},"image":{"@id":"https:\/\/aeeolica.org\/#\/schema\/logo\/image\/"},"sameAs":["https:\/\/www.facebook.com\/aeeolica","https:\/\/x.com\/aeeolica","https:\/\/www.instagram.com\/aeeolica\/","https:\/\/www.linkedin.com\/in\/aee-asociaci\u00f3n-empresarial-e\u00f3lica-6830946b\/","https:\/\/www.youtube.com\/user\/AEEolica"]},{"@type":"Person","@id":"https:\/\/aeeolica.org\/#\/schema\/person\/064b26f21f7ed52e0b3854e6b52f9772","name":"Morante D\u00edaz, Mar\u00eda del Mar","image":{"@type":"ImageObject","inLanguage":"en-US","@id":"https:\/\/secure.gravatar.com\/avatar\/8bfd23e1c4bf5aa0b9314f1c5c9d644e62672831e6a512513954c3f15dffdd5a?s=96&d=mm&r=g","url":"https:\/\/secure.gravatar.com\/avatar\/8bfd23e1c4bf5aa0b9314f1c5c9d644e62672831e6a512513954c3f15dffdd5a?s=96&d=mm&r=g","contentUrl":"https:\/\/secure.gravatar.com\/avatar\/8bfd23e1c4bf5aa0b9314f1c5c9d644e62672831e6a512513954c3f15dffdd5a?s=96&d=mm&r=g","caption":"Morante D\u00edaz, Mar\u00eda del Mar"},"url":"https:\/\/aeeolica.org\/en\/author\/mar\/"}]}},"_links":{"self":[{"href":"https:\/\/aeeolica.org\/en\/wp-json\/wp\/v2\/posts\/160739","targetHints":{"allow":["GET"]}}],"collection":[{"href":"https:\/\/aeeolica.org\/en\/wp-json\/wp\/v2\/posts"}],"about":[{"href":"https:\/\/aeeolica.org\/en\/wp-json\/wp\/v2\/types\/post"}],"author":[{"embeddable":true,"href":"https:\/\/aeeolica.org\/en\/wp-json\/wp\/v2\/users\/2"}],"replies":[{"embeddable":true,"href":"https:\/\/aeeolica.org\/en\/wp-json\/wp\/v2\/comments?post=160739"}],"version-history":[{"count":0,"href":"https:\/\/aeeolica.org\/en\/wp-json\/wp\/v2\/posts\/160739\/revisions"}],"wp:featuredmedia":[{"embeddable":true,"href":"https:\/\/aeeolica.org\/en\/wp-json\/wp\/v2\/media\/160878"}],"wp:attachment":[{"href":"https:\/\/aeeolica.org\/en\/wp-json\/wp\/v2\/media?parent=160739"}],"wp:term":[{"taxonomy":"category","embeddable":true,"href":"https:\/\/aeeolica.org\/en\/wp-json\/wp\/v2\/categories?post=160739"},{"taxonomy":"post_tag","embeddable":true,"href":"https:\/\/aeeolica.org\/en\/wp-json\/wp\/v2\/tags?post=160739"}],"curies":[{"name":"wp","href":"https:\/\/api.w.org\/{rel}","templated":true}]}}