{"id":164011,"date":"2023-07-17T13:56:28","date_gmt":"2023-07-17T11:56:28","guid":{"rendered":"https:\/\/aeeolica.org\/?p=164011"},"modified":"2023-07-17T13:56:30","modified_gmt":"2023-07-17T11:56:30","slug":"formacion-la-escuela-de-organizacion-industrial-y-la-asociacion-empresarial-eolica-firman-un-acuerdo-para-el-lanzamiento-del-i-programa-ejecutivo-en-energia-eolica-marina","status":"publish","type":"post","link":"https:\/\/aeeolica.org\/en\/formacion-la-escuela-de-organizacion-industrial-y-la-asociacion-empresarial-eolica-firman-un-acuerdo-para-el-lanzamiento-del-i-programa-ejecutivo-en-energia-eolica-marina\/","title":{"rendered":"FORMACI\u00d3N. La Escuela de Organizaci\u00f3n Industrial y la Asociaci\u00f3n Empresarial E\u00f3lica firman un acuerdo para el lanzamiento del I Programa Ejecutivo en Energ\u00eda E\u00f3lica Marina"},"content":{"rendered":"\n<ul class=\"wp-block-list\">\n<li><strong>Los participantes tendr\u00e1n la oportunidad de aprender de la mano de expertos de las principales empresas del sector y adquirir el conocimiento y habilidades necesarias para incorporarse al sector e\u00f3lico marino.<\/strong><\/li>\n\n\n\n<li><strong>El programa culmina con un taller de experiencias, donde se analizar\u00e1n proyectos t\u00e9cnicos junto con las empresas que los han ejecutado.<\/strong><\/li>\n\n\n\n<li><strong>La energ\u00eda e\u00f3lica marina es una fuente de energ\u00eda renovable de gran potencial en Espa\u00f1a y se espera que juegue un papel fundamental en el futuro energ\u00e9tico sostenible.<\/strong><\/li>\n<\/ul>\n\n\n\n<p><strong><em>Madrid, 17 de julio 2023<\/em><\/strong>.-La Escuela de Organizaci\u00f3n Industrial &#8211; EOI y la Asociaci\u00f3n Empresarial E\u00f3lica (AEE) han firmado un acuerdo estrat\u00e9gico con el objetivo de poner en marcha un nuevo programa ejecutivo centrado en la energ\u00eda e\u00f3lica marina. Este programa, dise\u00f1ado para profesionales que han desarrollado su trayectoria en el sector energ\u00e9tico, busca profundizar en la energ\u00eda e\u00f3lica marina como tecnolog\u00eda clave en la transici\u00f3n energ\u00e9tica.<\/p>\n\n\n\n<p>&#8220;<em>Con este programa, esperamos contribuir activamente a la promoci\u00f3n de la transici\u00f3n energ\u00e9tica y la descarbonizaci\u00f3n de la econom\u00eda, formando profesionales altamente capacitados que liderar\u00e1n el desarrollo de la energ\u00eda e\u00f3lica marina en el futuro<\/em>&#8220;, afirm\u00f3 <strong>Juan Ignacio D\u00edaz Bidart, director general de EOI<\/strong>. \u201c<em>Apostamos por una formaci\u00f3n especializada en sectores punteros, como ocurre con la energ\u00eda e\u00f3lica marina y donde, de nuevo, vamos a ser pioneros en la formaci\u00f3n, como ya lo fuimos en el pasado y en un sector de importancia estrat\u00e9gica para Espa\u00f1a<\/em>\u201d.<\/p>\n\n\n\n<p>&nbsp;Por su parte, el <strong>director general de AEE, Juan Virgilio M\u00e1rquez<\/strong>, ha destacado que \u201c<em>en Espa\u00f1a existe un fuerte tejido industrial enfocado al desarrollo de la e\u00f3lica marina, con un marcado car\u00e1cter exportador, procedente del liderazgo y experiencia adquirida durante los m\u00e1s de 20 a\u00f1os de implementaci\u00f3n de e\u00f3lica terrestre y de las sinergias con otros sectores. Para cumplir con los objetivos del PNIEC, Espa\u00f1a tiene que instalar hasta 3 GW a 2030, que crear\u00e1n alrededor de 7.500 nuevos empleos, principalmente en las comunidades costeras. &nbsp;Necesitamos formar a los mejores profesionales y, por ello, apostamos por esta iniciativa que es necesaria y demandada por el sector\u201d.<\/em><\/p>\n\n\n\n<p><strong>Energ\u00eda E\u00f3lica Marina<\/strong><\/p>\n\n\n\n<p>La energ\u00eda e\u00f3lica marina ha emergido como una fuente de energ\u00eda renovable de gran potencial que jugar\u00e1 un papel fundamental en el futuro energ\u00e9tico sostenible de nuestro pa\u00eds, tal como indica el PNIEC en vigor y su revisi\u00f3n, as\u00ed como la Hoja de Ruta para el desarrollo de la E\u00f3lica Marina y de las Energ\u00edas del Mar En Espa\u00f1a. Por las caracter\u00edsticas de nuestro litoral, disponemos de unas condiciones muy favorables para la instalaci\u00f3n de e\u00f3lica flotante, as\u00ed como de una capacidad industrial y de innovaci\u00f3n muy significativa, que posiciona a Espa\u00f1a como uno de los pa\u00edses l\u00edderes en fabricaci\u00f3n, exportaci\u00f3n y desarrollo tecnol\u00f3gico. Todo ello est\u00e1 generando una gran demanda de profesionales, que requieren formaci\u00f3n espec\u00edfica sobre esta tecnolog\u00eda.<\/p>\n\n\n\n<p>Conscientes de esta realidad, EOI y AEE han unido sus fuerzas para ofrecer un programa, \u00fanico hasta la fecha en nuestro pa\u00eds, con un alcance integral que cubre todas las fases del ciclo de vida de un proyecto de e\u00f3lica marina.<\/p>\n\n\n\n<p>Los participantes tendr\u00e1n la oportunidad de aprender de la mano de expertos de las principales empresas del sector y adquirir el conocimiento y habilidades necesarias para incorporarse a esta industria en pleno crecimiento y con un gran futuro.<\/p>\n\n\n\n<p>El programa culmina con un taller de experiencias, donde se analizar\u00e1n proyectos t\u00e9cnicos junto con las empresas que los han ejecutado.<\/p>\n\n\n\n<p><strong>Metodolog\u00eda EOI<\/strong><\/p>\n\n\n\n<p>La propuesta educativa de EOI destaca por su enfoque pr\u00e1ctico y te\u00f3rico. Las sesiones lectivas son impartidas por un profesorado experto con una dilatada experiencia profesional en el sector, lo que permite una combinaci\u00f3n efectiva de conocimientos, experiencia y vocaci\u00f3n pedag\u00f3gica. Esta metodolog\u00eda garantiza que los alumnos obtengan, una vez superado el curso, el conocimiento especializado proveniente de las empresas, prepar\u00e1ndolos para afrontar los desaf\u00edos del sector de la energ\u00eda e\u00f3lica marina.<\/p>\n\n\n\n<p>El Programa Ejecutivo en Energ\u00eda E\u00f3lica Marina de la EOI y la AEE est\u00e1 actualmente abierto para inscripciones. Para obtener m\u00e1s informaci\u00f3n sobre el programa y el proceso de admisi\u00f3n, visite <a href=\"https:\/\/www.eoi.es\/es\/programas\/programas-ejecutivos\">https:\/\/www.eoi.es\/es\/programas\/programas-ejecutivos<\/a><\/p>\n\n\n\n<p><a href=\"https:\/\/aeeolica.org\/wp-content\/uploads\/2023\/07\/20230717-NdP-EOI-y-AEE-firman-acuerdo-para-el-lanzamiento-del-I-Programa-Ejecutivo-en-EolicaMarina.pdf\">DESCARGA LA NOTA DE PRENSA EN PDF<\/a><\/p>\n\n\n\n<p><strong><em>SOBRE EOI. <\/em><\/strong><em>La Escuela de Organizaci\u00f3n Industrial (EOI) es la primera Escuela de Negocios fundada en Espa\u00f1a (1955). En sus 65 a\u00f1os de historia han pasado por sus aulas m\u00e1s de 142.000 directivos y gestores empresariales especializados en liderazgo, internacionalizaci\u00f3n y sostenibilidad.<\/em><\/p>\n\n\n\n<p><em>Como fundaci\u00f3n p\u00fablica adscrita al Ministerio de Industria, Comercio y Turismo y con la cofinanciaci\u00f3n del Fondo Social Europeo, ha impulsado los negocios de m\u00e1s de 60.000 nuevas personas emprendedoras en Espa\u00f1a y fundado una Red Nacional de 50 Espacios Coworking en distintas ciudades del pa\u00eds.<\/em><\/p>\n\n\n\n<p><em>Datos de Contacto: <\/em><em><a href=\"mailto:prensa@eoi.es\">prensa@eoi.es<\/a><\/em><em>&nbsp;&nbsp; +34 91 349 5656<\/em><\/p>\n\n\n\n<p><strong><em>SOBRE AEE. <\/em><\/strong><em>La Asociaci\u00f3n Empresarial E\u00f3lica es la voz del sector e\u00f3lico en Espa\u00f1a y defiende sus intereses. Con m\u00e1s de 310 empresas asociadas, cubre el 100% de la cadena de valor de la energ\u00eda e\u00f3lica y representa a m\u00e1s del 95% del sector en el pa\u00eds, que incluye a promotores, fabricantes de aerogeneradores y componentes, asociaciones nacionales y regionales, organizaciones ligadas al sector, consultores, abogados y entidades financieras y aseguradoras, entre otros.<strong><\/strong><\/em><\/p>\n\n\n\n<p><em>Datos de contacto: Piluca Nu\u00f1ez (<\/em><em><a href=\"mailto:pnunez@aeeolica.org\">pnunez@aeeolica.org<\/a><\/em><em>) T. 917451276<strong><\/strong><\/em><\/p>\n\n\n\n<p><br><\/p>\n","protected":false},"excerpt":{"rendered":"<p>El presidente de\u00a0AEE,\u00a0Juan Diego D\u00edaz, durante la sesi\u00f3n de inauguraci\u00f3n del Congreso E\u00f3lico 2023, ha destacado que el PNIEC otorga a la energ\u00eda e\u00f3lica un papel l\u00edder en la transici\u00f3n energ\u00e9tica como primera tecnolog\u00eda del sistema en 2030. Sobre el borrador de actualizaci\u00f3n de este Plan, que public\u00f3 ayer el Gobierno, Juan Diego D\u00edaz ha afirmado que \u201clos nuevos objetivos para la e\u00f3lica son coherentes con las peticiones que el sector viene realizando y tenemos el potencial para abordarlos. Hay un reto por delante, que es la integraci\u00f3n de las renovables en el sistema, y para enfrentarlo es necesario que la demanda de electricidad se incremente a un ritmo adecuado para hacer posible la incorporaci\u00f3n de los 62 GW e\u00f3licos a 2030, incluyendo 3 GW de offshore. Ahora se hace m\u00e1s necesario si cabe que antes agilizar la tramitaci\u00f3n de los proyectos y avanzar con su instalaci\u00f3n a\u00f1o a a\u00f1o\u201d<\/p>\n","protected":false},"author":3,"featured_media":164015,"comment_status":"open","ping_status":"open","sticky":false,"template":"","format":"standard","meta":{"_acf_changed":false,"_bbp_topic_count":0,"_bbp_reply_count":0,"_bbp_total_topic_count":0,"_bbp_total_reply_count":0,"_bbp_voice_count":0,"_bbp_anonymous_reply_count":0,"_bbp_topic_count_hidden":0,"_bbp_reply_count_hidden":0,"_bbp_forum_subforum_count":0,"_et_pb_use_builder":"","_et_pb_old_content":"","_et_gb_content_width":"","footnotes":""},"categories":[453],"tags":[],"class_list":["post-164011","post","type-post","status-publish","format-standard","has-post-thumbnail","hentry","category-453"],"acf":[],"yoast_head":"<!-- This site is optimized with the Yoast SEO plugin v27.4 - https:\/\/yoast.com\/product\/yoast-seo-wordpress\/ -->\n<title>FORMACI\u00d3N. La Escuela de Organizaci\u00f3n Industrial y la Asociaci\u00f3n Empresarial E\u00f3lica firman un acuerdo para el lanzamiento del I Programa Ejecutivo en Energ\u00eda E\u00f3lica Marina - Asociaci\u00f3n Empresarial E\u00f3lica<\/title>\n<meta name=\"robots\" content=\"index, follow, max-snippet:-1, max-image-preview:large, max-video-preview:-1\" \/>\n<link rel=\"canonical\" href=\"https:\/\/aeeolica.org\/formacion-la-escuela-de-organizacion-industrial-y-la-asociacion-empresarial-eolica-firman-un-acuerdo-para-el-lanzamiento-del-i-programa-ejecutivo-en-energia-eolica-marina\/\" \/>\n<meta property=\"og:locale\" content=\"en_US\" \/>\n<meta property=\"og:type\" content=\"article\" \/>\n<meta property=\"og:title\" content=\"FORMACI\u00d3N. La Escuela de Organizaci\u00f3n Industrial y la Asociaci\u00f3n Empresarial E\u00f3lica firman un acuerdo para el lanzamiento del I Programa Ejecutivo en Energ\u00eda E\u00f3lica Marina - Asociaci\u00f3n Empresarial E\u00f3lica\" \/>\n<meta property=\"og:description\" content=\"El presidente de\u00a0AEE,\u00a0Juan Diego D\u00edaz, durante la sesi\u00f3n de inauguraci\u00f3n del Congreso E\u00f3lico 2023, ha destacado que el PNIEC otorga a la energ\u00eda e\u00f3lica un papel l\u00edder en la transici\u00f3n energ\u00e9tica como primera tecnolog\u00eda del sistema en 2030. Sobre el borrador de actualizaci\u00f3n de este Plan, que public\u00f3 ayer el Gobierno, Juan Diego D\u00edaz ha afirmado que \u201clos nuevos objetivos para la e\u00f3lica son coherentes con las peticiones que el sector viene realizando y tenemos el potencial para abordarlos. Hay un reto por delante, que es la integraci\u00f3n de las renovables en el sistema, y para enfrentarlo es necesario que la demanda de electricidad se incremente a un ritmo adecuado para hacer posible la incorporaci\u00f3n de los 62 GW e\u00f3licos a 2030, incluyendo 3 GW de offshore. Ahora se hace m\u00e1s necesario si cabe que antes agilizar la tramitaci\u00f3n de los proyectos y avanzar con su instalaci\u00f3n a\u00f1o a a\u00f1o\u201d\" \/>\n<meta property=\"og:url\" content=\"https:\/\/aeeolica.org\/formacion-la-escuela-de-organizacion-industrial-y-la-asociacion-empresarial-eolica-firman-un-acuerdo-para-el-lanzamiento-del-i-programa-ejecutivo-en-energia-eolica-marina\/\" \/>\n<meta property=\"og:site_name\" content=\"Asociaci\u00f3n Empresarial E\u00f3lica\" \/>\n<meta property=\"article:publisher\" content=\"https:\/\/www.facebook.com\/aeeolica\" \/>\n<meta property=\"article:published_time\" content=\"2023-07-17T11:56:28+00:00\" \/>\n<meta property=\"article:modified_time\" content=\"2023-07-17T11:56:30+00:00\" \/>\n<meta property=\"og:image\" content=\"https:\/\/aeeolica.org\/wp-content\/uploads\/2023\/07\/Viento-y-mar-la-fusion-perfecta-Gregorio-Hernandez-Garcia-scaled.jpg\" \/>\n\t<meta property=\"og:image:width\" content=\"2560\" \/>\n\t<meta property=\"og:image:height\" content=\"1440\" \/>\n\t<meta property=\"og:image:type\" content=\"image\/jpeg\" \/>\n<meta name=\"author\" content=\"N\u00fa\u00f1ez L\u00f3pez, Mar\u00eda Pilar\" \/>\n<meta name=\"twitter:card\" content=\"summary_large_image\" \/>\n<meta name=\"twitter:creator\" content=\"@aeeolica\" \/>\n<meta name=\"twitter:site\" content=\"@aeeolica\" \/>\n<meta name=\"twitter:label1\" content=\"Written by\" \/>\n\t<meta name=\"twitter:data1\" content=\"N\u00fa\u00f1ez L\u00f3pez, Mar\u00eda Pilar\" \/>\n\t<meta name=\"twitter:label2\" content=\"Est. reading time\" \/>\n\t<meta name=\"twitter:data2\" content=\"4 minutes\" \/>\n<script type=\"application\/ld+json\" class=\"yoast-schema-graph\">{\"@context\":\"https:\\\/\\\/schema.org\",\"@graph\":[{\"@type\":\"Article\",\"@id\":\"https:\\\/\\\/aeeolica.org\\\/formacion-la-escuela-de-organizacion-industrial-y-la-asociacion-empresarial-eolica-firman-un-acuerdo-para-el-lanzamiento-del-i-programa-ejecutivo-en-energia-eolica-marina\\\/#article\",\"isPartOf\":{\"@id\":\"https:\\\/\\\/aeeolica.org\\\/formacion-la-escuela-de-organizacion-industrial-y-la-asociacion-empresarial-eolica-firman-un-acuerdo-para-el-lanzamiento-del-i-programa-ejecutivo-en-energia-eolica-marina\\\/\"},\"author\":{\"name\":\"N\u00fa\u00f1ez L\u00f3pez, Mar\u00eda Pilar\",\"@id\":\"https:\\\/\\\/aeeolica.org\\\/#\\\/schema\\\/person\\\/b5ecb492612b1654978b85c5c4243ac6\"},\"headline\":\"FORMACI\u00d3N. La Escuela de Organizaci\u00f3n Industrial y la Asociaci\u00f3n Empresarial E\u00f3lica firman un acuerdo para el lanzamiento del I Programa Ejecutivo en Energ\u00eda E\u00f3lica Marina\",\"datePublished\":\"2023-07-17T11:56:28+00:00\",\"dateModified\":\"2023-07-17T11:56:30+00:00\",\"mainEntityOfPage\":{\"@id\":\"https:\\\/\\\/aeeolica.org\\\/formacion-la-escuela-de-organizacion-industrial-y-la-asociacion-empresarial-eolica-firman-un-acuerdo-para-el-lanzamiento-del-i-programa-ejecutivo-en-energia-eolica-marina\\\/\"},\"wordCount\":992,\"commentCount\":0,\"publisher\":{\"@id\":\"https:\\\/\\\/aeeolica.org\\\/#organization\"},\"image\":{\"@id\":\"https:\\\/\\\/aeeolica.org\\\/formacion-la-escuela-de-organizacion-industrial-y-la-asociacion-empresarial-eolica-firman-un-acuerdo-para-el-lanzamiento-del-i-programa-ejecutivo-en-energia-eolica-marina\\\/#primaryimage\"},\"thumbnailUrl\":\"https:\\\/\\\/aeeolica.org\\\/wp-content\\\/uploads\\\/2023\\\/07\\\/Viento-y-mar-la-fusion-perfecta-Gregorio-Hernandez-Garcia-scaled.jpg\",\"articleSection\":[\"Notas de Prensa a\u00f1o 2023\"],\"inLanguage\":\"en-US\",\"potentialAction\":[{\"@type\":\"CommentAction\",\"name\":\"Comment\",\"target\":[\"https:\\\/\\\/aeeolica.org\\\/formacion-la-escuela-de-organizacion-industrial-y-la-asociacion-empresarial-eolica-firman-un-acuerdo-para-el-lanzamiento-del-i-programa-ejecutivo-en-energia-eolica-marina\\\/#respond\"]}]},{\"@type\":\"WebPage\",\"@id\":\"https:\\\/\\\/aeeolica.org\\\/formacion-la-escuela-de-organizacion-industrial-y-la-asociacion-empresarial-eolica-firman-un-acuerdo-para-el-lanzamiento-del-i-programa-ejecutivo-en-energia-eolica-marina\\\/\",\"url\":\"https:\\\/\\\/aeeolica.org\\\/formacion-la-escuela-de-organizacion-industrial-y-la-asociacion-empresarial-eolica-firman-un-acuerdo-para-el-lanzamiento-del-i-programa-ejecutivo-en-energia-eolica-marina\\\/\",\"name\":\"FORMACI\u00d3N. La Escuela de Organizaci\u00f3n Industrial y la Asociaci\u00f3n Empresarial E\u00f3lica firman un acuerdo para el lanzamiento del I Programa Ejecutivo en Energ\u00eda E\u00f3lica Marina - Asociaci\u00f3n Empresarial E\u00f3lica\",\"isPartOf\":{\"@id\":\"https:\\\/\\\/aeeolica.org\\\/#website\"},\"primaryImageOfPage\":{\"@id\":\"https:\\\/\\\/aeeolica.org\\\/formacion-la-escuela-de-organizacion-industrial-y-la-asociacion-empresarial-eolica-firman-un-acuerdo-para-el-lanzamiento-del-i-programa-ejecutivo-en-energia-eolica-marina\\\/#primaryimage\"},\"image\":{\"@id\":\"https:\\\/\\\/aeeolica.org\\\/formacion-la-escuela-de-organizacion-industrial-y-la-asociacion-empresarial-eolica-firman-un-acuerdo-para-el-lanzamiento-del-i-programa-ejecutivo-en-energia-eolica-marina\\\/#primaryimage\"},\"thumbnailUrl\":\"https:\\\/\\\/aeeolica.org\\\/wp-content\\\/uploads\\\/2023\\\/07\\\/Viento-y-mar-la-fusion-perfecta-Gregorio-Hernandez-Garcia-scaled.jpg\",\"datePublished\":\"2023-07-17T11:56:28+00:00\",\"dateModified\":\"2023-07-17T11:56:30+00:00\",\"breadcrumb\":{\"@id\":\"https:\\\/\\\/aeeolica.org\\\/formacion-la-escuela-de-organizacion-industrial-y-la-asociacion-empresarial-eolica-firman-un-acuerdo-para-el-lanzamiento-del-i-programa-ejecutivo-en-energia-eolica-marina\\\/#breadcrumb\"},\"inLanguage\":\"en-US\",\"potentialAction\":[{\"@type\":\"ReadAction\",\"target\":[\"https:\\\/\\\/aeeolica.org\\\/formacion-la-escuela-de-organizacion-industrial-y-la-asociacion-empresarial-eolica-firman-un-acuerdo-para-el-lanzamiento-del-i-programa-ejecutivo-en-energia-eolica-marina\\\/\"]}]},{\"@type\":\"ImageObject\",\"inLanguage\":\"en-US\",\"@id\":\"https:\\\/\\\/aeeolica.org\\\/formacion-la-escuela-de-organizacion-industrial-y-la-asociacion-empresarial-eolica-firman-un-acuerdo-para-el-lanzamiento-del-i-programa-ejecutivo-en-energia-eolica-marina\\\/#primaryimage\",\"url\":\"https:\\\/\\\/aeeolica.org\\\/wp-content\\\/uploads\\\/2023\\\/07\\\/Viento-y-mar-la-fusion-perfecta-Gregorio-Hernandez-Garcia-scaled.jpg\",\"contentUrl\":\"https:\\\/\\\/aeeolica.org\\\/wp-content\\\/uploads\\\/2023\\\/07\\\/Viento-y-mar-la-fusion-perfecta-Gregorio-Hernandez-Garcia-scaled.jpg\",\"width\":2560,\"height\":1440,\"caption\":\"default\"},{\"@type\":\"BreadcrumbList\",\"@id\":\"https:\\\/\\\/aeeolica.org\\\/formacion-la-escuela-de-organizacion-industrial-y-la-asociacion-empresarial-eolica-firman-un-acuerdo-para-el-lanzamiento-del-i-programa-ejecutivo-en-energia-eolica-marina\\\/#breadcrumb\",\"itemListElement\":[{\"@type\":\"ListItem\",\"position\":1,\"name\":\"Portada\",\"item\":\"https:\\\/\\\/aeeolica.org\\\/en\\\/inicio\\\/\"},{\"@type\":\"ListItem\",\"position\":2,\"name\":\"FORMACI\u00d3N. La Escuela de Organizaci\u00f3n Industrial y la Asociaci\u00f3n Empresarial E\u00f3lica firman un acuerdo para el lanzamiento del I Programa Ejecutivo en Energ\u00eda E\u00f3lica Marina\"}]},{\"@type\":\"WebSite\",\"@id\":\"https:\\\/\\\/aeeolica.org\\\/#website\",\"url\":\"https:\\\/\\\/aeeolica.org\\\/\",\"name\":\"Asociaci\u00f3n Empresarial E\u00f3lica\",\"description\":\"AEE Asociaci\u00f3n Empresarial E\u00f3lica\",\"publisher\":{\"@id\":\"https:\\\/\\\/aeeolica.org\\\/#organization\"},\"potentialAction\":[{\"@type\":\"SearchAction\",\"target\":{\"@type\":\"EntryPoint\",\"urlTemplate\":\"https:\\\/\\\/aeeolica.org\\\/?s={search_term_string}\"},\"query-input\":{\"@type\":\"PropertyValueSpecification\",\"valueRequired\":true,\"valueName\":\"search_term_string\"}}],\"inLanguage\":\"en-US\"},{\"@type\":\"Organization\",\"@id\":\"https:\\\/\\\/aeeolica.org\\\/#organization\",\"name\":\"Asociaci\u00f3n Empresarial E\u00f3lica\",\"url\":\"https:\\\/\\\/aeeolica.org\\\/\",\"logo\":{\"@type\":\"ImageObject\",\"inLanguage\":\"en-US\",\"@id\":\"https:\\\/\\\/aeeolica.org\\\/#\\\/schema\\\/logo\\\/image\\\/\",\"url\":\"https:\\\/\\\/aeeolica.org\\\/wp-content\\\/uploads\\\/2021\\\/08\\\/logo-aee.png\",\"contentUrl\":\"https:\\\/\\\/aeeolica.org\\\/wp-content\\\/uploads\\\/2021\\\/08\\\/logo-aee.png\",\"width\":180,\"height\":78,\"caption\":\"Asociaci\u00f3n Empresarial E\u00f3lica\"},\"image\":{\"@id\":\"https:\\\/\\\/aeeolica.org\\\/#\\\/schema\\\/logo\\\/image\\\/\"},\"sameAs\":[\"https:\\\/\\\/www.facebook.com\\\/aeeolica\",\"https:\\\/\\\/x.com\\\/aeeolica\",\"https:\\\/\\\/www.instagram.com\\\/aeeolica\\\/\",\"https:\\\/\\\/www.linkedin.com\\\/in\\\/aee-asociaci\u00f3n-empresarial-e\u00f3lica-6830946b\\\/\",\"https:\\\/\\\/www.youtube.com\\\/user\\\/AEEolica\"]},{\"@type\":\"Person\",\"@id\":\"https:\\\/\\\/aeeolica.org\\\/#\\\/schema\\\/person\\\/b5ecb492612b1654978b85c5c4243ac6\",\"name\":\"N\u00fa\u00f1ez L\u00f3pez, Mar\u00eda Pilar\",\"image\":{\"@type\":\"ImageObject\",\"inLanguage\":\"en-US\",\"@id\":\"https:\\\/\\\/secure.gravatar.com\\\/avatar\\\/f665c7f765beb4b5db2dd05443b6ba69a93efb91972e93537da373ba960b00ba?s=96&d=mm&r=g\",\"url\":\"https:\\\/\\\/secure.gravatar.com\\\/avatar\\\/f665c7f765beb4b5db2dd05443b6ba69a93efb91972e93537da373ba960b00ba?s=96&d=mm&r=g\",\"contentUrl\":\"https:\\\/\\\/secure.gravatar.com\\\/avatar\\\/f665c7f765beb4b5db2dd05443b6ba69a93efb91972e93537da373ba960b00ba?s=96&d=mm&r=g\",\"caption\":\"N\u00fa\u00f1ez L\u00f3pez, Mar\u00eda Pilar\"},\"url\":\"https:\\\/\\\/aeeolica.org\\\/en\\\/author\\\/pnunezaeeolica-org\\\/\"}]}<\/script>\n<!-- \/ Yoast SEO plugin. -->","yoast_head_json":{"title":"FORMACI\u00d3N. La Escuela de Organizaci\u00f3n Industrial y la Asociaci\u00f3n Empresarial E\u00f3lica firman un acuerdo para el lanzamiento del I Programa Ejecutivo en Energ\u00eda E\u00f3lica Marina - Asociaci\u00f3n Empresarial E\u00f3lica","robots":{"index":"index","follow":"follow","max-snippet":"max-snippet:-1","max-image-preview":"max-image-preview:large","max-video-preview":"max-video-preview:-1"},"canonical":"https:\/\/aeeolica.org\/formacion-la-escuela-de-organizacion-industrial-y-la-asociacion-empresarial-eolica-firman-un-acuerdo-para-el-lanzamiento-del-i-programa-ejecutivo-en-energia-eolica-marina\/","og_locale":"en_US","og_type":"article","og_title":"FORMACI\u00d3N. La Escuela de Organizaci\u00f3n Industrial y la Asociaci\u00f3n Empresarial E\u00f3lica firman un acuerdo para el lanzamiento del I Programa Ejecutivo en Energ\u00eda E\u00f3lica Marina - Asociaci\u00f3n Empresarial E\u00f3lica","og_description":"El presidente de\u00a0AEE,\u00a0Juan Diego D\u00edaz, durante la sesi\u00f3n de inauguraci\u00f3n del Congreso E\u00f3lico 2023, ha destacado que el PNIEC otorga a la energ\u00eda e\u00f3lica un papel l\u00edder en la transici\u00f3n energ\u00e9tica como primera tecnolog\u00eda del sistema en 2030. Sobre el borrador de actualizaci\u00f3n de este Plan, que public\u00f3 ayer el Gobierno, Juan Diego D\u00edaz ha afirmado que \u201clos nuevos objetivos para la e\u00f3lica son coherentes con las peticiones que el sector viene realizando y tenemos el potencial para abordarlos. Hay un reto por delante, que es la integraci\u00f3n de las renovables en el sistema, y para enfrentarlo es necesario que la demanda de electricidad se incremente a un ritmo adecuado para hacer posible la incorporaci\u00f3n de los 62 GW e\u00f3licos a 2030, incluyendo 3 GW de offshore. Ahora se hace m\u00e1s necesario si cabe que antes agilizar la tramitaci\u00f3n de los proyectos y avanzar con su instalaci\u00f3n a\u00f1o a a\u00f1o\u201d","og_url":"https:\/\/aeeolica.org\/formacion-la-escuela-de-organizacion-industrial-y-la-asociacion-empresarial-eolica-firman-un-acuerdo-para-el-lanzamiento-del-i-programa-ejecutivo-en-energia-eolica-marina\/","og_site_name":"Asociaci\u00f3n Empresarial E\u00f3lica","article_publisher":"https:\/\/www.facebook.com\/aeeolica","article_published_time":"2023-07-17T11:56:28+00:00","article_modified_time":"2023-07-17T11:56:30+00:00","og_image":[{"width":2560,"height":1440,"url":"https:\/\/aeeolica.org\/wp-content\/uploads\/2023\/07\/Viento-y-mar-la-fusion-perfecta-Gregorio-Hernandez-Garcia-scaled.jpg","type":"image\/jpeg"}],"author":"N\u00fa\u00f1ez L\u00f3pez, Mar\u00eda Pilar","twitter_card":"summary_large_image","twitter_creator":"@aeeolica","twitter_site":"@aeeolica","twitter_misc":{"Written by":"N\u00fa\u00f1ez L\u00f3pez, Mar\u00eda Pilar","Est. reading time":"4 minutes"},"schema":{"@context":"https:\/\/schema.org","@graph":[{"@type":"Article","@id":"https:\/\/aeeolica.org\/formacion-la-escuela-de-organizacion-industrial-y-la-asociacion-empresarial-eolica-firman-un-acuerdo-para-el-lanzamiento-del-i-programa-ejecutivo-en-energia-eolica-marina\/#article","isPartOf":{"@id":"https:\/\/aeeolica.org\/formacion-la-escuela-de-organizacion-industrial-y-la-asociacion-empresarial-eolica-firman-un-acuerdo-para-el-lanzamiento-del-i-programa-ejecutivo-en-energia-eolica-marina\/"},"author":{"name":"N\u00fa\u00f1ez L\u00f3pez, Mar\u00eda Pilar","@id":"https:\/\/aeeolica.org\/#\/schema\/person\/b5ecb492612b1654978b85c5c4243ac6"},"headline":"FORMACI\u00d3N. La Escuela de Organizaci\u00f3n Industrial y la Asociaci\u00f3n Empresarial E\u00f3lica firman un acuerdo para el lanzamiento del I Programa Ejecutivo en Energ\u00eda E\u00f3lica Marina","datePublished":"2023-07-17T11:56:28+00:00","dateModified":"2023-07-17T11:56:30+00:00","mainEntityOfPage":{"@id":"https:\/\/aeeolica.org\/formacion-la-escuela-de-organizacion-industrial-y-la-asociacion-empresarial-eolica-firman-un-acuerdo-para-el-lanzamiento-del-i-programa-ejecutivo-en-energia-eolica-marina\/"},"wordCount":992,"commentCount":0,"publisher":{"@id":"https:\/\/aeeolica.org\/#organization"},"image":{"@id":"https:\/\/aeeolica.org\/formacion-la-escuela-de-organizacion-industrial-y-la-asociacion-empresarial-eolica-firman-un-acuerdo-para-el-lanzamiento-del-i-programa-ejecutivo-en-energia-eolica-marina\/#primaryimage"},"thumbnailUrl":"https:\/\/aeeolica.org\/wp-content\/uploads\/2023\/07\/Viento-y-mar-la-fusion-perfecta-Gregorio-Hernandez-Garcia-scaled.jpg","articleSection":["Notas de Prensa a\u00f1o 2023"],"inLanguage":"en-US","potentialAction":[{"@type":"CommentAction","name":"Comment","target":["https:\/\/aeeolica.org\/formacion-la-escuela-de-organizacion-industrial-y-la-asociacion-empresarial-eolica-firman-un-acuerdo-para-el-lanzamiento-del-i-programa-ejecutivo-en-energia-eolica-marina\/#respond"]}]},{"@type":"WebPage","@id":"https:\/\/aeeolica.org\/formacion-la-escuela-de-organizacion-industrial-y-la-asociacion-empresarial-eolica-firman-un-acuerdo-para-el-lanzamiento-del-i-programa-ejecutivo-en-energia-eolica-marina\/","url":"https:\/\/aeeolica.org\/formacion-la-escuela-de-organizacion-industrial-y-la-asociacion-empresarial-eolica-firman-un-acuerdo-para-el-lanzamiento-del-i-programa-ejecutivo-en-energia-eolica-marina\/","name":"FORMACI\u00d3N. La Escuela de Organizaci\u00f3n Industrial y la Asociaci\u00f3n Empresarial E\u00f3lica firman un acuerdo para el lanzamiento del I Programa Ejecutivo en Energ\u00eda E\u00f3lica Marina - Asociaci\u00f3n Empresarial E\u00f3lica","isPartOf":{"@id":"https:\/\/aeeolica.org\/#website"},"primaryImageOfPage":{"@id":"https:\/\/aeeolica.org\/formacion-la-escuela-de-organizacion-industrial-y-la-asociacion-empresarial-eolica-firman-un-acuerdo-para-el-lanzamiento-del-i-programa-ejecutivo-en-energia-eolica-marina\/#primaryimage"},"image":{"@id":"https:\/\/aeeolica.org\/formacion-la-escuela-de-organizacion-industrial-y-la-asociacion-empresarial-eolica-firman-un-acuerdo-para-el-lanzamiento-del-i-programa-ejecutivo-en-energia-eolica-marina\/#primaryimage"},"thumbnailUrl":"https:\/\/aeeolica.org\/wp-content\/uploads\/2023\/07\/Viento-y-mar-la-fusion-perfecta-Gregorio-Hernandez-Garcia-scaled.jpg","datePublished":"2023-07-17T11:56:28+00:00","dateModified":"2023-07-17T11:56:30+00:00","breadcrumb":{"@id":"https:\/\/aeeolica.org\/formacion-la-escuela-de-organizacion-industrial-y-la-asociacion-empresarial-eolica-firman-un-acuerdo-para-el-lanzamiento-del-i-programa-ejecutivo-en-energia-eolica-marina\/#breadcrumb"},"inLanguage":"en-US","potentialAction":[{"@type":"ReadAction","target":["https:\/\/aeeolica.org\/formacion-la-escuela-de-organizacion-industrial-y-la-asociacion-empresarial-eolica-firman-un-acuerdo-para-el-lanzamiento-del-i-programa-ejecutivo-en-energia-eolica-marina\/"]}]},{"@type":"ImageObject","inLanguage":"en-US","@id":"https:\/\/aeeolica.org\/formacion-la-escuela-de-organizacion-industrial-y-la-asociacion-empresarial-eolica-firman-un-acuerdo-para-el-lanzamiento-del-i-programa-ejecutivo-en-energia-eolica-marina\/#primaryimage","url":"https:\/\/aeeolica.org\/wp-content\/uploads\/2023\/07\/Viento-y-mar-la-fusion-perfecta-Gregorio-Hernandez-Garcia-scaled.jpg","contentUrl":"https:\/\/aeeolica.org\/wp-content\/uploads\/2023\/07\/Viento-y-mar-la-fusion-perfecta-Gregorio-Hernandez-Garcia-scaled.jpg","width":2560,"height":1440,"caption":"default"},{"@type":"BreadcrumbList","@id":"https:\/\/aeeolica.org\/formacion-la-escuela-de-organizacion-industrial-y-la-asociacion-empresarial-eolica-firman-un-acuerdo-para-el-lanzamiento-del-i-programa-ejecutivo-en-energia-eolica-marina\/#breadcrumb","itemListElement":[{"@type":"ListItem","position":1,"name":"Portada","item":"https:\/\/aeeolica.org\/en\/inicio\/"},{"@type":"ListItem","position":2,"name":"FORMACI\u00d3N. La Escuela de Organizaci\u00f3n Industrial y la Asociaci\u00f3n Empresarial E\u00f3lica firman un acuerdo para el lanzamiento del I Programa Ejecutivo en Energ\u00eda E\u00f3lica Marina"}]},{"@type":"WebSite","@id":"https:\/\/aeeolica.org\/#website","url":"https:\/\/aeeolica.org\/","name":"Asociaci\u00f3n Empresarial E\u00f3lica","description":"AEE Asociaci\u00f3n Empresarial E\u00f3lica","publisher":{"@id":"https:\/\/aeeolica.org\/#organization"},"potentialAction":[{"@type":"SearchAction","target":{"@type":"EntryPoint","urlTemplate":"https:\/\/aeeolica.org\/?s={search_term_string}"},"query-input":{"@type":"PropertyValueSpecification","valueRequired":true,"valueName":"search_term_string"}}],"inLanguage":"en-US"},{"@type":"Organization","@id":"https:\/\/aeeolica.org\/#organization","name":"Asociaci\u00f3n Empresarial E\u00f3lica","url":"https:\/\/aeeolica.org\/","logo":{"@type":"ImageObject","inLanguage":"en-US","@id":"https:\/\/aeeolica.org\/#\/schema\/logo\/image\/","url":"https:\/\/aeeolica.org\/wp-content\/uploads\/2021\/08\/logo-aee.png","contentUrl":"https:\/\/aeeolica.org\/wp-content\/uploads\/2021\/08\/logo-aee.png","width":180,"height":78,"caption":"Asociaci\u00f3n Empresarial E\u00f3lica"},"image":{"@id":"https:\/\/aeeolica.org\/#\/schema\/logo\/image\/"},"sameAs":["https:\/\/www.facebook.com\/aeeolica","https:\/\/x.com\/aeeolica","https:\/\/www.instagram.com\/aeeolica\/","https:\/\/www.linkedin.com\/in\/aee-asociaci\u00f3n-empresarial-e\u00f3lica-6830946b\/","https:\/\/www.youtube.com\/user\/AEEolica"]},{"@type":"Person","@id":"https:\/\/aeeolica.org\/#\/schema\/person\/b5ecb492612b1654978b85c5c4243ac6","name":"N\u00fa\u00f1ez L\u00f3pez, Mar\u00eda Pilar","image":{"@type":"ImageObject","inLanguage":"en-US","@id":"https:\/\/secure.gravatar.com\/avatar\/f665c7f765beb4b5db2dd05443b6ba69a93efb91972e93537da373ba960b00ba?s=96&d=mm&r=g","url":"https:\/\/secure.gravatar.com\/avatar\/f665c7f765beb4b5db2dd05443b6ba69a93efb91972e93537da373ba960b00ba?s=96&d=mm&r=g","contentUrl":"https:\/\/secure.gravatar.com\/avatar\/f665c7f765beb4b5db2dd05443b6ba69a93efb91972e93537da373ba960b00ba?s=96&d=mm&r=g","caption":"N\u00fa\u00f1ez L\u00f3pez, Mar\u00eda Pilar"},"url":"https:\/\/aeeolica.org\/en\/author\/pnunezaeeolica-org\/"}]}},"_links":{"self":[{"href":"https:\/\/aeeolica.org\/en\/wp-json\/wp\/v2\/posts\/164011","targetHints":{"allow":["GET"]}}],"collection":[{"href":"https:\/\/aeeolica.org\/en\/wp-json\/wp\/v2\/posts"}],"about":[{"href":"https:\/\/aeeolica.org\/en\/wp-json\/wp\/v2\/types\/post"}],"author":[{"embeddable":true,"href":"https:\/\/aeeolica.org\/en\/wp-json\/wp\/v2\/users\/3"}],"replies":[{"embeddable":true,"href":"https:\/\/aeeolica.org\/en\/wp-json\/wp\/v2\/comments?post=164011"}],"version-history":[{"count":0,"href":"https:\/\/aeeolica.org\/en\/wp-json\/wp\/v2\/posts\/164011\/revisions"}],"wp:featuredmedia":[{"embeddable":true,"href":"https:\/\/aeeolica.org\/en\/wp-json\/wp\/v2\/media\/164015"}],"wp:attachment":[{"href":"https:\/\/aeeolica.org\/en\/wp-json\/wp\/v2\/media?parent=164011"}],"wp:term":[{"taxonomy":"category","embeddable":true,"href":"https:\/\/aeeolica.org\/en\/wp-json\/wp\/v2\/categories?post=164011"},{"taxonomy":"post_tag","embeddable":true,"href":"https:\/\/aeeolica.org\/en\/wp-json\/wp\/v2\/tags?post=164011"}],"curies":[{"name":"wp","href":"https:\/\/api.w.org\/{rel}","templated":true}]}}