{"id":166075,"date":"2023-07-28T14:01:24","date_gmt":"2023-07-28T12:01:24","guid":{"rendered":"https:\/\/aeeolica.org\/?p=166075"},"modified":"2023-07-28T14:01:26","modified_gmt":"2023-07-28T12:01:26","slug":"liquidacion-5-2023-el-sistema-electrico-tiene-un-superavit-provisional-de-2-760-millones-de-euros","status":"publish","type":"post","link":"https:\/\/aeeolica.org\/en\/liquidacion-5-2023-el-sistema-electrico-tiene-un-superavit-provisional-de-2-760-millones-de-euros\/","title":{"rendered":"Liquidaci\u00f3n 5\/2023: el sistema el\u00e9ctrico tiene un super\u00e1vit provisional de 2.760 millones de euros"},"content":{"rendered":"\n<p>La CNMC ha publicado la Liquidaci\u00f3n provisional 5\/2023 para las instalaciones renovables y del sector el\u00e9ctrico. En esta liquidaci\u00f3n, el sistema el\u00e9ctrico tiene un super\u00e1vit provisional de 2.760 millones de euros.<\/p>\n\n\n\n<p>Liquidaci\u00f3n 5\/2023 sector el\u00e9ctrico:<\/p>\n\n\n\n<p>En esta liquidaci\u00f3n provisional 5\/2023 los ingresos han sido muy superiores a los costes que se deb\u00edan retribuir con cargo a las liquidaciones. La desviaci\u00f3n transitoria entre ingresos y costes registrada en la liquidaci\u00f3n 5\/2023 ha sido de 2.760 millones de euros (una reducci\u00f3n de 567 M \u20ac respecto a la anterior liquidaci\u00f3n).<\/p>\n\n\n\n<p>El total de ingresos ha sido de 9.047 millones de euros, mientras los costes se han elevado a 6.286 millones (aunque una vez que se aplique la OM 741\/2023 de par\u00e1metros 2023-2025 se reducir\u00e1 considerablemente esta cifra). El coeficiente de cobertura ha sido del 143%.<\/p>\n\n\n\n<p>Liquidaci\u00f3n 5\/2023 instalaciones de energ\u00edas renovables (e\u00f3licas):<\/p>\n\n\n\n<p>La CNMC ha seguido liquidando el mes de mayo de 2023 con los valores de la Orden de Par\u00e1metros de 2022: \u201cDado que provisionalmente se est\u00e1n utilizando par\u00e1metros de 2022 es necesario seguir aplicando el ajuste debido a la suspensi\u00f3n del IVPEE seg\u00fan lo establecido en la disposici\u00f3n adicional primera del Real Decreto-ley 11\/2022\u201d.<\/p>\n\n\n\n<p>Por ello, aunque seg\u00fan la Orden TED\/741\/2023 de par\u00e1metros 2023-2025, s\u00f3lo algunas instalaciones e\u00f3licas inferiores a 5 MW percibir\u00e1n ingreso regulado (RINV), se han liquidado 30 M \u20ac a favor de las instalaciones e\u00f3licas (los cuales se han pagado a cuenta \u00edntegramente al ser el coeficiente de cobertura un 143%), con un total acumulado hasta mayo de 141 M \u20ac.<\/p>\n\n\n\n<p>El coste total del RECORE para los consumidores el\u00e9ctricos hasta mayo ha sido de 2.235 M \u20ac (aunque una vez que se aplique la OM 741\/2023 se reducir\u00e1 considerablemente esta cifra). Por el momento, la retribuci\u00f3n total del RECORE hasta mayo s\u00f3lo ha sido un 1,75% inferior a mayo de 2022, y un 12,4% menos que en mayo de 2020. (En el caso de la e\u00f3lica la disminuci\u00f3n es del -62,2% respecto a 2022)<\/p>\n\n\n\n<p>La Nota de Prensa y los informes de las Liquidaciones de renovables se pueden consultar <a href=\"https:\/\/www.cnmc.es\/prensa\/liquidaciones-52023se-82023sg-cnmc20230727\" target=\"_blank\" rel=\"noreferrer noopener\">aqu\u00ed<\/a>. La CNMC no ha publicado los informes de las liquidaciones del sector el\u00e9ctrico (salvo el 14 y el Definitivo) desde 2021.<\/p>\n","protected":false},"excerpt":{"rendered":"<p>La CNMC ha publicado la Liquidaci\u00f3n provisional 5\/2023 para las instalaciones renovables y del sector el\u00e9ctrico. En esta liquidaci\u00f3n, el sistema el\u00e9ctrico tiene un super\u00e1vit provisional de 2.760 millones de [&hellip;]<\/p>\n","protected":false},"author":2,"featured_media":0,"comment_status":"open","ping_status":"open","sticky":false,"template":"","format":"standard","meta":{"_acf_changed":false,"_bbp_topic_count":0,"_bbp_reply_count":0,"_bbp_total_topic_count":0,"_bbp_total_reply_count":0,"_bbp_voice_count":0,"_bbp_anonymous_reply_count":0,"_bbp_topic_count_hidden":0,"_bbp_reply_count_hidden":0,"_bbp_forum_subforum_count":0,"_et_pb_use_builder":"","_et_pb_old_content":"","_et_gb_content_width":"","footnotes":""},"categories":[266],"tags":[],"class_list":["post-166075","post","type-post","status-publish","format-standard","hentry","category-boletin-aee-informa"],"acf":[],"yoast_head":"<!-- This site is optimized with the Yoast SEO plugin v27.4 - https:\/\/yoast.com\/product\/yoast-seo-wordpress\/ -->\n<title>Liquidaci\u00f3n 5\/2023: el sistema el\u00e9ctrico tiene un super\u00e1vit provisional de 2.760 millones de euros - Asociaci\u00f3n Empresarial E\u00f3lica<\/title>\n<meta name=\"robots\" content=\"noindex, nofollow\" \/>\n<meta property=\"og:locale\" content=\"en_US\" \/>\n<meta property=\"og:type\" content=\"article\" \/>\n<meta property=\"og:title\" content=\"Liquidaci\u00f3n 5\/2023: el sistema el\u00e9ctrico tiene un super\u00e1vit provisional de 2.760 millones de euros - Asociaci\u00f3n Empresarial E\u00f3lica\" \/>\n<meta property=\"og:description\" content=\"La CNMC ha publicado la Liquidaci\u00f3n provisional 5\/2023 para las instalaciones renovables y del sector el\u00e9ctrico. En esta liquidaci\u00f3n, el sistema el\u00e9ctrico tiene un super\u00e1vit provisional de 2.760 millones de [&hellip;]\" \/>\n<meta property=\"og:url\" content=\"https:\/\/aeeolica.org\/liquidacion-5-2023-el-sistema-electrico-tiene-un-superavit-provisional-de-2-760-millones-de-euros\/\" \/>\n<meta property=\"og:site_name\" content=\"Asociaci\u00f3n Empresarial E\u00f3lica\" \/>\n<meta property=\"article:publisher\" content=\"https:\/\/www.facebook.com\/aeeolica\" \/>\n<meta property=\"article:published_time\" content=\"2023-07-28T12:01:24+00:00\" \/>\n<meta property=\"article:modified_time\" content=\"2023-07-28T12:01:26+00:00\" \/>\n<meta name=\"author\" content=\"Morante D\u00edaz, Mar\u00eda del Mar\" \/>\n<meta name=\"twitter:card\" content=\"summary_large_image\" \/>\n<meta name=\"twitter:creator\" content=\"@aeeolica\" \/>\n<meta name=\"twitter:site\" content=\"@aeeolica\" \/>\n<meta name=\"twitter:label1\" content=\"Written by\" \/>\n\t<meta name=\"twitter:data1\" content=\"Morante D\u00edaz, Mar\u00eda del Mar\" \/>\n\t<meta name=\"twitter:label2\" content=\"Est. reading time\" \/>\n\t<meta name=\"twitter:data2\" content=\"2 minutes\" \/>\n<script type=\"application\/ld+json\" class=\"yoast-schema-graph\">{\"@context\":\"https:\\\/\\\/schema.org\",\"@graph\":[{\"@type\":\"Article\",\"@id\":\"https:\\\/\\\/aeeolica.org\\\/liquidacion-5-2023-el-sistema-electrico-tiene-un-superavit-provisional-de-2-760-millones-de-euros\\\/#article\",\"isPartOf\":{\"@id\":\"https:\\\/\\\/aeeolica.org\\\/liquidacion-5-2023-el-sistema-electrico-tiene-un-superavit-provisional-de-2-760-millones-de-euros\\\/\"},\"author\":{\"name\":\"Morante D\u00edaz, Mar\u00eda del Mar\",\"@id\":\"https:\\\/\\\/aeeolica.org\\\/#\\\/schema\\\/person\\\/064b26f21f7ed52e0b3854e6b52f9772\"},\"headline\":\"Liquidaci\u00f3n 5\\\/2023: el sistema el\u00e9ctrico tiene un super\u00e1vit provisional de 2.760 millones de euros\",\"datePublished\":\"2023-07-28T12:01:24+00:00\",\"dateModified\":\"2023-07-28T12:01:26+00:00\",\"mainEntityOfPage\":{\"@id\":\"https:\\\/\\\/aeeolica.org\\\/liquidacion-5-2023-el-sistema-electrico-tiene-un-superavit-provisional-de-2-760-millones-de-euros\\\/\"},\"wordCount\":382,\"commentCount\":0,\"publisher\":{\"@id\":\"https:\\\/\\\/aeeolica.org\\\/#organization\"},\"articleSection\":[\"Bolet\u00edn AEE Informa\"],\"inLanguage\":\"en-US\",\"potentialAction\":[{\"@type\":\"CommentAction\",\"name\":\"Comment\",\"target\":[\"https:\\\/\\\/aeeolica.org\\\/liquidacion-5-2023-el-sistema-electrico-tiene-un-superavit-provisional-de-2-760-millones-de-euros\\\/#respond\"]}]},{\"@type\":\"WebPage\",\"@id\":\"https:\\\/\\\/aeeolica.org\\\/liquidacion-5-2023-el-sistema-electrico-tiene-un-superavit-provisional-de-2-760-millones-de-euros\\\/\",\"url\":\"https:\\\/\\\/aeeolica.org\\\/liquidacion-5-2023-el-sistema-electrico-tiene-un-superavit-provisional-de-2-760-millones-de-euros\\\/\",\"name\":\"Liquidaci\u00f3n 5\\\/2023: el sistema el\u00e9ctrico tiene un super\u00e1vit provisional de 2.760 millones de euros - Asociaci\u00f3n Empresarial E\u00f3lica\",\"isPartOf\":{\"@id\":\"https:\\\/\\\/aeeolica.org\\\/#website\"},\"datePublished\":\"2023-07-28T12:01:24+00:00\",\"dateModified\":\"2023-07-28T12:01:26+00:00\",\"breadcrumb\":{\"@id\":\"https:\\\/\\\/aeeolica.org\\\/liquidacion-5-2023-el-sistema-electrico-tiene-un-superavit-provisional-de-2-760-millones-de-euros\\\/#breadcrumb\"},\"inLanguage\":\"en-US\",\"potentialAction\":[{\"@type\":\"ReadAction\",\"target\":[\"https:\\\/\\\/aeeolica.org\\\/liquidacion-5-2023-el-sistema-electrico-tiene-un-superavit-provisional-de-2-760-millones-de-euros\\\/\"]}]},{\"@type\":\"BreadcrumbList\",\"@id\":\"https:\\\/\\\/aeeolica.org\\\/liquidacion-5-2023-el-sistema-electrico-tiene-un-superavit-provisional-de-2-760-millones-de-euros\\\/#breadcrumb\",\"itemListElement\":[{\"@type\":\"ListItem\",\"position\":1,\"name\":\"Portada\",\"item\":\"https:\\\/\\\/aeeolica.org\\\/en\\\/inicio\\\/\"},{\"@type\":\"ListItem\",\"position\":2,\"name\":\"Liquidaci\u00f3n 5\\\/2023: el sistema el\u00e9ctrico tiene un super\u00e1vit provisional de 2.760 millones de euros\"}]},{\"@type\":\"WebSite\",\"@id\":\"https:\\\/\\\/aeeolica.org\\\/#website\",\"url\":\"https:\\\/\\\/aeeolica.org\\\/\",\"name\":\"Asociaci\u00f3n Empresarial E\u00f3lica\",\"description\":\"AEE Asociaci\u00f3n Empresarial E\u00f3lica\",\"publisher\":{\"@id\":\"https:\\\/\\\/aeeolica.org\\\/#organization\"},\"potentialAction\":[{\"@type\":\"SearchAction\",\"target\":{\"@type\":\"EntryPoint\",\"urlTemplate\":\"https:\\\/\\\/aeeolica.org\\\/?s={search_term_string}\"},\"query-input\":{\"@type\":\"PropertyValueSpecification\",\"valueRequired\":true,\"valueName\":\"search_term_string\"}}],\"inLanguage\":\"en-US\"},{\"@type\":\"Organization\",\"@id\":\"https:\\\/\\\/aeeolica.org\\\/#organization\",\"name\":\"Asociaci\u00f3n Empresarial E\u00f3lica\",\"url\":\"https:\\\/\\\/aeeolica.org\\\/\",\"logo\":{\"@type\":\"ImageObject\",\"inLanguage\":\"en-US\",\"@id\":\"https:\\\/\\\/aeeolica.org\\\/#\\\/schema\\\/logo\\\/image\\\/\",\"url\":\"https:\\\/\\\/aeeolica.org\\\/wp-content\\\/uploads\\\/2021\\\/08\\\/logo-aee.png\",\"contentUrl\":\"https:\\\/\\\/aeeolica.org\\\/wp-content\\\/uploads\\\/2021\\\/08\\\/logo-aee.png\",\"width\":180,\"height\":78,\"caption\":\"Asociaci\u00f3n Empresarial E\u00f3lica\"},\"image\":{\"@id\":\"https:\\\/\\\/aeeolica.org\\\/#\\\/schema\\\/logo\\\/image\\\/\"},\"sameAs\":[\"https:\\\/\\\/www.facebook.com\\\/aeeolica\",\"https:\\\/\\\/x.com\\\/aeeolica\",\"https:\\\/\\\/www.instagram.com\\\/aeeolica\\\/\",\"https:\\\/\\\/www.linkedin.com\\\/in\\\/aee-asociaci\u00f3n-empresarial-e\u00f3lica-6830946b\\\/\",\"https:\\\/\\\/www.youtube.com\\\/user\\\/AEEolica\"]},{\"@type\":\"Person\",\"@id\":\"https:\\\/\\\/aeeolica.org\\\/#\\\/schema\\\/person\\\/064b26f21f7ed52e0b3854e6b52f9772\",\"name\":\"Morante D\u00edaz, Mar\u00eda del Mar\",\"image\":{\"@type\":\"ImageObject\",\"inLanguage\":\"en-US\",\"@id\":\"https:\\\/\\\/secure.gravatar.com\\\/avatar\\\/8bfd23e1c4bf5aa0b9314f1c5c9d644e62672831e6a512513954c3f15dffdd5a?s=96&d=mm&r=g\",\"url\":\"https:\\\/\\\/secure.gravatar.com\\\/avatar\\\/8bfd23e1c4bf5aa0b9314f1c5c9d644e62672831e6a512513954c3f15dffdd5a?s=96&d=mm&r=g\",\"contentUrl\":\"https:\\\/\\\/secure.gravatar.com\\\/avatar\\\/8bfd23e1c4bf5aa0b9314f1c5c9d644e62672831e6a512513954c3f15dffdd5a?s=96&d=mm&r=g\",\"caption\":\"Morante D\u00edaz, Mar\u00eda del Mar\"},\"url\":\"https:\\\/\\\/aeeolica.org\\\/en\\\/author\\\/mar\\\/\"}]}<\/script>\n<!-- \/ Yoast SEO plugin. -->","yoast_head_json":{"title":"Liquidaci\u00f3n 5\/2023: el sistema el\u00e9ctrico tiene un super\u00e1vit provisional de 2.760 millones de euros - Asociaci\u00f3n Empresarial E\u00f3lica","robots":{"index":"noindex","follow":"nofollow"},"og_locale":"en_US","og_type":"article","og_title":"Liquidaci\u00f3n 5\/2023: el sistema el\u00e9ctrico tiene un super\u00e1vit provisional de 2.760 millones de euros - Asociaci\u00f3n Empresarial E\u00f3lica","og_description":"La CNMC ha publicado la Liquidaci\u00f3n provisional 5\/2023 para las instalaciones renovables y del sector el\u00e9ctrico. En esta liquidaci\u00f3n, el sistema el\u00e9ctrico tiene un super\u00e1vit provisional de 2.760 millones de [&hellip;]","og_url":"https:\/\/aeeolica.org\/liquidacion-5-2023-el-sistema-electrico-tiene-un-superavit-provisional-de-2-760-millones-de-euros\/","og_site_name":"Asociaci\u00f3n Empresarial E\u00f3lica","article_publisher":"https:\/\/www.facebook.com\/aeeolica","article_published_time":"2023-07-28T12:01:24+00:00","article_modified_time":"2023-07-28T12:01:26+00:00","author":"Morante D\u00edaz, Mar\u00eda del Mar","twitter_card":"summary_large_image","twitter_creator":"@aeeolica","twitter_site":"@aeeolica","twitter_misc":{"Written by":"Morante D\u00edaz, Mar\u00eda del Mar","Est. reading time":"2 minutes"},"schema":{"@context":"https:\/\/schema.org","@graph":[{"@type":"Article","@id":"https:\/\/aeeolica.org\/liquidacion-5-2023-el-sistema-electrico-tiene-un-superavit-provisional-de-2-760-millones-de-euros\/#article","isPartOf":{"@id":"https:\/\/aeeolica.org\/liquidacion-5-2023-el-sistema-electrico-tiene-un-superavit-provisional-de-2-760-millones-de-euros\/"},"author":{"name":"Morante D\u00edaz, Mar\u00eda del Mar","@id":"https:\/\/aeeolica.org\/#\/schema\/person\/064b26f21f7ed52e0b3854e6b52f9772"},"headline":"Liquidaci\u00f3n 5\/2023: el sistema el\u00e9ctrico tiene un super\u00e1vit provisional de 2.760 millones de euros","datePublished":"2023-07-28T12:01:24+00:00","dateModified":"2023-07-28T12:01:26+00:00","mainEntityOfPage":{"@id":"https:\/\/aeeolica.org\/liquidacion-5-2023-el-sistema-electrico-tiene-un-superavit-provisional-de-2-760-millones-de-euros\/"},"wordCount":382,"commentCount":0,"publisher":{"@id":"https:\/\/aeeolica.org\/#organization"},"articleSection":["Bolet\u00edn AEE Informa"],"inLanguage":"en-US","potentialAction":[{"@type":"CommentAction","name":"Comment","target":["https:\/\/aeeolica.org\/liquidacion-5-2023-el-sistema-electrico-tiene-un-superavit-provisional-de-2-760-millones-de-euros\/#respond"]}]},{"@type":"WebPage","@id":"https:\/\/aeeolica.org\/liquidacion-5-2023-el-sistema-electrico-tiene-un-superavit-provisional-de-2-760-millones-de-euros\/","url":"https:\/\/aeeolica.org\/liquidacion-5-2023-el-sistema-electrico-tiene-un-superavit-provisional-de-2-760-millones-de-euros\/","name":"Liquidaci\u00f3n 5\/2023: el sistema el\u00e9ctrico tiene un super\u00e1vit provisional de 2.760 millones de euros - Asociaci\u00f3n Empresarial E\u00f3lica","isPartOf":{"@id":"https:\/\/aeeolica.org\/#website"},"datePublished":"2023-07-28T12:01:24+00:00","dateModified":"2023-07-28T12:01:26+00:00","breadcrumb":{"@id":"https:\/\/aeeolica.org\/liquidacion-5-2023-el-sistema-electrico-tiene-un-superavit-provisional-de-2-760-millones-de-euros\/#breadcrumb"},"inLanguage":"en-US","potentialAction":[{"@type":"ReadAction","target":["https:\/\/aeeolica.org\/liquidacion-5-2023-el-sistema-electrico-tiene-un-superavit-provisional-de-2-760-millones-de-euros\/"]}]},{"@type":"BreadcrumbList","@id":"https:\/\/aeeolica.org\/liquidacion-5-2023-el-sistema-electrico-tiene-un-superavit-provisional-de-2-760-millones-de-euros\/#breadcrumb","itemListElement":[{"@type":"ListItem","position":1,"name":"Portada","item":"https:\/\/aeeolica.org\/en\/inicio\/"},{"@type":"ListItem","position":2,"name":"Liquidaci\u00f3n 5\/2023: el sistema el\u00e9ctrico tiene un super\u00e1vit provisional de 2.760 millones de euros"}]},{"@type":"WebSite","@id":"https:\/\/aeeolica.org\/#website","url":"https:\/\/aeeolica.org\/","name":"Asociaci\u00f3n Empresarial E\u00f3lica","description":"AEE Asociaci\u00f3n Empresarial E\u00f3lica","publisher":{"@id":"https:\/\/aeeolica.org\/#organization"},"potentialAction":[{"@type":"SearchAction","target":{"@type":"EntryPoint","urlTemplate":"https:\/\/aeeolica.org\/?s={search_term_string}"},"query-input":{"@type":"PropertyValueSpecification","valueRequired":true,"valueName":"search_term_string"}}],"inLanguage":"en-US"},{"@type":"Organization","@id":"https:\/\/aeeolica.org\/#organization","name":"Asociaci\u00f3n Empresarial E\u00f3lica","url":"https:\/\/aeeolica.org\/","logo":{"@type":"ImageObject","inLanguage":"en-US","@id":"https:\/\/aeeolica.org\/#\/schema\/logo\/image\/","url":"https:\/\/aeeolica.org\/wp-content\/uploads\/2021\/08\/logo-aee.png","contentUrl":"https:\/\/aeeolica.org\/wp-content\/uploads\/2021\/08\/logo-aee.png","width":180,"height":78,"caption":"Asociaci\u00f3n Empresarial E\u00f3lica"},"image":{"@id":"https:\/\/aeeolica.org\/#\/schema\/logo\/image\/"},"sameAs":["https:\/\/www.facebook.com\/aeeolica","https:\/\/x.com\/aeeolica","https:\/\/www.instagram.com\/aeeolica\/","https:\/\/www.linkedin.com\/in\/aee-asociaci\u00f3n-empresarial-e\u00f3lica-6830946b\/","https:\/\/www.youtube.com\/user\/AEEolica"]},{"@type":"Person","@id":"https:\/\/aeeolica.org\/#\/schema\/person\/064b26f21f7ed52e0b3854e6b52f9772","name":"Morante D\u00edaz, Mar\u00eda del Mar","image":{"@type":"ImageObject","inLanguage":"en-US","@id":"https:\/\/secure.gravatar.com\/avatar\/8bfd23e1c4bf5aa0b9314f1c5c9d644e62672831e6a512513954c3f15dffdd5a?s=96&d=mm&r=g","url":"https:\/\/secure.gravatar.com\/avatar\/8bfd23e1c4bf5aa0b9314f1c5c9d644e62672831e6a512513954c3f15dffdd5a?s=96&d=mm&r=g","contentUrl":"https:\/\/secure.gravatar.com\/avatar\/8bfd23e1c4bf5aa0b9314f1c5c9d644e62672831e6a512513954c3f15dffdd5a?s=96&d=mm&r=g","caption":"Morante D\u00edaz, Mar\u00eda del Mar"},"url":"https:\/\/aeeolica.org\/en\/author\/mar\/"}]}},"_links":{"self":[{"href":"https:\/\/aeeolica.org\/en\/wp-json\/wp\/v2\/posts\/166075","targetHints":{"allow":["GET"]}}],"collection":[{"href":"https:\/\/aeeolica.org\/en\/wp-json\/wp\/v2\/posts"}],"about":[{"href":"https:\/\/aeeolica.org\/en\/wp-json\/wp\/v2\/types\/post"}],"author":[{"embeddable":true,"href":"https:\/\/aeeolica.org\/en\/wp-json\/wp\/v2\/users\/2"}],"replies":[{"embeddable":true,"href":"https:\/\/aeeolica.org\/en\/wp-json\/wp\/v2\/comments?post=166075"}],"version-history":[{"count":0,"href":"https:\/\/aeeolica.org\/en\/wp-json\/wp\/v2\/posts\/166075\/revisions"}],"wp:attachment":[{"href":"https:\/\/aeeolica.org\/en\/wp-json\/wp\/v2\/media?parent=166075"}],"wp:term":[{"taxonomy":"category","embeddable":true,"href":"https:\/\/aeeolica.org\/en\/wp-json\/wp\/v2\/categories?post=166075"},{"taxonomy":"post_tag","embeddable":true,"href":"https:\/\/aeeolica.org\/en\/wp-json\/wp\/v2\/tags?post=166075"}],"curies":[{"name":"wp","href":"https:\/\/api.w.org\/{rel}","templated":true}]}}