{"id":171194,"date":"2023-09-01T12:24:17","date_gmt":"2023-09-01T10:24:17","guid":{"rendered":"https:\/\/aeeolica.org\/?p=171194"},"modified":"2023-09-01T12:24:19","modified_gmt":"2023-09-01T10:24:19","slug":"en-2023-se-han-sumado-mas-de-2-600-mw-nuevos-de-potencia-renovable-siendo-212-mw-de-energia-eolica","status":"publish","type":"post","link":"https:\/\/aeeolica.org\/en\/en-2023-se-han-sumado-mas-de-2-600-mw-nuevos-de-potencia-renovable-siendo-212-mw-de-energia-eolica\/","title":{"rendered":"En 2023 se han sumado m\u00e1s de 2.600 MW nuevos de potencia renovable, siendo 212 MW de energ\u00eda e\u00f3lica"},"content":{"rendered":"\n<p>En lo que llevamos de a\u00f1o, y seg\u00fan datos del operador del sistema, Red El\u00e9ctrica, se han llegado a instalar 2.615 MW de potencia renovable, siendo 212 MW de energ\u00eda e\u00f3lica y 2.403 MW de energ\u00eda solar fotovoltaica. <\/p>\n\n\n\n<p>Estas cifras se suman al total de m\u00e1s de 122.000 MW de potencia renovable instalada en todo el sistema el\u00e9ctrico nacional. Estos nuevos megavatios permiten aprovechar m\u00e1s y mejor los recursos naturales para producir energ\u00eda y avanzar en la Transici\u00f3n Ecol\u00f3gica.<\/p>\n\n\n\n<p>Por tecnolog\u00edas, la e\u00f3lica es la que m\u00e1s capacidad tiene conectada con 30.371 MW, seguido de los ciclos combinados, con 26.250 MW. En tercer lugar la fotovoltaica.\u00a0Ahora mismo, hay 22.380 MW de solar fotovoltaica conectada a la red. A ello hay que sumar los 2.304 MW de termosolar. La hidroel\u00e9ctrica supera los 17.000 MW y la nuclear con algo m\u00e1s de 7.100 MW.<\/p>\n\n\n\n<figure class=\"wp-block-image size-full\"><img decoding=\"async\" width=\"800\" height=\"418\" src=\"https:\/\/aeeolica.org\/wp-content\/uploads\/2023\/09\/REE.png\" alt=\"\" class=\"wp-image-171190\" srcset=\"https:\/\/aeeolica.org\/wp-content\/uploads\/2023\/09\/REE.png 800w, https:\/\/aeeolica.org\/wp-content\/uploads\/2023\/09\/REE-480x251.png 480w\" sizes=\"(min-width: 0px) and (max-width: 480px) 480px, (min-width: 481px) 800px, 100vw\" \/><\/figure>\n\n\n\n<p>Para m\u00e1s informaci\u00f3n, pincha <a href=\"https:\/\/www.ree.es\/es\/datos\/generacion\/potencia-estructura-renovables?start_date=2019-01-01T00:00&amp;end_date=2023-12-31T23:59&amp;time_trunc=year&amp;systemElectric=nacional\">aqu\u00ed<\/a>.<\/p>\n","protected":false},"excerpt":{"rendered":"<p>En lo que llevamos de a\u00f1o, y seg\u00fan datos del operador del sistema, Red El\u00e9ctrica, se han llegado a instalar 2.615 MW de potencia renovable, siendo 212 MW de energ\u00eda [&hellip;]<\/p>\n","protected":false},"author":2,"featured_media":0,"comment_status":"open","ping_status":"open","sticky":false,"template":"","format":"standard","meta":{"_acf_changed":false,"_bbp_topic_count":0,"_bbp_reply_count":0,"_bbp_total_topic_count":0,"_bbp_total_reply_count":0,"_bbp_voice_count":0,"_bbp_anonymous_reply_count":0,"_bbp_topic_count_hidden":0,"_bbp_reply_count_hidden":0,"_bbp_forum_subforum_count":0,"_et_pb_use_builder":"","_et_pb_old_content":"","_et_gb_content_width":"","footnotes":""},"categories":[266],"tags":[],"class_list":["post-171194","post","type-post","status-publish","format-standard","hentry","category-boletin-aee-informa"],"acf":[],"yoast_head":"<!-- This site is optimized with the Yoast SEO plugin v27.4 - https:\/\/yoast.com\/product\/yoast-seo-wordpress\/ -->\n<title>En 2023 se han sumado m\u00e1s de 2.600 MW nuevos de potencia renovable, siendo 212 MW de energ\u00eda e\u00f3lica - Asociaci\u00f3n Empresarial E\u00f3lica<\/title>\n<meta name=\"robots\" content=\"noindex, nofollow\" \/>\n<meta property=\"og:locale\" content=\"en_US\" \/>\n<meta property=\"og:type\" content=\"article\" \/>\n<meta property=\"og:title\" content=\"En 2023 se han sumado m\u00e1s de 2.600 MW nuevos de potencia renovable, siendo 212 MW de energ\u00eda e\u00f3lica - Asociaci\u00f3n Empresarial E\u00f3lica\" \/>\n<meta property=\"og:description\" content=\"En lo que llevamos de a\u00f1o, y seg\u00fan datos del operador del sistema, Red El\u00e9ctrica, se han llegado a instalar 2.615 MW de potencia renovable, siendo 212 MW de energ\u00eda [&hellip;]\" \/>\n<meta property=\"og:url\" content=\"https:\/\/aeeolica.org\/en-2023-se-han-sumado-mas-de-2-600-mw-nuevos-de-potencia-renovable-siendo-212-mw-de-energia-eolica\/\" \/>\n<meta property=\"og:site_name\" content=\"Asociaci\u00f3n Empresarial E\u00f3lica\" \/>\n<meta property=\"article:publisher\" content=\"https:\/\/www.facebook.com\/aeeolica\" \/>\n<meta property=\"article:published_time\" content=\"2023-09-01T10:24:17+00:00\" \/>\n<meta property=\"article:modified_time\" content=\"2023-09-01T10:24:19+00:00\" \/>\n<meta property=\"og:image\" content=\"https:\/\/aeeolica.org\/wp-content\/uploads\/2023\/09\/REE.png\" \/>\n<meta name=\"author\" content=\"Morante D\u00edaz, Mar\u00eda del Mar\" \/>\n<meta name=\"twitter:card\" content=\"summary_large_image\" \/>\n<meta name=\"twitter:creator\" content=\"@aeeolica\" \/>\n<meta name=\"twitter:site\" content=\"@aeeolica\" \/>\n<meta name=\"twitter:label1\" content=\"Written by\" \/>\n\t<meta name=\"twitter:data1\" content=\"Morante D\u00edaz, Mar\u00eda del Mar\" \/>\n\t<meta name=\"twitter:label2\" content=\"Est. reading time\" \/>\n\t<meta name=\"twitter:data2\" content=\"1 minute\" \/>\n<script type=\"application\/ld+json\" class=\"yoast-schema-graph\">{\"@context\":\"https:\\\/\\\/schema.org\",\"@graph\":[{\"@type\":\"Article\",\"@id\":\"https:\\\/\\\/aeeolica.org\\\/en-2023-se-han-sumado-mas-de-2-600-mw-nuevos-de-potencia-renovable-siendo-212-mw-de-energia-eolica\\\/#article\",\"isPartOf\":{\"@id\":\"https:\\\/\\\/aeeolica.org\\\/en-2023-se-han-sumado-mas-de-2-600-mw-nuevos-de-potencia-renovable-siendo-212-mw-de-energia-eolica\\\/\"},\"author\":{\"name\":\"Morante D\u00edaz, Mar\u00eda del Mar\",\"@id\":\"https:\\\/\\\/aeeolica.org\\\/#\\\/schema\\\/person\\\/064b26f21f7ed52e0b3854e6b52f9772\"},\"headline\":\"En 2023 se han sumado m\u00e1s de 2.600 MW nuevos de potencia renovable, siendo 212 MW de energ\u00eda e\u00f3lica\",\"datePublished\":\"2023-09-01T10:24:17+00:00\",\"dateModified\":\"2023-09-01T10:24:19+00:00\",\"mainEntityOfPage\":{\"@id\":\"https:\\\/\\\/aeeolica.org\\\/en-2023-se-han-sumado-mas-de-2-600-mw-nuevos-de-potencia-renovable-siendo-212-mw-de-energia-eolica\\\/\"},\"wordCount\":176,\"commentCount\":0,\"publisher\":{\"@id\":\"https:\\\/\\\/aeeolica.org\\\/#organization\"},\"image\":{\"@id\":\"https:\\\/\\\/aeeolica.org\\\/en-2023-se-han-sumado-mas-de-2-600-mw-nuevos-de-potencia-renovable-siendo-212-mw-de-energia-eolica\\\/#primaryimage\"},\"thumbnailUrl\":\"https:\\\/\\\/aeeolica.org\\\/wp-content\\\/uploads\\\/2023\\\/09\\\/REE.png\",\"articleSection\":[\"Bolet\u00edn AEE Informa\"],\"inLanguage\":\"en-US\",\"potentialAction\":[{\"@type\":\"CommentAction\",\"name\":\"Comment\",\"target\":[\"https:\\\/\\\/aeeolica.org\\\/en-2023-se-han-sumado-mas-de-2-600-mw-nuevos-de-potencia-renovable-siendo-212-mw-de-energia-eolica\\\/#respond\"]}]},{\"@type\":\"WebPage\",\"@id\":\"https:\\\/\\\/aeeolica.org\\\/en-2023-se-han-sumado-mas-de-2-600-mw-nuevos-de-potencia-renovable-siendo-212-mw-de-energia-eolica\\\/\",\"url\":\"https:\\\/\\\/aeeolica.org\\\/en-2023-se-han-sumado-mas-de-2-600-mw-nuevos-de-potencia-renovable-siendo-212-mw-de-energia-eolica\\\/\",\"name\":\"En 2023 se han sumado m\u00e1s de 2.600 MW nuevos de potencia renovable, siendo 212 MW de energ\u00eda e\u00f3lica - Asociaci\u00f3n Empresarial E\u00f3lica\",\"isPartOf\":{\"@id\":\"https:\\\/\\\/aeeolica.org\\\/#website\"},\"primaryImageOfPage\":{\"@id\":\"https:\\\/\\\/aeeolica.org\\\/en-2023-se-han-sumado-mas-de-2-600-mw-nuevos-de-potencia-renovable-siendo-212-mw-de-energia-eolica\\\/#primaryimage\"},\"image\":{\"@id\":\"https:\\\/\\\/aeeolica.org\\\/en-2023-se-han-sumado-mas-de-2-600-mw-nuevos-de-potencia-renovable-siendo-212-mw-de-energia-eolica\\\/#primaryimage\"},\"thumbnailUrl\":\"https:\\\/\\\/aeeolica.org\\\/wp-content\\\/uploads\\\/2023\\\/09\\\/REE.png\",\"datePublished\":\"2023-09-01T10:24:17+00:00\",\"dateModified\":\"2023-09-01T10:24:19+00:00\",\"breadcrumb\":{\"@id\":\"https:\\\/\\\/aeeolica.org\\\/en-2023-se-han-sumado-mas-de-2-600-mw-nuevos-de-potencia-renovable-siendo-212-mw-de-energia-eolica\\\/#breadcrumb\"},\"inLanguage\":\"en-US\",\"potentialAction\":[{\"@type\":\"ReadAction\",\"target\":[\"https:\\\/\\\/aeeolica.org\\\/en-2023-se-han-sumado-mas-de-2-600-mw-nuevos-de-potencia-renovable-siendo-212-mw-de-energia-eolica\\\/\"]}]},{\"@type\":\"ImageObject\",\"inLanguage\":\"en-US\",\"@id\":\"https:\\\/\\\/aeeolica.org\\\/en-2023-se-han-sumado-mas-de-2-600-mw-nuevos-de-potencia-renovable-siendo-212-mw-de-energia-eolica\\\/#primaryimage\",\"url\":\"https:\\\/\\\/aeeolica.org\\\/wp-content\\\/uploads\\\/2023\\\/09\\\/REE.png\",\"contentUrl\":\"https:\\\/\\\/aeeolica.org\\\/wp-content\\\/uploads\\\/2023\\\/09\\\/REE.png\"},{\"@type\":\"BreadcrumbList\",\"@id\":\"https:\\\/\\\/aeeolica.org\\\/en-2023-se-han-sumado-mas-de-2-600-mw-nuevos-de-potencia-renovable-siendo-212-mw-de-energia-eolica\\\/#breadcrumb\",\"itemListElement\":[{\"@type\":\"ListItem\",\"position\":1,\"name\":\"Portada\",\"item\":\"https:\\\/\\\/aeeolica.org\\\/en\\\/inicio\\\/\"},{\"@type\":\"ListItem\",\"position\":2,\"name\":\"En 2023 se han sumado m\u00e1s de 2.600 MW nuevos de potencia renovable, siendo 212 MW de energ\u00eda e\u00f3lica\"}]},{\"@type\":\"WebSite\",\"@id\":\"https:\\\/\\\/aeeolica.org\\\/#website\",\"url\":\"https:\\\/\\\/aeeolica.org\\\/\",\"name\":\"Asociaci\u00f3n Empresarial E\u00f3lica\",\"description\":\"AEE Asociaci\u00f3n Empresarial E\u00f3lica\",\"publisher\":{\"@id\":\"https:\\\/\\\/aeeolica.org\\\/#organization\"},\"potentialAction\":[{\"@type\":\"SearchAction\",\"target\":{\"@type\":\"EntryPoint\",\"urlTemplate\":\"https:\\\/\\\/aeeolica.org\\\/?s={search_term_string}\"},\"query-input\":{\"@type\":\"PropertyValueSpecification\",\"valueRequired\":true,\"valueName\":\"search_term_string\"}}],\"inLanguage\":\"en-US\"},{\"@type\":\"Organization\",\"@id\":\"https:\\\/\\\/aeeolica.org\\\/#organization\",\"name\":\"Asociaci\u00f3n Empresarial E\u00f3lica\",\"url\":\"https:\\\/\\\/aeeolica.org\\\/\",\"logo\":{\"@type\":\"ImageObject\",\"inLanguage\":\"en-US\",\"@id\":\"https:\\\/\\\/aeeolica.org\\\/#\\\/schema\\\/logo\\\/image\\\/\",\"url\":\"https:\\\/\\\/aeeolica.org\\\/wp-content\\\/uploads\\\/2021\\\/08\\\/logo-aee.png\",\"contentUrl\":\"https:\\\/\\\/aeeolica.org\\\/wp-content\\\/uploads\\\/2021\\\/08\\\/logo-aee.png\",\"width\":180,\"height\":78,\"caption\":\"Asociaci\u00f3n Empresarial E\u00f3lica\"},\"image\":{\"@id\":\"https:\\\/\\\/aeeolica.org\\\/#\\\/schema\\\/logo\\\/image\\\/\"},\"sameAs\":[\"https:\\\/\\\/www.facebook.com\\\/aeeolica\",\"https:\\\/\\\/x.com\\\/aeeolica\",\"https:\\\/\\\/www.instagram.com\\\/aeeolica\\\/\",\"https:\\\/\\\/www.linkedin.com\\\/in\\\/aee-asociaci\u00f3n-empresarial-e\u00f3lica-6830946b\\\/\",\"https:\\\/\\\/www.youtube.com\\\/user\\\/AEEolica\"]},{\"@type\":\"Person\",\"@id\":\"https:\\\/\\\/aeeolica.org\\\/#\\\/schema\\\/person\\\/064b26f21f7ed52e0b3854e6b52f9772\",\"name\":\"Morante D\u00edaz, Mar\u00eda del Mar\",\"image\":{\"@type\":\"ImageObject\",\"inLanguage\":\"en-US\",\"@id\":\"https:\\\/\\\/secure.gravatar.com\\\/avatar\\\/8bfd23e1c4bf5aa0b9314f1c5c9d644e62672831e6a512513954c3f15dffdd5a?s=96&d=mm&r=g\",\"url\":\"https:\\\/\\\/secure.gravatar.com\\\/avatar\\\/8bfd23e1c4bf5aa0b9314f1c5c9d644e62672831e6a512513954c3f15dffdd5a?s=96&d=mm&r=g\",\"contentUrl\":\"https:\\\/\\\/secure.gravatar.com\\\/avatar\\\/8bfd23e1c4bf5aa0b9314f1c5c9d644e62672831e6a512513954c3f15dffdd5a?s=96&d=mm&r=g\",\"caption\":\"Morante D\u00edaz, Mar\u00eda del Mar\"},\"url\":\"https:\\\/\\\/aeeolica.org\\\/en\\\/author\\\/mar\\\/\"}]}<\/script>\n<!-- \/ Yoast SEO plugin. -->","yoast_head_json":{"title":"En 2023 se han sumado m\u00e1s de 2.600 MW nuevos de potencia renovable, siendo 212 MW de energ\u00eda e\u00f3lica - Asociaci\u00f3n Empresarial E\u00f3lica","robots":{"index":"noindex","follow":"nofollow"},"og_locale":"en_US","og_type":"article","og_title":"En 2023 se han sumado m\u00e1s de 2.600 MW nuevos de potencia renovable, siendo 212 MW de energ\u00eda e\u00f3lica - Asociaci\u00f3n Empresarial E\u00f3lica","og_description":"En lo que llevamos de a\u00f1o, y seg\u00fan datos del operador del sistema, Red El\u00e9ctrica, se han llegado a instalar 2.615 MW de potencia renovable, siendo 212 MW de energ\u00eda [&hellip;]","og_url":"https:\/\/aeeolica.org\/en-2023-se-han-sumado-mas-de-2-600-mw-nuevos-de-potencia-renovable-siendo-212-mw-de-energia-eolica\/","og_site_name":"Asociaci\u00f3n Empresarial E\u00f3lica","article_publisher":"https:\/\/www.facebook.com\/aeeolica","article_published_time":"2023-09-01T10:24:17+00:00","article_modified_time":"2023-09-01T10:24:19+00:00","og_image":[{"url":"https:\/\/aeeolica.org\/wp-content\/uploads\/2023\/09\/REE.png","type":"","width":"","height":""}],"author":"Morante D\u00edaz, Mar\u00eda del Mar","twitter_card":"summary_large_image","twitter_creator":"@aeeolica","twitter_site":"@aeeolica","twitter_misc":{"Written by":"Morante D\u00edaz, Mar\u00eda del Mar","Est. reading time":"1 minute"},"schema":{"@context":"https:\/\/schema.org","@graph":[{"@type":"Article","@id":"https:\/\/aeeolica.org\/en-2023-se-han-sumado-mas-de-2-600-mw-nuevos-de-potencia-renovable-siendo-212-mw-de-energia-eolica\/#article","isPartOf":{"@id":"https:\/\/aeeolica.org\/en-2023-se-han-sumado-mas-de-2-600-mw-nuevos-de-potencia-renovable-siendo-212-mw-de-energia-eolica\/"},"author":{"name":"Morante D\u00edaz, Mar\u00eda del Mar","@id":"https:\/\/aeeolica.org\/#\/schema\/person\/064b26f21f7ed52e0b3854e6b52f9772"},"headline":"En 2023 se han sumado m\u00e1s de 2.600 MW nuevos de potencia renovable, siendo 212 MW de energ\u00eda e\u00f3lica","datePublished":"2023-09-01T10:24:17+00:00","dateModified":"2023-09-01T10:24:19+00:00","mainEntityOfPage":{"@id":"https:\/\/aeeolica.org\/en-2023-se-han-sumado-mas-de-2-600-mw-nuevos-de-potencia-renovable-siendo-212-mw-de-energia-eolica\/"},"wordCount":176,"commentCount":0,"publisher":{"@id":"https:\/\/aeeolica.org\/#organization"},"image":{"@id":"https:\/\/aeeolica.org\/en-2023-se-han-sumado-mas-de-2-600-mw-nuevos-de-potencia-renovable-siendo-212-mw-de-energia-eolica\/#primaryimage"},"thumbnailUrl":"https:\/\/aeeolica.org\/wp-content\/uploads\/2023\/09\/REE.png","articleSection":["Bolet\u00edn AEE Informa"],"inLanguage":"en-US","potentialAction":[{"@type":"CommentAction","name":"Comment","target":["https:\/\/aeeolica.org\/en-2023-se-han-sumado-mas-de-2-600-mw-nuevos-de-potencia-renovable-siendo-212-mw-de-energia-eolica\/#respond"]}]},{"@type":"WebPage","@id":"https:\/\/aeeolica.org\/en-2023-se-han-sumado-mas-de-2-600-mw-nuevos-de-potencia-renovable-siendo-212-mw-de-energia-eolica\/","url":"https:\/\/aeeolica.org\/en-2023-se-han-sumado-mas-de-2-600-mw-nuevos-de-potencia-renovable-siendo-212-mw-de-energia-eolica\/","name":"En 2023 se han sumado m\u00e1s de 2.600 MW nuevos de potencia renovable, siendo 212 MW de energ\u00eda e\u00f3lica - Asociaci\u00f3n Empresarial E\u00f3lica","isPartOf":{"@id":"https:\/\/aeeolica.org\/#website"},"primaryImageOfPage":{"@id":"https:\/\/aeeolica.org\/en-2023-se-han-sumado-mas-de-2-600-mw-nuevos-de-potencia-renovable-siendo-212-mw-de-energia-eolica\/#primaryimage"},"image":{"@id":"https:\/\/aeeolica.org\/en-2023-se-han-sumado-mas-de-2-600-mw-nuevos-de-potencia-renovable-siendo-212-mw-de-energia-eolica\/#primaryimage"},"thumbnailUrl":"https:\/\/aeeolica.org\/wp-content\/uploads\/2023\/09\/REE.png","datePublished":"2023-09-01T10:24:17+00:00","dateModified":"2023-09-01T10:24:19+00:00","breadcrumb":{"@id":"https:\/\/aeeolica.org\/en-2023-se-han-sumado-mas-de-2-600-mw-nuevos-de-potencia-renovable-siendo-212-mw-de-energia-eolica\/#breadcrumb"},"inLanguage":"en-US","potentialAction":[{"@type":"ReadAction","target":["https:\/\/aeeolica.org\/en-2023-se-han-sumado-mas-de-2-600-mw-nuevos-de-potencia-renovable-siendo-212-mw-de-energia-eolica\/"]}]},{"@type":"ImageObject","inLanguage":"en-US","@id":"https:\/\/aeeolica.org\/en-2023-se-han-sumado-mas-de-2-600-mw-nuevos-de-potencia-renovable-siendo-212-mw-de-energia-eolica\/#primaryimage","url":"https:\/\/aeeolica.org\/wp-content\/uploads\/2023\/09\/REE.png","contentUrl":"https:\/\/aeeolica.org\/wp-content\/uploads\/2023\/09\/REE.png"},{"@type":"BreadcrumbList","@id":"https:\/\/aeeolica.org\/en-2023-se-han-sumado-mas-de-2-600-mw-nuevos-de-potencia-renovable-siendo-212-mw-de-energia-eolica\/#breadcrumb","itemListElement":[{"@type":"ListItem","position":1,"name":"Portada","item":"https:\/\/aeeolica.org\/en\/inicio\/"},{"@type":"ListItem","position":2,"name":"En 2023 se han sumado m\u00e1s de 2.600 MW nuevos de potencia renovable, siendo 212 MW de energ\u00eda e\u00f3lica"}]},{"@type":"WebSite","@id":"https:\/\/aeeolica.org\/#website","url":"https:\/\/aeeolica.org\/","name":"Asociaci\u00f3n Empresarial E\u00f3lica","description":"AEE Asociaci\u00f3n Empresarial E\u00f3lica","publisher":{"@id":"https:\/\/aeeolica.org\/#organization"},"potentialAction":[{"@type":"SearchAction","target":{"@type":"EntryPoint","urlTemplate":"https:\/\/aeeolica.org\/?s={search_term_string}"},"query-input":{"@type":"PropertyValueSpecification","valueRequired":true,"valueName":"search_term_string"}}],"inLanguage":"en-US"},{"@type":"Organization","@id":"https:\/\/aeeolica.org\/#organization","name":"Asociaci\u00f3n Empresarial E\u00f3lica","url":"https:\/\/aeeolica.org\/","logo":{"@type":"ImageObject","inLanguage":"en-US","@id":"https:\/\/aeeolica.org\/#\/schema\/logo\/image\/","url":"https:\/\/aeeolica.org\/wp-content\/uploads\/2021\/08\/logo-aee.png","contentUrl":"https:\/\/aeeolica.org\/wp-content\/uploads\/2021\/08\/logo-aee.png","width":180,"height":78,"caption":"Asociaci\u00f3n Empresarial E\u00f3lica"},"image":{"@id":"https:\/\/aeeolica.org\/#\/schema\/logo\/image\/"},"sameAs":["https:\/\/www.facebook.com\/aeeolica","https:\/\/x.com\/aeeolica","https:\/\/www.instagram.com\/aeeolica\/","https:\/\/www.linkedin.com\/in\/aee-asociaci\u00f3n-empresarial-e\u00f3lica-6830946b\/","https:\/\/www.youtube.com\/user\/AEEolica"]},{"@type":"Person","@id":"https:\/\/aeeolica.org\/#\/schema\/person\/064b26f21f7ed52e0b3854e6b52f9772","name":"Morante D\u00edaz, Mar\u00eda del Mar","image":{"@type":"ImageObject","inLanguage":"en-US","@id":"https:\/\/secure.gravatar.com\/avatar\/8bfd23e1c4bf5aa0b9314f1c5c9d644e62672831e6a512513954c3f15dffdd5a?s=96&d=mm&r=g","url":"https:\/\/secure.gravatar.com\/avatar\/8bfd23e1c4bf5aa0b9314f1c5c9d644e62672831e6a512513954c3f15dffdd5a?s=96&d=mm&r=g","contentUrl":"https:\/\/secure.gravatar.com\/avatar\/8bfd23e1c4bf5aa0b9314f1c5c9d644e62672831e6a512513954c3f15dffdd5a?s=96&d=mm&r=g","caption":"Morante D\u00edaz, Mar\u00eda del Mar"},"url":"https:\/\/aeeolica.org\/en\/author\/mar\/"}]}},"_links":{"self":[{"href":"https:\/\/aeeolica.org\/en\/wp-json\/wp\/v2\/posts\/171194","targetHints":{"allow":["GET"]}}],"collection":[{"href":"https:\/\/aeeolica.org\/en\/wp-json\/wp\/v2\/posts"}],"about":[{"href":"https:\/\/aeeolica.org\/en\/wp-json\/wp\/v2\/types\/post"}],"author":[{"embeddable":true,"href":"https:\/\/aeeolica.org\/en\/wp-json\/wp\/v2\/users\/2"}],"replies":[{"embeddable":true,"href":"https:\/\/aeeolica.org\/en\/wp-json\/wp\/v2\/comments?post=171194"}],"version-history":[{"count":0,"href":"https:\/\/aeeolica.org\/en\/wp-json\/wp\/v2\/posts\/171194\/revisions"}],"wp:attachment":[{"href":"https:\/\/aeeolica.org\/en\/wp-json\/wp\/v2\/media?parent=171194"}],"wp:term":[{"taxonomy":"category","embeddable":true,"href":"https:\/\/aeeolica.org\/en\/wp-json\/wp\/v2\/categories?post=171194"},{"taxonomy":"post_tag","embeddable":true,"href":"https:\/\/aeeolica.org\/en\/wp-json\/wp\/v2\/tags?post=171194"}],"curies":[{"name":"wp","href":"https:\/\/api.w.org\/{rel}","templated":true}]}}