{"id":17252,"date":"2021-05-26T16:56:35","date_gmt":"2021-05-26T12:49:00","guid":{"rendered":"https:\/\/aeeolica.org\/?p=17252"},"modified":"2021-08-12T19:24:29","modified_gmt":"2021-08-12T19:24:29","slug":"un-posicionamiento-sobre-los-criterios-para-la-clasificacion-de-los-trabajos-de-mantenimiento-en-parques-eolicos-como-obras-de-construccion-por-tomas-romagosa-director-tecnico-de-aee","status":"publish","type":"post","link":"https:\/\/aeeolica.org\/en\/un-posicionamiento-sobre-los-criterios-para-la-clasificacion-de-los-trabajos-de-mantenimiento-en-parques-eolicos-como-obras-de-construccion-por-tomas-romagosa-director-tecnico-de-aee\/","title":{"rendered":"Un posicionamiento sobre los criterios para la clasificaci\u00f3n de los trabajos de mantenimiento en parques e\u00f3licos como obras de construcci\u00f3n. Por Tom\u00e1s Romagosa, director t\u00e9cnico de AEE"},"content":{"rendered":"<p>Tras meses de trabajo y an\u00e1lisis en el Grupo de Prevenci\u00f3n de Riesgos Laborales, la Asociaci\u00f3n Empresarial E\u00f3lica (AEE) recientemente ha publicado el posicionamiento respecto a los criterios de aplicaci\u00f3n del \u201cRD 1627-97, de 24 de octubre, por el que se establecen disposiciones m\u00ednimas de seguridad y de salud en las obras de construcci\u00f3n\u201d para los trabajos de mantenimiento de un parque e\u00f3lico. En el documento se analiza la normativa vigente con el objetivo de aclarar una cuesti\u00f3n que por su complejidad puede dar lugar a diferentes interpretaciones a la hora de su aplicaci\u00f3n.\u00a0<\/p>\n<p>Fuente:\u00a0ENERG\u00c9TICA XXI<\/p>\n<p><a href=\"https:\/\/www.aeeolica.org\/images\/AEE_Opina\/2021\/25052021-ENERGETICA-XXI_Un-posicionamiento-sobre-los-criterios-para-la-clasificacin-de-los-trabajos-de-mantenimiento-en-parques-elicos-como-obras-de-construccin_TRomagosaAEE.pdf\" target=\"_blank\" rel=\"noopener noreferrer\">Leer\u00a0art\u00edculo<\/a><\/p>\n","protected":false},"excerpt":{"rendered":"<p>Tras meses de trabajo y an\u00e1lisis en el Grupo de Prevenci\u00f3n de Riesgos Laborales, la Asociaci\u00f3n Empresarial E\u00f3lica (AEE) recientemente ha publicado el posicionamiento respecto a los criterios de aplicaci\u00f3n [&hellip;]<\/p>\n","protected":false},"author":1,"featured_media":0,"comment_status":"open","ping_status":"open","sticky":false,"template":"","format":"standard","meta":{"_acf_changed":false,"_bbp_topic_count":0,"_bbp_reply_count":0,"_bbp_total_topic_count":0,"_bbp_total_reply_count":0,"_bbp_voice_count":0,"_bbp_anonymous_reply_count":0,"_bbp_topic_count_hidden":0,"_bbp_reply_count_hidden":0,"_bbp_forum_subforum_count":0,"_et_pb_use_builder":"","_et_pb_old_content":"","_et_gb_content_width":"","footnotes":""},"categories":[223],"tags":[386,387],"class_list":["post-17252","post","type-post","status-publish","format-standard","hentry","category-aee-opina","tag-director-de-politicas-energeticas-y-cambio-climatico-de-aee","tag-no-necesariamente-van-a-seguir-bajando-los-precios-de-la-energia-eolica-entrevista-a-heikki-willstedt"],"acf":[],"yoast_head":"<!-- This site is optimized with the Yoast SEO plugin v27.4 - https:\/\/yoast.com\/product\/yoast-seo-wordpress\/ -->\n<title>Un posicionamiento sobre los criterios para la clasificaci\u00f3n de los trabajos de mantenimiento en parques e\u00f3licos como obras de construcci\u00f3n. Por Tom\u00e1s Romagosa, director t\u00e9cnico de AEE - Asociaci\u00f3n Empresarial E\u00f3lica<\/title>\n<meta name=\"description\" content=\"No necesariamente van a seguir bajando los precios de la energ\u00eda e\u00f3lica. Entrevista a Heikki Willstedt, director de Pol\u00edticas Energ\u00e9ticas y Cambio Clim\u00e1tico de AEE\" \/>\n<meta name=\"robots\" content=\"index, follow, max-snippet:-1, max-image-preview:large, max-video-preview:-1\" \/>\n<link rel=\"canonical\" href=\"https:\/\/aeeolica.org\/un-posicionamiento-sobre-los-criterios-para-la-clasificacion-de-los-trabajos-de-mantenimiento-en-parques-eolicos-como-obras-de-construccion-por-tomas-romagosa-director-tecnico-de-aee\/\" \/>\n<meta property=\"og:locale\" content=\"en_US\" \/>\n<meta property=\"og:type\" content=\"article\" \/>\n<meta property=\"og:title\" content=\"Un posicionamiento sobre los criterios para la clasificaci\u00f3n de los trabajos de mantenimiento en parques e\u00f3licos como obras de construcci\u00f3n. Por Tom\u00e1s Romagosa, director t\u00e9cnico de AEE - Asociaci\u00f3n Empresarial E\u00f3lica\" \/>\n<meta property=\"og:description\" content=\"No necesariamente van a seguir bajando los precios de la energ\u00eda e\u00f3lica. Entrevista a Heikki Willstedt, director de Pol\u00edticas Energ\u00e9ticas y Cambio Clim\u00e1tico de AEE\" \/>\n<meta property=\"og:url\" content=\"https:\/\/aeeolica.org\/un-posicionamiento-sobre-los-criterios-para-la-clasificacion-de-los-trabajos-de-mantenimiento-en-parques-eolicos-como-obras-de-construccion-por-tomas-romagosa-director-tecnico-de-aee\/\" \/>\n<meta property=\"og:site_name\" content=\"Asociaci\u00f3n Empresarial E\u00f3lica\" \/>\n<meta property=\"article:publisher\" content=\"https:\/\/www.facebook.com\/aeeolica\" \/>\n<meta property=\"article:published_time\" content=\"2021-05-26T12:49:00+00:00\" \/>\n<meta property=\"article:modified_time\" content=\"2021-08-12T19:24:29+00:00\" \/>\n<meta name=\"author\" content=\"Vicent\" \/>\n<meta name=\"twitter:card\" content=\"summary_large_image\" \/>\n<meta name=\"twitter:creator\" content=\"@aeeolica\" \/>\n<meta name=\"twitter:site\" content=\"@aeeolica\" \/>\n<meta name=\"twitter:label1\" content=\"Written by\" \/>\n\t<meta name=\"twitter:data1\" content=\"Vicent\" \/>\n\t<meta name=\"twitter:label2\" content=\"Est. reading time\" \/>\n\t<meta name=\"twitter:data2\" content=\"1 minute\" \/>\n<script type=\"application\/ld+json\" class=\"yoast-schema-graph\">{\"@context\":\"https:\\\/\\\/schema.org\",\"@graph\":[{\"@type\":\"Article\",\"@id\":\"https:\\\/\\\/aeeolica.org\\\/un-posicionamiento-sobre-los-criterios-para-la-clasificacion-de-los-trabajos-de-mantenimiento-en-parques-eolicos-como-obras-de-construccion-por-tomas-romagosa-director-tecnico-de-aee\\\/#article\",\"isPartOf\":{\"@id\":\"https:\\\/\\\/aeeolica.org\\\/un-posicionamiento-sobre-los-criterios-para-la-clasificacion-de-los-trabajos-de-mantenimiento-en-parques-eolicos-como-obras-de-construccion-por-tomas-romagosa-director-tecnico-de-aee\\\/\"},\"author\":{\"name\":\"Vicent\",\"@id\":\"https:\\\/\\\/aeeolica.org\\\/#\\\/schema\\\/person\\\/6a2517a04d4939d7b273a97e03ad2754\"},\"headline\":\"Un posicionamiento sobre los criterios para la clasificaci\u00f3n de los trabajos de mantenimiento en parques e\u00f3licos como obras de construcci\u00f3n. Por Tom\u00e1s Romagosa, director t\u00e9cnico de AEE\",\"datePublished\":\"2021-05-26T12:49:00+00:00\",\"dateModified\":\"2021-08-12T19:24:29+00:00\",\"mainEntityOfPage\":{\"@id\":\"https:\\\/\\\/aeeolica.org\\\/un-posicionamiento-sobre-los-criterios-para-la-clasificacion-de-los-trabajos-de-mantenimiento-en-parques-eolicos-como-obras-de-construccion-por-tomas-romagosa-director-tecnico-de-aee\\\/\"},\"wordCount\":142,\"commentCount\":0,\"publisher\":{\"@id\":\"https:\\\/\\\/aeeolica.org\\\/#organization\"},\"keywords\":[\"director de Pol\u00edticas Energ\u00e9ticas y Cambio Clim\u00e1tico de AEE\",\"No necesariamente van a seguir bajando los precios de la energ\u00eda e\u00f3lica. Entrevista a Heikki Willstedt\"],\"articleSection\":[\"AEE Opina\"],\"inLanguage\":\"en-US\",\"potentialAction\":[{\"@type\":\"CommentAction\",\"name\":\"Comment\",\"target\":[\"https:\\\/\\\/aeeolica.org\\\/un-posicionamiento-sobre-los-criterios-para-la-clasificacion-de-los-trabajos-de-mantenimiento-en-parques-eolicos-como-obras-de-construccion-por-tomas-romagosa-director-tecnico-de-aee\\\/#respond\"]}]},{\"@type\":\"WebPage\",\"@id\":\"https:\\\/\\\/aeeolica.org\\\/un-posicionamiento-sobre-los-criterios-para-la-clasificacion-de-los-trabajos-de-mantenimiento-en-parques-eolicos-como-obras-de-construccion-por-tomas-romagosa-director-tecnico-de-aee\\\/\",\"url\":\"https:\\\/\\\/aeeolica.org\\\/un-posicionamiento-sobre-los-criterios-para-la-clasificacion-de-los-trabajos-de-mantenimiento-en-parques-eolicos-como-obras-de-construccion-por-tomas-romagosa-director-tecnico-de-aee\\\/\",\"name\":\"Un posicionamiento sobre los criterios para la clasificaci\u00f3n de los trabajos de mantenimiento en parques e\u00f3licos como obras de construcci\u00f3n. Por Tom\u00e1s Romagosa, director t\u00e9cnico de AEE - Asociaci\u00f3n Empresarial E\u00f3lica\",\"isPartOf\":{\"@id\":\"https:\\\/\\\/aeeolica.org\\\/#website\"},\"datePublished\":\"2021-05-26T12:49:00+00:00\",\"dateModified\":\"2021-08-12T19:24:29+00:00\",\"description\":\"No necesariamente van a seguir bajando los precios de la energ\u00eda e\u00f3lica. Entrevista a Heikki Willstedt, director de Pol\u00edticas Energ\u00e9ticas y Cambio Clim\u00e1tico de AEE\",\"breadcrumb\":{\"@id\":\"https:\\\/\\\/aeeolica.org\\\/un-posicionamiento-sobre-los-criterios-para-la-clasificacion-de-los-trabajos-de-mantenimiento-en-parques-eolicos-como-obras-de-construccion-por-tomas-romagosa-director-tecnico-de-aee\\\/#breadcrumb\"},\"inLanguage\":\"en-US\",\"potentialAction\":[{\"@type\":\"ReadAction\",\"target\":[\"https:\\\/\\\/aeeolica.org\\\/un-posicionamiento-sobre-los-criterios-para-la-clasificacion-de-los-trabajos-de-mantenimiento-en-parques-eolicos-como-obras-de-construccion-por-tomas-romagosa-director-tecnico-de-aee\\\/\"]}]},{\"@type\":\"BreadcrumbList\",\"@id\":\"https:\\\/\\\/aeeolica.org\\\/un-posicionamiento-sobre-los-criterios-para-la-clasificacion-de-los-trabajos-de-mantenimiento-en-parques-eolicos-como-obras-de-construccion-por-tomas-romagosa-director-tecnico-de-aee\\\/#breadcrumb\",\"itemListElement\":[{\"@type\":\"ListItem\",\"position\":1,\"name\":\"Portada\",\"item\":\"https:\\\/\\\/aeeolica.org\\\/en\\\/inicio\\\/\"},{\"@type\":\"ListItem\",\"position\":2,\"name\":\"Un posicionamiento sobre los criterios para la clasificaci\u00f3n de los trabajos de mantenimiento en parques e\u00f3licos como obras de construcci\u00f3n. Por Tom\u00e1s Romagosa, director t\u00e9cnico de AEE\"}]},{\"@type\":\"WebSite\",\"@id\":\"https:\\\/\\\/aeeolica.org\\\/#website\",\"url\":\"https:\\\/\\\/aeeolica.org\\\/\",\"name\":\"Asociaci\u00f3n Empresarial E\u00f3lica\",\"description\":\"AEE Asociaci\u00f3n Empresarial E\u00f3lica\",\"publisher\":{\"@id\":\"https:\\\/\\\/aeeolica.org\\\/#organization\"},\"potentialAction\":[{\"@type\":\"SearchAction\",\"target\":{\"@type\":\"EntryPoint\",\"urlTemplate\":\"https:\\\/\\\/aeeolica.org\\\/?s={search_term_string}\"},\"query-input\":{\"@type\":\"PropertyValueSpecification\",\"valueRequired\":true,\"valueName\":\"search_term_string\"}}],\"inLanguage\":\"en-US\"},{\"@type\":\"Organization\",\"@id\":\"https:\\\/\\\/aeeolica.org\\\/#organization\",\"name\":\"Asociaci\u00f3n Empresarial E\u00f3lica\",\"url\":\"https:\\\/\\\/aeeolica.org\\\/\",\"logo\":{\"@type\":\"ImageObject\",\"inLanguage\":\"en-US\",\"@id\":\"https:\\\/\\\/aeeolica.org\\\/#\\\/schema\\\/logo\\\/image\\\/\",\"url\":\"https:\\\/\\\/aeeolica.org\\\/wp-content\\\/uploads\\\/2021\\\/08\\\/logo-aee.png\",\"contentUrl\":\"https:\\\/\\\/aeeolica.org\\\/wp-content\\\/uploads\\\/2021\\\/08\\\/logo-aee.png\",\"width\":180,\"height\":78,\"caption\":\"Asociaci\u00f3n Empresarial E\u00f3lica\"},\"image\":{\"@id\":\"https:\\\/\\\/aeeolica.org\\\/#\\\/schema\\\/logo\\\/image\\\/\"},\"sameAs\":[\"https:\\\/\\\/www.facebook.com\\\/aeeolica\",\"https:\\\/\\\/x.com\\\/aeeolica\",\"https:\\\/\\\/www.instagram.com\\\/aeeolica\\\/\",\"https:\\\/\\\/www.linkedin.com\\\/in\\\/aee-asociaci\u00f3n-empresarial-e\u00f3lica-6830946b\\\/\",\"https:\\\/\\\/www.youtube.com\\\/user\\\/AEEolica\"]},{\"@type\":\"Person\",\"@id\":\"https:\\\/\\\/aeeolica.org\\\/#\\\/schema\\\/person\\\/6a2517a04d4939d7b273a97e03ad2754\",\"name\":\"Vicent\",\"image\":{\"@type\":\"ImageObject\",\"inLanguage\":\"en-US\",\"@id\":\"https:\\\/\\\/secure.gravatar.com\\\/avatar\\\/9f0fea5e6bfa4d7107fbd7ea5e27d73cdca4f791f880e9f9f4171ecd42a7d395?s=96&d=mm&r=g\",\"url\":\"https:\\\/\\\/secure.gravatar.com\\\/avatar\\\/9f0fea5e6bfa4d7107fbd7ea5e27d73cdca4f791f880e9f9f4171ecd42a7d395?s=96&d=mm&r=g\",\"contentUrl\":\"https:\\\/\\\/secure.gravatar.com\\\/avatar\\\/9f0fea5e6bfa4d7107fbd7ea5e27d73cdca4f791f880e9f9f4171ecd42a7d395?s=96&d=mm&r=g\",\"caption\":\"Vicent\"},\"sameAs\":[\"https:\\\/\\\/aeeolica.org\"],\"url\":\"https:\\\/\\\/aeeolica.org\\\/en\\\/author\\\/vicent\\\/\"}]}<\/script>\n<!-- \/ Yoast SEO plugin. -->","yoast_head_json":{"title":"Un posicionamiento sobre los criterios para la clasificaci\u00f3n de los trabajos de mantenimiento en parques e\u00f3licos como obras de construcci\u00f3n. Por Tom\u00e1s Romagosa, director t\u00e9cnico de AEE - Asociaci\u00f3n Empresarial E\u00f3lica","description":"No necesariamente van a seguir bajando los precios de la energ\u00eda e\u00f3lica. Entrevista a Heikki Willstedt, director de Pol\u00edticas Energ\u00e9ticas y Cambio Clim\u00e1tico de AEE","robots":{"index":"index","follow":"follow","max-snippet":"max-snippet:-1","max-image-preview":"max-image-preview:large","max-video-preview":"max-video-preview:-1"},"canonical":"https:\/\/aeeolica.org\/un-posicionamiento-sobre-los-criterios-para-la-clasificacion-de-los-trabajos-de-mantenimiento-en-parques-eolicos-como-obras-de-construccion-por-tomas-romagosa-director-tecnico-de-aee\/","og_locale":"en_US","og_type":"article","og_title":"Un posicionamiento sobre los criterios para la clasificaci\u00f3n de los trabajos de mantenimiento en parques e\u00f3licos como obras de construcci\u00f3n. Por Tom\u00e1s Romagosa, director t\u00e9cnico de AEE - Asociaci\u00f3n Empresarial E\u00f3lica","og_description":"No necesariamente van a seguir bajando los precios de la energ\u00eda e\u00f3lica. Entrevista a Heikki Willstedt, director de Pol\u00edticas Energ\u00e9ticas y Cambio Clim\u00e1tico de AEE","og_url":"https:\/\/aeeolica.org\/un-posicionamiento-sobre-los-criterios-para-la-clasificacion-de-los-trabajos-de-mantenimiento-en-parques-eolicos-como-obras-de-construccion-por-tomas-romagosa-director-tecnico-de-aee\/","og_site_name":"Asociaci\u00f3n Empresarial E\u00f3lica","article_publisher":"https:\/\/www.facebook.com\/aeeolica","article_published_time":"2021-05-26T12:49:00+00:00","article_modified_time":"2021-08-12T19:24:29+00:00","author":"Vicent","twitter_card":"summary_large_image","twitter_creator":"@aeeolica","twitter_site":"@aeeolica","twitter_misc":{"Written by":"Vicent","Est. reading time":"1 minute"},"schema":{"@context":"https:\/\/schema.org","@graph":[{"@type":"Article","@id":"https:\/\/aeeolica.org\/un-posicionamiento-sobre-los-criterios-para-la-clasificacion-de-los-trabajos-de-mantenimiento-en-parques-eolicos-como-obras-de-construccion-por-tomas-romagosa-director-tecnico-de-aee\/#article","isPartOf":{"@id":"https:\/\/aeeolica.org\/un-posicionamiento-sobre-los-criterios-para-la-clasificacion-de-los-trabajos-de-mantenimiento-en-parques-eolicos-como-obras-de-construccion-por-tomas-romagosa-director-tecnico-de-aee\/"},"author":{"name":"Vicent","@id":"https:\/\/aeeolica.org\/#\/schema\/person\/6a2517a04d4939d7b273a97e03ad2754"},"headline":"Un posicionamiento sobre los criterios para la clasificaci\u00f3n de los trabajos de mantenimiento en parques e\u00f3licos como obras de construcci\u00f3n. Por Tom\u00e1s Romagosa, director t\u00e9cnico de AEE","datePublished":"2021-05-26T12:49:00+00:00","dateModified":"2021-08-12T19:24:29+00:00","mainEntityOfPage":{"@id":"https:\/\/aeeolica.org\/un-posicionamiento-sobre-los-criterios-para-la-clasificacion-de-los-trabajos-de-mantenimiento-en-parques-eolicos-como-obras-de-construccion-por-tomas-romagosa-director-tecnico-de-aee\/"},"wordCount":142,"commentCount":0,"publisher":{"@id":"https:\/\/aeeolica.org\/#organization"},"keywords":["director de Pol\u00edticas Energ\u00e9ticas y Cambio Clim\u00e1tico de AEE","No necesariamente van a seguir bajando los precios de la energ\u00eda e\u00f3lica. Entrevista a Heikki Willstedt"],"articleSection":["AEE Opina"],"inLanguage":"en-US","potentialAction":[{"@type":"CommentAction","name":"Comment","target":["https:\/\/aeeolica.org\/un-posicionamiento-sobre-los-criterios-para-la-clasificacion-de-los-trabajos-de-mantenimiento-en-parques-eolicos-como-obras-de-construccion-por-tomas-romagosa-director-tecnico-de-aee\/#respond"]}]},{"@type":"WebPage","@id":"https:\/\/aeeolica.org\/un-posicionamiento-sobre-los-criterios-para-la-clasificacion-de-los-trabajos-de-mantenimiento-en-parques-eolicos-como-obras-de-construccion-por-tomas-romagosa-director-tecnico-de-aee\/","url":"https:\/\/aeeolica.org\/un-posicionamiento-sobre-los-criterios-para-la-clasificacion-de-los-trabajos-de-mantenimiento-en-parques-eolicos-como-obras-de-construccion-por-tomas-romagosa-director-tecnico-de-aee\/","name":"Un posicionamiento sobre los criterios para la clasificaci\u00f3n de los trabajos de mantenimiento en parques e\u00f3licos como obras de construcci\u00f3n. Por Tom\u00e1s Romagosa, director t\u00e9cnico de AEE - Asociaci\u00f3n Empresarial E\u00f3lica","isPartOf":{"@id":"https:\/\/aeeolica.org\/#website"},"datePublished":"2021-05-26T12:49:00+00:00","dateModified":"2021-08-12T19:24:29+00:00","description":"No necesariamente van a seguir bajando los precios de la energ\u00eda e\u00f3lica. Entrevista a Heikki Willstedt, director de Pol\u00edticas Energ\u00e9ticas y Cambio Clim\u00e1tico de AEE","breadcrumb":{"@id":"https:\/\/aeeolica.org\/un-posicionamiento-sobre-los-criterios-para-la-clasificacion-de-los-trabajos-de-mantenimiento-en-parques-eolicos-como-obras-de-construccion-por-tomas-romagosa-director-tecnico-de-aee\/#breadcrumb"},"inLanguage":"en-US","potentialAction":[{"@type":"ReadAction","target":["https:\/\/aeeolica.org\/un-posicionamiento-sobre-los-criterios-para-la-clasificacion-de-los-trabajos-de-mantenimiento-en-parques-eolicos-como-obras-de-construccion-por-tomas-romagosa-director-tecnico-de-aee\/"]}]},{"@type":"BreadcrumbList","@id":"https:\/\/aeeolica.org\/un-posicionamiento-sobre-los-criterios-para-la-clasificacion-de-los-trabajos-de-mantenimiento-en-parques-eolicos-como-obras-de-construccion-por-tomas-romagosa-director-tecnico-de-aee\/#breadcrumb","itemListElement":[{"@type":"ListItem","position":1,"name":"Portada","item":"https:\/\/aeeolica.org\/en\/inicio\/"},{"@type":"ListItem","position":2,"name":"Un posicionamiento sobre los criterios para la clasificaci\u00f3n de los trabajos de mantenimiento en parques e\u00f3licos como obras de construcci\u00f3n. Por Tom\u00e1s Romagosa, director t\u00e9cnico de AEE"}]},{"@type":"WebSite","@id":"https:\/\/aeeolica.org\/#website","url":"https:\/\/aeeolica.org\/","name":"Asociaci\u00f3n Empresarial E\u00f3lica","description":"AEE Asociaci\u00f3n Empresarial E\u00f3lica","publisher":{"@id":"https:\/\/aeeolica.org\/#organization"},"potentialAction":[{"@type":"SearchAction","target":{"@type":"EntryPoint","urlTemplate":"https:\/\/aeeolica.org\/?s={search_term_string}"},"query-input":{"@type":"PropertyValueSpecification","valueRequired":true,"valueName":"search_term_string"}}],"inLanguage":"en-US"},{"@type":"Organization","@id":"https:\/\/aeeolica.org\/#organization","name":"Asociaci\u00f3n Empresarial E\u00f3lica","url":"https:\/\/aeeolica.org\/","logo":{"@type":"ImageObject","inLanguage":"en-US","@id":"https:\/\/aeeolica.org\/#\/schema\/logo\/image\/","url":"https:\/\/aeeolica.org\/wp-content\/uploads\/2021\/08\/logo-aee.png","contentUrl":"https:\/\/aeeolica.org\/wp-content\/uploads\/2021\/08\/logo-aee.png","width":180,"height":78,"caption":"Asociaci\u00f3n Empresarial E\u00f3lica"},"image":{"@id":"https:\/\/aeeolica.org\/#\/schema\/logo\/image\/"},"sameAs":["https:\/\/www.facebook.com\/aeeolica","https:\/\/x.com\/aeeolica","https:\/\/www.instagram.com\/aeeolica\/","https:\/\/www.linkedin.com\/in\/aee-asociaci\u00f3n-empresarial-e\u00f3lica-6830946b\/","https:\/\/www.youtube.com\/user\/AEEolica"]},{"@type":"Person","@id":"https:\/\/aeeolica.org\/#\/schema\/person\/6a2517a04d4939d7b273a97e03ad2754","name":"Vicent","image":{"@type":"ImageObject","inLanguage":"en-US","@id":"https:\/\/secure.gravatar.com\/avatar\/9f0fea5e6bfa4d7107fbd7ea5e27d73cdca4f791f880e9f9f4171ecd42a7d395?s=96&d=mm&r=g","url":"https:\/\/secure.gravatar.com\/avatar\/9f0fea5e6bfa4d7107fbd7ea5e27d73cdca4f791f880e9f9f4171ecd42a7d395?s=96&d=mm&r=g","contentUrl":"https:\/\/secure.gravatar.com\/avatar\/9f0fea5e6bfa4d7107fbd7ea5e27d73cdca4f791f880e9f9f4171ecd42a7d395?s=96&d=mm&r=g","caption":"Vicent"},"sameAs":["https:\/\/aeeolica.org"],"url":"https:\/\/aeeolica.org\/en\/author\/vicent\/"}]}},"_links":{"self":[{"href":"https:\/\/aeeolica.org\/en\/wp-json\/wp\/v2\/posts\/17252","targetHints":{"allow":["GET"]}}],"collection":[{"href":"https:\/\/aeeolica.org\/en\/wp-json\/wp\/v2\/posts"}],"about":[{"href":"https:\/\/aeeolica.org\/en\/wp-json\/wp\/v2\/types\/post"}],"author":[{"embeddable":true,"href":"https:\/\/aeeolica.org\/en\/wp-json\/wp\/v2\/users\/1"}],"replies":[{"embeddable":true,"href":"https:\/\/aeeolica.org\/en\/wp-json\/wp\/v2\/comments?post=17252"}],"version-history":[{"count":0,"href":"https:\/\/aeeolica.org\/en\/wp-json\/wp\/v2\/posts\/17252\/revisions"}],"wp:attachment":[{"href":"https:\/\/aeeolica.org\/en\/wp-json\/wp\/v2\/media?parent=17252"}],"wp:term":[{"taxonomy":"category","embeddable":true,"href":"https:\/\/aeeolica.org\/en\/wp-json\/wp\/v2\/categories?post=17252"},{"taxonomy":"post_tag","embeddable":true,"href":"https:\/\/aeeolica.org\/en\/wp-json\/wp\/v2\/tags?post=17252"}],"curies":[{"name":"wp","href":"https:\/\/api.w.org\/{rel}","templated":true}]}}