{"id":17255,"date":"2021-04-27T16:56:41","date_gmt":"2021-04-27T12:51:00","guid":{"rendered":"https:\/\/aeeolica.org\/?p=17255"},"modified":"2021-08-12T19:24:29","modified_gmt":"2021-08-12T19:24:29","slug":"la-energia-limpia-es-una-condicion-necesaria-para-conseguir-los-objetivos-de-descarbonizacion-entrevista-a-juan-virgilio-marquez-portavoz-del-foro-para-la-electrificacion-y-ceo-de-aee","status":"publish","type":"post","link":"https:\/\/aeeolica.org\/en\/la-energia-limpia-es-una-condicion-necesaria-para-conseguir-los-objetivos-de-descarbonizacion-entrevista-a-juan-virgilio-marquez-portavoz-del-foro-para-la-electrificacion-y-ceo-de-aee\/","title":{"rendered":"&#8220;La energ\u00eda limpia es una condici\u00f3n necesaria para conseguir los objetivos de descarbonizaci\u00f3n&#8221;. Entrevista a Juan Virgilio M\u00e1rquez, portavoz del Foro para la Electrificaci\u00f3n y CEO de AEE"},"content":{"rendered":"<p>Juan Virgilio M\u00e1rquez, portavoz del Foro para la Electrificaci\u00f3n, indica que nuestro pa\u00eds posee un servicio de la red excelente, en ocasiones por encima del de algunas potencias mundiales. El problema, por definirlo de alguna manera, es que el nivel de electrificaci\u00f3n de Espa\u00f1a es \u201csolo\u201d del 23%, una cifra en sinton\u00eda con la mayor\u00eda de los pa\u00edses de nuestro entorno, pero sin duda insuficiente si queremos aumentar la competitividad y eficiencia de los procesos tecnol\u00f3gicos y cumplir con los acuerdos de reducci\u00f3n de las emisiones al medio ambiente a los que como pa\u00eds nos hemos comprometido. Por eso, el Foro para la Electrificaci\u00f3n aboga por adoptar cuanto antes las medidas necesarias para mitigar las emisiones.<\/p>\n<p>Fuente: Revista\u00a0GEO<\/p>\n<p><a href=\"https:\/\/www.mundo-geo.es\/conocimiento\/cafe-con-juan-virgilio-marquez-portavoz-foro-electrificacion_232539_102.html\" target=\"_blank\" rel=\"noopener noreferrer\">Ver entrevista<\/a><\/p>\n","protected":false},"excerpt":{"rendered":"<p>Juan Virgilio M\u00e1rquez, portavoz del Foro para la Electrificaci\u00f3n, indica que nuestro pa\u00eds posee un servicio de la red excelente, en ocasiones por encima del de algunas potencias mundiales. El [&hellip;]<\/p>\n","protected":false},"author":1,"featured_media":0,"comment_status":"open","ping_status":"open","sticky":false,"template":"","format":"standard","meta":{"_acf_changed":false,"_bbp_topic_count":0,"_bbp_reply_count":0,"_bbp_total_topic_count":0,"_bbp_total_reply_count":0,"_bbp_voice_count":0,"_bbp_anonymous_reply_count":0,"_bbp_topic_count_hidden":0,"_bbp_reply_count_hidden":0,"_bbp_forum_subforum_count":0,"_et_pb_use_builder":"","_et_pb_old_content":"","_et_gb_content_width":"","footnotes":""},"categories":[223],"tags":[386,387],"class_list":["post-17255","post","type-post","status-publish","format-standard","hentry","category-aee-opina","tag-director-de-politicas-energeticas-y-cambio-climatico-de-aee","tag-no-necesariamente-van-a-seguir-bajando-los-precios-de-la-energia-eolica-entrevista-a-heikki-willstedt"],"acf":[],"yoast_head":"<!-- This site is optimized with the Yoast SEO plugin v27.4 - https:\/\/yoast.com\/product\/yoast-seo-wordpress\/ -->\n<title>&quot;La energ\u00eda limpia es una condici\u00f3n necesaria para conseguir los objetivos de descarbonizaci\u00f3n&quot;. Entrevista a Juan Virgilio M\u00e1rquez, portavoz del Foro para la Electrificaci\u00f3n y CEO de AEE - Asociaci\u00f3n Empresarial E\u00f3lica<\/title>\n<meta name=\"description\" content=\"No necesariamente van a seguir bajando los precios de la energ\u00eda e\u00f3lica. Entrevista a Heikki Willstedt, director de Pol\u00edticas Energ\u00e9ticas y Cambio Clim\u00e1tico de AEE\" \/>\n<meta name=\"robots\" content=\"index, follow, max-snippet:-1, max-image-preview:large, max-video-preview:-1\" \/>\n<link rel=\"canonical\" href=\"https:\/\/aeeolica.org\/la-energia-limpia-es-una-condicion-necesaria-para-conseguir-los-objetivos-de-descarbonizacion-entrevista-a-juan-virgilio-marquez-portavoz-del-foro-para-la-electrificacion-y-ceo-de-aee\/\" \/>\n<meta property=\"og:locale\" content=\"en_US\" \/>\n<meta property=\"og:type\" content=\"article\" \/>\n<meta property=\"og:title\" content=\"&quot;La energ\u00eda limpia es una condici\u00f3n necesaria para conseguir los objetivos de descarbonizaci\u00f3n&quot;. Entrevista a Juan Virgilio M\u00e1rquez, portavoz del Foro para la Electrificaci\u00f3n y CEO de AEE - Asociaci\u00f3n Empresarial E\u00f3lica\" \/>\n<meta property=\"og:description\" content=\"No necesariamente van a seguir bajando los precios de la energ\u00eda e\u00f3lica. Entrevista a Heikki Willstedt, director de Pol\u00edticas Energ\u00e9ticas y Cambio Clim\u00e1tico de AEE\" \/>\n<meta property=\"og:url\" content=\"https:\/\/aeeolica.org\/la-energia-limpia-es-una-condicion-necesaria-para-conseguir-los-objetivos-de-descarbonizacion-entrevista-a-juan-virgilio-marquez-portavoz-del-foro-para-la-electrificacion-y-ceo-de-aee\/\" \/>\n<meta property=\"og:site_name\" content=\"Asociaci\u00f3n Empresarial E\u00f3lica\" \/>\n<meta property=\"article:publisher\" content=\"https:\/\/www.facebook.com\/aeeolica\" \/>\n<meta property=\"article:published_time\" content=\"2021-04-27T12:51:00+00:00\" \/>\n<meta property=\"article:modified_time\" content=\"2021-08-12T19:24:29+00:00\" \/>\n<meta name=\"author\" content=\"Vicent\" \/>\n<meta name=\"twitter:card\" content=\"summary_large_image\" \/>\n<meta name=\"twitter:creator\" content=\"@aeeolica\" \/>\n<meta name=\"twitter:site\" content=\"@aeeolica\" \/>\n<meta name=\"twitter:label1\" content=\"Written by\" \/>\n\t<meta name=\"twitter:data1\" content=\"Vicent\" \/>\n\t<meta name=\"twitter:label2\" content=\"Est. reading time\" \/>\n\t<meta name=\"twitter:data2\" content=\"1 minute\" \/>\n<script type=\"application\/ld+json\" class=\"yoast-schema-graph\">{\"@context\":\"https:\\\/\\\/schema.org\",\"@graph\":[{\"@type\":\"Article\",\"@id\":\"https:\\\/\\\/aeeolica.org\\\/la-energia-limpia-es-una-condicion-necesaria-para-conseguir-los-objetivos-de-descarbonizacion-entrevista-a-juan-virgilio-marquez-portavoz-del-foro-para-la-electrificacion-y-ceo-de-aee\\\/#article\",\"isPartOf\":{\"@id\":\"https:\\\/\\\/aeeolica.org\\\/la-energia-limpia-es-una-condicion-necesaria-para-conseguir-los-objetivos-de-descarbonizacion-entrevista-a-juan-virgilio-marquez-portavoz-del-foro-para-la-electrificacion-y-ceo-de-aee\\\/\"},\"author\":{\"name\":\"Vicent\",\"@id\":\"https:\\\/\\\/aeeolica.org\\\/#\\\/schema\\\/person\\\/6a2517a04d4939d7b273a97e03ad2754\"},\"headline\":\"&#8220;La energ\u00eda limpia es una condici\u00f3n necesaria para conseguir los objetivos de descarbonizaci\u00f3n&#8221;. Entrevista a Juan Virgilio M\u00e1rquez, portavoz del Foro para la Electrificaci\u00f3n y CEO de AEE\",\"datePublished\":\"2021-04-27T12:51:00+00:00\",\"dateModified\":\"2021-08-12T19:24:29+00:00\",\"mainEntityOfPage\":{\"@id\":\"https:\\\/\\\/aeeolica.org\\\/la-energia-limpia-es-una-condicion-necesaria-para-conseguir-los-objetivos-de-descarbonizacion-entrevista-a-juan-virgilio-marquez-portavoz-del-foro-para-la-electrificacion-y-ceo-de-aee\\\/\"},\"wordCount\":165,\"commentCount\":0,\"publisher\":{\"@id\":\"https:\\\/\\\/aeeolica.org\\\/#organization\"},\"keywords\":[\"director de Pol\u00edticas Energ\u00e9ticas y Cambio Clim\u00e1tico de AEE\",\"No necesariamente van a seguir bajando los precios de la energ\u00eda e\u00f3lica. Entrevista a Heikki Willstedt\"],\"articleSection\":[\"AEE Opina\"],\"inLanguage\":\"en-US\",\"potentialAction\":[{\"@type\":\"CommentAction\",\"name\":\"Comment\",\"target\":[\"https:\\\/\\\/aeeolica.org\\\/la-energia-limpia-es-una-condicion-necesaria-para-conseguir-los-objetivos-de-descarbonizacion-entrevista-a-juan-virgilio-marquez-portavoz-del-foro-para-la-electrificacion-y-ceo-de-aee\\\/#respond\"]}]},{\"@type\":\"WebPage\",\"@id\":\"https:\\\/\\\/aeeolica.org\\\/la-energia-limpia-es-una-condicion-necesaria-para-conseguir-los-objetivos-de-descarbonizacion-entrevista-a-juan-virgilio-marquez-portavoz-del-foro-para-la-electrificacion-y-ceo-de-aee\\\/\",\"url\":\"https:\\\/\\\/aeeolica.org\\\/la-energia-limpia-es-una-condicion-necesaria-para-conseguir-los-objetivos-de-descarbonizacion-entrevista-a-juan-virgilio-marquez-portavoz-del-foro-para-la-electrificacion-y-ceo-de-aee\\\/\",\"name\":\"\\\"La energ\u00eda limpia es una condici\u00f3n necesaria para conseguir los objetivos de descarbonizaci\u00f3n\\\". Entrevista a Juan Virgilio M\u00e1rquez, portavoz del Foro para la Electrificaci\u00f3n y CEO de AEE - Asociaci\u00f3n Empresarial E\u00f3lica\",\"isPartOf\":{\"@id\":\"https:\\\/\\\/aeeolica.org\\\/#website\"},\"datePublished\":\"2021-04-27T12:51:00+00:00\",\"dateModified\":\"2021-08-12T19:24:29+00:00\",\"description\":\"No necesariamente van a seguir bajando los precios de la energ\u00eda e\u00f3lica. Entrevista a Heikki Willstedt, director de Pol\u00edticas Energ\u00e9ticas y Cambio Clim\u00e1tico de AEE\",\"breadcrumb\":{\"@id\":\"https:\\\/\\\/aeeolica.org\\\/la-energia-limpia-es-una-condicion-necesaria-para-conseguir-los-objetivos-de-descarbonizacion-entrevista-a-juan-virgilio-marquez-portavoz-del-foro-para-la-electrificacion-y-ceo-de-aee\\\/#breadcrumb\"},\"inLanguage\":\"en-US\",\"potentialAction\":[{\"@type\":\"ReadAction\",\"target\":[\"https:\\\/\\\/aeeolica.org\\\/la-energia-limpia-es-una-condicion-necesaria-para-conseguir-los-objetivos-de-descarbonizacion-entrevista-a-juan-virgilio-marquez-portavoz-del-foro-para-la-electrificacion-y-ceo-de-aee\\\/\"]}]},{\"@type\":\"BreadcrumbList\",\"@id\":\"https:\\\/\\\/aeeolica.org\\\/la-energia-limpia-es-una-condicion-necesaria-para-conseguir-los-objetivos-de-descarbonizacion-entrevista-a-juan-virgilio-marquez-portavoz-del-foro-para-la-electrificacion-y-ceo-de-aee\\\/#breadcrumb\",\"itemListElement\":[{\"@type\":\"ListItem\",\"position\":1,\"name\":\"Portada\",\"item\":\"https:\\\/\\\/aeeolica.org\\\/en\\\/inicio\\\/\"},{\"@type\":\"ListItem\",\"position\":2,\"name\":\"\u00abLa energ\u00eda limpia es una condici\u00f3n necesaria para conseguir los objetivos de descarbonizaci\u00f3n\u00bb. Entrevista a Juan Virgilio M\u00e1rquez, portavoz del Foro para la Electrificaci\u00f3n y CEO de AEE\"}]},{\"@type\":\"WebSite\",\"@id\":\"https:\\\/\\\/aeeolica.org\\\/#website\",\"url\":\"https:\\\/\\\/aeeolica.org\\\/\",\"name\":\"Asociaci\u00f3n Empresarial E\u00f3lica\",\"description\":\"AEE Asociaci\u00f3n Empresarial E\u00f3lica\",\"publisher\":{\"@id\":\"https:\\\/\\\/aeeolica.org\\\/#organization\"},\"potentialAction\":[{\"@type\":\"SearchAction\",\"target\":{\"@type\":\"EntryPoint\",\"urlTemplate\":\"https:\\\/\\\/aeeolica.org\\\/?s={search_term_string}\"},\"query-input\":{\"@type\":\"PropertyValueSpecification\",\"valueRequired\":true,\"valueName\":\"search_term_string\"}}],\"inLanguage\":\"en-US\"},{\"@type\":\"Organization\",\"@id\":\"https:\\\/\\\/aeeolica.org\\\/#organization\",\"name\":\"Asociaci\u00f3n Empresarial E\u00f3lica\",\"url\":\"https:\\\/\\\/aeeolica.org\\\/\",\"logo\":{\"@type\":\"ImageObject\",\"inLanguage\":\"en-US\",\"@id\":\"https:\\\/\\\/aeeolica.org\\\/#\\\/schema\\\/logo\\\/image\\\/\",\"url\":\"https:\\\/\\\/aeeolica.org\\\/wp-content\\\/uploads\\\/2021\\\/08\\\/logo-aee.png\",\"contentUrl\":\"https:\\\/\\\/aeeolica.org\\\/wp-content\\\/uploads\\\/2021\\\/08\\\/logo-aee.png\",\"width\":180,\"height\":78,\"caption\":\"Asociaci\u00f3n Empresarial E\u00f3lica\"},\"image\":{\"@id\":\"https:\\\/\\\/aeeolica.org\\\/#\\\/schema\\\/logo\\\/image\\\/\"},\"sameAs\":[\"https:\\\/\\\/www.facebook.com\\\/aeeolica\",\"https:\\\/\\\/x.com\\\/aeeolica\",\"https:\\\/\\\/www.instagram.com\\\/aeeolica\\\/\",\"https:\\\/\\\/www.linkedin.com\\\/in\\\/aee-asociaci\u00f3n-empresarial-e\u00f3lica-6830946b\\\/\",\"https:\\\/\\\/www.youtube.com\\\/user\\\/AEEolica\"]},{\"@type\":\"Person\",\"@id\":\"https:\\\/\\\/aeeolica.org\\\/#\\\/schema\\\/person\\\/6a2517a04d4939d7b273a97e03ad2754\",\"name\":\"Vicent\",\"image\":{\"@type\":\"ImageObject\",\"inLanguage\":\"en-US\",\"@id\":\"https:\\\/\\\/secure.gravatar.com\\\/avatar\\\/9f0fea5e6bfa4d7107fbd7ea5e27d73cdca4f791f880e9f9f4171ecd42a7d395?s=96&d=mm&r=g\",\"url\":\"https:\\\/\\\/secure.gravatar.com\\\/avatar\\\/9f0fea5e6bfa4d7107fbd7ea5e27d73cdca4f791f880e9f9f4171ecd42a7d395?s=96&d=mm&r=g\",\"contentUrl\":\"https:\\\/\\\/secure.gravatar.com\\\/avatar\\\/9f0fea5e6bfa4d7107fbd7ea5e27d73cdca4f791f880e9f9f4171ecd42a7d395?s=96&d=mm&r=g\",\"caption\":\"Vicent\"},\"sameAs\":[\"https:\\\/\\\/aeeolica.org\"],\"url\":\"https:\\\/\\\/aeeolica.org\\\/en\\\/author\\\/vicent\\\/\"}]}<\/script>\n<!-- \/ Yoast SEO plugin. -->","yoast_head_json":{"title":"\"La energ\u00eda limpia es una condici\u00f3n necesaria para conseguir los objetivos de descarbonizaci\u00f3n\". Entrevista a Juan Virgilio M\u00e1rquez, portavoz del Foro para la Electrificaci\u00f3n y CEO de AEE - Asociaci\u00f3n Empresarial E\u00f3lica","description":"No necesariamente van a seguir bajando los precios de la energ\u00eda e\u00f3lica. Entrevista a Heikki Willstedt, director de Pol\u00edticas Energ\u00e9ticas y Cambio Clim\u00e1tico de AEE","robots":{"index":"index","follow":"follow","max-snippet":"max-snippet:-1","max-image-preview":"max-image-preview:large","max-video-preview":"max-video-preview:-1"},"canonical":"https:\/\/aeeolica.org\/la-energia-limpia-es-una-condicion-necesaria-para-conseguir-los-objetivos-de-descarbonizacion-entrevista-a-juan-virgilio-marquez-portavoz-del-foro-para-la-electrificacion-y-ceo-de-aee\/","og_locale":"en_US","og_type":"article","og_title":"\"La energ\u00eda limpia es una condici\u00f3n necesaria para conseguir los objetivos de descarbonizaci\u00f3n\". Entrevista a Juan Virgilio M\u00e1rquez, portavoz del Foro para la Electrificaci\u00f3n y CEO de AEE - Asociaci\u00f3n Empresarial E\u00f3lica","og_description":"No necesariamente van a seguir bajando los precios de la energ\u00eda e\u00f3lica. Entrevista a Heikki Willstedt, director de Pol\u00edticas Energ\u00e9ticas y Cambio Clim\u00e1tico de AEE","og_url":"https:\/\/aeeolica.org\/la-energia-limpia-es-una-condicion-necesaria-para-conseguir-los-objetivos-de-descarbonizacion-entrevista-a-juan-virgilio-marquez-portavoz-del-foro-para-la-electrificacion-y-ceo-de-aee\/","og_site_name":"Asociaci\u00f3n Empresarial E\u00f3lica","article_publisher":"https:\/\/www.facebook.com\/aeeolica","article_published_time":"2021-04-27T12:51:00+00:00","article_modified_time":"2021-08-12T19:24:29+00:00","author":"Vicent","twitter_card":"summary_large_image","twitter_creator":"@aeeolica","twitter_site":"@aeeolica","twitter_misc":{"Written by":"Vicent","Est. reading time":"1 minute"},"schema":{"@context":"https:\/\/schema.org","@graph":[{"@type":"Article","@id":"https:\/\/aeeolica.org\/la-energia-limpia-es-una-condicion-necesaria-para-conseguir-los-objetivos-de-descarbonizacion-entrevista-a-juan-virgilio-marquez-portavoz-del-foro-para-la-electrificacion-y-ceo-de-aee\/#article","isPartOf":{"@id":"https:\/\/aeeolica.org\/la-energia-limpia-es-una-condicion-necesaria-para-conseguir-los-objetivos-de-descarbonizacion-entrevista-a-juan-virgilio-marquez-portavoz-del-foro-para-la-electrificacion-y-ceo-de-aee\/"},"author":{"name":"Vicent","@id":"https:\/\/aeeolica.org\/#\/schema\/person\/6a2517a04d4939d7b273a97e03ad2754"},"headline":"&#8220;La energ\u00eda limpia es una condici\u00f3n necesaria para conseguir los objetivos de descarbonizaci\u00f3n&#8221;. Entrevista a Juan Virgilio M\u00e1rquez, portavoz del Foro para la Electrificaci\u00f3n y CEO de AEE","datePublished":"2021-04-27T12:51:00+00:00","dateModified":"2021-08-12T19:24:29+00:00","mainEntityOfPage":{"@id":"https:\/\/aeeolica.org\/la-energia-limpia-es-una-condicion-necesaria-para-conseguir-los-objetivos-de-descarbonizacion-entrevista-a-juan-virgilio-marquez-portavoz-del-foro-para-la-electrificacion-y-ceo-de-aee\/"},"wordCount":165,"commentCount":0,"publisher":{"@id":"https:\/\/aeeolica.org\/#organization"},"keywords":["director de Pol\u00edticas Energ\u00e9ticas y Cambio Clim\u00e1tico de AEE","No necesariamente van a seguir bajando los precios de la energ\u00eda e\u00f3lica. Entrevista a Heikki Willstedt"],"articleSection":["AEE Opina"],"inLanguage":"en-US","potentialAction":[{"@type":"CommentAction","name":"Comment","target":["https:\/\/aeeolica.org\/la-energia-limpia-es-una-condicion-necesaria-para-conseguir-los-objetivos-de-descarbonizacion-entrevista-a-juan-virgilio-marquez-portavoz-del-foro-para-la-electrificacion-y-ceo-de-aee\/#respond"]}]},{"@type":"WebPage","@id":"https:\/\/aeeolica.org\/la-energia-limpia-es-una-condicion-necesaria-para-conseguir-los-objetivos-de-descarbonizacion-entrevista-a-juan-virgilio-marquez-portavoz-del-foro-para-la-electrificacion-y-ceo-de-aee\/","url":"https:\/\/aeeolica.org\/la-energia-limpia-es-una-condicion-necesaria-para-conseguir-los-objetivos-de-descarbonizacion-entrevista-a-juan-virgilio-marquez-portavoz-del-foro-para-la-electrificacion-y-ceo-de-aee\/","name":"\"La energ\u00eda limpia es una condici\u00f3n necesaria para conseguir los objetivos de descarbonizaci\u00f3n\". Entrevista a Juan Virgilio M\u00e1rquez, portavoz del Foro para la Electrificaci\u00f3n y CEO de AEE - Asociaci\u00f3n Empresarial E\u00f3lica","isPartOf":{"@id":"https:\/\/aeeolica.org\/#website"},"datePublished":"2021-04-27T12:51:00+00:00","dateModified":"2021-08-12T19:24:29+00:00","description":"No necesariamente van a seguir bajando los precios de la energ\u00eda e\u00f3lica. Entrevista a Heikki Willstedt, director de Pol\u00edticas Energ\u00e9ticas y Cambio Clim\u00e1tico de AEE","breadcrumb":{"@id":"https:\/\/aeeolica.org\/la-energia-limpia-es-una-condicion-necesaria-para-conseguir-los-objetivos-de-descarbonizacion-entrevista-a-juan-virgilio-marquez-portavoz-del-foro-para-la-electrificacion-y-ceo-de-aee\/#breadcrumb"},"inLanguage":"en-US","potentialAction":[{"@type":"ReadAction","target":["https:\/\/aeeolica.org\/la-energia-limpia-es-una-condicion-necesaria-para-conseguir-los-objetivos-de-descarbonizacion-entrevista-a-juan-virgilio-marquez-portavoz-del-foro-para-la-electrificacion-y-ceo-de-aee\/"]}]},{"@type":"BreadcrumbList","@id":"https:\/\/aeeolica.org\/la-energia-limpia-es-una-condicion-necesaria-para-conseguir-los-objetivos-de-descarbonizacion-entrevista-a-juan-virgilio-marquez-portavoz-del-foro-para-la-electrificacion-y-ceo-de-aee\/#breadcrumb","itemListElement":[{"@type":"ListItem","position":1,"name":"Portada","item":"https:\/\/aeeolica.org\/en\/inicio\/"},{"@type":"ListItem","position":2,"name":"\u00abLa energ\u00eda limpia es una condici\u00f3n necesaria para conseguir los objetivos de descarbonizaci\u00f3n\u00bb. Entrevista a Juan Virgilio M\u00e1rquez, portavoz del Foro para la Electrificaci\u00f3n y CEO de AEE"}]},{"@type":"WebSite","@id":"https:\/\/aeeolica.org\/#website","url":"https:\/\/aeeolica.org\/","name":"Asociaci\u00f3n Empresarial E\u00f3lica","description":"AEE Asociaci\u00f3n Empresarial E\u00f3lica","publisher":{"@id":"https:\/\/aeeolica.org\/#organization"},"potentialAction":[{"@type":"SearchAction","target":{"@type":"EntryPoint","urlTemplate":"https:\/\/aeeolica.org\/?s={search_term_string}"},"query-input":{"@type":"PropertyValueSpecification","valueRequired":true,"valueName":"search_term_string"}}],"inLanguage":"en-US"},{"@type":"Organization","@id":"https:\/\/aeeolica.org\/#organization","name":"Asociaci\u00f3n Empresarial E\u00f3lica","url":"https:\/\/aeeolica.org\/","logo":{"@type":"ImageObject","inLanguage":"en-US","@id":"https:\/\/aeeolica.org\/#\/schema\/logo\/image\/","url":"https:\/\/aeeolica.org\/wp-content\/uploads\/2021\/08\/logo-aee.png","contentUrl":"https:\/\/aeeolica.org\/wp-content\/uploads\/2021\/08\/logo-aee.png","width":180,"height":78,"caption":"Asociaci\u00f3n Empresarial E\u00f3lica"},"image":{"@id":"https:\/\/aeeolica.org\/#\/schema\/logo\/image\/"},"sameAs":["https:\/\/www.facebook.com\/aeeolica","https:\/\/x.com\/aeeolica","https:\/\/www.instagram.com\/aeeolica\/","https:\/\/www.linkedin.com\/in\/aee-asociaci\u00f3n-empresarial-e\u00f3lica-6830946b\/","https:\/\/www.youtube.com\/user\/AEEolica"]},{"@type":"Person","@id":"https:\/\/aeeolica.org\/#\/schema\/person\/6a2517a04d4939d7b273a97e03ad2754","name":"Vicent","image":{"@type":"ImageObject","inLanguage":"en-US","@id":"https:\/\/secure.gravatar.com\/avatar\/9f0fea5e6bfa4d7107fbd7ea5e27d73cdca4f791f880e9f9f4171ecd42a7d395?s=96&d=mm&r=g","url":"https:\/\/secure.gravatar.com\/avatar\/9f0fea5e6bfa4d7107fbd7ea5e27d73cdca4f791f880e9f9f4171ecd42a7d395?s=96&d=mm&r=g","contentUrl":"https:\/\/secure.gravatar.com\/avatar\/9f0fea5e6bfa4d7107fbd7ea5e27d73cdca4f791f880e9f9f4171ecd42a7d395?s=96&d=mm&r=g","caption":"Vicent"},"sameAs":["https:\/\/aeeolica.org"],"url":"https:\/\/aeeolica.org\/en\/author\/vicent\/"}]}},"_links":{"self":[{"href":"https:\/\/aeeolica.org\/en\/wp-json\/wp\/v2\/posts\/17255","targetHints":{"allow":["GET"]}}],"collection":[{"href":"https:\/\/aeeolica.org\/en\/wp-json\/wp\/v2\/posts"}],"about":[{"href":"https:\/\/aeeolica.org\/en\/wp-json\/wp\/v2\/types\/post"}],"author":[{"embeddable":true,"href":"https:\/\/aeeolica.org\/en\/wp-json\/wp\/v2\/users\/1"}],"replies":[{"embeddable":true,"href":"https:\/\/aeeolica.org\/en\/wp-json\/wp\/v2\/comments?post=17255"}],"version-history":[{"count":0,"href":"https:\/\/aeeolica.org\/en\/wp-json\/wp\/v2\/posts\/17255\/revisions"}],"wp:attachment":[{"href":"https:\/\/aeeolica.org\/en\/wp-json\/wp\/v2\/media?parent=17255"}],"wp:term":[{"taxonomy":"category","embeddable":true,"href":"https:\/\/aeeolica.org\/en\/wp-json\/wp\/v2\/categories?post=17255"},{"taxonomy":"post_tag","embeddable":true,"href":"https:\/\/aeeolica.org\/en\/wp-json\/wp\/v2\/tags?post=17255"}],"curies":[{"name":"wp","href":"https:\/\/api.w.org\/{rel}","templated":true}]}}