{"id":186535,"date":"2023-11-02T21:02:39","date_gmt":"2023-11-02T20:02:39","guid":{"rendered":"https:\/\/aeeolica.org\/?p=186535"},"modified":"2023-11-02T21:14:38","modified_gmt":"2023-11-02T20:14:38","slug":"convocatoria-de-proyectos-2023-de-renantis","status":"publish","type":"post","link":"https:\/\/aeeolica.org\/en\/convocatoria-de-proyectos-2023-de-renantis\/","title":{"rendered":"Convocatoria de Proyectos 2023 de Renantis"},"content":{"rendered":"\n<p>En 2023 viviremos el verano m\u00e1s caluroso desde que empezamos a llevar registros de las temperaturas globales en 1880, seg\u00fan el Instituto Goddard de Estudios Espaciales de la NASA y el Centro Europeo de Predicci\u00f3n Meteorol\u00f3gica a Medio Plazo (ECMWF) Copernicus.&nbsp; Esto forma parte de una tendencia impulsada principalmente por las emisiones de gases de efecto invernadero relacionadas con la actividad humana, que est\u00e1n provocando un calentamiento global y un cambio clim\u00e1tico con consecuencias cada vez m\u00e1s graves para nuestro planeta y nuestra sociedad: solo en 2023, los fen\u00f3menos meteorol\u00f3gicos extremos relacionados con el cambio clim\u00e1tico incluyeron olas de calor sin precedentes en Europa, Am\u00e9rica y Asia, incendios forestales mortales en Canad\u00e1, Haw\u00e1i y Grecia, lluvias devastadoras e inundaciones en la India, Italia y Libia, por nombrar algunos.<\/p>\n\n\n\n<p>Es urgente actuar para combatir el cambio clim\u00e1tico y sus efectos. Como nos recuerda a menudo la ONU&nbsp;<em>\u201cCada d\u00e9cima de temperatura cuenta: a las comunidades vulnerables, a los ecosistemas y a cada uno de nosotros\u201d.&nbsp;<\/em>En Renantis creemos que nuestra contribuci\u00f3n debe ir m\u00e1s all\u00e1 de la producci\u00f3n de energ\u00eda renovable. Por este motivo, hemos creado un Fondo Comunitario de Acci\u00f3n Clim\u00e1tica para ayudar a afrontar los retos m\u00e1s amplios asociados al cambio clim\u00e1tico en las comunidades locales de nuestros parques e\u00f3licos y plantas fotovoltaicas en Espa\u00f1a.<\/p>\n\n\n\n<p><strong>\u00bfTIENES UNA IDEA (O CONOCES A ALGUIEN DE TU COMUNIDAD, VECINO \u2013 ASOCIACI\u00d3N \u2013 INSTITUCI\u00d3N) PARA UNA INICIATIVA QUE PODR\u00cdA AYUDAR A HACER FRENTE AL CAMBIO CLIM\u00c1TICO O MITIGAR SU IMPACTO? CU\u00c9NTANOSLA Y TENDR\u00c1S LA OPORTUNIDAD DE RECIBIR HASTA 10.000 \u20ac&nbsp;-DEPENDIENDO DEL ALCANCE DEL PROYECTO PRESENTADO- PARA LLEVAR A CABO ACCIONES CLIM\u00c1TICAS DIRIGIDAS POR LA COMUNIDAD QUE PUEDAN TENER UN IMPACTO POSITIVO PARA EL PLANETA Y LAS GENERACIONES FUTURAS.<\/strong><\/p>\n\n\n\n<p>Buscamos proyectos innovadores en una amplia gama de temas, entre los que se incluyen los siguientes:<\/p>\n\n\n\n<ul class=\"wp-block-list\">\n<li>Proyectos de descarbonizaci\u00f3n para reducir las emisiones de gases de efecto invernadero mediante el uso de fuentes de energ\u00eda renovables o la optimizaci\u00f3n del consumo de energ\u00eda (indique si se van a realizar en zonas desfavorecidas, donde tambi\u00e9n pueden ayudar con la crisis del coste de la vida y los costes energ\u00e9ticos).<\/li>\n<\/ul>\n\n\n\n<ul class=\"wp-block-list\">\n<li>Comunidades Energ\u00e9ticas.<\/li>\n<\/ul>\n\n\n\n<ul class=\"wp-block-list\">\n<li>Proyectos de mitigaci\u00f3n del cambio clim\u00e1tico y gesti\u00f3n del riesgo de fen\u00f3menos meteorol\u00f3gicos extremos.<\/li>\n<\/ul>\n\n\n\n<ul class=\"wp-block-list\">\n<li>Actividades sociales relacionadas con el cambio clim\u00e1tico que puedan aumentar la concienciaci\u00f3n en este \u00e1mbito y contribuir positivamente a la vida social de la comunidad.<\/li>\n<\/ul>\n\n\n\n<ul class=\"wp-block-list\">\n<li>Proyectos de digitalizaci\u00f3n que puedan ayudar a la comunidad a tomar medidas contra el cambio clim\u00e1tico o en caso de fen\u00f3menos clim\u00e1ticos extremos.<\/li>\n<\/ul>\n\n\n\n<ul class=\"wp-block-list\">\n<li>Redes sociales\/eventos comunitarios que permitan a las comunidades compartir las mejores pr\u00e1cticas sobre acciones contra el cambio clim\u00e1tico, ya sea internamente dentro de la comunidad o entre diferentes comunidades.<\/li>\n<\/ul>\n\n\n\n<p>Las ideas ganadoras tienen que ser pr\u00e1cticas, demostrar un impacto positivo y estar en funcionamiento en 2024.&nbsp;<a href=\"https:\/\/docs.google.com\/forms\/d\/13w_19gewjbA9hV4yE-Wuqshl5BEIxVKgnuW-zho_kiw\/edit\">Cu\u00e9ntanos tu idea en el formulario de solicitud<\/a> (<a href=\"https:\/\/docs.google.com\/forms\/d\/13w_19gewjbA9hV4yE-Wuqshl5BEIxVKgnuW-zho_kiw\/viewform?edit_requested=true\">https:\/\/docs.google.com\/forms\/d\/13w_19gewjbA9hV4yE-Wuqshl5BEIxVKgnuW-zho_kiw\/viewform?edit_requested=true<\/a>)&nbsp;y env\u00edanoslo con toda la informaci\u00f3n complementaria antes del viernes&nbsp;<strong>15 de diciembre.<\/strong><\/p>\n\n\n\n<p>Los ganadores se dar\u00e1n a conocer en enero de 2024.<\/p>\n\n\n\n<p>C\u00f3mo solicitar este programa<\/p>\n\n\n\n<ol class=\"wp-block-list\">\n<li>Cada comunidad local asociada a nuestras plantas de energ\u00eda renovable puede presentar hasta dos proyectos diferentes utilizando el formulario que figura a continuaci\u00f3n. Los proyectos pueden ser llevados a cabo por otras organizaciones de tu zona, por lo que no dudes en compartir los detalles con quien creas que pueda estar interesado.<\/li>\n<\/ol>\n\n\n\n<ul class=\"wp-block-list\">\n<li>Los proyectos seleccionados deber\u00e1n:<\/li>\n\n\n\n<li>Estar ubicados en la zona geogr\u00e1fica que alberga una de nuestras plantas de energ\u00edas renovables operativas (o un proyecto que vaya a entrar en funcionamiento pr\u00f3ximamente).<\/li>\n\n\n\n<li>Tener capacidad de puesta en marcha en 2024.<\/li>\n\n\n\n<li>Contar con el apoyo de la comunidad local.<\/li>\n\n\n\n<li>Poder demostrar un impacto positivo en la lucha contra el cambio clim\u00e1tico o en la mitigaci\u00f3n de su impacto.<\/li>\n\n\n\n<li>Poder ser evaluados para demostrar que han alcanzado los objetivos del proyecto.<\/li>\n\n\n\n<li>Renantis cubrir\u00e1 hasta el 80% del coste total de los proyectos seleccionados (es decir, hasta 10.000\u20ac). Indica en la solicitud c\u00f3mo piensa obtener el 20% de financiaci\u00f3n complementaria.<\/li>\n<\/ul>\n\n\n\n<p>Si necesitas m\u00e1s informaci\u00f3n sobre c\u00f3mo presentar tu proyecto, ponte en contacto con&nbsp;<a href=\"mailto:maria.bocarando@renantis.com\">maria.bocarando@renantis.com<\/a><\/p>\n\n\n\n<p>A tener en cuenta que se pedir\u00e1 a los solicitantes seleccionados que faciliten informaci\u00f3n peri\u00f3dica que nos permita demostrar la importancia de prestar este apoyo adicional a las comunidades locales -cuyo formato puede ser-:<\/p>\n\n\n\n<ul class=\"wp-block-list\">\n<li>Un resumen de las medidas adoptadas.<\/li>\n\n\n\n<li>Estudios de casos que muestren c\u00f3mo la financiaci\u00f3n est\u00e1 ayudando a su comunidad a tomar medidas contra el cambio clim\u00e1tico.<\/li>\n\n\n\n<li>Los resultados obtenidos por el proyecto.<\/li>\n<\/ul>\n","protected":false},"excerpt":{"rendered":"<p>En 2023 viviremos el verano m\u00e1s caluroso desde que empezamos a llevar registros de las temperaturas globales en 1880, seg\u00fan el Instituto Goddard de Estudios Espaciales de la NASA y [&hellip;]<\/p>\n","protected":false},"author":1,"featured_media":186342,"comment_status":"open","ping_status":"open","sticky":false,"template":"","format":"standard","meta":{"_acf_changed":false,"_bbp_topic_count":0,"_bbp_reply_count":0,"_bbp_total_topic_count":0,"_bbp_total_reply_count":0,"_bbp_voice_count":0,"_bbp_anonymous_reply_count":0,"_bbp_topic_count_hidden":0,"_bbp_reply_count_hidden":0,"_bbp_forum_subforum_count":0,"_et_pb_use_builder":"","_et_pb_old_content":"","_et_gb_content_width":"","footnotes":""},"categories":[478],"tags":[],"class_list":["post-186535","post","type-post","status-publish","format-standard","has-post-thumbnail","hentry","category-newsletter-octubre-2023"],"acf":[],"yoast_head":"<!-- This site is optimized with the Yoast SEO plugin v27.4 - https:\/\/yoast.com\/product\/yoast-seo-wordpress\/ -->\n<title>Convocatoria de Proyectos 2023 de Renantis - Asociaci\u00f3n Empresarial E\u00f3lica<\/title>\n<meta name=\"robots\" content=\"index, follow, max-snippet:-1, max-image-preview:large, max-video-preview:-1\" \/>\n<link rel=\"canonical\" href=\"https:\/\/aeeolica.org\/convocatoria-de-proyectos-2023-de-renantis\/\" \/>\n<meta property=\"og:locale\" content=\"en_US\" \/>\n<meta property=\"og:type\" content=\"article\" \/>\n<meta property=\"og:title\" content=\"Convocatoria de Proyectos 2023 de Renantis - Asociaci\u00f3n Empresarial E\u00f3lica\" \/>\n<meta property=\"og:description\" content=\"En 2023 viviremos el verano m\u00e1s caluroso desde que empezamos a llevar registros de las temperaturas globales en 1880, seg\u00fan el Instituto Goddard de Estudios Espaciales de la NASA y [&hellip;]\" \/>\n<meta property=\"og:url\" content=\"https:\/\/aeeolica.org\/convocatoria-de-proyectos-2023-de-renantis\/\" \/>\n<meta property=\"og:site_name\" content=\"Asociaci\u00f3n Empresarial E\u00f3lica\" \/>\n<meta property=\"article:publisher\" content=\"https:\/\/www.facebook.com\/aeeolica\" \/>\n<meta property=\"article:published_time\" content=\"2023-11-02T20:02:39+00:00\" \/>\n<meta property=\"article:modified_time\" content=\"2023-11-02T20:14:38+00:00\" \/>\n<meta property=\"og:image\" content=\"https:\/\/aeeolica.org\/wp-content\/uploads\/2023\/11\/Renantis.png\" \/>\n\t<meta property=\"og:image:width\" content=\"567\" \/>\n\t<meta property=\"og:image:height\" content=\"319\" \/>\n\t<meta property=\"og:image:type\" content=\"image\/png\" \/>\n<meta name=\"author\" content=\"Vicent\" \/>\n<meta name=\"twitter:card\" content=\"summary_large_image\" \/>\n<meta name=\"twitter:creator\" content=\"@aeeolica\" \/>\n<meta name=\"twitter:site\" content=\"@aeeolica\" \/>\n<meta name=\"twitter:label1\" content=\"Written by\" \/>\n\t<meta name=\"twitter:data1\" content=\"Vicent\" \/>\n\t<meta name=\"twitter:label2\" content=\"Est. reading time\" \/>\n\t<meta name=\"twitter:data2\" content=\"4 minutes\" \/>\n<script type=\"application\/ld+json\" class=\"yoast-schema-graph\">{\"@context\":\"https:\\\/\\\/schema.org\",\"@graph\":[{\"@type\":\"Article\",\"@id\":\"https:\\\/\\\/aeeolica.org\\\/convocatoria-de-proyectos-2023-de-renantis\\\/#article\",\"isPartOf\":{\"@id\":\"https:\\\/\\\/aeeolica.org\\\/convocatoria-de-proyectos-2023-de-renantis\\\/\"},\"author\":{\"name\":\"Vicent\",\"@id\":\"https:\\\/\\\/aeeolica.org\\\/#\\\/schema\\\/person\\\/6a2517a04d4939d7b273a97e03ad2754\"},\"headline\":\"Convocatoria de Proyectos 2023 de Renantis\",\"datePublished\":\"2023-11-02T20:02:39+00:00\",\"dateModified\":\"2023-11-02T20:14:38+00:00\",\"mainEntityOfPage\":{\"@id\":\"https:\\\/\\\/aeeolica.org\\\/convocatoria-de-proyectos-2023-de-renantis\\\/\"},\"wordCount\":830,\"commentCount\":0,\"publisher\":{\"@id\":\"https:\\\/\\\/aeeolica.org\\\/#organization\"},\"image\":{\"@id\":\"https:\\\/\\\/aeeolica.org\\\/convocatoria-de-proyectos-2023-de-renantis\\\/#primaryimage\"},\"thumbnailUrl\":\"https:\\\/\\\/aeeolica.org\\\/wp-content\\\/uploads\\\/2023\\\/11\\\/Renantis.png\",\"articleSection\":[\"Newsletter Octubre 2023\"],\"inLanguage\":\"en-US\",\"potentialAction\":[{\"@type\":\"CommentAction\",\"name\":\"Comment\",\"target\":[\"https:\\\/\\\/aeeolica.org\\\/convocatoria-de-proyectos-2023-de-renantis\\\/#respond\"]}]},{\"@type\":\"WebPage\",\"@id\":\"https:\\\/\\\/aeeolica.org\\\/convocatoria-de-proyectos-2023-de-renantis\\\/\",\"url\":\"https:\\\/\\\/aeeolica.org\\\/convocatoria-de-proyectos-2023-de-renantis\\\/\",\"name\":\"Convocatoria de Proyectos 2023 de Renantis - Asociaci\u00f3n Empresarial E\u00f3lica\",\"isPartOf\":{\"@id\":\"https:\\\/\\\/aeeolica.org\\\/#website\"},\"primaryImageOfPage\":{\"@id\":\"https:\\\/\\\/aeeolica.org\\\/convocatoria-de-proyectos-2023-de-renantis\\\/#primaryimage\"},\"image\":{\"@id\":\"https:\\\/\\\/aeeolica.org\\\/convocatoria-de-proyectos-2023-de-renantis\\\/#primaryimage\"},\"thumbnailUrl\":\"https:\\\/\\\/aeeolica.org\\\/wp-content\\\/uploads\\\/2023\\\/11\\\/Renantis.png\",\"datePublished\":\"2023-11-02T20:02:39+00:00\",\"dateModified\":\"2023-11-02T20:14:38+00:00\",\"breadcrumb\":{\"@id\":\"https:\\\/\\\/aeeolica.org\\\/convocatoria-de-proyectos-2023-de-renantis\\\/#breadcrumb\"},\"inLanguage\":\"en-US\",\"potentialAction\":[{\"@type\":\"ReadAction\",\"target\":[\"https:\\\/\\\/aeeolica.org\\\/convocatoria-de-proyectos-2023-de-renantis\\\/\"]}]},{\"@type\":\"ImageObject\",\"inLanguage\":\"en-US\",\"@id\":\"https:\\\/\\\/aeeolica.org\\\/convocatoria-de-proyectos-2023-de-renantis\\\/#primaryimage\",\"url\":\"https:\\\/\\\/aeeolica.org\\\/wp-content\\\/uploads\\\/2023\\\/11\\\/Renantis.png\",\"contentUrl\":\"https:\\\/\\\/aeeolica.org\\\/wp-content\\\/uploads\\\/2023\\\/11\\\/Renantis.png\",\"width\":567,\"height\":319},{\"@type\":\"BreadcrumbList\",\"@id\":\"https:\\\/\\\/aeeolica.org\\\/convocatoria-de-proyectos-2023-de-renantis\\\/#breadcrumb\",\"itemListElement\":[{\"@type\":\"ListItem\",\"position\":1,\"name\":\"Portada\",\"item\":\"https:\\\/\\\/aeeolica.org\\\/en\\\/inicio\\\/\"},{\"@type\":\"ListItem\",\"position\":2,\"name\":\"Convocatoria de Proyectos 2023 de Renantis\"}]},{\"@type\":\"WebSite\",\"@id\":\"https:\\\/\\\/aeeolica.org\\\/#website\",\"url\":\"https:\\\/\\\/aeeolica.org\\\/\",\"name\":\"Asociaci\u00f3n Empresarial E\u00f3lica\",\"description\":\"AEE Asociaci\u00f3n Empresarial E\u00f3lica\",\"publisher\":{\"@id\":\"https:\\\/\\\/aeeolica.org\\\/#organization\"},\"potentialAction\":[{\"@type\":\"SearchAction\",\"target\":{\"@type\":\"EntryPoint\",\"urlTemplate\":\"https:\\\/\\\/aeeolica.org\\\/?s={search_term_string}\"},\"query-input\":{\"@type\":\"PropertyValueSpecification\",\"valueRequired\":true,\"valueName\":\"search_term_string\"}}],\"inLanguage\":\"en-US\"},{\"@type\":\"Organization\",\"@id\":\"https:\\\/\\\/aeeolica.org\\\/#organization\",\"name\":\"Asociaci\u00f3n Empresarial E\u00f3lica\",\"url\":\"https:\\\/\\\/aeeolica.org\\\/\",\"logo\":{\"@type\":\"ImageObject\",\"inLanguage\":\"en-US\",\"@id\":\"https:\\\/\\\/aeeolica.org\\\/#\\\/schema\\\/logo\\\/image\\\/\",\"url\":\"https:\\\/\\\/aeeolica.org\\\/wp-content\\\/uploads\\\/2021\\\/08\\\/logo-aee.png\",\"contentUrl\":\"https:\\\/\\\/aeeolica.org\\\/wp-content\\\/uploads\\\/2021\\\/08\\\/logo-aee.png\",\"width\":180,\"height\":78,\"caption\":\"Asociaci\u00f3n Empresarial E\u00f3lica\"},\"image\":{\"@id\":\"https:\\\/\\\/aeeolica.org\\\/#\\\/schema\\\/logo\\\/image\\\/\"},\"sameAs\":[\"https:\\\/\\\/www.facebook.com\\\/aeeolica\",\"https:\\\/\\\/x.com\\\/aeeolica\",\"https:\\\/\\\/www.instagram.com\\\/aeeolica\\\/\",\"https:\\\/\\\/www.linkedin.com\\\/in\\\/aee-asociaci\u00f3n-empresarial-e\u00f3lica-6830946b\\\/\",\"https:\\\/\\\/www.youtube.com\\\/user\\\/AEEolica\"]},{\"@type\":\"Person\",\"@id\":\"https:\\\/\\\/aeeolica.org\\\/#\\\/schema\\\/person\\\/6a2517a04d4939d7b273a97e03ad2754\",\"name\":\"Vicent\",\"image\":{\"@type\":\"ImageObject\",\"inLanguage\":\"en-US\",\"@id\":\"https:\\\/\\\/secure.gravatar.com\\\/avatar\\\/9f0fea5e6bfa4d7107fbd7ea5e27d73cdca4f791f880e9f9f4171ecd42a7d395?s=96&d=mm&r=g\",\"url\":\"https:\\\/\\\/secure.gravatar.com\\\/avatar\\\/9f0fea5e6bfa4d7107fbd7ea5e27d73cdca4f791f880e9f9f4171ecd42a7d395?s=96&d=mm&r=g\",\"contentUrl\":\"https:\\\/\\\/secure.gravatar.com\\\/avatar\\\/9f0fea5e6bfa4d7107fbd7ea5e27d73cdca4f791f880e9f9f4171ecd42a7d395?s=96&d=mm&r=g\",\"caption\":\"Vicent\"},\"sameAs\":[\"https:\\\/\\\/aeeolica.org\"],\"url\":\"https:\\\/\\\/aeeolica.org\\\/en\\\/author\\\/vicent\\\/\"}]}<\/script>\n<!-- \/ Yoast SEO plugin. -->","yoast_head_json":{"title":"Convocatoria de Proyectos 2023 de Renantis - Asociaci\u00f3n Empresarial E\u00f3lica","robots":{"index":"index","follow":"follow","max-snippet":"max-snippet:-1","max-image-preview":"max-image-preview:large","max-video-preview":"max-video-preview:-1"},"canonical":"https:\/\/aeeolica.org\/convocatoria-de-proyectos-2023-de-renantis\/","og_locale":"en_US","og_type":"article","og_title":"Convocatoria de Proyectos 2023 de Renantis - Asociaci\u00f3n Empresarial E\u00f3lica","og_description":"En 2023 viviremos el verano m\u00e1s caluroso desde que empezamos a llevar registros de las temperaturas globales en 1880, seg\u00fan el Instituto Goddard de Estudios Espaciales de la NASA y [&hellip;]","og_url":"https:\/\/aeeolica.org\/convocatoria-de-proyectos-2023-de-renantis\/","og_site_name":"Asociaci\u00f3n Empresarial E\u00f3lica","article_publisher":"https:\/\/www.facebook.com\/aeeolica","article_published_time":"2023-11-02T20:02:39+00:00","article_modified_time":"2023-11-02T20:14:38+00:00","og_image":[{"width":567,"height":319,"url":"https:\/\/aeeolica.org\/wp-content\/uploads\/2023\/11\/Renantis.png","type":"image\/png"}],"author":"Vicent","twitter_card":"summary_large_image","twitter_creator":"@aeeolica","twitter_site":"@aeeolica","twitter_misc":{"Written by":"Vicent","Est. reading time":"4 minutes"},"schema":{"@context":"https:\/\/schema.org","@graph":[{"@type":"Article","@id":"https:\/\/aeeolica.org\/convocatoria-de-proyectos-2023-de-renantis\/#article","isPartOf":{"@id":"https:\/\/aeeolica.org\/convocatoria-de-proyectos-2023-de-renantis\/"},"author":{"name":"Vicent","@id":"https:\/\/aeeolica.org\/#\/schema\/person\/6a2517a04d4939d7b273a97e03ad2754"},"headline":"Convocatoria de Proyectos 2023 de Renantis","datePublished":"2023-11-02T20:02:39+00:00","dateModified":"2023-11-02T20:14:38+00:00","mainEntityOfPage":{"@id":"https:\/\/aeeolica.org\/convocatoria-de-proyectos-2023-de-renantis\/"},"wordCount":830,"commentCount":0,"publisher":{"@id":"https:\/\/aeeolica.org\/#organization"},"image":{"@id":"https:\/\/aeeolica.org\/convocatoria-de-proyectos-2023-de-renantis\/#primaryimage"},"thumbnailUrl":"https:\/\/aeeolica.org\/wp-content\/uploads\/2023\/11\/Renantis.png","articleSection":["Newsletter Octubre 2023"],"inLanguage":"en-US","potentialAction":[{"@type":"CommentAction","name":"Comment","target":["https:\/\/aeeolica.org\/convocatoria-de-proyectos-2023-de-renantis\/#respond"]}]},{"@type":"WebPage","@id":"https:\/\/aeeolica.org\/convocatoria-de-proyectos-2023-de-renantis\/","url":"https:\/\/aeeolica.org\/convocatoria-de-proyectos-2023-de-renantis\/","name":"Convocatoria de Proyectos 2023 de Renantis - Asociaci\u00f3n Empresarial E\u00f3lica","isPartOf":{"@id":"https:\/\/aeeolica.org\/#website"},"primaryImageOfPage":{"@id":"https:\/\/aeeolica.org\/convocatoria-de-proyectos-2023-de-renantis\/#primaryimage"},"image":{"@id":"https:\/\/aeeolica.org\/convocatoria-de-proyectos-2023-de-renantis\/#primaryimage"},"thumbnailUrl":"https:\/\/aeeolica.org\/wp-content\/uploads\/2023\/11\/Renantis.png","datePublished":"2023-11-02T20:02:39+00:00","dateModified":"2023-11-02T20:14:38+00:00","breadcrumb":{"@id":"https:\/\/aeeolica.org\/convocatoria-de-proyectos-2023-de-renantis\/#breadcrumb"},"inLanguage":"en-US","potentialAction":[{"@type":"ReadAction","target":["https:\/\/aeeolica.org\/convocatoria-de-proyectos-2023-de-renantis\/"]}]},{"@type":"ImageObject","inLanguage":"en-US","@id":"https:\/\/aeeolica.org\/convocatoria-de-proyectos-2023-de-renantis\/#primaryimage","url":"https:\/\/aeeolica.org\/wp-content\/uploads\/2023\/11\/Renantis.png","contentUrl":"https:\/\/aeeolica.org\/wp-content\/uploads\/2023\/11\/Renantis.png","width":567,"height":319},{"@type":"BreadcrumbList","@id":"https:\/\/aeeolica.org\/convocatoria-de-proyectos-2023-de-renantis\/#breadcrumb","itemListElement":[{"@type":"ListItem","position":1,"name":"Portada","item":"https:\/\/aeeolica.org\/en\/inicio\/"},{"@type":"ListItem","position":2,"name":"Convocatoria de Proyectos 2023 de Renantis"}]},{"@type":"WebSite","@id":"https:\/\/aeeolica.org\/#website","url":"https:\/\/aeeolica.org\/","name":"Asociaci\u00f3n Empresarial E\u00f3lica","description":"AEE Asociaci\u00f3n Empresarial E\u00f3lica","publisher":{"@id":"https:\/\/aeeolica.org\/#organization"},"potentialAction":[{"@type":"SearchAction","target":{"@type":"EntryPoint","urlTemplate":"https:\/\/aeeolica.org\/?s={search_term_string}"},"query-input":{"@type":"PropertyValueSpecification","valueRequired":true,"valueName":"search_term_string"}}],"inLanguage":"en-US"},{"@type":"Organization","@id":"https:\/\/aeeolica.org\/#organization","name":"Asociaci\u00f3n Empresarial E\u00f3lica","url":"https:\/\/aeeolica.org\/","logo":{"@type":"ImageObject","inLanguage":"en-US","@id":"https:\/\/aeeolica.org\/#\/schema\/logo\/image\/","url":"https:\/\/aeeolica.org\/wp-content\/uploads\/2021\/08\/logo-aee.png","contentUrl":"https:\/\/aeeolica.org\/wp-content\/uploads\/2021\/08\/logo-aee.png","width":180,"height":78,"caption":"Asociaci\u00f3n Empresarial E\u00f3lica"},"image":{"@id":"https:\/\/aeeolica.org\/#\/schema\/logo\/image\/"},"sameAs":["https:\/\/www.facebook.com\/aeeolica","https:\/\/x.com\/aeeolica","https:\/\/www.instagram.com\/aeeolica\/","https:\/\/www.linkedin.com\/in\/aee-asociaci\u00f3n-empresarial-e\u00f3lica-6830946b\/","https:\/\/www.youtube.com\/user\/AEEolica"]},{"@type":"Person","@id":"https:\/\/aeeolica.org\/#\/schema\/person\/6a2517a04d4939d7b273a97e03ad2754","name":"Vicent","image":{"@type":"ImageObject","inLanguage":"en-US","@id":"https:\/\/secure.gravatar.com\/avatar\/9f0fea5e6bfa4d7107fbd7ea5e27d73cdca4f791f880e9f9f4171ecd42a7d395?s=96&d=mm&r=g","url":"https:\/\/secure.gravatar.com\/avatar\/9f0fea5e6bfa4d7107fbd7ea5e27d73cdca4f791f880e9f9f4171ecd42a7d395?s=96&d=mm&r=g","contentUrl":"https:\/\/secure.gravatar.com\/avatar\/9f0fea5e6bfa4d7107fbd7ea5e27d73cdca4f791f880e9f9f4171ecd42a7d395?s=96&d=mm&r=g","caption":"Vicent"},"sameAs":["https:\/\/aeeolica.org"],"url":"https:\/\/aeeolica.org\/en\/author\/vicent\/"}]}},"_links":{"self":[{"href":"https:\/\/aeeolica.org\/en\/wp-json\/wp\/v2\/posts\/186535","targetHints":{"allow":["GET"]}}],"collection":[{"href":"https:\/\/aeeolica.org\/en\/wp-json\/wp\/v2\/posts"}],"about":[{"href":"https:\/\/aeeolica.org\/en\/wp-json\/wp\/v2\/types\/post"}],"author":[{"embeddable":true,"href":"https:\/\/aeeolica.org\/en\/wp-json\/wp\/v2\/users\/1"}],"replies":[{"embeddable":true,"href":"https:\/\/aeeolica.org\/en\/wp-json\/wp\/v2\/comments?post=186535"}],"version-history":[{"count":0,"href":"https:\/\/aeeolica.org\/en\/wp-json\/wp\/v2\/posts\/186535\/revisions"}],"wp:featuredmedia":[{"embeddable":true,"href":"https:\/\/aeeolica.org\/en\/wp-json\/wp\/v2\/media\/186342"}],"wp:attachment":[{"href":"https:\/\/aeeolica.org\/en\/wp-json\/wp\/v2\/media?parent=186535"}],"wp:term":[{"taxonomy":"category","embeddable":true,"href":"https:\/\/aeeolica.org\/en\/wp-json\/wp\/v2\/categories?post=186535"},{"taxonomy":"post_tag","embeddable":true,"href":"https:\/\/aeeolica.org\/en\/wp-json\/wp\/v2\/tags?post=186535"}],"curies":[{"name":"wp","href":"https:\/\/api.w.org\/{rel}","templated":true}]}}