{"id":195572,"date":"2023-11-30T17:28:08","date_gmt":"2023-11-30T16:28:08","guid":{"rendered":"https:\/\/aeeolica.org\/?p=195572"},"modified":"2023-11-30T17:28:10","modified_gmt":"2023-11-30T16:28:10","slug":"sebastian-viola-sales-manager-spain-portugal-de-kooi-es-el-protagonista-de-la-entrevista-del-mes-en-nuestra-newsletter","status":"publish","type":"post","link":"https:\/\/aeeolica.org\/en\/sebastian-viola-sales-manager-spain-portugal-de-kooi-es-el-protagonista-de-la-entrevista-del-mes-en-nuestra-newsletter\/","title":{"rendered":"Sebasti\u00e1n Viola, Sales Manager Spain &#038; Portugal de KOOI, es el protagonista de la entrevista del mes en nuestra newsletter"},"content":{"rendered":"\n<p>Sebasti\u00e1n Viola es Sales Manager Spain &amp; Portugal en KOOI desde 2022. Su trabajo en la empresa se centra en la captaci\u00f3n de clientes EPC\/O&amp;M, IPP, para parques solares y e\u00f3licos, y gruistas en la parte de construcci\u00f3n, servicios y grandes obras correctivas en parques.<\/p>\n\n\n\n<p>1. <strong>La actividad principal de KOOI es la prevenci\u00f3n de robos y da\u00f1os en emplazamientos de construcci\u00f3n, log\u00edstica o almacenes, a base de sistemas de seguridad, y en concreto en el sector e\u00f3lico est\u00e1 teniendo un importante nicho de mercado. \u00bfC\u00f3mo comenz\u00f3 vuestra actividad en la e\u00f3lica y cu\u00e1ntos a\u00f1os de experiencia os avalan?<\/strong><\/p>\n\n\n\n<p>El principal objetivo de Kooi es evitar robos y da\u00f1os en obras de construcci\u00f3n, log\u00edstica y almacenes mediante sistemas de seguridad avanzados. Nuestra fuerte presencia en el sector de la energ\u00eda e\u00f3lica, en el que ocupamos un importante lugar en el mercado, se debe a que reconocemos y afrontamos sus distintos problemas de seguridad. Gracias a nuestros m\u00e1s de 12 a\u00f1os de experiencia, hemos podido optimizar nuestra t\u00e9cnica en la creaci\u00f3n de soluciones de vigilancia a medida para parques e\u00f3licos. Esta dilatada experiencia nos permite identificar los puntos vulnerables de los proyectos de energ\u00eda e\u00f3lica, lo que garantiza una protecci\u00f3n integral. El hecho de que Kooi apueste por medidas de seguridad innovadoras consolida nuestra posici\u00f3n como proveedor de confianza para proteger los activos del din\u00e1mico sector de la energ\u00eda e\u00f3lica.<\/p>\n\n\n\n<p>2. <strong>Hab\u00e9is dado servicio en m\u00e1s de 35.000 emplazamientos en m\u00e1s de 22 pa\u00edses utilizando los sistemas de seguridad de KOOI. \u00bfC\u00f3mo funcionan vuestras medidas de seguridad?<\/strong><\/p>\n\n\n\n<p>En Kooi Videovigilancia, nuestras Unidades de Observaci\u00f3n disponen de tecnolog\u00eda avanzada, como c\u00e1maras inteligentes y monitorizaci\u00f3n en tiempo real. Este enfoque proactivo combina el an\u00e1lisis de v\u00eddeo y la detecci\u00f3n de movimiento para identificar y hacer frente con rapidez a posibles amenazas. Nuestras soluciones se adaptan a las necesidades espec\u00edficas de cada industria, confeccionadas a medida para los sectores de las energ\u00edas renovables y la construcci\u00f3n a fin de priorizar la seguridad. Nuestra probada trayectoria hace gala de la m\u00e1xima fiabilidad y escalabilidad, lo cual refleja nuestro compromiso a favor de medidas de seguridad innovadoras. Dentro del panorama de la evoluci\u00f3n constante en el sector de la seguridad, Kooi se centra en ofrecer tranquilidad mediante soluciones vanguardistas.<\/p>\n\n\n\n<p>3. <strong>Cont\u00e1is con varios a\u00f1os de experiencia en la seguridad de parques e\u00f3licos, entendiendo lo que implica la planificaci\u00f3n de la construcci\u00f3n de un parque e\u00f3lico. Esto os ha permitido identificar d\u00f3nde se encuentran los puntos cr\u00edticos en t\u00e9rminos de seguridad, y tambi\u00e9n dispon\u00e9is de contactos con muchos de los socios de la cadena de mercado. \u00bfEs la e\u00f3lica vuestro principal nicho de mercado?<\/strong><\/p>\n\n\n\n<p>Aunque la energ\u00eda e\u00f3lica es un nicho de mercado importante para nosotros en Kooi Videovigilancia, nuestra experiencia va m\u00e1s all\u00e1 y abarca el sector m\u00e1s amplio de las energ\u00edas renovables, que incluye tanto el mercado e\u00f3lico como el solar. Adem\u00e1s, nos complace brindar soluciones de vigilancia adaptadas a las necesidades de seguridad de la industria de la construcci\u00f3n y el sector de las infraestructuras. Nuestros a\u00f1os de experiencia en materia de seguridad de parques e\u00f3licos nos han permitido conocer a fondo los puntos cr\u00edticos en la planificaci\u00f3n de la seguridad. Gracias a las buenas relaciones que mantenemos con colaboradores destacados de la cadena de mercado, ocupamos una posici\u00f3n privilegiada para ofrecer soluciones integrales de seguridad en diversos sectores. En Kooi, nos comprometemos a ofrecer soluciones de vigilancia vers\u00e1tiles y eficaces para proteger los proyectos de los sectores de las energ\u00edas renovables y la construcci\u00f3n.<\/p>\n\n\n\n<p>4. <strong>\u00bfCu\u00e1ntas oficinas y cu\u00e1ntos empleados tiene la empresa de manera internacional? \u00bfY en Espa\u00f1a?<\/strong><\/p>\n\n\n\n<p>En la actualidad, nuestra empresa cuenta con 15 oficinas en todo el mundo, lo que refuerza nuestra presencia internacional. De hecho, seguimos expandi\u00e9ndonos gracias a la pr\u00f3xima apertura de nuestra tercera oficina en Espa\u00f1a. En concreto, en la ciudad de Sevilla.<\/p>\n\n\n\n<p>5. <strong>Vuestros servicios benefician a cualquier proyecto de la cadena de valor del sector e\u00f3lico, dotando de seguridad a las instalaciones y contribuyendo al buen orden y funcionamiento dentro del sector. \u00bfQu\u00e9 papel jug\u00e1is en la Transici\u00f3n Energ\u00e9tica?<\/strong><\/p>\n\n\n\n<p>Nuestros sistemas avanzados de videovigilancia mejoran la seguridad de los recintos, reducen los riesgos y garantizan el buen funcionamiento de los proyectos e\u00f3licos. Con nuestra contribuci\u00f3n a un entorno seguro, fomentamos el crecimiento de las energ\u00edas renovables, lo que atrae inversiones y facilita el progreso del sector hacia la sostenibilidad. Kooi se compromete a ser un agente clave en el impulso de la seguridad y la estabilidad, esenciales para una Transici\u00f3n Energ\u00e9tica exitosa.<\/p>\n\n\n\n<p>6. <strong>Un robo no solo implica da\u00f1os materiales sino tambi\u00e9n da\u00f1os log\u00edsticos y en la operaci\u00f3n de la industria del sector tales como retrasos en proyectos o en procesos de producci\u00f3n. Es fundamental la colaboraci\u00f3n en toda la cadena de valor del sector. \u00bfEn qu\u00e9 sentido y en qu\u00e9 contextos sent\u00eds que colabor\u00e1is para que la cadena de suministro y fabricaci\u00f3n del sector se desarrolle y crezca?<\/strong><\/p>\n\n\n\n<p>En Kooi, nuestra labor de colaboraci\u00f3n abarca diversos contextos destinados a fomentar el desarrollo y el crecimiento de la cadena de suministro y producci\u00f3n del sector. Colaboramos de forma activa con las partes interesadas del sector para adaptar nuestras soluciones de seguridad, con lo que se garantiza que se ajusten al m\u00e1ximo a la evoluci\u00f3n de las necesidades. Al conocer y afrontar las consecuencias generales de los robos, ayudamos a minimizar los retrasos en los proyectos, mejorar los procesos de producci\u00f3n y favorecer la capacidad de reacci\u00f3n y el progreso general del sector.<\/p>\n\n\n\n<p>7. <strong>En algunos casos comercializ\u00e1is la combinaci\u00f3n de c\u00e1maras de videovigilancia y vigilantes para una seguridad m\u00e1xima, proporcionando un nivel de seguridad a\u00fan mayor para las obras de construcci\u00f3n. \u00bfQu\u00e9 papel juega cada tipo de vigilancia en la seguridad de los parques e\u00f3licos?<\/strong><\/p>\n\n\n\n<p>En la seguridad de los parques e\u00f3licos, los sistemas de videovigilancia de Kooi son fundamentales, ya que vigilan de forma permanente las \u00e1reas m\u00e1s extensas, detectan posibles amenazas y emiten alertas en tiempo real. As\u00ed, este enfoque proactivo permite tiempos de respuesta r\u00e1pidos. Adem\u00e1s, al integrar vigilantes de seguridad, se refuerza la protecci\u00f3n, ya que representan un elemento humano que se ocupa de situaciones complejas y complementa el potencial de las c\u00e1maras. Esta estrategia combinada garantiza una soluci\u00f3n de seguridad integral y escalonada para los parques e\u00f3licos, lo que reduce los riesgos de forma eficaz.<\/p>\n\n\n\n<p>8. <strong>\u00bfQu\u00e9 principales trabas normativas o administrativas est\u00e1is encontrando en vuestro crecimiento?<\/strong><\/p>\n\n\n\n<p>Como proveedor l\u00edder de soluciones de seguridad, nos comprometemos a respetar y cumplir diversos requisitos normativos y administrativos a fin de seguir creciendo. Los principales retos a los que nos enfrentamos suelen girar en torno al evolutivo marco de la normativa sobre protecci\u00f3n de datos y privacidad. El cumplimiento de estas normas es primordial, y nuestro compromiso permanente de garantizar las normas \u00e9ticas y jur\u00eddicas m\u00e1s estrictas puede suponer un reto en regiones con marcos normativos diversos. Nos esforzamos siempre por estar al d\u00eda de los cambios legislativos, adaptando nuestras pr\u00e1cticas para garantizar un cumplimiento impecable y colaborando con las autoridades competentes para resolver cualquier problema que pueda surgir en nuestro proceso de crecimiento.<\/p>\n\n\n\n<p>9. <strong>En nuestra vida cotidiana, todos podemos contribuir a la lucha contra el cambio clim\u00e1tico. \u00bfCu\u00e1l es tu propuesta de medida concreta que nuestros lectores pueden poner en pr\u00e1ctica en sus rutinas diarias hoy mismo?<\/strong><\/p>\n\n\n\n<p>En Kooi Videovigilancia, reconocemos la repercusi\u00f3n colectiva de las acciones individuales en la lucha contra el cambio clim\u00e1tico. En concreto, animamos a los lectores a reducir su huella de carbono mediante la eficiencia energ\u00e9tica. H\u00e1bitos sencillos como apagar las luces y los aparatos electr\u00f3nicos cuando no se utilizan, elegir electrodom\u00e9sticos de bajo consumo y optar por m\u00e9todos de transporte sostenibles pueden marcar una diferencia considerable. Por otra parte, se recomienda apostar por productos locales y sostenibles, as\u00ed como seguir una dieta basada en productos de origen vegetal para llevar un estilo de vida m\u00e1s ecol\u00f3gico. Estos peque\u00f1os cambios en las rutinas contribuyen a un futuro m\u00e1s sostenible para todo el mundo.<\/p>\n\n\n\n<p><a href=\"https:\/\/www.repsol.com\/content\/dam\/repsol-corporate\/es\/sala-de-prensa\/documentos-notas-de-prensa\/2022\/np161222-repsol-asterion-energies.pdf\" target=\"_blank\" rel=\"noreferrer noopener\"><\/a><\/p>\n","protected":false},"excerpt":{"rendered":"<p>Sebasti\u00e1n Viola es Sales Manager Spain &amp; Portugal en KOOI desde 2022. Su trabajo en la empresa se centra en la captaci\u00f3n de clientes EPC\/O&amp;M, IPP, para parques solares y [&hellip;]<\/p>\n","protected":false},"author":2,"featured_media":195734,"comment_status":"open","ping_status":"open","sticky":false,"template":"","format":"standard","meta":{"_acf_changed":false,"_bbp_topic_count":0,"_bbp_reply_count":0,"_bbp_total_topic_count":0,"_bbp_total_reply_count":0,"_bbp_voice_count":0,"_bbp_anonymous_reply_count":0,"_bbp_topic_count_hidden":0,"_bbp_reply_count_hidden":0,"_bbp_forum_subforum_count":0,"_et_pb_use_builder":"","_et_pb_old_content":"","_et_gb_content_width":"","footnotes":""},"categories":[478],"tags":[],"class_list":["post-195572","post","type-post","status-publish","format-standard","has-post-thumbnail","hentry","category-newsletter-octubre-2023"],"acf":[],"yoast_head":"<!-- This site is optimized with the Yoast SEO plugin v27.4 - https:\/\/yoast.com\/product\/yoast-seo-wordpress\/ -->\n<title>Sebasti\u00e1n Viola, Sales Manager Spain &amp; Portugal de KOOI, es el protagonista de la entrevista del mes en nuestra newsletter - Asociaci\u00f3n Empresarial E\u00f3lica<\/title>\n<meta name=\"robots\" content=\"index, follow, max-snippet:-1, max-image-preview:large, max-video-preview:-1\" \/>\n<link rel=\"canonical\" href=\"https:\/\/aeeolica.org\/sebastian-viola-sales-manager-spain-portugal-de-kooi-es-el-protagonista-de-la-entrevista-del-mes-en-nuestra-newsletter\/\" \/>\n<meta property=\"og:locale\" content=\"en_US\" \/>\n<meta property=\"og:type\" content=\"article\" \/>\n<meta property=\"og:title\" content=\"Sebasti\u00e1n Viola, Sales Manager Spain &amp; Portugal de KOOI, es el protagonista de la entrevista del mes en nuestra newsletter - Asociaci\u00f3n Empresarial E\u00f3lica\" \/>\n<meta property=\"og:description\" content=\"Sebasti\u00e1n Viola es Sales Manager Spain &amp; Portugal en KOOI desde 2022. Su trabajo en la empresa se centra en la captaci\u00f3n de clientes EPC\/O&amp;M, IPP, para parques solares y [&hellip;]\" \/>\n<meta property=\"og:url\" content=\"https:\/\/aeeolica.org\/sebastian-viola-sales-manager-spain-portugal-de-kooi-es-el-protagonista-de-la-entrevista-del-mes-en-nuestra-newsletter\/\" \/>\n<meta property=\"og:site_name\" content=\"Asociaci\u00f3n Empresarial E\u00f3lica\" \/>\n<meta property=\"article:publisher\" content=\"https:\/\/www.facebook.com\/aeeolica\" \/>\n<meta property=\"article:published_time\" content=\"2023-11-30T16:28:08+00:00\" \/>\n<meta property=\"article:modified_time\" content=\"2023-11-30T16:28:10+00:00\" \/>\n<meta property=\"og:image\" content=\"https:\/\/aeeolica.org\/wp-content\/uploads\/2023\/11\/Sebastian-Viola.jpg\" \/>\n\t<meta property=\"og:image:width\" content=\"800\" \/>\n\t<meta property=\"og:image:height\" content=\"800\" \/>\n\t<meta property=\"og:image:type\" content=\"image\/jpeg\" \/>\n<meta name=\"author\" content=\"Morante D\u00edaz, Mar\u00eda del Mar\" \/>\n<meta name=\"twitter:card\" content=\"summary_large_image\" \/>\n<meta name=\"twitter:creator\" content=\"@aeeolica\" \/>\n<meta name=\"twitter:site\" content=\"@aeeolica\" \/>\n<meta name=\"twitter:label1\" content=\"Written by\" \/>\n\t<meta name=\"twitter:data1\" content=\"Morante D\u00edaz, Mar\u00eda del Mar\" \/>\n\t<meta name=\"twitter:label2\" content=\"Est. reading time\" \/>\n\t<meta name=\"twitter:data2\" content=\"7 minutes\" \/>\n<script type=\"application\/ld+json\" class=\"yoast-schema-graph\">{\"@context\":\"https:\\\/\\\/schema.org\",\"@graph\":[{\"@type\":\"Article\",\"@id\":\"https:\\\/\\\/aeeolica.org\\\/sebastian-viola-sales-manager-spain-portugal-de-kooi-es-el-protagonista-de-la-entrevista-del-mes-en-nuestra-newsletter\\\/#article\",\"isPartOf\":{\"@id\":\"https:\\\/\\\/aeeolica.org\\\/sebastian-viola-sales-manager-spain-portugal-de-kooi-es-el-protagonista-de-la-entrevista-del-mes-en-nuestra-newsletter\\\/\"},\"author\":{\"name\":\"Morante D\u00edaz, Mar\u00eda del Mar\",\"@id\":\"https:\\\/\\\/aeeolica.org\\\/#\\\/schema\\\/person\\\/064b26f21f7ed52e0b3854e6b52f9772\"},\"headline\":\"Sebasti\u00e1n Viola, Sales Manager Spain &#038; Portugal de KOOI, es el protagonista de la entrevista del mes en nuestra newsletter\",\"datePublished\":\"2023-11-30T16:28:08+00:00\",\"dateModified\":\"2023-11-30T16:28:10+00:00\",\"mainEntityOfPage\":{\"@id\":\"https:\\\/\\\/aeeolica.org\\\/sebastian-viola-sales-manager-spain-portugal-de-kooi-es-el-protagonista-de-la-entrevista-del-mes-en-nuestra-newsletter\\\/\"},\"wordCount\":1469,\"commentCount\":0,\"publisher\":{\"@id\":\"https:\\\/\\\/aeeolica.org\\\/#organization\"},\"image\":{\"@id\":\"https:\\\/\\\/aeeolica.org\\\/sebastian-viola-sales-manager-spain-portugal-de-kooi-es-el-protagonista-de-la-entrevista-del-mes-en-nuestra-newsletter\\\/#primaryimage\"},\"thumbnailUrl\":\"https:\\\/\\\/aeeolica.org\\\/wp-content\\\/uploads\\\/2023\\\/11\\\/Sebastian-Viola.jpg\",\"articleSection\":[\"Newsletter Octubre 2023\"],\"inLanguage\":\"en-US\",\"potentialAction\":[{\"@type\":\"CommentAction\",\"name\":\"Comment\",\"target\":[\"https:\\\/\\\/aeeolica.org\\\/sebastian-viola-sales-manager-spain-portugal-de-kooi-es-el-protagonista-de-la-entrevista-del-mes-en-nuestra-newsletter\\\/#respond\"]}]},{\"@type\":\"WebPage\",\"@id\":\"https:\\\/\\\/aeeolica.org\\\/sebastian-viola-sales-manager-spain-portugal-de-kooi-es-el-protagonista-de-la-entrevista-del-mes-en-nuestra-newsletter\\\/\",\"url\":\"https:\\\/\\\/aeeolica.org\\\/sebastian-viola-sales-manager-spain-portugal-de-kooi-es-el-protagonista-de-la-entrevista-del-mes-en-nuestra-newsletter\\\/\",\"name\":\"Sebasti\u00e1n Viola, Sales Manager Spain & Portugal de KOOI, es el protagonista de la entrevista del mes en nuestra newsletter - Asociaci\u00f3n Empresarial E\u00f3lica\",\"isPartOf\":{\"@id\":\"https:\\\/\\\/aeeolica.org\\\/#website\"},\"primaryImageOfPage\":{\"@id\":\"https:\\\/\\\/aeeolica.org\\\/sebastian-viola-sales-manager-spain-portugal-de-kooi-es-el-protagonista-de-la-entrevista-del-mes-en-nuestra-newsletter\\\/#primaryimage\"},\"image\":{\"@id\":\"https:\\\/\\\/aeeolica.org\\\/sebastian-viola-sales-manager-spain-portugal-de-kooi-es-el-protagonista-de-la-entrevista-del-mes-en-nuestra-newsletter\\\/#primaryimage\"},\"thumbnailUrl\":\"https:\\\/\\\/aeeolica.org\\\/wp-content\\\/uploads\\\/2023\\\/11\\\/Sebastian-Viola.jpg\",\"datePublished\":\"2023-11-30T16:28:08+00:00\",\"dateModified\":\"2023-11-30T16:28:10+00:00\",\"breadcrumb\":{\"@id\":\"https:\\\/\\\/aeeolica.org\\\/sebastian-viola-sales-manager-spain-portugal-de-kooi-es-el-protagonista-de-la-entrevista-del-mes-en-nuestra-newsletter\\\/#breadcrumb\"},\"inLanguage\":\"en-US\",\"potentialAction\":[{\"@type\":\"ReadAction\",\"target\":[\"https:\\\/\\\/aeeolica.org\\\/sebastian-viola-sales-manager-spain-portugal-de-kooi-es-el-protagonista-de-la-entrevista-del-mes-en-nuestra-newsletter\\\/\"]}]},{\"@type\":\"ImageObject\",\"inLanguage\":\"en-US\",\"@id\":\"https:\\\/\\\/aeeolica.org\\\/sebastian-viola-sales-manager-spain-portugal-de-kooi-es-el-protagonista-de-la-entrevista-del-mes-en-nuestra-newsletter\\\/#primaryimage\",\"url\":\"https:\\\/\\\/aeeolica.org\\\/wp-content\\\/uploads\\\/2023\\\/11\\\/Sebastian-Viola.jpg\",\"contentUrl\":\"https:\\\/\\\/aeeolica.org\\\/wp-content\\\/uploads\\\/2023\\\/11\\\/Sebastian-Viola.jpg\",\"width\":800,\"height\":800},{\"@type\":\"BreadcrumbList\",\"@id\":\"https:\\\/\\\/aeeolica.org\\\/sebastian-viola-sales-manager-spain-portugal-de-kooi-es-el-protagonista-de-la-entrevista-del-mes-en-nuestra-newsletter\\\/#breadcrumb\",\"itemListElement\":[{\"@type\":\"ListItem\",\"position\":1,\"name\":\"Portada\",\"item\":\"https:\\\/\\\/aeeolica.org\\\/en\\\/inicio\\\/\"},{\"@type\":\"ListItem\",\"position\":2,\"name\":\"Sebasti\u00e1n Viola, Sales Manager Spain &#038; Portugal de KOOI, es el protagonista de la entrevista del mes en nuestra newsletter\"}]},{\"@type\":\"WebSite\",\"@id\":\"https:\\\/\\\/aeeolica.org\\\/#website\",\"url\":\"https:\\\/\\\/aeeolica.org\\\/\",\"name\":\"Asociaci\u00f3n Empresarial E\u00f3lica\",\"description\":\"AEE Asociaci\u00f3n Empresarial E\u00f3lica\",\"publisher\":{\"@id\":\"https:\\\/\\\/aeeolica.org\\\/#organization\"},\"potentialAction\":[{\"@type\":\"SearchAction\",\"target\":{\"@type\":\"EntryPoint\",\"urlTemplate\":\"https:\\\/\\\/aeeolica.org\\\/?s={search_term_string}\"},\"query-input\":{\"@type\":\"PropertyValueSpecification\",\"valueRequired\":true,\"valueName\":\"search_term_string\"}}],\"inLanguage\":\"en-US\"},{\"@type\":\"Organization\",\"@id\":\"https:\\\/\\\/aeeolica.org\\\/#organization\",\"name\":\"Asociaci\u00f3n Empresarial E\u00f3lica\",\"url\":\"https:\\\/\\\/aeeolica.org\\\/\",\"logo\":{\"@type\":\"ImageObject\",\"inLanguage\":\"en-US\",\"@id\":\"https:\\\/\\\/aeeolica.org\\\/#\\\/schema\\\/logo\\\/image\\\/\",\"url\":\"https:\\\/\\\/aeeolica.org\\\/wp-content\\\/uploads\\\/2021\\\/08\\\/logo-aee.png\",\"contentUrl\":\"https:\\\/\\\/aeeolica.org\\\/wp-content\\\/uploads\\\/2021\\\/08\\\/logo-aee.png\",\"width\":180,\"height\":78,\"caption\":\"Asociaci\u00f3n Empresarial E\u00f3lica\"},\"image\":{\"@id\":\"https:\\\/\\\/aeeolica.org\\\/#\\\/schema\\\/logo\\\/image\\\/\"},\"sameAs\":[\"https:\\\/\\\/www.facebook.com\\\/aeeolica\",\"https:\\\/\\\/x.com\\\/aeeolica\",\"https:\\\/\\\/www.instagram.com\\\/aeeolica\\\/\",\"https:\\\/\\\/www.linkedin.com\\\/in\\\/aee-asociaci\u00f3n-empresarial-e\u00f3lica-6830946b\\\/\",\"https:\\\/\\\/www.youtube.com\\\/user\\\/AEEolica\"]},{\"@type\":\"Person\",\"@id\":\"https:\\\/\\\/aeeolica.org\\\/#\\\/schema\\\/person\\\/064b26f21f7ed52e0b3854e6b52f9772\",\"name\":\"Morante D\u00edaz, Mar\u00eda del Mar\",\"image\":{\"@type\":\"ImageObject\",\"inLanguage\":\"en-US\",\"@id\":\"https:\\\/\\\/secure.gravatar.com\\\/avatar\\\/8bfd23e1c4bf5aa0b9314f1c5c9d644e62672831e6a512513954c3f15dffdd5a?s=96&d=mm&r=g\",\"url\":\"https:\\\/\\\/secure.gravatar.com\\\/avatar\\\/8bfd23e1c4bf5aa0b9314f1c5c9d644e62672831e6a512513954c3f15dffdd5a?s=96&d=mm&r=g\",\"contentUrl\":\"https:\\\/\\\/secure.gravatar.com\\\/avatar\\\/8bfd23e1c4bf5aa0b9314f1c5c9d644e62672831e6a512513954c3f15dffdd5a?s=96&d=mm&r=g\",\"caption\":\"Morante D\u00edaz, Mar\u00eda del Mar\"},\"url\":\"https:\\\/\\\/aeeolica.org\\\/en\\\/author\\\/mar\\\/\"}]}<\/script>\n<!-- \/ Yoast SEO plugin. -->","yoast_head_json":{"title":"Sebasti\u00e1n Viola, Sales Manager Spain & Portugal de KOOI, es el protagonista de la entrevista del mes en nuestra newsletter - Asociaci\u00f3n Empresarial E\u00f3lica","robots":{"index":"index","follow":"follow","max-snippet":"max-snippet:-1","max-image-preview":"max-image-preview:large","max-video-preview":"max-video-preview:-1"},"canonical":"https:\/\/aeeolica.org\/sebastian-viola-sales-manager-spain-portugal-de-kooi-es-el-protagonista-de-la-entrevista-del-mes-en-nuestra-newsletter\/","og_locale":"en_US","og_type":"article","og_title":"Sebasti\u00e1n Viola, Sales Manager Spain & Portugal de KOOI, es el protagonista de la entrevista del mes en nuestra newsletter - Asociaci\u00f3n Empresarial E\u00f3lica","og_description":"Sebasti\u00e1n Viola es Sales Manager Spain &amp; Portugal en KOOI desde 2022. Su trabajo en la empresa se centra en la captaci\u00f3n de clientes EPC\/O&amp;M, IPP, para parques solares y [&hellip;]","og_url":"https:\/\/aeeolica.org\/sebastian-viola-sales-manager-spain-portugal-de-kooi-es-el-protagonista-de-la-entrevista-del-mes-en-nuestra-newsletter\/","og_site_name":"Asociaci\u00f3n Empresarial E\u00f3lica","article_publisher":"https:\/\/www.facebook.com\/aeeolica","article_published_time":"2023-11-30T16:28:08+00:00","article_modified_time":"2023-11-30T16:28:10+00:00","og_image":[{"width":800,"height":800,"url":"https:\/\/aeeolica.org\/wp-content\/uploads\/2023\/11\/Sebastian-Viola.jpg","type":"image\/jpeg"}],"author":"Morante D\u00edaz, Mar\u00eda del Mar","twitter_card":"summary_large_image","twitter_creator":"@aeeolica","twitter_site":"@aeeolica","twitter_misc":{"Written by":"Morante D\u00edaz, Mar\u00eda del Mar","Est. reading time":"7 minutes"},"schema":{"@context":"https:\/\/schema.org","@graph":[{"@type":"Article","@id":"https:\/\/aeeolica.org\/sebastian-viola-sales-manager-spain-portugal-de-kooi-es-el-protagonista-de-la-entrevista-del-mes-en-nuestra-newsletter\/#article","isPartOf":{"@id":"https:\/\/aeeolica.org\/sebastian-viola-sales-manager-spain-portugal-de-kooi-es-el-protagonista-de-la-entrevista-del-mes-en-nuestra-newsletter\/"},"author":{"name":"Morante D\u00edaz, Mar\u00eda del Mar","@id":"https:\/\/aeeolica.org\/#\/schema\/person\/064b26f21f7ed52e0b3854e6b52f9772"},"headline":"Sebasti\u00e1n Viola, Sales Manager Spain &#038; Portugal de KOOI, es el protagonista de la entrevista del mes en nuestra newsletter","datePublished":"2023-11-30T16:28:08+00:00","dateModified":"2023-11-30T16:28:10+00:00","mainEntityOfPage":{"@id":"https:\/\/aeeolica.org\/sebastian-viola-sales-manager-spain-portugal-de-kooi-es-el-protagonista-de-la-entrevista-del-mes-en-nuestra-newsletter\/"},"wordCount":1469,"commentCount":0,"publisher":{"@id":"https:\/\/aeeolica.org\/#organization"},"image":{"@id":"https:\/\/aeeolica.org\/sebastian-viola-sales-manager-spain-portugal-de-kooi-es-el-protagonista-de-la-entrevista-del-mes-en-nuestra-newsletter\/#primaryimage"},"thumbnailUrl":"https:\/\/aeeolica.org\/wp-content\/uploads\/2023\/11\/Sebastian-Viola.jpg","articleSection":["Newsletter Octubre 2023"],"inLanguage":"en-US","potentialAction":[{"@type":"CommentAction","name":"Comment","target":["https:\/\/aeeolica.org\/sebastian-viola-sales-manager-spain-portugal-de-kooi-es-el-protagonista-de-la-entrevista-del-mes-en-nuestra-newsletter\/#respond"]}]},{"@type":"WebPage","@id":"https:\/\/aeeolica.org\/sebastian-viola-sales-manager-spain-portugal-de-kooi-es-el-protagonista-de-la-entrevista-del-mes-en-nuestra-newsletter\/","url":"https:\/\/aeeolica.org\/sebastian-viola-sales-manager-spain-portugal-de-kooi-es-el-protagonista-de-la-entrevista-del-mes-en-nuestra-newsletter\/","name":"Sebasti\u00e1n Viola, Sales Manager Spain & Portugal de KOOI, es el protagonista de la entrevista del mes en nuestra newsletter - Asociaci\u00f3n Empresarial E\u00f3lica","isPartOf":{"@id":"https:\/\/aeeolica.org\/#website"},"primaryImageOfPage":{"@id":"https:\/\/aeeolica.org\/sebastian-viola-sales-manager-spain-portugal-de-kooi-es-el-protagonista-de-la-entrevista-del-mes-en-nuestra-newsletter\/#primaryimage"},"image":{"@id":"https:\/\/aeeolica.org\/sebastian-viola-sales-manager-spain-portugal-de-kooi-es-el-protagonista-de-la-entrevista-del-mes-en-nuestra-newsletter\/#primaryimage"},"thumbnailUrl":"https:\/\/aeeolica.org\/wp-content\/uploads\/2023\/11\/Sebastian-Viola.jpg","datePublished":"2023-11-30T16:28:08+00:00","dateModified":"2023-11-30T16:28:10+00:00","breadcrumb":{"@id":"https:\/\/aeeolica.org\/sebastian-viola-sales-manager-spain-portugal-de-kooi-es-el-protagonista-de-la-entrevista-del-mes-en-nuestra-newsletter\/#breadcrumb"},"inLanguage":"en-US","potentialAction":[{"@type":"ReadAction","target":["https:\/\/aeeolica.org\/sebastian-viola-sales-manager-spain-portugal-de-kooi-es-el-protagonista-de-la-entrevista-del-mes-en-nuestra-newsletter\/"]}]},{"@type":"ImageObject","inLanguage":"en-US","@id":"https:\/\/aeeolica.org\/sebastian-viola-sales-manager-spain-portugal-de-kooi-es-el-protagonista-de-la-entrevista-del-mes-en-nuestra-newsletter\/#primaryimage","url":"https:\/\/aeeolica.org\/wp-content\/uploads\/2023\/11\/Sebastian-Viola.jpg","contentUrl":"https:\/\/aeeolica.org\/wp-content\/uploads\/2023\/11\/Sebastian-Viola.jpg","width":800,"height":800},{"@type":"BreadcrumbList","@id":"https:\/\/aeeolica.org\/sebastian-viola-sales-manager-spain-portugal-de-kooi-es-el-protagonista-de-la-entrevista-del-mes-en-nuestra-newsletter\/#breadcrumb","itemListElement":[{"@type":"ListItem","position":1,"name":"Portada","item":"https:\/\/aeeolica.org\/en\/inicio\/"},{"@type":"ListItem","position":2,"name":"Sebasti\u00e1n Viola, Sales Manager Spain &#038; Portugal de KOOI, es el protagonista de la entrevista del mes en nuestra newsletter"}]},{"@type":"WebSite","@id":"https:\/\/aeeolica.org\/#website","url":"https:\/\/aeeolica.org\/","name":"Asociaci\u00f3n Empresarial E\u00f3lica","description":"AEE Asociaci\u00f3n Empresarial E\u00f3lica","publisher":{"@id":"https:\/\/aeeolica.org\/#organization"},"potentialAction":[{"@type":"SearchAction","target":{"@type":"EntryPoint","urlTemplate":"https:\/\/aeeolica.org\/?s={search_term_string}"},"query-input":{"@type":"PropertyValueSpecification","valueRequired":true,"valueName":"search_term_string"}}],"inLanguage":"en-US"},{"@type":"Organization","@id":"https:\/\/aeeolica.org\/#organization","name":"Asociaci\u00f3n Empresarial E\u00f3lica","url":"https:\/\/aeeolica.org\/","logo":{"@type":"ImageObject","inLanguage":"en-US","@id":"https:\/\/aeeolica.org\/#\/schema\/logo\/image\/","url":"https:\/\/aeeolica.org\/wp-content\/uploads\/2021\/08\/logo-aee.png","contentUrl":"https:\/\/aeeolica.org\/wp-content\/uploads\/2021\/08\/logo-aee.png","width":180,"height":78,"caption":"Asociaci\u00f3n Empresarial E\u00f3lica"},"image":{"@id":"https:\/\/aeeolica.org\/#\/schema\/logo\/image\/"},"sameAs":["https:\/\/www.facebook.com\/aeeolica","https:\/\/x.com\/aeeolica","https:\/\/www.instagram.com\/aeeolica\/","https:\/\/www.linkedin.com\/in\/aee-asociaci\u00f3n-empresarial-e\u00f3lica-6830946b\/","https:\/\/www.youtube.com\/user\/AEEolica"]},{"@type":"Person","@id":"https:\/\/aeeolica.org\/#\/schema\/person\/064b26f21f7ed52e0b3854e6b52f9772","name":"Morante D\u00edaz, Mar\u00eda del Mar","image":{"@type":"ImageObject","inLanguage":"en-US","@id":"https:\/\/secure.gravatar.com\/avatar\/8bfd23e1c4bf5aa0b9314f1c5c9d644e62672831e6a512513954c3f15dffdd5a?s=96&d=mm&r=g","url":"https:\/\/secure.gravatar.com\/avatar\/8bfd23e1c4bf5aa0b9314f1c5c9d644e62672831e6a512513954c3f15dffdd5a?s=96&d=mm&r=g","contentUrl":"https:\/\/secure.gravatar.com\/avatar\/8bfd23e1c4bf5aa0b9314f1c5c9d644e62672831e6a512513954c3f15dffdd5a?s=96&d=mm&r=g","caption":"Morante D\u00edaz, Mar\u00eda del Mar"},"url":"https:\/\/aeeolica.org\/en\/author\/mar\/"}]}},"_links":{"self":[{"href":"https:\/\/aeeolica.org\/en\/wp-json\/wp\/v2\/posts\/195572","targetHints":{"allow":["GET"]}}],"collection":[{"href":"https:\/\/aeeolica.org\/en\/wp-json\/wp\/v2\/posts"}],"about":[{"href":"https:\/\/aeeolica.org\/en\/wp-json\/wp\/v2\/types\/post"}],"author":[{"embeddable":true,"href":"https:\/\/aeeolica.org\/en\/wp-json\/wp\/v2\/users\/2"}],"replies":[{"embeddable":true,"href":"https:\/\/aeeolica.org\/en\/wp-json\/wp\/v2\/comments?post=195572"}],"version-history":[{"count":0,"href":"https:\/\/aeeolica.org\/en\/wp-json\/wp\/v2\/posts\/195572\/revisions"}],"wp:featuredmedia":[{"embeddable":true,"href":"https:\/\/aeeolica.org\/en\/wp-json\/wp\/v2\/media\/195734"}],"wp:attachment":[{"href":"https:\/\/aeeolica.org\/en\/wp-json\/wp\/v2\/media?parent=195572"}],"wp:term":[{"taxonomy":"category","embeddable":true,"href":"https:\/\/aeeolica.org\/en\/wp-json\/wp\/v2\/categories?post=195572"},{"taxonomy":"post_tag","embeddable":true,"href":"https:\/\/aeeolica.org\/en\/wp-json\/wp\/v2\/tags?post=195572"}],"curies":[{"name":"wp","href":"https:\/\/api.w.org\/{rel}","templated":true}]}}