{"id":195639,"date":"2023-11-30T14:34:16","date_gmt":"2023-11-30T13:34:16","guid":{"rendered":"https:\/\/aeeolica.org\/?p=195639"},"modified":"2023-11-30T15:36:42","modified_gmt":"2023-11-30T14:36:42","slug":"naturgy-pone-en-marcha-un-parque-eolico-y-una-planta-fotovoltaica-en-extremadura-que-suministraran-energia-renovable-a-55-000-hogares","status":"publish","type":"post","link":"https:\/\/aeeolica.org\/en\/naturgy-pone-en-marcha-un-parque-eolico-y-una-planta-fotovoltaica-en-extremadura-que-suministraran-energia-renovable-a-55-000-hogares\/","title":{"rendered":"Naturgy pone en marcha un parque e\u00f3lico y una planta fotovoltaica en Extremadura que suministrar\u00e1n energ\u00eda renovable a 55.000 hogares"},"content":{"rendered":"\n<ul class=\"wp-block-list\">\n<li><strong>El parque e\u00f3lico Merengue II es el segundo de la compa\u00f1\u00eda en la regi\u00f3n y la planta fotovoltaica Puerta del Jerte, la segunda de esta tecnolog\u00eda.<\/strong><\/li>\n\n\n\n<li><strong>Las dos nuevas instalaciones, ubicadas en el municipio cacere\u00f1o de Plasencia, han permitido la creaci\u00f3n de m\u00e1s de 860 empleos directos e indirectos y producir\u00e1n la energ\u00eda equivalente&nbsp;al consumo el\u00e9ctrico anual de 54.500 viviendas.<\/strong><\/li>\n\n\n\n<li><strong>De aqu\u00ed a final de a\u00f1o, Extremadura contar\u00e1 con nueve instalaciones en desarrollo, construcci\u00f3n y explotaci\u00f3n, una cifra que la convierte en una de las comunidades aut\u00f3nomas que concentran m\u00e1s nuevos proyectos renovables de Naturgy en Espa\u00f1a.<\/strong><\/li>\n<\/ul>\n\n\n\n<p>Naturgy ha puesto en servicio recientemente el parque e\u00f3lico Merengue II, el segundo de la compa\u00f1\u00eda en Extremadura, y la planta fotovoltaica Puerta del Jerte, la segunda de esta tecnolog\u00eda en la comunidad. Ambas instalaciones permiten a la compa\u00f1\u00eda energ\u00e9tica sumar 80 MW a los que ya ten\u00eda en operaci\u00f3n y alcanzar los 142 MW renovables en la regi\u00f3n.<\/p>\n\n\n\n<p>Las dos instalaciones, que han creado m\u00e1s de 860 empleos directos e indirectos, producir\u00e1n m\u00e1s de 190 GWh\/a\u00f1o de energ\u00eda, lo que equivale al consumo el\u00e9ctrico anual de 54.500 viviendas. Asimismo, contribuir\u00e1n a reducir m\u00e1s de 120.000 toneladas de CO<sub>2<\/sub>&nbsp;al a\u00f1o, lo que equivale a retirar 50.000 veh\u00edculos de la circulaci\u00f3n durante un a\u00f1o. Durante la vida \u00fatil de ambos proyectos, estimada en 30 a\u00f1os, se evitar\u00e1 la emisi\u00f3n de m\u00e1s de 1,8 millones de toneladas de CO<sub>2<\/sub>&nbsp;al a\u00f1o.<\/p>\n\n\n\n<p>Para Ana Ruiz, delegada de Desarrollo Renovables de Naturgy en Extremadura, \u201cestas nuevas infraestructuras suponen un refrendo a la apuesta decidida de la compa\u00f1\u00eda por la regi\u00f3n extreme\u00f1a como referente en materia renovable\u201d, as\u00ed como una \u201cevidencia del compromiso con la transici\u00f3n energ\u00e9tica y la descarbonizaci\u00f3n, que representa una de las principales hojas de ruta de la compa\u00f1\u00eda\u201d.<\/p>\n\n\n\n<p>Con un total de 11 aerogeneradores, y una inversi\u00f3n aproximada de 41 millones de euros, el parque e\u00f3lico Merengue II cuenta con una potencia de 50 MW. Producir\u00e1 anualmente 128 GWh, y evitar\u00e1 la emisi\u00f3n anual de cerca de 81.500 toneladas de CO<sub>2<\/sub>. Es el segundo parque e\u00f3lico de Naturgy en Extremadura, que, junto a Merengue, ha convertido al municipio de Plasencia en el \u00fanico con generaci\u00f3n de este tipo en la Comunidad.<\/p>\n\n\n\n<p>Por su parte, la fotovoltaica Puerta del Jerte ha supuesto una inversi\u00f3n de cerca de 16 millones de euros. Con una potencia de 30 MW, generar\u00e1 62 GWh\/a\u00f1o, evitando la emisi\u00f3n de casi 39.500 toneladas de CO<sub>2&nbsp;<\/sub>a la atm\u00f3sfera.<\/p>\n\n\n\n<p><strong>Medidas para proteger la biodiversidad<\/strong><\/p>\n\n\n\n<p>La construcci\u00f3n de estas dos instalaciones ha conllevado asimismo la implantaci\u00f3n de distintas medidas ambientales en el entorno, en l\u00ednea con la pol\u00edtica de protecci\u00f3n ambiental y de la biodiversidad de las zonas donde Naturgy desarrolla sus proyectos.<\/p>\n\n\n\n<p>En el caso del parque e\u00f3lico Merengue II, se est\u00e1 trabajando en el dise\u00f1o y ejecuci\u00f3n de actuaciones en diferentes tramos del r\u00edo Jerte a su paso por Plasencia, destinadas a mejorar el estado de conservaci\u00f3n de la zona de especial protecci\u00f3n de las colonias de cern\u00edcalo primilla y el cach\u00f3n de Plasencia, y la zona de especial conservaci\u00f3n de los r\u00edos Alag\u00f3n y Jerte. Entre estas medidas, se han incluido la eliminaci\u00f3n de plantas invasoras; la mejora y regeneraci\u00f3n de la vegetaci\u00f3n del paseo fluvial \u201cLa Isla\u201d, en las zonas donde la vegetaci\u00f3n se encuentra en peor estado; y la instalaci\u00f3n de cajas nido en el entorno. Asimismo, se prev\u00e9 llevar a cabo el marcaje de varios buitres negros con radio emisores, para conocer su uso del espacio y territorialidad.<\/p>\n\n\n\n<p>En el caso del entorno de la planta fotovoltaica Puerta del Jerte, se han previsto medidas para la protecci\u00f3n de anfibios, como la habilitaci\u00f3n de charcas para su reproducci\u00f3n; actuaciones para la protecci\u00f3n de reptiles, como la construcci\u00f3n de cinco refugios; y acciones para la conservaci\u00f3n de la avifauna, como la instalaci\u00f3n y mantenimiento de bebederos. Igual que en Merengue II, se prev\u00e9 llevar a cabo un radioseguimiento de especies, en este caso reproductores de milano real y cig\u00fce\u00f1as negras y sus cr\u00edas, y tambi\u00e9n se est\u00e1 realizando un muestreo y estudio de an\u00e1lisis del h\u00e1bitat de la collalba negra.<\/p>\n\n\n\n<p>Asimismo, se est\u00e1 llevando a cabo un estudio de la evoluci\u00f3n de la calidad del suelo por parte de la Universidad de Extremadura. Tambi\u00e9n, en el Parque Natural de Monfrag\u00fce, se contempla la realizaci\u00f3n de un estudio de recuperaci\u00f3n del acebo y ensayos de plantaci\u00f3n de otras especies de flora protegida.<\/p>\n\n\n\n<p>Merengue II y la planta Puerta del Jerte se suman al parque e\u00f3lico Merengue, los tres en el t\u00e9rmino municipal de Plasencia, municipio que se ha convertido en un referente en renovables y especialmente en energ\u00eda e\u00f3lica, como atestigua la obtenci\u00f3n, el pasado mes de septiembre, del Premio Eolo 2023 de la Asociaci\u00f3n Empresarial E\u00f3lica (AEE) a la Integraci\u00f3n Rural de la E\u00f3lica.<\/p>\n\n\n\n<p><strong>Apuesta de Naturgy por Extremadura<\/strong><\/p>\n\n\n\n<p>Extremadura es una regi\u00f3n de alto valor estrat\u00e9gico para Naturgy. Adem\u00e1s de las dos instalaciones de Plasencia, la multinacional energ\u00e9tica est\u00e1 construyendo otra fotovoltaica, Las Jaras de Badajoz, situada en los t\u00e9rminos municipales de La Albuera y de Badajoz, con una potencia instalada de 59 MW. Esta instalaci\u00f3n producir\u00e1 aproximadamente 123 GWh\/a\u00f1o de energ\u00eda, lo que equivale al consumo el\u00e9ctrico anual de m\u00e1s de 35.200 viviendas, y evitar\u00e1 la emisi\u00f3n a la atm\u00f3sfera de cerca de 78.350 toneladas de CO<sub>2<\/sub>&nbsp;al a\u00f1o.<\/p>\n\n\n\n<p>De igual modo, est\u00e1n en obras las plantas fotovoltaicas de El Encinar I y Los Naipes y Los Naipes II, en Badajoz, que, con una potencia individual de 50 MW, generar\u00e1n un total de 315 GWh\/a\u00f1o, equivalente al consumo el\u00e9ctrico anual de 90.000 viviendas.<\/p>\n\n\n\n<p>A estos hay que a\u00f1adir la fotovoltaica Campo de Ara\u00f1uelo, que se sit\u00faa entre los t\u00e9rminos municipales de Aldeacentenera y Torrecillas de la Tiesa y que, con 300 MW de potencia y una producci\u00f3n estimada de 514 GWh al a\u00f1o, ser\u00e1 el proyecto renovable de mayor envergadura de todos los promovidos en Espa\u00f1a por la multinacional energ\u00e9tica.<\/p>\n\n\n\n<p>En total, Naturgy desarrolla en Extremadura, en distintas fases de desarrollo, construcci\u00f3n y explotaci\u00f3n, nueve proyectos, que suman una potencia de 651 MW, con una producci\u00f3n global de m\u00e1s de 1.300 GWh\/a\u00f1o, lo que supondr\u00e1 la generaci\u00f3n de electricidad equivalente a m\u00e1s de 377.000 viviendas y 838.000 toneladas anuales de CO2 evitadas. En 2022, la producci\u00f3n renovable de Naturgy en Extremadura en 2022 alcanz\u00f3 los 128 GWh de energ\u00eda renovable, cantidad que equivale al consumo el\u00e9ctrico anual de 36.000 hogares.<\/p>\n\n\n\n<p><strong>Compromiso con la transici\u00f3n energ\u00e9tica<\/strong><\/p>\n\n\n\n<p>Naturgy trabaja para impulsar su papel en la transici\u00f3n energ\u00e9tica y en la descarbonizaci\u00f3n. La compa\u00f1\u00eda suma una potencia renovable en operaci\u00f3n de cerca 5,7 GW a nivel internacional.<\/p>\n\n\n\n<p>En Espa\u00f1a, la compa\u00f1\u00eda tiene&nbsp;una treintena de parques e\u00f3licos y plantas fotovoltaicas en construcci\u00f3n, que permitir\u00e1n incorporar cerca de 1 GW de potencia instalada a la cartera del grupo a lo largo de 2024.<\/p>\n\n\n\n<p>Las inversiones en renovables realizadas en los \u00faltimos a\u00f1os por la compa\u00f1\u00eda confirman su giro estrat\u00e9gico hacia un mix energ\u00e9tico m\u00e1s sostenible y su compromiso con la transici\u00f3n energ\u00e9tica. Todo ello, sin abandonar los objetivos fundamentales de creaci\u00f3n de valor y crecimiento para cada uno de los negocios, as\u00ed como los objetivos en materia de ESG.<\/p>\n\n\n\n<p><a href=\"https:\/\/www.repsol.com\/content\/dam\/repsol-corporate\/es\/sala-de-prensa\/documentos-notas-de-prensa\/2022\/np161222-repsol-asterion-energies.pdf\" target=\"_blank\" rel=\"noreferrer noopener\"><\/a><\/p>\n","protected":false},"excerpt":{"rendered":"<p>Naturgy ha puesto en servicio recientemente el parque e\u00f3lico Merengue II, el segundo de la compa\u00f1\u00eda en Extremadura, y la planta fotovoltaica Puerta del Jerte, la segunda de esta tecnolog\u00eda [&hellip;]<\/p>\n","protected":false},"author":2,"featured_media":195666,"comment_status":"open","ping_status":"open","sticky":false,"template":"","format":"standard","meta":{"_acf_changed":false,"_bbp_topic_count":0,"_bbp_reply_count":0,"_bbp_total_topic_count":0,"_bbp_total_reply_count":0,"_bbp_voice_count":0,"_bbp_anonymous_reply_count":0,"_bbp_topic_count_hidden":0,"_bbp_reply_count_hidden":0,"_bbp_forum_subforum_count":0,"_et_pb_use_builder":"","_et_pb_old_content":"","_et_gb_content_width":"","footnotes":""},"categories":[478],"tags":[],"class_list":["post-195639","post","type-post","status-publish","format-standard","has-post-thumbnail","hentry","category-newsletter-octubre-2023"],"acf":[],"yoast_head":"<!-- This site is optimized with the Yoast SEO plugin v27.4 - https:\/\/yoast.com\/product\/yoast-seo-wordpress\/ -->\n<title>Naturgy pone en marcha un parque e\u00f3lico y una planta fotovoltaica en Extremadura que suministrar\u00e1n energ\u00eda renovable a 55.000 hogares - Asociaci\u00f3n Empresarial E\u00f3lica<\/title>\n<meta name=\"robots\" content=\"index, follow, max-snippet:-1, max-image-preview:large, max-video-preview:-1\" \/>\n<link rel=\"canonical\" href=\"https:\/\/aeeolica.org\/naturgy-pone-en-marcha-un-parque-eolico-y-una-planta-fotovoltaica-en-extremadura-que-suministraran-energia-renovable-a-55-000-hogares\/\" \/>\n<meta property=\"og:locale\" content=\"en_US\" \/>\n<meta property=\"og:type\" content=\"article\" \/>\n<meta property=\"og:title\" content=\"Naturgy pone en marcha un parque e\u00f3lico y una planta fotovoltaica en Extremadura que suministrar\u00e1n energ\u00eda renovable a 55.000 hogares - Asociaci\u00f3n Empresarial E\u00f3lica\" \/>\n<meta property=\"og:description\" content=\"Naturgy ha puesto en servicio recientemente el parque e\u00f3lico Merengue II, el segundo de la compa\u00f1\u00eda en Extremadura, y la planta fotovoltaica Puerta del Jerte, la segunda de esta tecnolog\u00eda [&hellip;]\" \/>\n<meta property=\"og:url\" content=\"https:\/\/aeeolica.org\/naturgy-pone-en-marcha-un-parque-eolico-y-una-planta-fotovoltaica-en-extremadura-que-suministraran-energia-renovable-a-55-000-hogares\/\" \/>\n<meta property=\"og:site_name\" content=\"Asociaci\u00f3n Empresarial E\u00f3lica\" \/>\n<meta property=\"article:publisher\" content=\"https:\/\/www.facebook.com\/aeeolica\" \/>\n<meta property=\"article:published_time\" content=\"2023-11-30T13:34:16+00:00\" \/>\n<meta property=\"article:modified_time\" content=\"2023-11-30T14:36:42+00:00\" \/>\n<meta property=\"og:image\" content=\"https:\/\/aeeolica.org\/wp-content\/uploads\/2023\/11\/Merengue-II-y-Puerta-del-Jerte-2-1024x532-1.jpg\" \/>\n\t<meta property=\"og:image:width\" content=\"1024\" \/>\n\t<meta property=\"og:image:height\" content=\"532\" \/>\n\t<meta property=\"og:image:type\" content=\"image\/jpeg\" \/>\n<meta name=\"author\" content=\"Morante D\u00edaz, Mar\u00eda del Mar\" \/>\n<meta name=\"twitter:card\" content=\"summary_large_image\" \/>\n<meta name=\"twitter:creator\" content=\"@aeeolica\" \/>\n<meta name=\"twitter:site\" content=\"@aeeolica\" \/>\n<meta name=\"twitter:label1\" content=\"Written by\" \/>\n\t<meta name=\"twitter:data1\" content=\"Morante D\u00edaz, Mar\u00eda del Mar\" \/>\n\t<meta name=\"twitter:label2\" content=\"Est. reading time\" \/>\n\t<meta name=\"twitter:data2\" content=\"6 minutes\" \/>\n<script type=\"application\/ld+json\" class=\"yoast-schema-graph\">{\"@context\":\"https:\\\/\\\/schema.org\",\"@graph\":[{\"@type\":\"Article\",\"@id\":\"https:\\\/\\\/aeeolica.org\\\/naturgy-pone-en-marcha-un-parque-eolico-y-una-planta-fotovoltaica-en-extremadura-que-suministraran-energia-renovable-a-55-000-hogares\\\/#article\",\"isPartOf\":{\"@id\":\"https:\\\/\\\/aeeolica.org\\\/naturgy-pone-en-marcha-un-parque-eolico-y-una-planta-fotovoltaica-en-extremadura-que-suministraran-energia-renovable-a-55-000-hogares\\\/\"},\"author\":{\"name\":\"Morante D\u00edaz, Mar\u00eda del Mar\",\"@id\":\"https:\\\/\\\/aeeolica.org\\\/#\\\/schema\\\/person\\\/064b26f21f7ed52e0b3854e6b52f9772\"},\"headline\":\"Naturgy pone en marcha un parque e\u00f3lico y una planta fotovoltaica en Extremadura que suministrar\u00e1n energ\u00eda renovable a 55.000 hogares\",\"datePublished\":\"2023-11-30T13:34:16+00:00\",\"dateModified\":\"2023-11-30T14:36:42+00:00\",\"mainEntityOfPage\":{\"@id\":\"https:\\\/\\\/aeeolica.org\\\/naturgy-pone-en-marcha-un-parque-eolico-y-una-planta-fotovoltaica-en-extremadura-que-suministraran-energia-renovable-a-55-000-hogares\\\/\"},\"wordCount\":1342,\"commentCount\":0,\"publisher\":{\"@id\":\"https:\\\/\\\/aeeolica.org\\\/#organization\"},\"image\":{\"@id\":\"https:\\\/\\\/aeeolica.org\\\/naturgy-pone-en-marcha-un-parque-eolico-y-una-planta-fotovoltaica-en-extremadura-que-suministraran-energia-renovable-a-55-000-hogares\\\/#primaryimage\"},\"thumbnailUrl\":\"https:\\\/\\\/aeeolica.org\\\/wp-content\\\/uploads\\\/2023\\\/11\\\/Merengue-II-y-Puerta-del-Jerte-2-1024x532-1.jpg\",\"articleSection\":[\"Newsletter Octubre 2023\"],\"inLanguage\":\"en-US\",\"potentialAction\":[{\"@type\":\"CommentAction\",\"name\":\"Comment\",\"target\":[\"https:\\\/\\\/aeeolica.org\\\/naturgy-pone-en-marcha-un-parque-eolico-y-una-planta-fotovoltaica-en-extremadura-que-suministraran-energia-renovable-a-55-000-hogares\\\/#respond\"]}]},{\"@type\":\"WebPage\",\"@id\":\"https:\\\/\\\/aeeolica.org\\\/naturgy-pone-en-marcha-un-parque-eolico-y-una-planta-fotovoltaica-en-extremadura-que-suministraran-energia-renovable-a-55-000-hogares\\\/\",\"url\":\"https:\\\/\\\/aeeolica.org\\\/naturgy-pone-en-marcha-un-parque-eolico-y-una-planta-fotovoltaica-en-extremadura-que-suministraran-energia-renovable-a-55-000-hogares\\\/\",\"name\":\"Naturgy pone en marcha un parque e\u00f3lico y una planta fotovoltaica en Extremadura que suministrar\u00e1n energ\u00eda renovable a 55.000 hogares - Asociaci\u00f3n Empresarial E\u00f3lica\",\"isPartOf\":{\"@id\":\"https:\\\/\\\/aeeolica.org\\\/#website\"},\"primaryImageOfPage\":{\"@id\":\"https:\\\/\\\/aeeolica.org\\\/naturgy-pone-en-marcha-un-parque-eolico-y-una-planta-fotovoltaica-en-extremadura-que-suministraran-energia-renovable-a-55-000-hogares\\\/#primaryimage\"},\"image\":{\"@id\":\"https:\\\/\\\/aeeolica.org\\\/naturgy-pone-en-marcha-un-parque-eolico-y-una-planta-fotovoltaica-en-extremadura-que-suministraran-energia-renovable-a-55-000-hogares\\\/#primaryimage\"},\"thumbnailUrl\":\"https:\\\/\\\/aeeolica.org\\\/wp-content\\\/uploads\\\/2023\\\/11\\\/Merengue-II-y-Puerta-del-Jerte-2-1024x532-1.jpg\",\"datePublished\":\"2023-11-30T13:34:16+00:00\",\"dateModified\":\"2023-11-30T14:36:42+00:00\",\"breadcrumb\":{\"@id\":\"https:\\\/\\\/aeeolica.org\\\/naturgy-pone-en-marcha-un-parque-eolico-y-una-planta-fotovoltaica-en-extremadura-que-suministraran-energia-renovable-a-55-000-hogares\\\/#breadcrumb\"},\"inLanguage\":\"en-US\",\"potentialAction\":[{\"@type\":\"ReadAction\",\"target\":[\"https:\\\/\\\/aeeolica.org\\\/naturgy-pone-en-marcha-un-parque-eolico-y-una-planta-fotovoltaica-en-extremadura-que-suministraran-energia-renovable-a-55-000-hogares\\\/\"]}]},{\"@type\":\"ImageObject\",\"inLanguage\":\"en-US\",\"@id\":\"https:\\\/\\\/aeeolica.org\\\/naturgy-pone-en-marcha-un-parque-eolico-y-una-planta-fotovoltaica-en-extremadura-que-suministraran-energia-renovable-a-55-000-hogares\\\/#primaryimage\",\"url\":\"https:\\\/\\\/aeeolica.org\\\/wp-content\\\/uploads\\\/2023\\\/11\\\/Merengue-II-y-Puerta-del-Jerte-2-1024x532-1.jpg\",\"contentUrl\":\"https:\\\/\\\/aeeolica.org\\\/wp-content\\\/uploads\\\/2023\\\/11\\\/Merengue-II-y-Puerta-del-Jerte-2-1024x532-1.jpg\",\"width\":1024,\"height\":532,\"caption\":\"default\"},{\"@type\":\"BreadcrumbList\",\"@id\":\"https:\\\/\\\/aeeolica.org\\\/naturgy-pone-en-marcha-un-parque-eolico-y-una-planta-fotovoltaica-en-extremadura-que-suministraran-energia-renovable-a-55-000-hogares\\\/#breadcrumb\",\"itemListElement\":[{\"@type\":\"ListItem\",\"position\":1,\"name\":\"Portada\",\"item\":\"https:\\\/\\\/aeeolica.org\\\/en\\\/inicio\\\/\"},{\"@type\":\"ListItem\",\"position\":2,\"name\":\"Naturgy pone en marcha un parque e\u00f3lico y una planta fotovoltaica en Extremadura que suministrar\u00e1n energ\u00eda renovable a 55.000 hogares\"}]},{\"@type\":\"WebSite\",\"@id\":\"https:\\\/\\\/aeeolica.org\\\/#website\",\"url\":\"https:\\\/\\\/aeeolica.org\\\/\",\"name\":\"Asociaci\u00f3n Empresarial E\u00f3lica\",\"description\":\"AEE Asociaci\u00f3n Empresarial E\u00f3lica\",\"publisher\":{\"@id\":\"https:\\\/\\\/aeeolica.org\\\/#organization\"},\"potentialAction\":[{\"@type\":\"SearchAction\",\"target\":{\"@type\":\"EntryPoint\",\"urlTemplate\":\"https:\\\/\\\/aeeolica.org\\\/?s={search_term_string}\"},\"query-input\":{\"@type\":\"PropertyValueSpecification\",\"valueRequired\":true,\"valueName\":\"search_term_string\"}}],\"inLanguage\":\"en-US\"},{\"@type\":\"Organization\",\"@id\":\"https:\\\/\\\/aeeolica.org\\\/#organization\",\"name\":\"Asociaci\u00f3n Empresarial E\u00f3lica\",\"url\":\"https:\\\/\\\/aeeolica.org\\\/\",\"logo\":{\"@type\":\"ImageObject\",\"inLanguage\":\"en-US\",\"@id\":\"https:\\\/\\\/aeeolica.org\\\/#\\\/schema\\\/logo\\\/image\\\/\",\"url\":\"https:\\\/\\\/aeeolica.org\\\/wp-content\\\/uploads\\\/2021\\\/08\\\/logo-aee.png\",\"contentUrl\":\"https:\\\/\\\/aeeolica.org\\\/wp-content\\\/uploads\\\/2021\\\/08\\\/logo-aee.png\",\"width\":180,\"height\":78,\"caption\":\"Asociaci\u00f3n Empresarial E\u00f3lica\"},\"image\":{\"@id\":\"https:\\\/\\\/aeeolica.org\\\/#\\\/schema\\\/logo\\\/image\\\/\"},\"sameAs\":[\"https:\\\/\\\/www.facebook.com\\\/aeeolica\",\"https:\\\/\\\/x.com\\\/aeeolica\",\"https:\\\/\\\/www.instagram.com\\\/aeeolica\\\/\",\"https:\\\/\\\/www.linkedin.com\\\/in\\\/aee-asociaci\u00f3n-empresarial-e\u00f3lica-6830946b\\\/\",\"https:\\\/\\\/www.youtube.com\\\/user\\\/AEEolica\"]},{\"@type\":\"Person\",\"@id\":\"https:\\\/\\\/aeeolica.org\\\/#\\\/schema\\\/person\\\/064b26f21f7ed52e0b3854e6b52f9772\",\"name\":\"Morante D\u00edaz, Mar\u00eda del Mar\",\"image\":{\"@type\":\"ImageObject\",\"inLanguage\":\"en-US\",\"@id\":\"https:\\\/\\\/secure.gravatar.com\\\/avatar\\\/8bfd23e1c4bf5aa0b9314f1c5c9d644e62672831e6a512513954c3f15dffdd5a?s=96&d=mm&r=g\",\"url\":\"https:\\\/\\\/secure.gravatar.com\\\/avatar\\\/8bfd23e1c4bf5aa0b9314f1c5c9d644e62672831e6a512513954c3f15dffdd5a?s=96&d=mm&r=g\",\"contentUrl\":\"https:\\\/\\\/secure.gravatar.com\\\/avatar\\\/8bfd23e1c4bf5aa0b9314f1c5c9d644e62672831e6a512513954c3f15dffdd5a?s=96&d=mm&r=g\",\"caption\":\"Morante D\u00edaz, Mar\u00eda del Mar\"},\"url\":\"https:\\\/\\\/aeeolica.org\\\/en\\\/author\\\/mar\\\/\"}]}<\/script>\n<!-- \/ Yoast SEO plugin. -->","yoast_head_json":{"title":"Naturgy pone en marcha un parque e\u00f3lico y una planta fotovoltaica en Extremadura que suministrar\u00e1n energ\u00eda renovable a 55.000 hogares - Asociaci\u00f3n Empresarial E\u00f3lica","robots":{"index":"index","follow":"follow","max-snippet":"max-snippet:-1","max-image-preview":"max-image-preview:large","max-video-preview":"max-video-preview:-1"},"canonical":"https:\/\/aeeolica.org\/naturgy-pone-en-marcha-un-parque-eolico-y-una-planta-fotovoltaica-en-extremadura-que-suministraran-energia-renovable-a-55-000-hogares\/","og_locale":"en_US","og_type":"article","og_title":"Naturgy pone en marcha un parque e\u00f3lico y una planta fotovoltaica en Extremadura que suministrar\u00e1n energ\u00eda renovable a 55.000 hogares - Asociaci\u00f3n Empresarial E\u00f3lica","og_description":"Naturgy ha puesto en servicio recientemente el parque e\u00f3lico Merengue II, el segundo de la compa\u00f1\u00eda en Extremadura, y la planta fotovoltaica Puerta del Jerte, la segunda de esta tecnolog\u00eda [&hellip;]","og_url":"https:\/\/aeeolica.org\/naturgy-pone-en-marcha-un-parque-eolico-y-una-planta-fotovoltaica-en-extremadura-que-suministraran-energia-renovable-a-55-000-hogares\/","og_site_name":"Asociaci\u00f3n Empresarial E\u00f3lica","article_publisher":"https:\/\/www.facebook.com\/aeeolica","article_published_time":"2023-11-30T13:34:16+00:00","article_modified_time":"2023-11-30T14:36:42+00:00","og_image":[{"width":1024,"height":532,"url":"https:\/\/aeeolica.org\/wp-content\/uploads\/2023\/11\/Merengue-II-y-Puerta-del-Jerte-2-1024x532-1.jpg","type":"image\/jpeg"}],"author":"Morante D\u00edaz, Mar\u00eda del Mar","twitter_card":"summary_large_image","twitter_creator":"@aeeolica","twitter_site":"@aeeolica","twitter_misc":{"Written by":"Morante D\u00edaz, Mar\u00eda del Mar","Est. reading time":"6 minutes"},"schema":{"@context":"https:\/\/schema.org","@graph":[{"@type":"Article","@id":"https:\/\/aeeolica.org\/naturgy-pone-en-marcha-un-parque-eolico-y-una-planta-fotovoltaica-en-extremadura-que-suministraran-energia-renovable-a-55-000-hogares\/#article","isPartOf":{"@id":"https:\/\/aeeolica.org\/naturgy-pone-en-marcha-un-parque-eolico-y-una-planta-fotovoltaica-en-extremadura-que-suministraran-energia-renovable-a-55-000-hogares\/"},"author":{"name":"Morante D\u00edaz, Mar\u00eda del Mar","@id":"https:\/\/aeeolica.org\/#\/schema\/person\/064b26f21f7ed52e0b3854e6b52f9772"},"headline":"Naturgy pone en marcha un parque e\u00f3lico y una planta fotovoltaica en Extremadura que suministrar\u00e1n energ\u00eda renovable a 55.000 hogares","datePublished":"2023-11-30T13:34:16+00:00","dateModified":"2023-11-30T14:36:42+00:00","mainEntityOfPage":{"@id":"https:\/\/aeeolica.org\/naturgy-pone-en-marcha-un-parque-eolico-y-una-planta-fotovoltaica-en-extremadura-que-suministraran-energia-renovable-a-55-000-hogares\/"},"wordCount":1342,"commentCount":0,"publisher":{"@id":"https:\/\/aeeolica.org\/#organization"},"image":{"@id":"https:\/\/aeeolica.org\/naturgy-pone-en-marcha-un-parque-eolico-y-una-planta-fotovoltaica-en-extremadura-que-suministraran-energia-renovable-a-55-000-hogares\/#primaryimage"},"thumbnailUrl":"https:\/\/aeeolica.org\/wp-content\/uploads\/2023\/11\/Merengue-II-y-Puerta-del-Jerte-2-1024x532-1.jpg","articleSection":["Newsletter Octubre 2023"],"inLanguage":"en-US","potentialAction":[{"@type":"CommentAction","name":"Comment","target":["https:\/\/aeeolica.org\/naturgy-pone-en-marcha-un-parque-eolico-y-una-planta-fotovoltaica-en-extremadura-que-suministraran-energia-renovable-a-55-000-hogares\/#respond"]}]},{"@type":"WebPage","@id":"https:\/\/aeeolica.org\/naturgy-pone-en-marcha-un-parque-eolico-y-una-planta-fotovoltaica-en-extremadura-que-suministraran-energia-renovable-a-55-000-hogares\/","url":"https:\/\/aeeolica.org\/naturgy-pone-en-marcha-un-parque-eolico-y-una-planta-fotovoltaica-en-extremadura-que-suministraran-energia-renovable-a-55-000-hogares\/","name":"Naturgy pone en marcha un parque e\u00f3lico y una planta fotovoltaica en Extremadura que suministrar\u00e1n energ\u00eda renovable a 55.000 hogares - Asociaci\u00f3n Empresarial E\u00f3lica","isPartOf":{"@id":"https:\/\/aeeolica.org\/#website"},"primaryImageOfPage":{"@id":"https:\/\/aeeolica.org\/naturgy-pone-en-marcha-un-parque-eolico-y-una-planta-fotovoltaica-en-extremadura-que-suministraran-energia-renovable-a-55-000-hogares\/#primaryimage"},"image":{"@id":"https:\/\/aeeolica.org\/naturgy-pone-en-marcha-un-parque-eolico-y-una-planta-fotovoltaica-en-extremadura-que-suministraran-energia-renovable-a-55-000-hogares\/#primaryimage"},"thumbnailUrl":"https:\/\/aeeolica.org\/wp-content\/uploads\/2023\/11\/Merengue-II-y-Puerta-del-Jerte-2-1024x532-1.jpg","datePublished":"2023-11-30T13:34:16+00:00","dateModified":"2023-11-30T14:36:42+00:00","breadcrumb":{"@id":"https:\/\/aeeolica.org\/naturgy-pone-en-marcha-un-parque-eolico-y-una-planta-fotovoltaica-en-extremadura-que-suministraran-energia-renovable-a-55-000-hogares\/#breadcrumb"},"inLanguage":"en-US","potentialAction":[{"@type":"ReadAction","target":["https:\/\/aeeolica.org\/naturgy-pone-en-marcha-un-parque-eolico-y-una-planta-fotovoltaica-en-extremadura-que-suministraran-energia-renovable-a-55-000-hogares\/"]}]},{"@type":"ImageObject","inLanguage":"en-US","@id":"https:\/\/aeeolica.org\/naturgy-pone-en-marcha-un-parque-eolico-y-una-planta-fotovoltaica-en-extremadura-que-suministraran-energia-renovable-a-55-000-hogares\/#primaryimage","url":"https:\/\/aeeolica.org\/wp-content\/uploads\/2023\/11\/Merengue-II-y-Puerta-del-Jerte-2-1024x532-1.jpg","contentUrl":"https:\/\/aeeolica.org\/wp-content\/uploads\/2023\/11\/Merengue-II-y-Puerta-del-Jerte-2-1024x532-1.jpg","width":1024,"height":532,"caption":"default"},{"@type":"BreadcrumbList","@id":"https:\/\/aeeolica.org\/naturgy-pone-en-marcha-un-parque-eolico-y-una-planta-fotovoltaica-en-extremadura-que-suministraran-energia-renovable-a-55-000-hogares\/#breadcrumb","itemListElement":[{"@type":"ListItem","position":1,"name":"Portada","item":"https:\/\/aeeolica.org\/en\/inicio\/"},{"@type":"ListItem","position":2,"name":"Naturgy pone en marcha un parque e\u00f3lico y una planta fotovoltaica en Extremadura que suministrar\u00e1n energ\u00eda renovable a 55.000 hogares"}]},{"@type":"WebSite","@id":"https:\/\/aeeolica.org\/#website","url":"https:\/\/aeeolica.org\/","name":"Asociaci\u00f3n Empresarial E\u00f3lica","description":"AEE Asociaci\u00f3n Empresarial E\u00f3lica","publisher":{"@id":"https:\/\/aeeolica.org\/#organization"},"potentialAction":[{"@type":"SearchAction","target":{"@type":"EntryPoint","urlTemplate":"https:\/\/aeeolica.org\/?s={search_term_string}"},"query-input":{"@type":"PropertyValueSpecification","valueRequired":true,"valueName":"search_term_string"}}],"inLanguage":"en-US"},{"@type":"Organization","@id":"https:\/\/aeeolica.org\/#organization","name":"Asociaci\u00f3n Empresarial E\u00f3lica","url":"https:\/\/aeeolica.org\/","logo":{"@type":"ImageObject","inLanguage":"en-US","@id":"https:\/\/aeeolica.org\/#\/schema\/logo\/image\/","url":"https:\/\/aeeolica.org\/wp-content\/uploads\/2021\/08\/logo-aee.png","contentUrl":"https:\/\/aeeolica.org\/wp-content\/uploads\/2021\/08\/logo-aee.png","width":180,"height":78,"caption":"Asociaci\u00f3n Empresarial E\u00f3lica"},"image":{"@id":"https:\/\/aeeolica.org\/#\/schema\/logo\/image\/"},"sameAs":["https:\/\/www.facebook.com\/aeeolica","https:\/\/x.com\/aeeolica","https:\/\/www.instagram.com\/aeeolica\/","https:\/\/www.linkedin.com\/in\/aee-asociaci\u00f3n-empresarial-e\u00f3lica-6830946b\/","https:\/\/www.youtube.com\/user\/AEEolica"]},{"@type":"Person","@id":"https:\/\/aeeolica.org\/#\/schema\/person\/064b26f21f7ed52e0b3854e6b52f9772","name":"Morante D\u00edaz, Mar\u00eda del Mar","image":{"@type":"ImageObject","inLanguage":"en-US","@id":"https:\/\/secure.gravatar.com\/avatar\/8bfd23e1c4bf5aa0b9314f1c5c9d644e62672831e6a512513954c3f15dffdd5a?s=96&d=mm&r=g","url":"https:\/\/secure.gravatar.com\/avatar\/8bfd23e1c4bf5aa0b9314f1c5c9d644e62672831e6a512513954c3f15dffdd5a?s=96&d=mm&r=g","contentUrl":"https:\/\/secure.gravatar.com\/avatar\/8bfd23e1c4bf5aa0b9314f1c5c9d644e62672831e6a512513954c3f15dffdd5a?s=96&d=mm&r=g","caption":"Morante D\u00edaz, Mar\u00eda del Mar"},"url":"https:\/\/aeeolica.org\/en\/author\/mar\/"}]}},"_links":{"self":[{"href":"https:\/\/aeeolica.org\/en\/wp-json\/wp\/v2\/posts\/195639","targetHints":{"allow":["GET"]}}],"collection":[{"href":"https:\/\/aeeolica.org\/en\/wp-json\/wp\/v2\/posts"}],"about":[{"href":"https:\/\/aeeolica.org\/en\/wp-json\/wp\/v2\/types\/post"}],"author":[{"embeddable":true,"href":"https:\/\/aeeolica.org\/en\/wp-json\/wp\/v2\/users\/2"}],"replies":[{"embeddable":true,"href":"https:\/\/aeeolica.org\/en\/wp-json\/wp\/v2\/comments?post=195639"}],"version-history":[{"count":0,"href":"https:\/\/aeeolica.org\/en\/wp-json\/wp\/v2\/posts\/195639\/revisions"}],"wp:featuredmedia":[{"embeddable":true,"href":"https:\/\/aeeolica.org\/en\/wp-json\/wp\/v2\/media\/195666"}],"wp:attachment":[{"href":"https:\/\/aeeolica.org\/en\/wp-json\/wp\/v2\/media?parent=195639"}],"wp:term":[{"taxonomy":"category","embeddable":true,"href":"https:\/\/aeeolica.org\/en\/wp-json\/wp\/v2\/categories?post=195639"},{"taxonomy":"post_tag","embeddable":true,"href":"https:\/\/aeeolica.org\/en\/wp-json\/wp\/v2\/tags?post=195639"}],"curies":[{"name":"wp","href":"https:\/\/api.w.org\/{rel}","templated":true}]}}