{"id":195652,"date":"2023-11-30T15:00:52","date_gmt":"2023-11-30T14:00:52","guid":{"rendered":"https:\/\/aeeolica.org\/?p=195652"},"modified":"2023-11-30T15:00:54","modified_gmt":"2023-11-30T14:00:54","slug":"la-energia-y-las-cosas-de-comer","status":"publish","type":"post","link":"https:\/\/aeeolica.org\/en\/la-energia-y-las-cosas-de-comer\/","title":{"rendered":"La energ\u00eda y las cosas de comer"},"content":{"rendered":"\n<p><strong>Por Manel Pazo, presidente de la Asociaci\u00f3n E\u00f3lica de Galicia<\/strong><\/p>\n\n\n\n<p>El mundo no se para y su reloj tampoco. El tren de borrascas de las \u00faltimas semanas precipit\u00f3 un desplome completo de los precios energ\u00e9ticos, gracias a la mayor entrada en el sistema de las tecnolog\u00edas renovables, con especial protagonismo de viento y agua en Galicia. La implantaci\u00f3n de nuevos parques e\u00f3licos es determinante de cara a lograr facturas moderadas, en vez de disparadas, para la industria; y aceptables para los usuarios dom\u00e9sticos. Mal que bien los promotores e\u00f3licos van firmando contratos a precio tasado y a largo plazo con las empresas, algo que garantiza su viabilidad. Pero a\u00fan son testimoniales estos acuerdos, ya que la incertidumbre jur\u00eddica en la que estamos inmersos impide avanzar en la construcci\u00f3n de los nuevos proyectos de aerogeneradores. Solo se han instalado en los \u00faltimos cinco a\u00f1os 510 megawatios de potencia, de los que \u00fanicamente 28 corresponden al a\u00f1o pasado. Estamos parados desde hace tiempo.<\/p>\n\n\n\n<p>La Agenda Energ\u00e9tica de Galicia proyecta para 2030 que el 84,8 % de la generaci\u00f3n el\u00e9ctrica sea renovable, cuando hoy estamos solo en un 65 aproximadamente. Entre tanto, la actualizaci\u00f3n del Plan Nacional Integrado de Energ\u00eda y Clima proyecta el 81 %, hoy solo en el 74, tambi\u00e9n para el final de este decenio; as\u00ed como una reducci\u00f3n de la dependencia energ\u00e9tica de hasta el 51 %. Este es otro caballo de batalla, ya que nuestra dependencia energ\u00e9tica sigue siendo brutal. Por su parte, Europa, ha marcado como objetivo en 2030 que el consumo de energ\u00eda procedente de fuentes limpias llegue al 32 %. Los efectos catastr\u00f3ficos como consecuencia del cambio clim\u00e1tico afectan a la salud de las personas, la biodiversidad y la econom\u00eda. Y seguimos frenando o deteniendo la lucha contra esta urgencia cada vez m\u00e1s acentuada.<\/p>\n\n\n\n<p>La energ\u00eda e\u00f3lica \u2013limpia, aut\u00f3ctona y reversible\u2013 proporciona excelentes resultados en este combate. El a\u00f1o pasado evitamos, en Galicia, la emisi\u00f3n de m\u00e1s de cinco millones de toneladas de di\u00f3xido de carbono, cuyo valor de mercado era de 365 millones de euros. Igualmente contribuye de forma decisiva a mitigar la dependencia energ\u00e9tica, evitando el a\u00f1o pasado la importaci\u00f3n de 1,8 millones de toneladas equivalentes de petr\u00f3leo por un valor superior a los mil millones de euros. Entre tanto, seguimos poniendo palos en las ruedas del viento gallego, un recurso de extraordinaria calidad en nuestra tierra para la generaci\u00f3n de energ\u00eda verde. Y nuestra inflaci\u00f3n que no baja del diez por ciento, ni bajar\u00e1. La energ\u00eda es igual a las cosas de comer.<\/p>\n\n\n\n<p><\/p>\n","protected":false},"excerpt":{"rendered":"<p>Por Manel Pazo, presidente de la Asociaci\u00f3n E\u00f3lica de Galicia El mundo no se para y su reloj tampoco. El tren de borrascas de las \u00faltimas semanas precipit\u00f3 un desplome [&hellip;]<\/p>\n","protected":false},"author":2,"featured_media":195650,"comment_status":"open","ping_status":"open","sticky":false,"template":"","format":"standard","meta":{"_acf_changed":false,"_bbp_topic_count":0,"_bbp_reply_count":0,"_bbp_total_topic_count":0,"_bbp_total_reply_count":0,"_bbp_voice_count":0,"_bbp_anonymous_reply_count":0,"_bbp_topic_count_hidden":0,"_bbp_reply_count_hidden":0,"_bbp_forum_subforum_count":0,"_et_pb_use_builder":"","_et_pb_old_content":"","_et_gb_content_width":"","footnotes":""},"categories":[478],"tags":[],"class_list":["post-195652","post","type-post","status-publish","format-standard","has-post-thumbnail","hentry","category-newsletter-octubre-2023"],"acf":[],"yoast_head":"<!-- This site is optimized with the Yoast SEO plugin v27.4 - https:\/\/yoast.com\/product\/yoast-seo-wordpress\/ -->\n<title>La energ\u00eda y las cosas de comer - Asociaci\u00f3n Empresarial E\u00f3lica<\/title>\n<meta name=\"robots\" content=\"index, follow, max-snippet:-1, max-image-preview:large, max-video-preview:-1\" \/>\n<link rel=\"canonical\" href=\"https:\/\/aeeolica.org\/la-energia-y-las-cosas-de-comer\/\" \/>\n<meta property=\"og:locale\" content=\"en_US\" \/>\n<meta property=\"og:type\" content=\"article\" \/>\n<meta property=\"og:title\" content=\"La energ\u00eda y las cosas de comer - Asociaci\u00f3n Empresarial E\u00f3lica\" \/>\n<meta property=\"og:description\" content=\"Por Manel Pazo, presidente de la Asociaci\u00f3n E\u00f3lica de Galicia El mundo no se para y su reloj tampoco. El tren de borrascas de las \u00faltimas semanas precipit\u00f3 un desplome [&hellip;]\" \/>\n<meta property=\"og:url\" content=\"https:\/\/aeeolica.org\/la-energia-y-las-cosas-de-comer\/\" \/>\n<meta property=\"og:site_name\" content=\"Asociaci\u00f3n Empresarial E\u00f3lica\" \/>\n<meta property=\"article:publisher\" content=\"https:\/\/www.facebook.com\/aeeolica\" \/>\n<meta property=\"article:published_time\" content=\"2023-11-30T14:00:52+00:00\" \/>\n<meta property=\"article:modified_time\" content=\"2023-11-30T14:00:54+00:00\" \/>\n<meta property=\"og:image\" content=\"https:\/\/aeeolica.org\/wp-content\/uploads\/2023\/11\/ega-baja-720x380-1.jpg\" \/>\n\t<meta property=\"og:image:width\" content=\"720\" \/>\n\t<meta property=\"og:image:height\" content=\"380\" \/>\n\t<meta property=\"og:image:type\" content=\"image\/jpeg\" \/>\n<meta name=\"author\" content=\"Morante D\u00edaz, Mar\u00eda del Mar\" \/>\n<meta name=\"twitter:card\" content=\"summary_large_image\" \/>\n<meta name=\"twitter:creator\" content=\"@aeeolica\" \/>\n<meta name=\"twitter:site\" content=\"@aeeolica\" \/>\n<meta name=\"twitter:label1\" content=\"Written by\" \/>\n\t<meta name=\"twitter:data1\" content=\"Morante D\u00edaz, Mar\u00eda del Mar\" \/>\n\t<meta name=\"twitter:label2\" content=\"Est. reading time\" \/>\n\t<meta name=\"twitter:data2\" content=\"2 minutes\" \/>\n<script type=\"application\/ld+json\" class=\"yoast-schema-graph\">{\"@context\":\"https:\\\/\\\/schema.org\",\"@graph\":[{\"@type\":\"Article\",\"@id\":\"https:\\\/\\\/aeeolica.org\\\/la-energia-y-las-cosas-de-comer\\\/#article\",\"isPartOf\":{\"@id\":\"https:\\\/\\\/aeeolica.org\\\/la-energia-y-las-cosas-de-comer\\\/\"},\"author\":{\"name\":\"Morante D\u00edaz, Mar\u00eda del Mar\",\"@id\":\"https:\\\/\\\/aeeolica.org\\\/#\\\/schema\\\/person\\\/064b26f21f7ed52e0b3854e6b52f9772\"},\"headline\":\"La energ\u00eda y las cosas de comer\",\"datePublished\":\"2023-11-30T14:00:52+00:00\",\"dateModified\":\"2023-11-30T14:00:54+00:00\",\"mainEntityOfPage\":{\"@id\":\"https:\\\/\\\/aeeolica.org\\\/la-energia-y-las-cosas-de-comer\\\/\"},\"wordCount\":455,\"commentCount\":0,\"publisher\":{\"@id\":\"https:\\\/\\\/aeeolica.org\\\/#organization\"},\"image\":{\"@id\":\"https:\\\/\\\/aeeolica.org\\\/la-energia-y-las-cosas-de-comer\\\/#primaryimage\"},\"thumbnailUrl\":\"https:\\\/\\\/aeeolica.org\\\/wp-content\\\/uploads\\\/2023\\\/11\\\/ega-baja-720x380-1.jpg\",\"articleSection\":[\"Newsletter Octubre 2023\"],\"inLanguage\":\"en-US\",\"potentialAction\":[{\"@type\":\"CommentAction\",\"name\":\"Comment\",\"target\":[\"https:\\\/\\\/aeeolica.org\\\/la-energia-y-las-cosas-de-comer\\\/#respond\"]}]},{\"@type\":\"WebPage\",\"@id\":\"https:\\\/\\\/aeeolica.org\\\/la-energia-y-las-cosas-de-comer\\\/\",\"url\":\"https:\\\/\\\/aeeolica.org\\\/la-energia-y-las-cosas-de-comer\\\/\",\"name\":\"La energ\u00eda y las cosas de comer - Asociaci\u00f3n Empresarial E\u00f3lica\",\"isPartOf\":{\"@id\":\"https:\\\/\\\/aeeolica.org\\\/#website\"},\"primaryImageOfPage\":{\"@id\":\"https:\\\/\\\/aeeolica.org\\\/la-energia-y-las-cosas-de-comer\\\/#primaryimage\"},\"image\":{\"@id\":\"https:\\\/\\\/aeeolica.org\\\/la-energia-y-las-cosas-de-comer\\\/#primaryimage\"},\"thumbnailUrl\":\"https:\\\/\\\/aeeolica.org\\\/wp-content\\\/uploads\\\/2023\\\/11\\\/ega-baja-720x380-1.jpg\",\"datePublished\":\"2023-11-30T14:00:52+00:00\",\"dateModified\":\"2023-11-30T14:00:54+00:00\",\"breadcrumb\":{\"@id\":\"https:\\\/\\\/aeeolica.org\\\/la-energia-y-las-cosas-de-comer\\\/#breadcrumb\"},\"inLanguage\":\"en-US\",\"potentialAction\":[{\"@type\":\"ReadAction\",\"target\":[\"https:\\\/\\\/aeeolica.org\\\/la-energia-y-las-cosas-de-comer\\\/\"]}]},{\"@type\":\"ImageObject\",\"inLanguage\":\"en-US\",\"@id\":\"https:\\\/\\\/aeeolica.org\\\/la-energia-y-las-cosas-de-comer\\\/#primaryimage\",\"url\":\"https:\\\/\\\/aeeolica.org\\\/wp-content\\\/uploads\\\/2023\\\/11\\\/ega-baja-720x380-1.jpg\",\"contentUrl\":\"https:\\\/\\\/aeeolica.org\\\/wp-content\\\/uploads\\\/2023\\\/11\\\/ega-baja-720x380-1.jpg\",\"width\":720,\"height\":380},{\"@type\":\"BreadcrumbList\",\"@id\":\"https:\\\/\\\/aeeolica.org\\\/la-energia-y-las-cosas-de-comer\\\/#breadcrumb\",\"itemListElement\":[{\"@type\":\"ListItem\",\"position\":1,\"name\":\"Portada\",\"item\":\"https:\\\/\\\/aeeolica.org\\\/en\\\/inicio\\\/\"},{\"@type\":\"ListItem\",\"position\":2,\"name\":\"La energ\u00eda y las cosas de comer\"}]},{\"@type\":\"WebSite\",\"@id\":\"https:\\\/\\\/aeeolica.org\\\/#website\",\"url\":\"https:\\\/\\\/aeeolica.org\\\/\",\"name\":\"Asociaci\u00f3n Empresarial E\u00f3lica\",\"description\":\"AEE Asociaci\u00f3n Empresarial E\u00f3lica\",\"publisher\":{\"@id\":\"https:\\\/\\\/aeeolica.org\\\/#organization\"},\"potentialAction\":[{\"@type\":\"SearchAction\",\"target\":{\"@type\":\"EntryPoint\",\"urlTemplate\":\"https:\\\/\\\/aeeolica.org\\\/?s={search_term_string}\"},\"query-input\":{\"@type\":\"PropertyValueSpecification\",\"valueRequired\":true,\"valueName\":\"search_term_string\"}}],\"inLanguage\":\"en-US\"},{\"@type\":\"Organization\",\"@id\":\"https:\\\/\\\/aeeolica.org\\\/#organization\",\"name\":\"Asociaci\u00f3n Empresarial E\u00f3lica\",\"url\":\"https:\\\/\\\/aeeolica.org\\\/\",\"logo\":{\"@type\":\"ImageObject\",\"inLanguage\":\"en-US\",\"@id\":\"https:\\\/\\\/aeeolica.org\\\/#\\\/schema\\\/logo\\\/image\\\/\",\"url\":\"https:\\\/\\\/aeeolica.org\\\/wp-content\\\/uploads\\\/2021\\\/08\\\/logo-aee.png\",\"contentUrl\":\"https:\\\/\\\/aeeolica.org\\\/wp-content\\\/uploads\\\/2021\\\/08\\\/logo-aee.png\",\"width\":180,\"height\":78,\"caption\":\"Asociaci\u00f3n Empresarial E\u00f3lica\"},\"image\":{\"@id\":\"https:\\\/\\\/aeeolica.org\\\/#\\\/schema\\\/logo\\\/image\\\/\"},\"sameAs\":[\"https:\\\/\\\/www.facebook.com\\\/aeeolica\",\"https:\\\/\\\/x.com\\\/aeeolica\",\"https:\\\/\\\/www.instagram.com\\\/aeeolica\\\/\",\"https:\\\/\\\/www.linkedin.com\\\/in\\\/aee-asociaci\u00f3n-empresarial-e\u00f3lica-6830946b\\\/\",\"https:\\\/\\\/www.youtube.com\\\/user\\\/AEEolica\"]},{\"@type\":\"Person\",\"@id\":\"https:\\\/\\\/aeeolica.org\\\/#\\\/schema\\\/person\\\/064b26f21f7ed52e0b3854e6b52f9772\",\"name\":\"Morante D\u00edaz, Mar\u00eda del Mar\",\"image\":{\"@type\":\"ImageObject\",\"inLanguage\":\"en-US\",\"@id\":\"https:\\\/\\\/secure.gravatar.com\\\/avatar\\\/8bfd23e1c4bf5aa0b9314f1c5c9d644e62672831e6a512513954c3f15dffdd5a?s=96&d=mm&r=g\",\"url\":\"https:\\\/\\\/secure.gravatar.com\\\/avatar\\\/8bfd23e1c4bf5aa0b9314f1c5c9d644e62672831e6a512513954c3f15dffdd5a?s=96&d=mm&r=g\",\"contentUrl\":\"https:\\\/\\\/secure.gravatar.com\\\/avatar\\\/8bfd23e1c4bf5aa0b9314f1c5c9d644e62672831e6a512513954c3f15dffdd5a?s=96&d=mm&r=g\",\"caption\":\"Morante D\u00edaz, Mar\u00eda del Mar\"},\"url\":\"https:\\\/\\\/aeeolica.org\\\/en\\\/author\\\/mar\\\/\"}]}<\/script>\n<!-- \/ Yoast SEO plugin. -->","yoast_head_json":{"title":"La energ\u00eda y las cosas de comer - Asociaci\u00f3n Empresarial E\u00f3lica","robots":{"index":"index","follow":"follow","max-snippet":"max-snippet:-1","max-image-preview":"max-image-preview:large","max-video-preview":"max-video-preview:-1"},"canonical":"https:\/\/aeeolica.org\/la-energia-y-las-cosas-de-comer\/","og_locale":"en_US","og_type":"article","og_title":"La energ\u00eda y las cosas de comer - Asociaci\u00f3n Empresarial E\u00f3lica","og_description":"Por Manel Pazo, presidente de la Asociaci\u00f3n E\u00f3lica de Galicia El mundo no se para y su reloj tampoco. El tren de borrascas de las \u00faltimas semanas precipit\u00f3 un desplome [&hellip;]","og_url":"https:\/\/aeeolica.org\/la-energia-y-las-cosas-de-comer\/","og_site_name":"Asociaci\u00f3n Empresarial E\u00f3lica","article_publisher":"https:\/\/www.facebook.com\/aeeolica","article_published_time":"2023-11-30T14:00:52+00:00","article_modified_time":"2023-11-30T14:00:54+00:00","og_image":[{"width":720,"height":380,"url":"https:\/\/aeeolica.org\/wp-content\/uploads\/2023\/11\/ega-baja-720x380-1.jpg","type":"image\/jpeg"}],"author":"Morante D\u00edaz, Mar\u00eda del Mar","twitter_card":"summary_large_image","twitter_creator":"@aeeolica","twitter_site":"@aeeolica","twitter_misc":{"Written by":"Morante D\u00edaz, Mar\u00eda del Mar","Est. reading time":"2 minutes"},"schema":{"@context":"https:\/\/schema.org","@graph":[{"@type":"Article","@id":"https:\/\/aeeolica.org\/la-energia-y-las-cosas-de-comer\/#article","isPartOf":{"@id":"https:\/\/aeeolica.org\/la-energia-y-las-cosas-de-comer\/"},"author":{"name":"Morante D\u00edaz, Mar\u00eda del Mar","@id":"https:\/\/aeeolica.org\/#\/schema\/person\/064b26f21f7ed52e0b3854e6b52f9772"},"headline":"La energ\u00eda y las cosas de comer","datePublished":"2023-11-30T14:00:52+00:00","dateModified":"2023-11-30T14:00:54+00:00","mainEntityOfPage":{"@id":"https:\/\/aeeolica.org\/la-energia-y-las-cosas-de-comer\/"},"wordCount":455,"commentCount":0,"publisher":{"@id":"https:\/\/aeeolica.org\/#organization"},"image":{"@id":"https:\/\/aeeolica.org\/la-energia-y-las-cosas-de-comer\/#primaryimage"},"thumbnailUrl":"https:\/\/aeeolica.org\/wp-content\/uploads\/2023\/11\/ega-baja-720x380-1.jpg","articleSection":["Newsletter Octubre 2023"],"inLanguage":"en-US","potentialAction":[{"@type":"CommentAction","name":"Comment","target":["https:\/\/aeeolica.org\/la-energia-y-las-cosas-de-comer\/#respond"]}]},{"@type":"WebPage","@id":"https:\/\/aeeolica.org\/la-energia-y-las-cosas-de-comer\/","url":"https:\/\/aeeolica.org\/la-energia-y-las-cosas-de-comer\/","name":"La energ\u00eda y las cosas de comer - Asociaci\u00f3n Empresarial E\u00f3lica","isPartOf":{"@id":"https:\/\/aeeolica.org\/#website"},"primaryImageOfPage":{"@id":"https:\/\/aeeolica.org\/la-energia-y-las-cosas-de-comer\/#primaryimage"},"image":{"@id":"https:\/\/aeeolica.org\/la-energia-y-las-cosas-de-comer\/#primaryimage"},"thumbnailUrl":"https:\/\/aeeolica.org\/wp-content\/uploads\/2023\/11\/ega-baja-720x380-1.jpg","datePublished":"2023-11-30T14:00:52+00:00","dateModified":"2023-11-30T14:00:54+00:00","breadcrumb":{"@id":"https:\/\/aeeolica.org\/la-energia-y-las-cosas-de-comer\/#breadcrumb"},"inLanguage":"en-US","potentialAction":[{"@type":"ReadAction","target":["https:\/\/aeeolica.org\/la-energia-y-las-cosas-de-comer\/"]}]},{"@type":"ImageObject","inLanguage":"en-US","@id":"https:\/\/aeeolica.org\/la-energia-y-las-cosas-de-comer\/#primaryimage","url":"https:\/\/aeeolica.org\/wp-content\/uploads\/2023\/11\/ega-baja-720x380-1.jpg","contentUrl":"https:\/\/aeeolica.org\/wp-content\/uploads\/2023\/11\/ega-baja-720x380-1.jpg","width":720,"height":380},{"@type":"BreadcrumbList","@id":"https:\/\/aeeolica.org\/la-energia-y-las-cosas-de-comer\/#breadcrumb","itemListElement":[{"@type":"ListItem","position":1,"name":"Portada","item":"https:\/\/aeeolica.org\/en\/inicio\/"},{"@type":"ListItem","position":2,"name":"La energ\u00eda y las cosas de comer"}]},{"@type":"WebSite","@id":"https:\/\/aeeolica.org\/#website","url":"https:\/\/aeeolica.org\/","name":"Asociaci\u00f3n Empresarial E\u00f3lica","description":"AEE Asociaci\u00f3n Empresarial E\u00f3lica","publisher":{"@id":"https:\/\/aeeolica.org\/#organization"},"potentialAction":[{"@type":"SearchAction","target":{"@type":"EntryPoint","urlTemplate":"https:\/\/aeeolica.org\/?s={search_term_string}"},"query-input":{"@type":"PropertyValueSpecification","valueRequired":true,"valueName":"search_term_string"}}],"inLanguage":"en-US"},{"@type":"Organization","@id":"https:\/\/aeeolica.org\/#organization","name":"Asociaci\u00f3n Empresarial E\u00f3lica","url":"https:\/\/aeeolica.org\/","logo":{"@type":"ImageObject","inLanguage":"en-US","@id":"https:\/\/aeeolica.org\/#\/schema\/logo\/image\/","url":"https:\/\/aeeolica.org\/wp-content\/uploads\/2021\/08\/logo-aee.png","contentUrl":"https:\/\/aeeolica.org\/wp-content\/uploads\/2021\/08\/logo-aee.png","width":180,"height":78,"caption":"Asociaci\u00f3n Empresarial E\u00f3lica"},"image":{"@id":"https:\/\/aeeolica.org\/#\/schema\/logo\/image\/"},"sameAs":["https:\/\/www.facebook.com\/aeeolica","https:\/\/x.com\/aeeolica","https:\/\/www.instagram.com\/aeeolica\/","https:\/\/www.linkedin.com\/in\/aee-asociaci\u00f3n-empresarial-e\u00f3lica-6830946b\/","https:\/\/www.youtube.com\/user\/AEEolica"]},{"@type":"Person","@id":"https:\/\/aeeolica.org\/#\/schema\/person\/064b26f21f7ed52e0b3854e6b52f9772","name":"Morante D\u00edaz, Mar\u00eda del Mar","image":{"@type":"ImageObject","inLanguage":"en-US","@id":"https:\/\/secure.gravatar.com\/avatar\/8bfd23e1c4bf5aa0b9314f1c5c9d644e62672831e6a512513954c3f15dffdd5a?s=96&d=mm&r=g","url":"https:\/\/secure.gravatar.com\/avatar\/8bfd23e1c4bf5aa0b9314f1c5c9d644e62672831e6a512513954c3f15dffdd5a?s=96&d=mm&r=g","contentUrl":"https:\/\/secure.gravatar.com\/avatar\/8bfd23e1c4bf5aa0b9314f1c5c9d644e62672831e6a512513954c3f15dffdd5a?s=96&d=mm&r=g","caption":"Morante D\u00edaz, Mar\u00eda del Mar"},"url":"https:\/\/aeeolica.org\/en\/author\/mar\/"}]}},"_links":{"self":[{"href":"https:\/\/aeeolica.org\/en\/wp-json\/wp\/v2\/posts\/195652","targetHints":{"allow":["GET"]}}],"collection":[{"href":"https:\/\/aeeolica.org\/en\/wp-json\/wp\/v2\/posts"}],"about":[{"href":"https:\/\/aeeolica.org\/en\/wp-json\/wp\/v2\/types\/post"}],"author":[{"embeddable":true,"href":"https:\/\/aeeolica.org\/en\/wp-json\/wp\/v2\/users\/2"}],"replies":[{"embeddable":true,"href":"https:\/\/aeeolica.org\/en\/wp-json\/wp\/v2\/comments?post=195652"}],"version-history":[{"count":0,"href":"https:\/\/aeeolica.org\/en\/wp-json\/wp\/v2\/posts\/195652\/revisions"}],"wp:featuredmedia":[{"embeddable":true,"href":"https:\/\/aeeolica.org\/en\/wp-json\/wp\/v2\/media\/195650"}],"wp:attachment":[{"href":"https:\/\/aeeolica.org\/en\/wp-json\/wp\/v2\/media?parent=195652"}],"wp:term":[{"taxonomy":"category","embeddable":true,"href":"https:\/\/aeeolica.org\/en\/wp-json\/wp\/v2\/categories?post=195652"},{"taxonomy":"post_tag","embeddable":true,"href":"https:\/\/aeeolica.org\/en\/wp-json\/wp\/v2\/tags?post=195652"}],"curies":[{"name":"wp","href":"https:\/\/api.w.org\/{rel}","templated":true}]}}