{"id":195682,"date":"2023-11-30T15:47:49","date_gmt":"2023-11-30T14:47:49","guid":{"rendered":"https:\/\/aeeolica.org\/?p=195682"},"modified":"2023-11-30T15:47:51","modified_gmt":"2023-11-30T14:47:51","slug":"la-sinergia-entre-la-energia-eolica-y-el-almacenamiento-de-las-centrales-hidroelectricas-de-bombeo-un-analisis-de-aleasoft-energy-forecasting","status":"publish","type":"post","link":"https:\/\/aeeolica.org\/en\/la-sinergia-entre-la-energia-eolica-y-el-almacenamiento-de-las-centrales-hidroelectricas-de-bombeo-un-analisis-de-aleasoft-energy-forecasting\/","title":{"rendered":"La sinergia entre la energ\u00eda e\u00f3lica y el almacenamiento de las centrales hidroel\u00e9ctricas de bombeo. Un an\u00e1lisis de AleaSoft Energy Forecasting"},"content":{"rendered":"\n<p>El an\u00e1lisis semanal y mensual del consumo de las centrales hidroel\u00e9ctricas de bombeo muestra que la energ\u00eda e\u00f3lica desempe\u00f1a un papel crucial en el volumen de energ\u00eda consumida por el bombeo. La complementariedad entre el almacenamiento de energ\u00eda de las centrales de bombeo, las bater\u00edas y el almacenamiento estacional, sit\u00faa a las centrales de bombeo en un lugar estrat\u00e9gico en la transici\u00f3n energ\u00e9tica.<\/p>\n\n\n\n<p>El factor de la e\u00f3lica en el consumo de las centrales de bombeo<\/p>\n\n\n\n<p>Ya se ha analizado en una noticia anterior c\u00f3mo <a href=\"https:\/\/aleasoft.com\/es\/bombeo-continua-ganando-protagonismo-record-consumo-mes-octubre\/\">el consumo de las <strong>centrales de bombeo<\/strong> se ha adaptado al perfil horario de la <strong>energ\u00eda solar fotovoltaica<\/strong><\/a>. Las centrales de bombeo han pasado a consumir la mayor parte de la energ\u00eda durante las horas centrales del d\u00eda, cuando la energ\u00eda solar fotovoltaica presiona a la baja los precios del mercado el\u00e9ctrico.<\/p>\n\n\n\n<figure class=\"wp-block-image size-large\"><img decoding=\"async\" width=\"1024\" height=\"620\" src=\"https:\/\/aeeolica.org\/wp-content\/uploads\/2023\/11\/20231123-AleaSoft-Perfil-consumo-bombeo-1024x620.png\" alt=\"\" class=\"wp-image-195678\" srcset=\"https:\/\/aeeolica.org\/wp-content\/uploads\/2023\/11\/20231123-AleaSoft-Perfil-consumo-bombeo-980x593.png 980w, https:\/\/aeeolica.org\/wp-content\/uploads\/2023\/11\/20231123-AleaSoft-Perfil-consumo-bombeo-480x291.png 480w\" sizes=\"(min-width: 0px) and (max-width: 480px) 480px, (min-width: 481px) and (max-width: 980px) 980px, (min-width: 981px) 1024px, 100vw\" \/><\/figure>\n\n\n\n<p>Sin embargo, si se analiza el patr\u00f3n de consumo de las centrales de bombeo a nivel semanal y mensual, se observa claramente c\u00f3mo la <strong>energ\u00eda e\u00f3lica<\/strong> juega un papel clave en el volumen de energ\u00eda consumida por el bombeo. La capacidad de la energ\u00eda e\u00f3lica para presionar a la baja de manera muy notable los precios del mercado, durante per\u00edodos que pueden llegar a ser de varios d\u00edas seguidos, plantea situaciones ideales para el bombeo para almacenar grandes cantidades de energ\u00eda.<\/p>\n\n\n\n<figure class=\"wp-block-image size-large\"><img decoding=\"async\" width=\"1024\" height=\"619\" src=\"https:\/\/aeeolica.org\/wp-content\/uploads\/2023\/11\/20231123-AleaSoft-Consumo-bombeo-energia-eolica-1024x619.png\" alt=\"\" class=\"wp-image-195676\" srcset=\"https:\/\/aeeolica.org\/wp-content\/uploads\/2023\/11\/20231123-AleaSoft-Consumo-bombeo-energia-eolica-980x593.png 980w, https:\/\/aeeolica.org\/wp-content\/uploads\/2023\/11\/20231123-AleaSoft-Consumo-bombeo-energia-eolica-480x290.png 480w\" sizes=\"(min-width: 0px) and (max-width: 480px) 480px, (min-width: 481px) and (max-width: 980px) 980px, (min-width: 981px) 1024px, 100vw\" \/><\/figure>\n\n\n\n<p>La complementariedad entre el almacenamiento de energ\u00eda del bombeo y las bater\u00edas<\/p>\n\n\n\n<p>Al analizar la correlaci\u00f3n entre el consumo y la producci\u00f3n de las centrales hidroel\u00e9ctricas de bombeo, se obtiene que, la mayor parte de la energ\u00eda almacenada durante un d\u00eda se inyecta de nuevo a la red durante los dos o tres d\u00edas siguientes. Esta capacidad de almacenar energ\u00eda durante d\u00edas se complementa muy bien con la producci\u00f3n e\u00f3lica, ya que los episodios de viento suelen durar entre uno o dos d\u00edas.<\/p>\n\n\n\n<p>Por su parte, las <strong>bater\u00edas<\/strong> t\u00edpicamente pueden inyectar energ\u00eda en la red a m\u00e1xima potencia entre dos y cuatro horas. Esta caracter\u00edstica las hace muy adecuadas para almacenar y gestionar la energ\u00eda solar en ciclos intradiarios. Es decir, almacenar energ\u00eda durante las horas centrales del d\u00eda en el pico de producci\u00f3n solar e inyectarla de nuevo en la red durante el pico de demanda de la noche cuando la producci\u00f3n solar decrece con el ocaso, o durante la ma\u00f1ana siguiente, justo antes de la salida del sol.<\/p>\n\n\n\n<p>En el espectro de las soluciones de almacenamiento de energ\u00eda, el bombeo ocupa un lugar estrat\u00e9gico, actuando como un puente entre las bater\u00edas y el <strong>almacenamiento estacional<\/strong>, con tecnolog\u00edas como el <strong>hidr\u00f3geno verde<\/strong>. Aunque a\u00fan queda camino por recorrer en el desarrollo del almacenamiento por bombeo, su papel fundamental en la estabilidad y eficiencia del sistema el\u00e9ctrico se destaca como un componente esencial en la transici\u00f3n hacia fuentes de energ\u00eda m\u00e1s sostenibles.<\/p>\n\n\n\n<p>An\u00e1lisis de AleaSoft Energy Forecasting sobre las perspectivas de los mercados de energ\u00eda en Europa y la transici\u00f3n energ\u00e9tica<\/p>\n\n\n\n<p>El <a href=\"https:\/\/aleasoft.com\/es\/webinars-sobre-mercados-sector-energia\/perspectivas-mercados-energia-europa-servicios-aleasoft-sector-energia\/\">pr\u00f3ximo webinar<\/a> de <strong>AleaSoft Energy Forecasting<\/strong> y <strong>AleaGreen<\/strong> se realizar\u00e1 el d\u00eda 14 de diciembre. Este ser\u00e1 el \u00faltimo webinar de 2023 y adem\u00e1s coincide con el cuarto aniversario de esta <a href=\"https:\/\/aleasoft.com\/es\/webinars-sobre-mercados-sector-energia\/\">serie de webinars mensuales<\/a>. En esta edici\u00f3n se detallar\u00e1n los servicios que ofrece la compa\u00f1\u00eda y c\u00f3mo puede servir cada uno de ellos a los distintos agentes del sector de la energ\u00eda. Adem\u00e1s, se realizar\u00e1 el an\u00e1lisis de la evoluci\u00f3n de los mercados el\u00e9ctricos durante 2023.<\/p>\n\n\n\n<p>Tambi\u00e9n se est\u00e1 organizando el <a href=\"https:\/\/aleasoft.com\/es\/webinars-sobre-mercados-sector-energia\/perspectivas-mercados-energia-europa-partir-2024\/\">primer webinar de 2024<\/a>, que se realizar\u00e1 el 18 de enero. Esta vez se contar\u00e1 por cuarta vez con la participaci\u00f3n de ponentes de <strong>PwC Spain<\/strong>, como cada enero desde 2021.<\/p>\n\n\n\n<p>Fuente: <strong>AleaSoft Energy Forecasting<\/strong>.<\/p>\n","protected":false},"excerpt":{"rendered":"<p>El an\u00e1lisis semanal y mensual del consumo de las centrales hidroel\u00e9ctricas de bombeo muestra que la energ\u00eda e\u00f3lica desempe\u00f1a un papel crucial en el volumen de energ\u00eda consumida por el [&hellip;]<\/p>\n","protected":false},"author":2,"featured_media":195680,"comment_status":"open","ping_status":"open","sticky":false,"template":"","format":"standard","meta":{"_acf_changed":false,"_bbp_topic_count":0,"_bbp_reply_count":0,"_bbp_total_topic_count":0,"_bbp_total_reply_count":0,"_bbp_voice_count":0,"_bbp_anonymous_reply_count":0,"_bbp_topic_count_hidden":0,"_bbp_reply_count_hidden":0,"_bbp_forum_subforum_count":0,"_et_pb_use_builder":"","_et_pb_old_content":"","_et_gb_content_width":"","footnotes":""},"categories":[478],"tags":[],"class_list":["post-195682","post","type-post","status-publish","format-standard","has-post-thumbnail","hentry","category-newsletter-octubre-2023"],"acf":[],"yoast_head":"<!-- This site is optimized with the Yoast SEO plugin v27.4 - https:\/\/yoast.com\/product\/yoast-seo-wordpress\/ -->\n<title>La sinergia entre la energ\u00eda e\u00f3lica y el almacenamiento de las centrales hidroel\u00e9ctricas de bombeo. Un an\u00e1lisis de AleaSoft Energy Forecasting - Asociaci\u00f3n Empresarial E\u00f3lica<\/title>\n<meta name=\"robots\" content=\"index, follow, max-snippet:-1, max-image-preview:large, max-video-preview:-1\" \/>\n<link rel=\"canonical\" href=\"https:\/\/aeeolica.org\/la-sinergia-entre-la-energia-eolica-y-el-almacenamiento-de-las-centrales-hidroelectricas-de-bombeo-un-analisis-de-aleasoft-energy-forecasting\/\" \/>\n<meta property=\"og:locale\" content=\"en_US\" \/>\n<meta property=\"og:type\" content=\"article\" \/>\n<meta property=\"og:title\" content=\"La sinergia entre la energ\u00eda e\u00f3lica y el almacenamiento de las centrales hidroel\u00e9ctricas de bombeo. Un an\u00e1lisis de AleaSoft Energy Forecasting - Asociaci\u00f3n Empresarial E\u00f3lica\" \/>\n<meta property=\"og:description\" content=\"El an\u00e1lisis semanal y mensual del consumo de las centrales hidroel\u00e9ctricas de bombeo muestra que la energ\u00eda e\u00f3lica desempe\u00f1a un papel crucial en el volumen de energ\u00eda consumida por el [&hellip;]\" \/>\n<meta property=\"og:url\" content=\"https:\/\/aeeolica.org\/la-sinergia-entre-la-energia-eolica-y-el-almacenamiento-de-las-centrales-hidroelectricas-de-bombeo-un-analisis-de-aleasoft-energy-forecasting\/\" \/>\n<meta property=\"og:site_name\" content=\"Asociaci\u00f3n Empresarial E\u00f3lica\" \/>\n<meta property=\"article:publisher\" content=\"https:\/\/www.facebook.com\/aeeolica\" \/>\n<meta property=\"article:published_time\" content=\"2023-11-30T14:47:49+00:00\" \/>\n<meta property=\"article:modified_time\" content=\"2023-11-30T14:47:51+00:00\" \/>\n<meta property=\"og:image\" content=\"https:\/\/aeeolica.org\/wp-content\/uploads\/2023\/11\/20231123-AleaSoft-Wind-energy-1024x293.png\" \/>\n\t<meta property=\"og:image:width\" content=\"1024\" \/>\n\t<meta property=\"og:image:height\" content=\"293\" \/>\n\t<meta property=\"og:image:type\" content=\"image\/png\" \/>\n<meta name=\"author\" content=\"Morante D\u00edaz, Mar\u00eda del Mar\" \/>\n<meta name=\"twitter:card\" content=\"summary_large_image\" \/>\n<meta name=\"twitter:creator\" content=\"@aeeolica\" \/>\n<meta name=\"twitter:site\" content=\"@aeeolica\" \/>\n<meta name=\"twitter:label1\" content=\"Written by\" \/>\n\t<meta name=\"twitter:data1\" content=\"Morante D\u00edaz, Mar\u00eda del Mar\" \/>\n\t<meta name=\"twitter:label2\" content=\"Est. reading time\" \/>\n\t<meta name=\"twitter:data2\" content=\"4 minutes\" \/>\n<script type=\"application\/ld+json\" class=\"yoast-schema-graph\">{\"@context\":\"https:\\\/\\\/schema.org\",\"@graph\":[{\"@type\":\"Article\",\"@id\":\"https:\\\/\\\/aeeolica.org\\\/la-sinergia-entre-la-energia-eolica-y-el-almacenamiento-de-las-centrales-hidroelectricas-de-bombeo-un-analisis-de-aleasoft-energy-forecasting\\\/#article\",\"isPartOf\":{\"@id\":\"https:\\\/\\\/aeeolica.org\\\/la-sinergia-entre-la-energia-eolica-y-el-almacenamiento-de-las-centrales-hidroelectricas-de-bombeo-un-analisis-de-aleasoft-energy-forecasting\\\/\"},\"author\":{\"name\":\"Morante D\u00edaz, Mar\u00eda del Mar\",\"@id\":\"https:\\\/\\\/aeeolica.org\\\/#\\\/schema\\\/person\\\/064b26f21f7ed52e0b3854e6b52f9772\"},\"headline\":\"La sinergia entre la energ\u00eda e\u00f3lica y el almacenamiento de las centrales hidroel\u00e9ctricas de bombeo. Un an\u00e1lisis de AleaSoft Energy Forecasting\",\"datePublished\":\"2023-11-30T14:47:49+00:00\",\"dateModified\":\"2023-11-30T14:47:51+00:00\",\"mainEntityOfPage\":{\"@id\":\"https:\\\/\\\/aeeolica.org\\\/la-sinergia-entre-la-energia-eolica-y-el-almacenamiento-de-las-centrales-hidroelectricas-de-bombeo-un-analisis-de-aleasoft-energy-forecasting\\\/\"},\"wordCount\":697,\"commentCount\":0,\"publisher\":{\"@id\":\"https:\\\/\\\/aeeolica.org\\\/#organization\"},\"image\":{\"@id\":\"https:\\\/\\\/aeeolica.org\\\/la-sinergia-entre-la-energia-eolica-y-el-almacenamiento-de-las-centrales-hidroelectricas-de-bombeo-un-analisis-de-aleasoft-energy-forecasting\\\/#primaryimage\"},\"thumbnailUrl\":\"https:\\\/\\\/aeeolica.org\\\/wp-content\\\/uploads\\\/2023\\\/11\\\/20231123-AleaSoft-Wind-energy.png\",\"articleSection\":[\"Newsletter Octubre 2023\"],\"inLanguage\":\"en-US\",\"potentialAction\":[{\"@type\":\"CommentAction\",\"name\":\"Comment\",\"target\":[\"https:\\\/\\\/aeeolica.org\\\/la-sinergia-entre-la-energia-eolica-y-el-almacenamiento-de-las-centrales-hidroelectricas-de-bombeo-un-analisis-de-aleasoft-energy-forecasting\\\/#respond\"]}]},{\"@type\":\"WebPage\",\"@id\":\"https:\\\/\\\/aeeolica.org\\\/la-sinergia-entre-la-energia-eolica-y-el-almacenamiento-de-las-centrales-hidroelectricas-de-bombeo-un-analisis-de-aleasoft-energy-forecasting\\\/\",\"url\":\"https:\\\/\\\/aeeolica.org\\\/la-sinergia-entre-la-energia-eolica-y-el-almacenamiento-de-las-centrales-hidroelectricas-de-bombeo-un-analisis-de-aleasoft-energy-forecasting\\\/\",\"name\":\"La sinergia entre la energ\u00eda e\u00f3lica y el almacenamiento de las centrales hidroel\u00e9ctricas de bombeo. Un an\u00e1lisis de AleaSoft Energy Forecasting - Asociaci\u00f3n Empresarial E\u00f3lica\",\"isPartOf\":{\"@id\":\"https:\\\/\\\/aeeolica.org\\\/#website\"},\"primaryImageOfPage\":{\"@id\":\"https:\\\/\\\/aeeolica.org\\\/la-sinergia-entre-la-energia-eolica-y-el-almacenamiento-de-las-centrales-hidroelectricas-de-bombeo-un-analisis-de-aleasoft-energy-forecasting\\\/#primaryimage\"},\"image\":{\"@id\":\"https:\\\/\\\/aeeolica.org\\\/la-sinergia-entre-la-energia-eolica-y-el-almacenamiento-de-las-centrales-hidroelectricas-de-bombeo-un-analisis-de-aleasoft-energy-forecasting\\\/#primaryimage\"},\"thumbnailUrl\":\"https:\\\/\\\/aeeolica.org\\\/wp-content\\\/uploads\\\/2023\\\/11\\\/20231123-AleaSoft-Wind-energy.png\",\"datePublished\":\"2023-11-30T14:47:49+00:00\",\"dateModified\":\"2023-11-30T14:47:51+00:00\",\"breadcrumb\":{\"@id\":\"https:\\\/\\\/aeeolica.org\\\/la-sinergia-entre-la-energia-eolica-y-el-almacenamiento-de-las-centrales-hidroelectricas-de-bombeo-un-analisis-de-aleasoft-energy-forecasting\\\/#breadcrumb\"},\"inLanguage\":\"en-US\",\"potentialAction\":[{\"@type\":\"ReadAction\",\"target\":[\"https:\\\/\\\/aeeolica.org\\\/la-sinergia-entre-la-energia-eolica-y-el-almacenamiento-de-las-centrales-hidroelectricas-de-bombeo-un-analisis-de-aleasoft-energy-forecasting\\\/\"]}]},{\"@type\":\"ImageObject\",\"inLanguage\":\"en-US\",\"@id\":\"https:\\\/\\\/aeeolica.org\\\/la-sinergia-entre-la-energia-eolica-y-el-almacenamiento-de-las-centrales-hidroelectricas-de-bombeo-un-analisis-de-aleasoft-energy-forecasting\\\/#primaryimage\",\"url\":\"https:\\\/\\\/aeeolica.org\\\/wp-content\\\/uploads\\\/2023\\\/11\\\/20231123-AleaSoft-Wind-energy.png\",\"contentUrl\":\"https:\\\/\\\/aeeolica.org\\\/wp-content\\\/uploads\\\/2023\\\/11\\\/20231123-AleaSoft-Wind-energy.png\",\"width\":5472,\"height\":1567},{\"@type\":\"BreadcrumbList\",\"@id\":\"https:\\\/\\\/aeeolica.org\\\/la-sinergia-entre-la-energia-eolica-y-el-almacenamiento-de-las-centrales-hidroelectricas-de-bombeo-un-analisis-de-aleasoft-energy-forecasting\\\/#breadcrumb\",\"itemListElement\":[{\"@type\":\"ListItem\",\"position\":1,\"name\":\"Portada\",\"item\":\"https:\\\/\\\/aeeolica.org\\\/en\\\/inicio\\\/\"},{\"@type\":\"ListItem\",\"position\":2,\"name\":\"La sinergia entre la energ\u00eda e\u00f3lica y el almacenamiento de las centrales hidroel\u00e9ctricas de bombeo. Un an\u00e1lisis de AleaSoft Energy Forecasting\"}]},{\"@type\":\"WebSite\",\"@id\":\"https:\\\/\\\/aeeolica.org\\\/#website\",\"url\":\"https:\\\/\\\/aeeolica.org\\\/\",\"name\":\"Asociaci\u00f3n Empresarial E\u00f3lica\",\"description\":\"AEE Asociaci\u00f3n Empresarial E\u00f3lica\",\"publisher\":{\"@id\":\"https:\\\/\\\/aeeolica.org\\\/#organization\"},\"potentialAction\":[{\"@type\":\"SearchAction\",\"target\":{\"@type\":\"EntryPoint\",\"urlTemplate\":\"https:\\\/\\\/aeeolica.org\\\/?s={search_term_string}\"},\"query-input\":{\"@type\":\"PropertyValueSpecification\",\"valueRequired\":true,\"valueName\":\"search_term_string\"}}],\"inLanguage\":\"en-US\"},{\"@type\":\"Organization\",\"@id\":\"https:\\\/\\\/aeeolica.org\\\/#organization\",\"name\":\"Asociaci\u00f3n Empresarial E\u00f3lica\",\"url\":\"https:\\\/\\\/aeeolica.org\\\/\",\"logo\":{\"@type\":\"ImageObject\",\"inLanguage\":\"en-US\",\"@id\":\"https:\\\/\\\/aeeolica.org\\\/#\\\/schema\\\/logo\\\/image\\\/\",\"url\":\"https:\\\/\\\/aeeolica.org\\\/wp-content\\\/uploads\\\/2021\\\/08\\\/logo-aee.png\",\"contentUrl\":\"https:\\\/\\\/aeeolica.org\\\/wp-content\\\/uploads\\\/2021\\\/08\\\/logo-aee.png\",\"width\":180,\"height\":78,\"caption\":\"Asociaci\u00f3n Empresarial E\u00f3lica\"},\"image\":{\"@id\":\"https:\\\/\\\/aeeolica.org\\\/#\\\/schema\\\/logo\\\/image\\\/\"},\"sameAs\":[\"https:\\\/\\\/www.facebook.com\\\/aeeolica\",\"https:\\\/\\\/x.com\\\/aeeolica\",\"https:\\\/\\\/www.instagram.com\\\/aeeolica\\\/\",\"https:\\\/\\\/www.linkedin.com\\\/in\\\/aee-asociaci\u00f3n-empresarial-e\u00f3lica-6830946b\\\/\",\"https:\\\/\\\/www.youtube.com\\\/user\\\/AEEolica\"]},{\"@type\":\"Person\",\"@id\":\"https:\\\/\\\/aeeolica.org\\\/#\\\/schema\\\/person\\\/064b26f21f7ed52e0b3854e6b52f9772\",\"name\":\"Morante D\u00edaz, Mar\u00eda del Mar\",\"image\":{\"@type\":\"ImageObject\",\"inLanguage\":\"en-US\",\"@id\":\"https:\\\/\\\/secure.gravatar.com\\\/avatar\\\/8bfd23e1c4bf5aa0b9314f1c5c9d644e62672831e6a512513954c3f15dffdd5a?s=96&d=mm&r=g\",\"url\":\"https:\\\/\\\/secure.gravatar.com\\\/avatar\\\/8bfd23e1c4bf5aa0b9314f1c5c9d644e62672831e6a512513954c3f15dffdd5a?s=96&d=mm&r=g\",\"contentUrl\":\"https:\\\/\\\/secure.gravatar.com\\\/avatar\\\/8bfd23e1c4bf5aa0b9314f1c5c9d644e62672831e6a512513954c3f15dffdd5a?s=96&d=mm&r=g\",\"caption\":\"Morante D\u00edaz, Mar\u00eda del Mar\"},\"url\":\"https:\\\/\\\/aeeolica.org\\\/en\\\/author\\\/mar\\\/\"}]}<\/script>\n<!-- \/ Yoast SEO plugin. -->","yoast_head_json":{"title":"La sinergia entre la energ\u00eda e\u00f3lica y el almacenamiento de las centrales hidroel\u00e9ctricas de bombeo. Un an\u00e1lisis de AleaSoft Energy Forecasting - Asociaci\u00f3n Empresarial E\u00f3lica","robots":{"index":"index","follow":"follow","max-snippet":"max-snippet:-1","max-image-preview":"max-image-preview:large","max-video-preview":"max-video-preview:-1"},"canonical":"https:\/\/aeeolica.org\/la-sinergia-entre-la-energia-eolica-y-el-almacenamiento-de-las-centrales-hidroelectricas-de-bombeo-un-analisis-de-aleasoft-energy-forecasting\/","og_locale":"en_US","og_type":"article","og_title":"La sinergia entre la energ\u00eda e\u00f3lica y el almacenamiento de las centrales hidroel\u00e9ctricas de bombeo. Un an\u00e1lisis de AleaSoft Energy Forecasting - Asociaci\u00f3n Empresarial E\u00f3lica","og_description":"El an\u00e1lisis semanal y mensual del consumo de las centrales hidroel\u00e9ctricas de bombeo muestra que la energ\u00eda e\u00f3lica desempe\u00f1a un papel crucial en el volumen de energ\u00eda consumida por el [&hellip;]","og_url":"https:\/\/aeeolica.org\/la-sinergia-entre-la-energia-eolica-y-el-almacenamiento-de-las-centrales-hidroelectricas-de-bombeo-un-analisis-de-aleasoft-energy-forecasting\/","og_site_name":"Asociaci\u00f3n Empresarial E\u00f3lica","article_publisher":"https:\/\/www.facebook.com\/aeeolica","article_published_time":"2023-11-30T14:47:49+00:00","article_modified_time":"2023-11-30T14:47:51+00:00","og_image":[{"width":1024,"height":293,"url":"https:\/\/aeeolica.org\/wp-content\/uploads\/2023\/11\/20231123-AleaSoft-Wind-energy-1024x293.png","type":"image\/png"}],"author":"Morante D\u00edaz, Mar\u00eda del Mar","twitter_card":"summary_large_image","twitter_creator":"@aeeolica","twitter_site":"@aeeolica","twitter_misc":{"Written by":"Morante D\u00edaz, Mar\u00eda del Mar","Est. reading time":"4 minutes"},"schema":{"@context":"https:\/\/schema.org","@graph":[{"@type":"Article","@id":"https:\/\/aeeolica.org\/la-sinergia-entre-la-energia-eolica-y-el-almacenamiento-de-las-centrales-hidroelectricas-de-bombeo-un-analisis-de-aleasoft-energy-forecasting\/#article","isPartOf":{"@id":"https:\/\/aeeolica.org\/la-sinergia-entre-la-energia-eolica-y-el-almacenamiento-de-las-centrales-hidroelectricas-de-bombeo-un-analisis-de-aleasoft-energy-forecasting\/"},"author":{"name":"Morante D\u00edaz, Mar\u00eda del Mar","@id":"https:\/\/aeeolica.org\/#\/schema\/person\/064b26f21f7ed52e0b3854e6b52f9772"},"headline":"La sinergia entre la energ\u00eda e\u00f3lica y el almacenamiento de las centrales hidroel\u00e9ctricas de bombeo. Un an\u00e1lisis de AleaSoft Energy Forecasting","datePublished":"2023-11-30T14:47:49+00:00","dateModified":"2023-11-30T14:47:51+00:00","mainEntityOfPage":{"@id":"https:\/\/aeeolica.org\/la-sinergia-entre-la-energia-eolica-y-el-almacenamiento-de-las-centrales-hidroelectricas-de-bombeo-un-analisis-de-aleasoft-energy-forecasting\/"},"wordCount":697,"commentCount":0,"publisher":{"@id":"https:\/\/aeeolica.org\/#organization"},"image":{"@id":"https:\/\/aeeolica.org\/la-sinergia-entre-la-energia-eolica-y-el-almacenamiento-de-las-centrales-hidroelectricas-de-bombeo-un-analisis-de-aleasoft-energy-forecasting\/#primaryimage"},"thumbnailUrl":"https:\/\/aeeolica.org\/wp-content\/uploads\/2023\/11\/20231123-AleaSoft-Wind-energy.png","articleSection":["Newsletter Octubre 2023"],"inLanguage":"en-US","potentialAction":[{"@type":"CommentAction","name":"Comment","target":["https:\/\/aeeolica.org\/la-sinergia-entre-la-energia-eolica-y-el-almacenamiento-de-las-centrales-hidroelectricas-de-bombeo-un-analisis-de-aleasoft-energy-forecasting\/#respond"]}]},{"@type":"WebPage","@id":"https:\/\/aeeolica.org\/la-sinergia-entre-la-energia-eolica-y-el-almacenamiento-de-las-centrales-hidroelectricas-de-bombeo-un-analisis-de-aleasoft-energy-forecasting\/","url":"https:\/\/aeeolica.org\/la-sinergia-entre-la-energia-eolica-y-el-almacenamiento-de-las-centrales-hidroelectricas-de-bombeo-un-analisis-de-aleasoft-energy-forecasting\/","name":"La sinergia entre la energ\u00eda e\u00f3lica y el almacenamiento de las centrales hidroel\u00e9ctricas de bombeo. Un an\u00e1lisis de AleaSoft Energy Forecasting - Asociaci\u00f3n Empresarial E\u00f3lica","isPartOf":{"@id":"https:\/\/aeeolica.org\/#website"},"primaryImageOfPage":{"@id":"https:\/\/aeeolica.org\/la-sinergia-entre-la-energia-eolica-y-el-almacenamiento-de-las-centrales-hidroelectricas-de-bombeo-un-analisis-de-aleasoft-energy-forecasting\/#primaryimage"},"image":{"@id":"https:\/\/aeeolica.org\/la-sinergia-entre-la-energia-eolica-y-el-almacenamiento-de-las-centrales-hidroelectricas-de-bombeo-un-analisis-de-aleasoft-energy-forecasting\/#primaryimage"},"thumbnailUrl":"https:\/\/aeeolica.org\/wp-content\/uploads\/2023\/11\/20231123-AleaSoft-Wind-energy.png","datePublished":"2023-11-30T14:47:49+00:00","dateModified":"2023-11-30T14:47:51+00:00","breadcrumb":{"@id":"https:\/\/aeeolica.org\/la-sinergia-entre-la-energia-eolica-y-el-almacenamiento-de-las-centrales-hidroelectricas-de-bombeo-un-analisis-de-aleasoft-energy-forecasting\/#breadcrumb"},"inLanguage":"en-US","potentialAction":[{"@type":"ReadAction","target":["https:\/\/aeeolica.org\/la-sinergia-entre-la-energia-eolica-y-el-almacenamiento-de-las-centrales-hidroelectricas-de-bombeo-un-analisis-de-aleasoft-energy-forecasting\/"]}]},{"@type":"ImageObject","inLanguage":"en-US","@id":"https:\/\/aeeolica.org\/la-sinergia-entre-la-energia-eolica-y-el-almacenamiento-de-las-centrales-hidroelectricas-de-bombeo-un-analisis-de-aleasoft-energy-forecasting\/#primaryimage","url":"https:\/\/aeeolica.org\/wp-content\/uploads\/2023\/11\/20231123-AleaSoft-Wind-energy.png","contentUrl":"https:\/\/aeeolica.org\/wp-content\/uploads\/2023\/11\/20231123-AleaSoft-Wind-energy.png","width":5472,"height":1567},{"@type":"BreadcrumbList","@id":"https:\/\/aeeolica.org\/la-sinergia-entre-la-energia-eolica-y-el-almacenamiento-de-las-centrales-hidroelectricas-de-bombeo-un-analisis-de-aleasoft-energy-forecasting\/#breadcrumb","itemListElement":[{"@type":"ListItem","position":1,"name":"Portada","item":"https:\/\/aeeolica.org\/en\/inicio\/"},{"@type":"ListItem","position":2,"name":"La sinergia entre la energ\u00eda e\u00f3lica y el almacenamiento de las centrales hidroel\u00e9ctricas de bombeo. Un an\u00e1lisis de AleaSoft Energy Forecasting"}]},{"@type":"WebSite","@id":"https:\/\/aeeolica.org\/#website","url":"https:\/\/aeeolica.org\/","name":"Asociaci\u00f3n Empresarial E\u00f3lica","description":"AEE Asociaci\u00f3n Empresarial E\u00f3lica","publisher":{"@id":"https:\/\/aeeolica.org\/#organization"},"potentialAction":[{"@type":"SearchAction","target":{"@type":"EntryPoint","urlTemplate":"https:\/\/aeeolica.org\/?s={search_term_string}"},"query-input":{"@type":"PropertyValueSpecification","valueRequired":true,"valueName":"search_term_string"}}],"inLanguage":"en-US"},{"@type":"Organization","@id":"https:\/\/aeeolica.org\/#organization","name":"Asociaci\u00f3n Empresarial E\u00f3lica","url":"https:\/\/aeeolica.org\/","logo":{"@type":"ImageObject","inLanguage":"en-US","@id":"https:\/\/aeeolica.org\/#\/schema\/logo\/image\/","url":"https:\/\/aeeolica.org\/wp-content\/uploads\/2021\/08\/logo-aee.png","contentUrl":"https:\/\/aeeolica.org\/wp-content\/uploads\/2021\/08\/logo-aee.png","width":180,"height":78,"caption":"Asociaci\u00f3n Empresarial E\u00f3lica"},"image":{"@id":"https:\/\/aeeolica.org\/#\/schema\/logo\/image\/"},"sameAs":["https:\/\/www.facebook.com\/aeeolica","https:\/\/x.com\/aeeolica","https:\/\/www.instagram.com\/aeeolica\/","https:\/\/www.linkedin.com\/in\/aee-asociaci\u00f3n-empresarial-e\u00f3lica-6830946b\/","https:\/\/www.youtube.com\/user\/AEEolica"]},{"@type":"Person","@id":"https:\/\/aeeolica.org\/#\/schema\/person\/064b26f21f7ed52e0b3854e6b52f9772","name":"Morante D\u00edaz, Mar\u00eda del Mar","image":{"@type":"ImageObject","inLanguage":"en-US","@id":"https:\/\/secure.gravatar.com\/avatar\/8bfd23e1c4bf5aa0b9314f1c5c9d644e62672831e6a512513954c3f15dffdd5a?s=96&d=mm&r=g","url":"https:\/\/secure.gravatar.com\/avatar\/8bfd23e1c4bf5aa0b9314f1c5c9d644e62672831e6a512513954c3f15dffdd5a?s=96&d=mm&r=g","contentUrl":"https:\/\/secure.gravatar.com\/avatar\/8bfd23e1c4bf5aa0b9314f1c5c9d644e62672831e6a512513954c3f15dffdd5a?s=96&d=mm&r=g","caption":"Morante D\u00edaz, Mar\u00eda del Mar"},"url":"https:\/\/aeeolica.org\/en\/author\/mar\/"}]}},"_links":{"self":[{"href":"https:\/\/aeeolica.org\/en\/wp-json\/wp\/v2\/posts\/195682","targetHints":{"allow":["GET"]}}],"collection":[{"href":"https:\/\/aeeolica.org\/en\/wp-json\/wp\/v2\/posts"}],"about":[{"href":"https:\/\/aeeolica.org\/en\/wp-json\/wp\/v2\/types\/post"}],"author":[{"embeddable":true,"href":"https:\/\/aeeolica.org\/en\/wp-json\/wp\/v2\/users\/2"}],"replies":[{"embeddable":true,"href":"https:\/\/aeeolica.org\/en\/wp-json\/wp\/v2\/comments?post=195682"}],"version-history":[{"count":0,"href":"https:\/\/aeeolica.org\/en\/wp-json\/wp\/v2\/posts\/195682\/revisions"}],"wp:featuredmedia":[{"embeddable":true,"href":"https:\/\/aeeolica.org\/en\/wp-json\/wp\/v2\/media\/195680"}],"wp:attachment":[{"href":"https:\/\/aeeolica.org\/en\/wp-json\/wp\/v2\/media?parent=195682"}],"wp:term":[{"taxonomy":"category","embeddable":true,"href":"https:\/\/aeeolica.org\/en\/wp-json\/wp\/v2\/categories?post=195682"},{"taxonomy":"post_tag","embeddable":true,"href":"https:\/\/aeeolica.org\/en\/wp-json\/wp\/v2\/tags?post=195682"}],"curies":[{"name":"wp","href":"https:\/\/api.w.org\/{rel}","templated":true}]}}