{"id":20590,"date":"2021-10-26T14:23:28","date_gmt":"2021-10-26T12:23:28","guid":{"rendered":"https:\/\/aeeolica.org\/?p=20590"},"modified":"2021-11-12T14:57:00","modified_gmt":"2021-11-12T13:57:00","slug":"mas-de-330-personas-trabajan-ya-en-la-construccion-del-mayor-parque-eolico-de-endesa-en-aragon","status":"publish","type":"post","link":"https:\/\/aeeolica.org\/en\/mas-de-330-personas-trabajan-ya-en-la-construccion-del-mayor-parque-eolico-de-endesa-en-aragon\/","title":{"rendered":"M\u00e1s de 330 personas trabajan ya en la construcci\u00f3n del mayor parque e\u00f3lico de Endesa en Arag\u00f3n"},"content":{"rendered":"<ul>\n<li>La instalaci\u00f3n denominada TICO WIND se ubica en la localidad zaragozana de Villar de los Navarros, y en su construcci\u00f3n est\u00e1 trabajando un 29 % de personas de la zona<\/li>\n<li>Endesa invertir\u00e1 181 millones de euros en esta planta que generar\u00e1 471 GWh\/ a\u00f1o<\/li>\n<li>Como parte de su plan de creaci\u00f3n de valor compartido en las comunidades locales donde desarrolla sus proyectos, Endesa ha formado a m\u00e1s de 1.500 personas a trav\u00e9s de cursos especializados en temas renovables.<\/li>\n<\/ul>\n<p><!--more--><\/p>\n<p><strong>\u00a0<\/strong>La construcci\u00f3n del parque e\u00f3lico TICO WIND, que Endesa est\u00e1 desarrollando en la localidad zaragozana de Villar de los Navarros, ha registrado esta semana puntas superiores a los 330 trabajadores, entre personal propio y de las empresas auxiliares que participan en el proyecto.<\/p>\n<p>El 29 % de la mano de obra que est\u00e1 trabajando actualmente en la instalaci\u00f3n son de la zona de Villar de los Navarros y entorno, una de las medidas que Endesa ha tomado a la hora de construir todas sus instalaciones renovables. De hecho, con el fin de fomentar el empleo local, Endesa ha facilitado la formaci\u00f3n de m\u00e1s de 1.500 personas a trav\u00e9s de cursos relacionados con la prevenci\u00f3n de riesgos laborales, montajes de paneles solares y cursos de Operaci\u00f3n y Mantenimiento para sus plantas con el objetivo de abrir un futuro laboral en un sector en expansi\u00f3n.<\/p>\n<p>Endesa, a trav\u00e9s de su filial de energ\u00edas renovables Enel Green Power Espa\u00f1a (EGPE), comenz\u00f3 el pasado mes de mayo la construcci\u00f3n de esta planta siguiendo principios de econom\u00eda circular. La instalaci\u00f3n de 180 MW, es la de mayor potencia de las que se est\u00e1n construyendo en Arag\u00f3n.<\/p>\n<p>\u00a0<\/p>\n\n\n<\/p>\n<figure class=\"wp-block-image size-large\"><img decoding=\"async\" width=\"1024\" height=\"768\" class=\"wp-image-20586 aligncenter\" src=\"https:\/\/aeeolica.org\/wp-content\/uploads\/2021\/10\/Hormigon-tico-18-1024x768.jpeg\" alt=\"\" srcset=\"https:\/\/aeeolica.org\/wp-content\/uploads\/2021\/10\/Hormigon-tico-18-980x735.jpeg 980w, https:\/\/aeeolica.org\/wp-content\/uploads\/2021\/10\/Hormigon-tico-18-480x360.jpeg 480w\" sizes=\"(min-width: 0px) and (max-width: 480px) 480px, (min-width: 481px) and (max-width: 980px) 980px, (min-width: 981px) 1024px, 100vw\" \/><\/figure>\n<p>\n\n\n<p><\/p>\n<p>El parque e\u00f3lico TICO WIND entrar\u00e1 en funcionamiento a principios de 2022 y tendr\u00e1 la capacidad de generar unos 471 GWh al a\u00f1o. Este volumen de producci\u00f3n evitar\u00e1 la emisi\u00f3n anual a la atm\u00f3sfera de 385.505 toneladas de CO<sub>2.<\/sub>. La instalaci\u00f3n constar\u00e1 de 43 aerogeneradores, 26 de ellos de 3,65 MW de potencia unitaria y 17 de 5 MW de potencia unitaria. La inversi\u00f3n asociada se sit\u00faa en 181 millones de euros.<\/p>\n<p>Hasta el momento se han instalado 11 aerogeneradores y 8 m\u00e1s est\u00e1n en montaje; se han construido 36 zapatas, de un total de 43, y contin\u00faa el avance de los trabajos de obra civil y de construcci\u00f3n de la subestaci\u00f3n transformadora y de las redes el\u00e9ctricas asociadas.<\/p>\n<p>Jos\u00e9 Bogas, consejero delegado de Endesa ha afirmado que<em> &#8220;con este proyecto reafirmamos nuestro compromiso de seguir reforzando el mix de generaci\u00f3n renovable en nuestro pa\u00eds, ayudando a perseguir sus objetivos en materia de energ\u00eda verde. Asimismo, estamos aprovechando la riqueza de las fuentes renovables de Espa\u00f1a, al tiempo que promovemos activamente la innovaci\u00f3n y la sostenibilidad a trav\u00e9s de la adopci\u00f3n de las mejores pr\u00e1cticas internacionales durante la fase de construcci\u00f3n&#8221;.<\/em><\/p>\n<p>Para la construcci\u00f3n de este parque, Enel Green Power Espa\u00f1a est\u00e1 empleando diversas herramientas y t\u00e9cnicas innovadoras, como drones para el levantamiento topogr\u00e1fico, rastreo inteligente de los componentes de la turbina, plataformas digitales avanzadas y soluciones de software para monitorizar y apoyar de manera remota las actividades. Estas herramientas y soluciones permitir\u00e1n una recopilaci\u00f3n de datos m\u00e1s r\u00e1pida, precisa y fiable en las actividades de la obra, lo que aumenta la calidad general de la construcci\u00f3n y facilita la comunicaci\u00f3n entre los equipos que se encuentran dentro y fuera de zona de obra.<\/p>\n<p>La construcci\u00f3n de este proyecto se basa en el modelo de &#8220;Sitio de Construcci\u00f3n Sostenible&#8221; de Enel Green Power, que incluye una serie de medidas que abarcan aspectos de mejora en aspectos de seguridad y medioambiente reduciendo emisiones, consumo de agua y favoreciendo la eficiencia energ\u00e9tica. Algunas de las medidas m\u00e1s importantes son la instalaci\u00f3n de un kit fotovoltaico de paneles solares para cubrir parte de las necesidades energ\u00e9ticas del campamento de obra, un cargador y veh\u00edculo el\u00e9ctrico de renting, desfibriladores de emergencia, uso de luminarias led de bajo consumo y uso de tanque de sistemas de recogida de agua de lluvia en taques de almacenamiento. Una vez finalizadas las obras de construcci\u00f3n, todos estos elementos, a excepci\u00f3n del veh\u00edculo el\u00e9ctrico de renting se donar\u00e1n a la comunidad.<\/p>\n<p>Bajo el paraguas del CSV se ha potenciado la formaci\u00f3n como motor de empleo local y contemplado medidas favorecedoras de reciclaje, teni\u00e9ndose en cuenta aspectos de valorizaci\u00f3n de residuos, econom\u00eda circular y medidas de innovaci\u00f3n como el uso de maquinaria con GPS y detecci\u00f3n de personas.<\/p>\n<p>Enel Green Power Espa\u00f1a conect\u00f3 a la red entre los a\u00f1os 2019 y 2020 dieciocho parques e\u00f3licos en Arag\u00f3n, situados en las provincias de Teruel y Zaragoza, con una potencia total conjunta de 504 MW y una inversi\u00f3n de entorno a los 510 millones de euros.<\/p>\n<p>Endesa gestiona actualmente, a trav\u00e9s de EGPE, m\u00e1s de 7.779 MW de capacidad renovable instalada en Espa\u00f1a, que incluyen: 4.745 MW de energ\u00eda hidr\u00e1ulica; 2.422 MW de energ\u00eda e\u00f3lica, 609 MW de energ\u00eda solar, y 3 MW de otras fuentes renovables.<\/p>\n<p><strong><em>Enel Green Power<\/em><\/strong><em>, dentro del Grupo Enel, est\u00e1 dedicada al desarrollo y operaci\u00f3n de renovables en todo el mundo, con presencia en Europa, Am\u00e9rica, Asia, \u00c1frica y Ocean\u00eda. Enel Green Power es un l\u00edder global en el sector de energ\u00eda verde con una capacidad instalada de cerca de 49 GW en una combinaci\u00f3n de generaci\u00f3n que incluye e\u00f3lica, solar, geot\u00e9rmica e hidroel\u00e9ctrica, y est\u00e1 a la vanguardia de la integraci\u00f3n de tecnolog\u00edas innovadoras en plantas de energ\u00eda renovables.<\/em><\/p>\n<p><strong><em>Sobre Endesa <\/em><\/strong><\/p>\n<p><em>Endesa es la primera compa\u00f1\u00eda el\u00e9ctrica de Espa\u00f1a y la segunda en Portugal. Es, adem\u00e1s, el segundo operador gasista del mercado espa\u00f1ol. Desarrolla un negocio integrado desde la generaci\u00f3n hasta la comercializaci\u00f3n y ofrece tambi\u00e9n, a trav\u00e9s de Endesa X, servicios de valor a\u00f1adido orientados a la descarbonizaci\u00f3n de los usos energ\u00e9ticos en hogares, empresas, industrias y Administraciones P\u00fablicas. Endesa est\u00e1 firmemente comprometida con los ODS de Naciones Unidas y, como tal, impulsa decididamente el desarrollo de energ\u00edas renovables a trav\u00e9s de Enel Green Power Espa\u00f1a, la electrificaci\u00f3n de la econom\u00eda y la Responsabilidad Social Corporativa. En este \u00faltimo \u00e1mbito actuamos tambi\u00e9n desde la Fundaci\u00f3n Endesa. Nuestro equipo humano suma alrededor de 10.000 empleados. Endesa forma parte de Enel, el mayor grupo el\u00e9ctrico de Europa.<\/em><\/p>\n\n\n<div class=\"wp-block-image\"><figure class=\"aligncenter size-large\"><img decoding=\"async\" width=\"576\" height=\"1024\" src=\"https:\/\/aeeolica.org\/wp-content\/uploads\/2021\/10\/MONTAJE-576x1024.jpeg\" alt=\"\" class=\"wp-image-20591\" srcset=\"https:\/\/aeeolica.org\/wp-content\/uploads\/2021\/10\/MONTAJE-576x1024.jpeg 576w, https:\/\/aeeolica.org\/wp-content\/uploads\/2021\/10\/MONTAJE-480x854.jpeg 480w\" sizes=\"(min-width: 0px) and (max-width: 480px) 480px, (min-width: 481px) 576px, 100vw\" \/><\/figure><\/div>\n","protected":false},"excerpt":{"rendered":"<p style=\"text-align: justify;\">Ram\u00f3n L\u00f3pez Mendizabal, Director de Esteyco Energ\u00eda, es el protagonista de la entrevista del mes en nuestra newsletter.<\/p>\n","protected":false},"author":2,"featured_media":0,"comment_status":"open","ping_status":"open","sticky":false,"template":"","format":"standard","meta":{"_acf_changed":false,"_bbp_topic_count":0,"_bbp_reply_count":0,"_bbp_total_topic_count":0,"_bbp_total_reply_count":0,"_bbp_voice_count":0,"_bbp_anonymous_reply_count":0,"_bbp_topic_count_hidden":0,"_bbp_reply_count_hidden":0,"_bbp_forum_subforum_count":0,"_et_pb_use_builder":"","_et_pb_old_content":"","_et_gb_content_width":"","footnotes":""},"categories":[411],"tags":[],"class_list":["post-20590","post","type-post","status-publish","format-standard","hentry","category-newsletter-octubre-2021"],"acf":[],"yoast_head":"<!-- This site is optimized with the Yoast SEO plugin v27.4 - https:\/\/yoast.com\/product\/yoast-seo-wordpress\/ -->\n<title>M\u00e1s de 330 personas trabajan ya en la construcci\u00f3n del mayor parque e\u00f3lico de Endesa en Arag\u00f3n - Asociaci\u00f3n Empresarial E\u00f3lica<\/title>\n<meta name=\"robots\" content=\"index, follow, max-snippet:-1, max-image-preview:large, max-video-preview:-1\" \/>\n<link rel=\"canonical\" href=\"https:\/\/aeeolica.org\/mas-de-330-personas-trabajan-ya-en-la-construccion-del-mayor-parque-eolico-de-endesa-en-aragon\/\" \/>\n<meta property=\"og:locale\" content=\"en_US\" \/>\n<meta property=\"og:type\" content=\"article\" \/>\n<meta property=\"og:title\" content=\"M\u00e1s de 330 personas trabajan ya en la construcci\u00f3n del mayor parque e\u00f3lico de Endesa en Arag\u00f3n - Asociaci\u00f3n Empresarial E\u00f3lica\" \/>\n<meta property=\"og:description\" content=\"Ram\u00f3n L\u00f3pez Mendizabal, Director de Esteyco Energ\u00eda, es el protagonista de la entrevista del mes en nuestra newsletter.\" \/>\n<meta property=\"og:url\" content=\"https:\/\/aeeolica.org\/mas-de-330-personas-trabajan-ya-en-la-construccion-del-mayor-parque-eolico-de-endesa-en-aragon\/\" \/>\n<meta property=\"og:site_name\" content=\"Asociaci\u00f3n Empresarial E\u00f3lica\" \/>\n<meta property=\"article:publisher\" content=\"https:\/\/www.facebook.com\/aeeolica\" \/>\n<meta property=\"article:published_time\" content=\"2021-10-26T12:23:28+00:00\" \/>\n<meta property=\"article:modified_time\" content=\"2021-11-12T13:57:00+00:00\" \/>\n<meta property=\"og:image\" content=\"https:\/\/aeeolica.org\/wp-content\/uploads\/2021\/10\/Hormigon-tico-18-1024x768.jpeg\" \/>\n<meta name=\"author\" content=\"Morante D\u00edaz, Mar\u00eda del Mar\" \/>\n<meta name=\"twitter:card\" content=\"summary_large_image\" \/>\n<meta name=\"twitter:creator\" content=\"@aeeolica\" \/>\n<meta name=\"twitter:site\" content=\"@aeeolica\" \/>\n<meta name=\"twitter:label1\" content=\"Written by\" \/>\n\t<meta name=\"twitter:data1\" content=\"Morante D\u00edaz, Mar\u00eda del Mar\" \/>\n\t<meta name=\"twitter:label2\" content=\"Est. reading time\" \/>\n\t<meta name=\"twitter:data2\" content=\"5 minutes\" \/>\n<script type=\"application\/ld+json\" class=\"yoast-schema-graph\">{\"@context\":\"https:\\\/\\\/schema.org\",\"@graph\":[{\"@type\":\"Article\",\"@id\":\"https:\\\/\\\/aeeolica.org\\\/mas-de-330-personas-trabajan-ya-en-la-construccion-del-mayor-parque-eolico-de-endesa-en-aragon\\\/#article\",\"isPartOf\":{\"@id\":\"https:\\\/\\\/aeeolica.org\\\/mas-de-330-personas-trabajan-ya-en-la-construccion-del-mayor-parque-eolico-de-endesa-en-aragon\\\/\"},\"author\":{\"name\":\"Morante D\u00edaz, Mar\u00eda del Mar\",\"@id\":\"https:\\\/\\\/aeeolica.org\\\/#\\\/schema\\\/person\\\/064b26f21f7ed52e0b3854e6b52f9772\"},\"headline\":\"M\u00e1s de 330 personas trabajan ya en la construcci\u00f3n del mayor parque e\u00f3lico de Endesa en Arag\u00f3n\",\"datePublished\":\"2021-10-26T12:23:28+00:00\",\"dateModified\":\"2021-11-12T13:57:00+00:00\",\"mainEntityOfPage\":{\"@id\":\"https:\\\/\\\/aeeolica.org\\\/mas-de-330-personas-trabajan-ya-en-la-construccion-del-mayor-parque-eolico-de-endesa-en-aragon\\\/\"},\"wordCount\":1127,\"commentCount\":0,\"publisher\":{\"@id\":\"https:\\\/\\\/aeeolica.org\\\/#organization\"},\"image\":{\"@id\":\"https:\\\/\\\/aeeolica.org\\\/mas-de-330-personas-trabajan-ya-en-la-construccion-del-mayor-parque-eolico-de-endesa-en-aragon\\\/#primaryimage\"},\"thumbnailUrl\":\"https:\\\/\\\/aeeolica.org\\\/wp-content\\\/uploads\\\/2021\\\/10\\\/Hormigon-tico-18-1024x768.jpeg\",\"articleSection\":[\"Newsletter Octubre 2021\"],\"inLanguage\":\"en-US\",\"potentialAction\":[{\"@type\":\"CommentAction\",\"name\":\"Comment\",\"target\":[\"https:\\\/\\\/aeeolica.org\\\/mas-de-330-personas-trabajan-ya-en-la-construccion-del-mayor-parque-eolico-de-endesa-en-aragon\\\/#respond\"]}]},{\"@type\":\"WebPage\",\"@id\":\"https:\\\/\\\/aeeolica.org\\\/mas-de-330-personas-trabajan-ya-en-la-construccion-del-mayor-parque-eolico-de-endesa-en-aragon\\\/\",\"url\":\"https:\\\/\\\/aeeolica.org\\\/mas-de-330-personas-trabajan-ya-en-la-construccion-del-mayor-parque-eolico-de-endesa-en-aragon\\\/\",\"name\":\"M\u00e1s de 330 personas trabajan ya en la construcci\u00f3n del mayor parque e\u00f3lico de Endesa en Arag\u00f3n - Asociaci\u00f3n Empresarial E\u00f3lica\",\"isPartOf\":{\"@id\":\"https:\\\/\\\/aeeolica.org\\\/#website\"},\"primaryImageOfPage\":{\"@id\":\"https:\\\/\\\/aeeolica.org\\\/mas-de-330-personas-trabajan-ya-en-la-construccion-del-mayor-parque-eolico-de-endesa-en-aragon\\\/#primaryimage\"},\"image\":{\"@id\":\"https:\\\/\\\/aeeolica.org\\\/mas-de-330-personas-trabajan-ya-en-la-construccion-del-mayor-parque-eolico-de-endesa-en-aragon\\\/#primaryimage\"},\"thumbnailUrl\":\"https:\\\/\\\/aeeolica.org\\\/wp-content\\\/uploads\\\/2021\\\/10\\\/Hormigon-tico-18-1024x768.jpeg\",\"datePublished\":\"2021-10-26T12:23:28+00:00\",\"dateModified\":\"2021-11-12T13:57:00+00:00\",\"breadcrumb\":{\"@id\":\"https:\\\/\\\/aeeolica.org\\\/mas-de-330-personas-trabajan-ya-en-la-construccion-del-mayor-parque-eolico-de-endesa-en-aragon\\\/#breadcrumb\"},\"inLanguage\":\"en-US\",\"potentialAction\":[{\"@type\":\"ReadAction\",\"target\":[\"https:\\\/\\\/aeeolica.org\\\/mas-de-330-personas-trabajan-ya-en-la-construccion-del-mayor-parque-eolico-de-endesa-en-aragon\\\/\"]}]},{\"@type\":\"ImageObject\",\"inLanguage\":\"en-US\",\"@id\":\"https:\\\/\\\/aeeolica.org\\\/mas-de-330-personas-trabajan-ya-en-la-construccion-del-mayor-parque-eolico-de-endesa-en-aragon\\\/#primaryimage\",\"url\":\"https:\\\/\\\/aeeolica.org\\\/wp-content\\\/uploads\\\/2021\\\/10\\\/Hormigon-tico-18-1024x768.jpeg\",\"contentUrl\":\"https:\\\/\\\/aeeolica.org\\\/wp-content\\\/uploads\\\/2021\\\/10\\\/Hormigon-tico-18-1024x768.jpeg\"},{\"@type\":\"BreadcrumbList\",\"@id\":\"https:\\\/\\\/aeeolica.org\\\/mas-de-330-personas-trabajan-ya-en-la-construccion-del-mayor-parque-eolico-de-endesa-en-aragon\\\/#breadcrumb\",\"itemListElement\":[{\"@type\":\"ListItem\",\"position\":1,\"name\":\"Portada\",\"item\":\"https:\\\/\\\/aeeolica.org\\\/en\\\/inicio\\\/\"},{\"@type\":\"ListItem\",\"position\":2,\"name\":\"M\u00e1s de 330 personas trabajan ya en la construcci\u00f3n del mayor parque e\u00f3lico de Endesa en Arag\u00f3n\"}]},{\"@type\":\"WebSite\",\"@id\":\"https:\\\/\\\/aeeolica.org\\\/#website\",\"url\":\"https:\\\/\\\/aeeolica.org\\\/\",\"name\":\"Asociaci\u00f3n Empresarial E\u00f3lica\",\"description\":\"AEE Asociaci\u00f3n Empresarial E\u00f3lica\",\"publisher\":{\"@id\":\"https:\\\/\\\/aeeolica.org\\\/#organization\"},\"potentialAction\":[{\"@type\":\"SearchAction\",\"target\":{\"@type\":\"EntryPoint\",\"urlTemplate\":\"https:\\\/\\\/aeeolica.org\\\/?s={search_term_string}\"},\"query-input\":{\"@type\":\"PropertyValueSpecification\",\"valueRequired\":true,\"valueName\":\"search_term_string\"}}],\"inLanguage\":\"en-US\"},{\"@type\":\"Organization\",\"@id\":\"https:\\\/\\\/aeeolica.org\\\/#organization\",\"name\":\"Asociaci\u00f3n Empresarial E\u00f3lica\",\"url\":\"https:\\\/\\\/aeeolica.org\\\/\",\"logo\":{\"@type\":\"ImageObject\",\"inLanguage\":\"en-US\",\"@id\":\"https:\\\/\\\/aeeolica.org\\\/#\\\/schema\\\/logo\\\/image\\\/\",\"url\":\"https:\\\/\\\/aeeolica.org\\\/wp-content\\\/uploads\\\/2021\\\/08\\\/logo-aee.png\",\"contentUrl\":\"https:\\\/\\\/aeeolica.org\\\/wp-content\\\/uploads\\\/2021\\\/08\\\/logo-aee.png\",\"width\":180,\"height\":78,\"caption\":\"Asociaci\u00f3n Empresarial E\u00f3lica\"},\"image\":{\"@id\":\"https:\\\/\\\/aeeolica.org\\\/#\\\/schema\\\/logo\\\/image\\\/\"},\"sameAs\":[\"https:\\\/\\\/www.facebook.com\\\/aeeolica\",\"https:\\\/\\\/x.com\\\/aeeolica\",\"https:\\\/\\\/www.instagram.com\\\/aeeolica\\\/\",\"https:\\\/\\\/www.linkedin.com\\\/in\\\/aee-asociaci\u00f3n-empresarial-e\u00f3lica-6830946b\\\/\",\"https:\\\/\\\/www.youtube.com\\\/user\\\/AEEolica\"]},{\"@type\":\"Person\",\"@id\":\"https:\\\/\\\/aeeolica.org\\\/#\\\/schema\\\/person\\\/064b26f21f7ed52e0b3854e6b52f9772\",\"name\":\"Morante D\u00edaz, Mar\u00eda del Mar\",\"image\":{\"@type\":\"ImageObject\",\"inLanguage\":\"en-US\",\"@id\":\"https:\\\/\\\/secure.gravatar.com\\\/avatar\\\/8bfd23e1c4bf5aa0b9314f1c5c9d644e62672831e6a512513954c3f15dffdd5a?s=96&d=mm&r=g\",\"url\":\"https:\\\/\\\/secure.gravatar.com\\\/avatar\\\/8bfd23e1c4bf5aa0b9314f1c5c9d644e62672831e6a512513954c3f15dffdd5a?s=96&d=mm&r=g\",\"contentUrl\":\"https:\\\/\\\/secure.gravatar.com\\\/avatar\\\/8bfd23e1c4bf5aa0b9314f1c5c9d644e62672831e6a512513954c3f15dffdd5a?s=96&d=mm&r=g\",\"caption\":\"Morante D\u00edaz, Mar\u00eda del Mar\"},\"url\":\"https:\\\/\\\/aeeolica.org\\\/en\\\/author\\\/mar\\\/\"}]}<\/script>\n<!-- \/ Yoast SEO plugin. -->","yoast_head_json":{"title":"M\u00e1s de 330 personas trabajan ya en la construcci\u00f3n del mayor parque e\u00f3lico de Endesa en Arag\u00f3n - Asociaci\u00f3n Empresarial E\u00f3lica","robots":{"index":"index","follow":"follow","max-snippet":"max-snippet:-1","max-image-preview":"max-image-preview:large","max-video-preview":"max-video-preview:-1"},"canonical":"https:\/\/aeeolica.org\/mas-de-330-personas-trabajan-ya-en-la-construccion-del-mayor-parque-eolico-de-endesa-en-aragon\/","og_locale":"en_US","og_type":"article","og_title":"M\u00e1s de 330 personas trabajan ya en la construcci\u00f3n del mayor parque e\u00f3lico de Endesa en Arag\u00f3n - Asociaci\u00f3n Empresarial E\u00f3lica","og_description":"Ram\u00f3n L\u00f3pez Mendizabal, Director de Esteyco Energ\u00eda, es el protagonista de la entrevista del mes en nuestra newsletter.","og_url":"https:\/\/aeeolica.org\/mas-de-330-personas-trabajan-ya-en-la-construccion-del-mayor-parque-eolico-de-endesa-en-aragon\/","og_site_name":"Asociaci\u00f3n Empresarial E\u00f3lica","article_publisher":"https:\/\/www.facebook.com\/aeeolica","article_published_time":"2021-10-26T12:23:28+00:00","article_modified_time":"2021-11-12T13:57:00+00:00","og_image":[{"url":"https:\/\/aeeolica.org\/wp-content\/uploads\/2021\/10\/Hormigon-tico-18-1024x768.jpeg","type":"","width":"","height":""}],"author":"Morante D\u00edaz, Mar\u00eda del Mar","twitter_card":"summary_large_image","twitter_creator":"@aeeolica","twitter_site":"@aeeolica","twitter_misc":{"Written by":"Morante D\u00edaz, Mar\u00eda del Mar","Est. reading time":"5 minutes"},"schema":{"@context":"https:\/\/schema.org","@graph":[{"@type":"Article","@id":"https:\/\/aeeolica.org\/mas-de-330-personas-trabajan-ya-en-la-construccion-del-mayor-parque-eolico-de-endesa-en-aragon\/#article","isPartOf":{"@id":"https:\/\/aeeolica.org\/mas-de-330-personas-trabajan-ya-en-la-construccion-del-mayor-parque-eolico-de-endesa-en-aragon\/"},"author":{"name":"Morante D\u00edaz, Mar\u00eda del Mar","@id":"https:\/\/aeeolica.org\/#\/schema\/person\/064b26f21f7ed52e0b3854e6b52f9772"},"headline":"M\u00e1s de 330 personas trabajan ya en la construcci\u00f3n del mayor parque e\u00f3lico de Endesa en Arag\u00f3n","datePublished":"2021-10-26T12:23:28+00:00","dateModified":"2021-11-12T13:57:00+00:00","mainEntityOfPage":{"@id":"https:\/\/aeeolica.org\/mas-de-330-personas-trabajan-ya-en-la-construccion-del-mayor-parque-eolico-de-endesa-en-aragon\/"},"wordCount":1127,"commentCount":0,"publisher":{"@id":"https:\/\/aeeolica.org\/#organization"},"image":{"@id":"https:\/\/aeeolica.org\/mas-de-330-personas-trabajan-ya-en-la-construccion-del-mayor-parque-eolico-de-endesa-en-aragon\/#primaryimage"},"thumbnailUrl":"https:\/\/aeeolica.org\/wp-content\/uploads\/2021\/10\/Hormigon-tico-18-1024x768.jpeg","articleSection":["Newsletter Octubre 2021"],"inLanguage":"en-US","potentialAction":[{"@type":"CommentAction","name":"Comment","target":["https:\/\/aeeolica.org\/mas-de-330-personas-trabajan-ya-en-la-construccion-del-mayor-parque-eolico-de-endesa-en-aragon\/#respond"]}]},{"@type":"WebPage","@id":"https:\/\/aeeolica.org\/mas-de-330-personas-trabajan-ya-en-la-construccion-del-mayor-parque-eolico-de-endesa-en-aragon\/","url":"https:\/\/aeeolica.org\/mas-de-330-personas-trabajan-ya-en-la-construccion-del-mayor-parque-eolico-de-endesa-en-aragon\/","name":"M\u00e1s de 330 personas trabajan ya en la construcci\u00f3n del mayor parque e\u00f3lico de Endesa en Arag\u00f3n - Asociaci\u00f3n Empresarial E\u00f3lica","isPartOf":{"@id":"https:\/\/aeeolica.org\/#website"},"primaryImageOfPage":{"@id":"https:\/\/aeeolica.org\/mas-de-330-personas-trabajan-ya-en-la-construccion-del-mayor-parque-eolico-de-endesa-en-aragon\/#primaryimage"},"image":{"@id":"https:\/\/aeeolica.org\/mas-de-330-personas-trabajan-ya-en-la-construccion-del-mayor-parque-eolico-de-endesa-en-aragon\/#primaryimage"},"thumbnailUrl":"https:\/\/aeeolica.org\/wp-content\/uploads\/2021\/10\/Hormigon-tico-18-1024x768.jpeg","datePublished":"2021-10-26T12:23:28+00:00","dateModified":"2021-11-12T13:57:00+00:00","breadcrumb":{"@id":"https:\/\/aeeolica.org\/mas-de-330-personas-trabajan-ya-en-la-construccion-del-mayor-parque-eolico-de-endesa-en-aragon\/#breadcrumb"},"inLanguage":"en-US","potentialAction":[{"@type":"ReadAction","target":["https:\/\/aeeolica.org\/mas-de-330-personas-trabajan-ya-en-la-construccion-del-mayor-parque-eolico-de-endesa-en-aragon\/"]}]},{"@type":"ImageObject","inLanguage":"en-US","@id":"https:\/\/aeeolica.org\/mas-de-330-personas-trabajan-ya-en-la-construccion-del-mayor-parque-eolico-de-endesa-en-aragon\/#primaryimage","url":"https:\/\/aeeolica.org\/wp-content\/uploads\/2021\/10\/Hormigon-tico-18-1024x768.jpeg","contentUrl":"https:\/\/aeeolica.org\/wp-content\/uploads\/2021\/10\/Hormigon-tico-18-1024x768.jpeg"},{"@type":"BreadcrumbList","@id":"https:\/\/aeeolica.org\/mas-de-330-personas-trabajan-ya-en-la-construccion-del-mayor-parque-eolico-de-endesa-en-aragon\/#breadcrumb","itemListElement":[{"@type":"ListItem","position":1,"name":"Portada","item":"https:\/\/aeeolica.org\/en\/inicio\/"},{"@type":"ListItem","position":2,"name":"M\u00e1s de 330 personas trabajan ya en la construcci\u00f3n del mayor parque e\u00f3lico de Endesa en Arag\u00f3n"}]},{"@type":"WebSite","@id":"https:\/\/aeeolica.org\/#website","url":"https:\/\/aeeolica.org\/","name":"Asociaci\u00f3n Empresarial E\u00f3lica","description":"AEE Asociaci\u00f3n Empresarial E\u00f3lica","publisher":{"@id":"https:\/\/aeeolica.org\/#organization"},"potentialAction":[{"@type":"SearchAction","target":{"@type":"EntryPoint","urlTemplate":"https:\/\/aeeolica.org\/?s={search_term_string}"},"query-input":{"@type":"PropertyValueSpecification","valueRequired":true,"valueName":"search_term_string"}}],"inLanguage":"en-US"},{"@type":"Organization","@id":"https:\/\/aeeolica.org\/#organization","name":"Asociaci\u00f3n Empresarial E\u00f3lica","url":"https:\/\/aeeolica.org\/","logo":{"@type":"ImageObject","inLanguage":"en-US","@id":"https:\/\/aeeolica.org\/#\/schema\/logo\/image\/","url":"https:\/\/aeeolica.org\/wp-content\/uploads\/2021\/08\/logo-aee.png","contentUrl":"https:\/\/aeeolica.org\/wp-content\/uploads\/2021\/08\/logo-aee.png","width":180,"height":78,"caption":"Asociaci\u00f3n Empresarial E\u00f3lica"},"image":{"@id":"https:\/\/aeeolica.org\/#\/schema\/logo\/image\/"},"sameAs":["https:\/\/www.facebook.com\/aeeolica","https:\/\/x.com\/aeeolica","https:\/\/www.instagram.com\/aeeolica\/","https:\/\/www.linkedin.com\/in\/aee-asociaci\u00f3n-empresarial-e\u00f3lica-6830946b\/","https:\/\/www.youtube.com\/user\/AEEolica"]},{"@type":"Person","@id":"https:\/\/aeeolica.org\/#\/schema\/person\/064b26f21f7ed52e0b3854e6b52f9772","name":"Morante D\u00edaz, Mar\u00eda del Mar","image":{"@type":"ImageObject","inLanguage":"en-US","@id":"https:\/\/secure.gravatar.com\/avatar\/8bfd23e1c4bf5aa0b9314f1c5c9d644e62672831e6a512513954c3f15dffdd5a?s=96&d=mm&r=g","url":"https:\/\/secure.gravatar.com\/avatar\/8bfd23e1c4bf5aa0b9314f1c5c9d644e62672831e6a512513954c3f15dffdd5a?s=96&d=mm&r=g","contentUrl":"https:\/\/secure.gravatar.com\/avatar\/8bfd23e1c4bf5aa0b9314f1c5c9d644e62672831e6a512513954c3f15dffdd5a?s=96&d=mm&r=g","caption":"Morante D\u00edaz, Mar\u00eda del Mar"},"url":"https:\/\/aeeolica.org\/en\/author\/mar\/"}]}},"_links":{"self":[{"href":"https:\/\/aeeolica.org\/en\/wp-json\/wp\/v2\/posts\/20590","targetHints":{"allow":["GET"]}}],"collection":[{"href":"https:\/\/aeeolica.org\/en\/wp-json\/wp\/v2\/posts"}],"about":[{"href":"https:\/\/aeeolica.org\/en\/wp-json\/wp\/v2\/types\/post"}],"author":[{"embeddable":true,"href":"https:\/\/aeeolica.org\/en\/wp-json\/wp\/v2\/users\/2"}],"replies":[{"embeddable":true,"href":"https:\/\/aeeolica.org\/en\/wp-json\/wp\/v2\/comments?post=20590"}],"version-history":[{"count":0,"href":"https:\/\/aeeolica.org\/en\/wp-json\/wp\/v2\/posts\/20590\/revisions"}],"wp:attachment":[{"href":"https:\/\/aeeolica.org\/en\/wp-json\/wp\/v2\/media?parent=20590"}],"wp:term":[{"taxonomy":"category","embeddable":true,"href":"https:\/\/aeeolica.org\/en\/wp-json\/wp\/v2\/categories?post=20590"},{"taxonomy":"post_tag","embeddable":true,"href":"https:\/\/aeeolica.org\/en\/wp-json\/wp\/v2\/tags?post=20590"}],"curies":[{"name":"wp","href":"https:\/\/api.w.org\/{rel}","templated":true}]}}