{"id":20601,"date":"2021-10-26T14:20:24","date_gmt":"2021-10-26T12:20:24","guid":{"rendered":"https:\/\/aeeolica.org\/?p=20601"},"modified":"2021-11-12T14:55:16","modified_gmt":"2021-11-12T13:55:16","slug":"elawan-cierra-una-financiacion-de-tres-parques-eolicos-por-94-millones-de-euros","status":"publish","type":"post","link":"https:\/\/aeeolica.org\/en\/elawan-cierra-una-financiacion-de-tres-parques-eolicos-por-94-millones-de-euros\/","title":{"rendered":"Elawan cierra una financiaci\u00f3n de tres parques e\u00f3licos por 94 millones de euros"},"content":{"rendered":"<p>Elawan Energy cierra la financiaci\u00f3n de 3 parques e\u00f3licos en la provincia de Albacete, con una potencia total de 150 Megavatios (MW).<\/p>\n<p><!--more--><\/p>\n<p>Los tres parques e\u00f3licos tienen una potencia instalada de 50 MW cada una, y est\u00e1n situados en los municipios de Bonete, Chinchilla de Montearag\u00f3n, Corral-Rubio y Montealegre del Castillo, en la provincia de Albacete. Actualmente estas plantas est\u00e1n en fase de construcci\u00f3n, la puesta en marcha esta prevista para el verano de 2022.<\/p>\n<p>Elawan Energy, a trav\u00e9s de estas tres plantas, suministrar\u00e1 energ\u00eda a cerca de 115.000 hogares, con una producci\u00f3n anual estimada de 400 Gigavatio-hora (GWh) de energ\u00eda limpia.<\/p>\n<p>La financiaci\u00f3n se ha concedido a trav\u00e9s de financiaciones estructuradas independientes entre s\u00ed por un importe conjunto aproximado de 94 millones de euros otorgado por Banco Sabadell, S.A., Banco Santander, S.A. y SMBC Bank EU AG (asesorados por Clifford Chance) a las sociedades veh\u00edculo titulares de cada planta: Frontones, Derramador y Fuente \u00c1lamo, \u00edntegramente participadas por Elawan Energy.<\/p>\n<p>Pedro Garc\u00eda Crespo, Director de Financiaci\u00f3n de Elawan Energy, afirm\u00f3 que: \u201cEsta operaci\u00f3n ha sido un gran \u00e9xito, habiendo financiado proyectos adjudicatarios de la subasta de energ\u00edas renovables celebrada en enero de este mismo a\u00f1o, en un compromiso de entidades financieras por un importe de 94 millones de euros\u201d.<\/p>\n<p><strong>Sobre Elawan Energy<\/strong><\/p>\n<p>Elawan Energy (<a href=\"http:\/\/www.elawan.com\">www.elawan.com<\/a>), promueve, construye y opera proyectos de energ\u00edas renovables, adem\u00e1s de la venta de energ\u00eda producida por los mismos. Est\u00e1 focalizada en desarrollar y operar parques en Europa, Brasil, EE.UU., M\u00e9xico, Turqu\u00eda y Sud\u00e1frica.<\/p>\n<p>La Compa\u00f1\u00eda desde sus inicios en 2007 ha desarrollado m\u00e1s de 2,9 GW y dispone de una cartera de m\u00e1s de 10 GW en promoci\u00f3n, en distintos grados de avance.<\/p>\n<p>\u00a0<\/p>\n\n\n<figure class=\"wp-block-image size-large\"><img decoding=\"async\" width=\"1024\" height=\"680\" src=\"https:\/\/aeeolica.org\/wp-content\/uploads\/2021\/10\/2021-Elawan-1024x680.jpg\" alt=\"\" class=\"wp-image-20602\" srcset=\"https:\/\/aeeolica.org\/wp-content\/uploads\/2021\/10\/2021-Elawan-980x651.jpg 980w, https:\/\/aeeolica.org\/wp-content\/uploads\/2021\/10\/2021-Elawan-480x319.jpg 480w\" sizes=\"(min-width: 0px) and (max-width: 480px) 480px, (min-width: 481px) and (max-width: 980px) 980px, (min-width: 981px) 1024px, 100vw\" \/><\/figure>\n","protected":false},"excerpt":{"rendered":"<p style=\"text-align: justify;\">Ram\u00f3n L\u00f3pez Mendizabal, Director de Esteyco Energ\u00eda, es el protagonista de la entrevista del mes en nuestra newsletter.<\/p>\n","protected":false},"author":2,"featured_media":0,"comment_status":"open","ping_status":"open","sticky":false,"template":"","format":"standard","meta":{"_acf_changed":false,"_bbp_topic_count":0,"_bbp_reply_count":0,"_bbp_total_topic_count":0,"_bbp_total_reply_count":0,"_bbp_voice_count":0,"_bbp_anonymous_reply_count":0,"_bbp_topic_count_hidden":0,"_bbp_reply_count_hidden":0,"_bbp_forum_subforum_count":0,"_et_pb_use_builder":"","_et_pb_old_content":"","_et_gb_content_width":"","footnotes":""},"categories":[411],"tags":[],"class_list":["post-20601","post","type-post","status-publish","format-standard","hentry","category-newsletter-octubre-2021"],"acf":[],"yoast_head":"<!-- This site is optimized with the Yoast SEO plugin v27.4 - https:\/\/yoast.com\/product\/yoast-seo-wordpress\/ -->\n<title>Elawan cierra una financiaci\u00f3n de tres parques e\u00f3licos por 94 millones de euros - Asociaci\u00f3n Empresarial E\u00f3lica<\/title>\n<meta name=\"robots\" content=\"index, follow, max-snippet:-1, max-image-preview:large, max-video-preview:-1\" \/>\n<link rel=\"canonical\" href=\"https:\/\/aeeolica.org\/elawan-cierra-una-financiacion-de-tres-parques-eolicos-por-94-millones-de-euros\/\" \/>\n<meta property=\"og:locale\" content=\"en_US\" \/>\n<meta property=\"og:type\" content=\"article\" \/>\n<meta property=\"og:title\" content=\"Elawan cierra una financiaci\u00f3n de tres parques e\u00f3licos por 94 millones de euros - Asociaci\u00f3n Empresarial E\u00f3lica\" \/>\n<meta property=\"og:description\" content=\"Ram\u00f3n L\u00f3pez Mendizabal, Director de Esteyco Energ\u00eda, es el protagonista de la entrevista del mes en nuestra newsletter.\" \/>\n<meta property=\"og:url\" content=\"https:\/\/aeeolica.org\/elawan-cierra-una-financiacion-de-tres-parques-eolicos-por-94-millones-de-euros\/\" \/>\n<meta property=\"og:site_name\" content=\"Asociaci\u00f3n Empresarial E\u00f3lica\" \/>\n<meta property=\"article:publisher\" content=\"https:\/\/www.facebook.com\/aeeolica\" \/>\n<meta property=\"article:published_time\" content=\"2021-10-26T12:20:24+00:00\" \/>\n<meta property=\"article:modified_time\" content=\"2021-11-12T13:55:16+00:00\" \/>\n<meta property=\"og:image\" content=\"https:\/\/aeeolica.org\/wp-content\/uploads\/2021\/10\/2021-Elawan-1024x680.jpg\" \/>\n<meta name=\"author\" content=\"Morante D\u00edaz, Mar\u00eda del Mar\" \/>\n<meta name=\"twitter:card\" content=\"summary_large_image\" \/>\n<meta name=\"twitter:creator\" content=\"@aeeolica\" \/>\n<meta name=\"twitter:site\" content=\"@aeeolica\" \/>\n<meta name=\"twitter:label1\" content=\"Written by\" \/>\n\t<meta name=\"twitter:data1\" content=\"Morante D\u00edaz, Mar\u00eda del Mar\" \/>\n\t<meta name=\"twitter:label2\" content=\"Est. reading time\" \/>\n\t<meta name=\"twitter:data2\" content=\"2 minutes\" \/>\n<script type=\"application\/ld+json\" class=\"yoast-schema-graph\">{\"@context\":\"https:\\\/\\\/schema.org\",\"@graph\":[{\"@type\":\"Article\",\"@id\":\"https:\\\/\\\/aeeolica.org\\\/elawan-cierra-una-financiacion-de-tres-parques-eolicos-por-94-millones-de-euros\\\/#article\",\"isPartOf\":{\"@id\":\"https:\\\/\\\/aeeolica.org\\\/elawan-cierra-una-financiacion-de-tres-parques-eolicos-por-94-millones-de-euros\\\/\"},\"author\":{\"name\":\"Morante D\u00edaz, Mar\u00eda del Mar\",\"@id\":\"https:\\\/\\\/aeeolica.org\\\/#\\\/schema\\\/person\\\/064b26f21f7ed52e0b3854e6b52f9772\"},\"headline\":\"Elawan cierra una financiaci\u00f3n de tres parques e\u00f3licos por 94 millones de euros\",\"datePublished\":\"2021-10-26T12:20:24+00:00\",\"dateModified\":\"2021-11-12T13:55:16+00:00\",\"mainEntityOfPage\":{\"@id\":\"https:\\\/\\\/aeeolica.org\\\/elawan-cierra-una-financiacion-de-tres-parques-eolicos-por-94-millones-de-euros\\\/\"},\"wordCount\":315,\"commentCount\":0,\"publisher\":{\"@id\":\"https:\\\/\\\/aeeolica.org\\\/#organization\"},\"image\":{\"@id\":\"https:\\\/\\\/aeeolica.org\\\/elawan-cierra-una-financiacion-de-tres-parques-eolicos-por-94-millones-de-euros\\\/#primaryimage\"},\"thumbnailUrl\":\"https:\\\/\\\/aeeolica.org\\\/wp-content\\\/uploads\\\/2021\\\/10\\\/2021-Elawan-1024x680.jpg\",\"articleSection\":[\"Newsletter Octubre 2021\"],\"inLanguage\":\"en-US\",\"potentialAction\":[{\"@type\":\"CommentAction\",\"name\":\"Comment\",\"target\":[\"https:\\\/\\\/aeeolica.org\\\/elawan-cierra-una-financiacion-de-tres-parques-eolicos-por-94-millones-de-euros\\\/#respond\"]}]},{\"@type\":\"WebPage\",\"@id\":\"https:\\\/\\\/aeeolica.org\\\/elawan-cierra-una-financiacion-de-tres-parques-eolicos-por-94-millones-de-euros\\\/\",\"url\":\"https:\\\/\\\/aeeolica.org\\\/elawan-cierra-una-financiacion-de-tres-parques-eolicos-por-94-millones-de-euros\\\/\",\"name\":\"Elawan cierra una financiaci\u00f3n de tres parques e\u00f3licos por 94 millones de euros - Asociaci\u00f3n Empresarial E\u00f3lica\",\"isPartOf\":{\"@id\":\"https:\\\/\\\/aeeolica.org\\\/#website\"},\"primaryImageOfPage\":{\"@id\":\"https:\\\/\\\/aeeolica.org\\\/elawan-cierra-una-financiacion-de-tres-parques-eolicos-por-94-millones-de-euros\\\/#primaryimage\"},\"image\":{\"@id\":\"https:\\\/\\\/aeeolica.org\\\/elawan-cierra-una-financiacion-de-tres-parques-eolicos-por-94-millones-de-euros\\\/#primaryimage\"},\"thumbnailUrl\":\"https:\\\/\\\/aeeolica.org\\\/wp-content\\\/uploads\\\/2021\\\/10\\\/2021-Elawan-1024x680.jpg\",\"datePublished\":\"2021-10-26T12:20:24+00:00\",\"dateModified\":\"2021-11-12T13:55:16+00:00\",\"breadcrumb\":{\"@id\":\"https:\\\/\\\/aeeolica.org\\\/elawan-cierra-una-financiacion-de-tres-parques-eolicos-por-94-millones-de-euros\\\/#breadcrumb\"},\"inLanguage\":\"en-US\",\"potentialAction\":[{\"@type\":\"ReadAction\",\"target\":[\"https:\\\/\\\/aeeolica.org\\\/elawan-cierra-una-financiacion-de-tres-parques-eolicos-por-94-millones-de-euros\\\/\"]}]},{\"@type\":\"ImageObject\",\"inLanguage\":\"en-US\",\"@id\":\"https:\\\/\\\/aeeolica.org\\\/elawan-cierra-una-financiacion-de-tres-parques-eolicos-por-94-millones-de-euros\\\/#primaryimage\",\"url\":\"https:\\\/\\\/aeeolica.org\\\/wp-content\\\/uploads\\\/2021\\\/10\\\/2021-Elawan-1024x680.jpg\",\"contentUrl\":\"https:\\\/\\\/aeeolica.org\\\/wp-content\\\/uploads\\\/2021\\\/10\\\/2021-Elawan-1024x680.jpg\"},{\"@type\":\"BreadcrumbList\",\"@id\":\"https:\\\/\\\/aeeolica.org\\\/elawan-cierra-una-financiacion-de-tres-parques-eolicos-por-94-millones-de-euros\\\/#breadcrumb\",\"itemListElement\":[{\"@type\":\"ListItem\",\"position\":1,\"name\":\"Portada\",\"item\":\"https:\\\/\\\/aeeolica.org\\\/en\\\/inicio\\\/\"},{\"@type\":\"ListItem\",\"position\":2,\"name\":\"Elawan cierra una financiaci\u00f3n de tres parques e\u00f3licos por 94 millones de euros\"}]},{\"@type\":\"WebSite\",\"@id\":\"https:\\\/\\\/aeeolica.org\\\/#website\",\"url\":\"https:\\\/\\\/aeeolica.org\\\/\",\"name\":\"Asociaci\u00f3n Empresarial E\u00f3lica\",\"description\":\"AEE Asociaci\u00f3n Empresarial E\u00f3lica\",\"publisher\":{\"@id\":\"https:\\\/\\\/aeeolica.org\\\/#organization\"},\"potentialAction\":[{\"@type\":\"SearchAction\",\"target\":{\"@type\":\"EntryPoint\",\"urlTemplate\":\"https:\\\/\\\/aeeolica.org\\\/?s={search_term_string}\"},\"query-input\":{\"@type\":\"PropertyValueSpecification\",\"valueRequired\":true,\"valueName\":\"search_term_string\"}}],\"inLanguage\":\"en-US\"},{\"@type\":\"Organization\",\"@id\":\"https:\\\/\\\/aeeolica.org\\\/#organization\",\"name\":\"Asociaci\u00f3n Empresarial E\u00f3lica\",\"url\":\"https:\\\/\\\/aeeolica.org\\\/\",\"logo\":{\"@type\":\"ImageObject\",\"inLanguage\":\"en-US\",\"@id\":\"https:\\\/\\\/aeeolica.org\\\/#\\\/schema\\\/logo\\\/image\\\/\",\"url\":\"https:\\\/\\\/aeeolica.org\\\/wp-content\\\/uploads\\\/2021\\\/08\\\/logo-aee.png\",\"contentUrl\":\"https:\\\/\\\/aeeolica.org\\\/wp-content\\\/uploads\\\/2021\\\/08\\\/logo-aee.png\",\"width\":180,\"height\":78,\"caption\":\"Asociaci\u00f3n Empresarial E\u00f3lica\"},\"image\":{\"@id\":\"https:\\\/\\\/aeeolica.org\\\/#\\\/schema\\\/logo\\\/image\\\/\"},\"sameAs\":[\"https:\\\/\\\/www.facebook.com\\\/aeeolica\",\"https:\\\/\\\/x.com\\\/aeeolica\",\"https:\\\/\\\/www.instagram.com\\\/aeeolica\\\/\",\"https:\\\/\\\/www.linkedin.com\\\/in\\\/aee-asociaci\u00f3n-empresarial-e\u00f3lica-6830946b\\\/\",\"https:\\\/\\\/www.youtube.com\\\/user\\\/AEEolica\"]},{\"@type\":\"Person\",\"@id\":\"https:\\\/\\\/aeeolica.org\\\/#\\\/schema\\\/person\\\/064b26f21f7ed52e0b3854e6b52f9772\",\"name\":\"Morante D\u00edaz, Mar\u00eda del Mar\",\"image\":{\"@type\":\"ImageObject\",\"inLanguage\":\"en-US\",\"@id\":\"https:\\\/\\\/secure.gravatar.com\\\/avatar\\\/8bfd23e1c4bf5aa0b9314f1c5c9d644e62672831e6a512513954c3f15dffdd5a?s=96&d=mm&r=g\",\"url\":\"https:\\\/\\\/secure.gravatar.com\\\/avatar\\\/8bfd23e1c4bf5aa0b9314f1c5c9d644e62672831e6a512513954c3f15dffdd5a?s=96&d=mm&r=g\",\"contentUrl\":\"https:\\\/\\\/secure.gravatar.com\\\/avatar\\\/8bfd23e1c4bf5aa0b9314f1c5c9d644e62672831e6a512513954c3f15dffdd5a?s=96&d=mm&r=g\",\"caption\":\"Morante D\u00edaz, Mar\u00eda del Mar\"},\"url\":\"https:\\\/\\\/aeeolica.org\\\/en\\\/author\\\/mar\\\/\"}]}<\/script>\n<!-- \/ Yoast SEO plugin. -->","yoast_head_json":{"title":"Elawan cierra una financiaci\u00f3n de tres parques e\u00f3licos por 94 millones de euros - Asociaci\u00f3n Empresarial E\u00f3lica","robots":{"index":"index","follow":"follow","max-snippet":"max-snippet:-1","max-image-preview":"max-image-preview:large","max-video-preview":"max-video-preview:-1"},"canonical":"https:\/\/aeeolica.org\/elawan-cierra-una-financiacion-de-tres-parques-eolicos-por-94-millones-de-euros\/","og_locale":"en_US","og_type":"article","og_title":"Elawan cierra una financiaci\u00f3n de tres parques e\u00f3licos por 94 millones de euros - Asociaci\u00f3n Empresarial E\u00f3lica","og_description":"Ram\u00f3n L\u00f3pez Mendizabal, Director de Esteyco Energ\u00eda, es el protagonista de la entrevista del mes en nuestra newsletter.","og_url":"https:\/\/aeeolica.org\/elawan-cierra-una-financiacion-de-tres-parques-eolicos-por-94-millones-de-euros\/","og_site_name":"Asociaci\u00f3n Empresarial E\u00f3lica","article_publisher":"https:\/\/www.facebook.com\/aeeolica","article_published_time":"2021-10-26T12:20:24+00:00","article_modified_time":"2021-11-12T13:55:16+00:00","og_image":[{"url":"https:\/\/aeeolica.org\/wp-content\/uploads\/2021\/10\/2021-Elawan-1024x680.jpg","type":"","width":"","height":""}],"author":"Morante D\u00edaz, Mar\u00eda del Mar","twitter_card":"summary_large_image","twitter_creator":"@aeeolica","twitter_site":"@aeeolica","twitter_misc":{"Written by":"Morante D\u00edaz, Mar\u00eda del Mar","Est. reading time":"2 minutes"},"schema":{"@context":"https:\/\/schema.org","@graph":[{"@type":"Article","@id":"https:\/\/aeeolica.org\/elawan-cierra-una-financiacion-de-tres-parques-eolicos-por-94-millones-de-euros\/#article","isPartOf":{"@id":"https:\/\/aeeolica.org\/elawan-cierra-una-financiacion-de-tres-parques-eolicos-por-94-millones-de-euros\/"},"author":{"name":"Morante D\u00edaz, Mar\u00eda del Mar","@id":"https:\/\/aeeolica.org\/#\/schema\/person\/064b26f21f7ed52e0b3854e6b52f9772"},"headline":"Elawan cierra una financiaci\u00f3n de tres parques e\u00f3licos por 94 millones de euros","datePublished":"2021-10-26T12:20:24+00:00","dateModified":"2021-11-12T13:55:16+00:00","mainEntityOfPage":{"@id":"https:\/\/aeeolica.org\/elawan-cierra-una-financiacion-de-tres-parques-eolicos-por-94-millones-de-euros\/"},"wordCount":315,"commentCount":0,"publisher":{"@id":"https:\/\/aeeolica.org\/#organization"},"image":{"@id":"https:\/\/aeeolica.org\/elawan-cierra-una-financiacion-de-tres-parques-eolicos-por-94-millones-de-euros\/#primaryimage"},"thumbnailUrl":"https:\/\/aeeolica.org\/wp-content\/uploads\/2021\/10\/2021-Elawan-1024x680.jpg","articleSection":["Newsletter Octubre 2021"],"inLanguage":"en-US","potentialAction":[{"@type":"CommentAction","name":"Comment","target":["https:\/\/aeeolica.org\/elawan-cierra-una-financiacion-de-tres-parques-eolicos-por-94-millones-de-euros\/#respond"]}]},{"@type":"WebPage","@id":"https:\/\/aeeolica.org\/elawan-cierra-una-financiacion-de-tres-parques-eolicos-por-94-millones-de-euros\/","url":"https:\/\/aeeolica.org\/elawan-cierra-una-financiacion-de-tres-parques-eolicos-por-94-millones-de-euros\/","name":"Elawan cierra una financiaci\u00f3n de tres parques e\u00f3licos por 94 millones de euros - Asociaci\u00f3n Empresarial E\u00f3lica","isPartOf":{"@id":"https:\/\/aeeolica.org\/#website"},"primaryImageOfPage":{"@id":"https:\/\/aeeolica.org\/elawan-cierra-una-financiacion-de-tres-parques-eolicos-por-94-millones-de-euros\/#primaryimage"},"image":{"@id":"https:\/\/aeeolica.org\/elawan-cierra-una-financiacion-de-tres-parques-eolicos-por-94-millones-de-euros\/#primaryimage"},"thumbnailUrl":"https:\/\/aeeolica.org\/wp-content\/uploads\/2021\/10\/2021-Elawan-1024x680.jpg","datePublished":"2021-10-26T12:20:24+00:00","dateModified":"2021-11-12T13:55:16+00:00","breadcrumb":{"@id":"https:\/\/aeeolica.org\/elawan-cierra-una-financiacion-de-tres-parques-eolicos-por-94-millones-de-euros\/#breadcrumb"},"inLanguage":"en-US","potentialAction":[{"@type":"ReadAction","target":["https:\/\/aeeolica.org\/elawan-cierra-una-financiacion-de-tres-parques-eolicos-por-94-millones-de-euros\/"]}]},{"@type":"ImageObject","inLanguage":"en-US","@id":"https:\/\/aeeolica.org\/elawan-cierra-una-financiacion-de-tres-parques-eolicos-por-94-millones-de-euros\/#primaryimage","url":"https:\/\/aeeolica.org\/wp-content\/uploads\/2021\/10\/2021-Elawan-1024x680.jpg","contentUrl":"https:\/\/aeeolica.org\/wp-content\/uploads\/2021\/10\/2021-Elawan-1024x680.jpg"},{"@type":"BreadcrumbList","@id":"https:\/\/aeeolica.org\/elawan-cierra-una-financiacion-de-tres-parques-eolicos-por-94-millones-de-euros\/#breadcrumb","itemListElement":[{"@type":"ListItem","position":1,"name":"Portada","item":"https:\/\/aeeolica.org\/en\/inicio\/"},{"@type":"ListItem","position":2,"name":"Elawan cierra una financiaci\u00f3n de tres parques e\u00f3licos por 94 millones de euros"}]},{"@type":"WebSite","@id":"https:\/\/aeeolica.org\/#website","url":"https:\/\/aeeolica.org\/","name":"Asociaci\u00f3n Empresarial E\u00f3lica","description":"AEE Asociaci\u00f3n Empresarial E\u00f3lica","publisher":{"@id":"https:\/\/aeeolica.org\/#organization"},"potentialAction":[{"@type":"SearchAction","target":{"@type":"EntryPoint","urlTemplate":"https:\/\/aeeolica.org\/?s={search_term_string}"},"query-input":{"@type":"PropertyValueSpecification","valueRequired":true,"valueName":"search_term_string"}}],"inLanguage":"en-US"},{"@type":"Organization","@id":"https:\/\/aeeolica.org\/#organization","name":"Asociaci\u00f3n Empresarial E\u00f3lica","url":"https:\/\/aeeolica.org\/","logo":{"@type":"ImageObject","inLanguage":"en-US","@id":"https:\/\/aeeolica.org\/#\/schema\/logo\/image\/","url":"https:\/\/aeeolica.org\/wp-content\/uploads\/2021\/08\/logo-aee.png","contentUrl":"https:\/\/aeeolica.org\/wp-content\/uploads\/2021\/08\/logo-aee.png","width":180,"height":78,"caption":"Asociaci\u00f3n Empresarial E\u00f3lica"},"image":{"@id":"https:\/\/aeeolica.org\/#\/schema\/logo\/image\/"},"sameAs":["https:\/\/www.facebook.com\/aeeolica","https:\/\/x.com\/aeeolica","https:\/\/www.instagram.com\/aeeolica\/","https:\/\/www.linkedin.com\/in\/aee-asociaci\u00f3n-empresarial-e\u00f3lica-6830946b\/","https:\/\/www.youtube.com\/user\/AEEolica"]},{"@type":"Person","@id":"https:\/\/aeeolica.org\/#\/schema\/person\/064b26f21f7ed52e0b3854e6b52f9772","name":"Morante D\u00edaz, Mar\u00eda del Mar","image":{"@type":"ImageObject","inLanguage":"en-US","@id":"https:\/\/secure.gravatar.com\/avatar\/8bfd23e1c4bf5aa0b9314f1c5c9d644e62672831e6a512513954c3f15dffdd5a?s=96&d=mm&r=g","url":"https:\/\/secure.gravatar.com\/avatar\/8bfd23e1c4bf5aa0b9314f1c5c9d644e62672831e6a512513954c3f15dffdd5a?s=96&d=mm&r=g","contentUrl":"https:\/\/secure.gravatar.com\/avatar\/8bfd23e1c4bf5aa0b9314f1c5c9d644e62672831e6a512513954c3f15dffdd5a?s=96&d=mm&r=g","caption":"Morante D\u00edaz, Mar\u00eda del Mar"},"url":"https:\/\/aeeolica.org\/en\/author\/mar\/"}]}},"_links":{"self":[{"href":"https:\/\/aeeolica.org\/en\/wp-json\/wp\/v2\/posts\/20601","targetHints":{"allow":["GET"]}}],"collection":[{"href":"https:\/\/aeeolica.org\/en\/wp-json\/wp\/v2\/posts"}],"about":[{"href":"https:\/\/aeeolica.org\/en\/wp-json\/wp\/v2\/types\/post"}],"author":[{"embeddable":true,"href":"https:\/\/aeeolica.org\/en\/wp-json\/wp\/v2\/users\/2"}],"replies":[{"embeddable":true,"href":"https:\/\/aeeolica.org\/en\/wp-json\/wp\/v2\/comments?post=20601"}],"version-history":[{"count":0,"href":"https:\/\/aeeolica.org\/en\/wp-json\/wp\/v2\/posts\/20601\/revisions"}],"wp:attachment":[{"href":"https:\/\/aeeolica.org\/en\/wp-json\/wp\/v2\/media?parent=20601"}],"wp:term":[{"taxonomy":"category","embeddable":true,"href":"https:\/\/aeeolica.org\/en\/wp-json\/wp\/v2\/categories?post=20601"},{"taxonomy":"post_tag","embeddable":true,"href":"https:\/\/aeeolica.org\/en\/wp-json\/wp\/v2\/tags?post=20601"}],"curies":[{"name":"wp","href":"https:\/\/api.w.org\/{rel}","templated":true}]}}