{"id":21437,"date":"2021-12-03T14:55:20","date_gmt":"2021-12-03T13:55:20","guid":{"rendered":"https:\/\/aeeolica.org\/?p=21437"},"modified":"2021-12-03T15:03:41","modified_gmt":"2021-12-03T14:03:41","slug":"el-curso-de-aee-finaliza-con-una-nueva-promocion-de-22-tecnicos-de-mantenimiento-de-parques-eolicos-y-se-consolida-como-referente-en-la-formacion-del-sector-2","status":"publish","type":"post","link":"https:\/\/aeeolica.org\/en\/el-curso-de-aee-finaliza-con-una-nueva-promocion-de-22-tecnicos-de-mantenimiento-de-parques-eolicos-y-se-consolida-como-referente-en-la-formacion-del-sector-2\/","title":{"rendered":"El curso de AEE finaliza con una nueva promoci\u00f3n de 22 t\u00e9cnicos de mantenimiento de parques e\u00f3licos, y se consolida como referente en la formaci\u00f3n del sector"},"content":{"rendered":"\n<p>Los alumnos de la novena edici\u00f3n del Curso de T\u00e9cnico de Mantenimiento de Parques E\u00f3licos de AEE han concluido esta semana sus clases con una buena valoraci\u00f3n por la formaci\u00f3n recibida y apostando por una profesi\u00f3n con futuro. Este curso se consolida cada a\u00f1o como una de las ofertas de formaci\u00f3n m\u00e1s atractivas en el sector renovable. A partir de ahora, comienza la b\u00fasqueda de empleo de los alumnos, por lo que las empresas que necesiten personal de O&amp;M, pueden enviarnos sus vacantes y contactos para poder hac\u00e9rselo llegar a los alumnos.<\/p>\n\n\n\n<p>La \u00faltima edici\u00f3n del curso de AEE ha contado con alumnos de varias nacionalidades diferentes como Argentina, Chile o Palestina, adem\u00e1s de volver a tener a una mujer como alumna.<\/p>\n\n\n\n<p>Las clases te\u00f3ricas finalizaron la semana pasada, y esta semana se ha dado la formaci\u00f3n pr\u00e1ctica. Este a\u00f1o, las pr\u00e1cticas en parque e\u00f3lico han sido llevadas a cabo con la colaboraci\u00f3n de EDP Renov\u00e1veis y VESTAS en el Parque E\u00f3lico de Munera II, en Albacete. Desde AEE, agradecer a ambas empresas su apoyo y colaboraci\u00f3n en el curso.<\/p>\n\n\n\n<p>El curso de AEE es el \u00fanico en Espa\u00f1a que ofrece a los alumnos pr\u00e1cticas en parques e\u00f3licos, donde los alumnos pueden aplicar los conocimientos adquiridos mediante pr\u00e1cticas de mantenimiento en campo, pr\u00e1cticas de trabajos en altura y en taller.<\/p>\n\n\n\n<p>En esta edici\u00f3n, la labor de impartir la formaci\u00f3n GWO de trabajos en altura, primeros auxilios, extinci\u00f3n de incendios y manejo manual de cargas ha sido a cargo de TRAINEK, empresa asociada a AEE cuya actividad se enfoca en la consultor\u00eda y la formaci\u00f3n.<\/p>\n\n\n\n<p>Los aspectos del curso que m\u00e1s han apreciado los alumnos han sido el nivel del profesorado y las pr\u00e1cticas que han realizado en campo y en taller, adem\u00e1s de valorar positivamente que la formaci\u00f3n recibida les facilitar\u00e1 la incorporaci\u00f3n al mercado laboral en el sector e\u00f3lico.<\/p>\n\n\n\n<p>Aquellas empresas que as\u00ed lo deseen, pueden contactar con AEE para enviar sus vacantes y contactos, de forma que se lo podamos hacer llegar a los alumnos. Antes de finalizar el curso, algunos alumnos han encontrado ya empleo en empresas del sector, como Tesicnor y Vestas. Para m\u00e1s informaci\u00f3n, puedes contactar con Carlos Arenal, coordinador del curso, en el correo electr\u00f3nico <a href=\"mailto:formacion@aeeolica.org\">formacion@aeeolica.org<\/a>.<\/p>\n\n\n\n<p>Arenal destaca que &#8220;desde AEE, junto con el equipo de profesorado de teor\u00eda y pr\u00e1cticas del curso, seguimos trabajando para dar en cada edici\u00f3n una formaci\u00f3n de la m\u00e1xima calidad que permita a los alumnos una incorporaci\u00f3n al mercado laboral en condiciones \u00f3ptimas y con las habilidades requeridas por las empresas del sector\u201d.<br><br>M\u00e1s de 200 alumnos ya han participado en las nueve ediciones del curso de T\u00e9cnico de Mantenimiento de parques e\u00f3licos de AEE desde 2013. En testimonios publicados en la web de AEE, los exalumnos destacan que su participaci\u00f3n les ha proporcionado los conocimientos necesarios para encontrar empleo cualificado. Para poder verlos, pincha\u00a0<a href=\"https:\/\/aeeolica.org\/formacion\/curso-de-aee\/\">aqu\u00ed<\/a>.<\/p>\n\n\n\n<figure class=\"wp-block-image size-large\"><img decoding=\"async\" width=\"1024\" height=\"768\" src=\"https:\/\/aeeolica.org\/wp-content\/uploads\/2021\/12\/IMG_6392-1024x768.jpg\" alt=\"\" class=\"wp-image-21441\" srcset=\"https:\/\/aeeolica.org\/wp-content\/uploads\/2021\/12\/IMG_6392-980x735.jpg 980w, https:\/\/aeeolica.org\/wp-content\/uploads\/2021\/12\/IMG_6392-480x360.jpg 480w\" sizes=\"(min-width: 0px) and (max-width: 480px) 480px, (min-width: 481px) and (max-width: 980px) 980px, (min-width: 981px) 1024px, 100vw\" \/><\/figure>\n","protected":false},"excerpt":{"rendered":"<p>Los alumnos de la novena edici\u00f3n del Curso de T\u00e9cnico de Mantenimiento de Parques E\u00f3licos de AEE han concluido esta semana sus clases con una buena valoraci\u00f3n por la formaci\u00f3n [&hellip;]<\/p>\n","protected":false},"author":2,"featured_media":0,"comment_status":"open","ping_status":"open","sticky":false,"template":"","format":"standard","meta":{"_acf_changed":false,"_bbp_topic_count":0,"_bbp_reply_count":0,"_bbp_total_topic_count":0,"_bbp_total_reply_count":0,"_bbp_voice_count":0,"_bbp_anonymous_reply_count":0,"_bbp_topic_count_hidden":0,"_bbp_reply_count_hidden":0,"_bbp_forum_subforum_count":0,"_et_pb_use_builder":"","_et_pb_old_content":"","_et_gb_content_width":"","footnotes":""},"categories":[266],"tags":[],"class_list":["post-21437","post","type-post","status-publish","format-standard","hentry","category-boletin-aee-informa"],"acf":[],"yoast_head":"<!-- This site is optimized with the Yoast SEO plugin v27.4 - https:\/\/yoast.com\/product\/yoast-seo-wordpress\/ -->\n<title>El curso de AEE finaliza con una nueva promoci\u00f3n de 22 t\u00e9cnicos de mantenimiento de parques e\u00f3licos, y se consolida como referente en la formaci\u00f3n del sector - Asociaci\u00f3n Empresarial E\u00f3lica<\/title>\n<meta name=\"robots\" content=\"index, follow, max-snippet:-1, max-image-preview:large, max-video-preview:-1\" \/>\n<link rel=\"canonical\" href=\"https:\/\/aeeolica.org\/el-curso-de-aee-finaliza-con-una-nueva-promocion-de-22-tecnicos-de-mantenimiento-de-parques-eolicos-y-se-consolida-como-referente-en-la-formacion-del-sector-2\/\" \/>\n<meta property=\"og:locale\" content=\"en_US\" \/>\n<meta property=\"og:type\" content=\"article\" \/>\n<meta property=\"og:title\" content=\"El curso de AEE finaliza con una nueva promoci\u00f3n de 22 t\u00e9cnicos de mantenimiento de parques e\u00f3licos, y se consolida como referente en la formaci\u00f3n del sector - Asociaci\u00f3n Empresarial E\u00f3lica\" \/>\n<meta property=\"og:description\" content=\"Los alumnos de la novena edici\u00f3n del Curso de T\u00e9cnico de Mantenimiento de Parques E\u00f3licos de AEE han concluido esta semana sus clases con una buena valoraci\u00f3n por la formaci\u00f3n [&hellip;]\" \/>\n<meta property=\"og:url\" content=\"https:\/\/aeeolica.org\/el-curso-de-aee-finaliza-con-una-nueva-promocion-de-22-tecnicos-de-mantenimiento-de-parques-eolicos-y-se-consolida-como-referente-en-la-formacion-del-sector-2\/\" \/>\n<meta property=\"og:site_name\" content=\"Asociaci\u00f3n Empresarial E\u00f3lica\" \/>\n<meta property=\"article:publisher\" content=\"https:\/\/www.facebook.com\/aeeolica\" \/>\n<meta property=\"article:published_time\" content=\"2021-12-03T13:55:20+00:00\" \/>\n<meta property=\"article:modified_time\" content=\"2021-12-03T14:03:41+00:00\" \/>\n<meta property=\"og:image\" content=\"https:\/\/aeeolica.org\/wp-content\/uploads\/2021\/12\/IMG_6392-1024x768.jpg\" \/>\n<meta name=\"author\" content=\"Morante D\u00edaz, Mar\u00eda del Mar\" \/>\n<meta name=\"twitter:card\" content=\"summary_large_image\" \/>\n<meta name=\"twitter:creator\" content=\"@aeeolica\" \/>\n<meta name=\"twitter:site\" content=\"@aeeolica\" \/>\n<meta name=\"twitter:label1\" content=\"Written by\" \/>\n\t<meta name=\"twitter:data1\" content=\"Morante D\u00edaz, Mar\u00eda del Mar\" \/>\n\t<meta name=\"twitter:label2\" content=\"Est. reading time\" \/>\n\t<meta name=\"twitter:data2\" content=\"3 minutes\" \/>\n<script type=\"application\/ld+json\" class=\"yoast-schema-graph\">{\"@context\":\"https:\\\/\\\/schema.org\",\"@graph\":[{\"@type\":\"Article\",\"@id\":\"https:\\\/\\\/aeeolica.org\\\/el-curso-de-aee-finaliza-con-una-nueva-promocion-de-22-tecnicos-de-mantenimiento-de-parques-eolicos-y-se-consolida-como-referente-en-la-formacion-del-sector-2\\\/#article\",\"isPartOf\":{\"@id\":\"https:\\\/\\\/aeeolica.org\\\/el-curso-de-aee-finaliza-con-una-nueva-promocion-de-22-tecnicos-de-mantenimiento-de-parques-eolicos-y-se-consolida-como-referente-en-la-formacion-del-sector-2\\\/\"},\"author\":{\"name\":\"Morante D\u00edaz, Mar\u00eda del Mar\",\"@id\":\"https:\\\/\\\/aeeolica.org\\\/#\\\/schema\\\/person\\\/064b26f21f7ed52e0b3854e6b52f9772\"},\"headline\":\"El curso de AEE finaliza con una nueva promoci\u00f3n de 22 t\u00e9cnicos de mantenimiento de parques e\u00f3licos, y se consolida como referente en la formaci\u00f3n del sector\",\"datePublished\":\"2021-12-03T13:55:20+00:00\",\"dateModified\":\"2021-12-03T14:03:41+00:00\",\"mainEntityOfPage\":{\"@id\":\"https:\\\/\\\/aeeolica.org\\\/el-curso-de-aee-finaliza-con-una-nueva-promocion-de-22-tecnicos-de-mantenimiento-de-parques-eolicos-y-se-consolida-como-referente-en-la-formacion-del-sector-2\\\/\"},\"wordCount\":562,\"commentCount\":0,\"publisher\":{\"@id\":\"https:\\\/\\\/aeeolica.org\\\/#organization\"},\"image\":{\"@id\":\"https:\\\/\\\/aeeolica.org\\\/el-curso-de-aee-finaliza-con-una-nueva-promocion-de-22-tecnicos-de-mantenimiento-de-parques-eolicos-y-se-consolida-como-referente-en-la-formacion-del-sector-2\\\/#primaryimage\"},\"thumbnailUrl\":\"https:\\\/\\\/aeeolica.org\\\/wp-content\\\/uploads\\\/2021\\\/12\\\/IMG_6392-1024x768.jpg\",\"articleSection\":[\"Bolet\u00edn AEE Informa\"],\"inLanguage\":\"en-US\",\"potentialAction\":[{\"@type\":\"CommentAction\",\"name\":\"Comment\",\"target\":[\"https:\\\/\\\/aeeolica.org\\\/el-curso-de-aee-finaliza-con-una-nueva-promocion-de-22-tecnicos-de-mantenimiento-de-parques-eolicos-y-se-consolida-como-referente-en-la-formacion-del-sector-2\\\/#respond\"]}]},{\"@type\":\"WebPage\",\"@id\":\"https:\\\/\\\/aeeolica.org\\\/el-curso-de-aee-finaliza-con-una-nueva-promocion-de-22-tecnicos-de-mantenimiento-de-parques-eolicos-y-se-consolida-como-referente-en-la-formacion-del-sector-2\\\/\",\"url\":\"https:\\\/\\\/aeeolica.org\\\/el-curso-de-aee-finaliza-con-una-nueva-promocion-de-22-tecnicos-de-mantenimiento-de-parques-eolicos-y-se-consolida-como-referente-en-la-formacion-del-sector-2\\\/\",\"name\":\"El curso de AEE finaliza con una nueva promoci\u00f3n de 22 t\u00e9cnicos de mantenimiento de parques e\u00f3licos, y se consolida como referente en la formaci\u00f3n del sector - Asociaci\u00f3n Empresarial E\u00f3lica\",\"isPartOf\":{\"@id\":\"https:\\\/\\\/aeeolica.org\\\/#website\"},\"primaryImageOfPage\":{\"@id\":\"https:\\\/\\\/aeeolica.org\\\/el-curso-de-aee-finaliza-con-una-nueva-promocion-de-22-tecnicos-de-mantenimiento-de-parques-eolicos-y-se-consolida-como-referente-en-la-formacion-del-sector-2\\\/#primaryimage\"},\"image\":{\"@id\":\"https:\\\/\\\/aeeolica.org\\\/el-curso-de-aee-finaliza-con-una-nueva-promocion-de-22-tecnicos-de-mantenimiento-de-parques-eolicos-y-se-consolida-como-referente-en-la-formacion-del-sector-2\\\/#primaryimage\"},\"thumbnailUrl\":\"https:\\\/\\\/aeeolica.org\\\/wp-content\\\/uploads\\\/2021\\\/12\\\/IMG_6392-1024x768.jpg\",\"datePublished\":\"2021-12-03T13:55:20+00:00\",\"dateModified\":\"2021-12-03T14:03:41+00:00\",\"breadcrumb\":{\"@id\":\"https:\\\/\\\/aeeolica.org\\\/el-curso-de-aee-finaliza-con-una-nueva-promocion-de-22-tecnicos-de-mantenimiento-de-parques-eolicos-y-se-consolida-como-referente-en-la-formacion-del-sector-2\\\/#breadcrumb\"},\"inLanguage\":\"en-US\",\"potentialAction\":[{\"@type\":\"ReadAction\",\"target\":[\"https:\\\/\\\/aeeolica.org\\\/el-curso-de-aee-finaliza-con-una-nueva-promocion-de-22-tecnicos-de-mantenimiento-de-parques-eolicos-y-se-consolida-como-referente-en-la-formacion-del-sector-2\\\/\"]}]},{\"@type\":\"ImageObject\",\"inLanguage\":\"en-US\",\"@id\":\"https:\\\/\\\/aeeolica.org\\\/el-curso-de-aee-finaliza-con-una-nueva-promocion-de-22-tecnicos-de-mantenimiento-de-parques-eolicos-y-se-consolida-como-referente-en-la-formacion-del-sector-2\\\/#primaryimage\",\"url\":\"https:\\\/\\\/aeeolica.org\\\/wp-content\\\/uploads\\\/2021\\\/12\\\/IMG_6392-1024x768.jpg\",\"contentUrl\":\"https:\\\/\\\/aeeolica.org\\\/wp-content\\\/uploads\\\/2021\\\/12\\\/IMG_6392-1024x768.jpg\"},{\"@type\":\"BreadcrumbList\",\"@id\":\"https:\\\/\\\/aeeolica.org\\\/el-curso-de-aee-finaliza-con-una-nueva-promocion-de-22-tecnicos-de-mantenimiento-de-parques-eolicos-y-se-consolida-como-referente-en-la-formacion-del-sector-2\\\/#breadcrumb\",\"itemListElement\":[{\"@type\":\"ListItem\",\"position\":1,\"name\":\"Portada\",\"item\":\"https:\\\/\\\/aeeolica.org\\\/en\\\/inicio\\\/\"},{\"@type\":\"ListItem\",\"position\":2,\"name\":\"El curso de AEE finaliza con una nueva promoci\u00f3n de 22 t\u00e9cnicos de mantenimiento de parques e\u00f3licos, y se consolida como referente en la formaci\u00f3n del sector\"}]},{\"@type\":\"WebSite\",\"@id\":\"https:\\\/\\\/aeeolica.org\\\/#website\",\"url\":\"https:\\\/\\\/aeeolica.org\\\/\",\"name\":\"Asociaci\u00f3n Empresarial E\u00f3lica\",\"description\":\"AEE Asociaci\u00f3n Empresarial E\u00f3lica\",\"publisher\":{\"@id\":\"https:\\\/\\\/aeeolica.org\\\/#organization\"},\"potentialAction\":[{\"@type\":\"SearchAction\",\"target\":{\"@type\":\"EntryPoint\",\"urlTemplate\":\"https:\\\/\\\/aeeolica.org\\\/?s={search_term_string}\"},\"query-input\":{\"@type\":\"PropertyValueSpecification\",\"valueRequired\":true,\"valueName\":\"search_term_string\"}}],\"inLanguage\":\"en-US\"},{\"@type\":\"Organization\",\"@id\":\"https:\\\/\\\/aeeolica.org\\\/#organization\",\"name\":\"Asociaci\u00f3n Empresarial E\u00f3lica\",\"url\":\"https:\\\/\\\/aeeolica.org\\\/\",\"logo\":{\"@type\":\"ImageObject\",\"inLanguage\":\"en-US\",\"@id\":\"https:\\\/\\\/aeeolica.org\\\/#\\\/schema\\\/logo\\\/image\\\/\",\"url\":\"https:\\\/\\\/aeeolica.org\\\/wp-content\\\/uploads\\\/2021\\\/08\\\/logo-aee.png\",\"contentUrl\":\"https:\\\/\\\/aeeolica.org\\\/wp-content\\\/uploads\\\/2021\\\/08\\\/logo-aee.png\",\"width\":180,\"height\":78,\"caption\":\"Asociaci\u00f3n Empresarial E\u00f3lica\"},\"image\":{\"@id\":\"https:\\\/\\\/aeeolica.org\\\/#\\\/schema\\\/logo\\\/image\\\/\"},\"sameAs\":[\"https:\\\/\\\/www.facebook.com\\\/aeeolica\",\"https:\\\/\\\/x.com\\\/aeeolica\",\"https:\\\/\\\/www.instagram.com\\\/aeeolica\\\/\",\"https:\\\/\\\/www.linkedin.com\\\/in\\\/aee-asociaci\u00f3n-empresarial-e\u00f3lica-6830946b\\\/\",\"https:\\\/\\\/www.youtube.com\\\/user\\\/AEEolica\"]},{\"@type\":\"Person\",\"@id\":\"https:\\\/\\\/aeeolica.org\\\/#\\\/schema\\\/person\\\/064b26f21f7ed52e0b3854e6b52f9772\",\"name\":\"Morante D\u00edaz, Mar\u00eda del Mar\",\"image\":{\"@type\":\"ImageObject\",\"inLanguage\":\"en-US\",\"@id\":\"https:\\\/\\\/secure.gravatar.com\\\/avatar\\\/8bfd23e1c4bf5aa0b9314f1c5c9d644e62672831e6a512513954c3f15dffdd5a?s=96&d=mm&r=g\",\"url\":\"https:\\\/\\\/secure.gravatar.com\\\/avatar\\\/8bfd23e1c4bf5aa0b9314f1c5c9d644e62672831e6a512513954c3f15dffdd5a?s=96&d=mm&r=g\",\"contentUrl\":\"https:\\\/\\\/secure.gravatar.com\\\/avatar\\\/8bfd23e1c4bf5aa0b9314f1c5c9d644e62672831e6a512513954c3f15dffdd5a?s=96&d=mm&r=g\",\"caption\":\"Morante D\u00edaz, Mar\u00eda del Mar\"},\"url\":\"https:\\\/\\\/aeeolica.org\\\/en\\\/author\\\/mar\\\/\"}]}<\/script>\n<!-- \/ Yoast SEO plugin. -->","yoast_head_json":{"title":"El curso de AEE finaliza con una nueva promoci\u00f3n de 22 t\u00e9cnicos de mantenimiento de parques e\u00f3licos, y se consolida como referente en la formaci\u00f3n del sector - Asociaci\u00f3n Empresarial E\u00f3lica","robots":{"index":"index","follow":"follow","max-snippet":"max-snippet:-1","max-image-preview":"max-image-preview:large","max-video-preview":"max-video-preview:-1"},"canonical":"https:\/\/aeeolica.org\/el-curso-de-aee-finaliza-con-una-nueva-promocion-de-22-tecnicos-de-mantenimiento-de-parques-eolicos-y-se-consolida-como-referente-en-la-formacion-del-sector-2\/","og_locale":"en_US","og_type":"article","og_title":"El curso de AEE finaliza con una nueva promoci\u00f3n de 22 t\u00e9cnicos de mantenimiento de parques e\u00f3licos, y se consolida como referente en la formaci\u00f3n del sector - Asociaci\u00f3n Empresarial E\u00f3lica","og_description":"Los alumnos de la novena edici\u00f3n del Curso de T\u00e9cnico de Mantenimiento de Parques E\u00f3licos de AEE han concluido esta semana sus clases con una buena valoraci\u00f3n por la formaci\u00f3n [&hellip;]","og_url":"https:\/\/aeeolica.org\/el-curso-de-aee-finaliza-con-una-nueva-promocion-de-22-tecnicos-de-mantenimiento-de-parques-eolicos-y-se-consolida-como-referente-en-la-formacion-del-sector-2\/","og_site_name":"Asociaci\u00f3n Empresarial E\u00f3lica","article_publisher":"https:\/\/www.facebook.com\/aeeolica","article_published_time":"2021-12-03T13:55:20+00:00","article_modified_time":"2021-12-03T14:03:41+00:00","og_image":[{"url":"https:\/\/aeeolica.org\/wp-content\/uploads\/2021\/12\/IMG_6392-1024x768.jpg","type":"","width":"","height":""}],"author":"Morante D\u00edaz, Mar\u00eda del Mar","twitter_card":"summary_large_image","twitter_creator":"@aeeolica","twitter_site":"@aeeolica","twitter_misc":{"Written by":"Morante D\u00edaz, Mar\u00eda del Mar","Est. reading time":"3 minutes"},"schema":{"@context":"https:\/\/schema.org","@graph":[{"@type":"Article","@id":"https:\/\/aeeolica.org\/el-curso-de-aee-finaliza-con-una-nueva-promocion-de-22-tecnicos-de-mantenimiento-de-parques-eolicos-y-se-consolida-como-referente-en-la-formacion-del-sector-2\/#article","isPartOf":{"@id":"https:\/\/aeeolica.org\/el-curso-de-aee-finaliza-con-una-nueva-promocion-de-22-tecnicos-de-mantenimiento-de-parques-eolicos-y-se-consolida-como-referente-en-la-formacion-del-sector-2\/"},"author":{"name":"Morante D\u00edaz, Mar\u00eda del Mar","@id":"https:\/\/aeeolica.org\/#\/schema\/person\/064b26f21f7ed52e0b3854e6b52f9772"},"headline":"El curso de AEE finaliza con una nueva promoci\u00f3n de 22 t\u00e9cnicos de mantenimiento de parques e\u00f3licos, y se consolida como referente en la formaci\u00f3n del sector","datePublished":"2021-12-03T13:55:20+00:00","dateModified":"2021-12-03T14:03:41+00:00","mainEntityOfPage":{"@id":"https:\/\/aeeolica.org\/el-curso-de-aee-finaliza-con-una-nueva-promocion-de-22-tecnicos-de-mantenimiento-de-parques-eolicos-y-se-consolida-como-referente-en-la-formacion-del-sector-2\/"},"wordCount":562,"commentCount":0,"publisher":{"@id":"https:\/\/aeeolica.org\/#organization"},"image":{"@id":"https:\/\/aeeolica.org\/el-curso-de-aee-finaliza-con-una-nueva-promocion-de-22-tecnicos-de-mantenimiento-de-parques-eolicos-y-se-consolida-como-referente-en-la-formacion-del-sector-2\/#primaryimage"},"thumbnailUrl":"https:\/\/aeeolica.org\/wp-content\/uploads\/2021\/12\/IMG_6392-1024x768.jpg","articleSection":["Bolet\u00edn AEE Informa"],"inLanguage":"en-US","potentialAction":[{"@type":"CommentAction","name":"Comment","target":["https:\/\/aeeolica.org\/el-curso-de-aee-finaliza-con-una-nueva-promocion-de-22-tecnicos-de-mantenimiento-de-parques-eolicos-y-se-consolida-como-referente-en-la-formacion-del-sector-2\/#respond"]}]},{"@type":"WebPage","@id":"https:\/\/aeeolica.org\/el-curso-de-aee-finaliza-con-una-nueva-promocion-de-22-tecnicos-de-mantenimiento-de-parques-eolicos-y-se-consolida-como-referente-en-la-formacion-del-sector-2\/","url":"https:\/\/aeeolica.org\/el-curso-de-aee-finaliza-con-una-nueva-promocion-de-22-tecnicos-de-mantenimiento-de-parques-eolicos-y-se-consolida-como-referente-en-la-formacion-del-sector-2\/","name":"El curso de AEE finaliza con una nueva promoci\u00f3n de 22 t\u00e9cnicos de mantenimiento de parques e\u00f3licos, y se consolida como referente en la formaci\u00f3n del sector - Asociaci\u00f3n Empresarial E\u00f3lica","isPartOf":{"@id":"https:\/\/aeeolica.org\/#website"},"primaryImageOfPage":{"@id":"https:\/\/aeeolica.org\/el-curso-de-aee-finaliza-con-una-nueva-promocion-de-22-tecnicos-de-mantenimiento-de-parques-eolicos-y-se-consolida-como-referente-en-la-formacion-del-sector-2\/#primaryimage"},"image":{"@id":"https:\/\/aeeolica.org\/el-curso-de-aee-finaliza-con-una-nueva-promocion-de-22-tecnicos-de-mantenimiento-de-parques-eolicos-y-se-consolida-como-referente-en-la-formacion-del-sector-2\/#primaryimage"},"thumbnailUrl":"https:\/\/aeeolica.org\/wp-content\/uploads\/2021\/12\/IMG_6392-1024x768.jpg","datePublished":"2021-12-03T13:55:20+00:00","dateModified":"2021-12-03T14:03:41+00:00","breadcrumb":{"@id":"https:\/\/aeeolica.org\/el-curso-de-aee-finaliza-con-una-nueva-promocion-de-22-tecnicos-de-mantenimiento-de-parques-eolicos-y-se-consolida-como-referente-en-la-formacion-del-sector-2\/#breadcrumb"},"inLanguage":"en-US","potentialAction":[{"@type":"ReadAction","target":["https:\/\/aeeolica.org\/el-curso-de-aee-finaliza-con-una-nueva-promocion-de-22-tecnicos-de-mantenimiento-de-parques-eolicos-y-se-consolida-como-referente-en-la-formacion-del-sector-2\/"]}]},{"@type":"ImageObject","inLanguage":"en-US","@id":"https:\/\/aeeolica.org\/el-curso-de-aee-finaliza-con-una-nueva-promocion-de-22-tecnicos-de-mantenimiento-de-parques-eolicos-y-se-consolida-como-referente-en-la-formacion-del-sector-2\/#primaryimage","url":"https:\/\/aeeolica.org\/wp-content\/uploads\/2021\/12\/IMG_6392-1024x768.jpg","contentUrl":"https:\/\/aeeolica.org\/wp-content\/uploads\/2021\/12\/IMG_6392-1024x768.jpg"},{"@type":"BreadcrumbList","@id":"https:\/\/aeeolica.org\/el-curso-de-aee-finaliza-con-una-nueva-promocion-de-22-tecnicos-de-mantenimiento-de-parques-eolicos-y-se-consolida-como-referente-en-la-formacion-del-sector-2\/#breadcrumb","itemListElement":[{"@type":"ListItem","position":1,"name":"Portada","item":"https:\/\/aeeolica.org\/en\/inicio\/"},{"@type":"ListItem","position":2,"name":"El curso de AEE finaliza con una nueva promoci\u00f3n de 22 t\u00e9cnicos de mantenimiento de parques e\u00f3licos, y se consolida como referente en la formaci\u00f3n del sector"}]},{"@type":"WebSite","@id":"https:\/\/aeeolica.org\/#website","url":"https:\/\/aeeolica.org\/","name":"Asociaci\u00f3n Empresarial E\u00f3lica","description":"AEE Asociaci\u00f3n Empresarial E\u00f3lica","publisher":{"@id":"https:\/\/aeeolica.org\/#organization"},"potentialAction":[{"@type":"SearchAction","target":{"@type":"EntryPoint","urlTemplate":"https:\/\/aeeolica.org\/?s={search_term_string}"},"query-input":{"@type":"PropertyValueSpecification","valueRequired":true,"valueName":"search_term_string"}}],"inLanguage":"en-US"},{"@type":"Organization","@id":"https:\/\/aeeolica.org\/#organization","name":"Asociaci\u00f3n Empresarial E\u00f3lica","url":"https:\/\/aeeolica.org\/","logo":{"@type":"ImageObject","inLanguage":"en-US","@id":"https:\/\/aeeolica.org\/#\/schema\/logo\/image\/","url":"https:\/\/aeeolica.org\/wp-content\/uploads\/2021\/08\/logo-aee.png","contentUrl":"https:\/\/aeeolica.org\/wp-content\/uploads\/2021\/08\/logo-aee.png","width":180,"height":78,"caption":"Asociaci\u00f3n Empresarial E\u00f3lica"},"image":{"@id":"https:\/\/aeeolica.org\/#\/schema\/logo\/image\/"},"sameAs":["https:\/\/www.facebook.com\/aeeolica","https:\/\/x.com\/aeeolica","https:\/\/www.instagram.com\/aeeolica\/","https:\/\/www.linkedin.com\/in\/aee-asociaci\u00f3n-empresarial-e\u00f3lica-6830946b\/","https:\/\/www.youtube.com\/user\/AEEolica"]},{"@type":"Person","@id":"https:\/\/aeeolica.org\/#\/schema\/person\/064b26f21f7ed52e0b3854e6b52f9772","name":"Morante D\u00edaz, Mar\u00eda del Mar","image":{"@type":"ImageObject","inLanguage":"en-US","@id":"https:\/\/secure.gravatar.com\/avatar\/8bfd23e1c4bf5aa0b9314f1c5c9d644e62672831e6a512513954c3f15dffdd5a?s=96&d=mm&r=g","url":"https:\/\/secure.gravatar.com\/avatar\/8bfd23e1c4bf5aa0b9314f1c5c9d644e62672831e6a512513954c3f15dffdd5a?s=96&d=mm&r=g","contentUrl":"https:\/\/secure.gravatar.com\/avatar\/8bfd23e1c4bf5aa0b9314f1c5c9d644e62672831e6a512513954c3f15dffdd5a?s=96&d=mm&r=g","caption":"Morante D\u00edaz, Mar\u00eda del Mar"},"url":"https:\/\/aeeolica.org\/en\/author\/mar\/"}]}},"_links":{"self":[{"href":"https:\/\/aeeolica.org\/en\/wp-json\/wp\/v2\/posts\/21437","targetHints":{"allow":["GET"]}}],"collection":[{"href":"https:\/\/aeeolica.org\/en\/wp-json\/wp\/v2\/posts"}],"about":[{"href":"https:\/\/aeeolica.org\/en\/wp-json\/wp\/v2\/types\/post"}],"author":[{"embeddable":true,"href":"https:\/\/aeeolica.org\/en\/wp-json\/wp\/v2\/users\/2"}],"replies":[{"embeddable":true,"href":"https:\/\/aeeolica.org\/en\/wp-json\/wp\/v2\/comments?post=21437"}],"version-history":[{"count":0,"href":"https:\/\/aeeolica.org\/en\/wp-json\/wp\/v2\/posts\/21437\/revisions"}],"wp:attachment":[{"href":"https:\/\/aeeolica.org\/en\/wp-json\/wp\/v2\/media?parent=21437"}],"wp:term":[{"taxonomy":"category","embeddable":true,"href":"https:\/\/aeeolica.org\/en\/wp-json\/wp\/v2\/categories?post=21437"},{"taxonomy":"post_tag","embeddable":true,"href":"https:\/\/aeeolica.org\/en\/wp-json\/wp\/v2\/tags?post=21437"}],"curies":[{"name":"wp","href":"https:\/\/api.w.org\/{rel}","templated":true}]}}