{"id":22576,"date":"2022-01-26T13:32:22","date_gmt":"2022-01-26T12:32:22","guid":{"rendered":"https:\/\/aeeolica.org\/?p=22576"},"modified":"2022-01-26T16:55:13","modified_gmt":"2022-01-26T15:55:13","slug":"rwe-da-luz-verde-a-su-17o-parque-eolico-en-espana","status":"publish","type":"post","link":"https:\/\/aeeolica.org\/en\/rwe-da-luz-verde-a-su-17o-parque-eolico-en-espana\/","title":{"rendered":"RWE da luz verde a su 17\u00ba parque e\u00f3lico en Espa\u00f1a"},"content":{"rendered":"\n<p>\u2022 La empresa invertir\u00e1 m\u00e1s de 40 millones en un proyecto de 43 megavatios<br>\u2022 Las obras comenzar\u00e1n a principios de 2022 \/ la puesta en servicio est\u00e1 prevista para<br>finales de a\u00f1o<\/p>\n\n\n\n<p>Robert Navarro, Presidente y Consejero Delegado de RWE Renewables Iberia: \u201cVamos<br>a comenzar las obras de nuestro 17\u00ba parque e\u00f3lico en Espa\u00f1a, Rea Unificado. \u00c9ste debe<br>entrar en servicio a finales de 2022, suministrando energ\u00eda limpia a un total de 30.000<br>hogares. Rea Unificado es el pr\u00f3ximo pilar en Espa\u00f1a de nuestro ambicioso programa de<br>inversi\u00f3n y crecimiento, bajo el lema \u2018Growing Green\u2019. Con \u00e9l queremos tambi\u00e9n apoyar la<br>transici\u00f3n energ\u00e9tica espa\u00f1ola y colaborar en la consolidaci\u00f3n de la econom\u00eda de la<br>Pen\u00ednsula Ib\u00e9rica.\u201d<\/p>\n\n\n\n<p>RWE invertir\u00e1 m\u00e1s de 40 millones de euros en su nuevo parque e\u00f3lico Rea Unificado, ubicado en<br>la provincia de Soria y con una potencia de 43 megavatios (MW). Las obras para instalar los<br>nueve aerogeneradores, fabricados y suministrados por Nordex, empezar\u00e1n a principios de 2022. <\/p>\n\n\n\n<p>La entrada en servicio se prev\u00e9 para finales de a\u00f1o.<\/p>\n\n\n\n<p>Se instalar\u00e1n nueve turbinas con una potencia nominal unitaria de 4,8 MW, las m\u00e1s grandes y<br>potentes de la flota espa\u00f1ola de RWE. Despu\u00e9s de su puesta en servicio, Rea Unificado ser\u00e1<br>capaz de suministrar electricidad libre de CO2 a 30.000 hogares.<\/p>\n\n\n\n<p><strong>RWE colabora en el camino de Espa\u00f1a hacia la neutralidad clim\u00e1tica<\/strong><br>Espa\u00f1a ofrece, gracias a su ubicaci\u00f3n geogr\u00e1fica, unas condiciones marco atractivas para el<br>desarrollo renovable, y los ambiciosos objetivos clim\u00e1ticos del pa\u00eds han de potenciar la expansi\u00f3n<br>del parque de generaci\u00f3n e\u00f3lico y solar. As\u00ed, el Plan Nacional Integrado de Energ\u00eda y Clima prev\u00e9<br>para 2030 una potencia total instalada de 157 gigavatios (GW) de generaci\u00f3n el\u00e9ctrica, de los<br>cuales casi 50 GW han de ser de energ\u00eda e\u00f3lica. Como una de las primeras empresas del mundo<br>en el \u00e1mbito de las energ\u00edas renovables, RWE posee y opera desde ya en Espa\u00f1a parques e\u00f3licos<br>terrestres con una potencia total de m\u00e1s de 440 megavatios, as\u00ed como peque\u00f1as centrales<br>hidroel\u00e9ctricas. Adem\u00e1s, la empresa est\u00e1 construyendo actualmente dos parques solares con<br>una potencia de 88 MW. El a\u00f1o pasado, RWE puso tambi\u00e9n en servicio la planta solar Alarcos,<br>con una capacidad de 45 MW. Adem\u00e1s, la empresa participa en una central fotovoltaica en la<br>provincia espa\u00f1ola de Toledo y en la central termoel\u00e9ctrica solar Andasol III.<\/p>\n\n\n\n<p>A nivel mundial, el grupo RWE construye y opera parques e\u00f3licos en EE UU, Gran Breta\u00f1a,<br>Francia, Polonia, Suecia, los Pa\u00edses Bajos y Alemania. Hasta 2030, RWE tiene previsto ampliar su<br>potencia instalada de parques solares y e\u00f3licos en tierra, de los actuales 7 GW hasta los<br>20 gigavatios.<\/p>\n\n\n\n<figure class=\"wp-block-image size-large\"><img decoding=\"async\" width=\"1024\" height=\"683\" src=\"https:\/\/aeeolica.org\/wp-content\/uploads\/2022\/01\/RWE-1024x683.jpg\" alt=\"\" class=\"wp-image-22574\" srcset=\"https:\/\/aeeolica.org\/wp-content\/uploads\/2022\/01\/RWE-980x653.jpg 980w, https:\/\/aeeolica.org\/wp-content\/uploads\/2022\/01\/RWE-480x320.jpg 480w\" sizes=\"(min-width: 0px) and (max-width: 480px) 480px, (min-width: 481px) and (max-width: 980px) 980px, (min-width: 981px) 1024px, 100vw\" \/><figcaption>Parque e\u00f3lica Luna, Espa\u00f1a<\/figcaption><\/figure>\n\n\n\n<p><strong>RWE<\/strong><br>RWE colabora en el dise\u00f1o del mundo energ\u00e9tico verde y contribuye a marcar el paso del mismo. Con su extensa estrategia de inversiones y crecimiento, la empresa aumenta paulatinamente su capacidad instalada de energ\u00eda verde, con el objetivo de llegar hasta los 50 GW en 2030 a nivel mundial. Para ello, RWE invertir\u00e1 en esta d\u00e9cada un importe bruto de 50.000 millones de euros, distribuidos entre e\u00f3lica terrestre, e\u00f3lica marina, solar, hidr\u00e1ulica, almacenamiento, biomasa y gas. Tambi\u00e9n se configurar\u00e1n soluciones comerciales a medida para grandes clientes. RWE cuenta con emplazamientos en los atractivos mercados de Europa, Norteam\u00e9rica y la zona Asia-Pac\u00edfico. Asimismo, la empresa est\u00e1 abandonando de manera responsable la energ\u00eda nuclear y el carb\u00f3n. Para ambas tecnolog\u00edas, el Estado alem\u00e1n ha definido calendarios de salida. RWE tiene en la actualidad unos 19.000<br>empleados en todo el mundo y persigue un objetivo claro: la neutralidad clim\u00e1tica en 2040. En este camino, la empresa ha definido objetivos ambiciosos para todas las actividades que generan emisiones de gases de efecto invernadero. Dichos objetivos han sido confirmados cient\u00edficamente por la iniciativa Science Based Targets y est\u00e1n alineados con el Acuerdo de Par\u00eds. Con ello se cumplir\u00e1 el objetivo definido: Our energy for a sustainable life.<\/p>\n","protected":false},"excerpt":{"rendered":"<p>\u2022 La empresa invertir\u00e1 m\u00e1s de 40 millones en un proyecto de 43 megavatios\u2022 Las obras comenzar\u00e1n a principios de 2022 \/ la puesta en servicio est\u00e1 prevista parafinales de [&hellip;]<\/p>\n","protected":false},"author":2,"featured_media":0,"comment_status":"open","ping_status":"open","sticky":false,"template":"","format":"standard","meta":{"_acf_changed":false,"_bbp_topic_count":0,"_bbp_reply_count":0,"_bbp_total_topic_count":0,"_bbp_total_reply_count":0,"_bbp_voice_count":0,"_bbp_anonymous_reply_count":0,"_bbp_topic_count_hidden":0,"_bbp_reply_count_hidden":0,"_bbp_forum_subforum_count":0,"_et_pb_use_builder":"","_et_pb_old_content":"","_et_gb_content_width":"","footnotes":""},"categories":[418],"tags":[],"class_list":["post-22576","post","type-post","status-publish","format-standard","hentry","category-newsletter-enero-2022"],"acf":[],"yoast_head":"<!-- This site is optimized with the Yoast SEO plugin v27.4 - https:\/\/yoast.com\/product\/yoast-seo-wordpress\/ -->\n<title>RWE da luz verde a su 17\u00ba parque e\u00f3lico en Espa\u00f1a - Asociaci\u00f3n Empresarial E\u00f3lica<\/title>\n<meta name=\"robots\" content=\"index, follow, max-snippet:-1, max-image-preview:large, max-video-preview:-1\" \/>\n<link rel=\"canonical\" href=\"https:\/\/aeeolica.org\/rwe-da-luz-verde-a-su-17o-parque-eolico-en-espana\/\" \/>\n<meta property=\"og:locale\" content=\"en_US\" \/>\n<meta property=\"og:type\" content=\"article\" \/>\n<meta property=\"og:title\" content=\"RWE da luz verde a su 17\u00ba parque e\u00f3lico en Espa\u00f1a - Asociaci\u00f3n Empresarial E\u00f3lica\" \/>\n<meta property=\"og:description\" content=\"\u2022 La empresa invertir\u00e1 m\u00e1s de 40 millones en un proyecto de 43 megavatios\u2022 Las obras comenzar\u00e1n a principios de 2022 \/ la puesta en servicio est\u00e1 prevista parafinales de [&hellip;]\" \/>\n<meta property=\"og:url\" content=\"https:\/\/aeeolica.org\/rwe-da-luz-verde-a-su-17o-parque-eolico-en-espana\/\" \/>\n<meta property=\"og:site_name\" content=\"Asociaci\u00f3n Empresarial E\u00f3lica\" \/>\n<meta property=\"article:publisher\" content=\"https:\/\/www.facebook.com\/aeeolica\" \/>\n<meta property=\"article:published_time\" content=\"2022-01-26T12:32:22+00:00\" \/>\n<meta property=\"article:modified_time\" content=\"2022-01-26T15:55:13+00:00\" \/>\n<meta property=\"og:image\" content=\"https:\/\/aeeolica.org\/wp-content\/uploads\/2022\/01\/RWE-1024x683.jpg\" \/>\n<meta name=\"author\" content=\"Morante D\u00edaz, Mar\u00eda del Mar\" \/>\n<meta name=\"twitter:card\" content=\"summary_large_image\" \/>\n<meta name=\"twitter:creator\" content=\"@aeeolica\" \/>\n<meta name=\"twitter:site\" content=\"@aeeolica\" \/>\n<meta name=\"twitter:label1\" content=\"Written by\" \/>\n\t<meta name=\"twitter:data1\" content=\"Morante D\u00edaz, Mar\u00eda del Mar\" \/>\n\t<meta name=\"twitter:label2\" content=\"Est. reading time\" \/>\n\t<meta name=\"twitter:data2\" content=\"4 minutes\" \/>\n<script type=\"application\/ld+json\" class=\"yoast-schema-graph\">{\"@context\":\"https:\\\/\\\/schema.org\",\"@graph\":[{\"@type\":\"Article\",\"@id\":\"https:\\\/\\\/aeeolica.org\\\/rwe-da-luz-verde-a-su-17o-parque-eolico-en-espana\\\/#article\",\"isPartOf\":{\"@id\":\"https:\\\/\\\/aeeolica.org\\\/rwe-da-luz-verde-a-su-17o-parque-eolico-en-espana\\\/\"},\"author\":{\"name\":\"Morante D\u00edaz, Mar\u00eda del Mar\",\"@id\":\"https:\\\/\\\/aeeolica.org\\\/#\\\/schema\\\/person\\\/064b26f21f7ed52e0b3854e6b52f9772\"},\"headline\":\"RWE da luz verde a su 17\u00ba parque e\u00f3lico en Espa\u00f1a\",\"datePublished\":\"2022-01-26T12:32:22+00:00\",\"dateModified\":\"2022-01-26T15:55:13+00:00\",\"mainEntityOfPage\":{\"@id\":\"https:\\\/\\\/aeeolica.org\\\/rwe-da-luz-verde-a-su-17o-parque-eolico-en-espana\\\/\"},\"wordCount\":689,\"commentCount\":0,\"publisher\":{\"@id\":\"https:\\\/\\\/aeeolica.org\\\/#organization\"},\"image\":{\"@id\":\"https:\\\/\\\/aeeolica.org\\\/rwe-da-luz-verde-a-su-17o-parque-eolico-en-espana\\\/#primaryimage\"},\"thumbnailUrl\":\"https:\\\/\\\/aeeolica.org\\\/wp-content\\\/uploads\\\/2022\\\/01\\\/RWE-1024x683.jpg\",\"articleSection\":[\"Newsletter Enero 2022\"],\"inLanguage\":\"en-US\",\"potentialAction\":[{\"@type\":\"CommentAction\",\"name\":\"Comment\",\"target\":[\"https:\\\/\\\/aeeolica.org\\\/rwe-da-luz-verde-a-su-17o-parque-eolico-en-espana\\\/#respond\"]}]},{\"@type\":\"WebPage\",\"@id\":\"https:\\\/\\\/aeeolica.org\\\/rwe-da-luz-verde-a-su-17o-parque-eolico-en-espana\\\/\",\"url\":\"https:\\\/\\\/aeeolica.org\\\/rwe-da-luz-verde-a-su-17o-parque-eolico-en-espana\\\/\",\"name\":\"RWE da luz verde a su 17\u00ba parque e\u00f3lico en Espa\u00f1a - Asociaci\u00f3n Empresarial E\u00f3lica\",\"isPartOf\":{\"@id\":\"https:\\\/\\\/aeeolica.org\\\/#website\"},\"primaryImageOfPage\":{\"@id\":\"https:\\\/\\\/aeeolica.org\\\/rwe-da-luz-verde-a-su-17o-parque-eolico-en-espana\\\/#primaryimage\"},\"image\":{\"@id\":\"https:\\\/\\\/aeeolica.org\\\/rwe-da-luz-verde-a-su-17o-parque-eolico-en-espana\\\/#primaryimage\"},\"thumbnailUrl\":\"https:\\\/\\\/aeeolica.org\\\/wp-content\\\/uploads\\\/2022\\\/01\\\/RWE-1024x683.jpg\",\"datePublished\":\"2022-01-26T12:32:22+00:00\",\"dateModified\":\"2022-01-26T15:55:13+00:00\",\"breadcrumb\":{\"@id\":\"https:\\\/\\\/aeeolica.org\\\/rwe-da-luz-verde-a-su-17o-parque-eolico-en-espana\\\/#breadcrumb\"},\"inLanguage\":\"en-US\",\"potentialAction\":[{\"@type\":\"ReadAction\",\"target\":[\"https:\\\/\\\/aeeolica.org\\\/rwe-da-luz-verde-a-su-17o-parque-eolico-en-espana\\\/\"]}]},{\"@type\":\"ImageObject\",\"inLanguage\":\"en-US\",\"@id\":\"https:\\\/\\\/aeeolica.org\\\/rwe-da-luz-verde-a-su-17o-parque-eolico-en-espana\\\/#primaryimage\",\"url\":\"https:\\\/\\\/aeeolica.org\\\/wp-content\\\/uploads\\\/2022\\\/01\\\/RWE-1024x683.jpg\",\"contentUrl\":\"https:\\\/\\\/aeeolica.org\\\/wp-content\\\/uploads\\\/2022\\\/01\\\/RWE-1024x683.jpg\"},{\"@type\":\"BreadcrumbList\",\"@id\":\"https:\\\/\\\/aeeolica.org\\\/rwe-da-luz-verde-a-su-17o-parque-eolico-en-espana\\\/#breadcrumb\",\"itemListElement\":[{\"@type\":\"ListItem\",\"position\":1,\"name\":\"Portada\",\"item\":\"https:\\\/\\\/aeeolica.org\\\/en\\\/inicio\\\/\"},{\"@type\":\"ListItem\",\"position\":2,\"name\":\"RWE da luz verde a su 17\u00ba parque e\u00f3lico en Espa\u00f1a\"}]},{\"@type\":\"WebSite\",\"@id\":\"https:\\\/\\\/aeeolica.org\\\/#website\",\"url\":\"https:\\\/\\\/aeeolica.org\\\/\",\"name\":\"Asociaci\u00f3n Empresarial E\u00f3lica\",\"description\":\"AEE Asociaci\u00f3n Empresarial E\u00f3lica\",\"publisher\":{\"@id\":\"https:\\\/\\\/aeeolica.org\\\/#organization\"},\"potentialAction\":[{\"@type\":\"SearchAction\",\"target\":{\"@type\":\"EntryPoint\",\"urlTemplate\":\"https:\\\/\\\/aeeolica.org\\\/?s={search_term_string}\"},\"query-input\":{\"@type\":\"PropertyValueSpecification\",\"valueRequired\":true,\"valueName\":\"search_term_string\"}}],\"inLanguage\":\"en-US\"},{\"@type\":\"Organization\",\"@id\":\"https:\\\/\\\/aeeolica.org\\\/#organization\",\"name\":\"Asociaci\u00f3n Empresarial E\u00f3lica\",\"url\":\"https:\\\/\\\/aeeolica.org\\\/\",\"logo\":{\"@type\":\"ImageObject\",\"inLanguage\":\"en-US\",\"@id\":\"https:\\\/\\\/aeeolica.org\\\/#\\\/schema\\\/logo\\\/image\\\/\",\"url\":\"https:\\\/\\\/aeeolica.org\\\/wp-content\\\/uploads\\\/2021\\\/08\\\/logo-aee.png\",\"contentUrl\":\"https:\\\/\\\/aeeolica.org\\\/wp-content\\\/uploads\\\/2021\\\/08\\\/logo-aee.png\",\"width\":180,\"height\":78,\"caption\":\"Asociaci\u00f3n Empresarial E\u00f3lica\"},\"image\":{\"@id\":\"https:\\\/\\\/aeeolica.org\\\/#\\\/schema\\\/logo\\\/image\\\/\"},\"sameAs\":[\"https:\\\/\\\/www.facebook.com\\\/aeeolica\",\"https:\\\/\\\/x.com\\\/aeeolica\",\"https:\\\/\\\/www.instagram.com\\\/aeeolica\\\/\",\"https:\\\/\\\/www.linkedin.com\\\/in\\\/aee-asociaci\u00f3n-empresarial-e\u00f3lica-6830946b\\\/\",\"https:\\\/\\\/www.youtube.com\\\/user\\\/AEEolica\"]},{\"@type\":\"Person\",\"@id\":\"https:\\\/\\\/aeeolica.org\\\/#\\\/schema\\\/person\\\/064b26f21f7ed52e0b3854e6b52f9772\",\"name\":\"Morante D\u00edaz, Mar\u00eda del Mar\",\"image\":{\"@type\":\"ImageObject\",\"inLanguage\":\"en-US\",\"@id\":\"https:\\\/\\\/secure.gravatar.com\\\/avatar\\\/8bfd23e1c4bf5aa0b9314f1c5c9d644e62672831e6a512513954c3f15dffdd5a?s=96&d=mm&r=g\",\"url\":\"https:\\\/\\\/secure.gravatar.com\\\/avatar\\\/8bfd23e1c4bf5aa0b9314f1c5c9d644e62672831e6a512513954c3f15dffdd5a?s=96&d=mm&r=g\",\"contentUrl\":\"https:\\\/\\\/secure.gravatar.com\\\/avatar\\\/8bfd23e1c4bf5aa0b9314f1c5c9d644e62672831e6a512513954c3f15dffdd5a?s=96&d=mm&r=g\",\"caption\":\"Morante D\u00edaz, Mar\u00eda del Mar\"},\"url\":\"https:\\\/\\\/aeeolica.org\\\/en\\\/author\\\/mar\\\/\"}]}<\/script>\n<!-- \/ Yoast SEO plugin. -->","yoast_head_json":{"title":"RWE da luz verde a su 17\u00ba parque e\u00f3lico en Espa\u00f1a - Asociaci\u00f3n Empresarial E\u00f3lica","robots":{"index":"index","follow":"follow","max-snippet":"max-snippet:-1","max-image-preview":"max-image-preview:large","max-video-preview":"max-video-preview:-1"},"canonical":"https:\/\/aeeolica.org\/rwe-da-luz-verde-a-su-17o-parque-eolico-en-espana\/","og_locale":"en_US","og_type":"article","og_title":"RWE da luz verde a su 17\u00ba parque e\u00f3lico en Espa\u00f1a - Asociaci\u00f3n Empresarial E\u00f3lica","og_description":"\u2022 La empresa invertir\u00e1 m\u00e1s de 40 millones en un proyecto de 43 megavatios\u2022 Las obras comenzar\u00e1n a principios de 2022 \/ la puesta en servicio est\u00e1 prevista parafinales de [&hellip;]","og_url":"https:\/\/aeeolica.org\/rwe-da-luz-verde-a-su-17o-parque-eolico-en-espana\/","og_site_name":"Asociaci\u00f3n Empresarial E\u00f3lica","article_publisher":"https:\/\/www.facebook.com\/aeeolica","article_published_time":"2022-01-26T12:32:22+00:00","article_modified_time":"2022-01-26T15:55:13+00:00","og_image":[{"url":"https:\/\/aeeolica.org\/wp-content\/uploads\/2022\/01\/RWE-1024x683.jpg","type":"","width":"","height":""}],"author":"Morante D\u00edaz, Mar\u00eda del Mar","twitter_card":"summary_large_image","twitter_creator":"@aeeolica","twitter_site":"@aeeolica","twitter_misc":{"Written by":"Morante D\u00edaz, Mar\u00eda del Mar","Est. reading time":"4 minutes"},"schema":{"@context":"https:\/\/schema.org","@graph":[{"@type":"Article","@id":"https:\/\/aeeolica.org\/rwe-da-luz-verde-a-su-17o-parque-eolico-en-espana\/#article","isPartOf":{"@id":"https:\/\/aeeolica.org\/rwe-da-luz-verde-a-su-17o-parque-eolico-en-espana\/"},"author":{"name":"Morante D\u00edaz, Mar\u00eda del Mar","@id":"https:\/\/aeeolica.org\/#\/schema\/person\/064b26f21f7ed52e0b3854e6b52f9772"},"headline":"RWE da luz verde a su 17\u00ba parque e\u00f3lico en Espa\u00f1a","datePublished":"2022-01-26T12:32:22+00:00","dateModified":"2022-01-26T15:55:13+00:00","mainEntityOfPage":{"@id":"https:\/\/aeeolica.org\/rwe-da-luz-verde-a-su-17o-parque-eolico-en-espana\/"},"wordCount":689,"commentCount":0,"publisher":{"@id":"https:\/\/aeeolica.org\/#organization"},"image":{"@id":"https:\/\/aeeolica.org\/rwe-da-luz-verde-a-su-17o-parque-eolico-en-espana\/#primaryimage"},"thumbnailUrl":"https:\/\/aeeolica.org\/wp-content\/uploads\/2022\/01\/RWE-1024x683.jpg","articleSection":["Newsletter Enero 2022"],"inLanguage":"en-US","potentialAction":[{"@type":"CommentAction","name":"Comment","target":["https:\/\/aeeolica.org\/rwe-da-luz-verde-a-su-17o-parque-eolico-en-espana\/#respond"]}]},{"@type":"WebPage","@id":"https:\/\/aeeolica.org\/rwe-da-luz-verde-a-su-17o-parque-eolico-en-espana\/","url":"https:\/\/aeeolica.org\/rwe-da-luz-verde-a-su-17o-parque-eolico-en-espana\/","name":"RWE da luz verde a su 17\u00ba parque e\u00f3lico en Espa\u00f1a - Asociaci\u00f3n Empresarial E\u00f3lica","isPartOf":{"@id":"https:\/\/aeeolica.org\/#website"},"primaryImageOfPage":{"@id":"https:\/\/aeeolica.org\/rwe-da-luz-verde-a-su-17o-parque-eolico-en-espana\/#primaryimage"},"image":{"@id":"https:\/\/aeeolica.org\/rwe-da-luz-verde-a-su-17o-parque-eolico-en-espana\/#primaryimage"},"thumbnailUrl":"https:\/\/aeeolica.org\/wp-content\/uploads\/2022\/01\/RWE-1024x683.jpg","datePublished":"2022-01-26T12:32:22+00:00","dateModified":"2022-01-26T15:55:13+00:00","breadcrumb":{"@id":"https:\/\/aeeolica.org\/rwe-da-luz-verde-a-su-17o-parque-eolico-en-espana\/#breadcrumb"},"inLanguage":"en-US","potentialAction":[{"@type":"ReadAction","target":["https:\/\/aeeolica.org\/rwe-da-luz-verde-a-su-17o-parque-eolico-en-espana\/"]}]},{"@type":"ImageObject","inLanguage":"en-US","@id":"https:\/\/aeeolica.org\/rwe-da-luz-verde-a-su-17o-parque-eolico-en-espana\/#primaryimage","url":"https:\/\/aeeolica.org\/wp-content\/uploads\/2022\/01\/RWE-1024x683.jpg","contentUrl":"https:\/\/aeeolica.org\/wp-content\/uploads\/2022\/01\/RWE-1024x683.jpg"},{"@type":"BreadcrumbList","@id":"https:\/\/aeeolica.org\/rwe-da-luz-verde-a-su-17o-parque-eolico-en-espana\/#breadcrumb","itemListElement":[{"@type":"ListItem","position":1,"name":"Portada","item":"https:\/\/aeeolica.org\/en\/inicio\/"},{"@type":"ListItem","position":2,"name":"RWE da luz verde a su 17\u00ba parque e\u00f3lico en Espa\u00f1a"}]},{"@type":"WebSite","@id":"https:\/\/aeeolica.org\/#website","url":"https:\/\/aeeolica.org\/","name":"Asociaci\u00f3n Empresarial E\u00f3lica","description":"AEE Asociaci\u00f3n Empresarial E\u00f3lica","publisher":{"@id":"https:\/\/aeeolica.org\/#organization"},"potentialAction":[{"@type":"SearchAction","target":{"@type":"EntryPoint","urlTemplate":"https:\/\/aeeolica.org\/?s={search_term_string}"},"query-input":{"@type":"PropertyValueSpecification","valueRequired":true,"valueName":"search_term_string"}}],"inLanguage":"en-US"},{"@type":"Organization","@id":"https:\/\/aeeolica.org\/#organization","name":"Asociaci\u00f3n Empresarial E\u00f3lica","url":"https:\/\/aeeolica.org\/","logo":{"@type":"ImageObject","inLanguage":"en-US","@id":"https:\/\/aeeolica.org\/#\/schema\/logo\/image\/","url":"https:\/\/aeeolica.org\/wp-content\/uploads\/2021\/08\/logo-aee.png","contentUrl":"https:\/\/aeeolica.org\/wp-content\/uploads\/2021\/08\/logo-aee.png","width":180,"height":78,"caption":"Asociaci\u00f3n Empresarial E\u00f3lica"},"image":{"@id":"https:\/\/aeeolica.org\/#\/schema\/logo\/image\/"},"sameAs":["https:\/\/www.facebook.com\/aeeolica","https:\/\/x.com\/aeeolica","https:\/\/www.instagram.com\/aeeolica\/","https:\/\/www.linkedin.com\/in\/aee-asociaci\u00f3n-empresarial-e\u00f3lica-6830946b\/","https:\/\/www.youtube.com\/user\/AEEolica"]},{"@type":"Person","@id":"https:\/\/aeeolica.org\/#\/schema\/person\/064b26f21f7ed52e0b3854e6b52f9772","name":"Morante D\u00edaz, Mar\u00eda del Mar","image":{"@type":"ImageObject","inLanguage":"en-US","@id":"https:\/\/secure.gravatar.com\/avatar\/8bfd23e1c4bf5aa0b9314f1c5c9d644e62672831e6a512513954c3f15dffdd5a?s=96&d=mm&r=g","url":"https:\/\/secure.gravatar.com\/avatar\/8bfd23e1c4bf5aa0b9314f1c5c9d644e62672831e6a512513954c3f15dffdd5a?s=96&d=mm&r=g","contentUrl":"https:\/\/secure.gravatar.com\/avatar\/8bfd23e1c4bf5aa0b9314f1c5c9d644e62672831e6a512513954c3f15dffdd5a?s=96&d=mm&r=g","caption":"Morante D\u00edaz, Mar\u00eda del Mar"},"url":"https:\/\/aeeolica.org\/en\/author\/mar\/"}]}},"_links":{"self":[{"href":"https:\/\/aeeolica.org\/en\/wp-json\/wp\/v2\/posts\/22576","targetHints":{"allow":["GET"]}}],"collection":[{"href":"https:\/\/aeeolica.org\/en\/wp-json\/wp\/v2\/posts"}],"about":[{"href":"https:\/\/aeeolica.org\/en\/wp-json\/wp\/v2\/types\/post"}],"author":[{"embeddable":true,"href":"https:\/\/aeeolica.org\/en\/wp-json\/wp\/v2\/users\/2"}],"replies":[{"embeddable":true,"href":"https:\/\/aeeolica.org\/en\/wp-json\/wp\/v2\/comments?post=22576"}],"version-history":[{"count":0,"href":"https:\/\/aeeolica.org\/en\/wp-json\/wp\/v2\/posts\/22576\/revisions"}],"wp:attachment":[{"href":"https:\/\/aeeolica.org\/en\/wp-json\/wp\/v2\/media?parent=22576"}],"wp:term":[{"taxonomy":"category","embeddable":true,"href":"https:\/\/aeeolica.org\/en\/wp-json\/wp\/v2\/categories?post=22576"},{"taxonomy":"post_tag","embeddable":true,"href":"https:\/\/aeeolica.org\/en\/wp-json\/wp\/v2\/tags?post=22576"}],"curies":[{"name":"wp","href":"https:\/\/api.w.org\/{rel}","templated":true}]}}