{"id":22578,"date":"2022-01-26T13:38:32","date_gmt":"2022-01-26T12:38:32","guid":{"rendered":"https:\/\/aeeolica.org\/?p=22578"},"modified":"2022-01-26T16:54:41","modified_gmt":"2022-01-26T15:54:41","slug":"edpr-pone-en-operacion-dos-parques-eolicos-en-italia-con-una-potencia-total-de-70-mw","status":"publish","type":"post","link":"https:\/\/aeeolica.org\/en\/edpr-pone-en-operacion-dos-parques-eolicos-en-italia-con-una-potencia-total-de-70-mw\/","title":{"rendered":"EDPR pone en operaci\u00f3n dos parques e\u00f3licos en Italia con una potencia total de 70 MW"},"content":{"rendered":"\n<p>EDP Renewables ha puesto en operaci\u00f3n los parques e\u00f3licos de Monte Mattina, de 25 MW, y Sant\u2019Alessandro, de 45 MW. Los proyectos contribuir\u00e1n a la reducci\u00f3n de aproximadamente 86.000 toneladas de emisiones de CO2 por a\u00f1o y permitir\u00e1n suministrar energ\u00eda a m\u00e1s de 58.000 hogares.<\/p>\n\n\n\n<p>El parque Monte Mattina est\u00e1 ubicado en la regi\u00f3n Campania, donde EDPR ya contaba con 35 MW y ahora alcanza los 60 MW. Cuenta con siete turbinas e\u00f3licas de 3.6 MW. Por su parte, el parque Sant\u2019Alessandro est\u00e1 ubicado en la regi\u00f3n Basilicata, donde la compa\u00f1\u00eda contaba con 171 MW y ahora alcanzar\u00e1 los 226 MW. Este cuenta con trece turbinas e\u00f3licas de 3.45 MW.<\/p>\n\n\n\n<p>Miguel Stilwell d&#8217;Andrade, CEO de EDP y EDP Renewables, coment\u00f3: \u201c<em>La entrada en operaci\u00f3n de estos dos parques e\u00f3licos reafirma nuestra apuesta por el mercado italiano y contribuye a continuar consolidando nuestra cartera en el pa\u00eds. Estamos comprometidos con ser un actor clave en el fomento de la energ\u00eda verde en este mercado, en el que se espera un crecimiento importante en la pr\u00f3xima d\u00e9cada<\/em>\u201d.&nbsp;<\/p>\n\n\n\n<p>Con la puesta en marcha de ambos proyectos, la capacidad operativa de EDPR en Italia asciende a 385 MW. De esta potencia total, alrededor 100 MW se han conectado a la red este a\u00f1o. Estos proyectos se enmarcan en el compromiso de la compa\u00f1\u00eda con la transici\u00f3n energ\u00e9tica y sus planes de desarrollar un plan de capex de unos 19.000 millones de euros como parte de su plan estrat\u00e9gico, para desplegar unos 20 GW de energ\u00edas renovables hasta 2025.<\/p>\n\n\n\n<figure class=\"wp-block-image size-large\"><img decoding=\"async\" width=\"1024\" height=\"683\" src=\"https:\/\/aeeolica.org\/wp-content\/uploads\/2022\/01\/Monte-Mattina-WF-1024x683.jpg\" alt=\"\" class=\"wp-image-22579\" srcset=\"https:\/\/aeeolica.org\/wp-content\/uploads\/2022\/01\/Monte-Mattina-WF-980x653.jpg 980w, https:\/\/aeeolica.org\/wp-content\/uploads\/2022\/01\/Monte-Mattina-WF-480x320.jpg 480w\" sizes=\"(min-width: 0px) and (max-width: 480px) 480px, (min-width: 481px) and (max-width: 980px) 980px, (min-width: 981px) 1024px, 100vw\" \/><figcaption>default<\/figcaption><\/figure>\n","protected":false},"excerpt":{"rendered":"<p>EDP Renewables ha puesto en operaci\u00f3n los parques e\u00f3licos de Monte Mattina, de 25 MW, y Sant\u2019Alessandro, de 45 MW. Los proyectos contribuir\u00e1n a la reducci\u00f3n de aproximadamente 86.000 toneladas [&hellip;]<\/p>\n","protected":false},"author":2,"featured_media":0,"comment_status":"open","ping_status":"open","sticky":false,"template":"","format":"standard","meta":{"_acf_changed":false,"_bbp_topic_count":0,"_bbp_reply_count":0,"_bbp_total_topic_count":0,"_bbp_total_reply_count":0,"_bbp_voice_count":0,"_bbp_anonymous_reply_count":0,"_bbp_topic_count_hidden":0,"_bbp_reply_count_hidden":0,"_bbp_forum_subforum_count":0,"_et_pb_use_builder":"","_et_pb_old_content":"","_et_gb_content_width":"","footnotes":""},"categories":[418],"tags":[],"class_list":["post-22578","post","type-post","status-publish","format-standard","hentry","category-newsletter-enero-2022"],"acf":[],"yoast_head":"<!-- This site is optimized with the Yoast SEO plugin v27.4 - https:\/\/yoast.com\/product\/yoast-seo-wordpress\/ -->\n<title>EDPR pone en operaci\u00f3n dos parques e\u00f3licos en Italia con una potencia total de 70 MW - Asociaci\u00f3n Empresarial E\u00f3lica<\/title>\n<meta name=\"robots\" content=\"index, follow, max-snippet:-1, max-image-preview:large, max-video-preview:-1\" \/>\n<link rel=\"canonical\" href=\"https:\/\/aeeolica.org\/edpr-pone-en-operacion-dos-parques-eolicos-en-italia-con-una-potencia-total-de-70-mw\/\" \/>\n<meta property=\"og:locale\" content=\"en_US\" \/>\n<meta property=\"og:type\" content=\"article\" \/>\n<meta property=\"og:title\" content=\"EDPR pone en operaci\u00f3n dos parques e\u00f3licos en Italia con una potencia total de 70 MW - Asociaci\u00f3n Empresarial E\u00f3lica\" \/>\n<meta property=\"og:description\" content=\"EDP Renewables ha puesto en operaci\u00f3n los parques e\u00f3licos de Monte Mattina, de 25 MW, y Sant\u2019Alessandro, de 45 MW. Los proyectos contribuir\u00e1n a la reducci\u00f3n de aproximadamente 86.000 toneladas [&hellip;]\" \/>\n<meta property=\"og:url\" content=\"https:\/\/aeeolica.org\/edpr-pone-en-operacion-dos-parques-eolicos-en-italia-con-una-potencia-total-de-70-mw\/\" \/>\n<meta property=\"og:site_name\" content=\"Asociaci\u00f3n Empresarial E\u00f3lica\" \/>\n<meta property=\"article:publisher\" content=\"https:\/\/www.facebook.com\/aeeolica\" \/>\n<meta property=\"article:published_time\" content=\"2022-01-26T12:38:32+00:00\" \/>\n<meta property=\"article:modified_time\" content=\"2022-01-26T15:54:41+00:00\" \/>\n<meta property=\"og:image\" content=\"https:\/\/aeeolica.org\/wp-content\/uploads\/2022\/01\/Monte-Mattina-WF-1024x683.jpg\" \/>\n<meta name=\"author\" content=\"Morante D\u00edaz, Mar\u00eda del Mar\" \/>\n<meta name=\"twitter:card\" content=\"summary_large_image\" \/>\n<meta name=\"twitter:creator\" content=\"@aeeolica\" \/>\n<meta name=\"twitter:site\" content=\"@aeeolica\" \/>\n<meta name=\"twitter:label1\" content=\"Written by\" \/>\n\t<meta name=\"twitter:data1\" content=\"Morante D\u00edaz, Mar\u00eda del Mar\" \/>\n\t<meta name=\"twitter:label2\" content=\"Est. reading time\" \/>\n\t<meta name=\"twitter:data2\" content=\"2 minutes\" \/>\n<script type=\"application\/ld+json\" class=\"yoast-schema-graph\">{\"@context\":\"https:\\\/\\\/schema.org\",\"@graph\":[{\"@type\":\"Article\",\"@id\":\"https:\\\/\\\/aeeolica.org\\\/edpr-pone-en-operacion-dos-parques-eolicos-en-italia-con-una-potencia-total-de-70-mw\\\/#article\",\"isPartOf\":{\"@id\":\"https:\\\/\\\/aeeolica.org\\\/edpr-pone-en-operacion-dos-parques-eolicos-en-italia-con-una-potencia-total-de-70-mw\\\/\"},\"author\":{\"name\":\"Morante D\u00edaz, Mar\u00eda del Mar\",\"@id\":\"https:\\\/\\\/aeeolica.org\\\/#\\\/schema\\\/person\\\/064b26f21f7ed52e0b3854e6b52f9772\"},\"headline\":\"EDPR pone en operaci\u00f3n dos parques e\u00f3licos en Italia con una potencia total de 70 MW\",\"datePublished\":\"2022-01-26T12:38:32+00:00\",\"dateModified\":\"2022-01-26T15:54:41+00:00\",\"mainEntityOfPage\":{\"@id\":\"https:\\\/\\\/aeeolica.org\\\/edpr-pone-en-operacion-dos-parques-eolicos-en-italia-con-una-potencia-total-de-70-mw\\\/\"},\"wordCount\":286,\"commentCount\":0,\"publisher\":{\"@id\":\"https:\\\/\\\/aeeolica.org\\\/#organization\"},\"image\":{\"@id\":\"https:\\\/\\\/aeeolica.org\\\/edpr-pone-en-operacion-dos-parques-eolicos-en-italia-con-una-potencia-total-de-70-mw\\\/#primaryimage\"},\"thumbnailUrl\":\"https:\\\/\\\/aeeolica.org\\\/wp-content\\\/uploads\\\/2022\\\/01\\\/Monte-Mattina-WF-1024x683.jpg\",\"articleSection\":[\"Newsletter Enero 2022\"],\"inLanguage\":\"en-US\",\"potentialAction\":[{\"@type\":\"CommentAction\",\"name\":\"Comment\",\"target\":[\"https:\\\/\\\/aeeolica.org\\\/edpr-pone-en-operacion-dos-parques-eolicos-en-italia-con-una-potencia-total-de-70-mw\\\/#respond\"]}]},{\"@type\":\"WebPage\",\"@id\":\"https:\\\/\\\/aeeolica.org\\\/edpr-pone-en-operacion-dos-parques-eolicos-en-italia-con-una-potencia-total-de-70-mw\\\/\",\"url\":\"https:\\\/\\\/aeeolica.org\\\/edpr-pone-en-operacion-dos-parques-eolicos-en-italia-con-una-potencia-total-de-70-mw\\\/\",\"name\":\"EDPR pone en operaci\u00f3n dos parques e\u00f3licos en Italia con una potencia total de 70 MW - Asociaci\u00f3n Empresarial E\u00f3lica\",\"isPartOf\":{\"@id\":\"https:\\\/\\\/aeeolica.org\\\/#website\"},\"primaryImageOfPage\":{\"@id\":\"https:\\\/\\\/aeeolica.org\\\/edpr-pone-en-operacion-dos-parques-eolicos-en-italia-con-una-potencia-total-de-70-mw\\\/#primaryimage\"},\"image\":{\"@id\":\"https:\\\/\\\/aeeolica.org\\\/edpr-pone-en-operacion-dos-parques-eolicos-en-italia-con-una-potencia-total-de-70-mw\\\/#primaryimage\"},\"thumbnailUrl\":\"https:\\\/\\\/aeeolica.org\\\/wp-content\\\/uploads\\\/2022\\\/01\\\/Monte-Mattina-WF-1024x683.jpg\",\"datePublished\":\"2022-01-26T12:38:32+00:00\",\"dateModified\":\"2022-01-26T15:54:41+00:00\",\"breadcrumb\":{\"@id\":\"https:\\\/\\\/aeeolica.org\\\/edpr-pone-en-operacion-dos-parques-eolicos-en-italia-con-una-potencia-total-de-70-mw\\\/#breadcrumb\"},\"inLanguage\":\"en-US\",\"potentialAction\":[{\"@type\":\"ReadAction\",\"target\":[\"https:\\\/\\\/aeeolica.org\\\/edpr-pone-en-operacion-dos-parques-eolicos-en-italia-con-una-potencia-total-de-70-mw\\\/\"]}]},{\"@type\":\"ImageObject\",\"inLanguage\":\"en-US\",\"@id\":\"https:\\\/\\\/aeeolica.org\\\/edpr-pone-en-operacion-dos-parques-eolicos-en-italia-con-una-potencia-total-de-70-mw\\\/#primaryimage\",\"url\":\"https:\\\/\\\/aeeolica.org\\\/wp-content\\\/uploads\\\/2022\\\/01\\\/Monte-Mattina-WF-1024x683.jpg\",\"contentUrl\":\"https:\\\/\\\/aeeolica.org\\\/wp-content\\\/uploads\\\/2022\\\/01\\\/Monte-Mattina-WF-1024x683.jpg\"},{\"@type\":\"BreadcrumbList\",\"@id\":\"https:\\\/\\\/aeeolica.org\\\/edpr-pone-en-operacion-dos-parques-eolicos-en-italia-con-una-potencia-total-de-70-mw\\\/#breadcrumb\",\"itemListElement\":[{\"@type\":\"ListItem\",\"position\":1,\"name\":\"Portada\",\"item\":\"https:\\\/\\\/aeeolica.org\\\/en\\\/inicio\\\/\"},{\"@type\":\"ListItem\",\"position\":2,\"name\":\"EDPR pone en operaci\u00f3n dos parques e\u00f3licos en Italia con una potencia total de 70 MW\"}]},{\"@type\":\"WebSite\",\"@id\":\"https:\\\/\\\/aeeolica.org\\\/#website\",\"url\":\"https:\\\/\\\/aeeolica.org\\\/\",\"name\":\"Asociaci\u00f3n Empresarial E\u00f3lica\",\"description\":\"AEE Asociaci\u00f3n Empresarial E\u00f3lica\",\"publisher\":{\"@id\":\"https:\\\/\\\/aeeolica.org\\\/#organization\"},\"potentialAction\":[{\"@type\":\"SearchAction\",\"target\":{\"@type\":\"EntryPoint\",\"urlTemplate\":\"https:\\\/\\\/aeeolica.org\\\/?s={search_term_string}\"},\"query-input\":{\"@type\":\"PropertyValueSpecification\",\"valueRequired\":true,\"valueName\":\"search_term_string\"}}],\"inLanguage\":\"en-US\"},{\"@type\":\"Organization\",\"@id\":\"https:\\\/\\\/aeeolica.org\\\/#organization\",\"name\":\"Asociaci\u00f3n Empresarial E\u00f3lica\",\"url\":\"https:\\\/\\\/aeeolica.org\\\/\",\"logo\":{\"@type\":\"ImageObject\",\"inLanguage\":\"en-US\",\"@id\":\"https:\\\/\\\/aeeolica.org\\\/#\\\/schema\\\/logo\\\/image\\\/\",\"url\":\"https:\\\/\\\/aeeolica.org\\\/wp-content\\\/uploads\\\/2021\\\/08\\\/logo-aee.png\",\"contentUrl\":\"https:\\\/\\\/aeeolica.org\\\/wp-content\\\/uploads\\\/2021\\\/08\\\/logo-aee.png\",\"width\":180,\"height\":78,\"caption\":\"Asociaci\u00f3n Empresarial E\u00f3lica\"},\"image\":{\"@id\":\"https:\\\/\\\/aeeolica.org\\\/#\\\/schema\\\/logo\\\/image\\\/\"},\"sameAs\":[\"https:\\\/\\\/www.facebook.com\\\/aeeolica\",\"https:\\\/\\\/x.com\\\/aeeolica\",\"https:\\\/\\\/www.instagram.com\\\/aeeolica\\\/\",\"https:\\\/\\\/www.linkedin.com\\\/in\\\/aee-asociaci\u00f3n-empresarial-e\u00f3lica-6830946b\\\/\",\"https:\\\/\\\/www.youtube.com\\\/user\\\/AEEolica\"]},{\"@type\":\"Person\",\"@id\":\"https:\\\/\\\/aeeolica.org\\\/#\\\/schema\\\/person\\\/064b26f21f7ed52e0b3854e6b52f9772\",\"name\":\"Morante D\u00edaz, Mar\u00eda del Mar\",\"image\":{\"@type\":\"ImageObject\",\"inLanguage\":\"en-US\",\"@id\":\"https:\\\/\\\/secure.gravatar.com\\\/avatar\\\/8bfd23e1c4bf5aa0b9314f1c5c9d644e62672831e6a512513954c3f15dffdd5a?s=96&d=mm&r=g\",\"url\":\"https:\\\/\\\/secure.gravatar.com\\\/avatar\\\/8bfd23e1c4bf5aa0b9314f1c5c9d644e62672831e6a512513954c3f15dffdd5a?s=96&d=mm&r=g\",\"contentUrl\":\"https:\\\/\\\/secure.gravatar.com\\\/avatar\\\/8bfd23e1c4bf5aa0b9314f1c5c9d644e62672831e6a512513954c3f15dffdd5a?s=96&d=mm&r=g\",\"caption\":\"Morante D\u00edaz, Mar\u00eda del Mar\"},\"url\":\"https:\\\/\\\/aeeolica.org\\\/en\\\/author\\\/mar\\\/\"}]}<\/script>\n<!-- \/ Yoast SEO plugin. -->","yoast_head_json":{"title":"EDPR pone en operaci\u00f3n dos parques e\u00f3licos en Italia con una potencia total de 70 MW - Asociaci\u00f3n Empresarial E\u00f3lica","robots":{"index":"index","follow":"follow","max-snippet":"max-snippet:-1","max-image-preview":"max-image-preview:large","max-video-preview":"max-video-preview:-1"},"canonical":"https:\/\/aeeolica.org\/edpr-pone-en-operacion-dos-parques-eolicos-en-italia-con-una-potencia-total-de-70-mw\/","og_locale":"en_US","og_type":"article","og_title":"EDPR pone en operaci\u00f3n dos parques e\u00f3licos en Italia con una potencia total de 70 MW - Asociaci\u00f3n Empresarial E\u00f3lica","og_description":"EDP Renewables ha puesto en operaci\u00f3n los parques e\u00f3licos de Monte Mattina, de 25 MW, y Sant\u2019Alessandro, de 45 MW. Los proyectos contribuir\u00e1n a la reducci\u00f3n de aproximadamente 86.000 toneladas [&hellip;]","og_url":"https:\/\/aeeolica.org\/edpr-pone-en-operacion-dos-parques-eolicos-en-italia-con-una-potencia-total-de-70-mw\/","og_site_name":"Asociaci\u00f3n Empresarial E\u00f3lica","article_publisher":"https:\/\/www.facebook.com\/aeeolica","article_published_time":"2022-01-26T12:38:32+00:00","article_modified_time":"2022-01-26T15:54:41+00:00","og_image":[{"url":"https:\/\/aeeolica.org\/wp-content\/uploads\/2022\/01\/Monte-Mattina-WF-1024x683.jpg","type":"","width":"","height":""}],"author":"Morante D\u00edaz, Mar\u00eda del Mar","twitter_card":"summary_large_image","twitter_creator":"@aeeolica","twitter_site":"@aeeolica","twitter_misc":{"Written by":"Morante D\u00edaz, Mar\u00eda del Mar","Est. reading time":"2 minutes"},"schema":{"@context":"https:\/\/schema.org","@graph":[{"@type":"Article","@id":"https:\/\/aeeolica.org\/edpr-pone-en-operacion-dos-parques-eolicos-en-italia-con-una-potencia-total-de-70-mw\/#article","isPartOf":{"@id":"https:\/\/aeeolica.org\/edpr-pone-en-operacion-dos-parques-eolicos-en-italia-con-una-potencia-total-de-70-mw\/"},"author":{"name":"Morante D\u00edaz, Mar\u00eda del Mar","@id":"https:\/\/aeeolica.org\/#\/schema\/person\/064b26f21f7ed52e0b3854e6b52f9772"},"headline":"EDPR pone en operaci\u00f3n dos parques e\u00f3licos en Italia con una potencia total de 70 MW","datePublished":"2022-01-26T12:38:32+00:00","dateModified":"2022-01-26T15:54:41+00:00","mainEntityOfPage":{"@id":"https:\/\/aeeolica.org\/edpr-pone-en-operacion-dos-parques-eolicos-en-italia-con-una-potencia-total-de-70-mw\/"},"wordCount":286,"commentCount":0,"publisher":{"@id":"https:\/\/aeeolica.org\/#organization"},"image":{"@id":"https:\/\/aeeolica.org\/edpr-pone-en-operacion-dos-parques-eolicos-en-italia-con-una-potencia-total-de-70-mw\/#primaryimage"},"thumbnailUrl":"https:\/\/aeeolica.org\/wp-content\/uploads\/2022\/01\/Monte-Mattina-WF-1024x683.jpg","articleSection":["Newsletter Enero 2022"],"inLanguage":"en-US","potentialAction":[{"@type":"CommentAction","name":"Comment","target":["https:\/\/aeeolica.org\/edpr-pone-en-operacion-dos-parques-eolicos-en-italia-con-una-potencia-total-de-70-mw\/#respond"]}]},{"@type":"WebPage","@id":"https:\/\/aeeolica.org\/edpr-pone-en-operacion-dos-parques-eolicos-en-italia-con-una-potencia-total-de-70-mw\/","url":"https:\/\/aeeolica.org\/edpr-pone-en-operacion-dos-parques-eolicos-en-italia-con-una-potencia-total-de-70-mw\/","name":"EDPR pone en operaci\u00f3n dos parques e\u00f3licos en Italia con una potencia total de 70 MW - Asociaci\u00f3n Empresarial E\u00f3lica","isPartOf":{"@id":"https:\/\/aeeolica.org\/#website"},"primaryImageOfPage":{"@id":"https:\/\/aeeolica.org\/edpr-pone-en-operacion-dos-parques-eolicos-en-italia-con-una-potencia-total-de-70-mw\/#primaryimage"},"image":{"@id":"https:\/\/aeeolica.org\/edpr-pone-en-operacion-dos-parques-eolicos-en-italia-con-una-potencia-total-de-70-mw\/#primaryimage"},"thumbnailUrl":"https:\/\/aeeolica.org\/wp-content\/uploads\/2022\/01\/Monte-Mattina-WF-1024x683.jpg","datePublished":"2022-01-26T12:38:32+00:00","dateModified":"2022-01-26T15:54:41+00:00","breadcrumb":{"@id":"https:\/\/aeeolica.org\/edpr-pone-en-operacion-dos-parques-eolicos-en-italia-con-una-potencia-total-de-70-mw\/#breadcrumb"},"inLanguage":"en-US","potentialAction":[{"@type":"ReadAction","target":["https:\/\/aeeolica.org\/edpr-pone-en-operacion-dos-parques-eolicos-en-italia-con-una-potencia-total-de-70-mw\/"]}]},{"@type":"ImageObject","inLanguage":"en-US","@id":"https:\/\/aeeolica.org\/edpr-pone-en-operacion-dos-parques-eolicos-en-italia-con-una-potencia-total-de-70-mw\/#primaryimage","url":"https:\/\/aeeolica.org\/wp-content\/uploads\/2022\/01\/Monte-Mattina-WF-1024x683.jpg","contentUrl":"https:\/\/aeeolica.org\/wp-content\/uploads\/2022\/01\/Monte-Mattina-WF-1024x683.jpg"},{"@type":"BreadcrumbList","@id":"https:\/\/aeeolica.org\/edpr-pone-en-operacion-dos-parques-eolicos-en-italia-con-una-potencia-total-de-70-mw\/#breadcrumb","itemListElement":[{"@type":"ListItem","position":1,"name":"Portada","item":"https:\/\/aeeolica.org\/en\/inicio\/"},{"@type":"ListItem","position":2,"name":"EDPR pone en operaci\u00f3n dos parques e\u00f3licos en Italia con una potencia total de 70 MW"}]},{"@type":"WebSite","@id":"https:\/\/aeeolica.org\/#website","url":"https:\/\/aeeolica.org\/","name":"Asociaci\u00f3n Empresarial E\u00f3lica","description":"AEE Asociaci\u00f3n Empresarial E\u00f3lica","publisher":{"@id":"https:\/\/aeeolica.org\/#organization"},"potentialAction":[{"@type":"SearchAction","target":{"@type":"EntryPoint","urlTemplate":"https:\/\/aeeolica.org\/?s={search_term_string}"},"query-input":{"@type":"PropertyValueSpecification","valueRequired":true,"valueName":"search_term_string"}}],"inLanguage":"en-US"},{"@type":"Organization","@id":"https:\/\/aeeolica.org\/#organization","name":"Asociaci\u00f3n Empresarial E\u00f3lica","url":"https:\/\/aeeolica.org\/","logo":{"@type":"ImageObject","inLanguage":"en-US","@id":"https:\/\/aeeolica.org\/#\/schema\/logo\/image\/","url":"https:\/\/aeeolica.org\/wp-content\/uploads\/2021\/08\/logo-aee.png","contentUrl":"https:\/\/aeeolica.org\/wp-content\/uploads\/2021\/08\/logo-aee.png","width":180,"height":78,"caption":"Asociaci\u00f3n Empresarial E\u00f3lica"},"image":{"@id":"https:\/\/aeeolica.org\/#\/schema\/logo\/image\/"},"sameAs":["https:\/\/www.facebook.com\/aeeolica","https:\/\/x.com\/aeeolica","https:\/\/www.instagram.com\/aeeolica\/","https:\/\/www.linkedin.com\/in\/aee-asociaci\u00f3n-empresarial-e\u00f3lica-6830946b\/","https:\/\/www.youtube.com\/user\/AEEolica"]},{"@type":"Person","@id":"https:\/\/aeeolica.org\/#\/schema\/person\/064b26f21f7ed52e0b3854e6b52f9772","name":"Morante D\u00edaz, Mar\u00eda del Mar","image":{"@type":"ImageObject","inLanguage":"en-US","@id":"https:\/\/secure.gravatar.com\/avatar\/8bfd23e1c4bf5aa0b9314f1c5c9d644e62672831e6a512513954c3f15dffdd5a?s=96&d=mm&r=g","url":"https:\/\/secure.gravatar.com\/avatar\/8bfd23e1c4bf5aa0b9314f1c5c9d644e62672831e6a512513954c3f15dffdd5a?s=96&d=mm&r=g","contentUrl":"https:\/\/secure.gravatar.com\/avatar\/8bfd23e1c4bf5aa0b9314f1c5c9d644e62672831e6a512513954c3f15dffdd5a?s=96&d=mm&r=g","caption":"Morante D\u00edaz, Mar\u00eda del Mar"},"url":"https:\/\/aeeolica.org\/en\/author\/mar\/"}]}},"_links":{"self":[{"href":"https:\/\/aeeolica.org\/en\/wp-json\/wp\/v2\/posts\/22578","targetHints":{"allow":["GET"]}}],"collection":[{"href":"https:\/\/aeeolica.org\/en\/wp-json\/wp\/v2\/posts"}],"about":[{"href":"https:\/\/aeeolica.org\/en\/wp-json\/wp\/v2\/types\/post"}],"author":[{"embeddable":true,"href":"https:\/\/aeeolica.org\/en\/wp-json\/wp\/v2\/users\/2"}],"replies":[{"embeddable":true,"href":"https:\/\/aeeolica.org\/en\/wp-json\/wp\/v2\/comments?post=22578"}],"version-history":[{"count":0,"href":"https:\/\/aeeolica.org\/en\/wp-json\/wp\/v2\/posts\/22578\/revisions"}],"wp:attachment":[{"href":"https:\/\/aeeolica.org\/en\/wp-json\/wp\/v2\/media?parent=22578"}],"wp:term":[{"taxonomy":"category","embeddable":true,"href":"https:\/\/aeeolica.org\/en\/wp-json\/wp\/v2\/categories?post=22578"},{"taxonomy":"post_tag","embeddable":true,"href":"https:\/\/aeeolica.org\/en\/wp-json\/wp\/v2\/tags?post=22578"}],"curies":[{"name":"wp","href":"https:\/\/api.w.org\/{rel}","templated":true}]}}