{"id":286286,"date":"2025-03-04T13:49:31","date_gmt":"2025-03-04T12:49:31","guid":{"rendered":"https:\/\/aeeolica.org\/?p=286286"},"modified":"2025-03-04T13:49:36","modified_gmt":"2025-03-04T12:49:36","slug":"postura-del-sector-eolico-sobre-nzia-y-cbam","status":"publish","type":"post","link":"https:\/\/aeeolica.org\/en\/postura-del-sector-eolico-sobre-nzia-y-cbam\/","title":{"rendered":"Postura del sector e\u00f3lico sobre NZIA y CBAM"},"content":{"rendered":"<p>En este documento, AEE analiza el posicionamiento del sector e\u00f3lico respecto al Mecanismo de Ajuste en Frontera por Carbono (CBAM) y la Net-Zero Industry Act (NZIA). Desde la consideraci\u00f3n del Inter\u00e9s P\u00fablico Superior de las energ\u00edas renovables hasta el CBAM y la NZIA, cada paso debe seguirse con precisi\u00f3n para garantizar la seguridad jur\u00eddica y fomentar la inversi\u00f3n, adem\u00e1s de velar por la industria europea con capacidad global (made by Europe), pero tambi\u00e9n cuidar de la cadena de suministro local (made in Europe).<\/p>\n<p>El NZIA establece el objetivo de cubrir el 40% de las necesidades internas de las denominadas tecnolog\u00edas &#8220;net-zero&#8221; en Europa, bas\u00e1ndose en los Planes Nacionales de Energ\u00eda y Clima (PNIEC) y capturar el 15% del valor del mercado global para estas tecnolog\u00edas. Es parte del pilar del Plan Industrial del Pacto Verde para un entorno regulatorio predecible y simplificado, cuyo objetivo es promover inversiones en la capacidad de producci\u00f3n de productos que son clave para cumplir los objetivos de neutralidad clim\u00e1tica de la UE.<\/p>\n<p>El Mecanismo de Ajuste en Frontera por Carbono (CBAM por sus siglas en ingl\u00e9s) de la UE es el instrumento de referencia para poner un precio justo al carbono emitido durante la producci\u00f3n de bienes intensivos en carbono que entran en la UE, y para fomentar una producci\u00f3n industrial m\u00e1s limpia en pa\u00edses no pertenecientes a la UE.<\/p>\n<p><a href=\"https:\/\/aeeolica.org\/wp-content\/uploads\/2025\/03\/Consideraciones-NZIA-y-CBAM_WEB.pdf\"> <span class=\"et-pb-icon\" style=\"font-size: 15px; color: #0071ce;\">\ue092<\/span> Descargar documento<\/a><\/p>\n\n\n<p><\/p>\n","protected":false},"excerpt":{"rendered":"<p>En este documento, AEE analiza el posicionamiento del sector e\u00f3lico respecto al Mecanismo de Ajuste en Frontera por Carbono (CBAM) y la Net-Zero Industry Act (NZIA). Desde la consideraci\u00f3n del [&hellip;]<\/p>\n","protected":false},"author":2,"featured_media":0,"comment_status":"open","ping_status":"open","sticky":false,"template":"","format":"standard","meta":{"_acf_changed":false,"_bbp_topic_count":0,"_bbp_reply_count":0,"_bbp_total_topic_count":0,"_bbp_total_reply_count":0,"_bbp_voice_count":0,"_bbp_anonymous_reply_count":0,"_bbp_topic_count_hidden":0,"_bbp_reply_count_hidden":0,"_bbp_forum_subforum_count":0,"_et_pb_use_builder":"","_et_pb_old_content":"","_et_gb_content_width":"","footnotes":""},"categories":[312],"tags":[],"class_list":["post-286286","post","type-post","status-publish","format-standard","hentry","category-noticias-posicionamientos"],"acf":[],"yoast_head":"<!-- This site is optimized with the Yoast SEO plugin v27.4 - https:\/\/yoast.com\/product\/yoast-seo-wordpress\/ -->\n<title>Postura del sector e\u00f3lico sobre NZIA y CBAM - Asociaci\u00f3n Empresarial E\u00f3lica<\/title>\n<meta name=\"description\" content=\"Este informe de AEE incluye un conjunto de medidas identificadas por el sector e\u00f3lico para conseguir un relanzamiento econ\u00f3mico en Espa\u00f1a de forma \u00f3ptima tras la crisis sanitaria COVID-19, una vez se vaya habilitando la vuelta escalonada a la actividad.\" \/>\n<meta name=\"robots\" content=\"index, follow, max-snippet:-1, max-image-preview:large, max-video-preview:-1\" \/>\n<link rel=\"canonical\" href=\"https:\/\/aeeolica.org\/postura-del-sector-eolico-sobre-nzia-y-cbam\/\" \/>\n<meta property=\"og:locale\" content=\"en_US\" \/>\n<meta property=\"og:type\" content=\"article\" \/>\n<meta property=\"og:title\" content=\"Postura del sector e\u00f3lico sobre NZIA y CBAM - Asociaci\u00f3n Empresarial E\u00f3lica\" \/>\n<meta property=\"og:description\" content=\"Este informe de AEE incluye un conjunto de medidas identificadas por el sector e\u00f3lico para conseguir un relanzamiento econ\u00f3mico en Espa\u00f1a de forma \u00f3ptima tras la crisis sanitaria COVID-19, una vez se vaya habilitando la vuelta escalonada a la actividad.\" \/>\n<meta property=\"og:url\" content=\"https:\/\/aeeolica.org\/postura-del-sector-eolico-sobre-nzia-y-cbam\/\" \/>\n<meta property=\"og:site_name\" content=\"Asociaci\u00f3n Empresarial E\u00f3lica\" \/>\n<meta property=\"article:publisher\" content=\"https:\/\/www.facebook.com\/aeeolica\" \/>\n<meta property=\"article:published_time\" content=\"2025-03-04T12:49:31+00:00\" \/>\n<meta property=\"article:modified_time\" content=\"2025-03-04T12:49:36+00:00\" \/>\n<meta name=\"author\" content=\"Morante D\u00edaz, Mar\u00eda del Mar\" \/>\n<meta name=\"twitter:card\" content=\"summary_large_image\" \/>\n<meta name=\"twitter:creator\" content=\"@aeeolica\" \/>\n<meta name=\"twitter:site\" content=\"@aeeolica\" \/>\n<meta name=\"twitter:label1\" content=\"Written by\" \/>\n\t<meta name=\"twitter:data1\" content=\"Morante D\u00edaz, Mar\u00eda del Mar\" \/>\n\t<meta name=\"twitter:label2\" content=\"Est. reading time\" \/>\n\t<meta name=\"twitter:data2\" content=\"2 minutes\" \/>\n<script type=\"application\/ld+json\" class=\"yoast-schema-graph\">{\"@context\":\"https:\\\/\\\/schema.org\",\"@graph\":[{\"@type\":\"Article\",\"@id\":\"https:\\\/\\\/aeeolica.org\\\/postura-del-sector-eolico-sobre-nzia-y-cbam\\\/#article\",\"isPartOf\":{\"@id\":\"https:\\\/\\\/aeeolica.org\\\/postura-del-sector-eolico-sobre-nzia-y-cbam\\\/\"},\"author\":{\"name\":\"Morante D\u00edaz, Mar\u00eda del Mar\",\"@id\":\"https:\\\/\\\/aeeolica.org\\\/#\\\/schema\\\/person\\\/064b26f21f7ed52e0b3854e6b52f9772\"},\"headline\":\"Postura del sector e\u00f3lico sobre NZIA y CBAM\",\"datePublished\":\"2025-03-04T12:49:31+00:00\",\"dateModified\":\"2025-03-04T12:49:36+00:00\",\"mainEntityOfPage\":{\"@id\":\"https:\\\/\\\/aeeolica.org\\\/postura-del-sector-eolico-sobre-nzia-y-cbam\\\/\"},\"wordCount\":255,\"commentCount\":1,\"publisher\":{\"@id\":\"https:\\\/\\\/aeeolica.org\\\/#organization\"},\"articleSection\":[\"Noticias Posicionamientos\"],\"inLanguage\":\"en-US\",\"potentialAction\":[{\"@type\":\"CommentAction\",\"name\":\"Comment\",\"target\":[\"https:\\\/\\\/aeeolica.org\\\/postura-del-sector-eolico-sobre-nzia-y-cbam\\\/#respond\"]}]},{\"@type\":\"WebPage\",\"@id\":\"https:\\\/\\\/aeeolica.org\\\/postura-del-sector-eolico-sobre-nzia-y-cbam\\\/\",\"url\":\"https:\\\/\\\/aeeolica.org\\\/postura-del-sector-eolico-sobre-nzia-y-cbam\\\/\",\"name\":\"Postura del sector e\u00f3lico sobre NZIA y CBAM - Asociaci\u00f3n Empresarial E\u00f3lica\",\"isPartOf\":{\"@id\":\"https:\\\/\\\/aeeolica.org\\\/#website\"},\"datePublished\":\"2025-03-04T12:49:31+00:00\",\"dateModified\":\"2025-03-04T12:49:36+00:00\",\"description\":\"Este informe de AEE incluye un conjunto de medidas identificadas por el sector e\u00f3lico para conseguir un relanzamiento econ\u00f3mico en Espa\u00f1a de forma \u00f3ptima tras la crisis sanitaria COVID-19, una vez se vaya habilitando la vuelta escalonada a la actividad.\",\"breadcrumb\":{\"@id\":\"https:\\\/\\\/aeeolica.org\\\/postura-del-sector-eolico-sobre-nzia-y-cbam\\\/#breadcrumb\"},\"inLanguage\":\"en-US\",\"potentialAction\":[{\"@type\":\"ReadAction\",\"target\":[\"https:\\\/\\\/aeeolica.org\\\/postura-del-sector-eolico-sobre-nzia-y-cbam\\\/\"]}]},{\"@type\":\"BreadcrumbList\",\"@id\":\"https:\\\/\\\/aeeolica.org\\\/postura-del-sector-eolico-sobre-nzia-y-cbam\\\/#breadcrumb\",\"itemListElement\":[{\"@type\":\"ListItem\",\"position\":1,\"name\":\"Portada\",\"item\":\"https:\\\/\\\/aeeolica.org\\\/en\\\/inicio\\\/\"},{\"@type\":\"ListItem\",\"position\":2,\"name\":\"Postura del sector e\u00f3lico sobre NZIA y CBAM\"}]},{\"@type\":\"WebSite\",\"@id\":\"https:\\\/\\\/aeeolica.org\\\/#website\",\"url\":\"https:\\\/\\\/aeeolica.org\\\/\",\"name\":\"Asociaci\u00f3n Empresarial E\u00f3lica\",\"description\":\"AEE Asociaci\u00f3n Empresarial E\u00f3lica\",\"publisher\":{\"@id\":\"https:\\\/\\\/aeeolica.org\\\/#organization\"},\"potentialAction\":[{\"@type\":\"SearchAction\",\"target\":{\"@type\":\"EntryPoint\",\"urlTemplate\":\"https:\\\/\\\/aeeolica.org\\\/?s={search_term_string}\"},\"query-input\":{\"@type\":\"PropertyValueSpecification\",\"valueRequired\":true,\"valueName\":\"search_term_string\"}}],\"inLanguage\":\"en-US\"},{\"@type\":\"Organization\",\"@id\":\"https:\\\/\\\/aeeolica.org\\\/#organization\",\"name\":\"Asociaci\u00f3n Empresarial E\u00f3lica\",\"url\":\"https:\\\/\\\/aeeolica.org\\\/\",\"logo\":{\"@type\":\"ImageObject\",\"inLanguage\":\"en-US\",\"@id\":\"https:\\\/\\\/aeeolica.org\\\/#\\\/schema\\\/logo\\\/image\\\/\",\"url\":\"https:\\\/\\\/aeeolica.org\\\/wp-content\\\/uploads\\\/2021\\\/08\\\/logo-aee.png\",\"contentUrl\":\"https:\\\/\\\/aeeolica.org\\\/wp-content\\\/uploads\\\/2021\\\/08\\\/logo-aee.png\",\"width\":180,\"height\":78,\"caption\":\"Asociaci\u00f3n Empresarial E\u00f3lica\"},\"image\":{\"@id\":\"https:\\\/\\\/aeeolica.org\\\/#\\\/schema\\\/logo\\\/image\\\/\"},\"sameAs\":[\"https:\\\/\\\/www.facebook.com\\\/aeeolica\",\"https:\\\/\\\/x.com\\\/aeeolica\",\"https:\\\/\\\/www.instagram.com\\\/aeeolica\\\/\",\"https:\\\/\\\/www.linkedin.com\\\/in\\\/aee-asociaci\u00f3n-empresarial-e\u00f3lica-6830946b\\\/\",\"https:\\\/\\\/www.youtube.com\\\/user\\\/AEEolica\"]},{\"@type\":\"Person\",\"@id\":\"https:\\\/\\\/aeeolica.org\\\/#\\\/schema\\\/person\\\/064b26f21f7ed52e0b3854e6b52f9772\",\"name\":\"Morante D\u00edaz, Mar\u00eda del Mar\",\"image\":{\"@type\":\"ImageObject\",\"inLanguage\":\"en-US\",\"@id\":\"https:\\\/\\\/secure.gravatar.com\\\/avatar\\\/8bfd23e1c4bf5aa0b9314f1c5c9d644e62672831e6a512513954c3f15dffdd5a?s=96&d=mm&r=g\",\"url\":\"https:\\\/\\\/secure.gravatar.com\\\/avatar\\\/8bfd23e1c4bf5aa0b9314f1c5c9d644e62672831e6a512513954c3f15dffdd5a?s=96&d=mm&r=g\",\"contentUrl\":\"https:\\\/\\\/secure.gravatar.com\\\/avatar\\\/8bfd23e1c4bf5aa0b9314f1c5c9d644e62672831e6a512513954c3f15dffdd5a?s=96&d=mm&r=g\",\"caption\":\"Morante D\u00edaz, Mar\u00eda del Mar\"},\"url\":\"https:\\\/\\\/aeeolica.org\\\/en\\\/author\\\/mar\\\/\"}]}<\/script>\n<!-- \/ Yoast SEO plugin. -->","yoast_head_json":{"title":"Postura del sector e\u00f3lico sobre NZIA y CBAM - Asociaci\u00f3n Empresarial E\u00f3lica","description":"Este informe de AEE incluye un conjunto de medidas identificadas por el sector e\u00f3lico para conseguir un relanzamiento econ\u00f3mico en Espa\u00f1a de forma \u00f3ptima tras la crisis sanitaria COVID-19, una vez se vaya habilitando la vuelta escalonada a la actividad.","robots":{"index":"index","follow":"follow","max-snippet":"max-snippet:-1","max-image-preview":"max-image-preview:large","max-video-preview":"max-video-preview:-1"},"canonical":"https:\/\/aeeolica.org\/postura-del-sector-eolico-sobre-nzia-y-cbam\/","og_locale":"en_US","og_type":"article","og_title":"Postura del sector e\u00f3lico sobre NZIA y CBAM - Asociaci\u00f3n Empresarial E\u00f3lica","og_description":"Este informe de AEE incluye un conjunto de medidas identificadas por el sector e\u00f3lico para conseguir un relanzamiento econ\u00f3mico en Espa\u00f1a de forma \u00f3ptima tras la crisis sanitaria COVID-19, una vez se vaya habilitando la vuelta escalonada a la actividad.","og_url":"https:\/\/aeeolica.org\/postura-del-sector-eolico-sobre-nzia-y-cbam\/","og_site_name":"Asociaci\u00f3n Empresarial E\u00f3lica","article_publisher":"https:\/\/www.facebook.com\/aeeolica","article_published_time":"2025-03-04T12:49:31+00:00","article_modified_time":"2025-03-04T12:49:36+00:00","author":"Morante D\u00edaz, Mar\u00eda del Mar","twitter_card":"summary_large_image","twitter_creator":"@aeeolica","twitter_site":"@aeeolica","twitter_misc":{"Written by":"Morante D\u00edaz, Mar\u00eda del Mar","Est. reading time":"2 minutes"},"schema":{"@context":"https:\/\/schema.org","@graph":[{"@type":"Article","@id":"https:\/\/aeeolica.org\/postura-del-sector-eolico-sobre-nzia-y-cbam\/#article","isPartOf":{"@id":"https:\/\/aeeolica.org\/postura-del-sector-eolico-sobre-nzia-y-cbam\/"},"author":{"name":"Morante D\u00edaz, Mar\u00eda del Mar","@id":"https:\/\/aeeolica.org\/#\/schema\/person\/064b26f21f7ed52e0b3854e6b52f9772"},"headline":"Postura del sector e\u00f3lico sobre NZIA y CBAM","datePublished":"2025-03-04T12:49:31+00:00","dateModified":"2025-03-04T12:49:36+00:00","mainEntityOfPage":{"@id":"https:\/\/aeeolica.org\/postura-del-sector-eolico-sobre-nzia-y-cbam\/"},"wordCount":255,"commentCount":1,"publisher":{"@id":"https:\/\/aeeolica.org\/#organization"},"articleSection":["Noticias Posicionamientos"],"inLanguage":"en-US","potentialAction":[{"@type":"CommentAction","name":"Comment","target":["https:\/\/aeeolica.org\/postura-del-sector-eolico-sobre-nzia-y-cbam\/#respond"]}]},{"@type":"WebPage","@id":"https:\/\/aeeolica.org\/postura-del-sector-eolico-sobre-nzia-y-cbam\/","url":"https:\/\/aeeolica.org\/postura-del-sector-eolico-sobre-nzia-y-cbam\/","name":"Postura del sector e\u00f3lico sobre NZIA y CBAM - Asociaci\u00f3n Empresarial E\u00f3lica","isPartOf":{"@id":"https:\/\/aeeolica.org\/#website"},"datePublished":"2025-03-04T12:49:31+00:00","dateModified":"2025-03-04T12:49:36+00:00","description":"Este informe de AEE incluye un conjunto de medidas identificadas por el sector e\u00f3lico para conseguir un relanzamiento econ\u00f3mico en Espa\u00f1a de forma \u00f3ptima tras la crisis sanitaria COVID-19, una vez se vaya habilitando la vuelta escalonada a la actividad.","breadcrumb":{"@id":"https:\/\/aeeolica.org\/postura-del-sector-eolico-sobre-nzia-y-cbam\/#breadcrumb"},"inLanguage":"en-US","potentialAction":[{"@type":"ReadAction","target":["https:\/\/aeeolica.org\/postura-del-sector-eolico-sobre-nzia-y-cbam\/"]}]},{"@type":"BreadcrumbList","@id":"https:\/\/aeeolica.org\/postura-del-sector-eolico-sobre-nzia-y-cbam\/#breadcrumb","itemListElement":[{"@type":"ListItem","position":1,"name":"Portada","item":"https:\/\/aeeolica.org\/en\/inicio\/"},{"@type":"ListItem","position":2,"name":"Postura del sector e\u00f3lico sobre NZIA y CBAM"}]},{"@type":"WebSite","@id":"https:\/\/aeeolica.org\/#website","url":"https:\/\/aeeolica.org\/","name":"Asociaci\u00f3n Empresarial E\u00f3lica","description":"AEE Asociaci\u00f3n Empresarial E\u00f3lica","publisher":{"@id":"https:\/\/aeeolica.org\/#organization"},"potentialAction":[{"@type":"SearchAction","target":{"@type":"EntryPoint","urlTemplate":"https:\/\/aeeolica.org\/?s={search_term_string}"},"query-input":{"@type":"PropertyValueSpecification","valueRequired":true,"valueName":"search_term_string"}}],"inLanguage":"en-US"},{"@type":"Organization","@id":"https:\/\/aeeolica.org\/#organization","name":"Asociaci\u00f3n Empresarial E\u00f3lica","url":"https:\/\/aeeolica.org\/","logo":{"@type":"ImageObject","inLanguage":"en-US","@id":"https:\/\/aeeolica.org\/#\/schema\/logo\/image\/","url":"https:\/\/aeeolica.org\/wp-content\/uploads\/2021\/08\/logo-aee.png","contentUrl":"https:\/\/aeeolica.org\/wp-content\/uploads\/2021\/08\/logo-aee.png","width":180,"height":78,"caption":"Asociaci\u00f3n Empresarial E\u00f3lica"},"image":{"@id":"https:\/\/aeeolica.org\/#\/schema\/logo\/image\/"},"sameAs":["https:\/\/www.facebook.com\/aeeolica","https:\/\/x.com\/aeeolica","https:\/\/www.instagram.com\/aeeolica\/","https:\/\/www.linkedin.com\/in\/aee-asociaci\u00f3n-empresarial-e\u00f3lica-6830946b\/","https:\/\/www.youtube.com\/user\/AEEolica"]},{"@type":"Person","@id":"https:\/\/aeeolica.org\/#\/schema\/person\/064b26f21f7ed52e0b3854e6b52f9772","name":"Morante D\u00edaz, Mar\u00eda del Mar","image":{"@type":"ImageObject","inLanguage":"en-US","@id":"https:\/\/secure.gravatar.com\/avatar\/8bfd23e1c4bf5aa0b9314f1c5c9d644e62672831e6a512513954c3f15dffdd5a?s=96&d=mm&r=g","url":"https:\/\/secure.gravatar.com\/avatar\/8bfd23e1c4bf5aa0b9314f1c5c9d644e62672831e6a512513954c3f15dffdd5a?s=96&d=mm&r=g","contentUrl":"https:\/\/secure.gravatar.com\/avatar\/8bfd23e1c4bf5aa0b9314f1c5c9d644e62672831e6a512513954c3f15dffdd5a?s=96&d=mm&r=g","caption":"Morante D\u00edaz, Mar\u00eda del Mar"},"url":"https:\/\/aeeolica.org\/en\/author\/mar\/"}]}},"_links":{"self":[{"href":"https:\/\/aeeolica.org\/en\/wp-json\/wp\/v2\/posts\/286286","targetHints":{"allow":["GET"]}}],"collection":[{"href":"https:\/\/aeeolica.org\/en\/wp-json\/wp\/v2\/posts"}],"about":[{"href":"https:\/\/aeeolica.org\/en\/wp-json\/wp\/v2\/types\/post"}],"author":[{"embeddable":true,"href":"https:\/\/aeeolica.org\/en\/wp-json\/wp\/v2\/users\/2"}],"replies":[{"embeddable":true,"href":"https:\/\/aeeolica.org\/en\/wp-json\/wp\/v2\/comments?post=286286"}],"version-history":[{"count":0,"href":"https:\/\/aeeolica.org\/en\/wp-json\/wp\/v2\/posts\/286286\/revisions"}],"wp:attachment":[{"href":"https:\/\/aeeolica.org\/en\/wp-json\/wp\/v2\/media?parent=286286"}],"wp:term":[{"taxonomy":"category","embeddable":true,"href":"https:\/\/aeeolica.org\/en\/wp-json\/wp\/v2\/categories?post=286286"},{"taxonomy":"post_tag","embeddable":true,"href":"https:\/\/aeeolica.org\/en\/wp-json\/wp\/v2\/tags?post=286286"}],"curies":[{"name":"wp","href":"https:\/\/api.w.org\/{rel}","templated":true}]}}