{"id":287422,"date":"2025-05-27T18:59:27","date_gmt":"2025-05-27T16:59:27","guid":{"rendered":"https:\/\/aeeolica.org\/?p=287422"},"modified":"2025-05-27T18:59:32","modified_gmt":"2025-05-27T16:59:32","slug":"81o-programa-la-falta-de-informacion-sobre-el-apagon-frena-las-soluciones-tecnicas","status":"publish","type":"post","link":"https:\/\/aeeolica.org\/en\/81o-programa-la-falta-de-informacion-sobre-el-apagon-frena-las-soluciones-tecnicas\/","title":{"rendered":"81\u00ba programa. La falta de informaci\u00f3n sobre el apag\u00f3n frena las soluciones t\u00e9cnicas"},"content":{"rendered":"\n<p>\u25b6\ufe0fHoy 27 de mayo hemos lanzado un nuevo episodio de Ondas del Viento, el programa radiof\u00f3nico del sector e\u00f3lico en la emisora Capital Radio.<\/p>\n\n\n\n<p>\u25b6\ufe0fHemos hablado sobre que la falta de informaci\u00f3n sobre el apag\u00f3n frena las soluciones t\u00e9cnicas. El director general de la Asociaci\u00f3n Empresarial E\u00f3lica, Juan Virgilio M\u00e1rquez, ha pedido analizar aspectos estructurales m\u00e1s all\u00e1 de los eventos puntuales.<\/p>\n\n\n\n<p>\u25b6\ufe0fCon Sandra Torrecillas y Piluca N\u00fa\u00f1ez como presentadoras del programa.<\/p>\n\n\n\n<p>\u25b6\ufe0fPuedes escuchar completo este programa pinchando en el enlace inferior. \u00a1No te lo pierdas todos los martes a las 15h35! &nbsp;<\/p>\n\n\n\n<p><a href=\"https:\/\/aeeolica.org\/wp-content\/uploads\/2025\/05\/6835c5a2edc6650012574fda_6835c5a2edc6650012574ff8.mp3\">Escuchar el programa completo<\/a><\/p>\n\n\n\n<p><a href=\"https:\/\/www.tiktok.com\/@aeeolica\/video\/7509086747192462614\">Ver v\u00eddeo resumen en TikTok<\/a><\/p>\n\n\n\n<p><\/p>\n\n\n\n<p><\/p>\n\n\n\n<p><\/p>\n","protected":false},"excerpt":{"rendered":"<p>En este nuevo episodio de Ondas del Viento, el programa radiof\u00f3nico del sector e\u00f3lico en la emisora Capital Radio, hemos hablado con Juan Virgilio M\u00e1rquez, CEO de AEE, sobre que la falta de informaci\u00f3n sobre el apag\u00f3n frena las soluciones t\u00e9cnicas.<\/p>\n","protected":false},"author":2,"featured_media":287423,"comment_status":"closed","ping_status":"open","sticky":false,"template":"","format":"standard","meta":{"_acf_changed":false,"_bbp_topic_count":0,"_bbp_reply_count":0,"_bbp_total_topic_count":0,"_bbp_total_reply_count":0,"_bbp_voice_count":0,"_bbp_anonymous_reply_count":0,"_bbp_topic_count_hidden":0,"_bbp_reply_count_hidden":0,"_bbp_forum_subforum_count":0,"_et_pb_use_builder":"","_et_pb_old_content":"","_et_gb_content_width":"","footnotes":""},"categories":[455],"tags":[],"class_list":["post-287422","post","type-post","status-publish","format-standard","has-post-thumbnail","hentry","category-ondas-del-viento-en-directo"],"acf":[],"yoast_head":"<!-- This site is optimized with the Yoast SEO plugin v27.4 - https:\/\/yoast.com\/product\/yoast-seo-wordpress\/ -->\n<title>81\u00ba programa. La falta de informaci\u00f3n sobre el apag\u00f3n frena las soluciones t\u00e9cnicas - Asociaci\u00f3n Empresarial E\u00f3lica<\/title>\n<meta name=\"robots\" content=\"index, follow, max-snippet:-1, max-image-preview:large, max-video-preview:-1\" \/>\n<link rel=\"canonical\" href=\"https:\/\/aeeolica.org\/81o-programa-la-falta-de-informacion-sobre-el-apagon-frena-las-soluciones-tecnicas\/\" \/>\n<meta property=\"og:locale\" content=\"en_US\" \/>\n<meta property=\"og:type\" content=\"article\" \/>\n<meta property=\"og:title\" content=\"81\u00ba programa. La falta de informaci\u00f3n sobre el apag\u00f3n frena las soluciones t\u00e9cnicas - Asociaci\u00f3n Empresarial E\u00f3lica\" \/>\n<meta property=\"og:description\" content=\"En este nuevo episodio de Ondas del Viento, el programa radiof\u00f3nico del sector e\u00f3lico en la emisora Capital Radio, hemos hablado con Juan Virgilio M\u00e1rquez, CEO de AEE, sobre que la falta de informaci\u00f3n sobre el apag\u00f3n frena las soluciones t\u00e9cnicas.\" \/>\n<meta property=\"og:url\" content=\"https:\/\/aeeolica.org\/81o-programa-la-falta-de-informacion-sobre-el-apagon-frena-las-soluciones-tecnicas\/\" \/>\n<meta property=\"og:site_name\" content=\"Asociaci\u00f3n Empresarial E\u00f3lica\" \/>\n<meta property=\"article:publisher\" content=\"https:\/\/www.facebook.com\/aeeolica\" \/>\n<meta property=\"article:published_time\" content=\"2025-05-27T16:59:27+00:00\" \/>\n<meta property=\"article:modified_time\" content=\"2025-05-27T16:59:32+00:00\" \/>\n<meta property=\"og:image\" content=\"https:\/\/aeeolica.org\/wp-content\/uploads\/2025\/05\/PHOTO-2025-05-27-10-41-04-2.jpg\" \/>\n\t<meta property=\"og:image:width\" content=\"1600\" \/>\n\t<meta property=\"og:image:height\" content=\"1200\" \/>\n\t<meta property=\"og:image:type\" content=\"image\/jpeg\" \/>\n<meta name=\"author\" content=\"Morante D\u00edaz, Mar\u00eda del Mar\" \/>\n<meta name=\"twitter:card\" content=\"summary_large_image\" \/>\n<meta name=\"twitter:creator\" content=\"@aeeolica\" \/>\n<meta name=\"twitter:site\" content=\"@aeeolica\" \/>\n<meta name=\"twitter:label1\" content=\"Written by\" \/>\n\t<meta name=\"twitter:data1\" content=\"Morante D\u00edaz, Mar\u00eda del Mar\" \/>\n\t<meta name=\"twitter:label2\" content=\"Est. reading time\" \/>\n\t<meta name=\"twitter:data2\" content=\"1 minute\" \/>\n<script type=\"application\/ld+json\" class=\"yoast-schema-graph\">{\"@context\":\"https:\\\/\\\/schema.org\",\"@graph\":[{\"@type\":\"Article\",\"@id\":\"https:\\\/\\\/aeeolica.org\\\/81o-programa-la-falta-de-informacion-sobre-el-apagon-frena-las-soluciones-tecnicas\\\/#article\",\"isPartOf\":{\"@id\":\"https:\\\/\\\/aeeolica.org\\\/81o-programa-la-falta-de-informacion-sobre-el-apagon-frena-las-soluciones-tecnicas\\\/\"},\"author\":{\"name\":\"Morante D\u00edaz, Mar\u00eda del Mar\",\"@id\":\"https:\\\/\\\/aeeolica.org\\\/#\\\/schema\\\/person\\\/064b26f21f7ed52e0b3854e6b52f9772\"},\"headline\":\"81\u00ba programa. La falta de informaci\u00f3n sobre el apag\u00f3n frena las soluciones t\u00e9cnicas\",\"datePublished\":\"2025-05-27T16:59:27+00:00\",\"dateModified\":\"2025-05-27T16:59:32+00:00\",\"mainEntityOfPage\":{\"@id\":\"https:\\\/\\\/aeeolica.org\\\/81o-programa-la-falta-de-informacion-sobre-el-apagon-frena-las-soluciones-tecnicas\\\/\"},\"wordCount\":126,\"publisher\":{\"@id\":\"https:\\\/\\\/aeeolica.org\\\/#organization\"},\"image\":{\"@id\":\"https:\\\/\\\/aeeolica.org\\\/81o-programa-la-falta-de-informacion-sobre-el-apagon-frena-las-soluciones-tecnicas\\\/#primaryimage\"},\"thumbnailUrl\":\"https:\\\/\\\/aeeolica.org\\\/wp-content\\\/uploads\\\/2025\\\/05\\\/PHOTO-2025-05-27-10-41-04-2.jpg\",\"articleSection\":[\"Ondas del viento en directo\"],\"inLanguage\":\"en-US\"},{\"@type\":\"WebPage\",\"@id\":\"https:\\\/\\\/aeeolica.org\\\/81o-programa-la-falta-de-informacion-sobre-el-apagon-frena-las-soluciones-tecnicas\\\/\",\"url\":\"https:\\\/\\\/aeeolica.org\\\/81o-programa-la-falta-de-informacion-sobre-el-apagon-frena-las-soluciones-tecnicas\\\/\",\"name\":\"81\u00ba programa. La falta de informaci\u00f3n sobre el apag\u00f3n frena las soluciones t\u00e9cnicas - Asociaci\u00f3n Empresarial E\u00f3lica\",\"isPartOf\":{\"@id\":\"https:\\\/\\\/aeeolica.org\\\/#website\"},\"primaryImageOfPage\":{\"@id\":\"https:\\\/\\\/aeeolica.org\\\/81o-programa-la-falta-de-informacion-sobre-el-apagon-frena-las-soluciones-tecnicas\\\/#primaryimage\"},\"image\":{\"@id\":\"https:\\\/\\\/aeeolica.org\\\/81o-programa-la-falta-de-informacion-sobre-el-apagon-frena-las-soluciones-tecnicas\\\/#primaryimage\"},\"thumbnailUrl\":\"https:\\\/\\\/aeeolica.org\\\/wp-content\\\/uploads\\\/2025\\\/05\\\/PHOTO-2025-05-27-10-41-04-2.jpg\",\"datePublished\":\"2025-05-27T16:59:27+00:00\",\"dateModified\":\"2025-05-27T16:59:32+00:00\",\"breadcrumb\":{\"@id\":\"https:\\\/\\\/aeeolica.org\\\/81o-programa-la-falta-de-informacion-sobre-el-apagon-frena-las-soluciones-tecnicas\\\/#breadcrumb\"},\"inLanguage\":\"en-US\",\"potentialAction\":[{\"@type\":\"ReadAction\",\"target\":[\"https:\\\/\\\/aeeolica.org\\\/81o-programa-la-falta-de-informacion-sobre-el-apagon-frena-las-soluciones-tecnicas\\\/\"]}]},{\"@type\":\"ImageObject\",\"inLanguage\":\"en-US\",\"@id\":\"https:\\\/\\\/aeeolica.org\\\/81o-programa-la-falta-de-informacion-sobre-el-apagon-frena-las-soluciones-tecnicas\\\/#primaryimage\",\"url\":\"https:\\\/\\\/aeeolica.org\\\/wp-content\\\/uploads\\\/2025\\\/05\\\/PHOTO-2025-05-27-10-41-04-2.jpg\",\"contentUrl\":\"https:\\\/\\\/aeeolica.org\\\/wp-content\\\/uploads\\\/2025\\\/05\\\/PHOTO-2025-05-27-10-41-04-2.jpg\",\"width\":1600,\"height\":1200},{\"@type\":\"BreadcrumbList\",\"@id\":\"https:\\\/\\\/aeeolica.org\\\/81o-programa-la-falta-de-informacion-sobre-el-apagon-frena-las-soluciones-tecnicas\\\/#breadcrumb\",\"itemListElement\":[{\"@type\":\"ListItem\",\"position\":1,\"name\":\"Portada\",\"item\":\"https:\\\/\\\/aeeolica.org\\\/en\\\/inicio\\\/\"},{\"@type\":\"ListItem\",\"position\":2,\"name\":\"81\u00ba programa. La falta de informaci\u00f3n sobre el apag\u00f3n frena las soluciones t\u00e9cnicas\"}]},{\"@type\":\"WebSite\",\"@id\":\"https:\\\/\\\/aeeolica.org\\\/#website\",\"url\":\"https:\\\/\\\/aeeolica.org\\\/\",\"name\":\"Asociaci\u00f3n Empresarial E\u00f3lica\",\"description\":\"AEE Asociaci\u00f3n Empresarial E\u00f3lica\",\"publisher\":{\"@id\":\"https:\\\/\\\/aeeolica.org\\\/#organization\"},\"potentialAction\":[{\"@type\":\"SearchAction\",\"target\":{\"@type\":\"EntryPoint\",\"urlTemplate\":\"https:\\\/\\\/aeeolica.org\\\/?s={search_term_string}\"},\"query-input\":{\"@type\":\"PropertyValueSpecification\",\"valueRequired\":true,\"valueName\":\"search_term_string\"}}],\"inLanguage\":\"en-US\"},{\"@type\":\"Organization\",\"@id\":\"https:\\\/\\\/aeeolica.org\\\/#organization\",\"name\":\"Asociaci\u00f3n Empresarial E\u00f3lica\",\"url\":\"https:\\\/\\\/aeeolica.org\\\/\",\"logo\":{\"@type\":\"ImageObject\",\"inLanguage\":\"en-US\",\"@id\":\"https:\\\/\\\/aeeolica.org\\\/#\\\/schema\\\/logo\\\/image\\\/\",\"url\":\"https:\\\/\\\/aeeolica.org\\\/wp-content\\\/uploads\\\/2021\\\/08\\\/logo-aee.png\",\"contentUrl\":\"https:\\\/\\\/aeeolica.org\\\/wp-content\\\/uploads\\\/2021\\\/08\\\/logo-aee.png\",\"width\":180,\"height\":78,\"caption\":\"Asociaci\u00f3n Empresarial E\u00f3lica\"},\"image\":{\"@id\":\"https:\\\/\\\/aeeolica.org\\\/#\\\/schema\\\/logo\\\/image\\\/\"},\"sameAs\":[\"https:\\\/\\\/www.facebook.com\\\/aeeolica\",\"https:\\\/\\\/x.com\\\/aeeolica\",\"https:\\\/\\\/www.instagram.com\\\/aeeolica\\\/\",\"https:\\\/\\\/www.linkedin.com\\\/in\\\/aee-asociaci\u00f3n-empresarial-e\u00f3lica-6830946b\\\/\",\"https:\\\/\\\/www.youtube.com\\\/user\\\/AEEolica\"]},{\"@type\":\"Person\",\"@id\":\"https:\\\/\\\/aeeolica.org\\\/#\\\/schema\\\/person\\\/064b26f21f7ed52e0b3854e6b52f9772\",\"name\":\"Morante D\u00edaz, Mar\u00eda del Mar\",\"image\":{\"@type\":\"ImageObject\",\"inLanguage\":\"en-US\",\"@id\":\"https:\\\/\\\/secure.gravatar.com\\\/avatar\\\/8bfd23e1c4bf5aa0b9314f1c5c9d644e62672831e6a512513954c3f15dffdd5a?s=96&d=mm&r=g\",\"url\":\"https:\\\/\\\/secure.gravatar.com\\\/avatar\\\/8bfd23e1c4bf5aa0b9314f1c5c9d644e62672831e6a512513954c3f15dffdd5a?s=96&d=mm&r=g\",\"contentUrl\":\"https:\\\/\\\/secure.gravatar.com\\\/avatar\\\/8bfd23e1c4bf5aa0b9314f1c5c9d644e62672831e6a512513954c3f15dffdd5a?s=96&d=mm&r=g\",\"caption\":\"Morante D\u00edaz, Mar\u00eda del Mar\"},\"url\":\"https:\\\/\\\/aeeolica.org\\\/en\\\/author\\\/mar\\\/\"}]}<\/script>\n<!-- \/ Yoast SEO plugin. -->","yoast_head_json":{"title":"81\u00ba programa. La falta de informaci\u00f3n sobre el apag\u00f3n frena las soluciones t\u00e9cnicas - Asociaci\u00f3n Empresarial E\u00f3lica","robots":{"index":"index","follow":"follow","max-snippet":"max-snippet:-1","max-image-preview":"max-image-preview:large","max-video-preview":"max-video-preview:-1"},"canonical":"https:\/\/aeeolica.org\/81o-programa-la-falta-de-informacion-sobre-el-apagon-frena-las-soluciones-tecnicas\/","og_locale":"en_US","og_type":"article","og_title":"81\u00ba programa. La falta de informaci\u00f3n sobre el apag\u00f3n frena las soluciones t\u00e9cnicas - Asociaci\u00f3n Empresarial E\u00f3lica","og_description":"En este nuevo episodio de Ondas del Viento, el programa radiof\u00f3nico del sector e\u00f3lico en la emisora Capital Radio, hemos hablado con Juan Virgilio M\u00e1rquez, CEO de AEE, sobre que la falta de informaci\u00f3n sobre el apag\u00f3n frena las soluciones t\u00e9cnicas.","og_url":"https:\/\/aeeolica.org\/81o-programa-la-falta-de-informacion-sobre-el-apagon-frena-las-soluciones-tecnicas\/","og_site_name":"Asociaci\u00f3n Empresarial E\u00f3lica","article_publisher":"https:\/\/www.facebook.com\/aeeolica","article_published_time":"2025-05-27T16:59:27+00:00","article_modified_time":"2025-05-27T16:59:32+00:00","og_image":[{"width":1600,"height":1200,"url":"https:\/\/aeeolica.org\/wp-content\/uploads\/2025\/05\/PHOTO-2025-05-27-10-41-04-2.jpg","type":"image\/jpeg"}],"author":"Morante D\u00edaz, Mar\u00eda del Mar","twitter_card":"summary_large_image","twitter_creator":"@aeeolica","twitter_site":"@aeeolica","twitter_misc":{"Written by":"Morante D\u00edaz, Mar\u00eda del Mar","Est. reading time":"1 minute"},"schema":{"@context":"https:\/\/schema.org","@graph":[{"@type":"Article","@id":"https:\/\/aeeolica.org\/81o-programa-la-falta-de-informacion-sobre-el-apagon-frena-las-soluciones-tecnicas\/#article","isPartOf":{"@id":"https:\/\/aeeolica.org\/81o-programa-la-falta-de-informacion-sobre-el-apagon-frena-las-soluciones-tecnicas\/"},"author":{"name":"Morante D\u00edaz, Mar\u00eda del Mar","@id":"https:\/\/aeeolica.org\/#\/schema\/person\/064b26f21f7ed52e0b3854e6b52f9772"},"headline":"81\u00ba programa. La falta de informaci\u00f3n sobre el apag\u00f3n frena las soluciones t\u00e9cnicas","datePublished":"2025-05-27T16:59:27+00:00","dateModified":"2025-05-27T16:59:32+00:00","mainEntityOfPage":{"@id":"https:\/\/aeeolica.org\/81o-programa-la-falta-de-informacion-sobre-el-apagon-frena-las-soluciones-tecnicas\/"},"wordCount":126,"publisher":{"@id":"https:\/\/aeeolica.org\/#organization"},"image":{"@id":"https:\/\/aeeolica.org\/81o-programa-la-falta-de-informacion-sobre-el-apagon-frena-las-soluciones-tecnicas\/#primaryimage"},"thumbnailUrl":"https:\/\/aeeolica.org\/wp-content\/uploads\/2025\/05\/PHOTO-2025-05-27-10-41-04-2.jpg","articleSection":["Ondas del viento en directo"],"inLanguage":"en-US"},{"@type":"WebPage","@id":"https:\/\/aeeolica.org\/81o-programa-la-falta-de-informacion-sobre-el-apagon-frena-las-soluciones-tecnicas\/","url":"https:\/\/aeeolica.org\/81o-programa-la-falta-de-informacion-sobre-el-apagon-frena-las-soluciones-tecnicas\/","name":"81\u00ba programa. La falta de informaci\u00f3n sobre el apag\u00f3n frena las soluciones t\u00e9cnicas - Asociaci\u00f3n Empresarial E\u00f3lica","isPartOf":{"@id":"https:\/\/aeeolica.org\/#website"},"primaryImageOfPage":{"@id":"https:\/\/aeeolica.org\/81o-programa-la-falta-de-informacion-sobre-el-apagon-frena-las-soluciones-tecnicas\/#primaryimage"},"image":{"@id":"https:\/\/aeeolica.org\/81o-programa-la-falta-de-informacion-sobre-el-apagon-frena-las-soluciones-tecnicas\/#primaryimage"},"thumbnailUrl":"https:\/\/aeeolica.org\/wp-content\/uploads\/2025\/05\/PHOTO-2025-05-27-10-41-04-2.jpg","datePublished":"2025-05-27T16:59:27+00:00","dateModified":"2025-05-27T16:59:32+00:00","breadcrumb":{"@id":"https:\/\/aeeolica.org\/81o-programa-la-falta-de-informacion-sobre-el-apagon-frena-las-soluciones-tecnicas\/#breadcrumb"},"inLanguage":"en-US","potentialAction":[{"@type":"ReadAction","target":["https:\/\/aeeolica.org\/81o-programa-la-falta-de-informacion-sobre-el-apagon-frena-las-soluciones-tecnicas\/"]}]},{"@type":"ImageObject","inLanguage":"en-US","@id":"https:\/\/aeeolica.org\/81o-programa-la-falta-de-informacion-sobre-el-apagon-frena-las-soluciones-tecnicas\/#primaryimage","url":"https:\/\/aeeolica.org\/wp-content\/uploads\/2025\/05\/PHOTO-2025-05-27-10-41-04-2.jpg","contentUrl":"https:\/\/aeeolica.org\/wp-content\/uploads\/2025\/05\/PHOTO-2025-05-27-10-41-04-2.jpg","width":1600,"height":1200},{"@type":"BreadcrumbList","@id":"https:\/\/aeeolica.org\/81o-programa-la-falta-de-informacion-sobre-el-apagon-frena-las-soluciones-tecnicas\/#breadcrumb","itemListElement":[{"@type":"ListItem","position":1,"name":"Portada","item":"https:\/\/aeeolica.org\/en\/inicio\/"},{"@type":"ListItem","position":2,"name":"81\u00ba programa. La falta de informaci\u00f3n sobre el apag\u00f3n frena las soluciones t\u00e9cnicas"}]},{"@type":"WebSite","@id":"https:\/\/aeeolica.org\/#website","url":"https:\/\/aeeolica.org\/","name":"Asociaci\u00f3n Empresarial E\u00f3lica","description":"AEE Asociaci\u00f3n Empresarial E\u00f3lica","publisher":{"@id":"https:\/\/aeeolica.org\/#organization"},"potentialAction":[{"@type":"SearchAction","target":{"@type":"EntryPoint","urlTemplate":"https:\/\/aeeolica.org\/?s={search_term_string}"},"query-input":{"@type":"PropertyValueSpecification","valueRequired":true,"valueName":"search_term_string"}}],"inLanguage":"en-US"},{"@type":"Organization","@id":"https:\/\/aeeolica.org\/#organization","name":"Asociaci\u00f3n Empresarial E\u00f3lica","url":"https:\/\/aeeolica.org\/","logo":{"@type":"ImageObject","inLanguage":"en-US","@id":"https:\/\/aeeolica.org\/#\/schema\/logo\/image\/","url":"https:\/\/aeeolica.org\/wp-content\/uploads\/2021\/08\/logo-aee.png","contentUrl":"https:\/\/aeeolica.org\/wp-content\/uploads\/2021\/08\/logo-aee.png","width":180,"height":78,"caption":"Asociaci\u00f3n Empresarial E\u00f3lica"},"image":{"@id":"https:\/\/aeeolica.org\/#\/schema\/logo\/image\/"},"sameAs":["https:\/\/www.facebook.com\/aeeolica","https:\/\/x.com\/aeeolica","https:\/\/www.instagram.com\/aeeolica\/","https:\/\/www.linkedin.com\/in\/aee-asociaci\u00f3n-empresarial-e\u00f3lica-6830946b\/","https:\/\/www.youtube.com\/user\/AEEolica"]},{"@type":"Person","@id":"https:\/\/aeeolica.org\/#\/schema\/person\/064b26f21f7ed52e0b3854e6b52f9772","name":"Morante D\u00edaz, Mar\u00eda del Mar","image":{"@type":"ImageObject","inLanguage":"en-US","@id":"https:\/\/secure.gravatar.com\/avatar\/8bfd23e1c4bf5aa0b9314f1c5c9d644e62672831e6a512513954c3f15dffdd5a?s=96&d=mm&r=g","url":"https:\/\/secure.gravatar.com\/avatar\/8bfd23e1c4bf5aa0b9314f1c5c9d644e62672831e6a512513954c3f15dffdd5a?s=96&d=mm&r=g","contentUrl":"https:\/\/secure.gravatar.com\/avatar\/8bfd23e1c4bf5aa0b9314f1c5c9d644e62672831e6a512513954c3f15dffdd5a?s=96&d=mm&r=g","caption":"Morante D\u00edaz, Mar\u00eda del Mar"},"url":"https:\/\/aeeolica.org\/en\/author\/mar\/"}]}},"_links":{"self":[{"href":"https:\/\/aeeolica.org\/en\/wp-json\/wp\/v2\/posts\/287422","targetHints":{"allow":["GET"]}}],"collection":[{"href":"https:\/\/aeeolica.org\/en\/wp-json\/wp\/v2\/posts"}],"about":[{"href":"https:\/\/aeeolica.org\/en\/wp-json\/wp\/v2\/types\/post"}],"author":[{"embeddable":true,"href":"https:\/\/aeeolica.org\/en\/wp-json\/wp\/v2\/users\/2"}],"replies":[{"embeddable":true,"href":"https:\/\/aeeolica.org\/en\/wp-json\/wp\/v2\/comments?post=287422"}],"version-history":[{"count":1,"href":"https:\/\/aeeolica.org\/en\/wp-json\/wp\/v2\/posts\/287422\/revisions"}],"predecessor-version":[{"id":287427,"href":"https:\/\/aeeolica.org\/en\/wp-json\/wp\/v2\/posts\/287422\/revisions\/287427"}],"wp:featuredmedia":[{"embeddable":true,"href":"https:\/\/aeeolica.org\/en\/wp-json\/wp\/v2\/media\/287423"}],"wp:attachment":[{"href":"https:\/\/aeeolica.org\/en\/wp-json\/wp\/v2\/media?parent=287422"}],"wp:term":[{"taxonomy":"category","embeddable":true,"href":"https:\/\/aeeolica.org\/en\/wp-json\/wp\/v2\/categories?post=287422"},{"taxonomy":"post_tag","embeddable":true,"href":"https:\/\/aeeolica.org\/en\/wp-json\/wp\/v2\/tags?post=287422"}],"curies":[{"name":"wp","href":"https:\/\/api.w.org\/{rel}","templated":true}]}}