{"id":292008,"date":"2026-02-03T18:11:16","date_gmt":"2026-02-03T17:11:16","guid":{"rendered":"https:\/\/aeeolica.org\/?p=292008"},"modified":"2026-02-04T16:09:51","modified_gmt":"2026-02-04T15:09:51","slug":"103o-programa-el-papel-de-la-energia-eolica-como-sector-clave-para-la-geopolitica-del-s-xxi","status":"publish","type":"post","link":"https:\/\/aeeolica.org\/en\/103o-programa-el-papel-de-la-energia-eolica-como-sector-clave-para-la-geopolitica-del-s-xxi\/","title":{"rendered":"103\u00ba programa. El papel de la energ\u00eda e\u00f3lica como sector clave para la geopol\u00edtica del s.XXI"},"content":{"rendered":"\n<p>\ud83c\udf99\ufe0fHoy 3 de febrero, hemos emitido un nuevo episodio de Ondas del Viento, el programa radiof\u00f3nico del sector e\u00f3lico en la emisora Capital Radio.<\/p>\n\n\n\n<p>\ud83c\udf99\ufe0fHemos hablado sobre si juega la e\u00f3lica un papel clave en la geopol\u00edtica mundial, si puede la energ\u00eda e\u00f3lica convertirse en una herramienta de independencia energ\u00e9tica y seguridad nacional para los pa\u00edses, y hasta qu\u00e9 punto los pa\u00edses est\u00e1n usando la energ\u00eda e\u00f3lica como herramienta de poder pol\u00edtico.<br><br>Todo ello lo hemos analizado con nuestros invitados:<br>\ud83c\udf99\ufe0f <strong>Heikki Willstedt<\/strong>, director de Pol\u00edticas Energ\u00e9ticas y Cambio Clim\u00e1tico de la Asociaci\u00f3n Empresarial E\u00f3lica<br>\ud83c\udf99\ufe0f <strong>Federico de la Hoz<\/strong>, experto en temas energ\u00e9ticos Senior Advisor de compa\u00f1\u00edas internacionales<br>\ud83c\udf99\ufe0f <strong>Ignacio Urbasos<\/strong>, experto en Energ\u00eda y Cambio Clim\u00e1tico del <strong>Real Instituto Elcano<\/strong><\/p>\n\n\n\n<p><\/p>\n\n\n\n<p>\ud83c\udf99\ufe0fCon Sandra Torrecillas y Piluca N\u00fa\u00f1ez como presentadoras del programa.<\/p>\n\n\n\n<p>\ud83c\udf99\ufe0fPuedes escuchar completo este programa pinchando en el enlace inferior. \u00a1No te lo pierdas todos los martes a las 15h35! &nbsp;<\/p>\n\n\n\n<p><a href=\"https:\/\/aeeolica.org\/wp-content\/uploads\/2026\/02\/69820d70c7e2a40012e64c9b_69820d70c7e2a40012e64cad.mp3\">Escuchar el programa completo<\/a><\/p>\n\n\n\n<p><a href=\"https:\/\/www.instagram.com\/p\/DUTbDZrjkC8\/\">Ver v\u00eddeo resumen<\/a><\/p>\n\n\n\n<p><a href=\"https:\/\/www.capitalradio.es\/programas\/ondas-del-viento\/energia-eolica-pieza-clave-nuevo-tablero-geopolitico-mundial_144012191.html\">Leer noticia completa<\/a><\/p>\n\n\n\n<p><\/p>\n\n\n\n<p><\/p>\n\n\n\n<p><\/p>\n\n\n\n<p><\/p>\n\n\n\n<p><\/p>\n","protected":false},"excerpt":{"rendered":"<p>En este nuevo episodio de Ondas del Viento, el programa radiof\u00f3nico del sector e\u00f3lico en la emisora Capital Radio, hemos hablado sobre si juega la e\u00f3lica un papel clave en la geopol\u00edtica mundial, si puede la energ\u00eda e\u00f3lica convertirse en una herramienta de independencia energ\u00e9tica y seguridad nacional para los pa\u00edses, y hasta qu\u00e9 punto los pa\u00edses est\u00e1n usando la energ\u00eda e\u00f3lica como herramienta de poder pol\u00edtico. Todo ello lo hemos analizado con nuestros invitados: Heikki Willstedt, director de Pol\u00edticas Energ\u00e9ticas y Cambio Clim\u00e1tico de la Asociaci\u00f3n Empresarial E\u00f3lica; Federico de la Hoz, experto en temas energ\u00e9ticos Senior Advisor de compa\u00f1\u00edas internacionales, e Ignacio Urbasos, experto en Energ\u00eda y Cambio Clim\u00e1tico del Real Instituto Elcano.<\/p>\n","protected":false},"author":2,"featured_media":292015,"comment_status":"closed","ping_status":"open","sticky":false,"template":"","format":"standard","meta":{"_acf_changed":false,"_bbp_topic_count":0,"_bbp_reply_count":0,"_bbp_total_topic_count":0,"_bbp_total_reply_count":0,"_bbp_voice_count":0,"_bbp_anonymous_reply_count":0,"_bbp_topic_count_hidden":0,"_bbp_reply_count_hidden":0,"_bbp_forum_subforum_count":0,"_et_pb_use_builder":"","_et_pb_old_content":"","_et_gb_content_width":"","footnotes":""},"categories":[455],"tags":[],"class_list":["post-292008","post","type-post","status-publish","format-standard","has-post-thumbnail","hentry","category-ondas-del-viento-en-directo"],"acf":[],"yoast_head":"<!-- This site is optimized with the Yoast SEO plugin v27.4 - https:\/\/yoast.com\/product\/yoast-seo-wordpress\/ -->\n<title>103\u00ba programa. El papel de la energ\u00eda e\u00f3lica como sector clave para la geopol\u00edtica del s.XXI - Asociaci\u00f3n Empresarial E\u00f3lica<\/title>\n<meta name=\"robots\" content=\"index, follow, max-snippet:-1, max-image-preview:large, max-video-preview:-1\" \/>\n<link rel=\"canonical\" href=\"https:\/\/aeeolica.org\/103o-programa-el-papel-de-la-energia-eolica-como-sector-clave-para-la-geopolitica-del-s-xxi\/\" \/>\n<meta property=\"og:locale\" content=\"en_US\" \/>\n<meta property=\"og:type\" content=\"article\" \/>\n<meta property=\"og:title\" content=\"103\u00ba programa. El papel de la energ\u00eda e\u00f3lica como sector clave para la geopol\u00edtica del s.XXI - Asociaci\u00f3n Empresarial E\u00f3lica\" \/>\n<meta property=\"og:description\" content=\"En este nuevo episodio de Ondas del Viento, el programa radiof\u00f3nico del sector e\u00f3lico en la emisora Capital Radio, hemos hablado sobre si juega la e\u00f3lica un papel clave en la geopol\u00edtica mundial, si puede la energ\u00eda e\u00f3lica convertirse en una herramienta de independencia energ\u00e9tica y seguridad nacional para los pa\u00edses, y hasta qu\u00e9 punto los pa\u00edses est\u00e1n usando la energ\u00eda e\u00f3lica como herramienta de poder pol\u00edtico. Todo ello lo hemos analizado con nuestros invitados: Heikki Willstedt, director de Pol\u00edticas Energ\u00e9ticas y Cambio Clim\u00e1tico de la Asociaci\u00f3n Empresarial E\u00f3lica; Federico de la Hoz, experto en temas energ\u00e9ticos Senior Advisor de compa\u00f1\u00edas internacionales, e Ignacio Urbasos, experto en Energ\u00eda y Cambio Clim\u00e1tico del Real Instituto Elcano.\" \/>\n<meta property=\"og:url\" content=\"https:\/\/aeeolica.org\/103o-programa-el-papel-de-la-energia-eolica-como-sector-clave-para-la-geopolitica-del-s-xxi\/\" \/>\n<meta property=\"og:site_name\" content=\"Asociaci\u00f3n Empresarial E\u00f3lica\" \/>\n<meta property=\"article:publisher\" content=\"https:\/\/www.facebook.com\/aeeolica\" \/>\n<meta property=\"article:published_time\" content=\"2026-02-03T17:11:16+00:00\" \/>\n<meta property=\"article:modified_time\" content=\"2026-02-04T15:09:51+00:00\" \/>\n<meta property=\"og:image\" content=\"https:\/\/aeeolica.org\/wp-content\/uploads\/2026\/02\/IMG_2435.jpeg\" \/>\n\t<meta property=\"og:image:width\" content=\"2560\" \/>\n\t<meta property=\"og:image:height\" content=\"1920\" \/>\n\t<meta property=\"og:image:type\" content=\"image\/jpeg\" \/>\n<meta name=\"author\" content=\"Morante D\u00edaz, Mar\u00eda del Mar\" \/>\n<meta name=\"twitter:card\" content=\"summary_large_image\" \/>\n<meta name=\"twitter:creator\" content=\"@aeeolica\" \/>\n<meta name=\"twitter:site\" content=\"@aeeolica\" \/>\n<meta name=\"twitter:label1\" content=\"Written by\" \/>\n\t<meta name=\"twitter:data1\" content=\"Morante D\u00edaz, Mar\u00eda del Mar\" \/>\n\t<meta name=\"twitter:label2\" content=\"Est. reading time\" \/>\n\t<meta name=\"twitter:data2\" content=\"1 minute\" \/>\n<script type=\"application\/ld+json\" class=\"yoast-schema-graph\">{\"@context\":\"https:\\\/\\\/schema.org\",\"@graph\":[{\"@type\":\"Article\",\"@id\":\"https:\\\/\\\/aeeolica.org\\\/103o-programa-el-papel-de-la-energia-eolica-como-sector-clave-para-la-geopolitica-del-s-xxi\\\/#article\",\"isPartOf\":{\"@id\":\"https:\\\/\\\/aeeolica.org\\\/103o-programa-el-papel-de-la-energia-eolica-como-sector-clave-para-la-geopolitica-del-s-xxi\\\/\"},\"author\":{\"name\":\"Morante D\u00edaz, Mar\u00eda del Mar\",\"@id\":\"https:\\\/\\\/aeeolica.org\\\/#\\\/schema\\\/person\\\/064b26f21f7ed52e0b3854e6b52f9772\"},\"headline\":\"103\u00ba programa. El papel de la energ\u00eda e\u00f3lica como sector clave para la geopol\u00edtica del s.XXI\",\"datePublished\":\"2026-02-03T17:11:16+00:00\",\"dateModified\":\"2026-02-04T15:09:51+00:00\",\"mainEntityOfPage\":{\"@id\":\"https:\\\/\\\/aeeolica.org\\\/103o-programa-el-papel-de-la-energia-eolica-como-sector-clave-para-la-geopolitica-del-s-xxi\\\/\"},\"wordCount\":202,\"publisher\":{\"@id\":\"https:\\\/\\\/aeeolica.org\\\/#organization\"},\"image\":{\"@id\":\"https:\\\/\\\/aeeolica.org\\\/103o-programa-el-papel-de-la-energia-eolica-como-sector-clave-para-la-geopolitica-del-s-xxi\\\/#primaryimage\"},\"thumbnailUrl\":\"https:\\\/\\\/aeeolica.org\\\/wp-content\\\/uploads\\\/2026\\\/02\\\/IMG_2435.jpeg\",\"articleSection\":[\"Ondas del viento en directo\"],\"inLanguage\":\"en-US\"},{\"@type\":\"WebPage\",\"@id\":\"https:\\\/\\\/aeeolica.org\\\/103o-programa-el-papel-de-la-energia-eolica-como-sector-clave-para-la-geopolitica-del-s-xxi\\\/\",\"url\":\"https:\\\/\\\/aeeolica.org\\\/103o-programa-el-papel-de-la-energia-eolica-como-sector-clave-para-la-geopolitica-del-s-xxi\\\/\",\"name\":\"103\u00ba programa. El papel de la energ\u00eda e\u00f3lica como sector clave para la geopol\u00edtica del s.XXI - Asociaci\u00f3n Empresarial E\u00f3lica\",\"isPartOf\":{\"@id\":\"https:\\\/\\\/aeeolica.org\\\/#website\"},\"primaryImageOfPage\":{\"@id\":\"https:\\\/\\\/aeeolica.org\\\/103o-programa-el-papel-de-la-energia-eolica-como-sector-clave-para-la-geopolitica-del-s-xxi\\\/#primaryimage\"},\"image\":{\"@id\":\"https:\\\/\\\/aeeolica.org\\\/103o-programa-el-papel-de-la-energia-eolica-como-sector-clave-para-la-geopolitica-del-s-xxi\\\/#primaryimage\"},\"thumbnailUrl\":\"https:\\\/\\\/aeeolica.org\\\/wp-content\\\/uploads\\\/2026\\\/02\\\/IMG_2435.jpeg\",\"datePublished\":\"2026-02-03T17:11:16+00:00\",\"dateModified\":\"2026-02-04T15:09:51+00:00\",\"breadcrumb\":{\"@id\":\"https:\\\/\\\/aeeolica.org\\\/103o-programa-el-papel-de-la-energia-eolica-como-sector-clave-para-la-geopolitica-del-s-xxi\\\/#breadcrumb\"},\"inLanguage\":\"en-US\",\"potentialAction\":[{\"@type\":\"ReadAction\",\"target\":[\"https:\\\/\\\/aeeolica.org\\\/103o-programa-el-papel-de-la-energia-eolica-como-sector-clave-para-la-geopolitica-del-s-xxi\\\/\"]}]},{\"@type\":\"ImageObject\",\"inLanguage\":\"en-US\",\"@id\":\"https:\\\/\\\/aeeolica.org\\\/103o-programa-el-papel-de-la-energia-eolica-como-sector-clave-para-la-geopolitica-del-s-xxi\\\/#primaryimage\",\"url\":\"https:\\\/\\\/aeeolica.org\\\/wp-content\\\/uploads\\\/2026\\\/02\\\/IMG_2435.jpeg\",\"contentUrl\":\"https:\\\/\\\/aeeolica.org\\\/wp-content\\\/uploads\\\/2026\\\/02\\\/IMG_2435.jpeg\",\"width\":2560,\"height\":1920},{\"@type\":\"BreadcrumbList\",\"@id\":\"https:\\\/\\\/aeeolica.org\\\/103o-programa-el-papel-de-la-energia-eolica-como-sector-clave-para-la-geopolitica-del-s-xxi\\\/#breadcrumb\",\"itemListElement\":[{\"@type\":\"ListItem\",\"position\":1,\"name\":\"Portada\",\"item\":\"https:\\\/\\\/aeeolica.org\\\/en\\\/inicio\\\/\"},{\"@type\":\"ListItem\",\"position\":2,\"name\":\"103\u00ba programa. El papel de la energ\u00eda e\u00f3lica como sector clave para la geopol\u00edtica del s.XXI\"}]},{\"@type\":\"WebSite\",\"@id\":\"https:\\\/\\\/aeeolica.org\\\/#website\",\"url\":\"https:\\\/\\\/aeeolica.org\\\/\",\"name\":\"Asociaci\u00f3n Empresarial E\u00f3lica\",\"description\":\"AEE Asociaci\u00f3n Empresarial E\u00f3lica\",\"publisher\":{\"@id\":\"https:\\\/\\\/aeeolica.org\\\/#organization\"},\"potentialAction\":[{\"@type\":\"SearchAction\",\"target\":{\"@type\":\"EntryPoint\",\"urlTemplate\":\"https:\\\/\\\/aeeolica.org\\\/?s={search_term_string}\"},\"query-input\":{\"@type\":\"PropertyValueSpecification\",\"valueRequired\":true,\"valueName\":\"search_term_string\"}}],\"inLanguage\":\"en-US\"},{\"@type\":\"Organization\",\"@id\":\"https:\\\/\\\/aeeolica.org\\\/#organization\",\"name\":\"Asociaci\u00f3n Empresarial E\u00f3lica\",\"url\":\"https:\\\/\\\/aeeolica.org\\\/\",\"logo\":{\"@type\":\"ImageObject\",\"inLanguage\":\"en-US\",\"@id\":\"https:\\\/\\\/aeeolica.org\\\/#\\\/schema\\\/logo\\\/image\\\/\",\"url\":\"https:\\\/\\\/aeeolica.org\\\/wp-content\\\/uploads\\\/2021\\\/08\\\/logo-aee.png\",\"contentUrl\":\"https:\\\/\\\/aeeolica.org\\\/wp-content\\\/uploads\\\/2021\\\/08\\\/logo-aee.png\",\"width\":180,\"height\":78,\"caption\":\"Asociaci\u00f3n Empresarial E\u00f3lica\"},\"image\":{\"@id\":\"https:\\\/\\\/aeeolica.org\\\/#\\\/schema\\\/logo\\\/image\\\/\"},\"sameAs\":[\"https:\\\/\\\/www.facebook.com\\\/aeeolica\",\"https:\\\/\\\/x.com\\\/aeeolica\",\"https:\\\/\\\/www.instagram.com\\\/aeeolica\\\/\",\"https:\\\/\\\/www.linkedin.com\\\/in\\\/aee-asociaci\u00f3n-empresarial-e\u00f3lica-6830946b\\\/\",\"https:\\\/\\\/www.youtube.com\\\/user\\\/AEEolica\"]},{\"@type\":\"Person\",\"@id\":\"https:\\\/\\\/aeeolica.org\\\/#\\\/schema\\\/person\\\/064b26f21f7ed52e0b3854e6b52f9772\",\"name\":\"Morante D\u00edaz, Mar\u00eda del Mar\",\"image\":{\"@type\":\"ImageObject\",\"inLanguage\":\"en-US\",\"@id\":\"https:\\\/\\\/secure.gravatar.com\\\/avatar\\\/8bfd23e1c4bf5aa0b9314f1c5c9d644e62672831e6a512513954c3f15dffdd5a?s=96&d=mm&r=g\",\"url\":\"https:\\\/\\\/secure.gravatar.com\\\/avatar\\\/8bfd23e1c4bf5aa0b9314f1c5c9d644e62672831e6a512513954c3f15dffdd5a?s=96&d=mm&r=g\",\"contentUrl\":\"https:\\\/\\\/secure.gravatar.com\\\/avatar\\\/8bfd23e1c4bf5aa0b9314f1c5c9d644e62672831e6a512513954c3f15dffdd5a?s=96&d=mm&r=g\",\"caption\":\"Morante D\u00edaz, Mar\u00eda del Mar\"},\"url\":\"https:\\\/\\\/aeeolica.org\\\/en\\\/author\\\/mar\\\/\"}]}<\/script>\n<!-- \/ Yoast SEO plugin. -->","yoast_head_json":{"title":"103\u00ba programa. El papel de la energ\u00eda e\u00f3lica como sector clave para la geopol\u00edtica del s.XXI - Asociaci\u00f3n Empresarial E\u00f3lica","robots":{"index":"index","follow":"follow","max-snippet":"max-snippet:-1","max-image-preview":"max-image-preview:large","max-video-preview":"max-video-preview:-1"},"canonical":"https:\/\/aeeolica.org\/103o-programa-el-papel-de-la-energia-eolica-como-sector-clave-para-la-geopolitica-del-s-xxi\/","og_locale":"en_US","og_type":"article","og_title":"103\u00ba programa. El papel de la energ\u00eda e\u00f3lica como sector clave para la geopol\u00edtica del s.XXI - Asociaci\u00f3n Empresarial E\u00f3lica","og_description":"En este nuevo episodio de Ondas del Viento, el programa radiof\u00f3nico del sector e\u00f3lico en la emisora Capital Radio, hemos hablado sobre si juega la e\u00f3lica un papel clave en la geopol\u00edtica mundial, si puede la energ\u00eda e\u00f3lica convertirse en una herramienta de independencia energ\u00e9tica y seguridad nacional para los pa\u00edses, y hasta qu\u00e9 punto los pa\u00edses est\u00e1n usando la energ\u00eda e\u00f3lica como herramienta de poder pol\u00edtico. Todo ello lo hemos analizado con nuestros invitados: Heikki Willstedt, director de Pol\u00edticas Energ\u00e9ticas y Cambio Clim\u00e1tico de la Asociaci\u00f3n Empresarial E\u00f3lica; Federico de la Hoz, experto en temas energ\u00e9ticos Senior Advisor de compa\u00f1\u00edas internacionales, e Ignacio Urbasos, experto en Energ\u00eda y Cambio Clim\u00e1tico del Real Instituto Elcano.","og_url":"https:\/\/aeeolica.org\/103o-programa-el-papel-de-la-energia-eolica-como-sector-clave-para-la-geopolitica-del-s-xxi\/","og_site_name":"Asociaci\u00f3n Empresarial E\u00f3lica","article_publisher":"https:\/\/www.facebook.com\/aeeolica","article_published_time":"2026-02-03T17:11:16+00:00","article_modified_time":"2026-02-04T15:09:51+00:00","og_image":[{"width":2560,"height":1920,"url":"https:\/\/aeeolica.org\/wp-content\/uploads\/2026\/02\/IMG_2435.jpeg","type":"image\/jpeg"}],"author":"Morante D\u00edaz, Mar\u00eda del Mar","twitter_card":"summary_large_image","twitter_creator":"@aeeolica","twitter_site":"@aeeolica","twitter_misc":{"Written by":"Morante D\u00edaz, Mar\u00eda del Mar","Est. reading time":"1 minute"},"schema":{"@context":"https:\/\/schema.org","@graph":[{"@type":"Article","@id":"https:\/\/aeeolica.org\/103o-programa-el-papel-de-la-energia-eolica-como-sector-clave-para-la-geopolitica-del-s-xxi\/#article","isPartOf":{"@id":"https:\/\/aeeolica.org\/103o-programa-el-papel-de-la-energia-eolica-como-sector-clave-para-la-geopolitica-del-s-xxi\/"},"author":{"name":"Morante D\u00edaz, Mar\u00eda del Mar","@id":"https:\/\/aeeolica.org\/#\/schema\/person\/064b26f21f7ed52e0b3854e6b52f9772"},"headline":"103\u00ba programa. El papel de la energ\u00eda e\u00f3lica como sector clave para la geopol\u00edtica del s.XXI","datePublished":"2026-02-03T17:11:16+00:00","dateModified":"2026-02-04T15:09:51+00:00","mainEntityOfPage":{"@id":"https:\/\/aeeolica.org\/103o-programa-el-papel-de-la-energia-eolica-como-sector-clave-para-la-geopolitica-del-s-xxi\/"},"wordCount":202,"publisher":{"@id":"https:\/\/aeeolica.org\/#organization"},"image":{"@id":"https:\/\/aeeolica.org\/103o-programa-el-papel-de-la-energia-eolica-como-sector-clave-para-la-geopolitica-del-s-xxi\/#primaryimage"},"thumbnailUrl":"https:\/\/aeeolica.org\/wp-content\/uploads\/2026\/02\/IMG_2435.jpeg","articleSection":["Ondas del viento en directo"],"inLanguage":"en-US"},{"@type":"WebPage","@id":"https:\/\/aeeolica.org\/103o-programa-el-papel-de-la-energia-eolica-como-sector-clave-para-la-geopolitica-del-s-xxi\/","url":"https:\/\/aeeolica.org\/103o-programa-el-papel-de-la-energia-eolica-como-sector-clave-para-la-geopolitica-del-s-xxi\/","name":"103\u00ba programa. El papel de la energ\u00eda e\u00f3lica como sector clave para la geopol\u00edtica del s.XXI - Asociaci\u00f3n Empresarial E\u00f3lica","isPartOf":{"@id":"https:\/\/aeeolica.org\/#website"},"primaryImageOfPage":{"@id":"https:\/\/aeeolica.org\/103o-programa-el-papel-de-la-energia-eolica-como-sector-clave-para-la-geopolitica-del-s-xxi\/#primaryimage"},"image":{"@id":"https:\/\/aeeolica.org\/103o-programa-el-papel-de-la-energia-eolica-como-sector-clave-para-la-geopolitica-del-s-xxi\/#primaryimage"},"thumbnailUrl":"https:\/\/aeeolica.org\/wp-content\/uploads\/2026\/02\/IMG_2435.jpeg","datePublished":"2026-02-03T17:11:16+00:00","dateModified":"2026-02-04T15:09:51+00:00","breadcrumb":{"@id":"https:\/\/aeeolica.org\/103o-programa-el-papel-de-la-energia-eolica-como-sector-clave-para-la-geopolitica-del-s-xxi\/#breadcrumb"},"inLanguage":"en-US","potentialAction":[{"@type":"ReadAction","target":["https:\/\/aeeolica.org\/103o-programa-el-papel-de-la-energia-eolica-como-sector-clave-para-la-geopolitica-del-s-xxi\/"]}]},{"@type":"ImageObject","inLanguage":"en-US","@id":"https:\/\/aeeolica.org\/103o-programa-el-papel-de-la-energia-eolica-como-sector-clave-para-la-geopolitica-del-s-xxi\/#primaryimage","url":"https:\/\/aeeolica.org\/wp-content\/uploads\/2026\/02\/IMG_2435.jpeg","contentUrl":"https:\/\/aeeolica.org\/wp-content\/uploads\/2026\/02\/IMG_2435.jpeg","width":2560,"height":1920},{"@type":"BreadcrumbList","@id":"https:\/\/aeeolica.org\/103o-programa-el-papel-de-la-energia-eolica-como-sector-clave-para-la-geopolitica-del-s-xxi\/#breadcrumb","itemListElement":[{"@type":"ListItem","position":1,"name":"Portada","item":"https:\/\/aeeolica.org\/en\/inicio\/"},{"@type":"ListItem","position":2,"name":"103\u00ba programa. El papel de la energ\u00eda e\u00f3lica como sector clave para la geopol\u00edtica del s.XXI"}]},{"@type":"WebSite","@id":"https:\/\/aeeolica.org\/#website","url":"https:\/\/aeeolica.org\/","name":"Asociaci\u00f3n Empresarial E\u00f3lica","description":"AEE Asociaci\u00f3n Empresarial E\u00f3lica","publisher":{"@id":"https:\/\/aeeolica.org\/#organization"},"potentialAction":[{"@type":"SearchAction","target":{"@type":"EntryPoint","urlTemplate":"https:\/\/aeeolica.org\/?s={search_term_string}"},"query-input":{"@type":"PropertyValueSpecification","valueRequired":true,"valueName":"search_term_string"}}],"inLanguage":"en-US"},{"@type":"Organization","@id":"https:\/\/aeeolica.org\/#organization","name":"Asociaci\u00f3n Empresarial E\u00f3lica","url":"https:\/\/aeeolica.org\/","logo":{"@type":"ImageObject","inLanguage":"en-US","@id":"https:\/\/aeeolica.org\/#\/schema\/logo\/image\/","url":"https:\/\/aeeolica.org\/wp-content\/uploads\/2021\/08\/logo-aee.png","contentUrl":"https:\/\/aeeolica.org\/wp-content\/uploads\/2021\/08\/logo-aee.png","width":180,"height":78,"caption":"Asociaci\u00f3n Empresarial E\u00f3lica"},"image":{"@id":"https:\/\/aeeolica.org\/#\/schema\/logo\/image\/"},"sameAs":["https:\/\/www.facebook.com\/aeeolica","https:\/\/x.com\/aeeolica","https:\/\/www.instagram.com\/aeeolica\/","https:\/\/www.linkedin.com\/in\/aee-asociaci\u00f3n-empresarial-e\u00f3lica-6830946b\/","https:\/\/www.youtube.com\/user\/AEEolica"]},{"@type":"Person","@id":"https:\/\/aeeolica.org\/#\/schema\/person\/064b26f21f7ed52e0b3854e6b52f9772","name":"Morante D\u00edaz, Mar\u00eda del Mar","image":{"@type":"ImageObject","inLanguage":"en-US","@id":"https:\/\/secure.gravatar.com\/avatar\/8bfd23e1c4bf5aa0b9314f1c5c9d644e62672831e6a512513954c3f15dffdd5a?s=96&d=mm&r=g","url":"https:\/\/secure.gravatar.com\/avatar\/8bfd23e1c4bf5aa0b9314f1c5c9d644e62672831e6a512513954c3f15dffdd5a?s=96&d=mm&r=g","contentUrl":"https:\/\/secure.gravatar.com\/avatar\/8bfd23e1c4bf5aa0b9314f1c5c9d644e62672831e6a512513954c3f15dffdd5a?s=96&d=mm&r=g","caption":"Morante D\u00edaz, Mar\u00eda del Mar"},"url":"https:\/\/aeeolica.org\/en\/author\/mar\/"}]}},"_links":{"self":[{"href":"https:\/\/aeeolica.org\/en\/wp-json\/wp\/v2\/posts\/292008","targetHints":{"allow":["GET"]}}],"collection":[{"href":"https:\/\/aeeolica.org\/en\/wp-json\/wp\/v2\/posts"}],"about":[{"href":"https:\/\/aeeolica.org\/en\/wp-json\/wp\/v2\/types\/post"}],"author":[{"embeddable":true,"href":"https:\/\/aeeolica.org\/en\/wp-json\/wp\/v2\/users\/2"}],"replies":[{"embeddable":true,"href":"https:\/\/aeeolica.org\/en\/wp-json\/wp\/v2\/comments?post=292008"}],"version-history":[{"count":2,"href":"https:\/\/aeeolica.org\/en\/wp-json\/wp\/v2\/posts\/292008\/revisions"}],"predecessor-version":[{"id":292036,"href":"https:\/\/aeeolica.org\/en\/wp-json\/wp\/v2\/posts\/292008\/revisions\/292036"}],"wp:featuredmedia":[{"embeddable":true,"href":"https:\/\/aeeolica.org\/en\/wp-json\/wp\/v2\/media\/292015"}],"wp:attachment":[{"href":"https:\/\/aeeolica.org\/en\/wp-json\/wp\/v2\/media?parent=292008"}],"wp:term":[{"taxonomy":"category","embeddable":true,"href":"https:\/\/aeeolica.org\/en\/wp-json\/wp\/v2\/categories?post=292008"},{"taxonomy":"post_tag","embeddable":true,"href":"https:\/\/aeeolica.org\/en\/wp-json\/wp\/v2\/tags?post=292008"}],"curies":[{"name":"wp","href":"https:\/\/api.w.org\/{rel}","templated":true}]}}