{"id":294109,"date":"2026-03-24T17:38:11","date_gmt":"2026-03-24T16:38:11","guid":{"rendered":"https:\/\/aeeolica.org\/?p=294109"},"modified":"2026-03-25T23:17:36","modified_gmt":"2026-03-25T22:17:36","slug":"110o-programa-eolica-y-avifauna-presentacion-de-la-guia-de-buenas-practicas-de-energias-renovables-para-la-conservacion-de-las-aves","status":"publish","type":"post","link":"https:\/\/aeeolica.org\/en\/110o-programa-eolica-y-avifauna-presentacion-de-la-guia-de-buenas-practicas-de-energias-renovables-para-la-conservacion-de-las-aves\/","title":{"rendered":"110\u00ba programa. E\u00f3lica y avifauna: presentaci\u00f3n de la Gu\u00eda de Buenas Pr\u00e1cticas de energ\u00edas renovables para la conservaci\u00f3n de las aves"},"content":{"rendered":"\n<p>\ud83c\udf99\ufe0fHoy 24 de marzo, hemos emitido un nuevo episodio de Ondas del Viento, el programa radiof\u00f3nico del sector e\u00f3lico en la emisora Capital Radio.<\/p>\n\n\n\n<p>\ud83c\udf99\ufe0fHemos presentado la Gu\u00eda de Buenas Pr\u00e1cticas de energ\u00edas renovables para la conservaci\u00f3n de las aves, elaborada por la empresa de consultor\u00eda ambiental Biodiversity Node, El documento re\u00fane recomendaciones t\u00e9cnicas para&nbsp;reducir los impactos sobre las aves&nbsp;en proyectos e\u00f3licos y fotovoltaicos. Incluye, entre otros aspectos, la consideraci\u00f3n de la red el\u00e9ctrica, una&nbsp;planificaci\u00f3n estructurada de medidas y sus fases de aplicaci\u00f3n, recursos t\u00e9cnicos disponibles y&nbsp;ejemplos de buenas pr\u00e1cticas. Sigue un enfoque basado en la&nbsp;jerarqu\u00eda de mitigaci\u00f3n, integrando recomendaciones desde la selecci\u00f3n inicial de emplazamientos hasta el dise\u00f1o final de las instalaciones. Este documento puede ser \u00fatil para profesionales, administraciones y organizaciones que trabajan en la planificaci\u00f3n de proyectos de energ\u00eda e\u00f3lica.<\/p>\n\n\n\n<p>\ud83c\udf99\ufe0fTodo ello lo hemos analizado con Alejandro L\u00f3pez, consultor ambiental de Biodiversity Node.<\/p>\n\n\n\n<p>\ud83c\udf99\ufe0fCon Sandra Torrecillas y Piluca N\u00fa\u00f1ez como presentadoras del programa.<\/p>\n\n\n\n<p>\ud83c\udf99\ufe0fPuedes escuchar completo este programa pinchando en el enlace inferior. \u00a1No te lo pierdas todos los martes a las 15h35! &nbsp;<\/p>\n\n\n\n<p><a href=\"https:\/\/aeeolica.org\/wp-content\/uploads\/2026\/03\/69c2af22dea2011dd58b90b9_69c2af23dea2011dd58b90c7.mp3\">Escuchar programa completo<\/a><\/p>\n\n\n\n<p><a href=\"https:\/\/www.instagram.com\/p\/DWUrwPJDiJW\/\">Ver v\u00eddeo resumen<\/a><\/p>\n\n\n\n<p><a href=\"https:\/\/www.capitalradio.es\/programas\/ondas-del-viento\/guia-para-conciliar-energia-eolica-biodiversidad_144135377.html\">Leer noticia<\/a><\/p>\n\n\n\n<p><\/p>\n\n\n\n<p><\/p>\n\n\n\n<p><\/p>\n\n\n\n<p><\/p>\n\n\n\n<p><\/p>\n","protected":false},"excerpt":{"rendered":"<p>En este nuevo episodio de Ondas del Viento, el programa radiof\u00f3nico del sector e\u00f3lico en la emisora Capital Radio, hemos presentado con Alejandro L\u00f3pez, consultor ambiental en Biodiversity Node, la Gu\u00eda de Buenas Pr\u00e1cticas de energ\u00edas renovables para la conservaci\u00f3n de las aves.<\/p>\n","protected":false},"author":2,"featured_media":294110,"comment_status":"closed","ping_status":"open","sticky":false,"template":"","format":"standard","meta":{"_acf_changed":false,"_bbp_topic_count":0,"_bbp_reply_count":0,"_bbp_total_topic_count":0,"_bbp_total_reply_count":0,"_bbp_voice_count":0,"_bbp_anonymous_reply_count":0,"_bbp_topic_count_hidden":0,"_bbp_reply_count_hidden":0,"_bbp_forum_subforum_count":0,"_et_pb_use_builder":"","_et_pb_old_content":"","_et_gb_content_width":"","footnotes":""},"categories":[455],"tags":[],"class_list":["post-294109","post","type-post","status-publish","format-standard","has-post-thumbnail","hentry","category-ondas-del-viento-en-directo"],"acf":[],"yoast_head":"<!-- This site is optimized with the Yoast SEO plugin v27.4 - https:\/\/yoast.com\/product\/yoast-seo-wordpress\/ -->\n<title>110\u00ba programa. E\u00f3lica y avifauna: presentaci\u00f3n de la Gu\u00eda de Buenas Pr\u00e1cticas de energ\u00edas renovables para la conservaci\u00f3n de las aves - Asociaci\u00f3n Empresarial E\u00f3lica<\/title>\n<meta name=\"robots\" content=\"index, follow, max-snippet:-1, max-image-preview:large, max-video-preview:-1\" \/>\n<link rel=\"canonical\" href=\"https:\/\/aeeolica.org\/110o-programa-eolica-y-avifauna-presentacion-de-la-guia-de-buenas-practicas-de-energias-renovables-para-la-conservacion-de-las-aves\/\" \/>\n<meta property=\"og:locale\" content=\"en_US\" \/>\n<meta property=\"og:type\" content=\"article\" \/>\n<meta property=\"og:title\" content=\"110\u00ba programa. E\u00f3lica y avifauna: presentaci\u00f3n de la Gu\u00eda de Buenas Pr\u00e1cticas de energ\u00edas renovables para la conservaci\u00f3n de las aves - Asociaci\u00f3n Empresarial E\u00f3lica\" \/>\n<meta property=\"og:description\" content=\"En este nuevo episodio de Ondas del Viento, el programa radiof\u00f3nico del sector e\u00f3lico en la emisora Capital Radio, hemos presentado con Alejandro L\u00f3pez, consultor ambiental en Biodiversity Node, la Gu\u00eda de Buenas Pr\u00e1cticas de energ\u00edas renovables para la conservaci\u00f3n de las aves.\" \/>\n<meta property=\"og:url\" content=\"https:\/\/aeeolica.org\/110o-programa-eolica-y-avifauna-presentacion-de-la-guia-de-buenas-practicas-de-energias-renovables-para-la-conservacion-de-las-aves\/\" \/>\n<meta property=\"og:site_name\" content=\"Asociaci\u00f3n Empresarial E\u00f3lica\" \/>\n<meta property=\"article:publisher\" content=\"https:\/\/www.facebook.com\/aeeolica\" \/>\n<meta property=\"article:published_time\" content=\"2026-03-24T16:38:11+00:00\" \/>\n<meta property=\"article:modified_time\" content=\"2026-03-25T22:17:36+00:00\" \/>\n<meta property=\"og:image\" content=\"https:\/\/aeeolica.org\/wp-content\/uploads\/2026\/03\/ONDAS-DEL-VIENTO-24-MARZO-2026.png\" \/>\n\t<meta property=\"og:image:width\" content=\"1600\" \/>\n\t<meta property=\"og:image:height\" content=\"900\" \/>\n\t<meta property=\"og:image:type\" content=\"image\/png\" \/>\n<meta name=\"author\" content=\"Morante D\u00edaz, Mar\u00eda del Mar\" \/>\n<meta name=\"twitter:card\" content=\"summary_large_image\" \/>\n<meta name=\"twitter:creator\" content=\"@aeeolica\" \/>\n<meta name=\"twitter:site\" content=\"@aeeolica\" \/>\n<meta name=\"twitter:label1\" content=\"Written by\" \/>\n\t<meta name=\"twitter:data1\" content=\"Morante D\u00edaz, Mar\u00eda del Mar\" \/>\n\t<meta name=\"twitter:label2\" content=\"Est. reading time\" \/>\n\t<meta name=\"twitter:data2\" content=\"2 minutes\" \/>\n<script type=\"application\/ld+json\" class=\"yoast-schema-graph\">{\"@context\":\"https:\\\/\\\/schema.org\",\"@graph\":[{\"@type\":\"Article\",\"@id\":\"https:\\\/\\\/aeeolica.org\\\/110o-programa-eolica-y-avifauna-presentacion-de-la-guia-de-buenas-practicas-de-energias-renovables-para-la-conservacion-de-las-aves\\\/#article\",\"isPartOf\":{\"@id\":\"https:\\\/\\\/aeeolica.org\\\/110o-programa-eolica-y-avifauna-presentacion-de-la-guia-de-buenas-practicas-de-energias-renovables-para-la-conservacion-de-las-aves\\\/\"},\"author\":{\"name\":\"Morante D\u00edaz, Mar\u00eda del Mar\",\"@id\":\"https:\\\/\\\/aeeolica.org\\\/#\\\/schema\\\/person\\\/064b26f21f7ed52e0b3854e6b52f9772\"},\"headline\":\"110\u00ba programa. E\u00f3lica y avifauna: presentaci\u00f3n de la Gu\u00eda de Buenas Pr\u00e1cticas de energ\u00edas renovables para la conservaci\u00f3n de las aves\",\"datePublished\":\"2026-03-24T16:38:11+00:00\",\"dateModified\":\"2026-03-25T22:17:36+00:00\",\"mainEntityOfPage\":{\"@id\":\"https:\\\/\\\/aeeolica.org\\\/110o-programa-eolica-y-avifauna-presentacion-de-la-guia-de-buenas-practicas-de-energias-renovables-para-la-conservacion-de-las-aves\\\/\"},\"wordCount\":246,\"publisher\":{\"@id\":\"https:\\\/\\\/aeeolica.org\\\/#organization\"},\"image\":{\"@id\":\"https:\\\/\\\/aeeolica.org\\\/110o-programa-eolica-y-avifauna-presentacion-de-la-guia-de-buenas-practicas-de-energias-renovables-para-la-conservacion-de-las-aves\\\/#primaryimage\"},\"thumbnailUrl\":\"https:\\\/\\\/aeeolica.org\\\/wp-content\\\/uploads\\\/2026\\\/03\\\/ONDAS-DEL-VIENTO-24-MARZO-2026.png\",\"articleSection\":[\"Ondas del viento en directo\"],\"inLanguage\":\"en-US\"},{\"@type\":\"WebPage\",\"@id\":\"https:\\\/\\\/aeeolica.org\\\/110o-programa-eolica-y-avifauna-presentacion-de-la-guia-de-buenas-practicas-de-energias-renovables-para-la-conservacion-de-las-aves\\\/\",\"url\":\"https:\\\/\\\/aeeolica.org\\\/110o-programa-eolica-y-avifauna-presentacion-de-la-guia-de-buenas-practicas-de-energias-renovables-para-la-conservacion-de-las-aves\\\/\",\"name\":\"110\u00ba programa. E\u00f3lica y avifauna: presentaci\u00f3n de la Gu\u00eda de Buenas Pr\u00e1cticas de energ\u00edas renovables para la conservaci\u00f3n de las aves - Asociaci\u00f3n Empresarial E\u00f3lica\",\"isPartOf\":{\"@id\":\"https:\\\/\\\/aeeolica.org\\\/#website\"},\"primaryImageOfPage\":{\"@id\":\"https:\\\/\\\/aeeolica.org\\\/110o-programa-eolica-y-avifauna-presentacion-de-la-guia-de-buenas-practicas-de-energias-renovables-para-la-conservacion-de-las-aves\\\/#primaryimage\"},\"image\":{\"@id\":\"https:\\\/\\\/aeeolica.org\\\/110o-programa-eolica-y-avifauna-presentacion-de-la-guia-de-buenas-practicas-de-energias-renovables-para-la-conservacion-de-las-aves\\\/#primaryimage\"},\"thumbnailUrl\":\"https:\\\/\\\/aeeolica.org\\\/wp-content\\\/uploads\\\/2026\\\/03\\\/ONDAS-DEL-VIENTO-24-MARZO-2026.png\",\"datePublished\":\"2026-03-24T16:38:11+00:00\",\"dateModified\":\"2026-03-25T22:17:36+00:00\",\"breadcrumb\":{\"@id\":\"https:\\\/\\\/aeeolica.org\\\/110o-programa-eolica-y-avifauna-presentacion-de-la-guia-de-buenas-practicas-de-energias-renovables-para-la-conservacion-de-las-aves\\\/#breadcrumb\"},\"inLanguage\":\"en-US\",\"potentialAction\":[{\"@type\":\"ReadAction\",\"target\":[\"https:\\\/\\\/aeeolica.org\\\/110o-programa-eolica-y-avifauna-presentacion-de-la-guia-de-buenas-practicas-de-energias-renovables-para-la-conservacion-de-las-aves\\\/\"]}]},{\"@type\":\"ImageObject\",\"inLanguage\":\"en-US\",\"@id\":\"https:\\\/\\\/aeeolica.org\\\/110o-programa-eolica-y-avifauna-presentacion-de-la-guia-de-buenas-practicas-de-energias-renovables-para-la-conservacion-de-las-aves\\\/#primaryimage\",\"url\":\"https:\\\/\\\/aeeolica.org\\\/wp-content\\\/uploads\\\/2026\\\/03\\\/ONDAS-DEL-VIENTO-24-MARZO-2026.png\",\"contentUrl\":\"https:\\\/\\\/aeeolica.org\\\/wp-content\\\/uploads\\\/2026\\\/03\\\/ONDAS-DEL-VIENTO-24-MARZO-2026.png\",\"width\":1600,\"height\":900},{\"@type\":\"BreadcrumbList\",\"@id\":\"https:\\\/\\\/aeeolica.org\\\/110o-programa-eolica-y-avifauna-presentacion-de-la-guia-de-buenas-practicas-de-energias-renovables-para-la-conservacion-de-las-aves\\\/#breadcrumb\",\"itemListElement\":[{\"@type\":\"ListItem\",\"position\":1,\"name\":\"Portada\",\"item\":\"https:\\\/\\\/aeeolica.org\\\/en\\\/inicio\\\/\"},{\"@type\":\"ListItem\",\"position\":2,\"name\":\"110\u00ba programa. E\u00f3lica y avifauna: presentaci\u00f3n de la Gu\u00eda de Buenas Pr\u00e1cticas de energ\u00edas renovables para la conservaci\u00f3n de las aves\"}]},{\"@type\":\"WebSite\",\"@id\":\"https:\\\/\\\/aeeolica.org\\\/#website\",\"url\":\"https:\\\/\\\/aeeolica.org\\\/\",\"name\":\"Asociaci\u00f3n Empresarial E\u00f3lica\",\"description\":\"AEE Asociaci\u00f3n Empresarial E\u00f3lica\",\"publisher\":{\"@id\":\"https:\\\/\\\/aeeolica.org\\\/#organization\"},\"potentialAction\":[{\"@type\":\"SearchAction\",\"target\":{\"@type\":\"EntryPoint\",\"urlTemplate\":\"https:\\\/\\\/aeeolica.org\\\/?s={search_term_string}\"},\"query-input\":{\"@type\":\"PropertyValueSpecification\",\"valueRequired\":true,\"valueName\":\"search_term_string\"}}],\"inLanguage\":\"en-US\"},{\"@type\":\"Organization\",\"@id\":\"https:\\\/\\\/aeeolica.org\\\/#organization\",\"name\":\"Asociaci\u00f3n Empresarial E\u00f3lica\",\"url\":\"https:\\\/\\\/aeeolica.org\\\/\",\"logo\":{\"@type\":\"ImageObject\",\"inLanguage\":\"en-US\",\"@id\":\"https:\\\/\\\/aeeolica.org\\\/#\\\/schema\\\/logo\\\/image\\\/\",\"url\":\"https:\\\/\\\/aeeolica.org\\\/wp-content\\\/uploads\\\/2021\\\/08\\\/logo-aee.png\",\"contentUrl\":\"https:\\\/\\\/aeeolica.org\\\/wp-content\\\/uploads\\\/2021\\\/08\\\/logo-aee.png\",\"width\":180,\"height\":78,\"caption\":\"Asociaci\u00f3n Empresarial E\u00f3lica\"},\"image\":{\"@id\":\"https:\\\/\\\/aeeolica.org\\\/#\\\/schema\\\/logo\\\/image\\\/\"},\"sameAs\":[\"https:\\\/\\\/www.facebook.com\\\/aeeolica\",\"https:\\\/\\\/x.com\\\/aeeolica\",\"https:\\\/\\\/www.instagram.com\\\/aeeolica\\\/\",\"https:\\\/\\\/www.linkedin.com\\\/in\\\/aee-asociaci\u00f3n-empresarial-e\u00f3lica-6830946b\\\/\",\"https:\\\/\\\/www.youtube.com\\\/user\\\/AEEolica\"]},{\"@type\":\"Person\",\"@id\":\"https:\\\/\\\/aeeolica.org\\\/#\\\/schema\\\/person\\\/064b26f21f7ed52e0b3854e6b52f9772\",\"name\":\"Morante D\u00edaz, Mar\u00eda del Mar\",\"image\":{\"@type\":\"ImageObject\",\"inLanguage\":\"en-US\",\"@id\":\"https:\\\/\\\/secure.gravatar.com\\\/avatar\\\/8bfd23e1c4bf5aa0b9314f1c5c9d644e62672831e6a512513954c3f15dffdd5a?s=96&d=mm&r=g\",\"url\":\"https:\\\/\\\/secure.gravatar.com\\\/avatar\\\/8bfd23e1c4bf5aa0b9314f1c5c9d644e62672831e6a512513954c3f15dffdd5a?s=96&d=mm&r=g\",\"contentUrl\":\"https:\\\/\\\/secure.gravatar.com\\\/avatar\\\/8bfd23e1c4bf5aa0b9314f1c5c9d644e62672831e6a512513954c3f15dffdd5a?s=96&d=mm&r=g\",\"caption\":\"Morante D\u00edaz, Mar\u00eda del Mar\"},\"url\":\"https:\\\/\\\/aeeolica.org\\\/en\\\/author\\\/mar\\\/\"}]}<\/script>\n<!-- \/ Yoast SEO plugin. -->","yoast_head_json":{"title":"110\u00ba programa. E\u00f3lica y avifauna: presentaci\u00f3n de la Gu\u00eda de Buenas Pr\u00e1cticas de energ\u00edas renovables para la conservaci\u00f3n de las aves - Asociaci\u00f3n Empresarial E\u00f3lica","robots":{"index":"index","follow":"follow","max-snippet":"max-snippet:-1","max-image-preview":"max-image-preview:large","max-video-preview":"max-video-preview:-1"},"canonical":"https:\/\/aeeolica.org\/110o-programa-eolica-y-avifauna-presentacion-de-la-guia-de-buenas-practicas-de-energias-renovables-para-la-conservacion-de-las-aves\/","og_locale":"en_US","og_type":"article","og_title":"110\u00ba programa. E\u00f3lica y avifauna: presentaci\u00f3n de la Gu\u00eda de Buenas Pr\u00e1cticas de energ\u00edas renovables para la conservaci\u00f3n de las aves - Asociaci\u00f3n Empresarial E\u00f3lica","og_description":"En este nuevo episodio de Ondas del Viento, el programa radiof\u00f3nico del sector e\u00f3lico en la emisora Capital Radio, hemos presentado con Alejandro L\u00f3pez, consultor ambiental en Biodiversity Node, la Gu\u00eda de Buenas Pr\u00e1cticas de energ\u00edas renovables para la conservaci\u00f3n de las aves.","og_url":"https:\/\/aeeolica.org\/110o-programa-eolica-y-avifauna-presentacion-de-la-guia-de-buenas-practicas-de-energias-renovables-para-la-conservacion-de-las-aves\/","og_site_name":"Asociaci\u00f3n Empresarial E\u00f3lica","article_publisher":"https:\/\/www.facebook.com\/aeeolica","article_published_time":"2026-03-24T16:38:11+00:00","article_modified_time":"2026-03-25T22:17:36+00:00","og_image":[{"width":1600,"height":900,"url":"https:\/\/aeeolica.org\/wp-content\/uploads\/2026\/03\/ONDAS-DEL-VIENTO-24-MARZO-2026.png","type":"image\/png"}],"author":"Morante D\u00edaz, Mar\u00eda del Mar","twitter_card":"summary_large_image","twitter_creator":"@aeeolica","twitter_site":"@aeeolica","twitter_misc":{"Written by":"Morante D\u00edaz, Mar\u00eda del Mar","Est. reading time":"2 minutes"},"schema":{"@context":"https:\/\/schema.org","@graph":[{"@type":"Article","@id":"https:\/\/aeeolica.org\/110o-programa-eolica-y-avifauna-presentacion-de-la-guia-de-buenas-practicas-de-energias-renovables-para-la-conservacion-de-las-aves\/#article","isPartOf":{"@id":"https:\/\/aeeolica.org\/110o-programa-eolica-y-avifauna-presentacion-de-la-guia-de-buenas-practicas-de-energias-renovables-para-la-conservacion-de-las-aves\/"},"author":{"name":"Morante D\u00edaz, Mar\u00eda del Mar","@id":"https:\/\/aeeolica.org\/#\/schema\/person\/064b26f21f7ed52e0b3854e6b52f9772"},"headline":"110\u00ba programa. E\u00f3lica y avifauna: presentaci\u00f3n de la Gu\u00eda de Buenas Pr\u00e1cticas de energ\u00edas renovables para la conservaci\u00f3n de las aves","datePublished":"2026-03-24T16:38:11+00:00","dateModified":"2026-03-25T22:17:36+00:00","mainEntityOfPage":{"@id":"https:\/\/aeeolica.org\/110o-programa-eolica-y-avifauna-presentacion-de-la-guia-de-buenas-practicas-de-energias-renovables-para-la-conservacion-de-las-aves\/"},"wordCount":246,"publisher":{"@id":"https:\/\/aeeolica.org\/#organization"},"image":{"@id":"https:\/\/aeeolica.org\/110o-programa-eolica-y-avifauna-presentacion-de-la-guia-de-buenas-practicas-de-energias-renovables-para-la-conservacion-de-las-aves\/#primaryimage"},"thumbnailUrl":"https:\/\/aeeolica.org\/wp-content\/uploads\/2026\/03\/ONDAS-DEL-VIENTO-24-MARZO-2026.png","articleSection":["Ondas del viento en directo"],"inLanguage":"en-US"},{"@type":"WebPage","@id":"https:\/\/aeeolica.org\/110o-programa-eolica-y-avifauna-presentacion-de-la-guia-de-buenas-practicas-de-energias-renovables-para-la-conservacion-de-las-aves\/","url":"https:\/\/aeeolica.org\/110o-programa-eolica-y-avifauna-presentacion-de-la-guia-de-buenas-practicas-de-energias-renovables-para-la-conservacion-de-las-aves\/","name":"110\u00ba programa. E\u00f3lica y avifauna: presentaci\u00f3n de la Gu\u00eda de Buenas Pr\u00e1cticas de energ\u00edas renovables para la conservaci\u00f3n de las aves - Asociaci\u00f3n Empresarial E\u00f3lica","isPartOf":{"@id":"https:\/\/aeeolica.org\/#website"},"primaryImageOfPage":{"@id":"https:\/\/aeeolica.org\/110o-programa-eolica-y-avifauna-presentacion-de-la-guia-de-buenas-practicas-de-energias-renovables-para-la-conservacion-de-las-aves\/#primaryimage"},"image":{"@id":"https:\/\/aeeolica.org\/110o-programa-eolica-y-avifauna-presentacion-de-la-guia-de-buenas-practicas-de-energias-renovables-para-la-conservacion-de-las-aves\/#primaryimage"},"thumbnailUrl":"https:\/\/aeeolica.org\/wp-content\/uploads\/2026\/03\/ONDAS-DEL-VIENTO-24-MARZO-2026.png","datePublished":"2026-03-24T16:38:11+00:00","dateModified":"2026-03-25T22:17:36+00:00","breadcrumb":{"@id":"https:\/\/aeeolica.org\/110o-programa-eolica-y-avifauna-presentacion-de-la-guia-de-buenas-practicas-de-energias-renovables-para-la-conservacion-de-las-aves\/#breadcrumb"},"inLanguage":"en-US","potentialAction":[{"@type":"ReadAction","target":["https:\/\/aeeolica.org\/110o-programa-eolica-y-avifauna-presentacion-de-la-guia-de-buenas-practicas-de-energias-renovables-para-la-conservacion-de-las-aves\/"]}]},{"@type":"ImageObject","inLanguage":"en-US","@id":"https:\/\/aeeolica.org\/110o-programa-eolica-y-avifauna-presentacion-de-la-guia-de-buenas-practicas-de-energias-renovables-para-la-conservacion-de-las-aves\/#primaryimage","url":"https:\/\/aeeolica.org\/wp-content\/uploads\/2026\/03\/ONDAS-DEL-VIENTO-24-MARZO-2026.png","contentUrl":"https:\/\/aeeolica.org\/wp-content\/uploads\/2026\/03\/ONDAS-DEL-VIENTO-24-MARZO-2026.png","width":1600,"height":900},{"@type":"BreadcrumbList","@id":"https:\/\/aeeolica.org\/110o-programa-eolica-y-avifauna-presentacion-de-la-guia-de-buenas-practicas-de-energias-renovables-para-la-conservacion-de-las-aves\/#breadcrumb","itemListElement":[{"@type":"ListItem","position":1,"name":"Portada","item":"https:\/\/aeeolica.org\/en\/inicio\/"},{"@type":"ListItem","position":2,"name":"110\u00ba programa. E\u00f3lica y avifauna: presentaci\u00f3n de la Gu\u00eda de Buenas Pr\u00e1cticas de energ\u00edas renovables para la conservaci\u00f3n de las aves"}]},{"@type":"WebSite","@id":"https:\/\/aeeolica.org\/#website","url":"https:\/\/aeeolica.org\/","name":"Asociaci\u00f3n Empresarial E\u00f3lica","description":"AEE Asociaci\u00f3n Empresarial E\u00f3lica","publisher":{"@id":"https:\/\/aeeolica.org\/#organization"},"potentialAction":[{"@type":"SearchAction","target":{"@type":"EntryPoint","urlTemplate":"https:\/\/aeeolica.org\/?s={search_term_string}"},"query-input":{"@type":"PropertyValueSpecification","valueRequired":true,"valueName":"search_term_string"}}],"inLanguage":"en-US"},{"@type":"Organization","@id":"https:\/\/aeeolica.org\/#organization","name":"Asociaci\u00f3n Empresarial E\u00f3lica","url":"https:\/\/aeeolica.org\/","logo":{"@type":"ImageObject","inLanguage":"en-US","@id":"https:\/\/aeeolica.org\/#\/schema\/logo\/image\/","url":"https:\/\/aeeolica.org\/wp-content\/uploads\/2021\/08\/logo-aee.png","contentUrl":"https:\/\/aeeolica.org\/wp-content\/uploads\/2021\/08\/logo-aee.png","width":180,"height":78,"caption":"Asociaci\u00f3n Empresarial E\u00f3lica"},"image":{"@id":"https:\/\/aeeolica.org\/#\/schema\/logo\/image\/"},"sameAs":["https:\/\/www.facebook.com\/aeeolica","https:\/\/x.com\/aeeolica","https:\/\/www.instagram.com\/aeeolica\/","https:\/\/www.linkedin.com\/in\/aee-asociaci\u00f3n-empresarial-e\u00f3lica-6830946b\/","https:\/\/www.youtube.com\/user\/AEEolica"]},{"@type":"Person","@id":"https:\/\/aeeolica.org\/#\/schema\/person\/064b26f21f7ed52e0b3854e6b52f9772","name":"Morante D\u00edaz, Mar\u00eda del Mar","image":{"@type":"ImageObject","inLanguage":"en-US","@id":"https:\/\/secure.gravatar.com\/avatar\/8bfd23e1c4bf5aa0b9314f1c5c9d644e62672831e6a512513954c3f15dffdd5a?s=96&d=mm&r=g","url":"https:\/\/secure.gravatar.com\/avatar\/8bfd23e1c4bf5aa0b9314f1c5c9d644e62672831e6a512513954c3f15dffdd5a?s=96&d=mm&r=g","contentUrl":"https:\/\/secure.gravatar.com\/avatar\/8bfd23e1c4bf5aa0b9314f1c5c9d644e62672831e6a512513954c3f15dffdd5a?s=96&d=mm&r=g","caption":"Morante D\u00edaz, Mar\u00eda del Mar"},"url":"https:\/\/aeeolica.org\/en\/author\/mar\/"}]}},"_links":{"self":[{"href":"https:\/\/aeeolica.org\/en\/wp-json\/wp\/v2\/posts\/294109","targetHints":{"allow":["GET"]}}],"collection":[{"href":"https:\/\/aeeolica.org\/en\/wp-json\/wp\/v2\/posts"}],"about":[{"href":"https:\/\/aeeolica.org\/en\/wp-json\/wp\/v2\/types\/post"}],"author":[{"embeddable":true,"href":"https:\/\/aeeolica.org\/en\/wp-json\/wp\/v2\/users\/2"}],"replies":[{"embeddable":true,"href":"https:\/\/aeeolica.org\/en\/wp-json\/wp\/v2\/comments?post=294109"}],"version-history":[{"count":2,"href":"https:\/\/aeeolica.org\/en\/wp-json\/wp\/v2\/posts\/294109\/revisions"}],"predecessor-version":[{"id":294257,"href":"https:\/\/aeeolica.org\/en\/wp-json\/wp\/v2\/posts\/294109\/revisions\/294257"}],"wp:featuredmedia":[{"embeddable":true,"href":"https:\/\/aeeolica.org\/en\/wp-json\/wp\/v2\/media\/294110"}],"wp:attachment":[{"href":"https:\/\/aeeolica.org\/en\/wp-json\/wp\/v2\/media?parent=294109"}],"wp:term":[{"taxonomy":"category","embeddable":true,"href":"https:\/\/aeeolica.org\/en\/wp-json\/wp\/v2\/categories?post=294109"},{"taxonomy":"post_tag","embeddable":true,"href":"https:\/\/aeeolica.org\/en\/wp-json\/wp\/v2\/tags?post=294109"}],"curies":[{"name":"wp","href":"https:\/\/api.w.org\/{rel}","templated":true}]}}