{"id":294268,"date":"2026-03-26T00:19:36","date_gmt":"2026-03-25T23:19:36","guid":{"rendered":"https:\/\/aeeolica.org\/?p=294268"},"modified":"2026-03-26T00:19:37","modified_gmt":"2026-03-25T23:19:37","slug":"repotenciacion-eolica-en-la-peninsula-iberica-analisis-de-vector-renovables","status":"publish","type":"post","link":"https:\/\/aeeolica.org\/en\/repotenciacion-eolica-en-la-peninsula-iberica-analisis-de-vector-renovables\/","title":{"rendered":"Repotenciaci\u00f3n e\u00f3lica en la Pen\u00ednsula Ib\u00e9rica. An\u00e1lisis de Vector Renovables"},"content":{"rendered":"\n<p><em>La renovaci\u00f3n de parques e\u00f3licos existentes en Espa\u00f1a y Portugal est\u00e1 consolidando la repotenciaci\u00f3n<\/em><em> como una v\u00eda t\u00e9cnica y estrat\u00e9gica para aumentar la producci\u00f3n, optimizar emplazamientos ya desarrollados y adaptarlos a los requisitos de un sector cada vez m\u00e1s competitivo.<\/em><\/p>\n\n\n\n<p>Gran parte de los parques e\u00f3licos que siguen en operaci\u00f3n en Espa\u00f1a y Portugal entraron en servicio entre los a\u00f1os 2000 y 2012. Muchos de estos parques fueron dise\u00f1ados con tecnolog\u00edas que, aunque marcaron una etapa clave en la expansi\u00f3n de las energ\u00edas renovables, presentan ya limitaciones frente a los nuevos est\u00e1ndares en t\u00e9rminos de potencia unitaria, di\u00e1metro del rotor, altura de buje, eficiencia energ\u00e9tica y requisitos de operaci\u00f3n.<\/p>\n\n\n\n<p>Las estimaciones del Ministerio para la Transici\u00f3n Ecol\u00f3gica apuntan que ser\u00e1 necesario repotenciar entre 10 y 12 GW en esta d\u00e9cada, lo que sit\u00faa a la repotenciaci\u00f3n como uno de los principales vectores de crecimiento del sector e\u00f3lico en Espa\u00f1a. Comunidades como Castilla y Le\u00f3n, con m\u00e1s de 7.600 MW instalados, o Arag\u00f3n concentran una parte muy relevante de ese parque envejecido.<\/p>\n\n\n\n<p>A ello se suman el envejecimiento de componentes, el aumento de costes de operaci\u00f3n y mantenimiento, la dificultad para obtener repuestos y la p\u00e9rdida de competitividad frente a aerogeneradores de nueva generaci\u00f3n.<\/p>\n\n\n\n<p>Desde Vector Renewables (VR), observamos de primera mano c\u00f3mo cada vez m\u00e1s propietarios analizan esta opci\u00f3n desde la optimizaci\u00f3n del CAPEX y OPEX y la extensi\u00f3n de la vida \u00fatil.<\/p>\n\n\n\n<p>\u00bfQu\u00e9 es la repotenciaci\u00f3n y por qu\u00e9 est\u00e1 ganando protagonismo?<\/p>\n\n\n\n<p>La repotenciaci\u00f3n consiste en sustituir aerogeneradores antiguos por modelos m\u00e1s modernos y eficientes, lo que incrementa la producci\u00f3n y mejora el rendimiento del parque. Nuestra experiencia reciente demuestra que, incluso con aumentos moderados de potencia instalada, el redise\u00f1o del parque puede traducirse en incrementos significativos de producci\u00f3n anual (AEP), incluso sin incrementos proporcionales de potencia instalada, impulsados por una mejor captaci\u00f3n del recurso y una reducci\u00f3n de p\u00e9rdidas.<\/p>\n\n\n\n<p>Adem\u00e1s, cada nueva m\u00e1quina reemplaza en promedio a siete anteriores, lo que simplifica la instalaci\u00f3n y reduce la infraestructura necesaria. Menor n\u00famero de aerogeneradores implica una reducci\u00f3n potencial en costes de mantenimiento, menor complejidad log\u00edstica y una gesti\u00f3n m\u00e1s eficiente del activo.<\/p>\n\n\n\n<p>Desde el punto de vista t\u00e9cnico, la repotenciaci\u00f3n no debe entenderse como una mera renovaci\u00f3n tecnol\u00f3gica, sino como una reconfiguraci\u00f3n integral del parque: recurso e\u00f3lico, layout, p\u00e9rdidas por estela, adecuaci\u00f3n de la turbina y condiciones de red. En este sentido, uno de los errores m\u00e1s habituales es abordar la repotenciaci\u00f3n como un \u201ccambio de m\u00e1quinas\u201d, sin optimizar el dise\u00f1o global del parque, lo que puede limitar significativamente el potencial real del emplazamiento.<\/p>\n\n\n\n<p>Una tendencia que gana peso en Europa.<\/p>\n\n\n\n<p>La repotenciaci\u00f3n e\u00f3lica est\u00e1 dejando de ser una actuaci\u00f3n puntual para ganar visibilidad dentro del sector. A escala europea, la Directiva RED II (2023\/2413), publicada en octubre de 2023, introdujo medidas para simplificar la autorizaci\u00f3n de proyectos renovables e incluy\u00f3 expresamente las actuaciones de repotenciaci\u00f3n.<\/p>\n\n\n\n<p>En Espa\u00f1a, esta evoluci\u00f3n ya empieza a traducirse en iniciativas concretas y en un marco de apoyo m\u00e1s estructurado. Un ejemplo de esta evoluci\u00f3n es la primera convocatoria de ayudas a la repotenciaci\u00f3n e\u00f3lica (REPOTEN 1), que incluy\u00f3 34 expedientes orientados a remplazar 1.205 aerogeneradores por 167 de nueva generaci\u00f3n, con una dotaci\u00f3n de 222,5 millones de euros. A ello se suma la puesta en marcha de REPOTEN 2, con una dotaci\u00f3n de 292 millones de euros de los fondos NextGenerationEU, de los cuales 252 millones se destinan espec\u00edficamente a la repotenciaci\u00f3n e\u00f3lica, y con el objetivo de repotenciar al menos 750 MW.<\/p>\n\n\n\n<p>Este volumen de apoyo p\u00fablico refuerza una idea clave: la repotenciaci\u00f3n reposiciona activos existentes en un entorno cada vez m\u00e1s exigente.<\/p>\n\n\n\n<p>Claves t\u00e9cnicas para el desarrollo de una repotenciaci\u00f3n &nbsp;<\/p>\n\n\n\n<p>La repotenciaci\u00f3n es un proceso complejo en el que cada decisi\u00f3n t\u00e9cnica depende en gran medida de la informaci\u00f3n disponible desde el inicio. Antes de valorar turbinas, layouts o restricciones, es esencial comprender a fondo el comportamiento del parque existente y el recurso e\u00f3lico disponible. Esa base de conocimiento es la que permite que cualquier an\u00e1lisis posterior sea realmente s\u00f3lido.<\/p>\n\n\n\n<p>Para dar solidez al estudio de producci\u00f3n, en VR recomendamos disponer de al menos un a\u00f1o de datos recientes y v\u00e1lidos medidos en torre meteorol\u00f3gica (<em>met mast<\/em>), complementados con informaci\u00f3n SCADA para reconstruir el viento y reducir incertidumbres. Cuando no se dispone de mediciones en <em>met mast<\/em>, puede realizarse un an\u00e1lisis preliminar con datos Vortex como primera aproximaci\u00f3n al potencial del emplazamiento.<\/p>\n\n\n\n<p>Con esta informaci\u00f3n, es posible avanzar hacia la evaluaci\u00f3n t\u00e9cnica del proyecto: selecci\u00f3n de turbina, optimizaci\u00f3n del nuevo layout, an\u00e1lisis de p\u00e9rdidas por estela, restricciones ambientales y condiciones espec\u00edficas del emplazamiento. En VR abordamos todos estos an\u00e1lisis, adem\u00e1s de la revisi\u00f3n del emplazamiento (site suitability), que resulta clave para asegurar que cada decisi\u00f3n t\u00e9cnica se ajuste a las particularidades del sitio.<\/p>\n\n\n\n<p>Dentro de este marco de evaluaci\u00f3n hol\u00edstica de los proyectos y la determinaci\u00f3n estrategias para toma de decisi\u00f3n, VR revisa acuerdos de terrenos, documentaci\u00f3n clave y condicionantes ambientales, y desarrolla Technical Due Diligence, de acuerdo con los est\u00e1ndares habituales del mercado.<\/p>\n\n\n\n<p>Experiencia reciente en proyectos de Espa\u00f1a y Portugal<\/p>\n\n\n\n<p>En lo que llevamos de 2026, desde VR hemos observado un aumento claro del inter\u00e9s de nuestros clientes por los servicios de repotenciaci\u00f3n e\u00f3lica en la Pen\u00ednsula Ib\u00e9rica. Este incremento se traduce en una mayor demanda de an\u00e1lisis independientes que permitan tomar decisiones de inversi\u00f3n con mayor certidumbre.<\/p>\n\n\n\n<p>En concreto, estos trabajos se centran en estudios de AEP, adecuaci\u00f3n del emplazamiento conforme a la norma IEC 61400, evaluaci\u00f3n de restricciones ambientales y revisi\u00f3n independiente de acuerdos de terrenos. En varios de estos casos, los an\u00e1lisis han puesto de manifiesto desviaciones relevantes entre el potencial esperado inicialmente y el realmente alcanzable tras un redise\u00f1o optimizado, lo que refuerza la importancia de una evaluaci\u00f3n t\u00e9cnica rigurosa.<\/p>\n\n\n\n<p>Perspectivas para 2026 y pr\u00f3ximos a\u00f1os<\/p>\n\n\n\n<p>Todo apunta a que la repotenciaci\u00f3n seguir\u00e1 ganando protagonismo en los pr\u00f3ximos a\u00f1os, especialmente en mercados con un parque e\u00f3lico envejecido y con emplazamientos ya consolidados.<\/p>\n\n\n\n<p>No obstante, la evoluci\u00f3n de la repotenciaci\u00f3n no depender\u00e1 solo del inter\u00e9s del mercado. Su desarrollo seguir\u00e1 estando condicionado por factores como la tramitaci\u00f3n administrativa, las restricciones ambientales, la capacidad de evacuaci\u00f3n y la viabilidad t\u00e9cnica de cada parque.<\/p>\n\n\n\n<p>Conviene adem\u00e1s tener presente que el actual dinamismo no es indefinido: el volumen de parques candidatos ir\u00e1 reduci\u00e9ndose progresivamente a medida que las actuaciones se vayan ejecutando, lo que sugiere que la ventana \u00f3ptima para abordar estos proyectos es limitada.<\/p>\n\n\n\n<p>En este contexto, anticiparse mediante an\u00e1lisis t\u00e9cnicos s\u00f3lidos puede marcar la diferencia entre capturar el valor del activo o perder competitividad frente a otras alternativas de inversi\u00f3n. Aun as\u00ed, la combinaci\u00f3n de experiencia reciente, evoluci\u00f3n regulatoria y actividad en curso sugiere que 2026 puede marcar el inicio de una etapa de consolidaci\u00f3n para este tipo de proyectos en la Pen\u00ednsula Ib\u00e9rica.<\/p>\n\n\n\n<p><a id=\"_msocom_1\"><\/a><\/p>\n","protected":false},"excerpt":{"rendered":"<p>La renovaci\u00f3n de parques e\u00f3licos existentes en Espa\u00f1a y Portugal est\u00e1 consolidando la repotenciaci\u00f3n como una v\u00eda t\u00e9cnica y estrat\u00e9gica para aumentar la producci\u00f3n, optimizar emplazamientos ya desarrollados y adaptarlos [&hellip;]<\/p>\n","protected":false},"author":2,"featured_media":294264,"comment_status":"closed","ping_status":"open","sticky":false,"template":"","format":"standard","meta":{"_acf_changed":false,"_bbp_topic_count":0,"_bbp_reply_count":0,"_bbp_total_topic_count":0,"_bbp_total_reply_count":0,"_bbp_voice_count":0,"_bbp_anonymous_reply_count":0,"_bbp_topic_count_hidden":0,"_bbp_reply_count_hidden":0,"_bbp_forum_subforum_count":0,"_et_pb_use_builder":"","_et_pb_old_content":"","_et_gb_content_width":"","footnotes":""},"categories":[546],"tags":[],"class_list":["post-294268","post","type-post","status-publish","format-standard","has-post-thumbnail","hentry","category-newsletter-30-marzo-2026"],"acf":[],"yoast_head":"<!-- This site is optimized with the Yoast SEO plugin v27.4 - https:\/\/yoast.com\/product\/yoast-seo-wordpress\/ -->\n<title>Repotenciaci\u00f3n e\u00f3lica en la Pen\u00ednsula Ib\u00e9rica. An\u00e1lisis de Vector Renovables - Asociaci\u00f3n Empresarial E\u00f3lica<\/title>\n<meta name=\"robots\" content=\"index, follow, max-snippet:-1, max-image-preview:large, max-video-preview:-1\" \/>\n<link rel=\"canonical\" href=\"https:\/\/aeeolica.org\/repotenciacion-eolica-en-la-peninsula-iberica-analisis-de-vector-renovables\/\" \/>\n<meta property=\"og:locale\" content=\"en_US\" \/>\n<meta property=\"og:type\" content=\"article\" \/>\n<meta property=\"og:title\" content=\"Repotenciaci\u00f3n e\u00f3lica en la Pen\u00ednsula Ib\u00e9rica. An\u00e1lisis de Vector Renovables - Asociaci\u00f3n Empresarial E\u00f3lica\" \/>\n<meta property=\"og:description\" content=\"La renovaci\u00f3n de parques e\u00f3licos existentes en Espa\u00f1a y Portugal est\u00e1 consolidando la repotenciaci\u00f3n como una v\u00eda t\u00e9cnica y estrat\u00e9gica para aumentar la producci\u00f3n, optimizar emplazamientos ya desarrollados y adaptarlos [&hellip;]\" \/>\n<meta property=\"og:url\" content=\"https:\/\/aeeolica.org\/repotenciacion-eolica-en-la-peninsula-iberica-analisis-de-vector-renovables\/\" \/>\n<meta property=\"og:site_name\" content=\"Asociaci\u00f3n Empresarial E\u00f3lica\" \/>\n<meta property=\"article:publisher\" content=\"https:\/\/www.facebook.com\/aeeolica\" \/>\n<meta property=\"article:published_time\" content=\"2026-03-25T23:19:36+00:00\" \/>\n<meta property=\"article:modified_time\" content=\"2026-03-25T23:19:37+00:00\" \/>\n<meta property=\"og:image\" content=\"https:\/\/aeeolica.org\/wp-content\/uploads\/2026\/03\/IMG_5592.jpg\" \/>\n\t<meta property=\"og:image:width\" content=\"2560\" \/>\n\t<meta property=\"og:image:height\" content=\"1920\" \/>\n\t<meta property=\"og:image:type\" content=\"image\/jpeg\" \/>\n<meta name=\"author\" content=\"Morante D\u00edaz, Mar\u00eda del Mar\" \/>\n<meta name=\"twitter:card\" content=\"summary_large_image\" \/>\n<meta name=\"twitter:creator\" content=\"@aeeolica\" \/>\n<meta name=\"twitter:site\" content=\"@aeeolica\" \/>\n<meta name=\"twitter:label1\" content=\"Written by\" \/>\n\t<meta name=\"twitter:data1\" content=\"Morante D\u00edaz, Mar\u00eda del Mar\" \/>\n\t<meta name=\"twitter:label2\" content=\"Est. reading time\" \/>\n\t<meta name=\"twitter:data2\" content=\"6 minutes\" \/>\n<script type=\"application\/ld+json\" class=\"yoast-schema-graph\">{\"@context\":\"https:\\\/\\\/schema.org\",\"@graph\":[{\"@type\":\"Article\",\"@id\":\"https:\\\/\\\/aeeolica.org\\\/repotenciacion-eolica-en-la-peninsula-iberica-analisis-de-vector-renovables\\\/#article\",\"isPartOf\":{\"@id\":\"https:\\\/\\\/aeeolica.org\\\/repotenciacion-eolica-en-la-peninsula-iberica-analisis-de-vector-renovables\\\/\"},\"author\":{\"name\":\"Morante D\u00edaz, Mar\u00eda del Mar\",\"@id\":\"https:\\\/\\\/aeeolica.org\\\/#\\\/schema\\\/person\\\/064b26f21f7ed52e0b3854e6b52f9772\"},\"headline\":\"Repotenciaci\u00f3n e\u00f3lica en la Pen\u00ednsula Ib\u00e9rica. An\u00e1lisis de Vector Renovables\",\"datePublished\":\"2026-03-25T23:19:36+00:00\",\"dateModified\":\"2026-03-25T23:19:37+00:00\",\"mainEntityOfPage\":{\"@id\":\"https:\\\/\\\/aeeolica.org\\\/repotenciacion-eolica-en-la-peninsula-iberica-analisis-de-vector-renovables\\\/\"},\"wordCount\":1285,\"publisher\":{\"@id\":\"https:\\\/\\\/aeeolica.org\\\/#organization\"},\"image\":{\"@id\":\"https:\\\/\\\/aeeolica.org\\\/repotenciacion-eolica-en-la-peninsula-iberica-analisis-de-vector-renovables\\\/#primaryimage\"},\"thumbnailUrl\":\"https:\\\/\\\/aeeolica.org\\\/wp-content\\\/uploads\\\/2026\\\/03\\\/IMG_5592.jpg\",\"articleSection\":[\"Newsletter 30 Marzo 2026\"],\"inLanguage\":\"en-US\"},{\"@type\":\"WebPage\",\"@id\":\"https:\\\/\\\/aeeolica.org\\\/repotenciacion-eolica-en-la-peninsula-iberica-analisis-de-vector-renovables\\\/\",\"url\":\"https:\\\/\\\/aeeolica.org\\\/repotenciacion-eolica-en-la-peninsula-iberica-analisis-de-vector-renovables\\\/\",\"name\":\"Repotenciaci\u00f3n e\u00f3lica en la Pen\u00ednsula Ib\u00e9rica. An\u00e1lisis de Vector Renovables - Asociaci\u00f3n Empresarial E\u00f3lica\",\"isPartOf\":{\"@id\":\"https:\\\/\\\/aeeolica.org\\\/#website\"},\"primaryImageOfPage\":{\"@id\":\"https:\\\/\\\/aeeolica.org\\\/repotenciacion-eolica-en-la-peninsula-iberica-analisis-de-vector-renovables\\\/#primaryimage\"},\"image\":{\"@id\":\"https:\\\/\\\/aeeolica.org\\\/repotenciacion-eolica-en-la-peninsula-iberica-analisis-de-vector-renovables\\\/#primaryimage\"},\"thumbnailUrl\":\"https:\\\/\\\/aeeolica.org\\\/wp-content\\\/uploads\\\/2026\\\/03\\\/IMG_5592.jpg\",\"datePublished\":\"2026-03-25T23:19:36+00:00\",\"dateModified\":\"2026-03-25T23:19:37+00:00\",\"breadcrumb\":{\"@id\":\"https:\\\/\\\/aeeolica.org\\\/repotenciacion-eolica-en-la-peninsula-iberica-analisis-de-vector-renovables\\\/#breadcrumb\"},\"inLanguage\":\"en-US\",\"potentialAction\":[{\"@type\":\"ReadAction\",\"target\":[\"https:\\\/\\\/aeeolica.org\\\/repotenciacion-eolica-en-la-peninsula-iberica-analisis-de-vector-renovables\\\/\"]}]},{\"@type\":\"ImageObject\",\"inLanguage\":\"en-US\",\"@id\":\"https:\\\/\\\/aeeolica.org\\\/repotenciacion-eolica-en-la-peninsula-iberica-analisis-de-vector-renovables\\\/#primaryimage\",\"url\":\"https:\\\/\\\/aeeolica.org\\\/wp-content\\\/uploads\\\/2026\\\/03\\\/IMG_5592.jpg\",\"contentUrl\":\"https:\\\/\\\/aeeolica.org\\\/wp-content\\\/uploads\\\/2026\\\/03\\\/IMG_5592.jpg\",\"width\":2560,\"height\":1920},{\"@type\":\"BreadcrumbList\",\"@id\":\"https:\\\/\\\/aeeolica.org\\\/repotenciacion-eolica-en-la-peninsula-iberica-analisis-de-vector-renovables\\\/#breadcrumb\",\"itemListElement\":[{\"@type\":\"ListItem\",\"position\":1,\"name\":\"Portada\",\"item\":\"https:\\\/\\\/aeeolica.org\\\/en\\\/inicio\\\/\"},{\"@type\":\"ListItem\",\"position\":2,\"name\":\"Repotenciaci\u00f3n e\u00f3lica en la Pen\u00ednsula Ib\u00e9rica. An\u00e1lisis de Vector Renovables\"}]},{\"@type\":\"WebSite\",\"@id\":\"https:\\\/\\\/aeeolica.org\\\/#website\",\"url\":\"https:\\\/\\\/aeeolica.org\\\/\",\"name\":\"Asociaci\u00f3n Empresarial E\u00f3lica\",\"description\":\"AEE Asociaci\u00f3n Empresarial E\u00f3lica\",\"publisher\":{\"@id\":\"https:\\\/\\\/aeeolica.org\\\/#organization\"},\"potentialAction\":[{\"@type\":\"SearchAction\",\"target\":{\"@type\":\"EntryPoint\",\"urlTemplate\":\"https:\\\/\\\/aeeolica.org\\\/?s={search_term_string}\"},\"query-input\":{\"@type\":\"PropertyValueSpecification\",\"valueRequired\":true,\"valueName\":\"search_term_string\"}}],\"inLanguage\":\"en-US\"},{\"@type\":\"Organization\",\"@id\":\"https:\\\/\\\/aeeolica.org\\\/#organization\",\"name\":\"Asociaci\u00f3n Empresarial E\u00f3lica\",\"url\":\"https:\\\/\\\/aeeolica.org\\\/\",\"logo\":{\"@type\":\"ImageObject\",\"inLanguage\":\"en-US\",\"@id\":\"https:\\\/\\\/aeeolica.org\\\/#\\\/schema\\\/logo\\\/image\\\/\",\"url\":\"https:\\\/\\\/aeeolica.org\\\/wp-content\\\/uploads\\\/2021\\\/08\\\/logo-aee.png\",\"contentUrl\":\"https:\\\/\\\/aeeolica.org\\\/wp-content\\\/uploads\\\/2021\\\/08\\\/logo-aee.png\",\"width\":180,\"height\":78,\"caption\":\"Asociaci\u00f3n Empresarial E\u00f3lica\"},\"image\":{\"@id\":\"https:\\\/\\\/aeeolica.org\\\/#\\\/schema\\\/logo\\\/image\\\/\"},\"sameAs\":[\"https:\\\/\\\/www.facebook.com\\\/aeeolica\",\"https:\\\/\\\/x.com\\\/aeeolica\",\"https:\\\/\\\/www.instagram.com\\\/aeeolica\\\/\",\"https:\\\/\\\/www.linkedin.com\\\/in\\\/aee-asociaci\u00f3n-empresarial-e\u00f3lica-6830946b\\\/\",\"https:\\\/\\\/www.youtube.com\\\/user\\\/AEEolica\"]},{\"@type\":\"Person\",\"@id\":\"https:\\\/\\\/aeeolica.org\\\/#\\\/schema\\\/person\\\/064b26f21f7ed52e0b3854e6b52f9772\",\"name\":\"Morante D\u00edaz, Mar\u00eda del Mar\",\"image\":{\"@type\":\"ImageObject\",\"inLanguage\":\"en-US\",\"@id\":\"https:\\\/\\\/secure.gravatar.com\\\/avatar\\\/8bfd23e1c4bf5aa0b9314f1c5c9d644e62672831e6a512513954c3f15dffdd5a?s=96&d=mm&r=g\",\"url\":\"https:\\\/\\\/secure.gravatar.com\\\/avatar\\\/8bfd23e1c4bf5aa0b9314f1c5c9d644e62672831e6a512513954c3f15dffdd5a?s=96&d=mm&r=g\",\"contentUrl\":\"https:\\\/\\\/secure.gravatar.com\\\/avatar\\\/8bfd23e1c4bf5aa0b9314f1c5c9d644e62672831e6a512513954c3f15dffdd5a?s=96&d=mm&r=g\",\"caption\":\"Morante D\u00edaz, Mar\u00eda del Mar\"},\"url\":\"https:\\\/\\\/aeeolica.org\\\/en\\\/author\\\/mar\\\/\"}]}<\/script>\n<!-- \/ Yoast SEO plugin. -->","yoast_head_json":{"title":"Repotenciaci\u00f3n e\u00f3lica en la Pen\u00ednsula Ib\u00e9rica. An\u00e1lisis de Vector Renovables - Asociaci\u00f3n Empresarial E\u00f3lica","robots":{"index":"index","follow":"follow","max-snippet":"max-snippet:-1","max-image-preview":"max-image-preview:large","max-video-preview":"max-video-preview:-1"},"canonical":"https:\/\/aeeolica.org\/repotenciacion-eolica-en-la-peninsula-iberica-analisis-de-vector-renovables\/","og_locale":"en_US","og_type":"article","og_title":"Repotenciaci\u00f3n e\u00f3lica en la Pen\u00ednsula Ib\u00e9rica. An\u00e1lisis de Vector Renovables - Asociaci\u00f3n Empresarial E\u00f3lica","og_description":"La renovaci\u00f3n de parques e\u00f3licos existentes en Espa\u00f1a y Portugal est\u00e1 consolidando la repotenciaci\u00f3n como una v\u00eda t\u00e9cnica y estrat\u00e9gica para aumentar la producci\u00f3n, optimizar emplazamientos ya desarrollados y adaptarlos [&hellip;]","og_url":"https:\/\/aeeolica.org\/repotenciacion-eolica-en-la-peninsula-iberica-analisis-de-vector-renovables\/","og_site_name":"Asociaci\u00f3n Empresarial E\u00f3lica","article_publisher":"https:\/\/www.facebook.com\/aeeolica","article_published_time":"2026-03-25T23:19:36+00:00","article_modified_time":"2026-03-25T23:19:37+00:00","og_image":[{"width":2560,"height":1920,"url":"https:\/\/aeeolica.org\/wp-content\/uploads\/2026\/03\/IMG_5592.jpg","type":"image\/jpeg"}],"author":"Morante D\u00edaz, Mar\u00eda del Mar","twitter_card":"summary_large_image","twitter_creator":"@aeeolica","twitter_site":"@aeeolica","twitter_misc":{"Written by":"Morante D\u00edaz, Mar\u00eda del Mar","Est. reading time":"6 minutes"},"schema":{"@context":"https:\/\/schema.org","@graph":[{"@type":"Article","@id":"https:\/\/aeeolica.org\/repotenciacion-eolica-en-la-peninsula-iberica-analisis-de-vector-renovables\/#article","isPartOf":{"@id":"https:\/\/aeeolica.org\/repotenciacion-eolica-en-la-peninsula-iberica-analisis-de-vector-renovables\/"},"author":{"name":"Morante D\u00edaz, Mar\u00eda del Mar","@id":"https:\/\/aeeolica.org\/#\/schema\/person\/064b26f21f7ed52e0b3854e6b52f9772"},"headline":"Repotenciaci\u00f3n e\u00f3lica en la Pen\u00ednsula Ib\u00e9rica. An\u00e1lisis de Vector Renovables","datePublished":"2026-03-25T23:19:36+00:00","dateModified":"2026-03-25T23:19:37+00:00","mainEntityOfPage":{"@id":"https:\/\/aeeolica.org\/repotenciacion-eolica-en-la-peninsula-iberica-analisis-de-vector-renovables\/"},"wordCount":1285,"publisher":{"@id":"https:\/\/aeeolica.org\/#organization"},"image":{"@id":"https:\/\/aeeolica.org\/repotenciacion-eolica-en-la-peninsula-iberica-analisis-de-vector-renovables\/#primaryimage"},"thumbnailUrl":"https:\/\/aeeolica.org\/wp-content\/uploads\/2026\/03\/IMG_5592.jpg","articleSection":["Newsletter 30 Marzo 2026"],"inLanguage":"en-US"},{"@type":"WebPage","@id":"https:\/\/aeeolica.org\/repotenciacion-eolica-en-la-peninsula-iberica-analisis-de-vector-renovables\/","url":"https:\/\/aeeolica.org\/repotenciacion-eolica-en-la-peninsula-iberica-analisis-de-vector-renovables\/","name":"Repotenciaci\u00f3n e\u00f3lica en la Pen\u00ednsula Ib\u00e9rica. An\u00e1lisis de Vector Renovables - Asociaci\u00f3n Empresarial E\u00f3lica","isPartOf":{"@id":"https:\/\/aeeolica.org\/#website"},"primaryImageOfPage":{"@id":"https:\/\/aeeolica.org\/repotenciacion-eolica-en-la-peninsula-iberica-analisis-de-vector-renovables\/#primaryimage"},"image":{"@id":"https:\/\/aeeolica.org\/repotenciacion-eolica-en-la-peninsula-iberica-analisis-de-vector-renovables\/#primaryimage"},"thumbnailUrl":"https:\/\/aeeolica.org\/wp-content\/uploads\/2026\/03\/IMG_5592.jpg","datePublished":"2026-03-25T23:19:36+00:00","dateModified":"2026-03-25T23:19:37+00:00","breadcrumb":{"@id":"https:\/\/aeeolica.org\/repotenciacion-eolica-en-la-peninsula-iberica-analisis-de-vector-renovables\/#breadcrumb"},"inLanguage":"en-US","potentialAction":[{"@type":"ReadAction","target":["https:\/\/aeeolica.org\/repotenciacion-eolica-en-la-peninsula-iberica-analisis-de-vector-renovables\/"]}]},{"@type":"ImageObject","inLanguage":"en-US","@id":"https:\/\/aeeolica.org\/repotenciacion-eolica-en-la-peninsula-iberica-analisis-de-vector-renovables\/#primaryimage","url":"https:\/\/aeeolica.org\/wp-content\/uploads\/2026\/03\/IMG_5592.jpg","contentUrl":"https:\/\/aeeolica.org\/wp-content\/uploads\/2026\/03\/IMG_5592.jpg","width":2560,"height":1920},{"@type":"BreadcrumbList","@id":"https:\/\/aeeolica.org\/repotenciacion-eolica-en-la-peninsula-iberica-analisis-de-vector-renovables\/#breadcrumb","itemListElement":[{"@type":"ListItem","position":1,"name":"Portada","item":"https:\/\/aeeolica.org\/en\/inicio\/"},{"@type":"ListItem","position":2,"name":"Repotenciaci\u00f3n e\u00f3lica en la Pen\u00ednsula Ib\u00e9rica. An\u00e1lisis de Vector Renovables"}]},{"@type":"WebSite","@id":"https:\/\/aeeolica.org\/#website","url":"https:\/\/aeeolica.org\/","name":"Asociaci\u00f3n Empresarial E\u00f3lica","description":"AEE Asociaci\u00f3n Empresarial E\u00f3lica","publisher":{"@id":"https:\/\/aeeolica.org\/#organization"},"potentialAction":[{"@type":"SearchAction","target":{"@type":"EntryPoint","urlTemplate":"https:\/\/aeeolica.org\/?s={search_term_string}"},"query-input":{"@type":"PropertyValueSpecification","valueRequired":true,"valueName":"search_term_string"}}],"inLanguage":"en-US"},{"@type":"Organization","@id":"https:\/\/aeeolica.org\/#organization","name":"Asociaci\u00f3n Empresarial E\u00f3lica","url":"https:\/\/aeeolica.org\/","logo":{"@type":"ImageObject","inLanguage":"en-US","@id":"https:\/\/aeeolica.org\/#\/schema\/logo\/image\/","url":"https:\/\/aeeolica.org\/wp-content\/uploads\/2021\/08\/logo-aee.png","contentUrl":"https:\/\/aeeolica.org\/wp-content\/uploads\/2021\/08\/logo-aee.png","width":180,"height":78,"caption":"Asociaci\u00f3n Empresarial E\u00f3lica"},"image":{"@id":"https:\/\/aeeolica.org\/#\/schema\/logo\/image\/"},"sameAs":["https:\/\/www.facebook.com\/aeeolica","https:\/\/x.com\/aeeolica","https:\/\/www.instagram.com\/aeeolica\/","https:\/\/www.linkedin.com\/in\/aee-asociaci\u00f3n-empresarial-e\u00f3lica-6830946b\/","https:\/\/www.youtube.com\/user\/AEEolica"]},{"@type":"Person","@id":"https:\/\/aeeolica.org\/#\/schema\/person\/064b26f21f7ed52e0b3854e6b52f9772","name":"Morante D\u00edaz, Mar\u00eda del Mar","image":{"@type":"ImageObject","inLanguage":"en-US","@id":"https:\/\/secure.gravatar.com\/avatar\/8bfd23e1c4bf5aa0b9314f1c5c9d644e62672831e6a512513954c3f15dffdd5a?s=96&d=mm&r=g","url":"https:\/\/secure.gravatar.com\/avatar\/8bfd23e1c4bf5aa0b9314f1c5c9d644e62672831e6a512513954c3f15dffdd5a?s=96&d=mm&r=g","contentUrl":"https:\/\/secure.gravatar.com\/avatar\/8bfd23e1c4bf5aa0b9314f1c5c9d644e62672831e6a512513954c3f15dffdd5a?s=96&d=mm&r=g","caption":"Morante D\u00edaz, Mar\u00eda del Mar"},"url":"https:\/\/aeeolica.org\/en\/author\/mar\/"}]}},"_links":{"self":[{"href":"https:\/\/aeeolica.org\/en\/wp-json\/wp\/v2\/posts\/294268","targetHints":{"allow":["GET"]}}],"collection":[{"href":"https:\/\/aeeolica.org\/en\/wp-json\/wp\/v2\/posts"}],"about":[{"href":"https:\/\/aeeolica.org\/en\/wp-json\/wp\/v2\/types\/post"}],"author":[{"embeddable":true,"href":"https:\/\/aeeolica.org\/en\/wp-json\/wp\/v2\/users\/2"}],"replies":[{"embeddable":true,"href":"https:\/\/aeeolica.org\/en\/wp-json\/wp\/v2\/comments?post=294268"}],"version-history":[{"count":1,"href":"https:\/\/aeeolica.org\/en\/wp-json\/wp\/v2\/posts\/294268\/revisions"}],"predecessor-version":[{"id":294269,"href":"https:\/\/aeeolica.org\/en\/wp-json\/wp\/v2\/posts\/294268\/revisions\/294269"}],"wp:featuredmedia":[{"embeddable":true,"href":"https:\/\/aeeolica.org\/en\/wp-json\/wp\/v2\/media\/294264"}],"wp:attachment":[{"href":"https:\/\/aeeolica.org\/en\/wp-json\/wp\/v2\/media?parent=294268"}],"wp:term":[{"taxonomy":"category","embeddable":true,"href":"https:\/\/aeeolica.org\/en\/wp-json\/wp\/v2\/categories?post=294268"},{"taxonomy":"post_tag","embeddable":true,"href":"https:\/\/aeeolica.org\/en\/wp-json\/wp\/v2\/tags?post=294268"}],"curies":[{"name":"wp","href":"https:\/\/api.w.org\/{rel}","templated":true}]}}