{"id":294346,"date":"2026-03-27T00:56:31","date_gmt":"2026-03-26T23:56:31","guid":{"rendered":"https:\/\/aeeolica.org\/?p=294346"},"modified":"2026-03-27T00:56:33","modified_gmt":"2026-03-26T23:56:33","slug":"everllence-amplia-el-acceso-a-las-reparaciones-de-aerogeneradores-mediante-el-desarrollo-de-su-propia-red-global-de-especialistas","status":"publish","type":"post","link":"https:\/\/aeeolica.org\/en\/everllence-amplia-el-acceso-a-las-reparaciones-de-aerogeneradores-mediante-el-desarrollo-de-su-propia-red-global-de-especialistas\/","title":{"rendered":"Everllence ampl\u00eda el acceso a las reparaciones de aerogeneradores mediante el desarrollo de su propia red global de especialistas"},"content":{"rendered":"\n<p>Everllence (anteriormente MAN Energy Solutions), l\u00edder tecnol\u00f3gico en la descarbonizaci\u00f3n de la econom\u00eda global, est\u00e1 desarrollando una nueva l\u00ednea de servicios centrada en la reparaci\u00f3n de aerogeneradores directamente en altura (uptower).<br>Una parte clave de este desarrollo estrat\u00e9gico es reforzar la competencia t\u00e9cnica en todas las ubicaciones de servicio de la empresa a nivel mundial.<\/p>\n\n\n\n<p>La semana pasada, la empresa complet\u00f3 el primer curso de cinco d\u00edas <strong>Wind Turbines Technical Awareness Training<\/strong> para ingenieros en el reci\u00e9n creado <strong>centro global de PrimeServ Wind en Valencia, Espa\u00f1a<\/strong>.<br>Este programa representa el primer paso hacia la creaci\u00f3n de una red de ingenier\u00eda m\u00e1s escalable y unificada en todas las regiones.<\/p>\n\n\n\n<p><strong>PrimeServ Wind: impulsando soluciones de servicio para la industria e\u00f3lica<\/strong><\/p>\n\n\n\n<p>PrimeServ Wind \u2014 la divisi\u00f3n especializada de Everllence dedicada al sector e\u00f3lico \u2014 ofrece servicios de mecanizado en altura, soldadura, recuperaci\u00f3n de componentes y reparaciones in situ que ayudan a los operadores a reducir el tiempo de inactividad, prolongar la vida \u00fatil de las turbinas y evitar sustituciones costosas de grandes componentes.<\/p>\n\n\n\n<p>La empresa ha colaborado durante varios a\u00f1os con los principales actores del sector e\u00f3lico, apoyando a los fabricantes (OEM) en el cumplimiento de sus obligaciones de garant\u00eda y reduciendo al m\u00ednimo las paradas de las turbinas.<\/p>\n\n\n\n<p>Este a\u00f1o, la l\u00ednea de servicios e\u00f3licos ha recibido un nuevo impulso estrat\u00e9gico: las tecnolog\u00edas de reparaci\u00f3n y el conocimiento t\u00e9cnico se est\u00e1n transfiriendo ahora a las <strong>m\u00e1s de 140 unidades de servicio de la empresa en todo el mundo<\/strong>, lo que permite acortar los plazos de reparaci\u00f3n y reducir los costes para los clientes.<\/p>\n\n\n\n<p><strong>\u00bfPor qu\u00e9 Valencia? Un centro estrat\u00e9gico para las operaciones e\u00f3licas globales<\/strong><\/p>\n\n\n\n<p>El centro global de PrimeServ Wind se estableci\u00f3 en <strong>Valencia<\/strong>, reflejando el papel de Espa\u00f1a como uno de los mercados e\u00f3licos m\u00e1s importantes y maduros del mundo.<\/p>\n\n\n\n<p>La regi\u00f3n ofrece una combinaci\u00f3n de s\u00f3lida infraestructura industrial, una amplia comunidad de operadores de parques e\u00f3licos y un alto nivel de competencia t\u00e9cnica.<br>Esto convierte a Valencia en el lugar ideal para coordinar operaciones de servicio internacionales y formar a la pr\u00f3xima generaci\u00f3n de especialistas en reparaciones uptower.<\/p>\n\n\n\n<p><strong>Desarrollo de la Academia global de PrimeServ Wind<\/strong><\/p>\n\n\n\n<p>Una de las funciones clave del centro de Valencia es la creaci\u00f3n de la <strong>Wind Academy<\/strong> global, donde ingenieros de todas las regiones recibir\u00e1n formaci\u00f3n en las \u00e1reas principales de servicio de PrimeServ Wind, incluidas:<\/p>\n\n\n\n<ul class=\"wp-block-list\">\n<li>mecanizado y restauraci\u00f3n de componentes principales,<\/li>\n\n\n\n<li>reparaciones de soldadura y estructurales,<\/li>\n\n\n\n<li>inspecciones y evaluaci\u00f3n de condici\u00f3n.<\/li>\n<\/ul>\n\n\n\n<p>El objetivo de la Academia es formar un n\u00famero suficiente de especialistas en todo el mundo capaces de ofrecer el mismo nivel de calidad, seguridad y precisi\u00f3n en todas las regiones donde opera PrimeServ Wind.<\/p>\n\n\n\n<p><strong>Sobre el primer programa de formaci\u00f3n<\/strong><\/p>\n\n\n\n<p>El programa piloto en Valencia fue un curso intensivo de cinco d\u00edas dise\u00f1ado para desarrollar una nueva generaci\u00f3n de especialistas de PrimeServ Wind.<\/p>\n\n\n\n<p>Ingenieros de <strong>Australia, Sud\u00e1frica, Brasil e India<\/strong> trabajaron con componentes reales, herramientas y maquetas de entrenamiento, estudiando t\u00e9cnicas de mecanizado como <strong>shaft machining, bolt recovery, yaw ring polishing<\/strong>, entre otras utilizadas en operaciones reales de reparaci\u00f3n en altura.<\/p>\n\n\n\n<p>El programa proporcion\u00f3 a los participantes:<\/p>\n\n\n\n<ul class=\"wp-block-list\">\n<li>una comprensi\u00f3n unificada de la filosof\u00eda de reparaci\u00f3n de PrimeServ Wind;<\/li>\n\n\n\n<li>experiencia pr\u00e1ctica muy cercana a las condiciones reales de campo;<\/li>\n\n\n\n<li>confianza para realizar reparaciones uptower aprobadas por los OEM;<\/li>\n\n\n\n<li>habilidades que permiten una respuesta local m\u00e1s r\u00e1pida y una menor dependencia del apoyo externo.<\/li>\n<\/ul>\n\n\n\n<p>La formaci\u00f3n conjunta permite que los equipos de ingenier\u00eda de todas las regiones adopten un lenguaje t\u00e9cnico com\u00fan y est\u00e1ndares de trabajo compartidos.<\/p>\n\n\n\n<p><strong>Impacto en la red global<\/strong><\/p>\n\n\n\n<p>Para los clientes, los beneficios son claros:<br>una red de ingenier\u00eda m\u00e1s s\u00f3lida y distribuida, capaz de responder con mayor rapidez y ofrecer reparaciones de alta calidad de forma consistente en cualquier parte del mundo.<\/p>\n\n\n\n<ul class=\"wp-block-list\">\n<li>Cada ingeniero que completa la formaci\u00f3n refuerza la capacidad local.<\/li>\n\n\n\n<li>Cada nueva competencia reduce el tiempo de inactividad de las turbinas.<\/li>\n\n\n\n<li>Cada est\u00e1ndar compartido eleva la calidad global del servicio.<\/li>\n<\/ul>\n\n\n\n<p>Esta iniciativa forma parte de la transformaci\u00f3n m\u00e1s amplia de PrimeServ Wind hacia un rol de socio global en la recuperaci\u00f3n de componentes uptower.<\/p>\n\n\n\n<p><strong>Mirando hacia el futuro<\/strong><\/p>\n\n\n\n<p>El centro de Valencia seguir\u00e1 ampliando su papel como eje clave en el desarrollo de competencias.<br>PrimeServ Wind planea continuar la expansi\u00f3n de la <strong>Wind Academy<\/strong>, incorporando m\u00f3dulos avanzados, nuevas disciplinas de servicio y programas de formaci\u00f3n peri\u00f3dicos para ingenieros de todas las regiones.<\/p>\n\n\n\n<p>A medida que crece la demanda de reparaciones uptower, la Academia ser\u00e1 esencial para garantizar la disponibilidad global de expertos altamente capacitados.<\/p>\n\n\n\n<p><a id=\"_msocom_1\"><\/a><\/p>\n","protected":false},"excerpt":{"rendered":"<p>Everllence (anteriormente MAN Energy Solutions), l\u00edder tecnol\u00f3gico en la descarbonizaci\u00f3n de la econom\u00eda global, est\u00e1 desarrollando una nueva l\u00ednea de servicios centrada en la reparaci\u00f3n de aerogeneradores directamente en altura [&hellip;]<\/p>\n","protected":false},"author":2,"featured_media":294344,"comment_status":"closed","ping_status":"open","sticky":false,"template":"","format":"standard","meta":{"_acf_changed":false,"_bbp_topic_count":0,"_bbp_reply_count":0,"_bbp_total_topic_count":0,"_bbp_total_reply_count":0,"_bbp_voice_count":0,"_bbp_anonymous_reply_count":0,"_bbp_topic_count_hidden":0,"_bbp_reply_count_hidden":0,"_bbp_forum_subforum_count":0,"_et_pb_use_builder":"","_et_pb_old_content":"","_et_gb_content_width":"","footnotes":""},"categories":[546],"tags":[],"class_list":["post-294346","post","type-post","status-publish","format-standard","has-post-thumbnail","hentry","category-newsletter-30-marzo-2026"],"acf":[],"yoast_head":"<!-- This site is optimized with the Yoast SEO plugin v27.4 - https:\/\/yoast.com\/product\/yoast-seo-wordpress\/ -->\n<title>Everllence ampl\u00eda el acceso a las reparaciones de aerogeneradores mediante el desarrollo de su propia red global de especialistas - Asociaci\u00f3n Empresarial E\u00f3lica<\/title>\n<meta name=\"robots\" content=\"index, follow, max-snippet:-1, max-image-preview:large, max-video-preview:-1\" \/>\n<link rel=\"canonical\" href=\"https:\/\/aeeolica.org\/everllence-amplia-el-acceso-a-las-reparaciones-de-aerogeneradores-mediante-el-desarrollo-de-su-propia-red-global-de-especialistas\/\" \/>\n<meta property=\"og:locale\" content=\"en_US\" \/>\n<meta property=\"og:type\" content=\"article\" \/>\n<meta property=\"og:title\" content=\"Everllence ampl\u00eda el acceso a las reparaciones de aerogeneradores mediante el desarrollo de su propia red global de especialistas - Asociaci\u00f3n Empresarial E\u00f3lica\" \/>\n<meta property=\"og:description\" content=\"Everllence (anteriormente MAN Energy Solutions), l\u00edder tecnol\u00f3gico en la descarbonizaci\u00f3n de la econom\u00eda global, est\u00e1 desarrollando una nueva l\u00ednea de servicios centrada en la reparaci\u00f3n de aerogeneradores directamente en altura [&hellip;]\" \/>\n<meta property=\"og:url\" content=\"https:\/\/aeeolica.org\/everllence-amplia-el-acceso-a-las-reparaciones-de-aerogeneradores-mediante-el-desarrollo-de-su-propia-red-global-de-especialistas\/\" \/>\n<meta property=\"og:site_name\" content=\"Asociaci\u00f3n Empresarial E\u00f3lica\" \/>\n<meta property=\"article:publisher\" content=\"https:\/\/www.facebook.com\/aeeolica\" \/>\n<meta property=\"article:published_time\" content=\"2026-03-26T23:56:31+00:00\" \/>\n<meta property=\"article:modified_time\" content=\"2026-03-26T23:56:33+00:00\" \/>\n<meta property=\"og:image\" content=\"https:\/\/aeeolica.org\/wp-content\/uploads\/2026\/03\/Image-2.jpg\" \/>\n\t<meta property=\"og:image:width\" content=\"768\" \/>\n\t<meta property=\"og:image:height\" content=\"1024\" \/>\n\t<meta property=\"og:image:type\" content=\"image\/jpeg\" \/>\n<meta name=\"author\" content=\"Morante D\u00edaz, Mar\u00eda del Mar\" \/>\n<meta name=\"twitter:card\" content=\"summary_large_image\" \/>\n<meta name=\"twitter:creator\" content=\"@aeeolica\" \/>\n<meta name=\"twitter:site\" content=\"@aeeolica\" \/>\n<meta name=\"twitter:label1\" content=\"Written by\" \/>\n\t<meta name=\"twitter:data1\" content=\"Morante D\u00edaz, Mar\u00eda del Mar\" \/>\n\t<meta name=\"twitter:label2\" content=\"Est. reading time\" \/>\n\t<meta name=\"twitter:data2\" content=\"4 minutes\" \/>\n<script type=\"application\/ld+json\" class=\"yoast-schema-graph\">{\"@context\":\"https:\\\/\\\/schema.org\",\"@graph\":[{\"@type\":\"Article\",\"@id\":\"https:\\\/\\\/aeeolica.org\\\/everllence-amplia-el-acceso-a-las-reparaciones-de-aerogeneradores-mediante-el-desarrollo-de-su-propia-red-global-de-especialistas\\\/#article\",\"isPartOf\":{\"@id\":\"https:\\\/\\\/aeeolica.org\\\/everllence-amplia-el-acceso-a-las-reparaciones-de-aerogeneradores-mediante-el-desarrollo-de-su-propia-red-global-de-especialistas\\\/\"},\"author\":{\"name\":\"Morante D\u00edaz, Mar\u00eda del Mar\",\"@id\":\"https:\\\/\\\/aeeolica.org\\\/#\\\/schema\\\/person\\\/064b26f21f7ed52e0b3854e6b52f9772\"},\"headline\":\"Everllence ampl\u00eda el acceso a las reparaciones de aerogeneradores mediante el desarrollo de su propia red global de especialistas\",\"datePublished\":\"2026-03-26T23:56:31+00:00\",\"dateModified\":\"2026-03-26T23:56:33+00:00\",\"mainEntityOfPage\":{\"@id\":\"https:\\\/\\\/aeeolica.org\\\/everllence-amplia-el-acceso-a-las-reparaciones-de-aerogeneradores-mediante-el-desarrollo-de-su-propia-red-global-de-especialistas\\\/\"},\"wordCount\":846,\"publisher\":{\"@id\":\"https:\\\/\\\/aeeolica.org\\\/#organization\"},\"image\":{\"@id\":\"https:\\\/\\\/aeeolica.org\\\/everllence-amplia-el-acceso-a-las-reparaciones-de-aerogeneradores-mediante-el-desarrollo-de-su-propia-red-global-de-especialistas\\\/#primaryimage\"},\"thumbnailUrl\":\"https:\\\/\\\/aeeolica.org\\\/wp-content\\\/uploads\\\/2026\\\/03\\\/Image-2.jpg\",\"articleSection\":[\"Newsletter 30 Marzo 2026\"],\"inLanguage\":\"en-US\"},{\"@type\":\"WebPage\",\"@id\":\"https:\\\/\\\/aeeolica.org\\\/everllence-amplia-el-acceso-a-las-reparaciones-de-aerogeneradores-mediante-el-desarrollo-de-su-propia-red-global-de-especialistas\\\/\",\"url\":\"https:\\\/\\\/aeeolica.org\\\/everllence-amplia-el-acceso-a-las-reparaciones-de-aerogeneradores-mediante-el-desarrollo-de-su-propia-red-global-de-especialistas\\\/\",\"name\":\"Everllence ampl\u00eda el acceso a las reparaciones de aerogeneradores mediante el desarrollo de su propia red global de especialistas - Asociaci\u00f3n Empresarial E\u00f3lica\",\"isPartOf\":{\"@id\":\"https:\\\/\\\/aeeolica.org\\\/#website\"},\"primaryImageOfPage\":{\"@id\":\"https:\\\/\\\/aeeolica.org\\\/everllence-amplia-el-acceso-a-las-reparaciones-de-aerogeneradores-mediante-el-desarrollo-de-su-propia-red-global-de-especialistas\\\/#primaryimage\"},\"image\":{\"@id\":\"https:\\\/\\\/aeeolica.org\\\/everllence-amplia-el-acceso-a-las-reparaciones-de-aerogeneradores-mediante-el-desarrollo-de-su-propia-red-global-de-especialistas\\\/#primaryimage\"},\"thumbnailUrl\":\"https:\\\/\\\/aeeolica.org\\\/wp-content\\\/uploads\\\/2026\\\/03\\\/Image-2.jpg\",\"datePublished\":\"2026-03-26T23:56:31+00:00\",\"dateModified\":\"2026-03-26T23:56:33+00:00\",\"breadcrumb\":{\"@id\":\"https:\\\/\\\/aeeolica.org\\\/everllence-amplia-el-acceso-a-las-reparaciones-de-aerogeneradores-mediante-el-desarrollo-de-su-propia-red-global-de-especialistas\\\/#breadcrumb\"},\"inLanguage\":\"en-US\",\"potentialAction\":[{\"@type\":\"ReadAction\",\"target\":[\"https:\\\/\\\/aeeolica.org\\\/everllence-amplia-el-acceso-a-las-reparaciones-de-aerogeneradores-mediante-el-desarrollo-de-su-propia-red-global-de-especialistas\\\/\"]}]},{\"@type\":\"ImageObject\",\"inLanguage\":\"en-US\",\"@id\":\"https:\\\/\\\/aeeolica.org\\\/everllence-amplia-el-acceso-a-las-reparaciones-de-aerogeneradores-mediante-el-desarrollo-de-su-propia-red-global-de-especialistas\\\/#primaryimage\",\"url\":\"https:\\\/\\\/aeeolica.org\\\/wp-content\\\/uploads\\\/2026\\\/03\\\/Image-2.jpg\",\"contentUrl\":\"https:\\\/\\\/aeeolica.org\\\/wp-content\\\/uploads\\\/2026\\\/03\\\/Image-2.jpg\",\"width\":768,\"height\":1024},{\"@type\":\"BreadcrumbList\",\"@id\":\"https:\\\/\\\/aeeolica.org\\\/everllence-amplia-el-acceso-a-las-reparaciones-de-aerogeneradores-mediante-el-desarrollo-de-su-propia-red-global-de-especialistas\\\/#breadcrumb\",\"itemListElement\":[{\"@type\":\"ListItem\",\"position\":1,\"name\":\"Portada\",\"item\":\"https:\\\/\\\/aeeolica.org\\\/en\\\/inicio\\\/\"},{\"@type\":\"ListItem\",\"position\":2,\"name\":\"Everllence ampl\u00eda el acceso a las reparaciones de aerogeneradores mediante el desarrollo de su propia red global de especialistas\"}]},{\"@type\":\"WebSite\",\"@id\":\"https:\\\/\\\/aeeolica.org\\\/#website\",\"url\":\"https:\\\/\\\/aeeolica.org\\\/\",\"name\":\"Asociaci\u00f3n Empresarial E\u00f3lica\",\"description\":\"AEE Asociaci\u00f3n Empresarial E\u00f3lica\",\"publisher\":{\"@id\":\"https:\\\/\\\/aeeolica.org\\\/#organization\"},\"potentialAction\":[{\"@type\":\"SearchAction\",\"target\":{\"@type\":\"EntryPoint\",\"urlTemplate\":\"https:\\\/\\\/aeeolica.org\\\/?s={search_term_string}\"},\"query-input\":{\"@type\":\"PropertyValueSpecification\",\"valueRequired\":true,\"valueName\":\"search_term_string\"}}],\"inLanguage\":\"en-US\"},{\"@type\":\"Organization\",\"@id\":\"https:\\\/\\\/aeeolica.org\\\/#organization\",\"name\":\"Asociaci\u00f3n Empresarial E\u00f3lica\",\"url\":\"https:\\\/\\\/aeeolica.org\\\/\",\"logo\":{\"@type\":\"ImageObject\",\"inLanguage\":\"en-US\",\"@id\":\"https:\\\/\\\/aeeolica.org\\\/#\\\/schema\\\/logo\\\/image\\\/\",\"url\":\"https:\\\/\\\/aeeolica.org\\\/wp-content\\\/uploads\\\/2021\\\/08\\\/logo-aee.png\",\"contentUrl\":\"https:\\\/\\\/aeeolica.org\\\/wp-content\\\/uploads\\\/2021\\\/08\\\/logo-aee.png\",\"width\":180,\"height\":78,\"caption\":\"Asociaci\u00f3n Empresarial E\u00f3lica\"},\"image\":{\"@id\":\"https:\\\/\\\/aeeolica.org\\\/#\\\/schema\\\/logo\\\/image\\\/\"},\"sameAs\":[\"https:\\\/\\\/www.facebook.com\\\/aeeolica\",\"https:\\\/\\\/x.com\\\/aeeolica\",\"https:\\\/\\\/www.instagram.com\\\/aeeolica\\\/\",\"https:\\\/\\\/www.linkedin.com\\\/in\\\/aee-asociaci\u00f3n-empresarial-e\u00f3lica-6830946b\\\/\",\"https:\\\/\\\/www.youtube.com\\\/user\\\/AEEolica\"]},{\"@type\":\"Person\",\"@id\":\"https:\\\/\\\/aeeolica.org\\\/#\\\/schema\\\/person\\\/064b26f21f7ed52e0b3854e6b52f9772\",\"name\":\"Morante D\u00edaz, Mar\u00eda del Mar\",\"image\":{\"@type\":\"ImageObject\",\"inLanguage\":\"en-US\",\"@id\":\"https:\\\/\\\/secure.gravatar.com\\\/avatar\\\/8bfd23e1c4bf5aa0b9314f1c5c9d644e62672831e6a512513954c3f15dffdd5a?s=96&d=mm&r=g\",\"url\":\"https:\\\/\\\/secure.gravatar.com\\\/avatar\\\/8bfd23e1c4bf5aa0b9314f1c5c9d644e62672831e6a512513954c3f15dffdd5a?s=96&d=mm&r=g\",\"contentUrl\":\"https:\\\/\\\/secure.gravatar.com\\\/avatar\\\/8bfd23e1c4bf5aa0b9314f1c5c9d644e62672831e6a512513954c3f15dffdd5a?s=96&d=mm&r=g\",\"caption\":\"Morante D\u00edaz, Mar\u00eda del Mar\"},\"url\":\"https:\\\/\\\/aeeolica.org\\\/en\\\/author\\\/mar\\\/\"}]}<\/script>\n<!-- \/ Yoast SEO plugin. -->","yoast_head_json":{"title":"Everllence ampl\u00eda el acceso a las reparaciones de aerogeneradores mediante el desarrollo de su propia red global de especialistas - Asociaci\u00f3n Empresarial E\u00f3lica","robots":{"index":"index","follow":"follow","max-snippet":"max-snippet:-1","max-image-preview":"max-image-preview:large","max-video-preview":"max-video-preview:-1"},"canonical":"https:\/\/aeeolica.org\/everllence-amplia-el-acceso-a-las-reparaciones-de-aerogeneradores-mediante-el-desarrollo-de-su-propia-red-global-de-especialistas\/","og_locale":"en_US","og_type":"article","og_title":"Everllence ampl\u00eda el acceso a las reparaciones de aerogeneradores mediante el desarrollo de su propia red global de especialistas - Asociaci\u00f3n Empresarial E\u00f3lica","og_description":"Everllence (anteriormente MAN Energy Solutions), l\u00edder tecnol\u00f3gico en la descarbonizaci\u00f3n de la econom\u00eda global, est\u00e1 desarrollando una nueva l\u00ednea de servicios centrada en la reparaci\u00f3n de aerogeneradores directamente en altura [&hellip;]","og_url":"https:\/\/aeeolica.org\/everllence-amplia-el-acceso-a-las-reparaciones-de-aerogeneradores-mediante-el-desarrollo-de-su-propia-red-global-de-especialistas\/","og_site_name":"Asociaci\u00f3n Empresarial E\u00f3lica","article_publisher":"https:\/\/www.facebook.com\/aeeolica","article_published_time":"2026-03-26T23:56:31+00:00","article_modified_time":"2026-03-26T23:56:33+00:00","og_image":[{"width":768,"height":1024,"url":"https:\/\/aeeolica.org\/wp-content\/uploads\/2026\/03\/Image-2.jpg","type":"image\/jpeg"}],"author":"Morante D\u00edaz, Mar\u00eda del Mar","twitter_card":"summary_large_image","twitter_creator":"@aeeolica","twitter_site":"@aeeolica","twitter_misc":{"Written by":"Morante D\u00edaz, Mar\u00eda del Mar","Est. reading time":"4 minutes"},"schema":{"@context":"https:\/\/schema.org","@graph":[{"@type":"Article","@id":"https:\/\/aeeolica.org\/everllence-amplia-el-acceso-a-las-reparaciones-de-aerogeneradores-mediante-el-desarrollo-de-su-propia-red-global-de-especialistas\/#article","isPartOf":{"@id":"https:\/\/aeeolica.org\/everllence-amplia-el-acceso-a-las-reparaciones-de-aerogeneradores-mediante-el-desarrollo-de-su-propia-red-global-de-especialistas\/"},"author":{"name":"Morante D\u00edaz, Mar\u00eda del Mar","@id":"https:\/\/aeeolica.org\/#\/schema\/person\/064b26f21f7ed52e0b3854e6b52f9772"},"headline":"Everllence ampl\u00eda el acceso a las reparaciones de aerogeneradores mediante el desarrollo de su propia red global de especialistas","datePublished":"2026-03-26T23:56:31+00:00","dateModified":"2026-03-26T23:56:33+00:00","mainEntityOfPage":{"@id":"https:\/\/aeeolica.org\/everllence-amplia-el-acceso-a-las-reparaciones-de-aerogeneradores-mediante-el-desarrollo-de-su-propia-red-global-de-especialistas\/"},"wordCount":846,"publisher":{"@id":"https:\/\/aeeolica.org\/#organization"},"image":{"@id":"https:\/\/aeeolica.org\/everllence-amplia-el-acceso-a-las-reparaciones-de-aerogeneradores-mediante-el-desarrollo-de-su-propia-red-global-de-especialistas\/#primaryimage"},"thumbnailUrl":"https:\/\/aeeolica.org\/wp-content\/uploads\/2026\/03\/Image-2.jpg","articleSection":["Newsletter 30 Marzo 2026"],"inLanguage":"en-US"},{"@type":"WebPage","@id":"https:\/\/aeeolica.org\/everllence-amplia-el-acceso-a-las-reparaciones-de-aerogeneradores-mediante-el-desarrollo-de-su-propia-red-global-de-especialistas\/","url":"https:\/\/aeeolica.org\/everllence-amplia-el-acceso-a-las-reparaciones-de-aerogeneradores-mediante-el-desarrollo-de-su-propia-red-global-de-especialistas\/","name":"Everllence ampl\u00eda el acceso a las reparaciones de aerogeneradores mediante el desarrollo de su propia red global de especialistas - Asociaci\u00f3n Empresarial E\u00f3lica","isPartOf":{"@id":"https:\/\/aeeolica.org\/#website"},"primaryImageOfPage":{"@id":"https:\/\/aeeolica.org\/everllence-amplia-el-acceso-a-las-reparaciones-de-aerogeneradores-mediante-el-desarrollo-de-su-propia-red-global-de-especialistas\/#primaryimage"},"image":{"@id":"https:\/\/aeeolica.org\/everllence-amplia-el-acceso-a-las-reparaciones-de-aerogeneradores-mediante-el-desarrollo-de-su-propia-red-global-de-especialistas\/#primaryimage"},"thumbnailUrl":"https:\/\/aeeolica.org\/wp-content\/uploads\/2026\/03\/Image-2.jpg","datePublished":"2026-03-26T23:56:31+00:00","dateModified":"2026-03-26T23:56:33+00:00","breadcrumb":{"@id":"https:\/\/aeeolica.org\/everllence-amplia-el-acceso-a-las-reparaciones-de-aerogeneradores-mediante-el-desarrollo-de-su-propia-red-global-de-especialistas\/#breadcrumb"},"inLanguage":"en-US","potentialAction":[{"@type":"ReadAction","target":["https:\/\/aeeolica.org\/everllence-amplia-el-acceso-a-las-reparaciones-de-aerogeneradores-mediante-el-desarrollo-de-su-propia-red-global-de-especialistas\/"]}]},{"@type":"ImageObject","inLanguage":"en-US","@id":"https:\/\/aeeolica.org\/everllence-amplia-el-acceso-a-las-reparaciones-de-aerogeneradores-mediante-el-desarrollo-de-su-propia-red-global-de-especialistas\/#primaryimage","url":"https:\/\/aeeolica.org\/wp-content\/uploads\/2026\/03\/Image-2.jpg","contentUrl":"https:\/\/aeeolica.org\/wp-content\/uploads\/2026\/03\/Image-2.jpg","width":768,"height":1024},{"@type":"BreadcrumbList","@id":"https:\/\/aeeolica.org\/everllence-amplia-el-acceso-a-las-reparaciones-de-aerogeneradores-mediante-el-desarrollo-de-su-propia-red-global-de-especialistas\/#breadcrumb","itemListElement":[{"@type":"ListItem","position":1,"name":"Portada","item":"https:\/\/aeeolica.org\/en\/inicio\/"},{"@type":"ListItem","position":2,"name":"Everllence ampl\u00eda el acceso a las reparaciones de aerogeneradores mediante el desarrollo de su propia red global de especialistas"}]},{"@type":"WebSite","@id":"https:\/\/aeeolica.org\/#website","url":"https:\/\/aeeolica.org\/","name":"Asociaci\u00f3n Empresarial E\u00f3lica","description":"AEE Asociaci\u00f3n Empresarial E\u00f3lica","publisher":{"@id":"https:\/\/aeeolica.org\/#organization"},"potentialAction":[{"@type":"SearchAction","target":{"@type":"EntryPoint","urlTemplate":"https:\/\/aeeolica.org\/?s={search_term_string}"},"query-input":{"@type":"PropertyValueSpecification","valueRequired":true,"valueName":"search_term_string"}}],"inLanguage":"en-US"},{"@type":"Organization","@id":"https:\/\/aeeolica.org\/#organization","name":"Asociaci\u00f3n Empresarial E\u00f3lica","url":"https:\/\/aeeolica.org\/","logo":{"@type":"ImageObject","inLanguage":"en-US","@id":"https:\/\/aeeolica.org\/#\/schema\/logo\/image\/","url":"https:\/\/aeeolica.org\/wp-content\/uploads\/2021\/08\/logo-aee.png","contentUrl":"https:\/\/aeeolica.org\/wp-content\/uploads\/2021\/08\/logo-aee.png","width":180,"height":78,"caption":"Asociaci\u00f3n Empresarial E\u00f3lica"},"image":{"@id":"https:\/\/aeeolica.org\/#\/schema\/logo\/image\/"},"sameAs":["https:\/\/www.facebook.com\/aeeolica","https:\/\/x.com\/aeeolica","https:\/\/www.instagram.com\/aeeolica\/","https:\/\/www.linkedin.com\/in\/aee-asociaci\u00f3n-empresarial-e\u00f3lica-6830946b\/","https:\/\/www.youtube.com\/user\/AEEolica"]},{"@type":"Person","@id":"https:\/\/aeeolica.org\/#\/schema\/person\/064b26f21f7ed52e0b3854e6b52f9772","name":"Morante D\u00edaz, Mar\u00eda del Mar","image":{"@type":"ImageObject","inLanguage":"en-US","@id":"https:\/\/secure.gravatar.com\/avatar\/8bfd23e1c4bf5aa0b9314f1c5c9d644e62672831e6a512513954c3f15dffdd5a?s=96&d=mm&r=g","url":"https:\/\/secure.gravatar.com\/avatar\/8bfd23e1c4bf5aa0b9314f1c5c9d644e62672831e6a512513954c3f15dffdd5a?s=96&d=mm&r=g","contentUrl":"https:\/\/secure.gravatar.com\/avatar\/8bfd23e1c4bf5aa0b9314f1c5c9d644e62672831e6a512513954c3f15dffdd5a?s=96&d=mm&r=g","caption":"Morante D\u00edaz, Mar\u00eda del Mar"},"url":"https:\/\/aeeolica.org\/en\/author\/mar\/"}]}},"_links":{"self":[{"href":"https:\/\/aeeolica.org\/en\/wp-json\/wp\/v2\/posts\/294346","targetHints":{"allow":["GET"]}}],"collection":[{"href":"https:\/\/aeeolica.org\/en\/wp-json\/wp\/v2\/posts"}],"about":[{"href":"https:\/\/aeeolica.org\/en\/wp-json\/wp\/v2\/types\/post"}],"author":[{"embeddable":true,"href":"https:\/\/aeeolica.org\/en\/wp-json\/wp\/v2\/users\/2"}],"replies":[{"embeddable":true,"href":"https:\/\/aeeolica.org\/en\/wp-json\/wp\/v2\/comments?post=294346"}],"version-history":[{"count":1,"href":"https:\/\/aeeolica.org\/en\/wp-json\/wp\/v2\/posts\/294346\/revisions"}],"predecessor-version":[{"id":294347,"href":"https:\/\/aeeolica.org\/en\/wp-json\/wp\/v2\/posts\/294346\/revisions\/294347"}],"wp:featuredmedia":[{"embeddable":true,"href":"https:\/\/aeeolica.org\/en\/wp-json\/wp\/v2\/media\/294344"}],"wp:attachment":[{"href":"https:\/\/aeeolica.org\/en\/wp-json\/wp\/v2\/media?parent=294346"}],"wp:term":[{"taxonomy":"category","embeddable":true,"href":"https:\/\/aeeolica.org\/en\/wp-json\/wp\/v2\/categories?post=294346"},{"taxonomy":"post_tag","embeddable":true,"href":"https:\/\/aeeolica.org\/en\/wp-json\/wp\/v2\/tags?post=294346"}],"curies":[{"name":"wp","href":"https:\/\/api.w.org\/{rel}","templated":true}]}}