{"id":294350,"date":"2026-03-27T01:02:24","date_gmt":"2026-03-27T00:02:24","guid":{"rendered":"https:\/\/aeeolica.org\/?p=294350"},"modified":"2026-03-27T01:02:25","modified_gmt":"2026-03-27T00:02:25","slug":"los-convertidores-eolicos-de-baja-tension-ganan-relevancia-en-la-siguiente-generacion-de-aerogeneradores","status":"publish","type":"post","link":"https:\/\/aeeolica.org\/en\/los-convertidores-eolicos-de-baja-tension-ganan-relevancia-en-la-siguiente-generacion-de-aerogeneradores\/","title":{"rendered":"Los convertidores e\u00f3licos de baja tensi\u00f3n ganan relevancia en la siguiente generaci\u00f3n de aerogeneradores"},"content":{"rendered":"\n<ul class=\"wp-block-list\">\n<li>Los avances en semiconductores y en el dise\u00f1o de sistemas permiten escalar arquitecturas de baja tension y alta potencia.<\/li>\n<\/ul>\n\n\n\n<p>A medida que la potencia nominal de los aerogeneradores contin\u00faa aumentando, la arquitectura del sistema el\u00e9ctrico se ha convertido en un factor clave de dise\u00f1o para los fabricantes de equipos originales u OEMs (OEM: <em>Original Equipment Manufacturer<\/em>). Si bien las soluciones de convertidores de media tensi\u00f3n han dominado tradicionalmente las plataformas de alta potencia, los recientes avances en las tecnolog\u00edas de semiconductores est\u00e1n permitiendo soluciones de convertidores de baja tensi\u00f3n con potencias superiores a 10 MW.<\/p>\n\n\n\n<p>Ingeteam comparte su enfoque t\u00e9cnico para el dise\u00f1o de convertidores de baja tensi\u00f3n para aerogeneradores de nueva generaci\u00f3n, centr\u00e1ndose en c\u00f3mo los encapsulados de semiconductores modernos, las arquitecturas modulares y la optimizaci\u00f3n a nivel de sistema permiten una alta densidad energ\u00e9tica, dise\u00f1os de f\u00e1cil mantenimiento y fiabilidad a largo plazo.<\/p>\n\n\n\n<p>Los elementos clave del dise\u00f1o incluyen electr\u00f3nica de potencia modular, sistemas de control y protecci\u00f3n validados, y electr\u00f3nica de control preparada para la ciberseguridad, conforme a los requisitos de la norma IEC 62443. En conjunto, estas caracter\u00edsticas facilitan la integraci\u00f3n de <em>nacelles<\/em> compactas, el cumplimiento de los exigentes c\u00f3digos de red y la reducci\u00f3n del riesgo operativo en aplicaciones tanto terrestres (onshore) como mar\u00edtimas (offshore).<\/p>\n\n\n\n<p>Un aspecto central de este enfoque es la optimizaci\u00f3n a nivel de sistema. Al dise\u00f1ar generadores y convertidores como parte de un sistema el\u00e9ctrico integrado, manteniendo la compatibilidad con diferentes tecnolog\u00edas de generadores, los fabricantes de equipos originales (OEMs) pueden optimizar los niveles de corriente y tensi\u00f3n, gestionar las limitaciones de los semiconductores y mantener la flexibilidad para responder a las cambiantes estrategias de la plataforma y la cadena de suministro.<\/p>\n\n\n\n<p>\u201cEl debate ya no se limita a media tensi\u00f3n frente a baja tensi\u00f3n, sino a c\u00f3mo dise\u00f1ar sistemas el\u00e9ctricos escalables, con buen mantenimiento y preparados para el futuro\u201d, afirm\u00f3 Alberto Barcia, Director de la Unidad de Negocio Wind Systems de Ingeteam. \u201cLos avances en la tecnolog\u00eda de semiconductores permiten que las soluciones de convertidores de baja tensi\u00f3n desempe\u00f1en un papel mucho m\u00e1s importante en las arquitecturas de aerogeneradores de alta potencia\u201d.<\/p>\n\n\n\n<p>M\u00e1s informaci\u00f3n sobre el dise\u00f1o de sistemas el\u00e9ctricos para aerogeneradores de alta potencia disponible <a href=\"https:\/\/hubs.li\/Q044P3030\">aqu\u00ed<\/a>.<\/p>\n\n\n\n<p><strong>Sobre Ingeteam<\/strong><\/p>\n\n\n\n<p>Ingeteam est\u00e1 formado por un equipo de m\u00e1s de 3.800 personas en 15 pa\u00edses, con 85 a\u00f1os de experiencia aportando soluciones para electrificar la sociedad de forma innovadora y sostenible, a trav\u00e9s de tecnolog\u00eda puntera especializada en la conversi\u00f3n de energ\u00eda el\u00e9ctrica.<\/p>\n\n\n\n<p>Aplicamos nuestra tecnolog\u00eda de m\u00e1quinas el\u00e9ctricas rotativas, electr\u00f3nica de potencia y electr\u00f3nica de control y automatizaci\u00f3n a los sectores e\u00f3lico, fotovoltaico, hidroel\u00e9ctrico, almacenamiento de energ\u00eda en bater\u00edas, redes inteligentes, tracci\u00f3n ferroviaria, movilidad el\u00e9ctrica, naval, agua, acero, miner\u00eda e hidr\u00f3geno verde.<\/p>\n\n\n\n<p>De esta forma, Ingeteam se posiciona como referente en todo el ciclo de vida de la electricidad: generaci\u00f3n, almacenamiento, transmisi\u00f3n, distribuci\u00f3n y consumo eficiente.<\/p>\n\n\n\n<p><a id=\"_msocom_1\"><\/a><\/p>\n","protected":false},"excerpt":{"rendered":"<p>A medida que la potencia nominal de los aerogeneradores contin\u00faa aumentando, la arquitectura del sistema el\u00e9ctrico se ha convertido en un factor clave de dise\u00f1o para los fabricantes de equipos [&hellip;]<\/p>\n","protected":false},"author":2,"featured_media":294348,"comment_status":"closed","ping_status":"open","sticky":false,"template":"","format":"standard","meta":{"_acf_changed":false,"_bbp_topic_count":0,"_bbp_reply_count":0,"_bbp_total_topic_count":0,"_bbp_total_reply_count":0,"_bbp_voice_count":0,"_bbp_anonymous_reply_count":0,"_bbp_topic_count_hidden":0,"_bbp_reply_count_hidden":0,"_bbp_forum_subforum_count":0,"_et_pb_use_builder":"","_et_pb_old_content":"","_et_gb_content_width":"","footnotes":""},"categories":[546],"tags":[],"class_list":["post-294350","post","type-post","status-publish","format-standard","has-post-thumbnail","hentry","category-newsletter-30-marzo-2026"],"acf":[],"yoast_head":"<!-- This site is optimized with the Yoast SEO plugin v27.4 - https:\/\/yoast.com\/product\/yoast-seo-wordpress\/ -->\n<title>Los convertidores e\u00f3licos de baja tensi\u00f3n ganan relevancia en la siguiente generaci\u00f3n de aerogeneradores - Asociaci\u00f3n Empresarial E\u00f3lica<\/title>\n<meta name=\"robots\" content=\"index, follow, max-snippet:-1, max-image-preview:large, max-video-preview:-1\" \/>\n<link rel=\"canonical\" href=\"https:\/\/aeeolica.org\/los-convertidores-eolicos-de-baja-tension-ganan-relevancia-en-la-siguiente-generacion-de-aerogeneradores\/\" \/>\n<meta property=\"og:locale\" content=\"en_US\" \/>\n<meta property=\"og:type\" content=\"article\" \/>\n<meta property=\"og:title\" content=\"Los convertidores e\u00f3licos de baja tensi\u00f3n ganan relevancia en la siguiente generaci\u00f3n de aerogeneradores - Asociaci\u00f3n Empresarial E\u00f3lica\" \/>\n<meta property=\"og:description\" content=\"A medida que la potencia nominal de los aerogeneradores contin\u00faa aumentando, la arquitectura del sistema el\u00e9ctrico se ha convertido en un factor clave de dise\u00f1o para los fabricantes de equipos [&hellip;]\" \/>\n<meta property=\"og:url\" content=\"https:\/\/aeeolica.org\/los-convertidores-eolicos-de-baja-tension-ganan-relevancia-en-la-siguiente-generacion-de-aerogeneradores\/\" \/>\n<meta property=\"og:site_name\" content=\"Asociaci\u00f3n Empresarial E\u00f3lica\" \/>\n<meta property=\"article:publisher\" content=\"https:\/\/www.facebook.com\/aeeolica\" \/>\n<meta property=\"article:published_time\" content=\"2026-03-27T00:02:24+00:00\" \/>\n<meta property=\"article:modified_time\" content=\"2026-03-27T00:02:25+00:00\" \/>\n<meta property=\"og:image\" content=\"https:\/\/aeeolica.org\/wp-content\/uploads\/2026\/03\/Ingeteam.png\" \/>\n\t<meta property=\"og:image:width\" content=\"1920\" \/>\n\t<meta property=\"og:image:height\" content=\"976\" \/>\n\t<meta property=\"og:image:type\" content=\"image\/png\" \/>\n<meta name=\"author\" content=\"Morante D\u00edaz, Mar\u00eda del Mar\" \/>\n<meta name=\"twitter:card\" content=\"summary_large_image\" \/>\n<meta name=\"twitter:creator\" content=\"@aeeolica\" \/>\n<meta name=\"twitter:site\" content=\"@aeeolica\" \/>\n<meta name=\"twitter:label1\" content=\"Written by\" \/>\n\t<meta name=\"twitter:data1\" content=\"Morante D\u00edaz, Mar\u00eda del Mar\" \/>\n\t<meta name=\"twitter:label2\" content=\"Est. reading time\" \/>\n\t<meta name=\"twitter:data2\" content=\"3 minutes\" \/>\n<script type=\"application\/ld+json\" class=\"yoast-schema-graph\">{\"@context\":\"https:\\\/\\\/schema.org\",\"@graph\":[{\"@type\":\"Article\",\"@id\":\"https:\\\/\\\/aeeolica.org\\\/los-convertidores-eolicos-de-baja-tension-ganan-relevancia-en-la-siguiente-generacion-de-aerogeneradores\\\/#article\",\"isPartOf\":{\"@id\":\"https:\\\/\\\/aeeolica.org\\\/los-convertidores-eolicos-de-baja-tension-ganan-relevancia-en-la-siguiente-generacion-de-aerogeneradores\\\/\"},\"author\":{\"name\":\"Morante D\u00edaz, Mar\u00eda del Mar\",\"@id\":\"https:\\\/\\\/aeeolica.org\\\/#\\\/schema\\\/person\\\/064b26f21f7ed52e0b3854e6b52f9772\"},\"headline\":\"Los convertidores e\u00f3licos de baja tensi\u00f3n ganan relevancia en la siguiente generaci\u00f3n de aerogeneradores\",\"datePublished\":\"2026-03-27T00:02:24+00:00\",\"dateModified\":\"2026-03-27T00:02:25+00:00\",\"mainEntityOfPage\":{\"@id\":\"https:\\\/\\\/aeeolica.org\\\/los-convertidores-eolicos-de-baja-tension-ganan-relevancia-en-la-siguiente-generacion-de-aerogeneradores\\\/\"},\"wordCount\":557,\"publisher\":{\"@id\":\"https:\\\/\\\/aeeolica.org\\\/#organization\"},\"image\":{\"@id\":\"https:\\\/\\\/aeeolica.org\\\/los-convertidores-eolicos-de-baja-tension-ganan-relevancia-en-la-siguiente-generacion-de-aerogeneradores\\\/#primaryimage\"},\"thumbnailUrl\":\"https:\\\/\\\/aeeolica.org\\\/wp-content\\\/uploads\\\/2026\\\/03\\\/Ingeteam.png\",\"articleSection\":[\"Newsletter 30 Marzo 2026\"],\"inLanguage\":\"en-US\"},{\"@type\":\"WebPage\",\"@id\":\"https:\\\/\\\/aeeolica.org\\\/los-convertidores-eolicos-de-baja-tension-ganan-relevancia-en-la-siguiente-generacion-de-aerogeneradores\\\/\",\"url\":\"https:\\\/\\\/aeeolica.org\\\/los-convertidores-eolicos-de-baja-tension-ganan-relevancia-en-la-siguiente-generacion-de-aerogeneradores\\\/\",\"name\":\"Los convertidores e\u00f3licos de baja tensi\u00f3n ganan relevancia en la siguiente generaci\u00f3n de aerogeneradores - Asociaci\u00f3n Empresarial E\u00f3lica\",\"isPartOf\":{\"@id\":\"https:\\\/\\\/aeeolica.org\\\/#website\"},\"primaryImageOfPage\":{\"@id\":\"https:\\\/\\\/aeeolica.org\\\/los-convertidores-eolicos-de-baja-tension-ganan-relevancia-en-la-siguiente-generacion-de-aerogeneradores\\\/#primaryimage\"},\"image\":{\"@id\":\"https:\\\/\\\/aeeolica.org\\\/los-convertidores-eolicos-de-baja-tension-ganan-relevancia-en-la-siguiente-generacion-de-aerogeneradores\\\/#primaryimage\"},\"thumbnailUrl\":\"https:\\\/\\\/aeeolica.org\\\/wp-content\\\/uploads\\\/2026\\\/03\\\/Ingeteam.png\",\"datePublished\":\"2026-03-27T00:02:24+00:00\",\"dateModified\":\"2026-03-27T00:02:25+00:00\",\"breadcrumb\":{\"@id\":\"https:\\\/\\\/aeeolica.org\\\/los-convertidores-eolicos-de-baja-tension-ganan-relevancia-en-la-siguiente-generacion-de-aerogeneradores\\\/#breadcrumb\"},\"inLanguage\":\"en-US\",\"potentialAction\":[{\"@type\":\"ReadAction\",\"target\":[\"https:\\\/\\\/aeeolica.org\\\/los-convertidores-eolicos-de-baja-tension-ganan-relevancia-en-la-siguiente-generacion-de-aerogeneradores\\\/\"]}]},{\"@type\":\"ImageObject\",\"inLanguage\":\"en-US\",\"@id\":\"https:\\\/\\\/aeeolica.org\\\/los-convertidores-eolicos-de-baja-tension-ganan-relevancia-en-la-siguiente-generacion-de-aerogeneradores\\\/#primaryimage\",\"url\":\"https:\\\/\\\/aeeolica.org\\\/wp-content\\\/uploads\\\/2026\\\/03\\\/Ingeteam.png\",\"contentUrl\":\"https:\\\/\\\/aeeolica.org\\\/wp-content\\\/uploads\\\/2026\\\/03\\\/Ingeteam.png\",\"width\":1920,\"height\":976},{\"@type\":\"BreadcrumbList\",\"@id\":\"https:\\\/\\\/aeeolica.org\\\/los-convertidores-eolicos-de-baja-tension-ganan-relevancia-en-la-siguiente-generacion-de-aerogeneradores\\\/#breadcrumb\",\"itemListElement\":[{\"@type\":\"ListItem\",\"position\":1,\"name\":\"Portada\",\"item\":\"https:\\\/\\\/aeeolica.org\\\/en\\\/inicio\\\/\"},{\"@type\":\"ListItem\",\"position\":2,\"name\":\"Los convertidores e\u00f3licos de baja tensi\u00f3n ganan relevancia en la siguiente generaci\u00f3n de aerogeneradores\"}]},{\"@type\":\"WebSite\",\"@id\":\"https:\\\/\\\/aeeolica.org\\\/#website\",\"url\":\"https:\\\/\\\/aeeolica.org\\\/\",\"name\":\"Asociaci\u00f3n Empresarial E\u00f3lica\",\"description\":\"AEE Asociaci\u00f3n Empresarial E\u00f3lica\",\"publisher\":{\"@id\":\"https:\\\/\\\/aeeolica.org\\\/#organization\"},\"potentialAction\":[{\"@type\":\"SearchAction\",\"target\":{\"@type\":\"EntryPoint\",\"urlTemplate\":\"https:\\\/\\\/aeeolica.org\\\/?s={search_term_string}\"},\"query-input\":{\"@type\":\"PropertyValueSpecification\",\"valueRequired\":true,\"valueName\":\"search_term_string\"}}],\"inLanguage\":\"en-US\"},{\"@type\":\"Organization\",\"@id\":\"https:\\\/\\\/aeeolica.org\\\/#organization\",\"name\":\"Asociaci\u00f3n Empresarial E\u00f3lica\",\"url\":\"https:\\\/\\\/aeeolica.org\\\/\",\"logo\":{\"@type\":\"ImageObject\",\"inLanguage\":\"en-US\",\"@id\":\"https:\\\/\\\/aeeolica.org\\\/#\\\/schema\\\/logo\\\/image\\\/\",\"url\":\"https:\\\/\\\/aeeolica.org\\\/wp-content\\\/uploads\\\/2021\\\/08\\\/logo-aee.png\",\"contentUrl\":\"https:\\\/\\\/aeeolica.org\\\/wp-content\\\/uploads\\\/2021\\\/08\\\/logo-aee.png\",\"width\":180,\"height\":78,\"caption\":\"Asociaci\u00f3n Empresarial E\u00f3lica\"},\"image\":{\"@id\":\"https:\\\/\\\/aeeolica.org\\\/#\\\/schema\\\/logo\\\/image\\\/\"},\"sameAs\":[\"https:\\\/\\\/www.facebook.com\\\/aeeolica\",\"https:\\\/\\\/x.com\\\/aeeolica\",\"https:\\\/\\\/www.instagram.com\\\/aeeolica\\\/\",\"https:\\\/\\\/www.linkedin.com\\\/in\\\/aee-asociaci\u00f3n-empresarial-e\u00f3lica-6830946b\\\/\",\"https:\\\/\\\/www.youtube.com\\\/user\\\/AEEolica\"]},{\"@type\":\"Person\",\"@id\":\"https:\\\/\\\/aeeolica.org\\\/#\\\/schema\\\/person\\\/064b26f21f7ed52e0b3854e6b52f9772\",\"name\":\"Morante D\u00edaz, Mar\u00eda del Mar\",\"image\":{\"@type\":\"ImageObject\",\"inLanguage\":\"en-US\",\"@id\":\"https:\\\/\\\/secure.gravatar.com\\\/avatar\\\/8bfd23e1c4bf5aa0b9314f1c5c9d644e62672831e6a512513954c3f15dffdd5a?s=96&d=mm&r=g\",\"url\":\"https:\\\/\\\/secure.gravatar.com\\\/avatar\\\/8bfd23e1c4bf5aa0b9314f1c5c9d644e62672831e6a512513954c3f15dffdd5a?s=96&d=mm&r=g\",\"contentUrl\":\"https:\\\/\\\/secure.gravatar.com\\\/avatar\\\/8bfd23e1c4bf5aa0b9314f1c5c9d644e62672831e6a512513954c3f15dffdd5a?s=96&d=mm&r=g\",\"caption\":\"Morante D\u00edaz, Mar\u00eda del Mar\"},\"url\":\"https:\\\/\\\/aeeolica.org\\\/en\\\/author\\\/mar\\\/\"}]}<\/script>\n<!-- \/ Yoast SEO plugin. -->","yoast_head_json":{"title":"Los convertidores e\u00f3licos de baja tensi\u00f3n ganan relevancia en la siguiente generaci\u00f3n de aerogeneradores - Asociaci\u00f3n Empresarial E\u00f3lica","robots":{"index":"index","follow":"follow","max-snippet":"max-snippet:-1","max-image-preview":"max-image-preview:large","max-video-preview":"max-video-preview:-1"},"canonical":"https:\/\/aeeolica.org\/los-convertidores-eolicos-de-baja-tension-ganan-relevancia-en-la-siguiente-generacion-de-aerogeneradores\/","og_locale":"en_US","og_type":"article","og_title":"Los convertidores e\u00f3licos de baja tensi\u00f3n ganan relevancia en la siguiente generaci\u00f3n de aerogeneradores - Asociaci\u00f3n Empresarial E\u00f3lica","og_description":"A medida que la potencia nominal de los aerogeneradores contin\u00faa aumentando, la arquitectura del sistema el\u00e9ctrico se ha convertido en un factor clave de dise\u00f1o para los fabricantes de equipos [&hellip;]","og_url":"https:\/\/aeeolica.org\/los-convertidores-eolicos-de-baja-tension-ganan-relevancia-en-la-siguiente-generacion-de-aerogeneradores\/","og_site_name":"Asociaci\u00f3n Empresarial E\u00f3lica","article_publisher":"https:\/\/www.facebook.com\/aeeolica","article_published_time":"2026-03-27T00:02:24+00:00","article_modified_time":"2026-03-27T00:02:25+00:00","og_image":[{"width":1920,"height":976,"url":"https:\/\/aeeolica.org\/wp-content\/uploads\/2026\/03\/Ingeteam.png","type":"image\/png"}],"author":"Morante D\u00edaz, Mar\u00eda del Mar","twitter_card":"summary_large_image","twitter_creator":"@aeeolica","twitter_site":"@aeeolica","twitter_misc":{"Written by":"Morante D\u00edaz, Mar\u00eda del Mar","Est. reading time":"3 minutes"},"schema":{"@context":"https:\/\/schema.org","@graph":[{"@type":"Article","@id":"https:\/\/aeeolica.org\/los-convertidores-eolicos-de-baja-tension-ganan-relevancia-en-la-siguiente-generacion-de-aerogeneradores\/#article","isPartOf":{"@id":"https:\/\/aeeolica.org\/los-convertidores-eolicos-de-baja-tension-ganan-relevancia-en-la-siguiente-generacion-de-aerogeneradores\/"},"author":{"name":"Morante D\u00edaz, Mar\u00eda del Mar","@id":"https:\/\/aeeolica.org\/#\/schema\/person\/064b26f21f7ed52e0b3854e6b52f9772"},"headline":"Los convertidores e\u00f3licos de baja tensi\u00f3n ganan relevancia en la siguiente generaci\u00f3n de aerogeneradores","datePublished":"2026-03-27T00:02:24+00:00","dateModified":"2026-03-27T00:02:25+00:00","mainEntityOfPage":{"@id":"https:\/\/aeeolica.org\/los-convertidores-eolicos-de-baja-tension-ganan-relevancia-en-la-siguiente-generacion-de-aerogeneradores\/"},"wordCount":557,"publisher":{"@id":"https:\/\/aeeolica.org\/#organization"},"image":{"@id":"https:\/\/aeeolica.org\/los-convertidores-eolicos-de-baja-tension-ganan-relevancia-en-la-siguiente-generacion-de-aerogeneradores\/#primaryimage"},"thumbnailUrl":"https:\/\/aeeolica.org\/wp-content\/uploads\/2026\/03\/Ingeteam.png","articleSection":["Newsletter 30 Marzo 2026"],"inLanguage":"en-US"},{"@type":"WebPage","@id":"https:\/\/aeeolica.org\/los-convertidores-eolicos-de-baja-tension-ganan-relevancia-en-la-siguiente-generacion-de-aerogeneradores\/","url":"https:\/\/aeeolica.org\/los-convertidores-eolicos-de-baja-tension-ganan-relevancia-en-la-siguiente-generacion-de-aerogeneradores\/","name":"Los convertidores e\u00f3licos de baja tensi\u00f3n ganan relevancia en la siguiente generaci\u00f3n de aerogeneradores - Asociaci\u00f3n Empresarial E\u00f3lica","isPartOf":{"@id":"https:\/\/aeeolica.org\/#website"},"primaryImageOfPage":{"@id":"https:\/\/aeeolica.org\/los-convertidores-eolicos-de-baja-tension-ganan-relevancia-en-la-siguiente-generacion-de-aerogeneradores\/#primaryimage"},"image":{"@id":"https:\/\/aeeolica.org\/los-convertidores-eolicos-de-baja-tension-ganan-relevancia-en-la-siguiente-generacion-de-aerogeneradores\/#primaryimage"},"thumbnailUrl":"https:\/\/aeeolica.org\/wp-content\/uploads\/2026\/03\/Ingeteam.png","datePublished":"2026-03-27T00:02:24+00:00","dateModified":"2026-03-27T00:02:25+00:00","breadcrumb":{"@id":"https:\/\/aeeolica.org\/los-convertidores-eolicos-de-baja-tension-ganan-relevancia-en-la-siguiente-generacion-de-aerogeneradores\/#breadcrumb"},"inLanguage":"en-US","potentialAction":[{"@type":"ReadAction","target":["https:\/\/aeeolica.org\/los-convertidores-eolicos-de-baja-tension-ganan-relevancia-en-la-siguiente-generacion-de-aerogeneradores\/"]}]},{"@type":"ImageObject","inLanguage":"en-US","@id":"https:\/\/aeeolica.org\/los-convertidores-eolicos-de-baja-tension-ganan-relevancia-en-la-siguiente-generacion-de-aerogeneradores\/#primaryimage","url":"https:\/\/aeeolica.org\/wp-content\/uploads\/2026\/03\/Ingeteam.png","contentUrl":"https:\/\/aeeolica.org\/wp-content\/uploads\/2026\/03\/Ingeteam.png","width":1920,"height":976},{"@type":"BreadcrumbList","@id":"https:\/\/aeeolica.org\/los-convertidores-eolicos-de-baja-tension-ganan-relevancia-en-la-siguiente-generacion-de-aerogeneradores\/#breadcrumb","itemListElement":[{"@type":"ListItem","position":1,"name":"Portada","item":"https:\/\/aeeolica.org\/en\/inicio\/"},{"@type":"ListItem","position":2,"name":"Los convertidores e\u00f3licos de baja tensi\u00f3n ganan relevancia en la siguiente generaci\u00f3n de aerogeneradores"}]},{"@type":"WebSite","@id":"https:\/\/aeeolica.org\/#website","url":"https:\/\/aeeolica.org\/","name":"Asociaci\u00f3n Empresarial E\u00f3lica","description":"AEE Asociaci\u00f3n Empresarial E\u00f3lica","publisher":{"@id":"https:\/\/aeeolica.org\/#organization"},"potentialAction":[{"@type":"SearchAction","target":{"@type":"EntryPoint","urlTemplate":"https:\/\/aeeolica.org\/?s={search_term_string}"},"query-input":{"@type":"PropertyValueSpecification","valueRequired":true,"valueName":"search_term_string"}}],"inLanguage":"en-US"},{"@type":"Organization","@id":"https:\/\/aeeolica.org\/#organization","name":"Asociaci\u00f3n Empresarial E\u00f3lica","url":"https:\/\/aeeolica.org\/","logo":{"@type":"ImageObject","inLanguage":"en-US","@id":"https:\/\/aeeolica.org\/#\/schema\/logo\/image\/","url":"https:\/\/aeeolica.org\/wp-content\/uploads\/2021\/08\/logo-aee.png","contentUrl":"https:\/\/aeeolica.org\/wp-content\/uploads\/2021\/08\/logo-aee.png","width":180,"height":78,"caption":"Asociaci\u00f3n Empresarial E\u00f3lica"},"image":{"@id":"https:\/\/aeeolica.org\/#\/schema\/logo\/image\/"},"sameAs":["https:\/\/www.facebook.com\/aeeolica","https:\/\/x.com\/aeeolica","https:\/\/www.instagram.com\/aeeolica\/","https:\/\/www.linkedin.com\/in\/aee-asociaci\u00f3n-empresarial-e\u00f3lica-6830946b\/","https:\/\/www.youtube.com\/user\/AEEolica"]},{"@type":"Person","@id":"https:\/\/aeeolica.org\/#\/schema\/person\/064b26f21f7ed52e0b3854e6b52f9772","name":"Morante D\u00edaz, Mar\u00eda del Mar","image":{"@type":"ImageObject","inLanguage":"en-US","@id":"https:\/\/secure.gravatar.com\/avatar\/8bfd23e1c4bf5aa0b9314f1c5c9d644e62672831e6a512513954c3f15dffdd5a?s=96&d=mm&r=g","url":"https:\/\/secure.gravatar.com\/avatar\/8bfd23e1c4bf5aa0b9314f1c5c9d644e62672831e6a512513954c3f15dffdd5a?s=96&d=mm&r=g","contentUrl":"https:\/\/secure.gravatar.com\/avatar\/8bfd23e1c4bf5aa0b9314f1c5c9d644e62672831e6a512513954c3f15dffdd5a?s=96&d=mm&r=g","caption":"Morante D\u00edaz, Mar\u00eda del Mar"},"url":"https:\/\/aeeolica.org\/en\/author\/mar\/"}]}},"_links":{"self":[{"href":"https:\/\/aeeolica.org\/en\/wp-json\/wp\/v2\/posts\/294350","targetHints":{"allow":["GET"]}}],"collection":[{"href":"https:\/\/aeeolica.org\/en\/wp-json\/wp\/v2\/posts"}],"about":[{"href":"https:\/\/aeeolica.org\/en\/wp-json\/wp\/v2\/types\/post"}],"author":[{"embeddable":true,"href":"https:\/\/aeeolica.org\/en\/wp-json\/wp\/v2\/users\/2"}],"replies":[{"embeddable":true,"href":"https:\/\/aeeolica.org\/en\/wp-json\/wp\/v2\/comments?post=294350"}],"version-history":[{"count":1,"href":"https:\/\/aeeolica.org\/en\/wp-json\/wp\/v2\/posts\/294350\/revisions"}],"predecessor-version":[{"id":294351,"href":"https:\/\/aeeolica.org\/en\/wp-json\/wp\/v2\/posts\/294350\/revisions\/294351"}],"wp:featuredmedia":[{"embeddable":true,"href":"https:\/\/aeeolica.org\/en\/wp-json\/wp\/v2\/media\/294348"}],"wp:attachment":[{"href":"https:\/\/aeeolica.org\/en\/wp-json\/wp\/v2\/media?parent=294350"}],"wp:term":[{"taxonomy":"category","embeddable":true,"href":"https:\/\/aeeolica.org\/en\/wp-json\/wp\/v2\/categories?post=294350"},{"taxonomy":"post_tag","embeddable":true,"href":"https:\/\/aeeolica.org\/en\/wp-json\/wp\/v2\/tags?post=294350"}],"curies":[{"name":"wp","href":"https:\/\/api.w.org\/{rel}","templated":true}]}}