{"id":294354,"date":"2026-03-27T01:07:28","date_gmt":"2026-03-27T00:07:28","guid":{"rendered":"https:\/\/aeeolica.org\/?p=294354"},"modified":"2026-03-27T01:07:29","modified_gmt":"2026-03-27T00:07:29","slug":"navantia-seanergies-y-la-upm-impulsan-la-investigacion-en-eolica-marina","status":"publish","type":"post","link":"https:\/\/aeeolica.org\/en\/navantia-seanergies-y-la-upm-impulsan-la-investigacion-en-eolica-marina\/","title":{"rendered":"Navantia Seanergies y la UPM impulsan la investigaci\u00f3n en e\u00f3lica marina"},"content":{"rendered":"\n<p><strong>Navantia Seanergies y la Universidad Polit\u00e9cnica de Madrid (UPM) refuerzan su colaboraci\u00f3n a trav\u00e9s del lanzamiento del Programa de E\u00f3lica Marina, bajo el marco de las actividades de la C\u00e1tedra Romero Landa. Este programa, que se presentar\u00e1 en la feria&nbsp; WindEurope, busca impulsar nuevas l\u00edneas de investigaci\u00f3n destinadas a fomentar la actividad cient\u00edfico-acad\u00e9mica en tecnolog\u00edas offshore y, en particular, en plataformas y subestaciones flotantes en acero.<\/strong><\/p>\n\n\n\n<p>La C\u00e1tedra Romero Landa \u2014vigente desde 2016 como marco de cooperaci\u00f3n estable entre Navantia y la UPM\u2014 ha estado tradicionalmente orientada a la formaci\u00f3n acad\u00e9mica, desarrollo de talento y la realizaci\u00f3n de trabajos fin de grado y m\u00e1ster, en el \u00e1rea de la construcci\u00f3n naval. Hasta ahora, su actividad no hab\u00eda abordado de forma espec\u00edfica el \u00e1mbito de la e\u00f3lica marina. Con la puesta en marcha de este nuevo programa, la c\u00e1tedra incorpora una estrategia novedosa basada en acciones de I+D+i semilla aplicadas a la energ\u00eda e\u00f3lica offshore que permitan una actividad cient\u00edfico-acad\u00e9mica orientada a mercado que no podr\u00eda realizarse de otro modo, abriendo un espacio de colaboraci\u00f3n continuada entre universidad y empresa en un \u00e1rea estrat\u00e9gica para Navantia Seanergies y por lo tanto para la UPM.<\/p>\n\n\n\n<p><strong>Investigaci\u00f3n en TRLs bajos para acelerar el desarrollo tecnol\u00f3gico<\/strong><\/p>\n\n\n\n<p>El programa se orienta al desarrollo de tecnolog\u00edas offshore vinculadas a las plataformas y subestaciones flotantes, con un foco claro: la generaci\u00f3n de conocimiento y la formaci\u00f3n en la cultura cient\u00edfica e ingenieril de los estudiantes de la UPM. Se trata de un programa plurianual que permitir\u00e1 el desarrollo de iniciativas de investigaci\u00f3n de largo recorrido donde tiene cabida la prospectiva tecnol\u00f3gica, la conceptualizaci\u00f3n y el dise\u00f1o, as\u00ed como la formaci\u00f3n de los estudiantes en t\u00e9cnicas experimentales y num\u00e9ricas de \u00faltima generaci\u00f3n.<\/p>\n\n\n\n<p>Esto permitir\u00e1 &nbsp;explorar, definir y dise\u00f1ar distintas alternativas tecnol\u00f3gicas fomentando la generaci\u00f3n de conocimiento cient\u00edfico, el \u00e1mbito natural de escuelas de ingenier\u00eda como la ETSIN. Este trabajo resulta esencial para identificar las soluciones m\u00e1s prometedoras y sentar las bases sobre las que, posteriormente, pueda desarrollarse la fase de industrializaci\u00f3n.<\/p>\n\n\n\n<p>A trav\u00e9s de la c\u00e1tedra, la UPM abordar\u00e1 el desarrollo de t\u00e9cnicas experimentales y num\u00e9ricas que permitan avanzar en la madurez tecnol\u00f3gica de conceptos complejos como subestaciones flotantes, sentando las bases metodol\u00f3gicas para avanzar soluciones desde TRL 0-1 hasta niveles medios (TRL 2-3).<\/p>\n\n\n\n<p>La &nbsp;C\u00e1tedra Romero Landa permitir\u00e1 formar, desde una perspectiva cient\u00edfico acad\u00e9mica a las nuevas generaciones de ingenieros y transferir el nuevo conocimiento a Navantia Seanergies en aspectos esenciales del dise\u00f1o de plataformas flotantes en acero, incluyendo el comportamiento hidroel\u00e1stico de subestaciones flotantes, el dise\u00f1o de sistemas de fondeo innovadores, y abordar retos como la integraci\u00f3n de los sistemas de evacuaci\u00f3n de potencia en subestaciones flotantes.<\/p>\n\n\n\n<p>El programa se presentar\u00e1 en WindEurope, en la jornada del 23 de abril, dedicada a los estudiantes, cuenta con una planificaci\u00f3n detallada que se articula en ocho tareas distribuidas a lo largo de 48 meses. Las dos primeras se ejecutar\u00e1n en el periodo 2026\u20132027, periodo en el que se asentar\u00e1n las bases t\u00e9cnicas conceptuales del conjunto de la iniciativa.<\/p>\n\n\n\n<p><strong>Un modelo flexible y revisable anualmente<\/strong><\/p>\n\n\n\n<p>Este nuevo programa cient\u00edfico-acad\u00e9mico se plantea desde la flexibilidad que un mercado din\u00e1mico y exigente como es el de la e\u00f3lica marina. Solo as\u00ed ser\u00e1 posible establecer puentes s\u00f3lidos entre la ciencia y la empresa. Es por ello por lo que, a trav\u00e9s de la integraci\u00f3n de estudiantes, investigadores, profesores de la UPM e Ingenieros de Navantia Seanergies gracias a una agenda de transferencia tecnol\u00f3gica articulada entorno a seminarios, talleres y tareas colaborativas ser\u00e1 posible adaptar las l\u00edneas de investigaci\u00f3n a la evoluci\u00f3n tecnol\u00f3gica y las necesidades del mercado y por lo tanto de Navantia Seanergies y la UPM. Esta estrategia de transferencia tecnol\u00f3gica garantiza la adaptaci\u00f3n continua del programa y abre la puerta a reorientar su enfoque \u2014por ejemplo, hacia soluciones HVDC.<\/p>\n\n\n\n<p><strong>Talento universitario y supervisi\u00f3n t\u00e9cnica conjunta<\/strong><\/p>\n\n\n\n<p>A trav\u00e9s de <strong>CEHINAV de la ETSIN<\/strong>, con quien Navantia Seanergies tiene una relaci\u00f3n hist\u00f3rica, se articular\u00e1 la integraci\u00f3n del programa dentro de la actividad acad\u00e9mica mediante programas de Becas de I+D+i para la formaci\u00f3n en la cultura cient\u00edfica, as\u00ed como a trav\u00e9s de Trabajos fin de Grado y Trabajos fin de M\u00e1ster con los que profundizar la formaci\u00f3n de los estudiantes en \u00e1mbitos de relevancia para el mercado e\u00f3lico marino. Podr\u00e1n participar estudiantes de ingenier\u00eda naval e industrial a partir de cursos avanzados, as\u00ed como personal docente para la supervisi\u00f3n de alumnos y planteamiento de nuevas l\u00edneas de investigaci\u00f3n.<\/p>\n\n\n\n<p>Por parte de la empresa, la supervisi\u00f3n t\u00e9cnica del programa recaer\u00e1 en Navantia Seanergies a trav\u00e9s del COEX Green Energy, en coordinaci\u00f3n con el Comit\u00e9 de Seguimiento de la C\u00e1tedra Romero Landa en Navantia.<\/p>\n\n\n\n<p><strong>Una oportunidad para reforzar la relaci\u00f3n universidad\u2011empresa<\/strong><\/p>\n\n\n\n<p>Con la puesta en marcha de este nuevo programa, Navantia Seanergies da un paso significativo para fomentar vocaciones t\u00e9cnicas a trav\u00e9s de la especializaci\u00f3n en \u00e1mbitos cr\u00edticos para el desarrollo tecnol\u00f3gico a trav\u00e9s de la C\u00e1tedra Romero Landa, consolidando de este modo una colaboraci\u00f3n estable y ambiciosa que permitir\u00e1 abordar retos clave de la e\u00f3lica marina.<\/p>\n\n\n\n<p><a id=\"_msocom_1\"><\/a><\/p>\n","protected":false},"excerpt":{"rendered":"<p>Navantia Seanergies y la Universidad Polit\u00e9cnica de Madrid (UPM) refuerzan su colaboraci\u00f3n a trav\u00e9s del lanzamiento del Programa de E\u00f3lica Marina, bajo el marco de las actividades de la C\u00e1tedra [&hellip;]<\/p>\n","protected":false},"author":2,"featured_media":294352,"comment_status":"closed","ping_status":"open","sticky":false,"template":"","format":"standard","meta":{"_acf_changed":false,"_bbp_topic_count":0,"_bbp_reply_count":0,"_bbp_total_topic_count":0,"_bbp_total_reply_count":0,"_bbp_voice_count":0,"_bbp_anonymous_reply_count":0,"_bbp_topic_count_hidden":0,"_bbp_reply_count_hidden":0,"_bbp_forum_subforum_count":0,"_et_pb_use_builder":"","_et_pb_old_content":"","_et_gb_content_width":"","footnotes":""},"categories":[546],"tags":[],"class_list":["post-294354","post","type-post","status-publish","format-standard","has-post-thumbnail","hentry","category-newsletter-30-marzo-2026"],"acf":[],"yoast_head":"<!-- This site is optimized with the Yoast SEO plugin v27.4 - https:\/\/yoast.com\/product\/yoast-seo-wordpress\/ -->\n<title>Navantia Seanergies y la UPM impulsan la investigaci\u00f3n en e\u00f3lica marina - Asociaci\u00f3n Empresarial E\u00f3lica<\/title>\n<meta name=\"robots\" content=\"index, follow, max-snippet:-1, max-image-preview:large, max-video-preview:-1\" \/>\n<link rel=\"canonical\" href=\"https:\/\/aeeolica.org\/navantia-seanergies-y-la-upm-impulsan-la-investigacion-en-eolica-marina\/\" \/>\n<meta property=\"og:locale\" content=\"en_US\" \/>\n<meta property=\"og:type\" content=\"article\" \/>\n<meta property=\"og:title\" content=\"Navantia Seanergies y la UPM impulsan la investigaci\u00f3n en e\u00f3lica marina - Asociaci\u00f3n Empresarial E\u00f3lica\" \/>\n<meta property=\"og:description\" content=\"Navantia Seanergies y la Universidad Polit\u00e9cnica de Madrid (UPM) refuerzan su colaboraci\u00f3n a trav\u00e9s del lanzamiento del Programa de E\u00f3lica Marina, bajo el marco de las actividades de la C\u00e1tedra [&hellip;]\" \/>\n<meta property=\"og:url\" content=\"https:\/\/aeeolica.org\/navantia-seanergies-y-la-upm-impulsan-la-investigacion-en-eolica-marina\/\" \/>\n<meta property=\"og:site_name\" content=\"Asociaci\u00f3n Empresarial E\u00f3lica\" \/>\n<meta property=\"article:publisher\" content=\"https:\/\/www.facebook.com\/aeeolica\" \/>\n<meta property=\"article:published_time\" content=\"2026-03-27T00:07:28+00:00\" \/>\n<meta property=\"article:modified_time\" content=\"2026-03-27T00:07:29+00:00\" \/>\n<meta property=\"og:image\" content=\"https:\/\/aeeolica.org\/wp-content\/uploads\/2026\/03\/Maniobra-Load-In-enero-2020.jpg\" \/>\n\t<meta property=\"og:image:width\" content=\"2560\" \/>\n\t<meta property=\"og:image:height\" content=\"1707\" \/>\n\t<meta property=\"og:image:type\" content=\"image\/jpeg\" \/>\n<meta name=\"author\" content=\"Morante D\u00edaz, Mar\u00eda del Mar\" \/>\n<meta name=\"twitter:card\" content=\"summary_large_image\" \/>\n<meta name=\"twitter:creator\" content=\"@aeeolica\" \/>\n<meta name=\"twitter:site\" content=\"@aeeolica\" \/>\n<meta name=\"twitter:label1\" content=\"Written by\" \/>\n\t<meta name=\"twitter:data1\" content=\"Morante D\u00edaz, Mar\u00eda del Mar\" \/>\n\t<meta name=\"twitter:label2\" content=\"Est. reading time\" \/>\n\t<meta name=\"twitter:data2\" content=\"5 minutes\" \/>\n<script type=\"application\/ld+json\" class=\"yoast-schema-graph\">{\"@context\":\"https:\\\/\\\/schema.org\",\"@graph\":[{\"@type\":\"Article\",\"@id\":\"https:\\\/\\\/aeeolica.org\\\/navantia-seanergies-y-la-upm-impulsan-la-investigacion-en-eolica-marina\\\/#article\",\"isPartOf\":{\"@id\":\"https:\\\/\\\/aeeolica.org\\\/navantia-seanergies-y-la-upm-impulsan-la-investigacion-en-eolica-marina\\\/\"},\"author\":{\"name\":\"Morante D\u00edaz, Mar\u00eda del Mar\",\"@id\":\"https:\\\/\\\/aeeolica.org\\\/#\\\/schema\\\/person\\\/064b26f21f7ed52e0b3854e6b52f9772\"},\"headline\":\"Navantia Seanergies y la UPM impulsan la investigaci\u00f3n en e\u00f3lica marina\",\"datePublished\":\"2026-03-27T00:07:28+00:00\",\"dateModified\":\"2026-03-27T00:07:29+00:00\",\"mainEntityOfPage\":{\"@id\":\"https:\\\/\\\/aeeolica.org\\\/navantia-seanergies-y-la-upm-impulsan-la-investigacion-en-eolica-marina\\\/\"},\"wordCount\":963,\"publisher\":{\"@id\":\"https:\\\/\\\/aeeolica.org\\\/#organization\"},\"image\":{\"@id\":\"https:\\\/\\\/aeeolica.org\\\/navantia-seanergies-y-la-upm-impulsan-la-investigacion-en-eolica-marina\\\/#primaryimage\"},\"thumbnailUrl\":\"https:\\\/\\\/aeeolica.org\\\/wp-content\\\/uploads\\\/2026\\\/03\\\/Maniobra-Load-In-enero-2020.jpg\",\"articleSection\":[\"Newsletter 30 Marzo 2026\"],\"inLanguage\":\"en-US\"},{\"@type\":\"WebPage\",\"@id\":\"https:\\\/\\\/aeeolica.org\\\/navantia-seanergies-y-la-upm-impulsan-la-investigacion-en-eolica-marina\\\/\",\"url\":\"https:\\\/\\\/aeeolica.org\\\/navantia-seanergies-y-la-upm-impulsan-la-investigacion-en-eolica-marina\\\/\",\"name\":\"Navantia Seanergies y la UPM impulsan la investigaci\u00f3n en e\u00f3lica marina - Asociaci\u00f3n Empresarial E\u00f3lica\",\"isPartOf\":{\"@id\":\"https:\\\/\\\/aeeolica.org\\\/#website\"},\"primaryImageOfPage\":{\"@id\":\"https:\\\/\\\/aeeolica.org\\\/navantia-seanergies-y-la-upm-impulsan-la-investigacion-en-eolica-marina\\\/#primaryimage\"},\"image\":{\"@id\":\"https:\\\/\\\/aeeolica.org\\\/navantia-seanergies-y-la-upm-impulsan-la-investigacion-en-eolica-marina\\\/#primaryimage\"},\"thumbnailUrl\":\"https:\\\/\\\/aeeolica.org\\\/wp-content\\\/uploads\\\/2026\\\/03\\\/Maniobra-Load-In-enero-2020.jpg\",\"datePublished\":\"2026-03-27T00:07:28+00:00\",\"dateModified\":\"2026-03-27T00:07:29+00:00\",\"breadcrumb\":{\"@id\":\"https:\\\/\\\/aeeolica.org\\\/navantia-seanergies-y-la-upm-impulsan-la-investigacion-en-eolica-marina\\\/#breadcrumb\"},\"inLanguage\":\"en-US\",\"potentialAction\":[{\"@type\":\"ReadAction\",\"target\":[\"https:\\\/\\\/aeeolica.org\\\/navantia-seanergies-y-la-upm-impulsan-la-investigacion-en-eolica-marina\\\/\"]}]},{\"@type\":\"ImageObject\",\"inLanguage\":\"en-US\",\"@id\":\"https:\\\/\\\/aeeolica.org\\\/navantia-seanergies-y-la-upm-impulsan-la-investigacion-en-eolica-marina\\\/#primaryimage\",\"url\":\"https:\\\/\\\/aeeolica.org\\\/wp-content\\\/uploads\\\/2026\\\/03\\\/Maniobra-Load-In-enero-2020.jpg\",\"contentUrl\":\"https:\\\/\\\/aeeolica.org\\\/wp-content\\\/uploads\\\/2026\\\/03\\\/Maniobra-Load-In-enero-2020.jpg\",\"width\":2560,\"height\":1707},{\"@type\":\"BreadcrumbList\",\"@id\":\"https:\\\/\\\/aeeolica.org\\\/navantia-seanergies-y-la-upm-impulsan-la-investigacion-en-eolica-marina\\\/#breadcrumb\",\"itemListElement\":[{\"@type\":\"ListItem\",\"position\":1,\"name\":\"Portada\",\"item\":\"https:\\\/\\\/aeeolica.org\\\/en\\\/inicio\\\/\"},{\"@type\":\"ListItem\",\"position\":2,\"name\":\"Navantia Seanergies y la UPM impulsan la investigaci\u00f3n en e\u00f3lica marina\"}]},{\"@type\":\"WebSite\",\"@id\":\"https:\\\/\\\/aeeolica.org\\\/#website\",\"url\":\"https:\\\/\\\/aeeolica.org\\\/\",\"name\":\"Asociaci\u00f3n Empresarial E\u00f3lica\",\"description\":\"AEE Asociaci\u00f3n Empresarial E\u00f3lica\",\"publisher\":{\"@id\":\"https:\\\/\\\/aeeolica.org\\\/#organization\"},\"potentialAction\":[{\"@type\":\"SearchAction\",\"target\":{\"@type\":\"EntryPoint\",\"urlTemplate\":\"https:\\\/\\\/aeeolica.org\\\/?s={search_term_string}\"},\"query-input\":{\"@type\":\"PropertyValueSpecification\",\"valueRequired\":true,\"valueName\":\"search_term_string\"}}],\"inLanguage\":\"en-US\"},{\"@type\":\"Organization\",\"@id\":\"https:\\\/\\\/aeeolica.org\\\/#organization\",\"name\":\"Asociaci\u00f3n Empresarial E\u00f3lica\",\"url\":\"https:\\\/\\\/aeeolica.org\\\/\",\"logo\":{\"@type\":\"ImageObject\",\"inLanguage\":\"en-US\",\"@id\":\"https:\\\/\\\/aeeolica.org\\\/#\\\/schema\\\/logo\\\/image\\\/\",\"url\":\"https:\\\/\\\/aeeolica.org\\\/wp-content\\\/uploads\\\/2021\\\/08\\\/logo-aee.png\",\"contentUrl\":\"https:\\\/\\\/aeeolica.org\\\/wp-content\\\/uploads\\\/2021\\\/08\\\/logo-aee.png\",\"width\":180,\"height\":78,\"caption\":\"Asociaci\u00f3n Empresarial E\u00f3lica\"},\"image\":{\"@id\":\"https:\\\/\\\/aeeolica.org\\\/#\\\/schema\\\/logo\\\/image\\\/\"},\"sameAs\":[\"https:\\\/\\\/www.facebook.com\\\/aeeolica\",\"https:\\\/\\\/x.com\\\/aeeolica\",\"https:\\\/\\\/www.instagram.com\\\/aeeolica\\\/\",\"https:\\\/\\\/www.linkedin.com\\\/in\\\/aee-asociaci\u00f3n-empresarial-e\u00f3lica-6830946b\\\/\",\"https:\\\/\\\/www.youtube.com\\\/user\\\/AEEolica\"]},{\"@type\":\"Person\",\"@id\":\"https:\\\/\\\/aeeolica.org\\\/#\\\/schema\\\/person\\\/064b26f21f7ed52e0b3854e6b52f9772\",\"name\":\"Morante D\u00edaz, Mar\u00eda del Mar\",\"image\":{\"@type\":\"ImageObject\",\"inLanguage\":\"en-US\",\"@id\":\"https:\\\/\\\/secure.gravatar.com\\\/avatar\\\/8bfd23e1c4bf5aa0b9314f1c5c9d644e62672831e6a512513954c3f15dffdd5a?s=96&d=mm&r=g\",\"url\":\"https:\\\/\\\/secure.gravatar.com\\\/avatar\\\/8bfd23e1c4bf5aa0b9314f1c5c9d644e62672831e6a512513954c3f15dffdd5a?s=96&d=mm&r=g\",\"contentUrl\":\"https:\\\/\\\/secure.gravatar.com\\\/avatar\\\/8bfd23e1c4bf5aa0b9314f1c5c9d644e62672831e6a512513954c3f15dffdd5a?s=96&d=mm&r=g\",\"caption\":\"Morante D\u00edaz, Mar\u00eda del Mar\"},\"url\":\"https:\\\/\\\/aeeolica.org\\\/en\\\/author\\\/mar\\\/\"}]}<\/script>\n<!-- \/ Yoast SEO plugin. -->","yoast_head_json":{"title":"Navantia Seanergies y la UPM impulsan la investigaci\u00f3n en e\u00f3lica marina - Asociaci\u00f3n Empresarial E\u00f3lica","robots":{"index":"index","follow":"follow","max-snippet":"max-snippet:-1","max-image-preview":"max-image-preview:large","max-video-preview":"max-video-preview:-1"},"canonical":"https:\/\/aeeolica.org\/navantia-seanergies-y-la-upm-impulsan-la-investigacion-en-eolica-marina\/","og_locale":"en_US","og_type":"article","og_title":"Navantia Seanergies y la UPM impulsan la investigaci\u00f3n en e\u00f3lica marina - Asociaci\u00f3n Empresarial E\u00f3lica","og_description":"Navantia Seanergies y la Universidad Polit\u00e9cnica de Madrid (UPM) refuerzan su colaboraci\u00f3n a trav\u00e9s del lanzamiento del Programa de E\u00f3lica Marina, bajo el marco de las actividades de la C\u00e1tedra [&hellip;]","og_url":"https:\/\/aeeolica.org\/navantia-seanergies-y-la-upm-impulsan-la-investigacion-en-eolica-marina\/","og_site_name":"Asociaci\u00f3n Empresarial E\u00f3lica","article_publisher":"https:\/\/www.facebook.com\/aeeolica","article_published_time":"2026-03-27T00:07:28+00:00","article_modified_time":"2026-03-27T00:07:29+00:00","og_image":[{"width":2560,"height":1707,"url":"https:\/\/aeeolica.org\/wp-content\/uploads\/2026\/03\/Maniobra-Load-In-enero-2020.jpg","type":"image\/jpeg"}],"author":"Morante D\u00edaz, Mar\u00eda del Mar","twitter_card":"summary_large_image","twitter_creator":"@aeeolica","twitter_site":"@aeeolica","twitter_misc":{"Written by":"Morante D\u00edaz, Mar\u00eda del Mar","Est. reading time":"5 minutes"},"schema":{"@context":"https:\/\/schema.org","@graph":[{"@type":"Article","@id":"https:\/\/aeeolica.org\/navantia-seanergies-y-la-upm-impulsan-la-investigacion-en-eolica-marina\/#article","isPartOf":{"@id":"https:\/\/aeeolica.org\/navantia-seanergies-y-la-upm-impulsan-la-investigacion-en-eolica-marina\/"},"author":{"name":"Morante D\u00edaz, Mar\u00eda del Mar","@id":"https:\/\/aeeolica.org\/#\/schema\/person\/064b26f21f7ed52e0b3854e6b52f9772"},"headline":"Navantia Seanergies y la UPM impulsan la investigaci\u00f3n en e\u00f3lica marina","datePublished":"2026-03-27T00:07:28+00:00","dateModified":"2026-03-27T00:07:29+00:00","mainEntityOfPage":{"@id":"https:\/\/aeeolica.org\/navantia-seanergies-y-la-upm-impulsan-la-investigacion-en-eolica-marina\/"},"wordCount":963,"publisher":{"@id":"https:\/\/aeeolica.org\/#organization"},"image":{"@id":"https:\/\/aeeolica.org\/navantia-seanergies-y-la-upm-impulsan-la-investigacion-en-eolica-marina\/#primaryimage"},"thumbnailUrl":"https:\/\/aeeolica.org\/wp-content\/uploads\/2026\/03\/Maniobra-Load-In-enero-2020.jpg","articleSection":["Newsletter 30 Marzo 2026"],"inLanguage":"en-US"},{"@type":"WebPage","@id":"https:\/\/aeeolica.org\/navantia-seanergies-y-la-upm-impulsan-la-investigacion-en-eolica-marina\/","url":"https:\/\/aeeolica.org\/navantia-seanergies-y-la-upm-impulsan-la-investigacion-en-eolica-marina\/","name":"Navantia Seanergies y la UPM impulsan la investigaci\u00f3n en e\u00f3lica marina - Asociaci\u00f3n Empresarial E\u00f3lica","isPartOf":{"@id":"https:\/\/aeeolica.org\/#website"},"primaryImageOfPage":{"@id":"https:\/\/aeeolica.org\/navantia-seanergies-y-la-upm-impulsan-la-investigacion-en-eolica-marina\/#primaryimage"},"image":{"@id":"https:\/\/aeeolica.org\/navantia-seanergies-y-la-upm-impulsan-la-investigacion-en-eolica-marina\/#primaryimage"},"thumbnailUrl":"https:\/\/aeeolica.org\/wp-content\/uploads\/2026\/03\/Maniobra-Load-In-enero-2020.jpg","datePublished":"2026-03-27T00:07:28+00:00","dateModified":"2026-03-27T00:07:29+00:00","breadcrumb":{"@id":"https:\/\/aeeolica.org\/navantia-seanergies-y-la-upm-impulsan-la-investigacion-en-eolica-marina\/#breadcrumb"},"inLanguage":"en-US","potentialAction":[{"@type":"ReadAction","target":["https:\/\/aeeolica.org\/navantia-seanergies-y-la-upm-impulsan-la-investigacion-en-eolica-marina\/"]}]},{"@type":"ImageObject","inLanguage":"en-US","@id":"https:\/\/aeeolica.org\/navantia-seanergies-y-la-upm-impulsan-la-investigacion-en-eolica-marina\/#primaryimage","url":"https:\/\/aeeolica.org\/wp-content\/uploads\/2026\/03\/Maniobra-Load-In-enero-2020.jpg","contentUrl":"https:\/\/aeeolica.org\/wp-content\/uploads\/2026\/03\/Maniobra-Load-In-enero-2020.jpg","width":2560,"height":1707},{"@type":"BreadcrumbList","@id":"https:\/\/aeeolica.org\/navantia-seanergies-y-la-upm-impulsan-la-investigacion-en-eolica-marina\/#breadcrumb","itemListElement":[{"@type":"ListItem","position":1,"name":"Portada","item":"https:\/\/aeeolica.org\/en\/inicio\/"},{"@type":"ListItem","position":2,"name":"Navantia Seanergies y la UPM impulsan la investigaci\u00f3n en e\u00f3lica marina"}]},{"@type":"WebSite","@id":"https:\/\/aeeolica.org\/#website","url":"https:\/\/aeeolica.org\/","name":"Asociaci\u00f3n Empresarial E\u00f3lica","description":"AEE Asociaci\u00f3n Empresarial E\u00f3lica","publisher":{"@id":"https:\/\/aeeolica.org\/#organization"},"potentialAction":[{"@type":"SearchAction","target":{"@type":"EntryPoint","urlTemplate":"https:\/\/aeeolica.org\/?s={search_term_string}"},"query-input":{"@type":"PropertyValueSpecification","valueRequired":true,"valueName":"search_term_string"}}],"inLanguage":"en-US"},{"@type":"Organization","@id":"https:\/\/aeeolica.org\/#organization","name":"Asociaci\u00f3n Empresarial E\u00f3lica","url":"https:\/\/aeeolica.org\/","logo":{"@type":"ImageObject","inLanguage":"en-US","@id":"https:\/\/aeeolica.org\/#\/schema\/logo\/image\/","url":"https:\/\/aeeolica.org\/wp-content\/uploads\/2021\/08\/logo-aee.png","contentUrl":"https:\/\/aeeolica.org\/wp-content\/uploads\/2021\/08\/logo-aee.png","width":180,"height":78,"caption":"Asociaci\u00f3n Empresarial E\u00f3lica"},"image":{"@id":"https:\/\/aeeolica.org\/#\/schema\/logo\/image\/"},"sameAs":["https:\/\/www.facebook.com\/aeeolica","https:\/\/x.com\/aeeolica","https:\/\/www.instagram.com\/aeeolica\/","https:\/\/www.linkedin.com\/in\/aee-asociaci\u00f3n-empresarial-e\u00f3lica-6830946b\/","https:\/\/www.youtube.com\/user\/AEEolica"]},{"@type":"Person","@id":"https:\/\/aeeolica.org\/#\/schema\/person\/064b26f21f7ed52e0b3854e6b52f9772","name":"Morante D\u00edaz, Mar\u00eda del Mar","image":{"@type":"ImageObject","inLanguage":"en-US","@id":"https:\/\/secure.gravatar.com\/avatar\/8bfd23e1c4bf5aa0b9314f1c5c9d644e62672831e6a512513954c3f15dffdd5a?s=96&d=mm&r=g","url":"https:\/\/secure.gravatar.com\/avatar\/8bfd23e1c4bf5aa0b9314f1c5c9d644e62672831e6a512513954c3f15dffdd5a?s=96&d=mm&r=g","contentUrl":"https:\/\/secure.gravatar.com\/avatar\/8bfd23e1c4bf5aa0b9314f1c5c9d644e62672831e6a512513954c3f15dffdd5a?s=96&d=mm&r=g","caption":"Morante D\u00edaz, Mar\u00eda del Mar"},"url":"https:\/\/aeeolica.org\/en\/author\/mar\/"}]}},"_links":{"self":[{"href":"https:\/\/aeeolica.org\/en\/wp-json\/wp\/v2\/posts\/294354","targetHints":{"allow":["GET"]}}],"collection":[{"href":"https:\/\/aeeolica.org\/en\/wp-json\/wp\/v2\/posts"}],"about":[{"href":"https:\/\/aeeolica.org\/en\/wp-json\/wp\/v2\/types\/post"}],"author":[{"embeddable":true,"href":"https:\/\/aeeolica.org\/en\/wp-json\/wp\/v2\/users\/2"}],"replies":[{"embeddable":true,"href":"https:\/\/aeeolica.org\/en\/wp-json\/wp\/v2\/comments?post=294354"}],"version-history":[{"count":1,"href":"https:\/\/aeeolica.org\/en\/wp-json\/wp\/v2\/posts\/294354\/revisions"}],"predecessor-version":[{"id":294357,"href":"https:\/\/aeeolica.org\/en\/wp-json\/wp\/v2\/posts\/294354\/revisions\/294357"}],"wp:featuredmedia":[{"embeddable":true,"href":"https:\/\/aeeolica.org\/en\/wp-json\/wp\/v2\/media\/294352"}],"wp:attachment":[{"href":"https:\/\/aeeolica.org\/en\/wp-json\/wp\/v2\/media?parent=294354"}],"wp:term":[{"taxonomy":"category","embeddable":true,"href":"https:\/\/aeeolica.org\/en\/wp-json\/wp\/v2\/categories?post=294354"},{"taxonomy":"post_tag","embeddable":true,"href":"https:\/\/aeeolica.org\/en\/wp-json\/wp\/v2\/tags?post=294354"}],"curies":[{"name":"wp","href":"https:\/\/api.w.org\/{rel}","templated":true}]}}