{"id":294364,"date":"2026-03-27T01:23:02","date_gmt":"2026-03-27T00:23:02","guid":{"rendered":"https:\/\/aeeolica.org\/?p=294364"},"modified":"2026-03-27T01:23:04","modified_gmt":"2026-03-27T00:23:04","slug":"espana-avanza-en-redes-electricas-offshore-con-el-proyecto-coneccmar-liderado-por-sener","status":"publish","type":"post","link":"https:\/\/aeeolica.org\/en\/espana-avanza-en-redes-electricas-offshore-con-el-proyecto-coneccmar-liderado-por-sener\/","title":{"rendered":"Espa\u00f1a avanza en redes el\u00e9ctricas offshore con el proyecto CONECCMAR, liderado por Sener"},"content":{"rendered":"\n<ul class=\"wp-block-list\">\n<li>Sener liderar\u00e1 el programa de I+D CONexi\u00f3n El\u00e9ctrica en Corriente Continua MARina (CONECCMAR), en consorcio con las entidades tecnol\u00f3gicas Seaplace, Instituto de Investigaci\u00f3n Tecnol\u00f3gica (Universidad Pontificia Comillas), CoreMarine, Deep Insight Blue y Ravenwits. El proyecto contar\u00e1 con el acompa\u00f1amiento de un grupo asesor formado por Acciona Energ\u00eda, Naturgy y Navantia Seanergies. Asimismo, cuenta con el inter\u00e9s de Redeia a trav\u00e9s de una carta de apoyo.<\/li>\n<\/ul>\n\n\n\n<ul class=\"wp-block-list\">\n<li>El proyecto est\u00e1 cofinanciado por la Comunidad de Madrid y el Fondo Europeo de Desarrollo Regional, en el marco de las ayudas destinadas a fomentar la cooperaci\u00f3n p\u00fablico\u2011privada en I+D+i mediante proyectos tractores en consorcio.<\/li>\n<\/ul>\n\n\n\n<p>Sener lidera un consorcio formado por el grupo de ingenier\u00eda y tecnolog\u00eda y las entidades especializadas Seaplace, Instituto de Investigaci\u00f3n Tecnol\u00f3gica (Universidad Pontificia Comillas), CoreMarine, Deep Insight Blue y Ravenwits para llevar a cabo el programa de I+D CONECCMAR. Este programa, orientado a desarrollar la pr\u00f3xima generaci\u00f3n de infraestructuras el\u00e9ctricas marinas de alta tensi\u00f3n en corriente continua (HVDC), es un elemento clave para el despliegue de la e\u00f3lica marina en Europa. El proyecto contar\u00e1 con el apoyo estrat\u00e9gico de un grupo asesor integrado por Acciona Energ\u00eda, Naturgy y Navantia Seanergies, quienes contribuir\u00e1n con su experiencia para alinear los desarrollos del programa con los retos actuales y futuros del sistema el\u00e9ctrico y del sector energ\u00e9tico. Asimismo, Redeia ha demostrado inter\u00e9s en el proyecto a trav\u00e9s de una carta de apoyo al mismo.<\/p>\n\n\n\n<p>CONECCMAR tiene como objetivo generar nuevo conocimiento cient\u00edfico y tecnol\u00f3gico en el \u00e1mbito de las infraestructuras el\u00e9ctricas marinas en corriente continua, mediante investigaci\u00f3n aplicada en tres l\u00edneas principales: subestaciones flotantes HVDC basadas en conceptos avanzados; estructuras fijas <em>compliant<\/em> para grandes profundidades; y nodos <em>offshore<\/em> de interconexi\u00f3n HVDC h\u00edbridos multiterminal. Durante los pr\u00f3ximos dos a\u00f1os, el consorcio desarrollar\u00e1 estos tres ejes de investigaci\u00f3n para establecer las bases t\u00e9cnicas y funcionales de una futura generaci\u00f3n de soluciones tecnol\u00f3gicas capaces de operar en entornos <em>offshore<\/em> altamente exigentes.<\/p>\n\n\n\n<p>La iniciativa se alinea con los objetivos europeos de descarbonizaci\u00f3n y neutralidad clim\u00e1tica, que requieren infraestructuras marinas avanzadas capaces de integrar nuevos parques e\u00f3licos en aguas profundas y habilitar sistemas h\u00edbridos multiterminal, combinando en un mismo nodo la evacuaci\u00f3n de generaci\u00f3n renovable y la interconexi\u00f3n el\u00e9ctrica transnacional.<\/p>\n\n\n\n<p>El proyecto cuenta con cofinanciaci\u00f3n de la Comunidad de Madrid (CTVI) y del Fondo Europeo de Desarrollo Regional (FEDER), a trav\u00e9s del programa de ayudas para impulsar la cooperaci\u00f3n p\u00fablico\u2011privada en I+D+i mediante proyectos tractores en consorcio (n.\u00ba 59\/317816.9\/25).<\/p>\n\n\n\n<p>Esta alianza supone un paso adelante en el desarrollo de las redes el\u00e9ctricas marinas que Europa necesitar\u00e1 en los pr\u00f3ximos a\u00f1os y refuerza el papel de Espa\u00f1a como uno de los pa\u00edses impulsores de las tecnolog\u00edas que har\u00e1n posible la transici\u00f3n energ\u00e9tica.<\/p>\n\n\n\n<p><a id=\"_msocom_1\"><\/a><\/p>\n","protected":false},"excerpt":{"rendered":"<p>Sener lidera un consorcio formado por el grupo de ingenier\u00eda y tecnolog\u00eda y las entidades especializadas Seaplace, Instituto de Investigaci\u00f3n Tecnol\u00f3gica (Universidad Pontificia Comillas), CoreMarine, Deep Insight Blue y Ravenwits [&hellip;]<\/p>\n","protected":false},"author":2,"featured_media":294365,"comment_status":"closed","ping_status":"open","sticky":false,"template":"","format":"standard","meta":{"_acf_changed":false,"_bbp_topic_count":0,"_bbp_reply_count":0,"_bbp_total_topic_count":0,"_bbp_total_reply_count":0,"_bbp_voice_count":0,"_bbp_anonymous_reply_count":0,"_bbp_topic_count_hidden":0,"_bbp_reply_count_hidden":0,"_bbp_forum_subforum_count":0,"_et_pb_use_builder":"","_et_pb_old_content":"","_et_gb_content_width":"","footnotes":""},"categories":[546],"tags":[],"class_list":["post-294364","post","type-post","status-publish","format-standard","has-post-thumbnail","hentry","category-newsletter-30-marzo-2026"],"acf":[],"yoast_head":"<!-- This site is optimized with the Yoast SEO plugin v27.4 - https:\/\/yoast.com\/product\/yoast-seo-wordpress\/ -->\n<title>Espa\u00f1a avanza en redes el\u00e9ctricas offshore con el proyecto CONECCMAR, liderado por Sener - Asociaci\u00f3n Empresarial E\u00f3lica<\/title>\n<meta name=\"robots\" content=\"index, follow, max-snippet:-1, max-image-preview:large, max-video-preview:-1\" \/>\n<link rel=\"canonical\" href=\"https:\/\/aeeolica.org\/espana-avanza-en-redes-electricas-offshore-con-el-proyecto-coneccmar-liderado-por-sener\/\" \/>\n<meta property=\"og:locale\" content=\"en_US\" \/>\n<meta property=\"og:type\" content=\"article\" \/>\n<meta property=\"og:title\" content=\"Espa\u00f1a avanza en redes el\u00e9ctricas offshore con el proyecto CONECCMAR, liderado por Sener - Asociaci\u00f3n Empresarial E\u00f3lica\" \/>\n<meta property=\"og:description\" content=\"Sener lidera un consorcio formado por el grupo de ingenier\u00eda y tecnolog\u00eda y las entidades especializadas Seaplace, Instituto de Investigaci\u00f3n Tecnol\u00f3gica (Universidad Pontificia Comillas), CoreMarine, Deep Insight Blue y Ravenwits [&hellip;]\" \/>\n<meta property=\"og:url\" content=\"https:\/\/aeeolica.org\/espana-avanza-en-redes-electricas-offshore-con-el-proyecto-coneccmar-liderado-por-sener\/\" \/>\n<meta property=\"og:site_name\" content=\"Asociaci\u00f3n Empresarial E\u00f3lica\" \/>\n<meta property=\"article:publisher\" content=\"https:\/\/www.facebook.com\/aeeolica\" \/>\n<meta property=\"article:published_time\" content=\"2026-03-27T00:23:02+00:00\" \/>\n<meta property=\"article:modified_time\" content=\"2026-03-27T00:23:04+00:00\" \/>\n<meta property=\"og:image\" content=\"https:\/\/aeeolica.org\/wp-content\/uploads\/2026\/03\/OffshoreWind_Sener.jpeg\" \/>\n\t<meta property=\"og:image:width\" content=\"2560\" \/>\n\t<meta property=\"og:image:height\" content=\"1288\" \/>\n\t<meta property=\"og:image:type\" content=\"image\/jpeg\" \/>\n<meta name=\"author\" content=\"Morante D\u00edaz, Mar\u00eda del Mar\" \/>\n<meta name=\"twitter:card\" content=\"summary_large_image\" \/>\n<meta name=\"twitter:creator\" content=\"@aeeolica\" \/>\n<meta name=\"twitter:site\" content=\"@aeeolica\" \/>\n<meta name=\"twitter:label1\" content=\"Written by\" \/>\n\t<meta name=\"twitter:data1\" content=\"Morante D\u00edaz, Mar\u00eda del Mar\" \/>\n\t<meta name=\"twitter:label2\" content=\"Est. reading time\" \/>\n\t<meta name=\"twitter:data2\" content=\"3 minutes\" \/>\n<script type=\"application\/ld+json\" class=\"yoast-schema-graph\">{\"@context\":\"https:\\\/\\\/schema.org\",\"@graph\":[{\"@type\":\"Article\",\"@id\":\"https:\\\/\\\/aeeolica.org\\\/espana-avanza-en-redes-electricas-offshore-con-el-proyecto-coneccmar-liderado-por-sener\\\/#article\",\"isPartOf\":{\"@id\":\"https:\\\/\\\/aeeolica.org\\\/espana-avanza-en-redes-electricas-offshore-con-el-proyecto-coneccmar-liderado-por-sener\\\/\"},\"author\":{\"name\":\"Morante D\u00edaz, Mar\u00eda del Mar\",\"@id\":\"https:\\\/\\\/aeeolica.org\\\/#\\\/schema\\\/person\\\/064b26f21f7ed52e0b3854e6b52f9772\"},\"headline\":\"Espa\u00f1a avanza en redes el\u00e9ctricas offshore con el proyecto CONECCMAR, liderado por Sener\",\"datePublished\":\"2026-03-27T00:23:02+00:00\",\"dateModified\":\"2026-03-27T00:23:04+00:00\",\"mainEntityOfPage\":{\"@id\":\"https:\\\/\\\/aeeolica.org\\\/espana-avanza-en-redes-electricas-offshore-con-el-proyecto-coneccmar-liderado-por-sener\\\/\"},\"wordCount\":526,\"publisher\":{\"@id\":\"https:\\\/\\\/aeeolica.org\\\/#organization\"},\"image\":{\"@id\":\"https:\\\/\\\/aeeolica.org\\\/espana-avanza-en-redes-electricas-offshore-con-el-proyecto-coneccmar-liderado-por-sener\\\/#primaryimage\"},\"thumbnailUrl\":\"https:\\\/\\\/aeeolica.org\\\/wp-content\\\/uploads\\\/2026\\\/03\\\/OffshoreWind_Sener.jpeg\",\"articleSection\":[\"Newsletter 30 Marzo 2026\"],\"inLanguage\":\"en-US\"},{\"@type\":\"WebPage\",\"@id\":\"https:\\\/\\\/aeeolica.org\\\/espana-avanza-en-redes-electricas-offshore-con-el-proyecto-coneccmar-liderado-por-sener\\\/\",\"url\":\"https:\\\/\\\/aeeolica.org\\\/espana-avanza-en-redes-electricas-offshore-con-el-proyecto-coneccmar-liderado-por-sener\\\/\",\"name\":\"Espa\u00f1a avanza en redes el\u00e9ctricas offshore con el proyecto CONECCMAR, liderado por Sener - Asociaci\u00f3n Empresarial E\u00f3lica\",\"isPartOf\":{\"@id\":\"https:\\\/\\\/aeeolica.org\\\/#website\"},\"primaryImageOfPage\":{\"@id\":\"https:\\\/\\\/aeeolica.org\\\/espana-avanza-en-redes-electricas-offshore-con-el-proyecto-coneccmar-liderado-por-sener\\\/#primaryimage\"},\"image\":{\"@id\":\"https:\\\/\\\/aeeolica.org\\\/espana-avanza-en-redes-electricas-offshore-con-el-proyecto-coneccmar-liderado-por-sener\\\/#primaryimage\"},\"thumbnailUrl\":\"https:\\\/\\\/aeeolica.org\\\/wp-content\\\/uploads\\\/2026\\\/03\\\/OffshoreWind_Sener.jpeg\",\"datePublished\":\"2026-03-27T00:23:02+00:00\",\"dateModified\":\"2026-03-27T00:23:04+00:00\",\"breadcrumb\":{\"@id\":\"https:\\\/\\\/aeeolica.org\\\/espana-avanza-en-redes-electricas-offshore-con-el-proyecto-coneccmar-liderado-por-sener\\\/#breadcrumb\"},\"inLanguage\":\"en-US\",\"potentialAction\":[{\"@type\":\"ReadAction\",\"target\":[\"https:\\\/\\\/aeeolica.org\\\/espana-avanza-en-redes-electricas-offshore-con-el-proyecto-coneccmar-liderado-por-sener\\\/\"]}]},{\"@type\":\"ImageObject\",\"inLanguage\":\"en-US\",\"@id\":\"https:\\\/\\\/aeeolica.org\\\/espana-avanza-en-redes-electricas-offshore-con-el-proyecto-coneccmar-liderado-por-sener\\\/#primaryimage\",\"url\":\"https:\\\/\\\/aeeolica.org\\\/wp-content\\\/uploads\\\/2026\\\/03\\\/OffshoreWind_Sener.jpeg\",\"contentUrl\":\"https:\\\/\\\/aeeolica.org\\\/wp-content\\\/uploads\\\/2026\\\/03\\\/OffshoreWind_Sener.jpeg\",\"width\":2560,\"height\":1288},{\"@type\":\"BreadcrumbList\",\"@id\":\"https:\\\/\\\/aeeolica.org\\\/espana-avanza-en-redes-electricas-offshore-con-el-proyecto-coneccmar-liderado-por-sener\\\/#breadcrumb\",\"itemListElement\":[{\"@type\":\"ListItem\",\"position\":1,\"name\":\"Portada\",\"item\":\"https:\\\/\\\/aeeolica.org\\\/en\\\/inicio\\\/\"},{\"@type\":\"ListItem\",\"position\":2,\"name\":\"Espa\u00f1a avanza en redes el\u00e9ctricas offshore con el proyecto CONECCMAR, liderado por Sener\"}]},{\"@type\":\"WebSite\",\"@id\":\"https:\\\/\\\/aeeolica.org\\\/#website\",\"url\":\"https:\\\/\\\/aeeolica.org\\\/\",\"name\":\"Asociaci\u00f3n Empresarial E\u00f3lica\",\"description\":\"AEE Asociaci\u00f3n Empresarial E\u00f3lica\",\"publisher\":{\"@id\":\"https:\\\/\\\/aeeolica.org\\\/#organization\"},\"potentialAction\":[{\"@type\":\"SearchAction\",\"target\":{\"@type\":\"EntryPoint\",\"urlTemplate\":\"https:\\\/\\\/aeeolica.org\\\/?s={search_term_string}\"},\"query-input\":{\"@type\":\"PropertyValueSpecification\",\"valueRequired\":true,\"valueName\":\"search_term_string\"}}],\"inLanguage\":\"en-US\"},{\"@type\":\"Organization\",\"@id\":\"https:\\\/\\\/aeeolica.org\\\/#organization\",\"name\":\"Asociaci\u00f3n Empresarial E\u00f3lica\",\"url\":\"https:\\\/\\\/aeeolica.org\\\/\",\"logo\":{\"@type\":\"ImageObject\",\"inLanguage\":\"en-US\",\"@id\":\"https:\\\/\\\/aeeolica.org\\\/#\\\/schema\\\/logo\\\/image\\\/\",\"url\":\"https:\\\/\\\/aeeolica.org\\\/wp-content\\\/uploads\\\/2021\\\/08\\\/logo-aee.png\",\"contentUrl\":\"https:\\\/\\\/aeeolica.org\\\/wp-content\\\/uploads\\\/2021\\\/08\\\/logo-aee.png\",\"width\":180,\"height\":78,\"caption\":\"Asociaci\u00f3n Empresarial E\u00f3lica\"},\"image\":{\"@id\":\"https:\\\/\\\/aeeolica.org\\\/#\\\/schema\\\/logo\\\/image\\\/\"},\"sameAs\":[\"https:\\\/\\\/www.facebook.com\\\/aeeolica\",\"https:\\\/\\\/x.com\\\/aeeolica\",\"https:\\\/\\\/www.instagram.com\\\/aeeolica\\\/\",\"https:\\\/\\\/www.linkedin.com\\\/in\\\/aee-asociaci\u00f3n-empresarial-e\u00f3lica-6830946b\\\/\",\"https:\\\/\\\/www.youtube.com\\\/user\\\/AEEolica\"]},{\"@type\":\"Person\",\"@id\":\"https:\\\/\\\/aeeolica.org\\\/#\\\/schema\\\/person\\\/064b26f21f7ed52e0b3854e6b52f9772\",\"name\":\"Morante D\u00edaz, Mar\u00eda del Mar\",\"image\":{\"@type\":\"ImageObject\",\"inLanguage\":\"en-US\",\"@id\":\"https:\\\/\\\/secure.gravatar.com\\\/avatar\\\/8bfd23e1c4bf5aa0b9314f1c5c9d644e62672831e6a512513954c3f15dffdd5a?s=96&d=mm&r=g\",\"url\":\"https:\\\/\\\/secure.gravatar.com\\\/avatar\\\/8bfd23e1c4bf5aa0b9314f1c5c9d644e62672831e6a512513954c3f15dffdd5a?s=96&d=mm&r=g\",\"contentUrl\":\"https:\\\/\\\/secure.gravatar.com\\\/avatar\\\/8bfd23e1c4bf5aa0b9314f1c5c9d644e62672831e6a512513954c3f15dffdd5a?s=96&d=mm&r=g\",\"caption\":\"Morante D\u00edaz, Mar\u00eda del Mar\"},\"url\":\"https:\\\/\\\/aeeolica.org\\\/en\\\/author\\\/mar\\\/\"}]}<\/script>\n<!-- \/ Yoast SEO plugin. -->","yoast_head_json":{"title":"Espa\u00f1a avanza en redes el\u00e9ctricas offshore con el proyecto CONECCMAR, liderado por Sener - Asociaci\u00f3n Empresarial E\u00f3lica","robots":{"index":"index","follow":"follow","max-snippet":"max-snippet:-1","max-image-preview":"max-image-preview:large","max-video-preview":"max-video-preview:-1"},"canonical":"https:\/\/aeeolica.org\/espana-avanza-en-redes-electricas-offshore-con-el-proyecto-coneccmar-liderado-por-sener\/","og_locale":"en_US","og_type":"article","og_title":"Espa\u00f1a avanza en redes el\u00e9ctricas offshore con el proyecto CONECCMAR, liderado por Sener - Asociaci\u00f3n Empresarial E\u00f3lica","og_description":"Sener lidera un consorcio formado por el grupo de ingenier\u00eda y tecnolog\u00eda y las entidades especializadas Seaplace, Instituto de Investigaci\u00f3n Tecnol\u00f3gica (Universidad Pontificia Comillas), CoreMarine, Deep Insight Blue y Ravenwits [&hellip;]","og_url":"https:\/\/aeeolica.org\/espana-avanza-en-redes-electricas-offshore-con-el-proyecto-coneccmar-liderado-por-sener\/","og_site_name":"Asociaci\u00f3n Empresarial E\u00f3lica","article_publisher":"https:\/\/www.facebook.com\/aeeolica","article_published_time":"2026-03-27T00:23:02+00:00","article_modified_time":"2026-03-27T00:23:04+00:00","og_image":[{"width":2560,"height":1288,"url":"https:\/\/aeeolica.org\/wp-content\/uploads\/2026\/03\/OffshoreWind_Sener.jpeg","type":"image\/jpeg"}],"author":"Morante D\u00edaz, Mar\u00eda del Mar","twitter_card":"summary_large_image","twitter_creator":"@aeeolica","twitter_site":"@aeeolica","twitter_misc":{"Written by":"Morante D\u00edaz, Mar\u00eda del Mar","Est. reading time":"3 minutes"},"schema":{"@context":"https:\/\/schema.org","@graph":[{"@type":"Article","@id":"https:\/\/aeeolica.org\/espana-avanza-en-redes-electricas-offshore-con-el-proyecto-coneccmar-liderado-por-sener\/#article","isPartOf":{"@id":"https:\/\/aeeolica.org\/espana-avanza-en-redes-electricas-offshore-con-el-proyecto-coneccmar-liderado-por-sener\/"},"author":{"name":"Morante D\u00edaz, Mar\u00eda del Mar","@id":"https:\/\/aeeolica.org\/#\/schema\/person\/064b26f21f7ed52e0b3854e6b52f9772"},"headline":"Espa\u00f1a avanza en redes el\u00e9ctricas offshore con el proyecto CONECCMAR, liderado por Sener","datePublished":"2026-03-27T00:23:02+00:00","dateModified":"2026-03-27T00:23:04+00:00","mainEntityOfPage":{"@id":"https:\/\/aeeolica.org\/espana-avanza-en-redes-electricas-offshore-con-el-proyecto-coneccmar-liderado-por-sener\/"},"wordCount":526,"publisher":{"@id":"https:\/\/aeeolica.org\/#organization"},"image":{"@id":"https:\/\/aeeolica.org\/espana-avanza-en-redes-electricas-offshore-con-el-proyecto-coneccmar-liderado-por-sener\/#primaryimage"},"thumbnailUrl":"https:\/\/aeeolica.org\/wp-content\/uploads\/2026\/03\/OffshoreWind_Sener.jpeg","articleSection":["Newsletter 30 Marzo 2026"],"inLanguage":"en-US"},{"@type":"WebPage","@id":"https:\/\/aeeolica.org\/espana-avanza-en-redes-electricas-offshore-con-el-proyecto-coneccmar-liderado-por-sener\/","url":"https:\/\/aeeolica.org\/espana-avanza-en-redes-electricas-offshore-con-el-proyecto-coneccmar-liderado-por-sener\/","name":"Espa\u00f1a avanza en redes el\u00e9ctricas offshore con el proyecto CONECCMAR, liderado por Sener - Asociaci\u00f3n Empresarial E\u00f3lica","isPartOf":{"@id":"https:\/\/aeeolica.org\/#website"},"primaryImageOfPage":{"@id":"https:\/\/aeeolica.org\/espana-avanza-en-redes-electricas-offshore-con-el-proyecto-coneccmar-liderado-por-sener\/#primaryimage"},"image":{"@id":"https:\/\/aeeolica.org\/espana-avanza-en-redes-electricas-offshore-con-el-proyecto-coneccmar-liderado-por-sener\/#primaryimage"},"thumbnailUrl":"https:\/\/aeeolica.org\/wp-content\/uploads\/2026\/03\/OffshoreWind_Sener.jpeg","datePublished":"2026-03-27T00:23:02+00:00","dateModified":"2026-03-27T00:23:04+00:00","breadcrumb":{"@id":"https:\/\/aeeolica.org\/espana-avanza-en-redes-electricas-offshore-con-el-proyecto-coneccmar-liderado-por-sener\/#breadcrumb"},"inLanguage":"en-US","potentialAction":[{"@type":"ReadAction","target":["https:\/\/aeeolica.org\/espana-avanza-en-redes-electricas-offshore-con-el-proyecto-coneccmar-liderado-por-sener\/"]}]},{"@type":"ImageObject","inLanguage":"en-US","@id":"https:\/\/aeeolica.org\/espana-avanza-en-redes-electricas-offshore-con-el-proyecto-coneccmar-liderado-por-sener\/#primaryimage","url":"https:\/\/aeeolica.org\/wp-content\/uploads\/2026\/03\/OffshoreWind_Sener.jpeg","contentUrl":"https:\/\/aeeolica.org\/wp-content\/uploads\/2026\/03\/OffshoreWind_Sener.jpeg","width":2560,"height":1288},{"@type":"BreadcrumbList","@id":"https:\/\/aeeolica.org\/espana-avanza-en-redes-electricas-offshore-con-el-proyecto-coneccmar-liderado-por-sener\/#breadcrumb","itemListElement":[{"@type":"ListItem","position":1,"name":"Portada","item":"https:\/\/aeeolica.org\/en\/inicio\/"},{"@type":"ListItem","position":2,"name":"Espa\u00f1a avanza en redes el\u00e9ctricas offshore con el proyecto CONECCMAR, liderado por Sener"}]},{"@type":"WebSite","@id":"https:\/\/aeeolica.org\/#website","url":"https:\/\/aeeolica.org\/","name":"Asociaci\u00f3n Empresarial E\u00f3lica","description":"AEE Asociaci\u00f3n Empresarial E\u00f3lica","publisher":{"@id":"https:\/\/aeeolica.org\/#organization"},"potentialAction":[{"@type":"SearchAction","target":{"@type":"EntryPoint","urlTemplate":"https:\/\/aeeolica.org\/?s={search_term_string}"},"query-input":{"@type":"PropertyValueSpecification","valueRequired":true,"valueName":"search_term_string"}}],"inLanguage":"en-US"},{"@type":"Organization","@id":"https:\/\/aeeolica.org\/#organization","name":"Asociaci\u00f3n Empresarial E\u00f3lica","url":"https:\/\/aeeolica.org\/","logo":{"@type":"ImageObject","inLanguage":"en-US","@id":"https:\/\/aeeolica.org\/#\/schema\/logo\/image\/","url":"https:\/\/aeeolica.org\/wp-content\/uploads\/2021\/08\/logo-aee.png","contentUrl":"https:\/\/aeeolica.org\/wp-content\/uploads\/2021\/08\/logo-aee.png","width":180,"height":78,"caption":"Asociaci\u00f3n Empresarial E\u00f3lica"},"image":{"@id":"https:\/\/aeeolica.org\/#\/schema\/logo\/image\/"},"sameAs":["https:\/\/www.facebook.com\/aeeolica","https:\/\/x.com\/aeeolica","https:\/\/www.instagram.com\/aeeolica\/","https:\/\/www.linkedin.com\/in\/aee-asociaci\u00f3n-empresarial-e\u00f3lica-6830946b\/","https:\/\/www.youtube.com\/user\/AEEolica"]},{"@type":"Person","@id":"https:\/\/aeeolica.org\/#\/schema\/person\/064b26f21f7ed52e0b3854e6b52f9772","name":"Morante D\u00edaz, Mar\u00eda del Mar","image":{"@type":"ImageObject","inLanguage":"en-US","@id":"https:\/\/secure.gravatar.com\/avatar\/8bfd23e1c4bf5aa0b9314f1c5c9d644e62672831e6a512513954c3f15dffdd5a?s=96&d=mm&r=g","url":"https:\/\/secure.gravatar.com\/avatar\/8bfd23e1c4bf5aa0b9314f1c5c9d644e62672831e6a512513954c3f15dffdd5a?s=96&d=mm&r=g","contentUrl":"https:\/\/secure.gravatar.com\/avatar\/8bfd23e1c4bf5aa0b9314f1c5c9d644e62672831e6a512513954c3f15dffdd5a?s=96&d=mm&r=g","caption":"Morante D\u00edaz, Mar\u00eda del Mar"},"url":"https:\/\/aeeolica.org\/en\/author\/mar\/"}]}},"_links":{"self":[{"href":"https:\/\/aeeolica.org\/en\/wp-json\/wp\/v2\/posts\/294364","targetHints":{"allow":["GET"]}}],"collection":[{"href":"https:\/\/aeeolica.org\/en\/wp-json\/wp\/v2\/posts"}],"about":[{"href":"https:\/\/aeeolica.org\/en\/wp-json\/wp\/v2\/types\/post"}],"author":[{"embeddable":true,"href":"https:\/\/aeeolica.org\/en\/wp-json\/wp\/v2\/users\/2"}],"replies":[{"embeddable":true,"href":"https:\/\/aeeolica.org\/en\/wp-json\/wp\/v2\/comments?post=294364"}],"version-history":[{"count":1,"href":"https:\/\/aeeolica.org\/en\/wp-json\/wp\/v2\/posts\/294364\/revisions"}],"predecessor-version":[{"id":294367,"href":"https:\/\/aeeolica.org\/en\/wp-json\/wp\/v2\/posts\/294364\/revisions\/294367"}],"wp:featuredmedia":[{"embeddable":true,"href":"https:\/\/aeeolica.org\/en\/wp-json\/wp\/v2\/media\/294365"}],"wp:attachment":[{"href":"https:\/\/aeeolica.org\/en\/wp-json\/wp\/v2\/media?parent=294364"}],"wp:term":[{"taxonomy":"category","embeddable":true,"href":"https:\/\/aeeolica.org\/en\/wp-json\/wp\/v2\/categories?post=294364"},{"taxonomy":"post_tag","embeddable":true,"href":"https:\/\/aeeolica.org\/en\/wp-json\/wp\/v2\/tags?post=294364"}],"curies":[{"name":"wp","href":"https:\/\/api.w.org\/{rel}","templated":true}]}}