{"id":294371,"date":"2026-03-27T12:22:32","date_gmt":"2026-03-27T11:22:32","guid":{"rendered":"https:\/\/aeeolica.org\/?p=294371"},"modified":"2026-03-27T12:22:33","modified_gmt":"2026-03-27T11:22:33","slug":"el-sector-eolico-valora-el-rdl-7-26-como-un-impulso-clave-para-la-repotenciacion-la-electrificacion-y-la-seguridad-energetica","status":"publish","type":"post","link":"https:\/\/aeeolica.org\/en\/el-sector-eolico-valora-el-rdl-7-26-como-un-impulso-clave-para-la-repotenciacion-la-electrificacion-y-la-seguridad-energetica\/","title":{"rendered":"El sector e\u00f3lico valora el RDL 7\/26 como un impulso clave para la repotenciaci\u00f3n, la electrificaci\u00f3n y la seguridad energ\u00e9tica"},"content":{"rendered":"\n<p><strong>La e\u00f3lica destaca su papel como tecnolog\u00eda aut\u00f3ctona, competitiva y clave para la estabilidad del sistema el\u00e9ctrico y la reindustrializaci\u00f3n del pa\u00eds.<br><br><strong>El sector e\u00f3lico espa\u00f1ol valora positivamente la convalidaci\u00f3n del RDL 7\/26 por parte del Parlamento, al considerar que supone un avance relevante para reforzar la seguridad jur\u00eddica de las inversiones, impulsar la repotenciaci\u00f3n de los parques e\u00f3licos y acelerar la electrificaci\u00f3n en un contexto de elevada incertidumbre energ\u00e9tica. Asimismo, destaca el consenso alcanzado entre las fuerzas pol\u00edticas como una se\u00f1al positiva en un momento de especial complejidad, en el que resulta clave avanzar en medidas que fortalezcan la competitividad econ\u00f3mica, la estabilidad del sistema el\u00e9ctrico y la autonom\u00eda energ\u00e9tica del pa\u00eds.<\/strong><\/strong><br><br>El sector e\u00f3lico agradece la convalidaci\u00f3n del RDL 7\/26 ayer en el Parlamento por parte de las fuerzas pol\u00edticas. Al igual que manifest\u00f3 p\u00fablicamente su consternaci\u00f3n cuando no se logr\u00f3 convalidar el RDL 7\/25 \u2013 una pieza normativa que conten\u00eda medidas estructurales y pol\u00edticamente agn\u00f3sticas, que iban en la buena direcci\u00f3n para ayudar a la competitividad de la econom\u00eda \u2013 en esta ocasi\u00f3n, el sector e\u00f3lico trasmite un mensaje positivo por la evoluci\u00f3n que se ha visto en el Congreso en relaci\u00f3n a sumar fuerzas en momentos de crisis de extraordinaria complejidad para nuestro pa\u00eds.<br><br><strong>El RDL 7\/26 aporta mayor seguridad jur\u00eddica para realizar inversiones en energ\u00eda e\u00f3lica en nuestro pa\u00eds. <\/strong>En Espa\u00f1a, en algunos territorios, ven\u00eda siendo posible la paralizaci\u00f3n de proyectos e\u00f3licos, con la perdida de oportunidades de inversi\u00f3n y la no creaci\u00f3n de miles de puestos de trabajo, simplemente por intereses que no representaban a una mayor\u00eda. La utilizaci\u00f3n de resquicios jur\u00eddicos permit\u00eda dilatar artificialmente el avance de los proyectos hasta llegar a incumplir los hitos administrativos obligatorios en la regulaci\u00f3n. La presentaci\u00f3n orquestada de recursos \u2013 tanto administrativos como contenciosos, sin argumentos s\u00f3lidos \u2013, que busca simplemente saturar a la administraci\u00f3n y los tribunales, ya no va a suponer un riesgo de anulaci\u00f3n de los proyectos per se. <strong>Con la aprobaci\u00f3n del RDL, durante el periodo de tiempo en el que se apliquen medidas cautelares, el contador de tiempo para el cumplimiento de los hitos se detiene.<\/strong><br><br>Por otro lado,<strong> el RDL apoya la repotenciaci\u00f3n de proyectos e\u00f3licos dot\u00e1ndoles de prioridad a la hora de la tramitaci\u00f3n administrativa al calificarlos como \u201cProyectos Energ\u00e9ticos Preferentes\u201d. <\/strong>Se establece que su aprobaci\u00f3n ambiental debe llevarse a cabo mediante un enfoque de impacto ambiental diferencial, es decir, evaluando aquellos aspectos que son adicionales respecto a la instalaci\u00f3n ya en funcionamiento y no respecto a la situaci\u00f3n del terreno en origen. La repotenciaci\u00f3n tiene beneficios ambientales y econ\u00f3micos, y tambi\u00e9n para el sistema el\u00e9ctrico. \u00a0La nueva tecnolog\u00eda e\u00f3lica genera m\u00e1s energ\u00eda por MW instalado y proporciona mejores servicios de estabilidad a la operaci\u00f3n del sistema el\u00e9ctrico. <strong>El sector e\u00f3lico pide ahora un siguiente paso: consensuar entre todos los \u00f3rganos ambientales, de las CCAA y el Ministerio, unos criterios ambientales diferenciales \u00fanicos, objetivos y razonables para evaluar el impacto diferencial.<\/strong><br><br>La <strong>reducci\u00f3n de la imposici\u00f3n fiscal<\/strong> a la electricidad que aprueba el RDL 7\/26 es una medida necesaria en pro de la <strong>protecci\u00f3n de los consumidores<\/strong> ante la escalada de precios del gas que, aunque en menor proporci\u00f3n que en otros pa\u00edses de nuestro entorno, a\u00fan sigue afectando a la formaci\u00f3n del precio de la electricidad en Espa\u00f1a. Esta<strong> reducci\u00f3n de impuestos a la electricidad deber\u00eda consolidarse como permanente <\/strong>principalmente con la eliminaci\u00f3n del IVPEE, como medida necesaria para <strong>fomentar la electrificaci\u00f3n<\/strong> y conseguir mayor competitividad y autonom\u00eda para nuestra econom\u00eda. Hay que lograr desenchufarnos de la dependencia de los entornos de riesgo exterior de los productos energ\u00e9ticos que actualmente son la mayor fuente de inestabilidad econ\u00f3mica mundial. Y la electrificaci\u00f3n es la soluci\u00f3n.<br><br>De igual modo, <strong>el RDL establece la creaci\u00f3n de la Zonas de Aceleraci\u00f3n Renovables (ZAR) <\/strong>que deben posibilitar un despliegue de los proyectos m\u00e1s \u00e1gil, con mayores garant\u00edas para las empresas y con una minimizaci\u00f3n de los impactos ambientales. <strong>El reto est\u00e1 en conseguir definirlas con prontitud y con consenso t\u00e9cnico, evitando debates que se extiendan en el tiempo y terminen consolidando una situaci\u00f3n de \u201cpar\u00e1lisis por el an\u00e1lisis\u201d.<\/strong> Las ZAR son una obligaci\u00f3n establecida desde Europa y aquellos pa\u00edses que consigan establecerlas con \u00e9xito y prontitud atraer\u00e1n primero las inversiones. No obstante, el debate para la obtenci\u00f3n de las ZAR no debe apartar el foco de la necesidad de construir los proyectos e\u00f3licos que actualmente ya disponer de los permisos necesarios. <strong>Espa\u00f1a necesita m\u00e1s e\u00f3lica y la necesita con urgencia, m\u00e1xime ante la situaci\u00f3n geopol\u00edtica actual y su posible evoluci\u00f3n a futuro.<\/strong><br><br>Otro aspecto tambi\u00e9n rese\u00f1able, el RDL establece la creaci\u00f3n de un Est\u00e1ndar de Excelencia Social y Territorial que ser\u00e1 de adopci\u00f3n voluntaria y podr\u00e1 ser utilizado para priorizar aquellos proyectos que m\u00e1s valor dejen en los territorios. El est\u00e1ndar, que realmente aplicar\u00e1 a proyectos a partir de 2029-2030 debe servir para aprovechar las lecciones aprendidas del desarrollo vivido estos a\u00f1os, ayudando a conseguir aunar los intereses energ\u00e9ticos, ambientales y socioecon\u00f3micos de los territorios. <strong>Es clave obtener unos criterios robustos y objetivos que permitan la aplicaci\u00f3n del Est\u00e1ndar de Excelencia, que permitan extraer las externalidades positivas de los proyectos sin dotarles de una complejidad que los haga inviables en lo econ\u00f3mico.<\/strong><br><br>Por \u00faltimo, la obligaci\u00f3n que establece el RDL de compartir los beneficios con los ayuntamientos para determinadas instalaciones conectadas a la red de transporte, requiere de un an\u00e1lisis en profundidad. En este punto,<strong> el sector e\u00f3lico se ofrece para poder buscar un esquema equilibrado entre las aportaciones a los territorios y la viabilidad econ\u00f3mica de las plantas, teniendo en cuenta la ya elevada presi\u00f3n fiscal existente para la energ\u00eda e\u00f3lica a nivel local, auton\u00f3mico y nacional.<\/strong><\/p>\n\n\n\n<p><a href=\"https:\/\/aeeolica.org\/wp-content\/uploads\/2026\/03\/27032026-NP-El-sector-eolico-valora-RDL-7_26-como-impulso-clave-para-epotenciacion-electrificacion-y-seguridad-energetica.pdf\">Descarga la nota de prensa en PDF<\/a><\/p>\n\n\n\n<p>Foto de Esperanza Rold\u00e1n.<\/p>\n\n\n\n<p class=\"has-text-align-center\"><\/p>\n\n\n\n<p><strong>Sobre AEE<br><\/strong>La <strong>Asociaci\u00f3n Empresarial E\u00f3lica (AEE) <\/strong>es la voz del sector e\u00f3lico en Espa\u00f1a. Con m\u00e1s de 350 empresas asociadas, incluye a promotores, fabricantes de aerogeneradores y componentes, asociaciones nacionales y regionales, organizaciones ligadas al sector, consultores, entidades financieras y aseguradoras, entre otros. Su objetivo es la representaci\u00f3n de un sector industrial que emplea a m\u00e1s de 37.000 profesionales en Espa\u00f1a, cuenta con 287 centros industriales y es la primera tecnolog\u00eda del sistema energ\u00e9tico espa\u00f1ol, cubriendo el 24% de la demanda y representando el 24% de la potencia en el mix energ\u00e9tico.<\/p>\n\n\n\n<p><br><\/p>\n\n\n\n<p><br><br><\/p>\n","protected":false},"excerpt":{"rendered":"<p>La e\u00f3lica destaca su papel como tecnolog\u00eda aut\u00f3ctona, competitiva y clave para la estabilidad del sistema el\u00e9ctrico y la reindustrializaci\u00f3n del pa\u00eds. El sector e\u00f3lico espa\u00f1ol valora positivamente la convalidaci\u00f3n [&hellip;]<\/p>\n","protected":false},"author":2,"featured_media":294374,"comment_status":"open","ping_status":"open","sticky":false,"template":"","format":"standard","meta":{"_acf_changed":false,"_bbp_topic_count":0,"_bbp_reply_count":0,"_bbp_total_topic_count":0,"_bbp_total_reply_count":0,"_bbp_voice_count":0,"_bbp_anonymous_reply_count":0,"_bbp_topic_count_hidden":0,"_bbp_reply_count_hidden":0,"_bbp_forum_subforum_count":0,"_et_pb_use_builder":"","_et_pb_old_content":"","_et_gb_content_width":"","footnotes":""},"categories":[542],"tags":[],"class_list":["post-294371","post","type-post","status-publish","format-standard","has-post-thumbnail","hentry","category-542"],"acf":[],"yoast_head":"<!-- This site is optimized with the Yoast SEO plugin v27.4 - https:\/\/yoast.com\/product\/yoast-seo-wordpress\/ -->\n<title>El sector e\u00f3lico valora el RDL 7\/26 como un impulso clave para la repotenciaci\u00f3n, la electrificaci\u00f3n y la seguridad energ\u00e9tica - Asociaci\u00f3n Empresarial E\u00f3lica<\/title>\n<meta name=\"robots\" content=\"index, follow, max-snippet:-1, max-image-preview:large, max-video-preview:-1\" \/>\n<link rel=\"canonical\" href=\"https:\/\/aeeolica.org\/el-sector-eolico-valora-el-rdl-7-26-como-un-impulso-clave-para-la-repotenciacion-la-electrificacion-y-la-seguridad-energetica\/\" \/>\n<meta property=\"og:locale\" content=\"en_US\" \/>\n<meta property=\"og:type\" content=\"article\" \/>\n<meta property=\"og:title\" content=\"El sector e\u00f3lico valora el RDL 7\/26 como un impulso clave para la repotenciaci\u00f3n, la electrificaci\u00f3n y la seguridad energ\u00e9tica - Asociaci\u00f3n Empresarial E\u00f3lica\" \/>\n<meta property=\"og:description\" content=\"La e\u00f3lica destaca su papel como tecnolog\u00eda aut\u00f3ctona, competitiva y clave para la estabilidad del sistema el\u00e9ctrico y la reindustrializaci\u00f3n del pa\u00eds. El sector e\u00f3lico espa\u00f1ol valora positivamente la convalidaci\u00f3n [&hellip;]\" \/>\n<meta property=\"og:url\" content=\"https:\/\/aeeolica.org\/el-sector-eolico-valora-el-rdl-7-26-como-un-impulso-clave-para-la-repotenciacion-la-electrificacion-y-la-seguridad-energetica\/\" \/>\n<meta property=\"og:site_name\" content=\"Asociaci\u00f3n Empresarial E\u00f3lica\" \/>\n<meta property=\"article:publisher\" content=\"https:\/\/www.facebook.com\/aeeolica\" \/>\n<meta property=\"article:published_time\" content=\"2026-03-27T11:22:32+00:00\" \/>\n<meta property=\"article:modified_time\" content=\"2026-03-27T11:22:33+00:00\" \/>\n<meta property=\"og:image\" content=\"https:\/\/aeeolica.org\/wp-content\/uploads\/2026\/03\/Esperanza-Roldan_En-linea.jpg\" \/>\n\t<meta property=\"og:image:width\" content=\"2560\" \/>\n\t<meta property=\"og:image:height\" content=\"1443\" \/>\n\t<meta property=\"og:image:type\" content=\"image\/jpeg\" \/>\n<meta name=\"author\" content=\"Morante D\u00edaz, Mar\u00eda del Mar\" \/>\n<meta name=\"twitter:card\" content=\"summary_large_image\" \/>\n<meta name=\"twitter:creator\" content=\"@aeeolica\" \/>\n<meta name=\"twitter:site\" content=\"@aeeolica\" \/>\n<meta name=\"twitter:label1\" content=\"Written by\" \/>\n\t<meta name=\"twitter:data1\" content=\"Morante D\u00edaz, Mar\u00eda del Mar\" \/>\n\t<meta name=\"twitter:label2\" content=\"Est. reading time\" \/>\n\t<meta name=\"twitter:data2\" content=\"5 minutes\" \/>\n<script type=\"application\/ld+json\" class=\"yoast-schema-graph\">{\"@context\":\"https:\\\/\\\/schema.org\",\"@graph\":[{\"@type\":\"Article\",\"@id\":\"https:\\\/\\\/aeeolica.org\\\/el-sector-eolico-valora-el-rdl-7-26-como-un-impulso-clave-para-la-repotenciacion-la-electrificacion-y-la-seguridad-energetica\\\/#article\",\"isPartOf\":{\"@id\":\"https:\\\/\\\/aeeolica.org\\\/el-sector-eolico-valora-el-rdl-7-26-como-un-impulso-clave-para-la-repotenciacion-la-electrificacion-y-la-seguridad-energetica\\\/\"},\"author\":{\"name\":\"Morante D\u00edaz, Mar\u00eda del Mar\",\"@id\":\"https:\\\/\\\/aeeolica.org\\\/#\\\/schema\\\/person\\\/064b26f21f7ed52e0b3854e6b52f9772\"},\"headline\":\"El sector e\u00f3lico valora el RDL 7\\\/26 como un impulso clave para la repotenciaci\u00f3n, la electrificaci\u00f3n y la seguridad energ\u00e9tica\",\"datePublished\":\"2026-03-27T11:22:32+00:00\",\"dateModified\":\"2026-03-27T11:22:33+00:00\",\"mainEntityOfPage\":{\"@id\":\"https:\\\/\\\/aeeolica.org\\\/el-sector-eolico-valora-el-rdl-7-26-como-un-impulso-clave-para-la-repotenciacion-la-electrificacion-y-la-seguridad-energetica\\\/\"},\"wordCount\":1205,\"commentCount\":0,\"publisher\":{\"@id\":\"https:\\\/\\\/aeeolica.org\\\/#organization\"},\"image\":{\"@id\":\"https:\\\/\\\/aeeolica.org\\\/el-sector-eolico-valora-el-rdl-7-26-como-un-impulso-clave-para-la-repotenciacion-la-electrificacion-y-la-seguridad-energetica\\\/#primaryimage\"},\"thumbnailUrl\":\"https:\\\/\\\/aeeolica.org\\\/wp-content\\\/uploads\\\/2026\\\/03\\\/Esperanza-Roldan_En-linea.jpg\",\"articleSection\":[\"Notas de Prensa a\u00f1o 2026\"],\"inLanguage\":\"en-US\",\"potentialAction\":[{\"@type\":\"CommentAction\",\"name\":\"Comment\",\"target\":[\"https:\\\/\\\/aeeolica.org\\\/el-sector-eolico-valora-el-rdl-7-26-como-un-impulso-clave-para-la-repotenciacion-la-electrificacion-y-la-seguridad-energetica\\\/#respond\"]}]},{\"@type\":\"WebPage\",\"@id\":\"https:\\\/\\\/aeeolica.org\\\/el-sector-eolico-valora-el-rdl-7-26-como-un-impulso-clave-para-la-repotenciacion-la-electrificacion-y-la-seguridad-energetica\\\/\",\"url\":\"https:\\\/\\\/aeeolica.org\\\/el-sector-eolico-valora-el-rdl-7-26-como-un-impulso-clave-para-la-repotenciacion-la-electrificacion-y-la-seguridad-energetica\\\/\",\"name\":\"El sector e\u00f3lico valora el RDL 7\\\/26 como un impulso clave para la repotenciaci\u00f3n, la electrificaci\u00f3n y la seguridad energ\u00e9tica - Asociaci\u00f3n Empresarial E\u00f3lica\",\"isPartOf\":{\"@id\":\"https:\\\/\\\/aeeolica.org\\\/#website\"},\"primaryImageOfPage\":{\"@id\":\"https:\\\/\\\/aeeolica.org\\\/el-sector-eolico-valora-el-rdl-7-26-como-un-impulso-clave-para-la-repotenciacion-la-electrificacion-y-la-seguridad-energetica\\\/#primaryimage\"},\"image\":{\"@id\":\"https:\\\/\\\/aeeolica.org\\\/el-sector-eolico-valora-el-rdl-7-26-como-un-impulso-clave-para-la-repotenciacion-la-electrificacion-y-la-seguridad-energetica\\\/#primaryimage\"},\"thumbnailUrl\":\"https:\\\/\\\/aeeolica.org\\\/wp-content\\\/uploads\\\/2026\\\/03\\\/Esperanza-Roldan_En-linea.jpg\",\"datePublished\":\"2026-03-27T11:22:32+00:00\",\"dateModified\":\"2026-03-27T11:22:33+00:00\",\"breadcrumb\":{\"@id\":\"https:\\\/\\\/aeeolica.org\\\/el-sector-eolico-valora-el-rdl-7-26-como-un-impulso-clave-para-la-repotenciacion-la-electrificacion-y-la-seguridad-energetica\\\/#breadcrumb\"},\"inLanguage\":\"en-US\",\"potentialAction\":[{\"@type\":\"ReadAction\",\"target\":[\"https:\\\/\\\/aeeolica.org\\\/el-sector-eolico-valora-el-rdl-7-26-como-un-impulso-clave-para-la-repotenciacion-la-electrificacion-y-la-seguridad-energetica\\\/\"]}]},{\"@type\":\"ImageObject\",\"inLanguage\":\"en-US\",\"@id\":\"https:\\\/\\\/aeeolica.org\\\/el-sector-eolico-valora-el-rdl-7-26-como-un-impulso-clave-para-la-repotenciacion-la-electrificacion-y-la-seguridad-energetica\\\/#primaryimage\",\"url\":\"https:\\\/\\\/aeeolica.org\\\/wp-content\\\/uploads\\\/2026\\\/03\\\/Esperanza-Roldan_En-linea.jpg\",\"contentUrl\":\"https:\\\/\\\/aeeolica.org\\\/wp-content\\\/uploads\\\/2026\\\/03\\\/Esperanza-Roldan_En-linea.jpg\",\"width\":2560,\"height\":1443,\"caption\":\"SONY DSC\"},{\"@type\":\"BreadcrumbList\",\"@id\":\"https:\\\/\\\/aeeolica.org\\\/el-sector-eolico-valora-el-rdl-7-26-como-un-impulso-clave-para-la-repotenciacion-la-electrificacion-y-la-seguridad-energetica\\\/#breadcrumb\",\"itemListElement\":[{\"@type\":\"ListItem\",\"position\":1,\"name\":\"Portada\",\"item\":\"https:\\\/\\\/aeeolica.org\\\/en\\\/inicio\\\/\"},{\"@type\":\"ListItem\",\"position\":2,\"name\":\"El sector e\u00f3lico valora el RDL 7\\\/26 como un impulso clave para la repotenciaci\u00f3n, la electrificaci\u00f3n y la seguridad energ\u00e9tica\"}]},{\"@type\":\"WebSite\",\"@id\":\"https:\\\/\\\/aeeolica.org\\\/#website\",\"url\":\"https:\\\/\\\/aeeolica.org\\\/\",\"name\":\"Asociaci\u00f3n Empresarial E\u00f3lica\",\"description\":\"AEE Asociaci\u00f3n Empresarial E\u00f3lica\",\"publisher\":{\"@id\":\"https:\\\/\\\/aeeolica.org\\\/#organization\"},\"potentialAction\":[{\"@type\":\"SearchAction\",\"target\":{\"@type\":\"EntryPoint\",\"urlTemplate\":\"https:\\\/\\\/aeeolica.org\\\/?s={search_term_string}\"},\"query-input\":{\"@type\":\"PropertyValueSpecification\",\"valueRequired\":true,\"valueName\":\"search_term_string\"}}],\"inLanguage\":\"en-US\"},{\"@type\":\"Organization\",\"@id\":\"https:\\\/\\\/aeeolica.org\\\/#organization\",\"name\":\"Asociaci\u00f3n Empresarial E\u00f3lica\",\"url\":\"https:\\\/\\\/aeeolica.org\\\/\",\"logo\":{\"@type\":\"ImageObject\",\"inLanguage\":\"en-US\",\"@id\":\"https:\\\/\\\/aeeolica.org\\\/#\\\/schema\\\/logo\\\/image\\\/\",\"url\":\"https:\\\/\\\/aeeolica.org\\\/wp-content\\\/uploads\\\/2021\\\/08\\\/logo-aee.png\",\"contentUrl\":\"https:\\\/\\\/aeeolica.org\\\/wp-content\\\/uploads\\\/2021\\\/08\\\/logo-aee.png\",\"width\":180,\"height\":78,\"caption\":\"Asociaci\u00f3n Empresarial E\u00f3lica\"},\"image\":{\"@id\":\"https:\\\/\\\/aeeolica.org\\\/#\\\/schema\\\/logo\\\/image\\\/\"},\"sameAs\":[\"https:\\\/\\\/www.facebook.com\\\/aeeolica\",\"https:\\\/\\\/x.com\\\/aeeolica\",\"https:\\\/\\\/www.instagram.com\\\/aeeolica\\\/\",\"https:\\\/\\\/www.linkedin.com\\\/in\\\/aee-asociaci\u00f3n-empresarial-e\u00f3lica-6830946b\\\/\",\"https:\\\/\\\/www.youtube.com\\\/user\\\/AEEolica\"]},{\"@type\":\"Person\",\"@id\":\"https:\\\/\\\/aeeolica.org\\\/#\\\/schema\\\/person\\\/064b26f21f7ed52e0b3854e6b52f9772\",\"name\":\"Morante D\u00edaz, Mar\u00eda del Mar\",\"image\":{\"@type\":\"ImageObject\",\"inLanguage\":\"en-US\",\"@id\":\"https:\\\/\\\/secure.gravatar.com\\\/avatar\\\/8bfd23e1c4bf5aa0b9314f1c5c9d644e62672831e6a512513954c3f15dffdd5a?s=96&d=mm&r=g\",\"url\":\"https:\\\/\\\/secure.gravatar.com\\\/avatar\\\/8bfd23e1c4bf5aa0b9314f1c5c9d644e62672831e6a512513954c3f15dffdd5a?s=96&d=mm&r=g\",\"contentUrl\":\"https:\\\/\\\/secure.gravatar.com\\\/avatar\\\/8bfd23e1c4bf5aa0b9314f1c5c9d644e62672831e6a512513954c3f15dffdd5a?s=96&d=mm&r=g\",\"caption\":\"Morante D\u00edaz, Mar\u00eda del Mar\"},\"url\":\"https:\\\/\\\/aeeolica.org\\\/en\\\/author\\\/mar\\\/\"}]}<\/script>\n<!-- \/ Yoast SEO plugin. -->","yoast_head_json":{"title":"El sector e\u00f3lico valora el RDL 7\/26 como un impulso clave para la repotenciaci\u00f3n, la electrificaci\u00f3n y la seguridad energ\u00e9tica - Asociaci\u00f3n Empresarial E\u00f3lica","robots":{"index":"index","follow":"follow","max-snippet":"max-snippet:-1","max-image-preview":"max-image-preview:large","max-video-preview":"max-video-preview:-1"},"canonical":"https:\/\/aeeolica.org\/el-sector-eolico-valora-el-rdl-7-26-como-un-impulso-clave-para-la-repotenciacion-la-electrificacion-y-la-seguridad-energetica\/","og_locale":"en_US","og_type":"article","og_title":"El sector e\u00f3lico valora el RDL 7\/26 como un impulso clave para la repotenciaci\u00f3n, la electrificaci\u00f3n y la seguridad energ\u00e9tica - Asociaci\u00f3n Empresarial E\u00f3lica","og_description":"La e\u00f3lica destaca su papel como tecnolog\u00eda aut\u00f3ctona, competitiva y clave para la estabilidad del sistema el\u00e9ctrico y la reindustrializaci\u00f3n del pa\u00eds. El sector e\u00f3lico espa\u00f1ol valora positivamente la convalidaci\u00f3n [&hellip;]","og_url":"https:\/\/aeeolica.org\/el-sector-eolico-valora-el-rdl-7-26-como-un-impulso-clave-para-la-repotenciacion-la-electrificacion-y-la-seguridad-energetica\/","og_site_name":"Asociaci\u00f3n Empresarial E\u00f3lica","article_publisher":"https:\/\/www.facebook.com\/aeeolica","article_published_time":"2026-03-27T11:22:32+00:00","article_modified_time":"2026-03-27T11:22:33+00:00","og_image":[{"width":2560,"height":1443,"url":"https:\/\/aeeolica.org\/wp-content\/uploads\/2026\/03\/Esperanza-Roldan_En-linea.jpg","type":"image\/jpeg"}],"author":"Morante D\u00edaz, Mar\u00eda del Mar","twitter_card":"summary_large_image","twitter_creator":"@aeeolica","twitter_site":"@aeeolica","twitter_misc":{"Written by":"Morante D\u00edaz, Mar\u00eda del Mar","Est. reading time":"5 minutes"},"schema":{"@context":"https:\/\/schema.org","@graph":[{"@type":"Article","@id":"https:\/\/aeeolica.org\/el-sector-eolico-valora-el-rdl-7-26-como-un-impulso-clave-para-la-repotenciacion-la-electrificacion-y-la-seguridad-energetica\/#article","isPartOf":{"@id":"https:\/\/aeeolica.org\/el-sector-eolico-valora-el-rdl-7-26-como-un-impulso-clave-para-la-repotenciacion-la-electrificacion-y-la-seguridad-energetica\/"},"author":{"name":"Morante D\u00edaz, Mar\u00eda del Mar","@id":"https:\/\/aeeolica.org\/#\/schema\/person\/064b26f21f7ed52e0b3854e6b52f9772"},"headline":"El sector e\u00f3lico valora el RDL 7\/26 como un impulso clave para la repotenciaci\u00f3n, la electrificaci\u00f3n y la seguridad energ\u00e9tica","datePublished":"2026-03-27T11:22:32+00:00","dateModified":"2026-03-27T11:22:33+00:00","mainEntityOfPage":{"@id":"https:\/\/aeeolica.org\/el-sector-eolico-valora-el-rdl-7-26-como-un-impulso-clave-para-la-repotenciacion-la-electrificacion-y-la-seguridad-energetica\/"},"wordCount":1205,"commentCount":0,"publisher":{"@id":"https:\/\/aeeolica.org\/#organization"},"image":{"@id":"https:\/\/aeeolica.org\/el-sector-eolico-valora-el-rdl-7-26-como-un-impulso-clave-para-la-repotenciacion-la-electrificacion-y-la-seguridad-energetica\/#primaryimage"},"thumbnailUrl":"https:\/\/aeeolica.org\/wp-content\/uploads\/2026\/03\/Esperanza-Roldan_En-linea.jpg","articleSection":["Notas de Prensa a\u00f1o 2026"],"inLanguage":"en-US","potentialAction":[{"@type":"CommentAction","name":"Comment","target":["https:\/\/aeeolica.org\/el-sector-eolico-valora-el-rdl-7-26-como-un-impulso-clave-para-la-repotenciacion-la-electrificacion-y-la-seguridad-energetica\/#respond"]}]},{"@type":"WebPage","@id":"https:\/\/aeeolica.org\/el-sector-eolico-valora-el-rdl-7-26-como-un-impulso-clave-para-la-repotenciacion-la-electrificacion-y-la-seguridad-energetica\/","url":"https:\/\/aeeolica.org\/el-sector-eolico-valora-el-rdl-7-26-como-un-impulso-clave-para-la-repotenciacion-la-electrificacion-y-la-seguridad-energetica\/","name":"El sector e\u00f3lico valora el RDL 7\/26 como un impulso clave para la repotenciaci\u00f3n, la electrificaci\u00f3n y la seguridad energ\u00e9tica - Asociaci\u00f3n Empresarial E\u00f3lica","isPartOf":{"@id":"https:\/\/aeeolica.org\/#website"},"primaryImageOfPage":{"@id":"https:\/\/aeeolica.org\/el-sector-eolico-valora-el-rdl-7-26-como-un-impulso-clave-para-la-repotenciacion-la-electrificacion-y-la-seguridad-energetica\/#primaryimage"},"image":{"@id":"https:\/\/aeeolica.org\/el-sector-eolico-valora-el-rdl-7-26-como-un-impulso-clave-para-la-repotenciacion-la-electrificacion-y-la-seguridad-energetica\/#primaryimage"},"thumbnailUrl":"https:\/\/aeeolica.org\/wp-content\/uploads\/2026\/03\/Esperanza-Roldan_En-linea.jpg","datePublished":"2026-03-27T11:22:32+00:00","dateModified":"2026-03-27T11:22:33+00:00","breadcrumb":{"@id":"https:\/\/aeeolica.org\/el-sector-eolico-valora-el-rdl-7-26-como-un-impulso-clave-para-la-repotenciacion-la-electrificacion-y-la-seguridad-energetica\/#breadcrumb"},"inLanguage":"en-US","potentialAction":[{"@type":"ReadAction","target":["https:\/\/aeeolica.org\/el-sector-eolico-valora-el-rdl-7-26-como-un-impulso-clave-para-la-repotenciacion-la-electrificacion-y-la-seguridad-energetica\/"]}]},{"@type":"ImageObject","inLanguage":"en-US","@id":"https:\/\/aeeolica.org\/el-sector-eolico-valora-el-rdl-7-26-como-un-impulso-clave-para-la-repotenciacion-la-electrificacion-y-la-seguridad-energetica\/#primaryimage","url":"https:\/\/aeeolica.org\/wp-content\/uploads\/2026\/03\/Esperanza-Roldan_En-linea.jpg","contentUrl":"https:\/\/aeeolica.org\/wp-content\/uploads\/2026\/03\/Esperanza-Roldan_En-linea.jpg","width":2560,"height":1443,"caption":"SONY DSC"},{"@type":"BreadcrumbList","@id":"https:\/\/aeeolica.org\/el-sector-eolico-valora-el-rdl-7-26-como-un-impulso-clave-para-la-repotenciacion-la-electrificacion-y-la-seguridad-energetica\/#breadcrumb","itemListElement":[{"@type":"ListItem","position":1,"name":"Portada","item":"https:\/\/aeeolica.org\/en\/inicio\/"},{"@type":"ListItem","position":2,"name":"El sector e\u00f3lico valora el RDL 7\/26 como un impulso clave para la repotenciaci\u00f3n, la electrificaci\u00f3n y la seguridad energ\u00e9tica"}]},{"@type":"WebSite","@id":"https:\/\/aeeolica.org\/#website","url":"https:\/\/aeeolica.org\/","name":"Asociaci\u00f3n Empresarial E\u00f3lica","description":"AEE Asociaci\u00f3n Empresarial E\u00f3lica","publisher":{"@id":"https:\/\/aeeolica.org\/#organization"},"potentialAction":[{"@type":"SearchAction","target":{"@type":"EntryPoint","urlTemplate":"https:\/\/aeeolica.org\/?s={search_term_string}"},"query-input":{"@type":"PropertyValueSpecification","valueRequired":true,"valueName":"search_term_string"}}],"inLanguage":"en-US"},{"@type":"Organization","@id":"https:\/\/aeeolica.org\/#organization","name":"Asociaci\u00f3n Empresarial E\u00f3lica","url":"https:\/\/aeeolica.org\/","logo":{"@type":"ImageObject","inLanguage":"en-US","@id":"https:\/\/aeeolica.org\/#\/schema\/logo\/image\/","url":"https:\/\/aeeolica.org\/wp-content\/uploads\/2021\/08\/logo-aee.png","contentUrl":"https:\/\/aeeolica.org\/wp-content\/uploads\/2021\/08\/logo-aee.png","width":180,"height":78,"caption":"Asociaci\u00f3n Empresarial E\u00f3lica"},"image":{"@id":"https:\/\/aeeolica.org\/#\/schema\/logo\/image\/"},"sameAs":["https:\/\/www.facebook.com\/aeeolica","https:\/\/x.com\/aeeolica","https:\/\/www.instagram.com\/aeeolica\/","https:\/\/www.linkedin.com\/in\/aee-asociaci\u00f3n-empresarial-e\u00f3lica-6830946b\/","https:\/\/www.youtube.com\/user\/AEEolica"]},{"@type":"Person","@id":"https:\/\/aeeolica.org\/#\/schema\/person\/064b26f21f7ed52e0b3854e6b52f9772","name":"Morante D\u00edaz, Mar\u00eda del Mar","image":{"@type":"ImageObject","inLanguage":"en-US","@id":"https:\/\/secure.gravatar.com\/avatar\/8bfd23e1c4bf5aa0b9314f1c5c9d644e62672831e6a512513954c3f15dffdd5a?s=96&d=mm&r=g","url":"https:\/\/secure.gravatar.com\/avatar\/8bfd23e1c4bf5aa0b9314f1c5c9d644e62672831e6a512513954c3f15dffdd5a?s=96&d=mm&r=g","contentUrl":"https:\/\/secure.gravatar.com\/avatar\/8bfd23e1c4bf5aa0b9314f1c5c9d644e62672831e6a512513954c3f15dffdd5a?s=96&d=mm&r=g","caption":"Morante D\u00edaz, Mar\u00eda del Mar"},"url":"https:\/\/aeeolica.org\/en\/author\/mar\/"}]}},"_links":{"self":[{"href":"https:\/\/aeeolica.org\/en\/wp-json\/wp\/v2\/posts\/294371","targetHints":{"allow":["GET"]}}],"collection":[{"href":"https:\/\/aeeolica.org\/en\/wp-json\/wp\/v2\/posts"}],"about":[{"href":"https:\/\/aeeolica.org\/en\/wp-json\/wp\/v2\/types\/post"}],"author":[{"embeddable":true,"href":"https:\/\/aeeolica.org\/en\/wp-json\/wp\/v2\/users\/2"}],"replies":[{"embeddable":true,"href":"https:\/\/aeeolica.org\/en\/wp-json\/wp\/v2\/comments?post=294371"}],"version-history":[{"count":1,"href":"https:\/\/aeeolica.org\/en\/wp-json\/wp\/v2\/posts\/294371\/revisions"}],"predecessor-version":[{"id":294376,"href":"https:\/\/aeeolica.org\/en\/wp-json\/wp\/v2\/posts\/294371\/revisions\/294376"}],"wp:featuredmedia":[{"embeddable":true,"href":"https:\/\/aeeolica.org\/en\/wp-json\/wp\/v2\/media\/294374"}],"wp:attachment":[{"href":"https:\/\/aeeolica.org\/en\/wp-json\/wp\/v2\/media?parent=294371"}],"wp:term":[{"taxonomy":"category","embeddable":true,"href":"https:\/\/aeeolica.org\/en\/wp-json\/wp\/v2\/categories?post=294371"},{"taxonomy":"post_tag","embeddable":true,"href":"https:\/\/aeeolica.org\/en\/wp-json\/wp\/v2\/tags?post=294371"}],"curies":[{"name":"wp","href":"https:\/\/api.w.org\/{rel}","templated":true}]}}