{"id":297310,"date":"2026-06-30T16:32:00","date_gmt":"2026-06-30T14:32:00","guid":{"rendered":"https:\/\/aeeolica.org\/?p=297310"},"modified":"2026-08-24T03:35:21","modified_gmt":"2026-08-24T01:35:21","slug":"espana-empieza-a-convertir-en-realidad-la-eolica-marina-flotante-por-juan-de-dios-lopez-director-tecnico-de-aee","status":"publish","type":"post","link":"https:\/\/aeeolica.org\/en\/espana-empieza-a-convertir-en-realidad-la-eolica-marina-flotante-por-juan-de-dios-lopez-director-tecnico-de-aee\/","title":{"rendered":"Espa\u00f1a empieza a convertir en realidad la e\u00f3lica marina flotante. Por Juan de Dios L\u00f3pez, director t\u00e9cnico de AEE"},"content":{"rendered":"\n<p class=\"wp-block-paragraph\">La reciente Declaraci\u00f3n de Impacto Ambiental (DIA) favorable al proyecto PLEMCAT (emitida por el MITERD y<br>pendiente \u00fanicamente de su publicaci\u00f3n en el BOE) constituye un hito relevante para el desarrollo de la e\u00f3lica marina en Espa\u00f1a. Desde el sector e\u00f3lico celebramos una decisi\u00f3n que confirma la madurez t\u00e9cnica de un enfoque que integra planificaci\u00f3n, ciencia, ecolog\u00eda y desarrollo tecnol\u00f3gico e industrial en la transici\u00f3n energ\u00e9tica.<\/p>\n\n\n\n<p class=\"wp-block-paragraph\">Fuente: EL ECONOMISTA<\/p>\n\n\n\n<p class=\"wp-block-paragraph\"><a href=\"https:\/\/aeeolica.org\/wp-content\/uploads\/2026\/08\/0031UPD5.pdf\">Leer art\u00edculo<\/a><\/p>\n\n\n\n<p class=\"wp-block-paragraph\"><\/p>\n","protected":false},"excerpt":{"rendered":"<p>La reciente Declaraci\u00f3n de Impacto Ambiental (DIA) favorable al proyecto PLEMCAT (emitida por el MITERD ypendiente \u00fanicamente de su publicaci\u00f3n en el BOE) constituye un hito relevante para el desarrollo [&hellip;]<\/p>\n","protected":false},"author":2,"featured_media":0,"comment_status":"open","ping_status":"open","sticky":false,"template":"","format":"standard","meta":{"_acf_changed":false,"_bbp_topic_count":0,"_bbp_reply_count":0,"_bbp_total_topic_count":0,"_bbp_total_reply_count":0,"_bbp_voice_count":0,"_bbp_anonymous_reply_count":0,"_bbp_topic_count_hidden":0,"_bbp_reply_count_hidden":0,"_bbp_forum_subforum_count":0,"_et_pb_use_builder":"","_et_pb_old_content":"","_et_gb_content_width":"","footnotes":""},"categories":[223],"tags":[],"class_list":["post-297310","post","type-post","status-publish","format-standard","hentry","category-aee-opina"],"acf":[],"yoast_head":"<!-- This site is optimized with the Yoast SEO plugin v28.3 - https:\/\/yoast.com\/product\/yoast-seo-wordpress\/ -->\n<title>Espa\u00f1a empieza a convertir en realidad la e\u00f3lica marina flotante. Por Juan de Dios L\u00f3pez, director t\u00e9cnico de AEE - Asociaci\u00f3n Empresarial E\u00f3lica<\/title>\n<meta name=\"robots\" content=\"index, follow, max-snippet:-1, max-image-preview:large, max-video-preview:-1\" \/>\n<link rel=\"canonical\" href=\"https:\/\/aeeolica.org\/espana-empieza-a-convertir-en-realidad-la-eolica-marina-flotante-por-juan-de-dios-lopez-director-tecnico-de-aee\/\" \/>\n<meta property=\"og:locale\" content=\"en_US\" \/>\n<meta property=\"og:type\" content=\"article\" \/>\n<meta property=\"og:title\" content=\"Espa\u00f1a empieza a convertir en realidad la e\u00f3lica marina flotante. Por Juan de Dios L\u00f3pez, director t\u00e9cnico de AEE - Asociaci\u00f3n Empresarial E\u00f3lica\" \/>\n<meta property=\"og:description\" content=\"La reciente Declaraci\u00f3n de Impacto Ambiental (DIA) favorable al proyecto PLEMCAT (emitida por el MITERD ypendiente \u00fanicamente de su publicaci\u00f3n en el BOE) constituye un hito relevante para el desarrollo [&hellip;]\" \/>\n<meta property=\"og:url\" content=\"https:\/\/aeeolica.org\/espana-empieza-a-convertir-en-realidad-la-eolica-marina-flotante-por-juan-de-dios-lopez-director-tecnico-de-aee\/\" \/>\n<meta property=\"og:site_name\" content=\"Asociaci\u00f3n Empresarial E\u00f3lica\" \/>\n<meta property=\"article:publisher\" content=\"https:\/\/www.facebook.com\/aeeolica\" \/>\n<meta property=\"article:published_time\" content=\"2026-06-30T14:32:00+00:00\" \/>\n<meta property=\"article:modified_time\" content=\"2026-08-24T01:35:21+00:00\" \/>\n<meta name=\"author\" content=\"Morante D\u00edaz, Mar\u00eda del Mar\" \/>\n<meta name=\"twitter:card\" content=\"summary_large_image\" \/>\n<meta name=\"twitter:creator\" content=\"@aeeolica\" \/>\n<meta name=\"twitter:site\" content=\"@aeeolica\" \/>\n<meta name=\"twitter:label1\" content=\"Written by\" \/>\n\t<meta name=\"twitter:data1\" content=\"Morante D\u00edaz, Mar\u00eda del Mar\" \/>\n\t<meta name=\"twitter:label2\" content=\"Est. reading time\" \/>\n\t<meta name=\"twitter:data2\" content=\"1 minute\" \/>\n<script type=\"application\/ld+json\" class=\"yoast-schema-graph\">{\"@context\":\"https:\\\/\\\/schema.org\",\"@graph\":[{\"@type\":\"Article\",\"@id\":\"https:\\\/\\\/aeeolica.org\\\/espana-empieza-a-convertir-en-realidad-la-eolica-marina-flotante-por-juan-de-dios-lopez-director-tecnico-de-aee\\\/#article\",\"isPartOf\":{\"@id\":\"https:\\\/\\\/aeeolica.org\\\/espana-empieza-a-convertir-en-realidad-la-eolica-marina-flotante-por-juan-de-dios-lopez-director-tecnico-de-aee\\\/\"},\"author\":{\"name\":\"Morante D\u00edaz, Mar\u00eda del Mar\",\"@id\":\"https:\\\/\\\/aeeolica.org\\\/#\\\/schema\\\/person\\\/064b26f21f7ed52e0b3854e6b52f9772\"},\"headline\":\"Espa\u00f1a empieza a convertir en realidad la e\u00f3lica marina flotante. Por Juan de Dios L\u00f3pez, director t\u00e9cnico de AEE\",\"datePublished\":\"2026-06-30T14:32:00+00:00\",\"dateModified\":\"2026-08-24T01:35:21+00:00\",\"mainEntityOfPage\":{\"@id\":\"https:\\\/\\\/aeeolica.org\\\/espana-empieza-a-convertir-en-realidad-la-eolica-marina-flotante-por-juan-de-dios-lopez-director-tecnico-de-aee\\\/\"},\"wordCount\":106,\"commentCount\":0,\"publisher\":{\"@id\":\"https:\\\/\\\/aeeolica.org\\\/#organization\"},\"articleSection\":[\"AEE Opina\"],\"inLanguage\":\"en-US\",\"potentialAction\":[{\"@type\":\"CommentAction\",\"name\":\"Comment\",\"target\":[\"https:\\\/\\\/aeeolica.org\\\/espana-empieza-a-convertir-en-realidad-la-eolica-marina-flotante-por-juan-de-dios-lopez-director-tecnico-de-aee\\\/#respond\"]}]},{\"@type\":\"WebPage\",\"@id\":\"https:\\\/\\\/aeeolica.org\\\/espana-empieza-a-convertir-en-realidad-la-eolica-marina-flotante-por-juan-de-dios-lopez-director-tecnico-de-aee\\\/\",\"url\":\"https:\\\/\\\/aeeolica.org\\\/espana-empieza-a-convertir-en-realidad-la-eolica-marina-flotante-por-juan-de-dios-lopez-director-tecnico-de-aee\\\/\",\"name\":\"Espa\u00f1a empieza a convertir en realidad la e\u00f3lica marina flotante. Por Juan de Dios L\u00f3pez, director t\u00e9cnico de AEE - Asociaci\u00f3n Empresarial E\u00f3lica\",\"isPartOf\":{\"@id\":\"https:\\\/\\\/aeeolica.org\\\/#website\"},\"datePublished\":\"2026-06-30T14:32:00+00:00\",\"dateModified\":\"2026-08-24T01:35:21+00:00\",\"breadcrumb\":{\"@id\":\"https:\\\/\\\/aeeolica.org\\\/espana-empieza-a-convertir-en-realidad-la-eolica-marina-flotante-por-juan-de-dios-lopez-director-tecnico-de-aee\\\/#breadcrumb\"},\"inLanguage\":\"en-US\",\"potentialAction\":[{\"@type\":\"ReadAction\",\"target\":[\"https:\\\/\\\/aeeolica.org\\\/espana-empieza-a-convertir-en-realidad-la-eolica-marina-flotante-por-juan-de-dios-lopez-director-tecnico-de-aee\\\/\"]}]},{\"@type\":\"BreadcrumbList\",\"@id\":\"https:\\\/\\\/aeeolica.org\\\/espana-empieza-a-convertir-en-realidad-la-eolica-marina-flotante-por-juan-de-dios-lopez-director-tecnico-de-aee\\\/#breadcrumb\",\"itemListElement\":[{\"@type\":\"ListItem\",\"position\":1,\"name\":\"Portada\",\"item\":\"https:\\\/\\\/aeeolica.org\\\/en\\\/inicio\\\/\"},{\"@type\":\"ListItem\",\"position\":2,\"name\":\"Espa\u00f1a empieza a convertir en realidad la e\u00f3lica marina flotante. Por Juan de Dios L\u00f3pez, director t\u00e9cnico de AEE\"}]},{\"@type\":\"WebSite\",\"@id\":\"https:\\\/\\\/aeeolica.org\\\/#website\",\"url\":\"https:\\\/\\\/aeeolica.org\\\/\",\"name\":\"Asociaci\u00f3n Empresarial E\u00f3lica\",\"description\":\"AEE Asociaci\u00f3n Empresarial E\u00f3lica\",\"publisher\":{\"@id\":\"https:\\\/\\\/aeeolica.org\\\/#organization\"},\"potentialAction\":[{\"@type\":\"SearchAction\",\"target\":{\"@type\":\"EntryPoint\",\"urlTemplate\":\"https:\\\/\\\/aeeolica.org\\\/?s={search_term_string}\"},\"query-input\":{\"@type\":\"PropertyValueSpecification\",\"valueRequired\":true,\"valueName\":\"search_term_string\"}}],\"inLanguage\":\"en-US\"},{\"@type\":\"Organization\",\"@id\":\"https:\\\/\\\/aeeolica.org\\\/#organization\",\"name\":\"Asociaci\u00f3n Empresarial E\u00f3lica\",\"url\":\"https:\\\/\\\/aeeolica.org\\\/\",\"logo\":{\"@type\":\"ImageObject\",\"inLanguage\":\"en-US\",\"@id\":\"https:\\\/\\\/aeeolica.org\\\/#\\\/schema\\\/logo\\\/image\\\/\",\"url\":\"https:\\\/\\\/aeeolica.org\\\/wp-content\\\/uploads\\\/2021\\\/08\\\/logo-aee.png\",\"contentUrl\":\"https:\\\/\\\/aeeolica.org\\\/wp-content\\\/uploads\\\/2021\\\/08\\\/logo-aee.png\",\"width\":180,\"height\":78,\"caption\":\"Asociaci\u00f3n Empresarial E\u00f3lica\"},\"image\":{\"@id\":\"https:\\\/\\\/aeeolica.org\\\/#\\\/schema\\\/logo\\\/image\\\/\"},\"sameAs\":[\"https:\\\/\\\/www.facebook.com\\\/aeeolica\",\"https:\\\/\\\/x.com\\\/aeeolica\",\"https:\\\/\\\/www.instagram.com\\\/aeeolica\\\/\",\"https:\\\/\\\/www.linkedin.com\\\/in\\\/aee-asociaci\u00f3n-empresarial-e\u00f3lica-6830946b\\\/\",\"https:\\\/\\\/www.youtube.com\\\/user\\\/AEEolica\"]},{\"@type\":\"Person\",\"@id\":\"https:\\\/\\\/aeeolica.org\\\/#\\\/schema\\\/person\\\/064b26f21f7ed52e0b3854e6b52f9772\",\"name\":\"Morante D\u00edaz, Mar\u00eda del Mar\",\"image\":{\"@type\":\"ImageObject\",\"inLanguage\":\"en-US\",\"@id\":\"https:\\\/\\\/secure.gravatar.com\\\/avatar\\\/8bfd23e1c4bf5aa0b9314f1c5c9d644e62672831e6a512513954c3f15dffdd5a?s=96&d=mm&r=g\",\"url\":\"https:\\\/\\\/secure.gravatar.com\\\/avatar\\\/8bfd23e1c4bf5aa0b9314f1c5c9d644e62672831e6a512513954c3f15dffdd5a?s=96&d=mm&r=g\",\"contentUrl\":\"https:\\\/\\\/secure.gravatar.com\\\/avatar\\\/8bfd23e1c4bf5aa0b9314f1c5c9d644e62672831e6a512513954c3f15dffdd5a?s=96&d=mm&r=g\",\"caption\":\"Morante D\u00edaz, Mar\u00eda del Mar\"},\"url\":\"https:\\\/\\\/aeeolica.org\\\/en\\\/author\\\/mar\\\/\"}]}<\/script>\n<!-- \/ Yoast SEO plugin. -->","yoast_head_json":{"title":"Espa\u00f1a empieza a convertir en realidad la e\u00f3lica marina flotante. Por Juan de Dios L\u00f3pez, director t\u00e9cnico de AEE - Asociaci\u00f3n Empresarial E\u00f3lica","robots":{"index":"index","follow":"follow","max-snippet":"max-snippet:-1","max-image-preview":"max-image-preview:large","max-video-preview":"max-video-preview:-1"},"canonical":"https:\/\/aeeolica.org\/espana-empieza-a-convertir-en-realidad-la-eolica-marina-flotante-por-juan-de-dios-lopez-director-tecnico-de-aee\/","og_locale":"en_US","og_type":"article","og_title":"Espa\u00f1a empieza a convertir en realidad la e\u00f3lica marina flotante. Por Juan de Dios L\u00f3pez, director t\u00e9cnico de AEE - Asociaci\u00f3n Empresarial E\u00f3lica","og_description":"La reciente Declaraci\u00f3n de Impacto Ambiental (DIA) favorable al proyecto PLEMCAT (emitida por el MITERD ypendiente \u00fanicamente de su publicaci\u00f3n en el BOE) constituye un hito relevante para el desarrollo [&hellip;]","og_url":"https:\/\/aeeolica.org\/espana-empieza-a-convertir-en-realidad-la-eolica-marina-flotante-por-juan-de-dios-lopez-director-tecnico-de-aee\/","og_site_name":"Asociaci\u00f3n Empresarial E\u00f3lica","article_publisher":"https:\/\/www.facebook.com\/aeeolica","article_published_time":"2026-06-30T14:32:00+00:00","article_modified_time":"2026-08-24T01:35:21+00:00","author":"Morante D\u00edaz, Mar\u00eda del Mar","twitter_card":"summary_large_image","twitter_creator":"@aeeolica","twitter_site":"@aeeolica","twitter_misc":{"Written by":"Morante D\u00edaz, Mar\u00eda del Mar","Est. reading time":"1 minute"},"schema":{"@context":"https:\/\/schema.org","@graph":[{"@type":"Article","@id":"https:\/\/aeeolica.org\/espana-empieza-a-convertir-en-realidad-la-eolica-marina-flotante-por-juan-de-dios-lopez-director-tecnico-de-aee\/#article","isPartOf":{"@id":"https:\/\/aeeolica.org\/espana-empieza-a-convertir-en-realidad-la-eolica-marina-flotante-por-juan-de-dios-lopez-director-tecnico-de-aee\/"},"author":{"name":"Morante D\u00edaz, Mar\u00eda del Mar","@id":"https:\/\/aeeolica.org\/#\/schema\/person\/064b26f21f7ed52e0b3854e6b52f9772"},"headline":"Espa\u00f1a empieza a convertir en realidad la e\u00f3lica marina flotante. Por Juan de Dios L\u00f3pez, director t\u00e9cnico de AEE","datePublished":"2026-06-30T14:32:00+00:00","dateModified":"2026-08-24T01:35:21+00:00","mainEntityOfPage":{"@id":"https:\/\/aeeolica.org\/espana-empieza-a-convertir-en-realidad-la-eolica-marina-flotante-por-juan-de-dios-lopez-director-tecnico-de-aee\/"},"wordCount":106,"commentCount":0,"publisher":{"@id":"https:\/\/aeeolica.org\/#organization"},"articleSection":["AEE Opina"],"inLanguage":"en-US","potentialAction":[{"@type":"CommentAction","name":"Comment","target":["https:\/\/aeeolica.org\/espana-empieza-a-convertir-en-realidad-la-eolica-marina-flotante-por-juan-de-dios-lopez-director-tecnico-de-aee\/#respond"]}]},{"@type":"WebPage","@id":"https:\/\/aeeolica.org\/espana-empieza-a-convertir-en-realidad-la-eolica-marina-flotante-por-juan-de-dios-lopez-director-tecnico-de-aee\/","url":"https:\/\/aeeolica.org\/espana-empieza-a-convertir-en-realidad-la-eolica-marina-flotante-por-juan-de-dios-lopez-director-tecnico-de-aee\/","name":"Espa\u00f1a empieza a convertir en realidad la e\u00f3lica marina flotante. Por Juan de Dios L\u00f3pez, director t\u00e9cnico de AEE - Asociaci\u00f3n Empresarial E\u00f3lica","isPartOf":{"@id":"https:\/\/aeeolica.org\/#website"},"datePublished":"2026-06-30T14:32:00+00:00","dateModified":"2026-08-24T01:35:21+00:00","breadcrumb":{"@id":"https:\/\/aeeolica.org\/espana-empieza-a-convertir-en-realidad-la-eolica-marina-flotante-por-juan-de-dios-lopez-director-tecnico-de-aee\/#breadcrumb"},"inLanguage":"en-US","potentialAction":[{"@type":"ReadAction","target":["https:\/\/aeeolica.org\/espana-empieza-a-convertir-en-realidad-la-eolica-marina-flotante-por-juan-de-dios-lopez-director-tecnico-de-aee\/"]}]},{"@type":"BreadcrumbList","@id":"https:\/\/aeeolica.org\/espana-empieza-a-convertir-en-realidad-la-eolica-marina-flotante-por-juan-de-dios-lopez-director-tecnico-de-aee\/#breadcrumb","itemListElement":[{"@type":"ListItem","position":1,"name":"Portada","item":"https:\/\/aeeolica.org\/en\/inicio\/"},{"@type":"ListItem","position":2,"name":"Espa\u00f1a empieza a convertir en realidad la e\u00f3lica marina flotante. Por Juan de Dios L\u00f3pez, director t\u00e9cnico de AEE"}]},{"@type":"WebSite","@id":"https:\/\/aeeolica.org\/#website","url":"https:\/\/aeeolica.org\/","name":"Asociaci\u00f3n Empresarial E\u00f3lica","description":"AEE Asociaci\u00f3n Empresarial E\u00f3lica","publisher":{"@id":"https:\/\/aeeolica.org\/#organization"},"potentialAction":[{"@type":"SearchAction","target":{"@type":"EntryPoint","urlTemplate":"https:\/\/aeeolica.org\/?s={search_term_string}"},"query-input":{"@type":"PropertyValueSpecification","valueRequired":true,"valueName":"search_term_string"}}],"inLanguage":"en-US"},{"@type":"Organization","@id":"https:\/\/aeeolica.org\/#organization","name":"Asociaci\u00f3n Empresarial E\u00f3lica","url":"https:\/\/aeeolica.org\/","logo":{"@type":"ImageObject","inLanguage":"en-US","@id":"https:\/\/aeeolica.org\/#\/schema\/logo\/image\/","url":"https:\/\/aeeolica.org\/wp-content\/uploads\/2021\/08\/logo-aee.png","contentUrl":"https:\/\/aeeolica.org\/wp-content\/uploads\/2021\/08\/logo-aee.png","width":180,"height":78,"caption":"Asociaci\u00f3n Empresarial E\u00f3lica"},"image":{"@id":"https:\/\/aeeolica.org\/#\/schema\/logo\/image\/"},"sameAs":["https:\/\/www.facebook.com\/aeeolica","https:\/\/x.com\/aeeolica","https:\/\/www.instagram.com\/aeeolica\/","https:\/\/www.linkedin.com\/in\/aee-asociaci\u00f3n-empresarial-e\u00f3lica-6830946b\/","https:\/\/www.youtube.com\/user\/AEEolica"]},{"@type":"Person","@id":"https:\/\/aeeolica.org\/#\/schema\/person\/064b26f21f7ed52e0b3854e6b52f9772","name":"Morante D\u00edaz, Mar\u00eda del Mar","image":{"@type":"ImageObject","inLanguage":"en-US","@id":"https:\/\/secure.gravatar.com\/avatar\/8bfd23e1c4bf5aa0b9314f1c5c9d644e62672831e6a512513954c3f15dffdd5a?s=96&d=mm&r=g","url":"https:\/\/secure.gravatar.com\/avatar\/8bfd23e1c4bf5aa0b9314f1c5c9d644e62672831e6a512513954c3f15dffdd5a?s=96&d=mm&r=g","contentUrl":"https:\/\/secure.gravatar.com\/avatar\/8bfd23e1c4bf5aa0b9314f1c5c9d644e62672831e6a512513954c3f15dffdd5a?s=96&d=mm&r=g","caption":"Morante D\u00edaz, Mar\u00eda del Mar"},"url":"https:\/\/aeeolica.org\/en\/author\/mar\/"}]}},"_links":{"self":[{"href":"https:\/\/aeeolica.org\/en\/wp-json\/wp\/v2\/posts\/297310","targetHints":{"allow":["GET"]}}],"collection":[{"href":"https:\/\/aeeolica.org\/en\/wp-json\/wp\/v2\/posts"}],"about":[{"href":"https:\/\/aeeolica.org\/en\/wp-json\/wp\/v2\/types\/post"}],"author":[{"embeddable":true,"href":"https:\/\/aeeolica.org\/en\/wp-json\/wp\/v2\/users\/2"}],"replies":[{"embeddable":true,"href":"https:\/\/aeeolica.org\/en\/wp-json\/wp\/v2\/comments?post=297310"}],"version-history":[{"count":2,"href":"https:\/\/aeeolica.org\/en\/wp-json\/wp\/v2\/posts\/297310\/revisions"}],"predecessor-version":[{"id":297314,"href":"https:\/\/aeeolica.org\/en\/wp-json\/wp\/v2\/posts\/297310\/revisions\/297314"}],"wp:attachment":[{"href":"https:\/\/aeeolica.org\/en\/wp-json\/wp\/v2\/media?parent=297310"}],"wp:term":[{"taxonomy":"category","embeddable":true,"href":"https:\/\/aeeolica.org\/en\/wp-json\/wp\/v2\/categories?post=297310"},{"taxonomy":"post_tag","embeddable":true,"href":"https:\/\/aeeolica.org\/en\/wp-json\/wp\/v2\/tags?post=297310"}],"curies":[{"name":"wp","href":"https:\/\/api.w.org\/{rel}","templated":true}]}}