{"id":297746,"date":"2026-09-04T13:17:57","date_gmt":"2026-09-04T11:17:57","guid":{"rendered":"https:\/\/aeeolica.org\/?p=297746"},"modified":"2026-09-04T13:52:11","modified_gmt":"2026-09-04T11:52:11","slug":"las-10-principales-fake-news-sobre-la-energia-eolica-cuales-son-y-lo-que-dicen-realmente-los-datos","status":"publish","type":"post","link":"https:\/\/aeeolica.org\/en\/las-10-principales-fake-news-sobre-la-energia-eolica-cuales-son-y-lo-que-dicen-realmente-los-datos\/","title":{"rendered":"Las 10 principales fake news sobre la energ\u00eda e\u00f3lica: cu\u00e1les son y lo que\u00a0dicen realmente los datos"},"content":{"rendered":"\n<p class=\"wp-block-paragraph\">La <strong>Asociaci\u00f3n Empresarial E\u00f3lica (AEE)<\/strong> recopila y contrasta algunas de las afirmaciones m\u00e1s extendidas sobre los parques e\u00f3licos, desde la ocupaci\u00f3n del territorio, sus efectos sobre el medio ambiente, sus costes o su tecnolog\u00eda de procedencia de terceros pa\u00edses.\u00a0<br><br>La energ\u00eda e\u00f3lica, como una de las tecnolog\u00edas principales de nuestro sistema energ\u00e9tico, est\u00e1 en el foco de diversos debates sociales. En los \u00faltimos meses han proliferado en redes sociales y otros canales afirmaciones que no se corresponden con la realidad de la tramitaci\u00f3n de los parques e\u00f3licos o con su operaci\u00f3n y funcionamiento.\u00a0<br><br>\u00bfLa e\u00f3lica es una tecnolog\u00eda intermitente que no puede garantizar el suministro? \u00bfEst\u00e1 subvencionada? \u00bfDestruye la biodiversidad? \u00bfLos aerogeneradores no se pueden reciclar? \u00bfLa tecnolog\u00eda e\u00f3lica es extranjera? Son algunas de las afirmaciones que circulan con frecuencia en redes sociales y otros canales de comunicaci\u00f3n. Algunas de las afirmaciones que circulan sobre la e\u00f3lica no se corresponden con la realidad de su funcionamiento, su impacto o su contribuci\u00f3n econ\u00f3mica e industrial.<br><br>Con el objetivo de contribuir a un debate p\u00fablico basado en informaci\u00f3n contrastada, la <strong>Asociaci\u00f3n Empresarial E\u00f3lica\u00a0<\/strong>ha recopilado algunos de los principales bulos que circulan sobre esta tecnolog\u00eda.\u00a0<br><br><strong>Informaci\u00f3n frente a desinformaci\u00f3n<\/strong><br><strong>AEE<\/strong> considera necesario que el debate sobre el desarrollo de las energ\u00edas renovables se produzca sobre la base de informaci\u00f3n rigurosa y fuentes contrastadas. La informaci\u00f3n completa y las fuentes utilizadas para contrastar estos y otros bulos sobre la energ\u00eda e\u00f3lica est\u00e1n disponibles en la <a href=\"https:\/\/aeeolica.org\/sobre-la-eolica\/desmontando-fake-news\/\"><strong>web de la Asociaci\u00f3n Empresarial E\u00f3lica<\/strong><\/a>.<br><br>La recopilaci\u00f3n de las FAKE NEWS m\u00e1s habituales es la siguiente:\u00a0<br><br><strong>1. FAKE: \u201cLa e\u00f3lica no sirve para garantizar el suministro, al ser una fuente de energ\u00eda intermitente\u201d<\/strong><br><strong>REALIDAD:<\/strong> La generaci\u00f3n e\u00f3lica es variable, pero eso no significa que sea imprevisible. La producci\u00f3n se puede prever y planificar con antelaci\u00f3n suficiente y el sistema el\u00e9ctrico combina distintas tecnolog\u00edas, almacenamiento, interconexiones y gesti\u00f3n de la demanda. En Espa\u00f1a, la e\u00f3lica es la principal tecnolog\u00eda de generaci\u00f3n el\u00e9ctrica desde 2021.\u00a0<br><br><strong>2. FAKE: \u201cLa energ\u00eda e\u00f3lica es m\u00e1s cara y est\u00e1 subvencionada\u201d<\/strong><br><strong>REALIDAD:<\/strong> La e\u00f3lica tiene costes variables de generaci\u00f3n muy bajos porque no necesita combustible para producir electricidad. Durante los \u00faltimos 5 a\u00f1os, la inmensa mayor\u00eda de la generaci\u00f3n e\u00f3lica participa directamente en el mercado el\u00e9ctrico, en el que intervienen diferentes tecnolog\u00edas y factores, y ha ahorrado a los espa\u00f1oles una media de 5.000 millones de euros al a\u00f1o en importaciones de combustibles f\u00f3siles.\u00a0<br><br><strong>3. FAKE: \u201cLos parques e\u00f3licos solo benefician a las grandes el\u00e9ctricas\u201d<\/strong><br><strong>REALIDAD:<\/strong> Los proyectos e\u00f3licos generan actividad econ\u00f3mica en los territorios donde se implantan: alquileres de terrenos, impuestos y tasas locales, empleo asociado a industria, construcci\u00f3n y operaci\u00f3n, contratos con proveedores y actividad econ\u00f3mica directa e indirecta. La industria e\u00f3lica espa\u00f1ola es la cuarta exportadora mundial en tecnolog\u00eda y componentes de aerogeneradores, con m\u00e1s de 280 centros industriales repartidos por todo el pa\u00eds.<br><br><strong>4. FAKE: \u201cLos aerogeneradores no se pueden reciclar y acabar\u00e1n enterrados\u201d<\/strong><br><strong>REALIDAD:<\/strong> La mayor parte de un aerogenerador \u2014acero, hierro, cobre, aluminio y otros componentes\u2014 es reciclable. El principal reto se encuentra en las palas, fabricadas con materiales compuestos. La industria est\u00e1 desarrollando soluciones de reutilizaci\u00f3n, valorizaci\u00f3n y reciclaje de estos materiales. Ya hay varios ejemplos de parques e\u00f3licos repotenciados en los que la tasa de reciclaje roza el 100%.<br><br><strong>5. FAKE: \u201cLos parques e\u00f3licos destruyen la biodiversidad\u201d<\/strong><br><strong>REALIDAD:<\/strong> Como cualquier actividad humana, un parque e\u00f3lico genera impactos sobre el entorno y la biodiversidad. Por eso los proyectos est\u00e1n sometidos a estrictos procedimientos de evaluaci\u00f3n ambiental y a medidas de prevenci\u00f3n, mitigaci\u00f3n, seguimiento y compensaci\u00f3n. De hecho, los parques e\u00f3licos son uno de los mayores contribuyentes a los mecanismos de conservaci\u00f3n de la biodiversidad a nivel estatal.<br><br><strong>6. FAKE: \u201cLos aerogeneradores matan a millones de aves cada a\u00f1o\u201d<\/strong><br><strong>REALIDAD:<\/strong> De acuerdo a las publicaciones y datos disponibles (por ejemplo, el Libro Rojo de las Aves), la e\u00f3lica es una de las actividades humanas que menos afecta a la mayor\u00eda de las especies de aves, muy lejos de otras causas de muerte, como la contaminaci\u00f3n, el tr\u00e1fico o el envenenamiento. Los parques e\u00f3licos incorporan medidas de vigilancia y mitigaci\u00f3n, como sistemas de detecci\u00f3n, paradas selectivas y seguimiento continuo de fauna.\u00a0<br><br><strong>7. FAKE: \u201cLa e\u00f3lica ocupa terreno que deja de poder utilizarse para otras actividades\u201d<\/strong><br><strong>REALIDAD:<\/strong> La e\u00f3lica ocupa efectivamente menos del 0.017% del territorio nacional, y est\u00e1 demostrado que convive con otras actividades (usos agr\u00edcolas, ganaderos, protecci\u00f3n contra incendios forestales, etc\u2026) e incluso puede ser beneficiosa en algunos aspectos, como las mejoras en los accesos, vigilancia y alerta temprana contra incendios.<br><br><strong>8. FAKE: \u201cLa e\u00f3lica es una tecnolog\u00eda nueva y experimental\u201d<\/strong><br><strong>REALIDAD:<\/strong> La energ\u00eda e\u00f3lica lleva m\u00e1s de tres d\u00e9cadas formando parte del sistema el\u00e9ctrico espa\u00f1ol y Espa\u00f1a ha desarrollado una industria e\u00f3lica con una importante experiencia tecnol\u00f3gica, industrial y exportadora. En 2025 la e\u00f3lica gener\u00f3 58.756 GWh y represent\u00f3 el 21,6% de la generaci\u00f3n el\u00e9ctrica nacional, siendo la primera fuente de generaci\u00f3n el\u00e9ctrica desde hace m\u00e1s de 5 a\u00f1os. La primera vez que la energ\u00eda e\u00f3lica fue la principal fuente de generaci\u00f3n el\u00e9ctrica en Espa\u00f1a en un a\u00f1o completo fue en 2013, cubriendo el 21,2% de la demanda el\u00e9ctrica, por encima de la nuclear.\u00a0<br><br><strong>9. FAKE: \u201cCuanta m\u00e1s e\u00f3lica haya, m\u00e1s dependemos de los combustibles f\u00f3siles cuando no sopla el viento\u201d<\/strong><br><strong>REALIDAD:<\/strong> La transici\u00f3n energ\u00e9tica no consiste en sustituir una tecnolog\u00eda por otra, sino en construir un sistema el\u00e9ctrico m\u00e1s descarbonizado, diversificado y resiliente. La e\u00f3lica se complementa con solar, hidr\u00e1ulica, almacenamiento, interconexiones, gesti\u00f3n de la demanda y otras tecnolog\u00edas. De hecho, en 2025 Espa\u00f1a produjo el 55,5% de su electricidad con renovables y el 75,5% con tecnolog\u00edas libres de emisiones de CO\u2082 equivalente.\u00a0<br><br><strong>10. FAKE: \u201cLa e\u00f3lica es tecnolog\u00eda extranjera\u201d<\/strong><br><strong>REALIDAD:<\/strong> Espa\u00f1a es uno de los pocos pa\u00edses del mundo que cuenta con el 100% del conocimiento y la cadena de valor necesarios para desarrollar e instalar energ\u00eda e\u00f3lica, siendo los cuartos exportadores de tecnolog\u00eda a nivel mundial, Contamos con una cadena industrial que incluye fabricaci\u00f3n de componentes, ingenier\u00eda, construcci\u00f3n, operaci\u00f3n y mantenimiento, servicios tecnol\u00f3gicos y actividades de I+D. Su desarrollo genera actividad para m\u00faltiples sectores industriales y de servicios. Hablar de e\u00f3lica no es hablar \u00fanicamente de megavatios: tambi\u00e9n es hablar de industria, empleo, innovaci\u00f3n, exportaciones y competitividad.<\/p>\n\n\n\n<p class=\"wp-block-paragraph\"><\/p>\n\n\n\n<div class=\"wp-block-buttons alignwide is-layout-flex wp-block-buttons-is-layout-flex\">\n<div class=\"wp-block-button\"><a class=\"wp-block-button__link has-white-color has-text-color has-background has-link-color has-text-align-center has-medium-font-size has-custom-font-size wp-element-button\" href=\"https:\/\/aeeolica.org\/sobre-la-eolica\/desmontando-fake-news\/\" style=\"background-color:#0071ce\">Ver principales Fake News sobre la energ\u00eda e\u00f3lica<\/a><\/div>\n<\/div>\n\n\n\n<p class=\"wp-block-paragraph\"><\/p>\n\n\n\n<div class=\"wp-block-buttons alignwide is-layout-flex wp-block-buttons-is-layout-flex\">\n<div class=\"wp-block-button\"><a class=\"wp-block-button__link has-white-color has-text-color has-background has-link-color has-text-align-center has-medium-font-size has-custom-font-size wp-element-button\" href=\"https:\/\/aeeolica.org\/wp-content\/uploads\/2026\/09\/Desmontamos-fake-news-sobre-la-energia-eolica.mp4\" style=\"background-color:#0071ce\">Ver v\u00eddeo<\/a><\/div>\n<\/div>\n\n\n\n<p class=\"wp-block-paragraph\"><\/p>\n\n\n\n<p class=\"wp-block-paragraph\"><\/p>\n","protected":false},"excerpt":{"rendered":"<p>La Asociaci\u00f3n Empresarial E\u00f3lica (AEE) recopila y contrasta algunas de las afirmaciones m\u00e1s extendidas sobre los parques e\u00f3licos, desde la ocupaci\u00f3n del territorio, sus efectos sobre el medio ambiente, sus [&hellip;]<\/p>\n","protected":false},"author":2,"featured_media":297750,"comment_status":"open","ping_status":"open","sticky":false,"template":"","format":"standard","meta":{"_acf_changed":false,"_bbp_topic_count":0,"_bbp_reply_count":0,"_bbp_total_topic_count":0,"_bbp_total_reply_count":0,"_bbp_voice_count":0,"_bbp_anonymous_reply_count":0,"_bbp_topic_count_hidden":0,"_bbp_reply_count_hidden":0,"_bbp_forum_subforum_count":0,"_et_pb_use_builder":"","_et_pb_old_content":"","_et_gb_content_width":"","footnotes":""},"categories":[542],"tags":[],"class_list":["post-297746","post","type-post","status-publish","format-standard","has-post-thumbnail","hentry","category-542"],"acf":[],"yoast_head":"<!-- This site is optimized with the Yoast SEO plugin v28.3 - https:\/\/yoast.com\/product\/yoast-seo-wordpress\/ -->\n<title>Las 10 principales fake news sobre la energ\u00eda e\u00f3lica: cu\u00e1les son y lo que\u00a0dicen realmente los datos - Asociaci\u00f3n Empresarial E\u00f3lica<\/title>\n<meta name=\"robots\" content=\"index, follow, max-snippet:-1, max-image-preview:large, max-video-preview:-1\" \/>\n<link rel=\"canonical\" href=\"https:\/\/aeeolica.org\/las-10-principales-fake-news-sobre-la-energia-eolica-cuales-son-y-lo-que-dicen-realmente-los-datos\/\" \/>\n<meta property=\"og:locale\" content=\"en_US\" \/>\n<meta property=\"og:type\" content=\"article\" \/>\n<meta property=\"og:title\" content=\"Las 10 principales fake news sobre la energ\u00eda e\u00f3lica: cu\u00e1les son y lo que\u00a0dicen realmente los datos - Asociaci\u00f3n Empresarial E\u00f3lica\" \/>\n<meta property=\"og:description\" content=\"La Asociaci\u00f3n Empresarial E\u00f3lica (AEE) recopila y contrasta algunas de las afirmaciones m\u00e1s extendidas sobre los parques e\u00f3licos, desde la ocupaci\u00f3n del territorio, sus efectos sobre el medio ambiente, sus [&hellip;]\" \/>\n<meta property=\"og:url\" content=\"https:\/\/aeeolica.org\/las-10-principales-fake-news-sobre-la-energia-eolica-cuales-son-y-lo-que-dicen-realmente-los-datos\/\" \/>\n<meta property=\"og:site_name\" content=\"Asociaci\u00f3n Empresarial E\u00f3lica\" \/>\n<meta property=\"article:publisher\" content=\"https:\/\/www.facebook.com\/aeeolica\" \/>\n<meta property=\"article:published_time\" content=\"2026-09-04T11:17:57+00:00\" \/>\n<meta property=\"article:modified_time\" content=\"2026-09-04T11:52:11+00:00\" \/>\n<meta property=\"og:image\" content=\"https:\/\/aeeolica.org\/wp-content\/uploads\/2026\/09\/Infografia-FakeNews.png\" \/>\n\t<meta property=\"og:image:width\" content=\"1200\" \/>\n\t<meta property=\"og:image:height\" content=\"627\" \/>\n\t<meta property=\"og:image:type\" content=\"image\/png\" \/>\n<meta name=\"author\" content=\"Morante D\u00edaz, Mar\u00eda del Mar\" \/>\n<meta name=\"twitter:card\" content=\"summary_large_image\" \/>\n<meta name=\"twitter:creator\" content=\"@aeeolica\" \/>\n<meta name=\"twitter:site\" content=\"@aeeolica\" \/>\n<meta name=\"twitter:label1\" content=\"Written by\" \/>\n\t<meta name=\"twitter:data1\" content=\"Morante D\u00edaz, Mar\u00eda del Mar\" \/>\n\t<meta name=\"twitter:label2\" content=\"Est. reading time\" \/>\n\t<meta name=\"twitter:data2\" content=\"5 minutes\" \/>\n<script type=\"application\/ld+json\" class=\"yoast-schema-graph\">{\"@context\":\"https:\\\/\\\/schema.org\",\"@graph\":[{\"@type\":\"Article\",\"@id\":\"https:\\\/\\\/aeeolica.org\\\/las-10-principales-fake-news-sobre-la-energia-eolica-cuales-son-y-lo-que-dicen-realmente-los-datos\\\/#article\",\"isPartOf\":{\"@id\":\"https:\\\/\\\/aeeolica.org\\\/las-10-principales-fake-news-sobre-la-energia-eolica-cuales-son-y-lo-que-dicen-realmente-los-datos\\\/\"},\"author\":{\"name\":\"Morante D\u00edaz, Mar\u00eda del Mar\",\"@id\":\"https:\\\/\\\/aeeolica.org\\\/#\\\/schema\\\/person\\\/064b26f21f7ed52e0b3854e6b52f9772\"},\"headline\":\"Las 10 principales fake news sobre la energ\u00eda e\u00f3lica: cu\u00e1les son y lo que\u00a0dicen realmente los datos\",\"datePublished\":\"2026-09-04T11:17:57+00:00\",\"dateModified\":\"2026-09-04T11:52:11+00:00\",\"mainEntityOfPage\":{\"@id\":\"https:\\\/\\\/aeeolica.org\\\/las-10-principales-fake-news-sobre-la-energia-eolica-cuales-son-y-lo-que-dicen-realmente-los-datos\\\/\"},\"wordCount\":1201,\"commentCount\":0,\"publisher\":{\"@id\":\"https:\\\/\\\/aeeolica.org\\\/#organization\"},\"image\":{\"@id\":\"https:\\\/\\\/aeeolica.org\\\/las-10-principales-fake-news-sobre-la-energia-eolica-cuales-son-y-lo-que-dicen-realmente-los-datos\\\/#primaryimage\"},\"thumbnailUrl\":\"https:\\\/\\\/aeeolica.org\\\/wp-content\\\/uploads\\\/2026\\\/09\\\/Infografia-FakeNews.png\",\"articleSection\":[\"Notas de Prensa a\u00f1o 2026\"],\"inLanguage\":\"en-US\",\"potentialAction\":[{\"@type\":\"CommentAction\",\"name\":\"Comment\",\"target\":[\"https:\\\/\\\/aeeolica.org\\\/las-10-principales-fake-news-sobre-la-energia-eolica-cuales-son-y-lo-que-dicen-realmente-los-datos\\\/#respond\"]}]},{\"@type\":\"WebPage\",\"@id\":\"https:\\\/\\\/aeeolica.org\\\/las-10-principales-fake-news-sobre-la-energia-eolica-cuales-son-y-lo-que-dicen-realmente-los-datos\\\/\",\"url\":\"https:\\\/\\\/aeeolica.org\\\/las-10-principales-fake-news-sobre-la-energia-eolica-cuales-son-y-lo-que-dicen-realmente-los-datos\\\/\",\"name\":\"Las 10 principales fake news sobre la energ\u00eda e\u00f3lica: cu\u00e1les son y lo que\u00a0dicen realmente los datos - Asociaci\u00f3n Empresarial E\u00f3lica\",\"isPartOf\":{\"@id\":\"https:\\\/\\\/aeeolica.org\\\/#website\"},\"primaryImageOfPage\":{\"@id\":\"https:\\\/\\\/aeeolica.org\\\/las-10-principales-fake-news-sobre-la-energia-eolica-cuales-son-y-lo-que-dicen-realmente-los-datos\\\/#primaryimage\"},\"image\":{\"@id\":\"https:\\\/\\\/aeeolica.org\\\/las-10-principales-fake-news-sobre-la-energia-eolica-cuales-son-y-lo-que-dicen-realmente-los-datos\\\/#primaryimage\"},\"thumbnailUrl\":\"https:\\\/\\\/aeeolica.org\\\/wp-content\\\/uploads\\\/2026\\\/09\\\/Infografia-FakeNews.png\",\"datePublished\":\"2026-09-04T11:17:57+00:00\",\"dateModified\":\"2026-09-04T11:52:11+00:00\",\"breadcrumb\":{\"@id\":\"https:\\\/\\\/aeeolica.org\\\/las-10-principales-fake-news-sobre-la-energia-eolica-cuales-son-y-lo-que-dicen-realmente-los-datos\\\/#breadcrumb\"},\"inLanguage\":\"en-US\",\"potentialAction\":[{\"@type\":\"ReadAction\",\"target\":[\"https:\\\/\\\/aeeolica.org\\\/las-10-principales-fake-news-sobre-la-energia-eolica-cuales-son-y-lo-que-dicen-realmente-los-datos\\\/\"]}]},{\"@type\":\"ImageObject\",\"inLanguage\":\"en-US\",\"@id\":\"https:\\\/\\\/aeeolica.org\\\/las-10-principales-fake-news-sobre-la-energia-eolica-cuales-son-y-lo-que-dicen-realmente-los-datos\\\/#primaryimage\",\"url\":\"https:\\\/\\\/aeeolica.org\\\/wp-content\\\/uploads\\\/2026\\\/09\\\/Infografia-FakeNews.png\",\"contentUrl\":\"https:\\\/\\\/aeeolica.org\\\/wp-content\\\/uploads\\\/2026\\\/09\\\/Infografia-FakeNews.png\",\"width\":1200,\"height\":627},{\"@type\":\"BreadcrumbList\",\"@id\":\"https:\\\/\\\/aeeolica.org\\\/las-10-principales-fake-news-sobre-la-energia-eolica-cuales-son-y-lo-que-dicen-realmente-los-datos\\\/#breadcrumb\",\"itemListElement\":[{\"@type\":\"ListItem\",\"position\":1,\"name\":\"Portada\",\"item\":\"https:\\\/\\\/aeeolica.org\\\/en\\\/inicio\\\/\"},{\"@type\":\"ListItem\",\"position\":2,\"name\":\"Las 10 principales fake news sobre la energ\u00eda e\u00f3lica: cu\u00e1les son y lo que\u00a0dicen realmente los datos\"}]},{\"@type\":\"WebSite\",\"@id\":\"https:\\\/\\\/aeeolica.org\\\/#website\",\"url\":\"https:\\\/\\\/aeeolica.org\\\/\",\"name\":\"Asociaci\u00f3n Empresarial E\u00f3lica\",\"description\":\"AEE Asociaci\u00f3n Empresarial E\u00f3lica\",\"publisher\":{\"@id\":\"https:\\\/\\\/aeeolica.org\\\/#organization\"},\"potentialAction\":[{\"@type\":\"SearchAction\",\"target\":{\"@type\":\"EntryPoint\",\"urlTemplate\":\"https:\\\/\\\/aeeolica.org\\\/?s={search_term_string}\"},\"query-input\":{\"@type\":\"PropertyValueSpecification\",\"valueRequired\":true,\"valueName\":\"search_term_string\"}}],\"inLanguage\":\"en-US\"},{\"@type\":\"Organization\",\"@id\":\"https:\\\/\\\/aeeolica.org\\\/#organization\",\"name\":\"Asociaci\u00f3n Empresarial E\u00f3lica\",\"url\":\"https:\\\/\\\/aeeolica.org\\\/\",\"logo\":{\"@type\":\"ImageObject\",\"inLanguage\":\"en-US\",\"@id\":\"https:\\\/\\\/aeeolica.org\\\/#\\\/schema\\\/logo\\\/image\\\/\",\"url\":\"https:\\\/\\\/aeeolica.org\\\/wp-content\\\/uploads\\\/2021\\\/08\\\/logo-aee.png\",\"contentUrl\":\"https:\\\/\\\/aeeolica.org\\\/wp-content\\\/uploads\\\/2021\\\/08\\\/logo-aee.png\",\"width\":180,\"height\":78,\"caption\":\"Asociaci\u00f3n Empresarial E\u00f3lica\"},\"image\":{\"@id\":\"https:\\\/\\\/aeeolica.org\\\/#\\\/schema\\\/logo\\\/image\\\/\"},\"sameAs\":[\"https:\\\/\\\/www.facebook.com\\\/aeeolica\",\"https:\\\/\\\/x.com\\\/aeeolica\",\"https:\\\/\\\/www.instagram.com\\\/aeeolica\\\/\",\"https:\\\/\\\/www.linkedin.com\\\/in\\\/aee-asociaci\u00f3n-empresarial-e\u00f3lica-6830946b\\\/\",\"https:\\\/\\\/www.youtube.com\\\/user\\\/AEEolica\"]},{\"@type\":\"Person\",\"@id\":\"https:\\\/\\\/aeeolica.org\\\/#\\\/schema\\\/person\\\/064b26f21f7ed52e0b3854e6b52f9772\",\"name\":\"Morante D\u00edaz, Mar\u00eda del Mar\",\"image\":{\"@type\":\"ImageObject\",\"inLanguage\":\"en-US\",\"@id\":\"https:\\\/\\\/secure.gravatar.com\\\/avatar\\\/8bfd23e1c4bf5aa0b9314f1c5c9d644e62672831e6a512513954c3f15dffdd5a?s=96&d=mm&r=g\",\"url\":\"https:\\\/\\\/secure.gravatar.com\\\/avatar\\\/8bfd23e1c4bf5aa0b9314f1c5c9d644e62672831e6a512513954c3f15dffdd5a?s=96&d=mm&r=g\",\"contentUrl\":\"https:\\\/\\\/secure.gravatar.com\\\/avatar\\\/8bfd23e1c4bf5aa0b9314f1c5c9d644e62672831e6a512513954c3f15dffdd5a?s=96&d=mm&r=g\",\"caption\":\"Morante D\u00edaz, Mar\u00eda del Mar\"},\"url\":\"https:\\\/\\\/aeeolica.org\\\/en\\\/author\\\/mar\\\/\"}]}<\/script>\n<!-- \/ Yoast SEO plugin. -->","yoast_head_json":{"title":"Las 10 principales fake news sobre la energ\u00eda e\u00f3lica: cu\u00e1les son y lo que\u00a0dicen realmente los datos - Asociaci\u00f3n Empresarial E\u00f3lica","robots":{"index":"index","follow":"follow","max-snippet":"max-snippet:-1","max-image-preview":"max-image-preview:large","max-video-preview":"max-video-preview:-1"},"canonical":"https:\/\/aeeolica.org\/las-10-principales-fake-news-sobre-la-energia-eolica-cuales-son-y-lo-que-dicen-realmente-los-datos\/","og_locale":"en_US","og_type":"article","og_title":"Las 10 principales fake news sobre la energ\u00eda e\u00f3lica: cu\u00e1les son y lo que\u00a0dicen realmente los datos - Asociaci\u00f3n Empresarial E\u00f3lica","og_description":"La Asociaci\u00f3n Empresarial E\u00f3lica (AEE) recopila y contrasta algunas de las afirmaciones m\u00e1s extendidas sobre los parques e\u00f3licos, desde la ocupaci\u00f3n del territorio, sus efectos sobre el medio ambiente, sus [&hellip;]","og_url":"https:\/\/aeeolica.org\/las-10-principales-fake-news-sobre-la-energia-eolica-cuales-son-y-lo-que-dicen-realmente-los-datos\/","og_site_name":"Asociaci\u00f3n Empresarial E\u00f3lica","article_publisher":"https:\/\/www.facebook.com\/aeeolica","article_published_time":"2026-09-04T11:17:57+00:00","article_modified_time":"2026-09-04T11:52:11+00:00","og_image":[{"width":1200,"height":627,"url":"https:\/\/aeeolica.org\/wp-content\/uploads\/2026\/09\/Infografia-FakeNews.png","type":"image\/png"}],"author":"Morante D\u00edaz, Mar\u00eda del Mar","twitter_card":"summary_large_image","twitter_creator":"@aeeolica","twitter_site":"@aeeolica","twitter_misc":{"Written by":"Morante D\u00edaz, Mar\u00eda del Mar","Est. reading time":"5 minutes"},"schema":{"@context":"https:\/\/schema.org","@graph":[{"@type":"Article","@id":"https:\/\/aeeolica.org\/las-10-principales-fake-news-sobre-la-energia-eolica-cuales-son-y-lo-que-dicen-realmente-los-datos\/#article","isPartOf":{"@id":"https:\/\/aeeolica.org\/las-10-principales-fake-news-sobre-la-energia-eolica-cuales-son-y-lo-que-dicen-realmente-los-datos\/"},"author":{"name":"Morante D\u00edaz, Mar\u00eda del Mar","@id":"https:\/\/aeeolica.org\/#\/schema\/person\/064b26f21f7ed52e0b3854e6b52f9772"},"headline":"Las 10 principales fake news sobre la energ\u00eda e\u00f3lica: cu\u00e1les son y lo que\u00a0dicen realmente los datos","datePublished":"2026-09-04T11:17:57+00:00","dateModified":"2026-09-04T11:52:11+00:00","mainEntityOfPage":{"@id":"https:\/\/aeeolica.org\/las-10-principales-fake-news-sobre-la-energia-eolica-cuales-son-y-lo-que-dicen-realmente-los-datos\/"},"wordCount":1201,"commentCount":0,"publisher":{"@id":"https:\/\/aeeolica.org\/#organization"},"image":{"@id":"https:\/\/aeeolica.org\/las-10-principales-fake-news-sobre-la-energia-eolica-cuales-son-y-lo-que-dicen-realmente-los-datos\/#primaryimage"},"thumbnailUrl":"https:\/\/aeeolica.org\/wp-content\/uploads\/2026\/09\/Infografia-FakeNews.png","articleSection":["Notas de Prensa a\u00f1o 2026"],"inLanguage":"en-US","potentialAction":[{"@type":"CommentAction","name":"Comment","target":["https:\/\/aeeolica.org\/las-10-principales-fake-news-sobre-la-energia-eolica-cuales-son-y-lo-que-dicen-realmente-los-datos\/#respond"]}]},{"@type":"WebPage","@id":"https:\/\/aeeolica.org\/las-10-principales-fake-news-sobre-la-energia-eolica-cuales-son-y-lo-que-dicen-realmente-los-datos\/","url":"https:\/\/aeeolica.org\/las-10-principales-fake-news-sobre-la-energia-eolica-cuales-son-y-lo-que-dicen-realmente-los-datos\/","name":"Las 10 principales fake news sobre la energ\u00eda e\u00f3lica: cu\u00e1les son y lo que\u00a0dicen realmente los datos - Asociaci\u00f3n Empresarial E\u00f3lica","isPartOf":{"@id":"https:\/\/aeeolica.org\/#website"},"primaryImageOfPage":{"@id":"https:\/\/aeeolica.org\/las-10-principales-fake-news-sobre-la-energia-eolica-cuales-son-y-lo-que-dicen-realmente-los-datos\/#primaryimage"},"image":{"@id":"https:\/\/aeeolica.org\/las-10-principales-fake-news-sobre-la-energia-eolica-cuales-son-y-lo-que-dicen-realmente-los-datos\/#primaryimage"},"thumbnailUrl":"https:\/\/aeeolica.org\/wp-content\/uploads\/2026\/09\/Infografia-FakeNews.png","datePublished":"2026-09-04T11:17:57+00:00","dateModified":"2026-09-04T11:52:11+00:00","breadcrumb":{"@id":"https:\/\/aeeolica.org\/las-10-principales-fake-news-sobre-la-energia-eolica-cuales-son-y-lo-que-dicen-realmente-los-datos\/#breadcrumb"},"inLanguage":"en-US","potentialAction":[{"@type":"ReadAction","target":["https:\/\/aeeolica.org\/las-10-principales-fake-news-sobre-la-energia-eolica-cuales-son-y-lo-que-dicen-realmente-los-datos\/"]}]},{"@type":"ImageObject","inLanguage":"en-US","@id":"https:\/\/aeeolica.org\/las-10-principales-fake-news-sobre-la-energia-eolica-cuales-son-y-lo-que-dicen-realmente-los-datos\/#primaryimage","url":"https:\/\/aeeolica.org\/wp-content\/uploads\/2026\/09\/Infografia-FakeNews.png","contentUrl":"https:\/\/aeeolica.org\/wp-content\/uploads\/2026\/09\/Infografia-FakeNews.png","width":1200,"height":627},{"@type":"BreadcrumbList","@id":"https:\/\/aeeolica.org\/las-10-principales-fake-news-sobre-la-energia-eolica-cuales-son-y-lo-que-dicen-realmente-los-datos\/#breadcrumb","itemListElement":[{"@type":"ListItem","position":1,"name":"Portada","item":"https:\/\/aeeolica.org\/en\/inicio\/"},{"@type":"ListItem","position":2,"name":"Las 10 principales fake news sobre la energ\u00eda e\u00f3lica: cu\u00e1les son y lo que\u00a0dicen realmente los datos"}]},{"@type":"WebSite","@id":"https:\/\/aeeolica.org\/#website","url":"https:\/\/aeeolica.org\/","name":"Asociaci\u00f3n Empresarial E\u00f3lica","description":"AEE Asociaci\u00f3n Empresarial E\u00f3lica","publisher":{"@id":"https:\/\/aeeolica.org\/#organization"},"potentialAction":[{"@type":"SearchAction","target":{"@type":"EntryPoint","urlTemplate":"https:\/\/aeeolica.org\/?s={search_term_string}"},"query-input":{"@type":"PropertyValueSpecification","valueRequired":true,"valueName":"search_term_string"}}],"inLanguage":"en-US"},{"@type":"Organization","@id":"https:\/\/aeeolica.org\/#organization","name":"Asociaci\u00f3n Empresarial E\u00f3lica","url":"https:\/\/aeeolica.org\/","logo":{"@type":"ImageObject","inLanguage":"en-US","@id":"https:\/\/aeeolica.org\/#\/schema\/logo\/image\/","url":"https:\/\/aeeolica.org\/wp-content\/uploads\/2021\/08\/logo-aee.png","contentUrl":"https:\/\/aeeolica.org\/wp-content\/uploads\/2021\/08\/logo-aee.png","width":180,"height":78,"caption":"Asociaci\u00f3n Empresarial E\u00f3lica"},"image":{"@id":"https:\/\/aeeolica.org\/#\/schema\/logo\/image\/"},"sameAs":["https:\/\/www.facebook.com\/aeeolica","https:\/\/x.com\/aeeolica","https:\/\/www.instagram.com\/aeeolica\/","https:\/\/www.linkedin.com\/in\/aee-asociaci\u00f3n-empresarial-e\u00f3lica-6830946b\/","https:\/\/www.youtube.com\/user\/AEEolica"]},{"@type":"Person","@id":"https:\/\/aeeolica.org\/#\/schema\/person\/064b26f21f7ed52e0b3854e6b52f9772","name":"Morante D\u00edaz, Mar\u00eda del Mar","image":{"@type":"ImageObject","inLanguage":"en-US","@id":"https:\/\/secure.gravatar.com\/avatar\/8bfd23e1c4bf5aa0b9314f1c5c9d644e62672831e6a512513954c3f15dffdd5a?s=96&d=mm&r=g","url":"https:\/\/secure.gravatar.com\/avatar\/8bfd23e1c4bf5aa0b9314f1c5c9d644e62672831e6a512513954c3f15dffdd5a?s=96&d=mm&r=g","contentUrl":"https:\/\/secure.gravatar.com\/avatar\/8bfd23e1c4bf5aa0b9314f1c5c9d644e62672831e6a512513954c3f15dffdd5a?s=96&d=mm&r=g","caption":"Morante D\u00edaz, Mar\u00eda del Mar"},"url":"https:\/\/aeeolica.org\/en\/author\/mar\/"}]}},"_links":{"self":[{"href":"https:\/\/aeeolica.org\/en\/wp-json\/wp\/v2\/posts\/297746","targetHints":{"allow":["GET"]}}],"collection":[{"href":"https:\/\/aeeolica.org\/en\/wp-json\/wp\/v2\/posts"}],"about":[{"href":"https:\/\/aeeolica.org\/en\/wp-json\/wp\/v2\/types\/post"}],"author":[{"embeddable":true,"href":"https:\/\/aeeolica.org\/en\/wp-json\/wp\/v2\/users\/2"}],"replies":[{"embeddable":true,"href":"https:\/\/aeeolica.org\/en\/wp-json\/wp\/v2\/comments?post=297746"}],"version-history":[{"count":4,"href":"https:\/\/aeeolica.org\/en\/wp-json\/wp\/v2\/posts\/297746\/revisions"}],"predecessor-version":[{"id":297756,"href":"https:\/\/aeeolica.org\/en\/wp-json\/wp\/v2\/posts\/297746\/revisions\/297756"}],"wp:featuredmedia":[{"embeddable":true,"href":"https:\/\/aeeolica.org\/en\/wp-json\/wp\/v2\/media\/297750"}],"wp:attachment":[{"href":"https:\/\/aeeolica.org\/en\/wp-json\/wp\/v2\/media?parent=297746"}],"wp:term":[{"taxonomy":"category","embeddable":true,"href":"https:\/\/aeeolica.org\/en\/wp-json\/wp\/v2\/categories?post=297746"},{"taxonomy":"post_tag","embeddable":true,"href":"https:\/\/aeeolica.org\/en\/wp-json\/wp\/v2\/tags?post=297746"}],"curies":[{"name":"wp","href":"https:\/\/api.w.org\/{rel}","templated":true}]}}