{"id":29997,"date":"2022-04-28T15:52:12","date_gmt":"2022-04-28T13:52:12","guid":{"rendered":"https:\/\/aeeolica.org\/?p=29997"},"modified":"2022-04-28T15:52:15","modified_gmt":"2022-04-28T13:52:15","slug":"pymar-participa-en-la-mesa-redonda-perte-naval-como-vector-transformador-de-la-industria-en-la-segunda-edicion-de-wake-up-spain","status":"publish","type":"post","link":"https:\/\/aeeolica.org\/en\/pymar-participa-en-la-mesa-redonda-perte-naval-como-vector-transformador-de-la-industria-en-la-segunda-edicion-de-wake-up-spain\/","title":{"rendered":"Pymar participa en la mesa redonda \u201cPERTE naval como vector transformador de la industria\u201d en la segunda edici\u00f3n de Wake Up, Spain!\u00a0"},"content":{"rendered":"<p>\u00a0<\/p>\n<p><!--more--><\/p>\n\n\n<p>Pymar ha participado en la mesa redonda<strong>&nbsp;\u201cPERTE naval como vector transformador de la industria\u201d<\/strong>&nbsp;en el marco de la segunda edici\u00f3n de Wake Up, Spain!. Junto a Almudena L\u00f3pez del Pozo, consejera delegada de Pymar, han participado Ra\u00fcl Blanco, secretario general de Industria y PYME del Ministerio de Industria, Comercio y Turismo, Javier Romero Yacobi, director de Estrategia de Navantia y Jos\u00e9 Ram\u00f3n Castro Silva, director general de Siemens Digital Industries para Espa\u00f1a y Portugal. La segunda edici\u00f3n del \u201cDavos espa\u00f1ol\u201d ha estado organizado por EL ESPA\u00d1OL, Invertia y Disruptores e Innovadores.<\/p>\n\n\n\n<p>El proyecto estrat\u00e9gico se pondr\u00e1 en marcha entre mayo y junio e impactar\u00e1 en sectores como la energ\u00eda e\u00f3lica offshore.<\/p>\n\n\n\n<p>La naval es una de las industrias centenarias en Espa\u00f1a. Durante los \u00faltimos a\u00f1os, este segmento ha conseguido reunir capacidades para desempe\u00f1ar un papel muy importante en Europa y el mundo.&nbsp;<strong>Una posici\u00f3n que la puesta en marcha del PERTE Naval aspira a reforzar<\/strong>.<\/p>\n\n\n\n<p>Para abordar estas oportunidades, se ha celebrado una mesa de debate en el marco de la&nbsp;<a href=\"https:\/\/www.elespanol.com\/wakeupspain\/foro-economico\/\">segunda edici\u00f3n de Wake Up, Spain!<\/a>. En ella han participado&nbsp;<strong>Ra\u00fcl Blanco<\/strong>, secretario general de Industria y PYME del Ministerio de Industria, Comercio y Turismo;&nbsp;<strong>Almudena L\u00f3pez del Pozo<\/strong>, consejera delegada de Pymar;&nbsp;<strong>Javier Romero Yacobi<\/strong>, director de Estrategia de Navantia, y&nbsp;<strong>Jos\u00e9 Ram\u00f3n Castro Silva<\/strong>, director general de Siemens Digital Industries para Espa\u00f1a y Portugal.<\/p>\n\n\n\n<p>Blanco ha destacado que este PERTE no empieza desde cero. \u00abEl a\u00f1o pasado est\u00e1bamos aqu\u00ed contando lo que se iba a hacer. Hoy ya podemos hablar de realidades. En 2019 se presenta la agenda sectorial de la industria naval en Espa\u00f1a. Las l\u00edneas maestras y estructurales son las que gu\u00edan este PERTE.&nbsp;<strong>Se ha adaptado a todo lo que ha pasado despu\u00e9s<\/strong>. Acelerar esas tendencias. Las noticias del sector naval en el \u00e1mbito civil y de defensa han sido positivas. El nivel de competitividad sigue siendo una referencia a nivel europeo\u00bb.<\/p>\n\n\n\n<p>\u00ab<strong>La convocatoria llegar\u00e1 entre mayo y junio<\/strong>. Movilizar\u00e1 200 millones de euros. Trabajando con el conjunto del sector y de las ideas que el sector nos hizo llegar. Tenemos que asegurar ser constructor integral de buques en Espa\u00f1a y as\u00ed mantener una tradici\u00f3n centenaria. A la vez, podemos tener toda la cadena de valor de la energ\u00eda e\u00f3lica offshore a nivel de pa\u00eds. Algo que muy pocos pa\u00edses pueden tener\u00bb, ha explicado el secretario general de Industria y PYME del Ministerio de Industria.<\/p>\n\n\n\n<p><strong>Posici\u00f3n de privilegio en Europa<\/strong><\/p>\n\n\n\n<p>Por su parte, L\u00f3pez del Pozo ha desgranado la posici\u00f3n que actualmente ocupa Espa\u00f1a en esta industria. \u00abEl sector naval espa\u00f1ol ocup\u00f3 la&nbsp;<strong>segunda posici\u00f3n en 2021 lo que tiene que ver con n\u00famero de buques contratados<\/strong>. Tercera respecto a cartera de pedidos 1.600 millones de euros. Una importante bolsa de horas de trabajo para los astilleros. Esto es a\u00fan m\u00e1s llamativo en buques de alto valor a\u00f1adido. Buques de apoyo a campos e\u00f3licos, buques de transporte de pescado vivos\u00bb<\/p>\n\n\n\n<p>Un papel que est\u00e1 posicionando a Espa\u00f1a como un referente internacional. \u00ab<strong>El 85% de los barcos construidos en Espa\u00f1a se exportaron. Estos datos demuestran una industria resiliente y a la vanguardia.<\/strong>&nbsp;Estamos compitiendo en un mundo global con astilleros que no est\u00e1n sujetos a las mismas reglas, no compiten en el \u00e1mbito de los integrantes de la Uni\u00f3n Europea, como es el caso de Turqu\u00eda. Tenemos a Asia pis\u00e1ndonos los talones en t\u00e9rminos de diferenciaci\u00f3n tecnol\u00f3gica. Tiene mucha importancia estar preparado para el futuro y ser cada d\u00eda m\u00e1s competitivo\u00bb.<\/p>\n\n\n\n<p>Navantia ha querido reforzar su posici\u00f3n como empresa tractora. Una visi\u00f3n que ha trasladado su director de estrategia. \u00abHace un par de a\u00f1os comenzamos con una l\u00ednea estrat\u00e9gica de sostenibilidad.&nbsp;<strong>Navantia energ\u00edas verdes est\u00e1 dedicada a la e\u00f3lica marina y al hidr\u00f3geno<\/strong>. El segundo pilar es que seamos sostenibles. La propulsi\u00f3n naval debe ser limpia. Tenemos que integrar la descarbonizaci\u00f3n desde el dise\u00f1o del propio barco\u00bb.<\/p>\n\n\n\n<p><strong>Reducci\u00f3n de emisiones<\/strong><\/p>\n\n\n\n<p>En este sentido, Romero Yacobi ha explicado la apuesta por la reducci\u00f3n de emisiones. \u00abEn cuanto al astillero sostenible estamos trabajando la parte de autoconsumo y residuos cero.&nbsp;<strong>Navantia como empresa tractora necesita a todos los actores para impulsar esta descarbonizaci\u00f3n<\/strong>. Debemos transmitir la importancia de que la sostenibilidad est\u00e9 en el ADN de las empresas. Nosotros ya estamos trabajando con combustibles sint\u00e9ticos donde estamos trabajando con Repsol\u00bb.<\/p>\n\n\n\n<p>Por \u00faltimo, Jos\u00e9 Ram\u00f3n Castro Silva ha dado cuenta del papel que la compa\u00f1\u00eda alemana est\u00e1 teniendo en la digitalizaci\u00f3n y modernizaci\u00f3n del sector naval. \u00abDesde Siemens somos conscientes de la importancia del sector naval para Espa\u00f1a. Forma parte de nuestra apuesta: la Espa\u00f1a 5.0.&nbsp;<strong>Navantia nos eligi\u00f3 como socio para transformar el astillero<\/strong>. Comenzamos a trabajar en el concepto de gemelo digital en las fragatas F-110. Esto fue el pistoletazo para la digitalizaci\u00f3n del sector naval\u00bb.<\/p>\n\n\n\n<p>\u00abConscientes de la importancia de los fondos europeos, presentamos una visi\u00f3n tanto para los astilleros privados, p\u00fablicos y a toda la cadena de valor. Todos hemos afrontado este reto&nbsp;<strong>intentando generar 1.700 puestos de trabajo<\/strong>&nbsp;y formar a miles de puestos de trabajo. Adem\u00e1s de descarbonizar la industria\u00bb, ha concluido Castro Silva.<\/p>\n","protected":false},"excerpt":{"rendered":"<p>\u00a0<\/p>\n","protected":false},"author":2,"featured_media":29995,"comment_status":"open","ping_status":"open","sticky":false,"template":"","format":"standard","meta":{"_acf_changed":false,"_bbp_topic_count":0,"_bbp_reply_count":0,"_bbp_total_topic_count":0,"_bbp_total_reply_count":0,"_bbp_voice_count":0,"_bbp_anonymous_reply_count":0,"_bbp_topic_count_hidden":0,"_bbp_reply_count_hidden":0,"_bbp_forum_subforum_count":0,"_et_pb_use_builder":"","_et_pb_old_content":"","_et_gb_content_width":"","footnotes":""},"categories":[431],"tags":[],"class_list":["post-29997","post","type-post","status-publish","format-standard","has-post-thumbnail","hentry","category-newsletter-abril-2022"],"acf":[],"yoast_head":"<!-- This site is optimized with the Yoast SEO plugin v27.4 - https:\/\/yoast.com\/product\/yoast-seo-wordpress\/ -->\n<title>Pymar participa en la mesa redonda \u201cPERTE naval como vector transformador de la industria\u201d en la segunda edici\u00f3n de Wake Up, Spain!\u00a0 - Asociaci\u00f3n Empresarial E\u00f3lica<\/title>\n<meta name=\"robots\" content=\"index, follow, max-snippet:-1, max-image-preview:large, max-video-preview:-1\" \/>\n<link rel=\"canonical\" href=\"https:\/\/aeeolica.org\/pymar-participa-en-la-mesa-redonda-perte-naval-como-vector-transformador-de-la-industria-en-la-segunda-edicion-de-wake-up-spain\/\" \/>\n<meta property=\"og:locale\" content=\"en_US\" \/>\n<meta property=\"og:type\" content=\"article\" \/>\n<meta property=\"og:title\" content=\"Pymar participa en la mesa redonda \u201cPERTE naval como vector transformador de la industria\u201d en la segunda edici\u00f3n de Wake Up, Spain!\u00a0 - Asociaci\u00f3n Empresarial E\u00f3lica\" \/>\n<meta property=\"og:description\" content=\"\u00a0\" \/>\n<meta property=\"og:url\" content=\"https:\/\/aeeolica.org\/pymar-participa-en-la-mesa-redonda-perte-naval-como-vector-transformador-de-la-industria-en-la-segunda-edicion-de-wake-up-spain\/\" \/>\n<meta property=\"og:site_name\" content=\"Asociaci\u00f3n Empresarial E\u00f3lica\" \/>\n<meta property=\"article:publisher\" content=\"https:\/\/www.facebook.com\/aeeolica\" \/>\n<meta property=\"article:published_time\" content=\"2022-04-28T13:52:12+00:00\" \/>\n<meta property=\"article:modified_time\" content=\"2022-04-28T13:52:15+00:00\" \/>\n<meta property=\"og:image\" content=\"https:\/\/aeeolica.org\/wp-content\/uploads\/2022\/04\/PYMAR.jpg\" \/>\n\t<meta property=\"og:image:width\" content=\"567\" \/>\n\t<meta property=\"og:image:height\" content=\"336\" \/>\n\t<meta property=\"og:image:type\" content=\"image\/jpeg\" \/>\n<meta name=\"author\" content=\"Morante D\u00edaz, Mar\u00eda del Mar\" \/>\n<meta name=\"twitter:card\" content=\"summary_large_image\" \/>\n<meta name=\"twitter:creator\" content=\"@aeeolica\" \/>\n<meta name=\"twitter:site\" content=\"@aeeolica\" \/>\n<meta name=\"twitter:label1\" content=\"Written by\" \/>\n\t<meta name=\"twitter:data1\" content=\"Morante D\u00edaz, Mar\u00eda del Mar\" \/>\n\t<meta name=\"twitter:label2\" content=\"Est. reading time\" \/>\n\t<meta name=\"twitter:data2\" content=\"4 minutes\" \/>\n<script type=\"application\/ld+json\" class=\"yoast-schema-graph\">{\"@context\":\"https:\\\/\\\/schema.org\",\"@graph\":[{\"@type\":\"Article\",\"@id\":\"https:\\\/\\\/aeeolica.org\\\/pymar-participa-en-la-mesa-redonda-perte-naval-como-vector-transformador-de-la-industria-en-la-segunda-edicion-de-wake-up-spain\\\/#article\",\"isPartOf\":{\"@id\":\"https:\\\/\\\/aeeolica.org\\\/pymar-participa-en-la-mesa-redonda-perte-naval-como-vector-transformador-de-la-industria-en-la-segunda-edicion-de-wake-up-spain\\\/\"},\"author\":{\"name\":\"Morante D\u00edaz, Mar\u00eda del Mar\",\"@id\":\"https:\\\/\\\/aeeolica.org\\\/#\\\/schema\\\/person\\\/064b26f21f7ed52e0b3854e6b52f9772\"},\"headline\":\"Pymar participa en la mesa redonda \u201cPERTE naval como vector transformador de la industria\u201d en la segunda edici\u00f3n de Wake Up, Spain!\u00a0\",\"datePublished\":\"2022-04-28T13:52:12+00:00\",\"dateModified\":\"2022-04-28T13:52:15+00:00\",\"mainEntityOfPage\":{\"@id\":\"https:\\\/\\\/aeeolica.org\\\/pymar-participa-en-la-mesa-redonda-perte-naval-como-vector-transformador-de-la-industria-en-la-segunda-edicion-de-wake-up-spain\\\/\"},\"wordCount\":955,\"commentCount\":3,\"publisher\":{\"@id\":\"https:\\\/\\\/aeeolica.org\\\/#organization\"},\"image\":{\"@id\":\"https:\\\/\\\/aeeolica.org\\\/pymar-participa-en-la-mesa-redonda-perte-naval-como-vector-transformador-de-la-industria-en-la-segunda-edicion-de-wake-up-spain\\\/#primaryimage\"},\"thumbnailUrl\":\"https:\\\/\\\/aeeolica.org\\\/wp-content\\\/uploads\\\/2022\\\/04\\\/PYMAR.jpg\",\"articleSection\":[\"Newsletter Abril 2022\"],\"inLanguage\":\"en-US\",\"potentialAction\":[{\"@type\":\"CommentAction\",\"name\":\"Comment\",\"target\":[\"https:\\\/\\\/aeeolica.org\\\/pymar-participa-en-la-mesa-redonda-perte-naval-como-vector-transformador-de-la-industria-en-la-segunda-edicion-de-wake-up-spain\\\/#respond\"]}]},{\"@type\":\"WebPage\",\"@id\":\"https:\\\/\\\/aeeolica.org\\\/pymar-participa-en-la-mesa-redonda-perte-naval-como-vector-transformador-de-la-industria-en-la-segunda-edicion-de-wake-up-spain\\\/\",\"url\":\"https:\\\/\\\/aeeolica.org\\\/pymar-participa-en-la-mesa-redonda-perte-naval-como-vector-transformador-de-la-industria-en-la-segunda-edicion-de-wake-up-spain\\\/\",\"name\":\"Pymar participa en la mesa redonda \u201cPERTE naval como vector transformador de la industria\u201d en la segunda edici\u00f3n de Wake Up, Spain!\u00a0 - Asociaci\u00f3n Empresarial E\u00f3lica\",\"isPartOf\":{\"@id\":\"https:\\\/\\\/aeeolica.org\\\/#website\"},\"primaryImageOfPage\":{\"@id\":\"https:\\\/\\\/aeeolica.org\\\/pymar-participa-en-la-mesa-redonda-perte-naval-como-vector-transformador-de-la-industria-en-la-segunda-edicion-de-wake-up-spain\\\/#primaryimage\"},\"image\":{\"@id\":\"https:\\\/\\\/aeeolica.org\\\/pymar-participa-en-la-mesa-redonda-perte-naval-como-vector-transformador-de-la-industria-en-la-segunda-edicion-de-wake-up-spain\\\/#primaryimage\"},\"thumbnailUrl\":\"https:\\\/\\\/aeeolica.org\\\/wp-content\\\/uploads\\\/2022\\\/04\\\/PYMAR.jpg\",\"datePublished\":\"2022-04-28T13:52:12+00:00\",\"dateModified\":\"2022-04-28T13:52:15+00:00\",\"breadcrumb\":{\"@id\":\"https:\\\/\\\/aeeolica.org\\\/pymar-participa-en-la-mesa-redonda-perte-naval-como-vector-transformador-de-la-industria-en-la-segunda-edicion-de-wake-up-spain\\\/#breadcrumb\"},\"inLanguage\":\"en-US\",\"potentialAction\":[{\"@type\":\"ReadAction\",\"target\":[\"https:\\\/\\\/aeeolica.org\\\/pymar-participa-en-la-mesa-redonda-perte-naval-como-vector-transformador-de-la-industria-en-la-segunda-edicion-de-wake-up-spain\\\/\"]}]},{\"@type\":\"ImageObject\",\"inLanguage\":\"en-US\",\"@id\":\"https:\\\/\\\/aeeolica.org\\\/pymar-participa-en-la-mesa-redonda-perte-naval-como-vector-transformador-de-la-industria-en-la-segunda-edicion-de-wake-up-spain\\\/#primaryimage\",\"url\":\"https:\\\/\\\/aeeolica.org\\\/wp-content\\\/uploads\\\/2022\\\/04\\\/PYMAR.jpg\",\"contentUrl\":\"https:\\\/\\\/aeeolica.org\\\/wp-content\\\/uploads\\\/2022\\\/04\\\/PYMAR.jpg\",\"width\":567,\"height\":336},{\"@type\":\"BreadcrumbList\",\"@id\":\"https:\\\/\\\/aeeolica.org\\\/pymar-participa-en-la-mesa-redonda-perte-naval-como-vector-transformador-de-la-industria-en-la-segunda-edicion-de-wake-up-spain\\\/#breadcrumb\",\"itemListElement\":[{\"@type\":\"ListItem\",\"position\":1,\"name\":\"Portada\",\"item\":\"https:\\\/\\\/aeeolica.org\\\/en\\\/inicio\\\/\"},{\"@type\":\"ListItem\",\"position\":2,\"name\":\"Pymar participa en la mesa redonda \u201cPERTE naval como vector transformador de la industria\u201d en la segunda edici\u00f3n de Wake Up, Spain!\u00a0\"}]},{\"@type\":\"WebSite\",\"@id\":\"https:\\\/\\\/aeeolica.org\\\/#website\",\"url\":\"https:\\\/\\\/aeeolica.org\\\/\",\"name\":\"Asociaci\u00f3n Empresarial E\u00f3lica\",\"description\":\"AEE Asociaci\u00f3n Empresarial E\u00f3lica\",\"publisher\":{\"@id\":\"https:\\\/\\\/aeeolica.org\\\/#organization\"},\"potentialAction\":[{\"@type\":\"SearchAction\",\"target\":{\"@type\":\"EntryPoint\",\"urlTemplate\":\"https:\\\/\\\/aeeolica.org\\\/?s={search_term_string}\"},\"query-input\":{\"@type\":\"PropertyValueSpecification\",\"valueRequired\":true,\"valueName\":\"search_term_string\"}}],\"inLanguage\":\"en-US\"},{\"@type\":\"Organization\",\"@id\":\"https:\\\/\\\/aeeolica.org\\\/#organization\",\"name\":\"Asociaci\u00f3n Empresarial E\u00f3lica\",\"url\":\"https:\\\/\\\/aeeolica.org\\\/\",\"logo\":{\"@type\":\"ImageObject\",\"inLanguage\":\"en-US\",\"@id\":\"https:\\\/\\\/aeeolica.org\\\/#\\\/schema\\\/logo\\\/image\\\/\",\"url\":\"https:\\\/\\\/aeeolica.org\\\/wp-content\\\/uploads\\\/2021\\\/08\\\/logo-aee.png\",\"contentUrl\":\"https:\\\/\\\/aeeolica.org\\\/wp-content\\\/uploads\\\/2021\\\/08\\\/logo-aee.png\",\"width\":180,\"height\":78,\"caption\":\"Asociaci\u00f3n Empresarial E\u00f3lica\"},\"image\":{\"@id\":\"https:\\\/\\\/aeeolica.org\\\/#\\\/schema\\\/logo\\\/image\\\/\"},\"sameAs\":[\"https:\\\/\\\/www.facebook.com\\\/aeeolica\",\"https:\\\/\\\/x.com\\\/aeeolica\",\"https:\\\/\\\/www.instagram.com\\\/aeeolica\\\/\",\"https:\\\/\\\/www.linkedin.com\\\/in\\\/aee-asociaci\u00f3n-empresarial-e\u00f3lica-6830946b\\\/\",\"https:\\\/\\\/www.youtube.com\\\/user\\\/AEEolica\"]},{\"@type\":\"Person\",\"@id\":\"https:\\\/\\\/aeeolica.org\\\/#\\\/schema\\\/person\\\/064b26f21f7ed52e0b3854e6b52f9772\",\"name\":\"Morante D\u00edaz, Mar\u00eda del Mar\",\"image\":{\"@type\":\"ImageObject\",\"inLanguage\":\"en-US\",\"@id\":\"https:\\\/\\\/secure.gravatar.com\\\/avatar\\\/8bfd23e1c4bf5aa0b9314f1c5c9d644e62672831e6a512513954c3f15dffdd5a?s=96&d=mm&r=g\",\"url\":\"https:\\\/\\\/secure.gravatar.com\\\/avatar\\\/8bfd23e1c4bf5aa0b9314f1c5c9d644e62672831e6a512513954c3f15dffdd5a?s=96&d=mm&r=g\",\"contentUrl\":\"https:\\\/\\\/secure.gravatar.com\\\/avatar\\\/8bfd23e1c4bf5aa0b9314f1c5c9d644e62672831e6a512513954c3f15dffdd5a?s=96&d=mm&r=g\",\"caption\":\"Morante D\u00edaz, Mar\u00eda del Mar\"},\"url\":\"https:\\\/\\\/aeeolica.org\\\/en\\\/author\\\/mar\\\/\"}]}<\/script>\n<!-- \/ Yoast SEO plugin. -->","yoast_head_json":{"title":"Pymar participa en la mesa redonda \u201cPERTE naval como vector transformador de la industria\u201d en la segunda edici\u00f3n de Wake Up, Spain!\u00a0 - Asociaci\u00f3n Empresarial E\u00f3lica","robots":{"index":"index","follow":"follow","max-snippet":"max-snippet:-1","max-image-preview":"max-image-preview:large","max-video-preview":"max-video-preview:-1"},"canonical":"https:\/\/aeeolica.org\/pymar-participa-en-la-mesa-redonda-perte-naval-como-vector-transformador-de-la-industria-en-la-segunda-edicion-de-wake-up-spain\/","og_locale":"en_US","og_type":"article","og_title":"Pymar participa en la mesa redonda \u201cPERTE naval como vector transformador de la industria\u201d en la segunda edici\u00f3n de Wake Up, Spain!\u00a0 - Asociaci\u00f3n Empresarial E\u00f3lica","og_description":"\u00a0","og_url":"https:\/\/aeeolica.org\/pymar-participa-en-la-mesa-redonda-perte-naval-como-vector-transformador-de-la-industria-en-la-segunda-edicion-de-wake-up-spain\/","og_site_name":"Asociaci\u00f3n Empresarial E\u00f3lica","article_publisher":"https:\/\/www.facebook.com\/aeeolica","article_published_time":"2022-04-28T13:52:12+00:00","article_modified_time":"2022-04-28T13:52:15+00:00","og_image":[{"width":567,"height":336,"url":"https:\/\/aeeolica.org\/wp-content\/uploads\/2022\/04\/PYMAR.jpg","type":"image\/jpeg"}],"author":"Morante D\u00edaz, Mar\u00eda del Mar","twitter_card":"summary_large_image","twitter_creator":"@aeeolica","twitter_site":"@aeeolica","twitter_misc":{"Written by":"Morante D\u00edaz, Mar\u00eda del Mar","Est. reading time":"4 minutes"},"schema":{"@context":"https:\/\/schema.org","@graph":[{"@type":"Article","@id":"https:\/\/aeeolica.org\/pymar-participa-en-la-mesa-redonda-perte-naval-como-vector-transformador-de-la-industria-en-la-segunda-edicion-de-wake-up-spain\/#article","isPartOf":{"@id":"https:\/\/aeeolica.org\/pymar-participa-en-la-mesa-redonda-perte-naval-como-vector-transformador-de-la-industria-en-la-segunda-edicion-de-wake-up-spain\/"},"author":{"name":"Morante D\u00edaz, Mar\u00eda del Mar","@id":"https:\/\/aeeolica.org\/#\/schema\/person\/064b26f21f7ed52e0b3854e6b52f9772"},"headline":"Pymar participa en la mesa redonda \u201cPERTE naval como vector transformador de la industria\u201d en la segunda edici\u00f3n de Wake Up, Spain!\u00a0","datePublished":"2022-04-28T13:52:12+00:00","dateModified":"2022-04-28T13:52:15+00:00","mainEntityOfPage":{"@id":"https:\/\/aeeolica.org\/pymar-participa-en-la-mesa-redonda-perte-naval-como-vector-transformador-de-la-industria-en-la-segunda-edicion-de-wake-up-spain\/"},"wordCount":955,"commentCount":3,"publisher":{"@id":"https:\/\/aeeolica.org\/#organization"},"image":{"@id":"https:\/\/aeeolica.org\/pymar-participa-en-la-mesa-redonda-perte-naval-como-vector-transformador-de-la-industria-en-la-segunda-edicion-de-wake-up-spain\/#primaryimage"},"thumbnailUrl":"https:\/\/aeeolica.org\/wp-content\/uploads\/2022\/04\/PYMAR.jpg","articleSection":["Newsletter Abril 2022"],"inLanguage":"en-US","potentialAction":[{"@type":"CommentAction","name":"Comment","target":["https:\/\/aeeolica.org\/pymar-participa-en-la-mesa-redonda-perte-naval-como-vector-transformador-de-la-industria-en-la-segunda-edicion-de-wake-up-spain\/#respond"]}]},{"@type":"WebPage","@id":"https:\/\/aeeolica.org\/pymar-participa-en-la-mesa-redonda-perte-naval-como-vector-transformador-de-la-industria-en-la-segunda-edicion-de-wake-up-spain\/","url":"https:\/\/aeeolica.org\/pymar-participa-en-la-mesa-redonda-perte-naval-como-vector-transformador-de-la-industria-en-la-segunda-edicion-de-wake-up-spain\/","name":"Pymar participa en la mesa redonda \u201cPERTE naval como vector transformador de la industria\u201d en la segunda edici\u00f3n de Wake Up, Spain!\u00a0 - Asociaci\u00f3n Empresarial E\u00f3lica","isPartOf":{"@id":"https:\/\/aeeolica.org\/#website"},"primaryImageOfPage":{"@id":"https:\/\/aeeolica.org\/pymar-participa-en-la-mesa-redonda-perte-naval-como-vector-transformador-de-la-industria-en-la-segunda-edicion-de-wake-up-spain\/#primaryimage"},"image":{"@id":"https:\/\/aeeolica.org\/pymar-participa-en-la-mesa-redonda-perte-naval-como-vector-transformador-de-la-industria-en-la-segunda-edicion-de-wake-up-spain\/#primaryimage"},"thumbnailUrl":"https:\/\/aeeolica.org\/wp-content\/uploads\/2022\/04\/PYMAR.jpg","datePublished":"2022-04-28T13:52:12+00:00","dateModified":"2022-04-28T13:52:15+00:00","breadcrumb":{"@id":"https:\/\/aeeolica.org\/pymar-participa-en-la-mesa-redonda-perte-naval-como-vector-transformador-de-la-industria-en-la-segunda-edicion-de-wake-up-spain\/#breadcrumb"},"inLanguage":"en-US","potentialAction":[{"@type":"ReadAction","target":["https:\/\/aeeolica.org\/pymar-participa-en-la-mesa-redonda-perte-naval-como-vector-transformador-de-la-industria-en-la-segunda-edicion-de-wake-up-spain\/"]}]},{"@type":"ImageObject","inLanguage":"en-US","@id":"https:\/\/aeeolica.org\/pymar-participa-en-la-mesa-redonda-perte-naval-como-vector-transformador-de-la-industria-en-la-segunda-edicion-de-wake-up-spain\/#primaryimage","url":"https:\/\/aeeolica.org\/wp-content\/uploads\/2022\/04\/PYMAR.jpg","contentUrl":"https:\/\/aeeolica.org\/wp-content\/uploads\/2022\/04\/PYMAR.jpg","width":567,"height":336},{"@type":"BreadcrumbList","@id":"https:\/\/aeeolica.org\/pymar-participa-en-la-mesa-redonda-perte-naval-como-vector-transformador-de-la-industria-en-la-segunda-edicion-de-wake-up-spain\/#breadcrumb","itemListElement":[{"@type":"ListItem","position":1,"name":"Portada","item":"https:\/\/aeeolica.org\/en\/inicio\/"},{"@type":"ListItem","position":2,"name":"Pymar participa en la mesa redonda \u201cPERTE naval como vector transformador de la industria\u201d en la segunda edici\u00f3n de Wake Up, Spain!\u00a0"}]},{"@type":"WebSite","@id":"https:\/\/aeeolica.org\/#website","url":"https:\/\/aeeolica.org\/","name":"Asociaci\u00f3n Empresarial E\u00f3lica","description":"AEE Asociaci\u00f3n Empresarial E\u00f3lica","publisher":{"@id":"https:\/\/aeeolica.org\/#organization"},"potentialAction":[{"@type":"SearchAction","target":{"@type":"EntryPoint","urlTemplate":"https:\/\/aeeolica.org\/?s={search_term_string}"},"query-input":{"@type":"PropertyValueSpecification","valueRequired":true,"valueName":"search_term_string"}}],"inLanguage":"en-US"},{"@type":"Organization","@id":"https:\/\/aeeolica.org\/#organization","name":"Asociaci\u00f3n Empresarial E\u00f3lica","url":"https:\/\/aeeolica.org\/","logo":{"@type":"ImageObject","inLanguage":"en-US","@id":"https:\/\/aeeolica.org\/#\/schema\/logo\/image\/","url":"https:\/\/aeeolica.org\/wp-content\/uploads\/2021\/08\/logo-aee.png","contentUrl":"https:\/\/aeeolica.org\/wp-content\/uploads\/2021\/08\/logo-aee.png","width":180,"height":78,"caption":"Asociaci\u00f3n Empresarial E\u00f3lica"},"image":{"@id":"https:\/\/aeeolica.org\/#\/schema\/logo\/image\/"},"sameAs":["https:\/\/www.facebook.com\/aeeolica","https:\/\/x.com\/aeeolica","https:\/\/www.instagram.com\/aeeolica\/","https:\/\/www.linkedin.com\/in\/aee-asociaci\u00f3n-empresarial-e\u00f3lica-6830946b\/","https:\/\/www.youtube.com\/user\/AEEolica"]},{"@type":"Person","@id":"https:\/\/aeeolica.org\/#\/schema\/person\/064b26f21f7ed52e0b3854e6b52f9772","name":"Morante D\u00edaz, Mar\u00eda del Mar","image":{"@type":"ImageObject","inLanguage":"en-US","@id":"https:\/\/secure.gravatar.com\/avatar\/8bfd23e1c4bf5aa0b9314f1c5c9d644e62672831e6a512513954c3f15dffdd5a?s=96&d=mm&r=g","url":"https:\/\/secure.gravatar.com\/avatar\/8bfd23e1c4bf5aa0b9314f1c5c9d644e62672831e6a512513954c3f15dffdd5a?s=96&d=mm&r=g","contentUrl":"https:\/\/secure.gravatar.com\/avatar\/8bfd23e1c4bf5aa0b9314f1c5c9d644e62672831e6a512513954c3f15dffdd5a?s=96&d=mm&r=g","caption":"Morante D\u00edaz, Mar\u00eda del Mar"},"url":"https:\/\/aeeolica.org\/en\/author\/mar\/"}]}},"_links":{"self":[{"href":"https:\/\/aeeolica.org\/en\/wp-json\/wp\/v2\/posts\/29997","targetHints":{"allow":["GET"]}}],"collection":[{"href":"https:\/\/aeeolica.org\/en\/wp-json\/wp\/v2\/posts"}],"about":[{"href":"https:\/\/aeeolica.org\/en\/wp-json\/wp\/v2\/types\/post"}],"author":[{"embeddable":true,"href":"https:\/\/aeeolica.org\/en\/wp-json\/wp\/v2\/users\/2"}],"replies":[{"embeddable":true,"href":"https:\/\/aeeolica.org\/en\/wp-json\/wp\/v2\/comments?post=29997"}],"version-history":[{"count":0,"href":"https:\/\/aeeolica.org\/en\/wp-json\/wp\/v2\/posts\/29997\/revisions"}],"wp:featuredmedia":[{"embeddable":true,"href":"https:\/\/aeeolica.org\/en\/wp-json\/wp\/v2\/media\/29995"}],"wp:attachment":[{"href":"https:\/\/aeeolica.org\/en\/wp-json\/wp\/v2\/media?parent=29997"}],"wp:term":[{"taxonomy":"category","embeddable":true,"href":"https:\/\/aeeolica.org\/en\/wp-json\/wp\/v2\/categories?post=29997"},{"taxonomy":"post_tag","embeddable":true,"href":"https:\/\/aeeolica.org\/en\/wp-json\/wp\/v2\/tags?post=29997"}],"curies":[{"name":"wp","href":"https:\/\/api.w.org\/{rel}","templated":true}]}}