{"id":30046,"date":"2022-04-28T16:52:14","date_gmt":"2022-04-28T14:52:14","guid":{"rendered":"https:\/\/aeeolica.org\/?p=30046"},"modified":"2022-04-28T16:54:32","modified_gmt":"2022-04-28T14:54:32","slug":"el-ente-vasco-de-la-energia-eve-confirmado-como-patrocinador-platino-en-icoe-oee-2022","status":"publish","type":"post","link":"https:\/\/aeeolica.org\/en\/el-ente-vasco-de-la-energia-eve-confirmado-como-patrocinador-platino-en-icoe-oee-2022\/","title":{"rendered":"El Ente Vasco de la Energ\u00eda (EVE) confirmado como patrocinador platino en ICOE-OEE 2022"},"content":{"rendered":"<p>\u00a0<\/p>\n<p><!--more--><\/p>\n\n\n<p><a href=\"https:\/\/icoeoee2022donostia.org\/es\/\"><strong>ICOE-OEE 2022<\/strong><\/a><strong>, el evento l\u00edder mundial sobre energ\u00eda oce\u00e1nica, ha anunciado que el <\/strong><a href=\"https:\/\/eve.eus\/?lang=es-es\"><strong>Ente Vasco de la Energ\u00eda (EVE)<\/strong><\/a><strong> participar\u00e1 como patrocinador platino. <\/strong>En los \u00faltimos a\u00f1os, el EVE ha apostado firmemente por las energ\u00edas marinas y este evento le permitir\u00e1 mostrar el magn\u00edfico legado industrial de Euskadi y su potencial en materia de energ\u00eda oce\u00e1nica.<\/p>\n\n\n\n<p>La costa vasca es un lugar id\u00f3neo para el desarrollo y ensayo de dispositivos de energ\u00eda undimotriz y la regi\u00f3n cuenta con una experiencia tecnol\u00f3gica e industrial suficientemente s\u00f3lida como para posicionarse como referencia a nivel mundial en este \u00e1mbito.El EVE est\u00e1 promoviendo dos proyectos de primer nivel en el \u00e1mbito de la energ\u00eda oce\u00e1nica: La Plataforma <a href=\"https:\/\/www.bimep.com\/\">BiMEP<\/a> (Biscay Marine Energy Platform) y <a href=\"https:\/\/www.bimep.com\/area-mutriku\/caracteristicas-tecnicas\/\">la central undimotriz de Mutriku<\/a>. Los delegados de ICOE-OEE 2022 podr\u00e1n visitar ambas instalaciones como parte de las visitas t\u00e9cnicas durante el evento.<\/p>\n\n\n\n<p>BiMEP es una zona de ensayos singular en mar abierto conectada a la red, situada frente a la costa de Armintza. Su funci\u00f3n es demostrar y validar convertidores de energ\u00eda undimotriz y plataformas de energ\u00eda e\u00f3lica flotantes. La central de Mutriku utiliza la tecnolog\u00eda de columna de agua oscilante (en ingl\u00e9s, OWC) para generar energ\u00eda y ha batido r\u00e9cords de producci\u00f3n de energ\u00eda undimotriz, habiendo generado 2,4 GWh de electricidad desde 2011.<\/p>\n\n\n\n<p>Es la planta comercial que m\u00e1s a\u00f1os lleva en funcionamiento del mundo dentro de su categor\u00eda y est\u00e1 equipada con 16 generadores y una capacidad instalada total de 296 kW. Adem\u00e1s, ofrece una oportunidad \u00fanica para probar nuevos dise\u00f1os de aerogeneradores, estrategias de control y equipos auxiliares.<\/p>\n\n\n\n<p>Seg\u00fan I\u00f1igo Ansola, Director General del EVE: <em>\u00abEuskadi cuenta con las infraestructuras tecnol\u00f3gicas de ensayos m\u00e1s avanzadas y una base industrial de gran capacidad, lo que le permite contribuir de manera decisiva al despegue de este sector. Las autoridades vascas fomentan eventos como ICOE y OEE convencidos de que las energ\u00edas renovables marinas constituir\u00e1n una nueva e importante fuente de suministro y crecimiento industrial en los a\u00f1os venideros\u00bb.<\/em><\/p>\n\n\n\n<p><strong>Sobre ICOE -OEE<\/strong><\/p>\n\n\n\n<p>Este a\u00f1o, el <a href=\"http:\/\/www.clusterenergia.com\/inicio\">Cl\u00faster de Energ\u00eda<\/a> y <a href=\"https:\/\/www.oceanenergy-europe.eu\/exhibitors-list\/\">Ocean Energy Europe<\/a>, junto con el Ocean Energy Systems de la Agencia Internacional de la Energ\u00eda (IEA-OES), se han unido para celebrar un evento conjunto sobre energ\u00eda oce\u00e1nica, que tendr\u00e1 lugar del 18 al 20 de octubre de 2022. El evento acoger\u00e1 la International Conference on Ocean Energy (ICOE) y la exposici\u00f3n anual Ocean Energy Europe (OEE).<\/p>\n\n\n\n<p>Este acontecimiento \u00fanico, ICOE-OEE 2022, reunir\u00e1 a profesionales de la energ\u00eda oce\u00e1nica y a responsables de la toma de decisiones de todo el mundo en Donostia\/San Sebasti\u00e1n, en el Pa\u00eds Vasco, Espa\u00f1a. Al unir sus fuerzas, los organizadores ofrecer\u00e1n una oportunidad sin precedentes para que el sector presente sus \u00e9xitos, establezca contactos y haga negocios.<\/p>\n\n\n\n<p>Puedes registrarte en este <a href=\"https:\/\/icoeoee2022donostia.org\/registration\/\" target=\"_blank\" rel=\"noreferrer noopener\">enlace<\/a>.<\/p>\n","protected":false},"excerpt":{"rendered":"<p>\u00a0<\/p>\n","protected":false},"author":2,"featured_media":30048,"comment_status":"open","ping_status":"open","sticky":false,"template":"","format":"standard","meta":{"_acf_changed":false,"_bbp_topic_count":0,"_bbp_reply_count":0,"_bbp_total_topic_count":0,"_bbp_total_reply_count":0,"_bbp_voice_count":0,"_bbp_anonymous_reply_count":0,"_bbp_topic_count_hidden":0,"_bbp_reply_count_hidden":0,"_bbp_forum_subforum_count":0,"_et_pb_use_builder":"","_et_pb_old_content":"","_et_gb_content_width":"","footnotes":""},"categories":[431],"tags":[],"class_list":["post-30046","post","type-post","status-publish","format-standard","has-post-thumbnail","hentry","category-newsletter-abril-2022"],"acf":[],"yoast_head":"<!-- This site is optimized with the Yoast SEO plugin v27.4 - https:\/\/yoast.com\/product\/yoast-seo-wordpress\/ -->\n<title>El Ente Vasco de la Energ\u00eda (EVE) confirmado como patrocinador platino en ICOE-OEE 2022 - Asociaci\u00f3n Empresarial E\u00f3lica<\/title>\n<meta name=\"robots\" content=\"index, follow, max-snippet:-1, max-image-preview:large, max-video-preview:-1\" \/>\n<link rel=\"canonical\" href=\"https:\/\/aeeolica.org\/el-ente-vasco-de-la-energia-eve-confirmado-como-patrocinador-platino-en-icoe-oee-2022\/\" \/>\n<meta property=\"og:locale\" content=\"en_US\" \/>\n<meta property=\"og:type\" content=\"article\" \/>\n<meta property=\"og:title\" content=\"El Ente Vasco de la Energ\u00eda (EVE) confirmado como patrocinador platino en ICOE-OEE 2022 - Asociaci\u00f3n Empresarial E\u00f3lica\" \/>\n<meta property=\"og:description\" content=\"\u00a0\" \/>\n<meta property=\"og:url\" content=\"https:\/\/aeeolica.org\/el-ente-vasco-de-la-energia-eve-confirmado-como-patrocinador-platino-en-icoe-oee-2022\/\" \/>\n<meta property=\"og:site_name\" content=\"Asociaci\u00f3n Empresarial E\u00f3lica\" \/>\n<meta property=\"article:publisher\" content=\"https:\/\/www.facebook.com\/aeeolica\" \/>\n<meta property=\"article:published_time\" content=\"2022-04-28T14:52:14+00:00\" \/>\n<meta property=\"article:modified_time\" content=\"2022-04-28T14:54:32+00:00\" \/>\n<meta property=\"og:image\" content=\"https:\/\/aeeolica.org\/wp-content\/uploads\/2022\/04\/IOE_OEE_2022-EVE-Platinum-Sponsor.jpg\" \/>\n\t<meta property=\"og:image:width\" content=\"1200\" \/>\n\t<meta property=\"og:image:height\" content=\"400\" \/>\n\t<meta property=\"og:image:type\" content=\"image\/jpeg\" \/>\n<meta name=\"author\" content=\"Morante D\u00edaz, Mar\u00eda del Mar\" \/>\n<meta name=\"twitter:card\" content=\"summary_large_image\" \/>\n<meta name=\"twitter:creator\" content=\"@aeeolica\" \/>\n<meta name=\"twitter:site\" content=\"@aeeolica\" \/>\n<meta name=\"twitter:label1\" content=\"Written by\" \/>\n\t<meta name=\"twitter:data1\" content=\"Morante D\u00edaz, Mar\u00eda del Mar\" \/>\n\t<meta name=\"twitter:label2\" content=\"Est. reading time\" \/>\n\t<meta name=\"twitter:data2\" content=\"3 minutes\" \/>\n<script type=\"application\/ld+json\" class=\"yoast-schema-graph\">{\"@context\":\"https:\\\/\\\/schema.org\",\"@graph\":[{\"@type\":\"Article\",\"@id\":\"https:\\\/\\\/aeeolica.org\\\/el-ente-vasco-de-la-energia-eve-confirmado-como-patrocinador-platino-en-icoe-oee-2022\\\/#article\",\"isPartOf\":{\"@id\":\"https:\\\/\\\/aeeolica.org\\\/el-ente-vasco-de-la-energia-eve-confirmado-como-patrocinador-platino-en-icoe-oee-2022\\\/\"},\"author\":{\"name\":\"Morante D\u00edaz, Mar\u00eda del Mar\",\"@id\":\"https:\\\/\\\/aeeolica.org\\\/#\\\/schema\\\/person\\\/064b26f21f7ed52e0b3854e6b52f9772\"},\"headline\":\"El Ente Vasco de la Energ\u00eda (EVE) confirmado como patrocinador platino en ICOE-OEE 2022\",\"datePublished\":\"2022-04-28T14:52:14+00:00\",\"dateModified\":\"2022-04-28T14:54:32+00:00\",\"mainEntityOfPage\":{\"@id\":\"https:\\\/\\\/aeeolica.org\\\/el-ente-vasco-de-la-energia-eve-confirmado-como-patrocinador-platino-en-icoe-oee-2022\\\/\"},\"wordCount\":515,\"commentCount\":5,\"publisher\":{\"@id\":\"https:\\\/\\\/aeeolica.org\\\/#organization\"},\"image\":{\"@id\":\"https:\\\/\\\/aeeolica.org\\\/el-ente-vasco-de-la-energia-eve-confirmado-como-patrocinador-platino-en-icoe-oee-2022\\\/#primaryimage\"},\"thumbnailUrl\":\"https:\\\/\\\/aeeolica.org\\\/wp-content\\\/uploads\\\/2022\\\/04\\\/IOE_OEE_2022-EVE-Platinum-Sponsor.jpg\",\"articleSection\":[\"Newsletter Abril 2022\"],\"inLanguage\":\"en-US\",\"potentialAction\":[{\"@type\":\"CommentAction\",\"name\":\"Comment\",\"target\":[\"https:\\\/\\\/aeeolica.org\\\/el-ente-vasco-de-la-energia-eve-confirmado-como-patrocinador-platino-en-icoe-oee-2022\\\/#respond\"]}]},{\"@type\":\"WebPage\",\"@id\":\"https:\\\/\\\/aeeolica.org\\\/el-ente-vasco-de-la-energia-eve-confirmado-como-patrocinador-platino-en-icoe-oee-2022\\\/\",\"url\":\"https:\\\/\\\/aeeolica.org\\\/el-ente-vasco-de-la-energia-eve-confirmado-como-patrocinador-platino-en-icoe-oee-2022\\\/\",\"name\":\"El Ente Vasco de la Energ\u00eda (EVE) confirmado como patrocinador platino en ICOE-OEE 2022 - Asociaci\u00f3n Empresarial E\u00f3lica\",\"isPartOf\":{\"@id\":\"https:\\\/\\\/aeeolica.org\\\/#website\"},\"primaryImageOfPage\":{\"@id\":\"https:\\\/\\\/aeeolica.org\\\/el-ente-vasco-de-la-energia-eve-confirmado-como-patrocinador-platino-en-icoe-oee-2022\\\/#primaryimage\"},\"image\":{\"@id\":\"https:\\\/\\\/aeeolica.org\\\/el-ente-vasco-de-la-energia-eve-confirmado-como-patrocinador-platino-en-icoe-oee-2022\\\/#primaryimage\"},\"thumbnailUrl\":\"https:\\\/\\\/aeeolica.org\\\/wp-content\\\/uploads\\\/2022\\\/04\\\/IOE_OEE_2022-EVE-Platinum-Sponsor.jpg\",\"datePublished\":\"2022-04-28T14:52:14+00:00\",\"dateModified\":\"2022-04-28T14:54:32+00:00\",\"breadcrumb\":{\"@id\":\"https:\\\/\\\/aeeolica.org\\\/el-ente-vasco-de-la-energia-eve-confirmado-como-patrocinador-platino-en-icoe-oee-2022\\\/#breadcrumb\"},\"inLanguage\":\"en-US\",\"potentialAction\":[{\"@type\":\"ReadAction\",\"target\":[\"https:\\\/\\\/aeeolica.org\\\/el-ente-vasco-de-la-energia-eve-confirmado-como-patrocinador-platino-en-icoe-oee-2022\\\/\"]}]},{\"@type\":\"ImageObject\",\"inLanguage\":\"en-US\",\"@id\":\"https:\\\/\\\/aeeolica.org\\\/el-ente-vasco-de-la-energia-eve-confirmado-como-patrocinador-platino-en-icoe-oee-2022\\\/#primaryimage\",\"url\":\"https:\\\/\\\/aeeolica.org\\\/wp-content\\\/uploads\\\/2022\\\/04\\\/IOE_OEE_2022-EVE-Platinum-Sponsor.jpg\",\"contentUrl\":\"https:\\\/\\\/aeeolica.org\\\/wp-content\\\/uploads\\\/2022\\\/04\\\/IOE_OEE_2022-EVE-Platinum-Sponsor.jpg\",\"width\":1200,\"height\":400},{\"@type\":\"BreadcrumbList\",\"@id\":\"https:\\\/\\\/aeeolica.org\\\/el-ente-vasco-de-la-energia-eve-confirmado-como-patrocinador-platino-en-icoe-oee-2022\\\/#breadcrumb\",\"itemListElement\":[{\"@type\":\"ListItem\",\"position\":1,\"name\":\"Portada\",\"item\":\"https:\\\/\\\/aeeolica.org\\\/en\\\/inicio\\\/\"},{\"@type\":\"ListItem\",\"position\":2,\"name\":\"El Ente Vasco de la Energ\u00eda (EVE) confirmado como patrocinador platino en ICOE-OEE 2022\"}]},{\"@type\":\"WebSite\",\"@id\":\"https:\\\/\\\/aeeolica.org\\\/#website\",\"url\":\"https:\\\/\\\/aeeolica.org\\\/\",\"name\":\"Asociaci\u00f3n Empresarial E\u00f3lica\",\"description\":\"AEE Asociaci\u00f3n Empresarial E\u00f3lica\",\"publisher\":{\"@id\":\"https:\\\/\\\/aeeolica.org\\\/#organization\"},\"potentialAction\":[{\"@type\":\"SearchAction\",\"target\":{\"@type\":\"EntryPoint\",\"urlTemplate\":\"https:\\\/\\\/aeeolica.org\\\/?s={search_term_string}\"},\"query-input\":{\"@type\":\"PropertyValueSpecification\",\"valueRequired\":true,\"valueName\":\"search_term_string\"}}],\"inLanguage\":\"en-US\"},{\"@type\":\"Organization\",\"@id\":\"https:\\\/\\\/aeeolica.org\\\/#organization\",\"name\":\"Asociaci\u00f3n Empresarial E\u00f3lica\",\"url\":\"https:\\\/\\\/aeeolica.org\\\/\",\"logo\":{\"@type\":\"ImageObject\",\"inLanguage\":\"en-US\",\"@id\":\"https:\\\/\\\/aeeolica.org\\\/#\\\/schema\\\/logo\\\/image\\\/\",\"url\":\"https:\\\/\\\/aeeolica.org\\\/wp-content\\\/uploads\\\/2021\\\/08\\\/logo-aee.png\",\"contentUrl\":\"https:\\\/\\\/aeeolica.org\\\/wp-content\\\/uploads\\\/2021\\\/08\\\/logo-aee.png\",\"width\":180,\"height\":78,\"caption\":\"Asociaci\u00f3n Empresarial E\u00f3lica\"},\"image\":{\"@id\":\"https:\\\/\\\/aeeolica.org\\\/#\\\/schema\\\/logo\\\/image\\\/\"},\"sameAs\":[\"https:\\\/\\\/www.facebook.com\\\/aeeolica\",\"https:\\\/\\\/x.com\\\/aeeolica\",\"https:\\\/\\\/www.instagram.com\\\/aeeolica\\\/\",\"https:\\\/\\\/www.linkedin.com\\\/in\\\/aee-asociaci\u00f3n-empresarial-e\u00f3lica-6830946b\\\/\",\"https:\\\/\\\/www.youtube.com\\\/user\\\/AEEolica\"]},{\"@type\":\"Person\",\"@id\":\"https:\\\/\\\/aeeolica.org\\\/#\\\/schema\\\/person\\\/064b26f21f7ed52e0b3854e6b52f9772\",\"name\":\"Morante D\u00edaz, Mar\u00eda del Mar\",\"image\":{\"@type\":\"ImageObject\",\"inLanguage\":\"en-US\",\"@id\":\"https:\\\/\\\/secure.gravatar.com\\\/avatar\\\/8bfd23e1c4bf5aa0b9314f1c5c9d644e62672831e6a512513954c3f15dffdd5a?s=96&d=mm&r=g\",\"url\":\"https:\\\/\\\/secure.gravatar.com\\\/avatar\\\/8bfd23e1c4bf5aa0b9314f1c5c9d644e62672831e6a512513954c3f15dffdd5a?s=96&d=mm&r=g\",\"contentUrl\":\"https:\\\/\\\/secure.gravatar.com\\\/avatar\\\/8bfd23e1c4bf5aa0b9314f1c5c9d644e62672831e6a512513954c3f15dffdd5a?s=96&d=mm&r=g\",\"caption\":\"Morante D\u00edaz, Mar\u00eda del Mar\"},\"url\":\"https:\\\/\\\/aeeolica.org\\\/en\\\/author\\\/mar\\\/\"}]}<\/script>\n<!-- \/ Yoast SEO plugin. -->","yoast_head_json":{"title":"El Ente Vasco de la Energ\u00eda (EVE) confirmado como patrocinador platino en ICOE-OEE 2022 - Asociaci\u00f3n Empresarial E\u00f3lica","robots":{"index":"index","follow":"follow","max-snippet":"max-snippet:-1","max-image-preview":"max-image-preview:large","max-video-preview":"max-video-preview:-1"},"canonical":"https:\/\/aeeolica.org\/el-ente-vasco-de-la-energia-eve-confirmado-como-patrocinador-platino-en-icoe-oee-2022\/","og_locale":"en_US","og_type":"article","og_title":"El Ente Vasco de la Energ\u00eda (EVE) confirmado como patrocinador platino en ICOE-OEE 2022 - Asociaci\u00f3n Empresarial E\u00f3lica","og_description":"\u00a0","og_url":"https:\/\/aeeolica.org\/el-ente-vasco-de-la-energia-eve-confirmado-como-patrocinador-platino-en-icoe-oee-2022\/","og_site_name":"Asociaci\u00f3n Empresarial E\u00f3lica","article_publisher":"https:\/\/www.facebook.com\/aeeolica","article_published_time":"2022-04-28T14:52:14+00:00","article_modified_time":"2022-04-28T14:54:32+00:00","og_image":[{"width":1200,"height":400,"url":"https:\/\/aeeolica.org\/wp-content\/uploads\/2022\/04\/IOE_OEE_2022-EVE-Platinum-Sponsor.jpg","type":"image\/jpeg"}],"author":"Morante D\u00edaz, Mar\u00eda del Mar","twitter_card":"summary_large_image","twitter_creator":"@aeeolica","twitter_site":"@aeeolica","twitter_misc":{"Written by":"Morante D\u00edaz, Mar\u00eda del Mar","Est. reading time":"3 minutes"},"schema":{"@context":"https:\/\/schema.org","@graph":[{"@type":"Article","@id":"https:\/\/aeeolica.org\/el-ente-vasco-de-la-energia-eve-confirmado-como-patrocinador-platino-en-icoe-oee-2022\/#article","isPartOf":{"@id":"https:\/\/aeeolica.org\/el-ente-vasco-de-la-energia-eve-confirmado-como-patrocinador-platino-en-icoe-oee-2022\/"},"author":{"name":"Morante D\u00edaz, Mar\u00eda del Mar","@id":"https:\/\/aeeolica.org\/#\/schema\/person\/064b26f21f7ed52e0b3854e6b52f9772"},"headline":"El Ente Vasco de la Energ\u00eda (EVE) confirmado como patrocinador platino en ICOE-OEE 2022","datePublished":"2022-04-28T14:52:14+00:00","dateModified":"2022-04-28T14:54:32+00:00","mainEntityOfPage":{"@id":"https:\/\/aeeolica.org\/el-ente-vasco-de-la-energia-eve-confirmado-como-patrocinador-platino-en-icoe-oee-2022\/"},"wordCount":515,"commentCount":5,"publisher":{"@id":"https:\/\/aeeolica.org\/#organization"},"image":{"@id":"https:\/\/aeeolica.org\/el-ente-vasco-de-la-energia-eve-confirmado-como-patrocinador-platino-en-icoe-oee-2022\/#primaryimage"},"thumbnailUrl":"https:\/\/aeeolica.org\/wp-content\/uploads\/2022\/04\/IOE_OEE_2022-EVE-Platinum-Sponsor.jpg","articleSection":["Newsletter Abril 2022"],"inLanguage":"en-US","potentialAction":[{"@type":"CommentAction","name":"Comment","target":["https:\/\/aeeolica.org\/el-ente-vasco-de-la-energia-eve-confirmado-como-patrocinador-platino-en-icoe-oee-2022\/#respond"]}]},{"@type":"WebPage","@id":"https:\/\/aeeolica.org\/el-ente-vasco-de-la-energia-eve-confirmado-como-patrocinador-platino-en-icoe-oee-2022\/","url":"https:\/\/aeeolica.org\/el-ente-vasco-de-la-energia-eve-confirmado-como-patrocinador-platino-en-icoe-oee-2022\/","name":"El Ente Vasco de la Energ\u00eda (EVE) confirmado como patrocinador platino en ICOE-OEE 2022 - Asociaci\u00f3n Empresarial E\u00f3lica","isPartOf":{"@id":"https:\/\/aeeolica.org\/#website"},"primaryImageOfPage":{"@id":"https:\/\/aeeolica.org\/el-ente-vasco-de-la-energia-eve-confirmado-como-patrocinador-platino-en-icoe-oee-2022\/#primaryimage"},"image":{"@id":"https:\/\/aeeolica.org\/el-ente-vasco-de-la-energia-eve-confirmado-como-patrocinador-platino-en-icoe-oee-2022\/#primaryimage"},"thumbnailUrl":"https:\/\/aeeolica.org\/wp-content\/uploads\/2022\/04\/IOE_OEE_2022-EVE-Platinum-Sponsor.jpg","datePublished":"2022-04-28T14:52:14+00:00","dateModified":"2022-04-28T14:54:32+00:00","breadcrumb":{"@id":"https:\/\/aeeolica.org\/el-ente-vasco-de-la-energia-eve-confirmado-como-patrocinador-platino-en-icoe-oee-2022\/#breadcrumb"},"inLanguage":"en-US","potentialAction":[{"@type":"ReadAction","target":["https:\/\/aeeolica.org\/el-ente-vasco-de-la-energia-eve-confirmado-como-patrocinador-platino-en-icoe-oee-2022\/"]}]},{"@type":"ImageObject","inLanguage":"en-US","@id":"https:\/\/aeeolica.org\/el-ente-vasco-de-la-energia-eve-confirmado-como-patrocinador-platino-en-icoe-oee-2022\/#primaryimage","url":"https:\/\/aeeolica.org\/wp-content\/uploads\/2022\/04\/IOE_OEE_2022-EVE-Platinum-Sponsor.jpg","contentUrl":"https:\/\/aeeolica.org\/wp-content\/uploads\/2022\/04\/IOE_OEE_2022-EVE-Platinum-Sponsor.jpg","width":1200,"height":400},{"@type":"BreadcrumbList","@id":"https:\/\/aeeolica.org\/el-ente-vasco-de-la-energia-eve-confirmado-como-patrocinador-platino-en-icoe-oee-2022\/#breadcrumb","itemListElement":[{"@type":"ListItem","position":1,"name":"Portada","item":"https:\/\/aeeolica.org\/en\/inicio\/"},{"@type":"ListItem","position":2,"name":"El Ente Vasco de la Energ\u00eda (EVE) confirmado como patrocinador platino en ICOE-OEE 2022"}]},{"@type":"WebSite","@id":"https:\/\/aeeolica.org\/#website","url":"https:\/\/aeeolica.org\/","name":"Asociaci\u00f3n Empresarial E\u00f3lica","description":"AEE Asociaci\u00f3n Empresarial E\u00f3lica","publisher":{"@id":"https:\/\/aeeolica.org\/#organization"},"potentialAction":[{"@type":"SearchAction","target":{"@type":"EntryPoint","urlTemplate":"https:\/\/aeeolica.org\/?s={search_term_string}"},"query-input":{"@type":"PropertyValueSpecification","valueRequired":true,"valueName":"search_term_string"}}],"inLanguage":"en-US"},{"@type":"Organization","@id":"https:\/\/aeeolica.org\/#organization","name":"Asociaci\u00f3n Empresarial E\u00f3lica","url":"https:\/\/aeeolica.org\/","logo":{"@type":"ImageObject","inLanguage":"en-US","@id":"https:\/\/aeeolica.org\/#\/schema\/logo\/image\/","url":"https:\/\/aeeolica.org\/wp-content\/uploads\/2021\/08\/logo-aee.png","contentUrl":"https:\/\/aeeolica.org\/wp-content\/uploads\/2021\/08\/logo-aee.png","width":180,"height":78,"caption":"Asociaci\u00f3n Empresarial E\u00f3lica"},"image":{"@id":"https:\/\/aeeolica.org\/#\/schema\/logo\/image\/"},"sameAs":["https:\/\/www.facebook.com\/aeeolica","https:\/\/x.com\/aeeolica","https:\/\/www.instagram.com\/aeeolica\/","https:\/\/www.linkedin.com\/in\/aee-asociaci\u00f3n-empresarial-e\u00f3lica-6830946b\/","https:\/\/www.youtube.com\/user\/AEEolica"]},{"@type":"Person","@id":"https:\/\/aeeolica.org\/#\/schema\/person\/064b26f21f7ed52e0b3854e6b52f9772","name":"Morante D\u00edaz, Mar\u00eda del Mar","image":{"@type":"ImageObject","inLanguage":"en-US","@id":"https:\/\/secure.gravatar.com\/avatar\/8bfd23e1c4bf5aa0b9314f1c5c9d644e62672831e6a512513954c3f15dffdd5a?s=96&d=mm&r=g","url":"https:\/\/secure.gravatar.com\/avatar\/8bfd23e1c4bf5aa0b9314f1c5c9d644e62672831e6a512513954c3f15dffdd5a?s=96&d=mm&r=g","contentUrl":"https:\/\/secure.gravatar.com\/avatar\/8bfd23e1c4bf5aa0b9314f1c5c9d644e62672831e6a512513954c3f15dffdd5a?s=96&d=mm&r=g","caption":"Morante D\u00edaz, Mar\u00eda del Mar"},"url":"https:\/\/aeeolica.org\/en\/author\/mar\/"}]}},"_links":{"self":[{"href":"https:\/\/aeeolica.org\/en\/wp-json\/wp\/v2\/posts\/30046","targetHints":{"allow":["GET"]}}],"collection":[{"href":"https:\/\/aeeolica.org\/en\/wp-json\/wp\/v2\/posts"}],"about":[{"href":"https:\/\/aeeolica.org\/en\/wp-json\/wp\/v2\/types\/post"}],"author":[{"embeddable":true,"href":"https:\/\/aeeolica.org\/en\/wp-json\/wp\/v2\/users\/2"}],"replies":[{"embeddable":true,"href":"https:\/\/aeeolica.org\/en\/wp-json\/wp\/v2\/comments?post=30046"}],"version-history":[{"count":0,"href":"https:\/\/aeeolica.org\/en\/wp-json\/wp\/v2\/posts\/30046\/revisions"}],"wp:featuredmedia":[{"embeddable":true,"href":"https:\/\/aeeolica.org\/en\/wp-json\/wp\/v2\/media\/30048"}],"wp:attachment":[{"href":"https:\/\/aeeolica.org\/en\/wp-json\/wp\/v2\/media?parent=30046"}],"wp:term":[{"taxonomy":"category","embeddable":true,"href":"https:\/\/aeeolica.org\/en\/wp-json\/wp\/v2\/categories?post=30046"},{"taxonomy":"post_tag","embeddable":true,"href":"https:\/\/aeeolica.org\/en\/wp-json\/wp\/v2\/tags?post=30046"}],"curies":[{"name":"wp","href":"https:\/\/api.w.org\/{rel}","templated":true}]}}