{"id":33414,"date":"2022-05-13T13:43:11","date_gmt":"2022-05-13T11:43:11","guid":{"rendered":"https:\/\/aeeolica.org\/?p=33414"},"modified":"2022-06-01T16:56:50","modified_gmt":"2022-06-01T14:56:50","slug":"eolica-por-ucrania","status":"publish","type":"post","link":"https:\/\/aeeolica.org\/en\/eolica-por-ucrania\/","title":{"rendered":"E\u00f3lica por Ucrania"},"content":{"rendered":"\n<p><strong>\u00bfQuieres colaborar en la campa\u00f1a E\u00f3lica por Ucrania?<\/strong><br>En AEE iniciamos una nueva campa\u00f1a solidaria cuya recaudaci\u00f3n ira destinada \u00edntegramente a la labor de ONG ACCEM con su campa\u00f1a \u00abEmergencia en Ucrania\u00bb.<\/p>\n\n\n\n<p><strong>\u00bfCu\u00e1l es su objetivo?<br><\/strong>Su prioridad es que las personas m\u00e1s vulnerables como son los&nbsp;ni\u00f1os y ni\u00f1as, y sus familias, sean&nbsp;atendidos de una manera digna e integral, y podamos darles cobertura a sus necesidades m\u00e1s urgentes y espec\u00edficas.<\/p>\n\n\n\n<p>Cada aportaci\u00f3n ayudar\u00e1 a cubrir ayudas como\u00a0tratamientos sanitarios especiales, productos de higiene y farmac\u00e9uticos, equipamiento de viviendas\u2026 entre otros.<\/p>\n\n\n\n<p><a href=\"https:\/\/www.accem.es\/civicrm?cid=0&amp;page=CiviCRM&amp;q=civicrm\/contribute\/transact&amp;reset=1&amp;id=16\" target=\"_blank\" rel=\"noreferrer noopener\"><strong>REALIZA TU DONACI\u00d3N AQU\u00cd<\/strong><\/a><\/p>\n\n\n\n<p><strong>*Recuerda que estas donaciones desgravan fiscalmente. Accem notificar\u00e1 a la Agencia Tributaria todas las donaciones realizadas y recibir\u00e1s por email un certificado de donaci\u00f3n.<\/strong><\/p>\n\n\n\n<p>\u00a1Muchas gracias por tu ayuda y tu solidaridad!<\/p>\n","protected":false},"excerpt":{"rendered":"<p>\u00bfQuieres colaborar en la campa\u00f1a E\u00f3lica por Ucrania?En AEE iniciamos una nueva campa\u00f1a solidaria cuya recaudaci\u00f3n ira destinada \u00edntegramente a la labor de ONG ACCEM con su campa\u00f1a \u00abEmergencia en [&hellip;]<\/p>\n","protected":false},"author":1,"featured_media":33297,"comment_status":"open","ping_status":"open","sticky":false,"template":"","format":"standard","meta":{"_acf_changed":false,"_bbp_topic_count":0,"_bbp_reply_count":0,"_bbp_total_topic_count":0,"_bbp_total_reply_count":0,"_bbp_voice_count":0,"_bbp_anonymous_reply_count":0,"_bbp_topic_count_hidden":0,"_bbp_reply_count_hidden":0,"_bbp_forum_subforum_count":0,"_et_pb_use_builder":"","_et_pb_old_content":"","_et_gb_content_width":"","footnotes":""},"categories":[432],"tags":[433],"class_list":["post-33414","post","type-post","status-publish","format-standard","has-post-thumbnail","hentry","category-campanas-solidarias","tag-solidaridad"],"acf":[],"yoast_head":"<!-- This site is optimized with the Yoast SEO plugin v27.4 - https:\/\/yoast.com\/product\/yoast-seo-wordpress\/ -->\n<title>E\u00f3lica por Ucrania - Asociaci\u00f3n Empresarial E\u00f3lica<\/title>\n<meta name=\"robots\" content=\"index, follow, max-snippet:-1, max-image-preview:large, max-video-preview:-1\" \/>\n<link rel=\"canonical\" href=\"https:\/\/aeeolica.org\/eolica-por-ucrania\/\" \/>\n<meta property=\"og:locale\" content=\"en_US\" \/>\n<meta property=\"og:type\" content=\"article\" \/>\n<meta property=\"og:title\" content=\"E\u00f3lica por Ucrania - Asociaci\u00f3n Empresarial E\u00f3lica\" \/>\n<meta property=\"og:description\" content=\"\u00bfQuieres colaborar en la campa\u00f1a E\u00f3lica por Ucrania?En AEE iniciamos una nueva campa\u00f1a solidaria cuya recaudaci\u00f3n ira destinada \u00edntegramente a la labor de ONG ACCEM con su campa\u00f1a \u00abEmergencia en [&hellip;]\" \/>\n<meta property=\"og:url\" content=\"https:\/\/aeeolica.org\/eolica-por-ucrania\/\" \/>\n<meta property=\"og:site_name\" content=\"Asociaci\u00f3n Empresarial E\u00f3lica\" \/>\n<meta property=\"article:publisher\" content=\"https:\/\/www.facebook.com\/aeeolica\" \/>\n<meta property=\"article:published_time\" content=\"2022-05-13T11:43:11+00:00\" \/>\n<meta property=\"article:modified_time\" content=\"2022-06-01T14:56:50+00:00\" \/>\n<meta property=\"og:image\" content=\"https:\/\/aeeolica.org\/wp-content\/uploads\/2022\/05\/BANNERS-VARIOS-2022.png\" \/>\n\t<meta property=\"og:image:width\" content=\"650\" \/>\n\t<meta property=\"og:image:height\" content=\"350\" \/>\n\t<meta property=\"og:image:type\" content=\"image\/png\" \/>\n<meta name=\"author\" content=\"Vicent\" \/>\n<meta name=\"twitter:card\" content=\"summary_large_image\" \/>\n<meta name=\"twitter:creator\" content=\"@aeeolica\" \/>\n<meta name=\"twitter:site\" content=\"@aeeolica\" \/>\n<meta name=\"twitter:label1\" content=\"Written by\" \/>\n\t<meta name=\"twitter:data1\" content=\"Vicent\" \/>\n\t<meta name=\"twitter:label2\" content=\"Est. reading time\" \/>\n\t<meta name=\"twitter:data2\" content=\"1 minute\" \/>\n<script type=\"application\/ld+json\" class=\"yoast-schema-graph\">{\"@context\":\"https:\\\/\\\/schema.org\",\"@graph\":[{\"@type\":\"Article\",\"@id\":\"https:\\\/\\\/aeeolica.org\\\/eolica-por-ucrania\\\/#article\",\"isPartOf\":{\"@id\":\"https:\\\/\\\/aeeolica.org\\\/eolica-por-ucrania\\\/\"},\"author\":{\"name\":\"Vicent\",\"@id\":\"https:\\\/\\\/aeeolica.org\\\/#\\\/schema\\\/person\\\/6a2517a04d4939d7b273a97e03ad2754\"},\"headline\":\"E\u00f3lica por Ucrania\",\"datePublished\":\"2022-05-13T11:43:11+00:00\",\"dateModified\":\"2022-06-01T14:56:50+00:00\",\"mainEntityOfPage\":{\"@id\":\"https:\\\/\\\/aeeolica.org\\\/eolica-por-ucrania\\\/\"},\"wordCount\":150,\"commentCount\":1,\"publisher\":{\"@id\":\"https:\\\/\\\/aeeolica.org\\\/#organization\"},\"image\":{\"@id\":\"https:\\\/\\\/aeeolica.org\\\/eolica-por-ucrania\\\/#primaryimage\"},\"thumbnailUrl\":\"https:\\\/\\\/aeeolica.org\\\/wp-content\\\/uploads\\\/2022\\\/05\\\/BANNERS-VARIOS-2022.png\",\"keywords\":[\"solidaridad\"],\"articleSection\":[\"Campa\u00f1as solidarias\"],\"inLanguage\":\"en-US\",\"potentialAction\":[{\"@type\":\"CommentAction\",\"name\":\"Comment\",\"target\":[\"https:\\\/\\\/aeeolica.org\\\/eolica-por-ucrania\\\/#respond\"]}]},{\"@type\":\"WebPage\",\"@id\":\"https:\\\/\\\/aeeolica.org\\\/eolica-por-ucrania\\\/\",\"url\":\"https:\\\/\\\/aeeolica.org\\\/eolica-por-ucrania\\\/\",\"name\":\"E\u00f3lica por Ucrania - Asociaci\u00f3n Empresarial E\u00f3lica\",\"isPartOf\":{\"@id\":\"https:\\\/\\\/aeeolica.org\\\/#website\"},\"primaryImageOfPage\":{\"@id\":\"https:\\\/\\\/aeeolica.org\\\/eolica-por-ucrania\\\/#primaryimage\"},\"image\":{\"@id\":\"https:\\\/\\\/aeeolica.org\\\/eolica-por-ucrania\\\/#primaryimage\"},\"thumbnailUrl\":\"https:\\\/\\\/aeeolica.org\\\/wp-content\\\/uploads\\\/2022\\\/05\\\/BANNERS-VARIOS-2022.png\",\"datePublished\":\"2022-05-13T11:43:11+00:00\",\"dateModified\":\"2022-06-01T14:56:50+00:00\",\"breadcrumb\":{\"@id\":\"https:\\\/\\\/aeeolica.org\\\/eolica-por-ucrania\\\/#breadcrumb\"},\"inLanguage\":\"en-US\",\"potentialAction\":[{\"@type\":\"ReadAction\",\"target\":[\"https:\\\/\\\/aeeolica.org\\\/eolica-por-ucrania\\\/\"]}]},{\"@type\":\"ImageObject\",\"inLanguage\":\"en-US\",\"@id\":\"https:\\\/\\\/aeeolica.org\\\/eolica-por-ucrania\\\/#primaryimage\",\"url\":\"https:\\\/\\\/aeeolica.org\\\/wp-content\\\/uploads\\\/2022\\\/05\\\/BANNERS-VARIOS-2022.png\",\"contentUrl\":\"https:\\\/\\\/aeeolica.org\\\/wp-content\\\/uploads\\\/2022\\\/05\\\/BANNERS-VARIOS-2022.png\",\"width\":650,\"height\":350},{\"@type\":\"BreadcrumbList\",\"@id\":\"https:\\\/\\\/aeeolica.org\\\/eolica-por-ucrania\\\/#breadcrumb\",\"itemListElement\":[{\"@type\":\"ListItem\",\"position\":1,\"name\":\"Portada\",\"item\":\"https:\\\/\\\/aeeolica.org\\\/en\\\/inicio\\\/\"},{\"@type\":\"ListItem\",\"position\":2,\"name\":\"E\u00f3lica por Ucrania\"}]},{\"@type\":\"WebSite\",\"@id\":\"https:\\\/\\\/aeeolica.org\\\/#website\",\"url\":\"https:\\\/\\\/aeeolica.org\\\/\",\"name\":\"Asociaci\u00f3n Empresarial E\u00f3lica\",\"description\":\"AEE Asociaci\u00f3n Empresarial E\u00f3lica\",\"publisher\":{\"@id\":\"https:\\\/\\\/aeeolica.org\\\/#organization\"},\"potentialAction\":[{\"@type\":\"SearchAction\",\"target\":{\"@type\":\"EntryPoint\",\"urlTemplate\":\"https:\\\/\\\/aeeolica.org\\\/?s={search_term_string}\"},\"query-input\":{\"@type\":\"PropertyValueSpecification\",\"valueRequired\":true,\"valueName\":\"search_term_string\"}}],\"inLanguage\":\"en-US\"},{\"@type\":\"Organization\",\"@id\":\"https:\\\/\\\/aeeolica.org\\\/#organization\",\"name\":\"Asociaci\u00f3n Empresarial E\u00f3lica\",\"url\":\"https:\\\/\\\/aeeolica.org\\\/\",\"logo\":{\"@type\":\"ImageObject\",\"inLanguage\":\"en-US\",\"@id\":\"https:\\\/\\\/aeeolica.org\\\/#\\\/schema\\\/logo\\\/image\\\/\",\"url\":\"https:\\\/\\\/aeeolica.org\\\/wp-content\\\/uploads\\\/2021\\\/08\\\/logo-aee.png\",\"contentUrl\":\"https:\\\/\\\/aeeolica.org\\\/wp-content\\\/uploads\\\/2021\\\/08\\\/logo-aee.png\",\"width\":180,\"height\":78,\"caption\":\"Asociaci\u00f3n Empresarial E\u00f3lica\"},\"image\":{\"@id\":\"https:\\\/\\\/aeeolica.org\\\/#\\\/schema\\\/logo\\\/image\\\/\"},\"sameAs\":[\"https:\\\/\\\/www.facebook.com\\\/aeeolica\",\"https:\\\/\\\/x.com\\\/aeeolica\",\"https:\\\/\\\/www.instagram.com\\\/aeeolica\\\/\",\"https:\\\/\\\/www.linkedin.com\\\/in\\\/aee-asociaci\u00f3n-empresarial-e\u00f3lica-6830946b\\\/\",\"https:\\\/\\\/www.youtube.com\\\/user\\\/AEEolica\"]},{\"@type\":\"Person\",\"@id\":\"https:\\\/\\\/aeeolica.org\\\/#\\\/schema\\\/person\\\/6a2517a04d4939d7b273a97e03ad2754\",\"name\":\"Vicent\",\"image\":{\"@type\":\"ImageObject\",\"inLanguage\":\"en-US\",\"@id\":\"https:\\\/\\\/secure.gravatar.com\\\/avatar\\\/9f0fea5e6bfa4d7107fbd7ea5e27d73cdca4f791f880e9f9f4171ecd42a7d395?s=96&d=mm&r=g\",\"url\":\"https:\\\/\\\/secure.gravatar.com\\\/avatar\\\/9f0fea5e6bfa4d7107fbd7ea5e27d73cdca4f791f880e9f9f4171ecd42a7d395?s=96&d=mm&r=g\",\"contentUrl\":\"https:\\\/\\\/secure.gravatar.com\\\/avatar\\\/9f0fea5e6bfa4d7107fbd7ea5e27d73cdca4f791f880e9f9f4171ecd42a7d395?s=96&d=mm&r=g\",\"caption\":\"Vicent\"},\"sameAs\":[\"https:\\\/\\\/aeeolica.org\"],\"url\":\"https:\\\/\\\/aeeolica.org\\\/en\\\/author\\\/vicent\\\/\"}]}<\/script>\n<!-- \/ Yoast SEO plugin. -->","yoast_head_json":{"title":"E\u00f3lica por Ucrania - Asociaci\u00f3n Empresarial E\u00f3lica","robots":{"index":"index","follow":"follow","max-snippet":"max-snippet:-1","max-image-preview":"max-image-preview:large","max-video-preview":"max-video-preview:-1"},"canonical":"https:\/\/aeeolica.org\/eolica-por-ucrania\/","og_locale":"en_US","og_type":"article","og_title":"E\u00f3lica por Ucrania - Asociaci\u00f3n Empresarial E\u00f3lica","og_description":"\u00bfQuieres colaborar en la campa\u00f1a E\u00f3lica por Ucrania?En AEE iniciamos una nueva campa\u00f1a solidaria cuya recaudaci\u00f3n ira destinada \u00edntegramente a la labor de ONG ACCEM con su campa\u00f1a \u00abEmergencia en [&hellip;]","og_url":"https:\/\/aeeolica.org\/eolica-por-ucrania\/","og_site_name":"Asociaci\u00f3n Empresarial E\u00f3lica","article_publisher":"https:\/\/www.facebook.com\/aeeolica","article_published_time":"2022-05-13T11:43:11+00:00","article_modified_time":"2022-06-01T14:56:50+00:00","og_image":[{"width":650,"height":350,"url":"https:\/\/aeeolica.org\/wp-content\/uploads\/2022\/05\/BANNERS-VARIOS-2022.png","type":"image\/png"}],"author":"Vicent","twitter_card":"summary_large_image","twitter_creator":"@aeeolica","twitter_site":"@aeeolica","twitter_misc":{"Written by":"Vicent","Est. reading time":"1 minute"},"schema":{"@context":"https:\/\/schema.org","@graph":[{"@type":"Article","@id":"https:\/\/aeeolica.org\/eolica-por-ucrania\/#article","isPartOf":{"@id":"https:\/\/aeeolica.org\/eolica-por-ucrania\/"},"author":{"name":"Vicent","@id":"https:\/\/aeeolica.org\/#\/schema\/person\/6a2517a04d4939d7b273a97e03ad2754"},"headline":"E\u00f3lica por Ucrania","datePublished":"2022-05-13T11:43:11+00:00","dateModified":"2022-06-01T14:56:50+00:00","mainEntityOfPage":{"@id":"https:\/\/aeeolica.org\/eolica-por-ucrania\/"},"wordCount":150,"commentCount":1,"publisher":{"@id":"https:\/\/aeeolica.org\/#organization"},"image":{"@id":"https:\/\/aeeolica.org\/eolica-por-ucrania\/#primaryimage"},"thumbnailUrl":"https:\/\/aeeolica.org\/wp-content\/uploads\/2022\/05\/BANNERS-VARIOS-2022.png","keywords":["solidaridad"],"articleSection":["Campa\u00f1as solidarias"],"inLanguage":"en-US","potentialAction":[{"@type":"CommentAction","name":"Comment","target":["https:\/\/aeeolica.org\/eolica-por-ucrania\/#respond"]}]},{"@type":"WebPage","@id":"https:\/\/aeeolica.org\/eolica-por-ucrania\/","url":"https:\/\/aeeolica.org\/eolica-por-ucrania\/","name":"E\u00f3lica por Ucrania - Asociaci\u00f3n Empresarial E\u00f3lica","isPartOf":{"@id":"https:\/\/aeeolica.org\/#website"},"primaryImageOfPage":{"@id":"https:\/\/aeeolica.org\/eolica-por-ucrania\/#primaryimage"},"image":{"@id":"https:\/\/aeeolica.org\/eolica-por-ucrania\/#primaryimage"},"thumbnailUrl":"https:\/\/aeeolica.org\/wp-content\/uploads\/2022\/05\/BANNERS-VARIOS-2022.png","datePublished":"2022-05-13T11:43:11+00:00","dateModified":"2022-06-01T14:56:50+00:00","breadcrumb":{"@id":"https:\/\/aeeolica.org\/eolica-por-ucrania\/#breadcrumb"},"inLanguage":"en-US","potentialAction":[{"@type":"ReadAction","target":["https:\/\/aeeolica.org\/eolica-por-ucrania\/"]}]},{"@type":"ImageObject","inLanguage":"en-US","@id":"https:\/\/aeeolica.org\/eolica-por-ucrania\/#primaryimage","url":"https:\/\/aeeolica.org\/wp-content\/uploads\/2022\/05\/BANNERS-VARIOS-2022.png","contentUrl":"https:\/\/aeeolica.org\/wp-content\/uploads\/2022\/05\/BANNERS-VARIOS-2022.png","width":650,"height":350},{"@type":"BreadcrumbList","@id":"https:\/\/aeeolica.org\/eolica-por-ucrania\/#breadcrumb","itemListElement":[{"@type":"ListItem","position":1,"name":"Portada","item":"https:\/\/aeeolica.org\/en\/inicio\/"},{"@type":"ListItem","position":2,"name":"E\u00f3lica por Ucrania"}]},{"@type":"WebSite","@id":"https:\/\/aeeolica.org\/#website","url":"https:\/\/aeeolica.org\/","name":"Asociaci\u00f3n Empresarial E\u00f3lica","description":"AEE Asociaci\u00f3n Empresarial E\u00f3lica","publisher":{"@id":"https:\/\/aeeolica.org\/#organization"},"potentialAction":[{"@type":"SearchAction","target":{"@type":"EntryPoint","urlTemplate":"https:\/\/aeeolica.org\/?s={search_term_string}"},"query-input":{"@type":"PropertyValueSpecification","valueRequired":true,"valueName":"search_term_string"}}],"inLanguage":"en-US"},{"@type":"Organization","@id":"https:\/\/aeeolica.org\/#organization","name":"Asociaci\u00f3n Empresarial E\u00f3lica","url":"https:\/\/aeeolica.org\/","logo":{"@type":"ImageObject","inLanguage":"en-US","@id":"https:\/\/aeeolica.org\/#\/schema\/logo\/image\/","url":"https:\/\/aeeolica.org\/wp-content\/uploads\/2021\/08\/logo-aee.png","contentUrl":"https:\/\/aeeolica.org\/wp-content\/uploads\/2021\/08\/logo-aee.png","width":180,"height":78,"caption":"Asociaci\u00f3n Empresarial E\u00f3lica"},"image":{"@id":"https:\/\/aeeolica.org\/#\/schema\/logo\/image\/"},"sameAs":["https:\/\/www.facebook.com\/aeeolica","https:\/\/x.com\/aeeolica","https:\/\/www.instagram.com\/aeeolica\/","https:\/\/www.linkedin.com\/in\/aee-asociaci\u00f3n-empresarial-e\u00f3lica-6830946b\/","https:\/\/www.youtube.com\/user\/AEEolica"]},{"@type":"Person","@id":"https:\/\/aeeolica.org\/#\/schema\/person\/6a2517a04d4939d7b273a97e03ad2754","name":"Vicent","image":{"@type":"ImageObject","inLanguage":"en-US","@id":"https:\/\/secure.gravatar.com\/avatar\/9f0fea5e6bfa4d7107fbd7ea5e27d73cdca4f791f880e9f9f4171ecd42a7d395?s=96&d=mm&r=g","url":"https:\/\/secure.gravatar.com\/avatar\/9f0fea5e6bfa4d7107fbd7ea5e27d73cdca4f791f880e9f9f4171ecd42a7d395?s=96&d=mm&r=g","contentUrl":"https:\/\/secure.gravatar.com\/avatar\/9f0fea5e6bfa4d7107fbd7ea5e27d73cdca4f791f880e9f9f4171ecd42a7d395?s=96&d=mm&r=g","caption":"Vicent"},"sameAs":["https:\/\/aeeolica.org"],"url":"https:\/\/aeeolica.org\/en\/author\/vicent\/"}]}},"_links":{"self":[{"href":"https:\/\/aeeolica.org\/en\/wp-json\/wp\/v2\/posts\/33414","targetHints":{"allow":["GET"]}}],"collection":[{"href":"https:\/\/aeeolica.org\/en\/wp-json\/wp\/v2\/posts"}],"about":[{"href":"https:\/\/aeeolica.org\/en\/wp-json\/wp\/v2\/types\/post"}],"author":[{"embeddable":true,"href":"https:\/\/aeeolica.org\/en\/wp-json\/wp\/v2\/users\/1"}],"replies":[{"embeddable":true,"href":"https:\/\/aeeolica.org\/en\/wp-json\/wp\/v2\/comments?post=33414"}],"version-history":[{"count":0,"href":"https:\/\/aeeolica.org\/en\/wp-json\/wp\/v2\/posts\/33414\/revisions"}],"wp:featuredmedia":[{"embeddable":true,"href":"https:\/\/aeeolica.org\/en\/wp-json\/wp\/v2\/media\/33297"}],"wp:attachment":[{"href":"https:\/\/aeeolica.org\/en\/wp-json\/wp\/v2\/media?parent=33414"}],"wp:term":[{"taxonomy":"category","embeddable":true,"href":"https:\/\/aeeolica.org\/en\/wp-json\/wp\/v2\/categories?post=33414"},{"taxonomy":"post_tag","embeddable":true,"href":"https:\/\/aeeolica.org\/en\/wp-json\/wp\/v2\/tags?post=33414"}],"curies":[{"name":"wp","href":"https:\/\/api.w.org\/{rel}","templated":true}]}}