{"id":46170,"date":"2022-07-26T13:46:45","date_gmt":"2022-07-26T11:46:45","guid":{"rendered":"https:\/\/aeeolica.org\/?p=46170"},"modified":"2022-07-28T13:55:23","modified_gmt":"2022-07-28T11:55:23","slug":"alberto-martinez-zabaleta-consultor-experto-en-energia-del-grupo-alava-es-el-protagonista-de-la-entrevista-del-mes-en-nuestra-newsletter","status":"publish","type":"post","link":"https:\/\/aeeolica.org\/en\/alberto-martinez-zabaleta-consultor-experto-en-energia-del-grupo-alava-es-el-protagonista-de-la-entrevista-del-mes-en-nuestra-newsletter\/","title":{"rendered":"Alberto Mart\u00ednez Zabaleta, consultor experto en energ\u00eda del Grupo \u00c1lava, es el protagonista de la entrevista del mes en nuestra newsletter"},"content":{"rendered":"<p>Alberto Mart\u00ednez Zabaleta, consultor experto en energ\u00eda del Grupo \u00c1lava, es el protagonista de la entrevista del mes en nuestra newsletter.<\/p>\n<p><img decoding=\"async\" src=\"https:\/\/aeeolica.org\/wp-content\/uploads\/2022\/07\/IMG_20220725_100952.1-1024x943.jpg\" alt=\"La imagen tiene un atributo ALT vac\u00edo; su nombre de archivo es IMG_20220725_100952.1-1024x943.jpg\" \/><\/p>\n<p><!--more--><\/p>\n<p>Alberto Mart\u00ednez Zabaleta es\u00a0Ingeniero Industrial y MBA. Con una dilatada trayectoria en puestos directivos de gesti\u00f3n de flotas y plantas de generaci\u00f3n el\u00e9ctrica convencionales y renovables, ha participado activamente en la revoluci\u00f3n tecnol\u00f3gica del sector y su transformaci\u00f3n digital. En la actualidad, es consultor experto en energ\u00eda del Grupo \u00c1lava.<\/p>\n<ol>\n<li>La monitorizaci\u00f3n predictiva se incorpora a muchos de los nuevos aerogeneradores, entendemos que el mercado para Preditec (empresa asociada a AEE y perteneciente al Grupo \u00c1lava) es en instalaciones antiguas. \u00bfCu\u00e1les son las limitaciones para incorporar vuestros sistemas a las mismas?<\/li>\n<\/ol>\n<p>D\u00e9jame empezar aclarando que las soluciones de Preditec son aplicables en todo el ciclo de vida de las plantas de generaci\u00f3n siempre que, como suele ser el caso desde hace 25 a\u00f1os, demostremos un ROI adecuado. Concretamente para e\u00f3lico trabajamos en 3 l\u00edneas:<\/p>\n<ul>\n<li>Proveemos equipamiento especializado. Por ejemplo, trabajamos con los OEMs previamente a la construcci\u00f3n del parque.<\/li>\n<li>Proporcionamos servicios de consultor\u00eda, acompa\u00f1ando a la operaci\u00f3n y el mantenimiento de las flotas en monitorizaci\u00f3n y an\u00e1lisis avanzados de vibraciones, ensayos el\u00e9ctricos en el generador (ESA), ensayos ODS para detectar resonancias, o en proporcionar un diagn\u00f3stico a la propiedad o a las consultoras en operaciones de M&amp;A. Somos en este sentido un partner de garant\u00eda para la propiedad, el operador y el mantenedor del parque.<\/li>\n<li>Por \u00faltimo, y muy especialmente, ofrecemos soluciones: Una plataforma \u00fanica (AWM \u2013 MonoM) para los equipos de predictivo, que es nuestra propia herramienta de trabajo, y que permite\u00a0 no solo la monitorizaci\u00f3n de vibraciones de los CMSs de los principales OEMs,\u00a0 sino la monitorizaci\u00f3n con otras t\u00e9cnicas predictivas: aceites o \u00a0movimientos de torres y plataformas, salud de transformadores, an\u00e1lisis de datos de SCADA, \u00a0incorporaci\u00f3n de Algoritmia predictiva, estado global de flota, comunicaciones con GMAO\u2026 Las soluciones de Preditec est\u00e1n aplicadas a m\u00e1s de 2.500 WTGs, pero tambi\u00e9n en m\u00e1s de 12.000 activos de todo tipo en la industria en el mundo.<\/li>\n<\/ul>\n<ol start=\"2\">\n<li>\u00bfFuturos retos a afrontar en el campo de la monitorizaci\u00f3n remota en los parques e\u00f3licos?<\/li>\n<\/ol>\n<p>El gran reto es poder ofrecer un sistema prescriptivo que permita simult\u00e1neamente:<\/p>\n<p>&#8211; alargar la vida de los WTGs,<\/p>\n<p>&#8211; maximizar la producci\u00f3n de la flota y,<\/p>\n<p>&#8211; reducir los costes de O&amp;M.<\/p>\n<p>Obviamente esto no se lograr\u00e1 para el 100% del parque instalado, pero s\u00ed ser\u00e1 viable al menos para aquella parte de la flota del cliente que suponga un ROI m\u00e1s elevado, seleccionando los WTGs sobre los que interese aplicar estas t\u00e9cnicas.<\/p>\n<p>Desde un punto de vista tecnol\u00f3gico, esto supone asegurar la disponibilidad de datos hist\u00f3ricos, actuales y previsiones, en donde puedan ser explotados con t\u00e9cnicas avanzadas de big-data, IA, ML\u2026 y aplicando mucho conocimiento humano, en condiciones de ciberseguridad \u00f3ptimas, y con capacidad de interacci\u00f3n con otros sistemas de la organizaci\u00f3n. Por eso hemos apostado desde hace ya 4 a\u00f1os, por desarrollar una plataforma, MonoM, que permita que el cliente llegue a ese objetivo con nuestro acompa\u00f1amiento; hoy sobre un determinado n\u00famero de WTGs, y en el medio plazo, seg\u00fan se vayan terminando los contratos de garant\u00eda del fabricante, \u201cdemocratizar\u201d esta transformaci\u00f3n digital de forma interna en las compa\u00f1\u00edas.<\/p>\n<ol start=\"3\">\n<li>La tendencia del mercado es al alargamiento de vida de las instalaciones. \u00bfExiste una predisposici\u00f3n de los clientes para usar el mantenimiento predictivo para ir m\u00e1s all\u00e1 de los 20 a\u00f1os de vida \u00fatil?<\/li>\n<\/ol>\n<p>No s\u00f3lo existe: Tiene que existir. El mantenimiento predictivo impacta en dos aspectos b\u00e1sicos del alargamiento de vida:<\/p>\n<ul>\n<li>Antes de llegar a los 20 a\u00f1os, el mantenimiento predictivo asegura que la operaci\u00f3n que estamos haciendo no est\u00e1 consumiendo aceleradamente la vida del WTG.<\/li>\n<li>Pasado este l\u00edmite, permite controlar el riesgo de superar la vida inicialmente prevista por dise\u00f1o.<\/li>\n<\/ul>\n<p>Yo dir\u00eda que, sin un mantenimiento predictivo eficaz, no estaremos seguros de poder alcanzar los 20 a\u00f1os previstos. Mucho menos poder ir m\u00e1s all\u00e1 con la seguridad razonable de que las m\u00e1quinas alcancen una disponibilidad y performance elevados. Pero no olvidemos que el foco est\u00e1 tambi\u00e9n en maximizar el rendimiento del parque, y ah\u00ed el Predictivo juega tambi\u00e9n un papel fundamental.<\/p>\n<ol start=\"4\">\n<li>En el caso de repotenciaci\u00f3n parcial por cambio de componentes, nuevos o de segunda mano, \u00bfla monitorizaci\u00f3n predictiva puede ser un buen aliado para evitar sorpresas?<\/li>\n<\/ol>\n<p>Indudablemente. La aceptaci\u00f3n inicial de un componente no debe de realizarse sin una monitorizaci\u00f3n previa que nos asegure su condici\u00f3n \u00f3ptima, a la vez que nos da un punto de partida desde el que seguir su evoluci\u00f3n.<\/p>\n<p>Y durante el periodo de garant\u00eda, se debe de supervisar que su comportamiento es el esperado.<\/p>\n<p>Si el ratio coste\/beneficio de implantar un sistema PdM es claro, en este caso espec\u00edfico lo es a\u00fan m\u00e1s.<\/p>\n<ol start=\"5\">\n<li>\u00bfEn cu\u00e1nto tiempo calculas que se amortiza vuestra soluci\u00f3n al adelantarse al fallo?<\/li>\n<\/ol>\n<p>Si nos referimos a la monitorizaci\u00f3n de vibraciones, en Preditec llevamos casi 10 a\u00f1os haci\u00e9ndolo en el sector e\u00f3lico. Hasta hace 2, hab\u00edamos calculado que el retorno de la inversi\u00f3n estaba en 2-3 a\u00f1os, pero el escenario ha cambiado notablemente: las turbinas han crecido en potencia, el factor de carga tambi\u00e9n ha aumentado de forma apreciable, la off-shore est\u00e1 teniendo un gran empuje, los precios de la energ\u00eda se han disparado, al igual que el tama\u00f1o de la flota renovable en el mundo; adem\u00e1s, los precios de sensores, comunicaciones y acceso al cloud se han reducido m\u00e1s que considerablemente. Considerando, adem\u00e1s, que ahora ofrecemos Soluciones as a Service, donde ya no son imprescindibles inversiones iniciales de elevado CAPEX, nos lleva a que puede amortizarse anualmente. Tenemos desarrollado un ROI por tipolog\u00eda de fallos, probabilidad e impacto\u00a0 que ponemos a disposici\u00f3n de nuestros clientes para discutir este punto.<\/p>\n<ol start=\"6\">\n<li>Los datos de las t\u00e9cnicas predictivas se integran en teor\u00eda con los del SCADA y las ordenes de trabajo. \u00bfConsideras que existe una buena utilizaci\u00f3n combinada de la informaci\u00f3n y como se podr\u00eda mejorar?<\/li>\n<\/ol>\n<p>El mantenimiento predictivo es una parte esencial de la transformaci\u00f3n digital, y cada organizaci\u00f3n est\u00e1 en un punto del proceso diferente. Yo dir\u00eda que el uso combinado de datos que se\u00f1alas no es mayoritario, ni tan siquiera ampliamente extendido.<\/p>\n<p>Un buen mantenimiento predictivo debe de utilizar todos esos datos, y otros m\u00e1s que est\u00e9n disponibles: datos meteorol\u00f3gicos, precios de los mercados, etc. para poder llegar a ser un sistema Prescriptivo.<\/p>\n<p>Una vez las compa\u00f1\u00edas alcancen el nivel de confianza en la ciberseguridad, que el Cloud pueda ayudar a alcanzar, la comunicaci\u00f3n entre plataformas como la nuestra y los sistemas de operaci\u00f3n de la flota y de gesti\u00f3n ser\u00e1 un hecho. Nuestra plataforma est\u00e1 preparada de origen para trabajar en este sentido, y se comunica con datos de proceso y, de forma bidireccional si es necesario, con aplicaciones como SAP, GMAO, etc.<\/p>\n<ol start=\"7\">\n<li>Por lo general no existe un buen an\u00e1lisis de la causa ra\u00edz de los fallos. \u00bfC\u00f3mo contribuyen las t\u00e9cnicas predictivas a detectar las razones derivadas de diversos factores: viento, insuficiente mantenimiento, etc?<\/li>\n<\/ol>\n<p>El an\u00e1lisis de la causa ra\u00edz de un fallo para llegar a un diagn\u00f3stico certero, tiene tres exigencias:<\/p>\n<ul>\n<li>Datos, cuantos m\u00e1s, mejor. Hist\u00f3ricos y actuales. Las vibraciones, junto con los aceites son una parte imprescindible para conocer el estado de algunos componentes, como las multiplicadoras, pero deben de ser complementados con datos de operaci\u00f3n para tener una visi\u00f3n hol\u00edstica del comportamiento del WTG.<\/li>\n<li>Integraci\u00f3n de esos datos para que proporcionen una visi\u00f3n completa de lo que ocurre: pasado, presente y, si es posible futuro. A ser posible, en una plataforma que permita manejar datos de diferentes tipos y con herramientas avanzadas de an\u00e1lisis tipo machine-learning, para acercarnos lo m\u00e1s posible al gemelo digital del WTG.<\/li>\n<li>Experiencia y profundos conocimientos del analista, que s\u00f3lo se consigue habiendo visto situaciones similares en el pasado. Como ejemplo, el equipo humano de Preditec est\u00e1 especializado en este campo y desde hace 10 a\u00f1os, supervisa m\u00e1s de 14 GW de generaci\u00f3n el\u00e9ctrica, incluyendo E\u00f3lica, Hidr\u00e1ulica y generaci\u00f3n t\u00e9rmica en CC.<\/li>\n<\/ul>\n<p>Sin un detallado an\u00e1lisis de causa ra\u00edz, no estaremos haciendo un mantenimiento eficaz.<\/p>\n<ol start=\"8\">\n<li>Sois un grupo con presencia internacional. \u00bfC\u00f3mo veis las diferencias entre mercados?<\/li>\n<\/ol>\n<p>Tenemos la suerte de que en Espa\u00f1a y Portugal contamos con compa\u00f1\u00edas globales que se encuentran entre las mayores en este sector, y afortunadamente trabajamos con ellas. Normalmente tienen equipos deslocalizados que atienden a su flota con nuestro ayuda. Desde nuestro centro de monitorizaci\u00f3n y control de Zaragoza, analizamos el comportamiento de parques en todo el mundo, y vemos que las diferencias entre mercados no son excesivas y, m\u00e1s que por el pa\u00eds, vienen en ocasiones marcadas por la lejan\u00eda o f\u00e1cil accesibilidad de los parques, los costes de mantenimientos unitarios o las capacidades internas de sus equipos de mantenimiento predictivo.<\/p>\n<p>Si hablamos de pa\u00edses, el Grupo \u00c1lava a trav\u00e9s de nuestra compa\u00f1\u00eda Alava International con sedes en Dallas y Miami presta servicios al mercado USA, donde las compa\u00f1\u00edas locales tradicionalmente prestan una menor atenci\u00f3n al mantenimiento predictivo, que es una caracter\u00edstica claramente diferencial con Europa; y por lo que comprobamos, es una buena oportunidad para nuestras soluciones y servicios.<\/p>\n<ol start=\"9\">\n<li>Estamos ante un mercado fuertemente competitivo. \u00bfCu\u00e1les dir\u00edas que son vuestras ventajas comparativas?<\/li>\n<\/ol>\n<p>Nuestra gran ventaja est\u00e1 en la experiencia de m\u00e1s de 25 a\u00f1os en el mantenimiento predictivo; y si hablamos de sens\u00f3rica y equipos de alta tecnolog\u00eda, son ya 50 a\u00f1os del Grupo \u00c1lava en el mercado. Esto nos ha permitido un conocimiento t\u00e9cnico y de las necesidades del mercado muy importante.<\/p>\n<p>Si nos ce\u00f1imos a las t\u00e9cnicas de predictivo, la fiabilidad de nuestros partners de HW, junto con nuestro plataforma y software de an\u00e1lisis, capaz de leer la informaci\u00f3n de los CMSs m\u00e1s utilizados en el sector, es otra gran ventaja que permite la independencia del fabricante.<\/p>\n<p>Otra caracter\u00edstica diferencial abrumadora es haber sido pioneros en incluir otras t\u00e9cnicas de predictivo, como an\u00e1lisis on-line de aceites, an\u00e1lisis de ensayos el\u00e9ctricos y de proceso, aplicaciones de IA y de realidad aumentada para el soporte a operaciones en campo, o la monitorizaci\u00f3n de movimientos en fundaciones y torres.<\/p>\n<p>Adem\u00e1s, somos capaces de integrar toda esta informaci\u00f3n en nuestra soluci\u00f3n Cloud- MonoM a la que se a\u00f1aden, si se requiere, datos de SCADAs, CMMS, previsiones meteorol\u00f3gicas, im\u00e1genes termogr\u00e1ficas\u2026 y herramientas de an\u00e1lisis de \u00faltima avanzado v\u00eda IA y ML (acompa\u00f1ado de Human Knowledge), de reporting, etc.<\/p>\n<p>Y lo m\u00e1s importante, el equipo humano de expertos que componen Preditec y MonoM, con capacidad de integrar su conocimiento para crear soluciones y asesorar a nuestros clientes de forma rentable, y que nos ha permitido ganar la confianza y la fidelidad de nuestros clientes.<\/p>\n<p>Todo lo anterior, nos posiciona como un partner con una oferta tecnol\u00f3gica, de servicios y volcada al cliente, que no es f\u00e1cil encontrar en el mercado.<\/p>\n<ol start=\"10\">\n<li>Para conocer a nuestro protagonista:\n<ol>\n<li>Libro preferido: El Se\u00f1or de los Anillos. Un buen tratado sobre liderazgo, trabajo en equipo, manejo de la diversidad, enfoque al objetivo com\u00fan, y superaci\u00f3n cuando vienen mal dadas. Y, adem\u00e1s, entretenido.<\/li>\n<li>Serie: No soy de series.<\/li>\n<li>Pel\u00edcula: El hombre tranquilo, de John Ford.<\/li>\n<li>Color: Verde<\/li>\n<\/ol>\n<\/li>\n<li>En nuestro d\u00eda a d\u00eda, todos podemos aportar a la lucha contra el cambio clim\u00e1tico. \u00bfCu\u00e1l es su propuesta de medida concreta para que nuestros lectores puedan aplicar desde hoy en su rutina? Tener claro que la energ\u00eda m\u00e1s barata y ecol\u00f3gica es la que no se consume.<\/li>\n<\/ol>\n\n\n<figure class=\"wp-block-image size-large\"><img decoding=\"async\" width=\"992\" height=\"1024\" src=\"https:\/\/aeeolica.org\/wp-content\/uploads\/2022\/07\/IMG_20220725_100335.1-992x1024.jpg\" alt=\"\" class=\"wp-image-46181\" srcset=\"https:\/\/aeeolica.org\/wp-content\/uploads\/2022\/07\/IMG_20220725_100335.1-980x1012.jpg 980w, https:\/\/aeeolica.org\/wp-content\/uploads\/2022\/07\/IMG_20220725_100335.1-480x496.jpg 480w\" sizes=\"(min-width: 0px) and (max-width: 480px) 480px, (min-width: 481px) and (max-width: 980px) 980px, (min-width: 981px) 992px, 100vw\" \/><\/figure>\n","protected":false},"excerpt":{"rendered":"<p>Alberto Mart\u00ednez Zabaleta, consultor experto en energ\u00eda del Grupo \u00c1lava, es el protagonista de la entrevista del mes en nuestra newsletter.<\/p>\n","protected":false},"author":2,"featured_media":0,"comment_status":"open","ping_status":"open","sticky":false,"template":"","format":"standard","meta":{"_acf_changed":false,"_bbp_topic_count":0,"_bbp_reply_count":0,"_bbp_total_topic_count":0,"_bbp_total_reply_count":0,"_bbp_voice_count":0,"_bbp_anonymous_reply_count":0,"_bbp_topic_count_hidden":0,"_bbp_reply_count_hidden":0,"_bbp_forum_subforum_count":0,"_et_pb_use_builder":"","_et_pb_old_content":"","_et_gb_content_width":"","footnotes":""},"categories":[438],"tags":[],"class_list":["post-46170","post","type-post","status-publish","format-standard","hentry","category-newsletter-julio-2022"],"acf":[],"yoast_head":"<!-- This site is optimized with the Yoast SEO plugin v27.4 - https:\/\/yoast.com\/product\/yoast-seo-wordpress\/ -->\n<title>Alberto Mart\u00ednez Zabaleta, consultor experto en energ\u00eda del Grupo \u00c1lava, es el protagonista de la entrevista del mes en nuestra newsletter - Asociaci\u00f3n Empresarial E\u00f3lica<\/title>\n<meta name=\"robots\" content=\"index, follow, max-snippet:-1, max-image-preview:large, max-video-preview:-1\" \/>\n<link rel=\"canonical\" href=\"https:\/\/aeeolica.org\/alberto-martinez-zabaleta-consultor-experto-en-energia-del-grupo-alava-es-el-protagonista-de-la-entrevista-del-mes-en-nuestra-newsletter\/\" \/>\n<meta property=\"og:locale\" content=\"en_US\" \/>\n<meta property=\"og:type\" content=\"article\" \/>\n<meta property=\"og:title\" content=\"Alberto Mart\u00ednez Zabaleta, consultor experto en energ\u00eda del Grupo \u00c1lava, es el protagonista de la entrevista del mes en nuestra newsletter - Asociaci\u00f3n Empresarial E\u00f3lica\" \/>\n<meta property=\"og:description\" content=\"Alberto Mart\u00ednez Zabaleta, consultor experto en energ\u00eda del Grupo \u00c1lava, es el protagonista de la entrevista del mes en nuestra newsletter.\" \/>\n<meta property=\"og:url\" content=\"https:\/\/aeeolica.org\/alberto-martinez-zabaleta-consultor-experto-en-energia-del-grupo-alava-es-el-protagonista-de-la-entrevista-del-mes-en-nuestra-newsletter\/\" \/>\n<meta property=\"og:site_name\" content=\"Asociaci\u00f3n Empresarial E\u00f3lica\" \/>\n<meta property=\"article:publisher\" content=\"https:\/\/www.facebook.com\/aeeolica\" \/>\n<meta property=\"article:published_time\" content=\"2022-07-26T11:46:45+00:00\" \/>\n<meta property=\"article:modified_time\" content=\"2022-07-28T11:55:23+00:00\" \/>\n<meta property=\"og:image\" content=\"https:\/\/aeeolica.org\/wp-content\/uploads\/2022\/07\/IMG_20220725_100952.1-1024x943.jpg\" \/>\n<meta name=\"author\" content=\"Morante D\u00edaz, Mar\u00eda del Mar\" \/>\n<meta name=\"twitter:card\" content=\"summary_large_image\" \/>\n<meta name=\"twitter:creator\" content=\"@aeeolica\" \/>\n<meta name=\"twitter:site\" content=\"@aeeolica\" \/>\n<meta name=\"twitter:label1\" content=\"Written by\" \/>\n\t<meta name=\"twitter:data1\" content=\"Morante D\u00edaz, Mar\u00eda del Mar\" \/>\n\t<meta name=\"twitter:label2\" content=\"Est. reading time\" \/>\n\t<meta name=\"twitter:data2\" content=\"10 minutes\" \/>\n<script type=\"application\/ld+json\" class=\"yoast-schema-graph\">{\"@context\":\"https:\\\/\\\/schema.org\",\"@graph\":[{\"@type\":\"Article\",\"@id\":\"https:\\\/\\\/aeeolica.org\\\/alberto-martinez-zabaleta-consultor-experto-en-energia-del-grupo-alava-es-el-protagonista-de-la-entrevista-del-mes-en-nuestra-newsletter\\\/#article\",\"isPartOf\":{\"@id\":\"https:\\\/\\\/aeeolica.org\\\/alberto-martinez-zabaleta-consultor-experto-en-energia-del-grupo-alava-es-el-protagonista-de-la-entrevista-del-mes-en-nuestra-newsletter\\\/\"},\"author\":{\"name\":\"Morante D\u00edaz, Mar\u00eda del Mar\",\"@id\":\"https:\\\/\\\/aeeolica.org\\\/#\\\/schema\\\/person\\\/064b26f21f7ed52e0b3854e6b52f9772\"},\"headline\":\"Alberto Mart\u00ednez Zabaleta, consultor experto en energ\u00eda del Grupo \u00c1lava, es el protagonista de la entrevista del mes en nuestra newsletter\",\"datePublished\":\"2022-07-26T11:46:45+00:00\",\"dateModified\":\"2022-07-28T11:55:23+00:00\",\"mainEntityOfPage\":{\"@id\":\"https:\\\/\\\/aeeolica.org\\\/alberto-martinez-zabaleta-consultor-experto-en-energia-del-grupo-alava-es-el-protagonista-de-la-entrevista-del-mes-en-nuestra-newsletter\\\/\"},\"wordCount\":2087,\"commentCount\":6,\"publisher\":{\"@id\":\"https:\\\/\\\/aeeolica.org\\\/#organization\"},\"image\":{\"@id\":\"https:\\\/\\\/aeeolica.org\\\/alberto-martinez-zabaleta-consultor-experto-en-energia-del-grupo-alava-es-el-protagonista-de-la-entrevista-del-mes-en-nuestra-newsletter\\\/#primaryimage\"},\"thumbnailUrl\":\"https:\\\/\\\/aeeolica.org\\\/wp-content\\\/uploads\\\/2022\\\/07\\\/IMG_20220725_100952.1-1024x943.jpg\",\"articleSection\":[\"Newsletter Julio 2022\"],\"inLanguage\":\"en-US\",\"potentialAction\":[{\"@type\":\"CommentAction\",\"name\":\"Comment\",\"target\":[\"https:\\\/\\\/aeeolica.org\\\/alberto-martinez-zabaleta-consultor-experto-en-energia-del-grupo-alava-es-el-protagonista-de-la-entrevista-del-mes-en-nuestra-newsletter\\\/#respond\"]}]},{\"@type\":\"WebPage\",\"@id\":\"https:\\\/\\\/aeeolica.org\\\/alberto-martinez-zabaleta-consultor-experto-en-energia-del-grupo-alava-es-el-protagonista-de-la-entrevista-del-mes-en-nuestra-newsletter\\\/\",\"url\":\"https:\\\/\\\/aeeolica.org\\\/alberto-martinez-zabaleta-consultor-experto-en-energia-del-grupo-alava-es-el-protagonista-de-la-entrevista-del-mes-en-nuestra-newsletter\\\/\",\"name\":\"Alberto Mart\u00ednez Zabaleta, consultor experto en energ\u00eda del Grupo \u00c1lava, es el protagonista de la entrevista del mes en nuestra newsletter - Asociaci\u00f3n Empresarial E\u00f3lica\",\"isPartOf\":{\"@id\":\"https:\\\/\\\/aeeolica.org\\\/#website\"},\"primaryImageOfPage\":{\"@id\":\"https:\\\/\\\/aeeolica.org\\\/alberto-martinez-zabaleta-consultor-experto-en-energia-del-grupo-alava-es-el-protagonista-de-la-entrevista-del-mes-en-nuestra-newsletter\\\/#primaryimage\"},\"image\":{\"@id\":\"https:\\\/\\\/aeeolica.org\\\/alberto-martinez-zabaleta-consultor-experto-en-energia-del-grupo-alava-es-el-protagonista-de-la-entrevista-del-mes-en-nuestra-newsletter\\\/#primaryimage\"},\"thumbnailUrl\":\"https:\\\/\\\/aeeolica.org\\\/wp-content\\\/uploads\\\/2022\\\/07\\\/IMG_20220725_100952.1-1024x943.jpg\",\"datePublished\":\"2022-07-26T11:46:45+00:00\",\"dateModified\":\"2022-07-28T11:55:23+00:00\",\"breadcrumb\":{\"@id\":\"https:\\\/\\\/aeeolica.org\\\/alberto-martinez-zabaleta-consultor-experto-en-energia-del-grupo-alava-es-el-protagonista-de-la-entrevista-del-mes-en-nuestra-newsletter\\\/#breadcrumb\"},\"inLanguage\":\"en-US\",\"potentialAction\":[{\"@type\":\"ReadAction\",\"target\":[\"https:\\\/\\\/aeeolica.org\\\/alberto-martinez-zabaleta-consultor-experto-en-energia-del-grupo-alava-es-el-protagonista-de-la-entrevista-del-mes-en-nuestra-newsletter\\\/\"]}]},{\"@type\":\"ImageObject\",\"inLanguage\":\"en-US\",\"@id\":\"https:\\\/\\\/aeeolica.org\\\/alberto-martinez-zabaleta-consultor-experto-en-energia-del-grupo-alava-es-el-protagonista-de-la-entrevista-del-mes-en-nuestra-newsletter\\\/#primaryimage\",\"url\":\"https:\\\/\\\/aeeolica.org\\\/wp-content\\\/uploads\\\/2022\\\/07\\\/IMG_20220725_100952.1-1024x943.jpg\",\"contentUrl\":\"https:\\\/\\\/aeeolica.org\\\/wp-content\\\/uploads\\\/2022\\\/07\\\/IMG_20220725_100952.1-1024x943.jpg\"},{\"@type\":\"BreadcrumbList\",\"@id\":\"https:\\\/\\\/aeeolica.org\\\/alberto-martinez-zabaleta-consultor-experto-en-energia-del-grupo-alava-es-el-protagonista-de-la-entrevista-del-mes-en-nuestra-newsletter\\\/#breadcrumb\",\"itemListElement\":[{\"@type\":\"ListItem\",\"position\":1,\"name\":\"Portada\",\"item\":\"https:\\\/\\\/aeeolica.org\\\/en\\\/inicio\\\/\"},{\"@type\":\"ListItem\",\"position\":2,\"name\":\"Alberto Mart\u00ednez Zabaleta, consultor experto en energ\u00eda del Grupo \u00c1lava, es el protagonista de la entrevista del mes en nuestra newsletter\"}]},{\"@type\":\"WebSite\",\"@id\":\"https:\\\/\\\/aeeolica.org\\\/#website\",\"url\":\"https:\\\/\\\/aeeolica.org\\\/\",\"name\":\"Asociaci\u00f3n Empresarial E\u00f3lica\",\"description\":\"AEE Asociaci\u00f3n Empresarial E\u00f3lica\",\"publisher\":{\"@id\":\"https:\\\/\\\/aeeolica.org\\\/#organization\"},\"potentialAction\":[{\"@type\":\"SearchAction\",\"target\":{\"@type\":\"EntryPoint\",\"urlTemplate\":\"https:\\\/\\\/aeeolica.org\\\/?s={search_term_string}\"},\"query-input\":{\"@type\":\"PropertyValueSpecification\",\"valueRequired\":true,\"valueName\":\"search_term_string\"}}],\"inLanguage\":\"en-US\"},{\"@type\":\"Organization\",\"@id\":\"https:\\\/\\\/aeeolica.org\\\/#organization\",\"name\":\"Asociaci\u00f3n Empresarial E\u00f3lica\",\"url\":\"https:\\\/\\\/aeeolica.org\\\/\",\"logo\":{\"@type\":\"ImageObject\",\"inLanguage\":\"en-US\",\"@id\":\"https:\\\/\\\/aeeolica.org\\\/#\\\/schema\\\/logo\\\/image\\\/\",\"url\":\"https:\\\/\\\/aeeolica.org\\\/wp-content\\\/uploads\\\/2021\\\/08\\\/logo-aee.png\",\"contentUrl\":\"https:\\\/\\\/aeeolica.org\\\/wp-content\\\/uploads\\\/2021\\\/08\\\/logo-aee.png\",\"width\":180,\"height\":78,\"caption\":\"Asociaci\u00f3n Empresarial E\u00f3lica\"},\"image\":{\"@id\":\"https:\\\/\\\/aeeolica.org\\\/#\\\/schema\\\/logo\\\/image\\\/\"},\"sameAs\":[\"https:\\\/\\\/www.facebook.com\\\/aeeolica\",\"https:\\\/\\\/x.com\\\/aeeolica\",\"https:\\\/\\\/www.instagram.com\\\/aeeolica\\\/\",\"https:\\\/\\\/www.linkedin.com\\\/in\\\/aee-asociaci\u00f3n-empresarial-e\u00f3lica-6830946b\\\/\",\"https:\\\/\\\/www.youtube.com\\\/user\\\/AEEolica\"]},{\"@type\":\"Person\",\"@id\":\"https:\\\/\\\/aeeolica.org\\\/#\\\/schema\\\/person\\\/064b26f21f7ed52e0b3854e6b52f9772\",\"name\":\"Morante D\u00edaz, Mar\u00eda del Mar\",\"image\":{\"@type\":\"ImageObject\",\"inLanguage\":\"en-US\",\"@id\":\"https:\\\/\\\/secure.gravatar.com\\\/avatar\\\/8bfd23e1c4bf5aa0b9314f1c5c9d644e62672831e6a512513954c3f15dffdd5a?s=96&d=mm&r=g\",\"url\":\"https:\\\/\\\/secure.gravatar.com\\\/avatar\\\/8bfd23e1c4bf5aa0b9314f1c5c9d644e62672831e6a512513954c3f15dffdd5a?s=96&d=mm&r=g\",\"contentUrl\":\"https:\\\/\\\/secure.gravatar.com\\\/avatar\\\/8bfd23e1c4bf5aa0b9314f1c5c9d644e62672831e6a512513954c3f15dffdd5a?s=96&d=mm&r=g\",\"caption\":\"Morante D\u00edaz, Mar\u00eda del Mar\"},\"url\":\"https:\\\/\\\/aeeolica.org\\\/en\\\/author\\\/mar\\\/\"}]}<\/script>\n<!-- \/ Yoast SEO plugin. -->","yoast_head_json":{"title":"Alberto Mart\u00ednez Zabaleta, consultor experto en energ\u00eda del Grupo \u00c1lava, es el protagonista de la entrevista del mes en nuestra newsletter - Asociaci\u00f3n Empresarial E\u00f3lica","robots":{"index":"index","follow":"follow","max-snippet":"max-snippet:-1","max-image-preview":"max-image-preview:large","max-video-preview":"max-video-preview:-1"},"canonical":"https:\/\/aeeolica.org\/alberto-martinez-zabaleta-consultor-experto-en-energia-del-grupo-alava-es-el-protagonista-de-la-entrevista-del-mes-en-nuestra-newsletter\/","og_locale":"en_US","og_type":"article","og_title":"Alberto Mart\u00ednez Zabaleta, consultor experto en energ\u00eda del Grupo \u00c1lava, es el protagonista de la entrevista del mes en nuestra newsletter - Asociaci\u00f3n Empresarial E\u00f3lica","og_description":"Alberto Mart\u00ednez Zabaleta, consultor experto en energ\u00eda del Grupo \u00c1lava, es el protagonista de la entrevista del mes en nuestra newsletter.","og_url":"https:\/\/aeeolica.org\/alberto-martinez-zabaleta-consultor-experto-en-energia-del-grupo-alava-es-el-protagonista-de-la-entrevista-del-mes-en-nuestra-newsletter\/","og_site_name":"Asociaci\u00f3n Empresarial E\u00f3lica","article_publisher":"https:\/\/www.facebook.com\/aeeolica","article_published_time":"2022-07-26T11:46:45+00:00","article_modified_time":"2022-07-28T11:55:23+00:00","og_image":[{"url":"https:\/\/aeeolica.org\/wp-content\/uploads\/2022\/07\/IMG_20220725_100952.1-1024x943.jpg","type":"","width":"","height":""}],"author":"Morante D\u00edaz, Mar\u00eda del Mar","twitter_card":"summary_large_image","twitter_creator":"@aeeolica","twitter_site":"@aeeolica","twitter_misc":{"Written by":"Morante D\u00edaz, Mar\u00eda del Mar","Est. reading time":"10 minutes"},"schema":{"@context":"https:\/\/schema.org","@graph":[{"@type":"Article","@id":"https:\/\/aeeolica.org\/alberto-martinez-zabaleta-consultor-experto-en-energia-del-grupo-alava-es-el-protagonista-de-la-entrevista-del-mes-en-nuestra-newsletter\/#article","isPartOf":{"@id":"https:\/\/aeeolica.org\/alberto-martinez-zabaleta-consultor-experto-en-energia-del-grupo-alava-es-el-protagonista-de-la-entrevista-del-mes-en-nuestra-newsletter\/"},"author":{"name":"Morante D\u00edaz, Mar\u00eda del Mar","@id":"https:\/\/aeeolica.org\/#\/schema\/person\/064b26f21f7ed52e0b3854e6b52f9772"},"headline":"Alberto Mart\u00ednez Zabaleta, consultor experto en energ\u00eda del Grupo \u00c1lava, es el protagonista de la entrevista del mes en nuestra newsletter","datePublished":"2022-07-26T11:46:45+00:00","dateModified":"2022-07-28T11:55:23+00:00","mainEntityOfPage":{"@id":"https:\/\/aeeolica.org\/alberto-martinez-zabaleta-consultor-experto-en-energia-del-grupo-alava-es-el-protagonista-de-la-entrevista-del-mes-en-nuestra-newsletter\/"},"wordCount":2087,"commentCount":6,"publisher":{"@id":"https:\/\/aeeolica.org\/#organization"},"image":{"@id":"https:\/\/aeeolica.org\/alberto-martinez-zabaleta-consultor-experto-en-energia-del-grupo-alava-es-el-protagonista-de-la-entrevista-del-mes-en-nuestra-newsletter\/#primaryimage"},"thumbnailUrl":"https:\/\/aeeolica.org\/wp-content\/uploads\/2022\/07\/IMG_20220725_100952.1-1024x943.jpg","articleSection":["Newsletter Julio 2022"],"inLanguage":"en-US","potentialAction":[{"@type":"CommentAction","name":"Comment","target":["https:\/\/aeeolica.org\/alberto-martinez-zabaleta-consultor-experto-en-energia-del-grupo-alava-es-el-protagonista-de-la-entrevista-del-mes-en-nuestra-newsletter\/#respond"]}]},{"@type":"WebPage","@id":"https:\/\/aeeolica.org\/alberto-martinez-zabaleta-consultor-experto-en-energia-del-grupo-alava-es-el-protagonista-de-la-entrevista-del-mes-en-nuestra-newsletter\/","url":"https:\/\/aeeolica.org\/alberto-martinez-zabaleta-consultor-experto-en-energia-del-grupo-alava-es-el-protagonista-de-la-entrevista-del-mes-en-nuestra-newsletter\/","name":"Alberto Mart\u00ednez Zabaleta, consultor experto en energ\u00eda del Grupo \u00c1lava, es el protagonista de la entrevista del mes en nuestra newsletter - Asociaci\u00f3n Empresarial E\u00f3lica","isPartOf":{"@id":"https:\/\/aeeolica.org\/#website"},"primaryImageOfPage":{"@id":"https:\/\/aeeolica.org\/alberto-martinez-zabaleta-consultor-experto-en-energia-del-grupo-alava-es-el-protagonista-de-la-entrevista-del-mes-en-nuestra-newsletter\/#primaryimage"},"image":{"@id":"https:\/\/aeeolica.org\/alberto-martinez-zabaleta-consultor-experto-en-energia-del-grupo-alava-es-el-protagonista-de-la-entrevista-del-mes-en-nuestra-newsletter\/#primaryimage"},"thumbnailUrl":"https:\/\/aeeolica.org\/wp-content\/uploads\/2022\/07\/IMG_20220725_100952.1-1024x943.jpg","datePublished":"2022-07-26T11:46:45+00:00","dateModified":"2022-07-28T11:55:23+00:00","breadcrumb":{"@id":"https:\/\/aeeolica.org\/alberto-martinez-zabaleta-consultor-experto-en-energia-del-grupo-alava-es-el-protagonista-de-la-entrevista-del-mes-en-nuestra-newsletter\/#breadcrumb"},"inLanguage":"en-US","potentialAction":[{"@type":"ReadAction","target":["https:\/\/aeeolica.org\/alberto-martinez-zabaleta-consultor-experto-en-energia-del-grupo-alava-es-el-protagonista-de-la-entrevista-del-mes-en-nuestra-newsletter\/"]}]},{"@type":"ImageObject","inLanguage":"en-US","@id":"https:\/\/aeeolica.org\/alberto-martinez-zabaleta-consultor-experto-en-energia-del-grupo-alava-es-el-protagonista-de-la-entrevista-del-mes-en-nuestra-newsletter\/#primaryimage","url":"https:\/\/aeeolica.org\/wp-content\/uploads\/2022\/07\/IMG_20220725_100952.1-1024x943.jpg","contentUrl":"https:\/\/aeeolica.org\/wp-content\/uploads\/2022\/07\/IMG_20220725_100952.1-1024x943.jpg"},{"@type":"BreadcrumbList","@id":"https:\/\/aeeolica.org\/alberto-martinez-zabaleta-consultor-experto-en-energia-del-grupo-alava-es-el-protagonista-de-la-entrevista-del-mes-en-nuestra-newsletter\/#breadcrumb","itemListElement":[{"@type":"ListItem","position":1,"name":"Portada","item":"https:\/\/aeeolica.org\/en\/inicio\/"},{"@type":"ListItem","position":2,"name":"Alberto Mart\u00ednez Zabaleta, consultor experto en energ\u00eda del Grupo \u00c1lava, es el protagonista de la entrevista del mes en nuestra newsletter"}]},{"@type":"WebSite","@id":"https:\/\/aeeolica.org\/#website","url":"https:\/\/aeeolica.org\/","name":"Asociaci\u00f3n Empresarial E\u00f3lica","description":"AEE Asociaci\u00f3n Empresarial E\u00f3lica","publisher":{"@id":"https:\/\/aeeolica.org\/#organization"},"potentialAction":[{"@type":"SearchAction","target":{"@type":"EntryPoint","urlTemplate":"https:\/\/aeeolica.org\/?s={search_term_string}"},"query-input":{"@type":"PropertyValueSpecification","valueRequired":true,"valueName":"search_term_string"}}],"inLanguage":"en-US"},{"@type":"Organization","@id":"https:\/\/aeeolica.org\/#organization","name":"Asociaci\u00f3n Empresarial E\u00f3lica","url":"https:\/\/aeeolica.org\/","logo":{"@type":"ImageObject","inLanguage":"en-US","@id":"https:\/\/aeeolica.org\/#\/schema\/logo\/image\/","url":"https:\/\/aeeolica.org\/wp-content\/uploads\/2021\/08\/logo-aee.png","contentUrl":"https:\/\/aeeolica.org\/wp-content\/uploads\/2021\/08\/logo-aee.png","width":180,"height":78,"caption":"Asociaci\u00f3n Empresarial E\u00f3lica"},"image":{"@id":"https:\/\/aeeolica.org\/#\/schema\/logo\/image\/"},"sameAs":["https:\/\/www.facebook.com\/aeeolica","https:\/\/x.com\/aeeolica","https:\/\/www.instagram.com\/aeeolica\/","https:\/\/www.linkedin.com\/in\/aee-asociaci\u00f3n-empresarial-e\u00f3lica-6830946b\/","https:\/\/www.youtube.com\/user\/AEEolica"]},{"@type":"Person","@id":"https:\/\/aeeolica.org\/#\/schema\/person\/064b26f21f7ed52e0b3854e6b52f9772","name":"Morante D\u00edaz, Mar\u00eda del Mar","image":{"@type":"ImageObject","inLanguage":"en-US","@id":"https:\/\/secure.gravatar.com\/avatar\/8bfd23e1c4bf5aa0b9314f1c5c9d644e62672831e6a512513954c3f15dffdd5a?s=96&d=mm&r=g","url":"https:\/\/secure.gravatar.com\/avatar\/8bfd23e1c4bf5aa0b9314f1c5c9d644e62672831e6a512513954c3f15dffdd5a?s=96&d=mm&r=g","contentUrl":"https:\/\/secure.gravatar.com\/avatar\/8bfd23e1c4bf5aa0b9314f1c5c9d644e62672831e6a512513954c3f15dffdd5a?s=96&d=mm&r=g","caption":"Morante D\u00edaz, Mar\u00eda del Mar"},"url":"https:\/\/aeeolica.org\/en\/author\/mar\/"}]}},"_links":{"self":[{"href":"https:\/\/aeeolica.org\/en\/wp-json\/wp\/v2\/posts\/46170","targetHints":{"allow":["GET"]}}],"collection":[{"href":"https:\/\/aeeolica.org\/en\/wp-json\/wp\/v2\/posts"}],"about":[{"href":"https:\/\/aeeolica.org\/en\/wp-json\/wp\/v2\/types\/post"}],"author":[{"embeddable":true,"href":"https:\/\/aeeolica.org\/en\/wp-json\/wp\/v2\/users\/2"}],"replies":[{"embeddable":true,"href":"https:\/\/aeeolica.org\/en\/wp-json\/wp\/v2\/comments?post=46170"}],"version-history":[{"count":0,"href":"https:\/\/aeeolica.org\/en\/wp-json\/wp\/v2\/posts\/46170\/revisions"}],"wp:attachment":[{"href":"https:\/\/aeeolica.org\/en\/wp-json\/wp\/v2\/media?parent=46170"}],"wp:term":[{"taxonomy":"category","embeddable":true,"href":"https:\/\/aeeolica.org\/en\/wp-json\/wp\/v2\/categories?post=46170"},{"taxonomy":"post_tag","embeddable":true,"href":"https:\/\/aeeolica.org\/en\/wp-json\/wp\/v2\/tags?post=46170"}],"curies":[{"name":"wp","href":"https:\/\/api.w.org\/{rel}","templated":true}]}}