{"id":46442,"date":"2022-07-27T14:39:13","date_gmt":"2022-07-27T12:39:13","guid":{"rendered":"https:\/\/aeeolica.org\/?p=46442"},"modified":"2022-07-27T14:39:16","modified_gmt":"2022-07-27T12:39:16","slug":"enerfin-logra-una-financiacion-de-136-millones-de-euros-para-el-desarrollo-de-cuatro-parques-eolicos-en-navarra","status":"publish","type":"post","link":"https:\/\/aeeolica.org\/en\/enerfin-logra-una-financiacion-de-136-millones-de-euros-para-el-desarrollo-de-cuatro-parques-eolicos-en-navarra\/","title":{"rendered":"Enerf\u00edn logra una financiaci\u00f3n de 136 millones de euros para el desarrollo de cuatro parques e\u00f3licos en Navarra"},"content":{"rendered":"\n<p><\/p>\n\n\n\n<p>Enerf\u00edn, filial de energ\u00edas renovables del Grupo Elecnor, ha obtenido un pr\u00e9stamo de 136 millones de euros para financiar la construcci\u00f3n de cuatro parques e\u00f3licos en Navarra. La inversi\u00f3n ha sido otorgada por el fondo dan\u00e9s AIP Infrastructure II que gestiona la firma AIP Management, entre cuyos inversores se encuentran diversos fondos de pensiones daneses.<br><\/p>\n\n\n\n<p>El pr\u00e9stamo, sin recurso al accionista, se ha realizado a trav\u00e9s de un instrumento de deuda a largo plazo y es compatible con otras fuentes de financiaci\u00f3n con las que cuenta la compa\u00f1\u00eda.<br>Enerf\u00edn gestionar\u00e1 los cuatro parques durante su explotaci\u00f3n. Est\u00e1n ubicados en la comarca de La Ribera de Navarra, suman una capacidad de 139,2 MW y producir\u00e1n anualmente unos 431 GWh, reduciendo la<br>emisi\u00f3n de 32.000 toneladas de di\u00f3xido de carbono al a\u00f1o. Est\u00e1 previsto que los parques e\u00f3licos entren en funcionamiento en octubre de 2023.<br><\/p>\n\n\n\n<p>Jos\u00e9 Castellanos, Director General de Enerf\u00edn, ha afirmado: \u201cEstamos muy satisfechos con la participaci\u00f3n de AIP en este proyecto energ\u00e9tico, con el que continuamos construyendo infraestructuras capaces de<br>producir recursos de una forma sostenible. Adem\u00e1s, la confianza de AIP pone de manifiesto, una vez m\u00e1s, el inter\u00e9s de los inversores por este tipo de proyectos\u201d.<br><\/p>\n\n\n\n<p>Por su parte, Kasper Hansen, socio director de AIP Management, ha se\u00f1alado: \u201cTras la reciente apertura de nuestra oficina en Madrid, estamos muy satisfechos de realizar esta primera inversi\u00f3n en el mercado espa\u00f1ol en colaboraci\u00f3n con un socio de gran reputaci\u00f3n y experiencia como Enerf\u00edn. Estamos muy ilusionados de cara al futuro, ya que Espa\u00f1a es un mercado atractivo en el que tenemos un enfoque estrat\u00e9gico para desplegar capital para proyectos de energ\u00edas renovables a trav\u00e9s de nuestro instrumento de financiaci\u00f3n flexible\u201d.<\/p>\n\n\n\n<p>Este proyecto se suma al extenso portfolio de Enerf\u00edn, que en estos momentos desarrolla una cartera de 8,4<br>GW de nuevos proyectos en Espa\u00f1a, Brasil, Canad\u00e1, Colombia, Australia, M\u00e9xico, Chile, Argentina y \u00c1frica<br>subsahariana. La cartera de proyectos se divide en 6,5 GW e\u00f3licos y 1,9 GW solares.<\/p>\n\n\n\n<p>Sostenibilidad<br>Grupo Elecnor es generador de cambio y bienestar. Por ello, es consciente de la importancia que tienen sus<br>actuaciones sobre las personas y el entorno donde desarrolla sus actividades. Su objetivo es maximizar los<br>impactos positivos y minimizar los negativos en la sociedad y el medioambiente, mediante un comportamiento<br>responsable, \u00e9tico y transparente. Este compromiso es inherente a todo el desarrollo de sus actividades y su<br>estrategia empresarial, as\u00ed como en las relaciones con sus grupos de inter\u00e9s.<\/p>\n\n\n\n<figure class=\"wp-block-image size-large\"><img decoding=\"async\" width=\"1024\" height=\"768\" src=\"https:\/\/aeeolica.org\/wp-content\/uploads\/2022\/07\/Parque-Eolico-Montes-del-Cierzo-Tudela-Navarra-1024x768.jpg\" alt=\"\" class=\"wp-image-46440\" srcset=\"https:\/\/aeeolica.org\/wp-content\/uploads\/2022\/07\/Parque-Eolico-Montes-del-Cierzo-Tudela-Navarra-980x735.jpg 980w, https:\/\/aeeolica.org\/wp-content\/uploads\/2022\/07\/Parque-Eolico-Montes-del-Cierzo-Tudela-Navarra-480x360.jpg 480w\" sizes=\"(min-width: 0px) and (max-width: 480px) 480px, (min-width: 481px) and (max-width: 980px) 980px, (min-width: 981px) 1024px, 100vw\" \/><\/figure>\n","protected":false},"excerpt":{"rendered":"<p>Enerf\u00edn, filial de energ\u00edas renovables del Grupo Elecnor, ha obtenido un pr\u00e9stamo de 136 millones de euros para financiar la construcci\u00f3n de cuatro parques e\u00f3licos en Navarra. La inversi\u00f3n ha [&hellip;]<\/p>\n","protected":false},"author":2,"featured_media":0,"comment_status":"open","ping_status":"open","sticky":false,"template":"","format":"standard","meta":{"_acf_changed":false,"_bbp_topic_count":0,"_bbp_reply_count":0,"_bbp_total_topic_count":0,"_bbp_total_reply_count":0,"_bbp_voice_count":0,"_bbp_anonymous_reply_count":0,"_bbp_topic_count_hidden":0,"_bbp_reply_count_hidden":0,"_bbp_forum_subforum_count":0,"_et_pb_use_builder":"","_et_pb_old_content":"","_et_gb_content_width":"","footnotes":""},"categories":[438],"tags":[],"class_list":["post-46442","post","type-post","status-publish","format-standard","hentry","category-newsletter-julio-2022"],"acf":[],"yoast_head":"<!-- This site is optimized with the Yoast SEO plugin v27.4 - https:\/\/yoast.com\/product\/yoast-seo-wordpress\/ -->\n<title>Enerf\u00edn logra una financiaci\u00f3n de 136 millones de euros para el desarrollo de cuatro parques e\u00f3licos en Navarra - Asociaci\u00f3n Empresarial E\u00f3lica<\/title>\n<meta name=\"robots\" content=\"index, follow, max-snippet:-1, max-image-preview:large, max-video-preview:-1\" \/>\n<link rel=\"canonical\" href=\"https:\/\/aeeolica.org\/enerfin-logra-una-financiacion-de-136-millones-de-euros-para-el-desarrollo-de-cuatro-parques-eolicos-en-navarra\/\" \/>\n<meta property=\"og:locale\" content=\"en_US\" \/>\n<meta property=\"og:type\" content=\"article\" \/>\n<meta property=\"og:title\" content=\"Enerf\u00edn logra una financiaci\u00f3n de 136 millones de euros para el desarrollo de cuatro parques e\u00f3licos en Navarra - Asociaci\u00f3n Empresarial E\u00f3lica\" \/>\n<meta property=\"og:description\" content=\"Enerf\u00edn, filial de energ\u00edas renovables del Grupo Elecnor, ha obtenido un pr\u00e9stamo de 136 millones de euros para financiar la construcci\u00f3n de cuatro parques e\u00f3licos en Navarra. La inversi\u00f3n ha [&hellip;]\" \/>\n<meta property=\"og:url\" content=\"https:\/\/aeeolica.org\/enerfin-logra-una-financiacion-de-136-millones-de-euros-para-el-desarrollo-de-cuatro-parques-eolicos-en-navarra\/\" \/>\n<meta property=\"og:site_name\" content=\"Asociaci\u00f3n Empresarial E\u00f3lica\" \/>\n<meta property=\"article:publisher\" content=\"https:\/\/www.facebook.com\/aeeolica\" \/>\n<meta property=\"article:published_time\" content=\"2022-07-27T12:39:13+00:00\" \/>\n<meta property=\"article:modified_time\" content=\"2022-07-27T12:39:16+00:00\" \/>\n<meta property=\"og:image\" content=\"https:\/\/aeeolica.org\/wp-content\/uploads\/2022\/07\/Parque-Eolico-Montes-del-Cierzo-Tudela-Navarra-1024x768.jpg\" \/>\n<meta name=\"author\" content=\"Morante D\u00edaz, Mar\u00eda del Mar\" \/>\n<meta name=\"twitter:card\" content=\"summary_large_image\" \/>\n<meta name=\"twitter:creator\" content=\"@aeeolica\" \/>\n<meta name=\"twitter:site\" content=\"@aeeolica\" \/>\n<meta name=\"twitter:label1\" content=\"Written by\" \/>\n\t<meta name=\"twitter:data1\" content=\"Morante D\u00edaz, Mar\u00eda del Mar\" \/>\n\t<meta name=\"twitter:label2\" content=\"Est. reading time\" \/>\n\t<meta name=\"twitter:data2\" content=\"3 minutes\" \/>\n<script type=\"application\/ld+json\" class=\"yoast-schema-graph\">{\"@context\":\"https:\\\/\\\/schema.org\",\"@graph\":[{\"@type\":\"Article\",\"@id\":\"https:\\\/\\\/aeeolica.org\\\/enerfin-logra-una-financiacion-de-136-millones-de-euros-para-el-desarrollo-de-cuatro-parques-eolicos-en-navarra\\\/#article\",\"isPartOf\":{\"@id\":\"https:\\\/\\\/aeeolica.org\\\/enerfin-logra-una-financiacion-de-136-millones-de-euros-para-el-desarrollo-de-cuatro-parques-eolicos-en-navarra\\\/\"},\"author\":{\"name\":\"Morante D\u00edaz, Mar\u00eda del Mar\",\"@id\":\"https:\\\/\\\/aeeolica.org\\\/#\\\/schema\\\/person\\\/064b26f21f7ed52e0b3854e6b52f9772\"},\"headline\":\"Enerf\u00edn logra una financiaci\u00f3n de 136 millones de euros para el desarrollo de cuatro parques e\u00f3licos en Navarra\",\"datePublished\":\"2022-07-27T12:39:13+00:00\",\"dateModified\":\"2022-07-27T12:39:16+00:00\",\"mainEntityOfPage\":{\"@id\":\"https:\\\/\\\/aeeolica.org\\\/enerfin-logra-una-financiacion-de-136-millones-de-euros-para-el-desarrollo-de-cuatro-parques-eolicos-en-navarra\\\/\"},\"wordCount\":452,\"commentCount\":2,\"publisher\":{\"@id\":\"https:\\\/\\\/aeeolica.org\\\/#organization\"},\"image\":{\"@id\":\"https:\\\/\\\/aeeolica.org\\\/enerfin-logra-una-financiacion-de-136-millones-de-euros-para-el-desarrollo-de-cuatro-parques-eolicos-en-navarra\\\/#primaryimage\"},\"thumbnailUrl\":\"https:\\\/\\\/aeeolica.org\\\/wp-content\\\/uploads\\\/2022\\\/07\\\/Parque-Eolico-Montes-del-Cierzo-Tudela-Navarra-1024x768.jpg\",\"articleSection\":[\"Newsletter Julio 2022\"],\"inLanguage\":\"en-US\",\"potentialAction\":[{\"@type\":\"CommentAction\",\"name\":\"Comment\",\"target\":[\"https:\\\/\\\/aeeolica.org\\\/enerfin-logra-una-financiacion-de-136-millones-de-euros-para-el-desarrollo-de-cuatro-parques-eolicos-en-navarra\\\/#respond\"]}]},{\"@type\":\"WebPage\",\"@id\":\"https:\\\/\\\/aeeolica.org\\\/enerfin-logra-una-financiacion-de-136-millones-de-euros-para-el-desarrollo-de-cuatro-parques-eolicos-en-navarra\\\/\",\"url\":\"https:\\\/\\\/aeeolica.org\\\/enerfin-logra-una-financiacion-de-136-millones-de-euros-para-el-desarrollo-de-cuatro-parques-eolicos-en-navarra\\\/\",\"name\":\"Enerf\u00edn logra una financiaci\u00f3n de 136 millones de euros para el desarrollo de cuatro parques e\u00f3licos en Navarra - Asociaci\u00f3n Empresarial E\u00f3lica\",\"isPartOf\":{\"@id\":\"https:\\\/\\\/aeeolica.org\\\/#website\"},\"primaryImageOfPage\":{\"@id\":\"https:\\\/\\\/aeeolica.org\\\/enerfin-logra-una-financiacion-de-136-millones-de-euros-para-el-desarrollo-de-cuatro-parques-eolicos-en-navarra\\\/#primaryimage\"},\"image\":{\"@id\":\"https:\\\/\\\/aeeolica.org\\\/enerfin-logra-una-financiacion-de-136-millones-de-euros-para-el-desarrollo-de-cuatro-parques-eolicos-en-navarra\\\/#primaryimage\"},\"thumbnailUrl\":\"https:\\\/\\\/aeeolica.org\\\/wp-content\\\/uploads\\\/2022\\\/07\\\/Parque-Eolico-Montes-del-Cierzo-Tudela-Navarra-1024x768.jpg\",\"datePublished\":\"2022-07-27T12:39:13+00:00\",\"dateModified\":\"2022-07-27T12:39:16+00:00\",\"breadcrumb\":{\"@id\":\"https:\\\/\\\/aeeolica.org\\\/enerfin-logra-una-financiacion-de-136-millones-de-euros-para-el-desarrollo-de-cuatro-parques-eolicos-en-navarra\\\/#breadcrumb\"},\"inLanguage\":\"en-US\",\"potentialAction\":[{\"@type\":\"ReadAction\",\"target\":[\"https:\\\/\\\/aeeolica.org\\\/enerfin-logra-una-financiacion-de-136-millones-de-euros-para-el-desarrollo-de-cuatro-parques-eolicos-en-navarra\\\/\"]}]},{\"@type\":\"ImageObject\",\"inLanguage\":\"en-US\",\"@id\":\"https:\\\/\\\/aeeolica.org\\\/enerfin-logra-una-financiacion-de-136-millones-de-euros-para-el-desarrollo-de-cuatro-parques-eolicos-en-navarra\\\/#primaryimage\",\"url\":\"https:\\\/\\\/aeeolica.org\\\/wp-content\\\/uploads\\\/2022\\\/07\\\/Parque-Eolico-Montes-del-Cierzo-Tudela-Navarra-1024x768.jpg\",\"contentUrl\":\"https:\\\/\\\/aeeolica.org\\\/wp-content\\\/uploads\\\/2022\\\/07\\\/Parque-Eolico-Montes-del-Cierzo-Tudela-Navarra-1024x768.jpg\"},{\"@type\":\"BreadcrumbList\",\"@id\":\"https:\\\/\\\/aeeolica.org\\\/enerfin-logra-una-financiacion-de-136-millones-de-euros-para-el-desarrollo-de-cuatro-parques-eolicos-en-navarra\\\/#breadcrumb\",\"itemListElement\":[{\"@type\":\"ListItem\",\"position\":1,\"name\":\"Portada\",\"item\":\"https:\\\/\\\/aeeolica.org\\\/en\\\/inicio\\\/\"},{\"@type\":\"ListItem\",\"position\":2,\"name\":\"Enerf\u00edn logra una financiaci\u00f3n de 136 millones de euros para el desarrollo de cuatro parques e\u00f3licos en Navarra\"}]},{\"@type\":\"WebSite\",\"@id\":\"https:\\\/\\\/aeeolica.org\\\/#website\",\"url\":\"https:\\\/\\\/aeeolica.org\\\/\",\"name\":\"Asociaci\u00f3n Empresarial E\u00f3lica\",\"description\":\"AEE Asociaci\u00f3n Empresarial E\u00f3lica\",\"publisher\":{\"@id\":\"https:\\\/\\\/aeeolica.org\\\/#organization\"},\"potentialAction\":[{\"@type\":\"SearchAction\",\"target\":{\"@type\":\"EntryPoint\",\"urlTemplate\":\"https:\\\/\\\/aeeolica.org\\\/?s={search_term_string}\"},\"query-input\":{\"@type\":\"PropertyValueSpecification\",\"valueRequired\":true,\"valueName\":\"search_term_string\"}}],\"inLanguage\":\"en-US\"},{\"@type\":\"Organization\",\"@id\":\"https:\\\/\\\/aeeolica.org\\\/#organization\",\"name\":\"Asociaci\u00f3n Empresarial E\u00f3lica\",\"url\":\"https:\\\/\\\/aeeolica.org\\\/\",\"logo\":{\"@type\":\"ImageObject\",\"inLanguage\":\"en-US\",\"@id\":\"https:\\\/\\\/aeeolica.org\\\/#\\\/schema\\\/logo\\\/image\\\/\",\"url\":\"https:\\\/\\\/aeeolica.org\\\/wp-content\\\/uploads\\\/2021\\\/08\\\/logo-aee.png\",\"contentUrl\":\"https:\\\/\\\/aeeolica.org\\\/wp-content\\\/uploads\\\/2021\\\/08\\\/logo-aee.png\",\"width\":180,\"height\":78,\"caption\":\"Asociaci\u00f3n Empresarial E\u00f3lica\"},\"image\":{\"@id\":\"https:\\\/\\\/aeeolica.org\\\/#\\\/schema\\\/logo\\\/image\\\/\"},\"sameAs\":[\"https:\\\/\\\/www.facebook.com\\\/aeeolica\",\"https:\\\/\\\/x.com\\\/aeeolica\",\"https:\\\/\\\/www.instagram.com\\\/aeeolica\\\/\",\"https:\\\/\\\/www.linkedin.com\\\/in\\\/aee-asociaci\u00f3n-empresarial-e\u00f3lica-6830946b\\\/\",\"https:\\\/\\\/www.youtube.com\\\/user\\\/AEEolica\"]},{\"@type\":\"Person\",\"@id\":\"https:\\\/\\\/aeeolica.org\\\/#\\\/schema\\\/person\\\/064b26f21f7ed52e0b3854e6b52f9772\",\"name\":\"Morante D\u00edaz, Mar\u00eda del Mar\",\"image\":{\"@type\":\"ImageObject\",\"inLanguage\":\"en-US\",\"@id\":\"https:\\\/\\\/secure.gravatar.com\\\/avatar\\\/8bfd23e1c4bf5aa0b9314f1c5c9d644e62672831e6a512513954c3f15dffdd5a?s=96&d=mm&r=g\",\"url\":\"https:\\\/\\\/secure.gravatar.com\\\/avatar\\\/8bfd23e1c4bf5aa0b9314f1c5c9d644e62672831e6a512513954c3f15dffdd5a?s=96&d=mm&r=g\",\"contentUrl\":\"https:\\\/\\\/secure.gravatar.com\\\/avatar\\\/8bfd23e1c4bf5aa0b9314f1c5c9d644e62672831e6a512513954c3f15dffdd5a?s=96&d=mm&r=g\",\"caption\":\"Morante D\u00edaz, Mar\u00eda del Mar\"},\"url\":\"https:\\\/\\\/aeeolica.org\\\/en\\\/author\\\/mar\\\/\"}]}<\/script>\n<!-- \/ Yoast SEO plugin. -->","yoast_head_json":{"title":"Enerf\u00edn logra una financiaci\u00f3n de 136 millones de euros para el desarrollo de cuatro parques e\u00f3licos en Navarra - Asociaci\u00f3n Empresarial E\u00f3lica","robots":{"index":"index","follow":"follow","max-snippet":"max-snippet:-1","max-image-preview":"max-image-preview:large","max-video-preview":"max-video-preview:-1"},"canonical":"https:\/\/aeeolica.org\/enerfin-logra-una-financiacion-de-136-millones-de-euros-para-el-desarrollo-de-cuatro-parques-eolicos-en-navarra\/","og_locale":"en_US","og_type":"article","og_title":"Enerf\u00edn logra una financiaci\u00f3n de 136 millones de euros para el desarrollo de cuatro parques e\u00f3licos en Navarra - Asociaci\u00f3n Empresarial E\u00f3lica","og_description":"Enerf\u00edn, filial de energ\u00edas renovables del Grupo Elecnor, ha obtenido un pr\u00e9stamo de 136 millones de euros para financiar la construcci\u00f3n de cuatro parques e\u00f3licos en Navarra. La inversi\u00f3n ha [&hellip;]","og_url":"https:\/\/aeeolica.org\/enerfin-logra-una-financiacion-de-136-millones-de-euros-para-el-desarrollo-de-cuatro-parques-eolicos-en-navarra\/","og_site_name":"Asociaci\u00f3n Empresarial E\u00f3lica","article_publisher":"https:\/\/www.facebook.com\/aeeolica","article_published_time":"2022-07-27T12:39:13+00:00","article_modified_time":"2022-07-27T12:39:16+00:00","og_image":[{"url":"https:\/\/aeeolica.org\/wp-content\/uploads\/2022\/07\/Parque-Eolico-Montes-del-Cierzo-Tudela-Navarra-1024x768.jpg","type":"","width":"","height":""}],"author":"Morante D\u00edaz, Mar\u00eda del Mar","twitter_card":"summary_large_image","twitter_creator":"@aeeolica","twitter_site":"@aeeolica","twitter_misc":{"Written by":"Morante D\u00edaz, Mar\u00eda del Mar","Est. reading time":"3 minutes"},"schema":{"@context":"https:\/\/schema.org","@graph":[{"@type":"Article","@id":"https:\/\/aeeolica.org\/enerfin-logra-una-financiacion-de-136-millones-de-euros-para-el-desarrollo-de-cuatro-parques-eolicos-en-navarra\/#article","isPartOf":{"@id":"https:\/\/aeeolica.org\/enerfin-logra-una-financiacion-de-136-millones-de-euros-para-el-desarrollo-de-cuatro-parques-eolicos-en-navarra\/"},"author":{"name":"Morante D\u00edaz, Mar\u00eda del Mar","@id":"https:\/\/aeeolica.org\/#\/schema\/person\/064b26f21f7ed52e0b3854e6b52f9772"},"headline":"Enerf\u00edn logra una financiaci\u00f3n de 136 millones de euros para el desarrollo de cuatro parques e\u00f3licos en Navarra","datePublished":"2022-07-27T12:39:13+00:00","dateModified":"2022-07-27T12:39:16+00:00","mainEntityOfPage":{"@id":"https:\/\/aeeolica.org\/enerfin-logra-una-financiacion-de-136-millones-de-euros-para-el-desarrollo-de-cuatro-parques-eolicos-en-navarra\/"},"wordCount":452,"commentCount":2,"publisher":{"@id":"https:\/\/aeeolica.org\/#organization"},"image":{"@id":"https:\/\/aeeolica.org\/enerfin-logra-una-financiacion-de-136-millones-de-euros-para-el-desarrollo-de-cuatro-parques-eolicos-en-navarra\/#primaryimage"},"thumbnailUrl":"https:\/\/aeeolica.org\/wp-content\/uploads\/2022\/07\/Parque-Eolico-Montes-del-Cierzo-Tudela-Navarra-1024x768.jpg","articleSection":["Newsletter Julio 2022"],"inLanguage":"en-US","potentialAction":[{"@type":"CommentAction","name":"Comment","target":["https:\/\/aeeolica.org\/enerfin-logra-una-financiacion-de-136-millones-de-euros-para-el-desarrollo-de-cuatro-parques-eolicos-en-navarra\/#respond"]}]},{"@type":"WebPage","@id":"https:\/\/aeeolica.org\/enerfin-logra-una-financiacion-de-136-millones-de-euros-para-el-desarrollo-de-cuatro-parques-eolicos-en-navarra\/","url":"https:\/\/aeeolica.org\/enerfin-logra-una-financiacion-de-136-millones-de-euros-para-el-desarrollo-de-cuatro-parques-eolicos-en-navarra\/","name":"Enerf\u00edn logra una financiaci\u00f3n de 136 millones de euros para el desarrollo de cuatro parques e\u00f3licos en Navarra - Asociaci\u00f3n Empresarial E\u00f3lica","isPartOf":{"@id":"https:\/\/aeeolica.org\/#website"},"primaryImageOfPage":{"@id":"https:\/\/aeeolica.org\/enerfin-logra-una-financiacion-de-136-millones-de-euros-para-el-desarrollo-de-cuatro-parques-eolicos-en-navarra\/#primaryimage"},"image":{"@id":"https:\/\/aeeolica.org\/enerfin-logra-una-financiacion-de-136-millones-de-euros-para-el-desarrollo-de-cuatro-parques-eolicos-en-navarra\/#primaryimage"},"thumbnailUrl":"https:\/\/aeeolica.org\/wp-content\/uploads\/2022\/07\/Parque-Eolico-Montes-del-Cierzo-Tudela-Navarra-1024x768.jpg","datePublished":"2022-07-27T12:39:13+00:00","dateModified":"2022-07-27T12:39:16+00:00","breadcrumb":{"@id":"https:\/\/aeeolica.org\/enerfin-logra-una-financiacion-de-136-millones-de-euros-para-el-desarrollo-de-cuatro-parques-eolicos-en-navarra\/#breadcrumb"},"inLanguage":"en-US","potentialAction":[{"@type":"ReadAction","target":["https:\/\/aeeolica.org\/enerfin-logra-una-financiacion-de-136-millones-de-euros-para-el-desarrollo-de-cuatro-parques-eolicos-en-navarra\/"]}]},{"@type":"ImageObject","inLanguage":"en-US","@id":"https:\/\/aeeolica.org\/enerfin-logra-una-financiacion-de-136-millones-de-euros-para-el-desarrollo-de-cuatro-parques-eolicos-en-navarra\/#primaryimage","url":"https:\/\/aeeolica.org\/wp-content\/uploads\/2022\/07\/Parque-Eolico-Montes-del-Cierzo-Tudela-Navarra-1024x768.jpg","contentUrl":"https:\/\/aeeolica.org\/wp-content\/uploads\/2022\/07\/Parque-Eolico-Montes-del-Cierzo-Tudela-Navarra-1024x768.jpg"},{"@type":"BreadcrumbList","@id":"https:\/\/aeeolica.org\/enerfin-logra-una-financiacion-de-136-millones-de-euros-para-el-desarrollo-de-cuatro-parques-eolicos-en-navarra\/#breadcrumb","itemListElement":[{"@type":"ListItem","position":1,"name":"Portada","item":"https:\/\/aeeolica.org\/en\/inicio\/"},{"@type":"ListItem","position":2,"name":"Enerf\u00edn logra una financiaci\u00f3n de 136 millones de euros para el desarrollo de cuatro parques e\u00f3licos en Navarra"}]},{"@type":"WebSite","@id":"https:\/\/aeeolica.org\/#website","url":"https:\/\/aeeolica.org\/","name":"Asociaci\u00f3n Empresarial E\u00f3lica","description":"AEE Asociaci\u00f3n Empresarial E\u00f3lica","publisher":{"@id":"https:\/\/aeeolica.org\/#organization"},"potentialAction":[{"@type":"SearchAction","target":{"@type":"EntryPoint","urlTemplate":"https:\/\/aeeolica.org\/?s={search_term_string}"},"query-input":{"@type":"PropertyValueSpecification","valueRequired":true,"valueName":"search_term_string"}}],"inLanguage":"en-US"},{"@type":"Organization","@id":"https:\/\/aeeolica.org\/#organization","name":"Asociaci\u00f3n Empresarial E\u00f3lica","url":"https:\/\/aeeolica.org\/","logo":{"@type":"ImageObject","inLanguage":"en-US","@id":"https:\/\/aeeolica.org\/#\/schema\/logo\/image\/","url":"https:\/\/aeeolica.org\/wp-content\/uploads\/2021\/08\/logo-aee.png","contentUrl":"https:\/\/aeeolica.org\/wp-content\/uploads\/2021\/08\/logo-aee.png","width":180,"height":78,"caption":"Asociaci\u00f3n Empresarial E\u00f3lica"},"image":{"@id":"https:\/\/aeeolica.org\/#\/schema\/logo\/image\/"},"sameAs":["https:\/\/www.facebook.com\/aeeolica","https:\/\/x.com\/aeeolica","https:\/\/www.instagram.com\/aeeolica\/","https:\/\/www.linkedin.com\/in\/aee-asociaci\u00f3n-empresarial-e\u00f3lica-6830946b\/","https:\/\/www.youtube.com\/user\/AEEolica"]},{"@type":"Person","@id":"https:\/\/aeeolica.org\/#\/schema\/person\/064b26f21f7ed52e0b3854e6b52f9772","name":"Morante D\u00edaz, Mar\u00eda del Mar","image":{"@type":"ImageObject","inLanguage":"en-US","@id":"https:\/\/secure.gravatar.com\/avatar\/8bfd23e1c4bf5aa0b9314f1c5c9d644e62672831e6a512513954c3f15dffdd5a?s=96&d=mm&r=g","url":"https:\/\/secure.gravatar.com\/avatar\/8bfd23e1c4bf5aa0b9314f1c5c9d644e62672831e6a512513954c3f15dffdd5a?s=96&d=mm&r=g","contentUrl":"https:\/\/secure.gravatar.com\/avatar\/8bfd23e1c4bf5aa0b9314f1c5c9d644e62672831e6a512513954c3f15dffdd5a?s=96&d=mm&r=g","caption":"Morante D\u00edaz, Mar\u00eda del Mar"},"url":"https:\/\/aeeolica.org\/en\/author\/mar\/"}]}},"_links":{"self":[{"href":"https:\/\/aeeolica.org\/en\/wp-json\/wp\/v2\/posts\/46442","targetHints":{"allow":["GET"]}}],"collection":[{"href":"https:\/\/aeeolica.org\/en\/wp-json\/wp\/v2\/posts"}],"about":[{"href":"https:\/\/aeeolica.org\/en\/wp-json\/wp\/v2\/types\/post"}],"author":[{"embeddable":true,"href":"https:\/\/aeeolica.org\/en\/wp-json\/wp\/v2\/users\/2"}],"replies":[{"embeddable":true,"href":"https:\/\/aeeolica.org\/en\/wp-json\/wp\/v2\/comments?post=46442"}],"version-history":[{"count":0,"href":"https:\/\/aeeolica.org\/en\/wp-json\/wp\/v2\/posts\/46442\/revisions"}],"wp:attachment":[{"href":"https:\/\/aeeolica.org\/en\/wp-json\/wp\/v2\/media?parent=46442"}],"wp:term":[{"taxonomy":"category","embeddable":true,"href":"https:\/\/aeeolica.org\/en\/wp-json\/wp\/v2\/categories?post=46442"},{"taxonomy":"post_tag","embeddable":true,"href":"https:\/\/aeeolica.org\/en\/wp-json\/wp\/v2\/tags?post=46442"}],"curies":[{"name":"wp","href":"https:\/\/api.w.org\/{rel}","templated":true}]}}