{"id":46481,"date":"2022-07-27T15:42:04","date_gmt":"2022-07-27T13:42:04","guid":{"rendered":"https:\/\/aeeolica.org\/?p=46481"},"modified":"2022-07-27T15:42:06","modified_gmt":"2022-07-27T13:42:06","slug":"ecoener-abastecera-a-toda-la-isla-de-la-gomera-con-energia-eolica-renovable","status":"publish","type":"post","link":"https:\/\/aeeolica.org\/en\/ecoener-abastecera-a-toda-la-isla-de-la-gomera-con-energia-eolica-renovable\/","title":{"rendered":"Ecoener abastecer\u00e1 a toda la isla de La Gomera con energ\u00eda e\u00f3lica renovable"},"content":{"rendered":"\n<p>Ecoener, la empresa multinacional gallega de energ\u00edas renovables, abastecer\u00e1 a toda la isla de La Gomera con energ\u00eda 100% sostenible gracias a cinco nuevos parques e\u00f3licos que se encuentran en construcci\u00f3n.<\/p>\n\n\n\n<p>Las instalaciones, que contar\u00e1n con una potencia total de 12 MW y una inversi\u00f3n pr\u00f3xima a los 17 millones de euros, refuerzan la posici\u00f3n de Ecoener como l\u00edder en energ\u00edas renovables en las Islas Canarias, donde la compa\u00f1\u00eda est\u00e1 presente desde hace 20 a\u00f1os.<\/p>\n\n\n\n<p>El presidente de Ecoener, Luis de Valdivia, subray\u00f3 \u201cla importancia de Canarias en la cartera de activos de la compa\u00f1\u00eda\u201d y se\u00f1al\u00f3 que \u201ces un orgullo para nuestra empresa poder contribuir al proyecto La Gomera 100% Sostenible, promovido por el Cabildo y el gobierno de Canarias\u201d.<\/p>\n\n\n\n<p>Ecoener ya tiene en la Comunidad Canaria 81 MW en producci\u00f3n y prev\u00e9 instalar en los pr\u00f3ximos meses otros 47 MW \u2013incluidos los 12 MW de La Gomera-, para alcanzar a final de a\u00f1o un total de 128 MW.<\/p>\n\n\n\n<p>Desde 2020, las inversiones del grupo en Canarias ascienden a 85 millones de euros. Solo en 2022, las inversiones previstas en todos los parques canarios se sit\u00faan en 38,7 millones de euros.<\/p>\n\n\n\n<p><a>Los nuevos parques de La Gomera cuentan con capacidad para abastecer de energ\u00eda renovable a casi 11.000 hogares, superando la demanda actual de la isla, y evitar\u00e1n la emisi\u00f3n de m\u00e1s de 23.000 toneladas de CO2 a la atm\u00f3sfera<\/a>, una significativa contribuci\u00f3n a la descarbonizaci\u00f3n total de Canarias prevista para 2040.<\/p>\n\n\n\n<p>Situados en el municipio de San Sebasti\u00e1n de la Gomera, entrar\u00e1n en operaci\u00f3n a lo largo de 2022 y contar\u00e1n con las \u00faltimas innovaciones en aspectos que abarcan tanto la mejora de la eficiencia energ\u00e9tica como la protecci\u00f3n del medioambiente. Adem\u00e1s, los parques estar\u00e1n equipados con los aerogeneradores Enercon E-82 E4 y est\u00e1 previsto que el montaje comience a finales de verano, atendiendo a las condiciones de viento en la zona.<\/p>\n\n\n\n<p>En el acto celebrado en San Sebasti\u00e1n de La Gomera, han participado el presidente de Canarias, \u00c1ngel V\u00edctor Torres, junto al consejero de Transici\u00f3n Ecol\u00f3gica, Lucha contra el Cambio Clim\u00e1tico y Planificaci\u00f3n Territorial, Jos\u00e9 Antonio Valbuena; el presidente del Cabildo de La Gomera, Casimiro Curbelo, y el alcalde de San Sebasti\u00e1n de La Gomera, Adasat Reyes, entre otras autoridades y representantes de organizaciones empresariales y sociales de la isla.<\/p>\n\n\n\n<p><strong>Ecoener en el mundo<\/strong><\/p>\n\n\n\n<p>Ecoener desarrolla actividades en 10 pa\u00edses de Europa, Am\u00e9rica y \u00c1frica. En Am\u00e9rica, el grupo multinacional gallego de renovables est\u00e1 desarrollando proyectos en Rep\u00fablica Dominicana, Colombia o Panam\u00e1, entre otros pa\u00edses.<\/p>\n\n\n\n<p>En la actualidad, su cartera de activos en Espa\u00f1a est\u00e1 compuesta por 7 centrales hidr\u00e1ulicas, 13 plantas fotovoltaicas y 9 parques e\u00f3licos. La empresa tiene previsto invertir m\u00e1s de 212 millones de euros a lo largo de 2022 -51,8 millones en 2021-, de los cuales 70,7 millones corresponden a proyectos con fecha de entrada en operaci\u00f3n comercial a lo largo del a\u00f1o 2023.<\/p>\n\n\n\n<p>M\u00e1s sobre Ecoener<\/p>\n\n\n\n<p>Ecoener es el resultado de un proyecto empresarial iniciado hace m\u00e1s de 30 a\u00f1os por Luis de Valdivia, presidente y fundador, con el objetivo de promocionar y desarrollar las energ\u00edas renovables en Espa\u00f1a y en otros pa\u00edses del mundo.<\/p>\n\n\n\n<p>Ecoener alcanz\u00f3 en 2021 unos ingresos de 39,9 millones, un 20% m\u00e1s que el a\u00f1o anterior. El Ebitda ajustado en 2021 llega a los 22,5 millones de \u20ac, frente a los 17,9 millones de 2020 y cuenta con una plantilla de m\u00e1s de 100 personas.<\/p>\n\n\n\n<p>El 30% del capital de Ecoener cotiza en Bolsa desde el 4 de mayo de 2021. La salida a Bolsa supuso el respaldo de importantes grupos inversores espa\u00f1oles e internacionales a la estrategia de crecimiento y a la gesti\u00f3n de la empresa.<\/p>\n\n\n\n<figure class=\"wp-block-image size-large\"><img decoding=\"async\" width=\"1024\" height=\"659\" src=\"https:\/\/aeeolica.org\/wp-content\/uploads\/2022\/07\/ACTO_LA-GOMERA_ECOENER-1024x659.jpg\" alt=\"\" class=\"wp-image-46482\" srcset=\"https:\/\/aeeolica.org\/wp-content\/uploads\/2022\/07\/ACTO_LA-GOMERA_ECOENER-980x630.jpg 980w, https:\/\/aeeolica.org\/wp-content\/uploads\/2022\/07\/ACTO_LA-GOMERA_ECOENER-480x309.jpg 480w\" sizes=\"(min-width: 0px) and (max-width: 480px) 480px, (min-width: 481px) and (max-width: 980px) 980px, (min-width: 981px) 1024px, 100vw\" \/><\/figure>\n","protected":false},"excerpt":{"rendered":"<p>Ecoener, la empresa multinacional gallega de energ\u00edas renovables, abastecer\u00e1 a toda la isla de La Gomera con energ\u00eda 100% sostenible gracias a cinco nuevos parques e\u00f3licos que se encuentran en [&hellip;]<\/p>\n","protected":false},"author":2,"featured_media":0,"comment_status":"open","ping_status":"open","sticky":false,"template":"","format":"standard","meta":{"_acf_changed":false,"_bbp_topic_count":0,"_bbp_reply_count":0,"_bbp_total_topic_count":0,"_bbp_total_reply_count":0,"_bbp_voice_count":0,"_bbp_anonymous_reply_count":0,"_bbp_topic_count_hidden":0,"_bbp_reply_count_hidden":0,"_bbp_forum_subforum_count":0,"_et_pb_use_builder":"","_et_pb_old_content":"","_et_gb_content_width":"","footnotes":""},"categories":[438],"tags":[],"class_list":["post-46481","post","type-post","status-publish","format-standard","hentry","category-newsletter-julio-2022"],"acf":[],"yoast_head":"<!-- This site is optimized with the Yoast SEO plugin v27.4 - https:\/\/yoast.com\/product\/yoast-seo-wordpress\/ -->\n<title>Ecoener abastecer\u00e1 a toda la isla de La Gomera con energ\u00eda e\u00f3lica renovable - Asociaci\u00f3n Empresarial E\u00f3lica<\/title>\n<meta name=\"robots\" content=\"index, follow, max-snippet:-1, max-image-preview:large, max-video-preview:-1\" \/>\n<link rel=\"canonical\" href=\"https:\/\/aeeolica.org\/ecoener-abastecera-a-toda-la-isla-de-la-gomera-con-energia-eolica-renovable\/\" \/>\n<meta property=\"og:locale\" content=\"en_US\" \/>\n<meta property=\"og:type\" content=\"article\" \/>\n<meta property=\"og:title\" content=\"Ecoener abastecer\u00e1 a toda la isla de La Gomera con energ\u00eda e\u00f3lica renovable - Asociaci\u00f3n Empresarial E\u00f3lica\" \/>\n<meta property=\"og:description\" content=\"Ecoener, la empresa multinacional gallega de energ\u00edas renovables, abastecer\u00e1 a toda la isla de La Gomera con energ\u00eda 100% sostenible gracias a cinco nuevos parques e\u00f3licos que se encuentran en [&hellip;]\" \/>\n<meta property=\"og:url\" content=\"https:\/\/aeeolica.org\/ecoener-abastecera-a-toda-la-isla-de-la-gomera-con-energia-eolica-renovable\/\" \/>\n<meta property=\"og:site_name\" content=\"Asociaci\u00f3n Empresarial E\u00f3lica\" \/>\n<meta property=\"article:publisher\" content=\"https:\/\/www.facebook.com\/aeeolica\" \/>\n<meta property=\"article:published_time\" content=\"2022-07-27T13:42:04+00:00\" \/>\n<meta property=\"article:modified_time\" content=\"2022-07-27T13:42:06+00:00\" \/>\n<meta property=\"og:image\" content=\"https:\/\/aeeolica.org\/wp-content\/uploads\/2022\/07\/ACTO_LA-GOMERA_ECOENER-1024x659.jpg\" \/>\n<meta name=\"author\" content=\"Morante D\u00edaz, Mar\u00eda del Mar\" \/>\n<meta name=\"twitter:card\" content=\"summary_large_image\" \/>\n<meta name=\"twitter:creator\" content=\"@aeeolica\" \/>\n<meta name=\"twitter:site\" content=\"@aeeolica\" \/>\n<meta name=\"twitter:label1\" content=\"Written by\" \/>\n\t<meta name=\"twitter:data1\" content=\"Morante D\u00edaz, Mar\u00eda del Mar\" \/>\n\t<meta name=\"twitter:label2\" content=\"Est. reading time\" \/>\n\t<meta name=\"twitter:data2\" content=\"3 minutes\" \/>\n<script type=\"application\/ld+json\" class=\"yoast-schema-graph\">{\"@context\":\"https:\\\/\\\/schema.org\",\"@graph\":[{\"@type\":\"Article\",\"@id\":\"https:\\\/\\\/aeeolica.org\\\/ecoener-abastecera-a-toda-la-isla-de-la-gomera-con-energia-eolica-renovable\\\/#article\",\"isPartOf\":{\"@id\":\"https:\\\/\\\/aeeolica.org\\\/ecoener-abastecera-a-toda-la-isla-de-la-gomera-con-energia-eolica-renovable\\\/\"},\"author\":{\"name\":\"Morante D\u00edaz, Mar\u00eda del Mar\",\"@id\":\"https:\\\/\\\/aeeolica.org\\\/#\\\/schema\\\/person\\\/064b26f21f7ed52e0b3854e6b52f9772\"},\"headline\":\"Ecoener abastecer\u00e1 a toda la isla de La Gomera con energ\u00eda e\u00f3lica renovable\",\"datePublished\":\"2022-07-27T13:42:04+00:00\",\"dateModified\":\"2022-07-27T13:42:06+00:00\",\"mainEntityOfPage\":{\"@id\":\"https:\\\/\\\/aeeolica.org\\\/ecoener-abastecera-a-toda-la-isla-de-la-gomera-con-energia-eolica-renovable\\\/\"},\"wordCount\":649,\"commentCount\":2,\"publisher\":{\"@id\":\"https:\\\/\\\/aeeolica.org\\\/#organization\"},\"image\":{\"@id\":\"https:\\\/\\\/aeeolica.org\\\/ecoener-abastecera-a-toda-la-isla-de-la-gomera-con-energia-eolica-renovable\\\/#primaryimage\"},\"thumbnailUrl\":\"https:\\\/\\\/aeeolica.org\\\/wp-content\\\/uploads\\\/2022\\\/07\\\/ACTO_LA-GOMERA_ECOENER-1024x659.jpg\",\"articleSection\":[\"Newsletter Julio 2022\"],\"inLanguage\":\"en-US\",\"potentialAction\":[{\"@type\":\"CommentAction\",\"name\":\"Comment\",\"target\":[\"https:\\\/\\\/aeeolica.org\\\/ecoener-abastecera-a-toda-la-isla-de-la-gomera-con-energia-eolica-renovable\\\/#respond\"]}]},{\"@type\":\"WebPage\",\"@id\":\"https:\\\/\\\/aeeolica.org\\\/ecoener-abastecera-a-toda-la-isla-de-la-gomera-con-energia-eolica-renovable\\\/\",\"url\":\"https:\\\/\\\/aeeolica.org\\\/ecoener-abastecera-a-toda-la-isla-de-la-gomera-con-energia-eolica-renovable\\\/\",\"name\":\"Ecoener abastecer\u00e1 a toda la isla de La Gomera con energ\u00eda e\u00f3lica renovable - Asociaci\u00f3n Empresarial E\u00f3lica\",\"isPartOf\":{\"@id\":\"https:\\\/\\\/aeeolica.org\\\/#website\"},\"primaryImageOfPage\":{\"@id\":\"https:\\\/\\\/aeeolica.org\\\/ecoener-abastecera-a-toda-la-isla-de-la-gomera-con-energia-eolica-renovable\\\/#primaryimage\"},\"image\":{\"@id\":\"https:\\\/\\\/aeeolica.org\\\/ecoener-abastecera-a-toda-la-isla-de-la-gomera-con-energia-eolica-renovable\\\/#primaryimage\"},\"thumbnailUrl\":\"https:\\\/\\\/aeeolica.org\\\/wp-content\\\/uploads\\\/2022\\\/07\\\/ACTO_LA-GOMERA_ECOENER-1024x659.jpg\",\"datePublished\":\"2022-07-27T13:42:04+00:00\",\"dateModified\":\"2022-07-27T13:42:06+00:00\",\"breadcrumb\":{\"@id\":\"https:\\\/\\\/aeeolica.org\\\/ecoener-abastecera-a-toda-la-isla-de-la-gomera-con-energia-eolica-renovable\\\/#breadcrumb\"},\"inLanguage\":\"en-US\",\"potentialAction\":[{\"@type\":\"ReadAction\",\"target\":[\"https:\\\/\\\/aeeolica.org\\\/ecoener-abastecera-a-toda-la-isla-de-la-gomera-con-energia-eolica-renovable\\\/\"]}]},{\"@type\":\"ImageObject\",\"inLanguage\":\"en-US\",\"@id\":\"https:\\\/\\\/aeeolica.org\\\/ecoener-abastecera-a-toda-la-isla-de-la-gomera-con-energia-eolica-renovable\\\/#primaryimage\",\"url\":\"https:\\\/\\\/aeeolica.org\\\/wp-content\\\/uploads\\\/2022\\\/07\\\/ACTO_LA-GOMERA_ECOENER-1024x659.jpg\",\"contentUrl\":\"https:\\\/\\\/aeeolica.org\\\/wp-content\\\/uploads\\\/2022\\\/07\\\/ACTO_LA-GOMERA_ECOENER-1024x659.jpg\"},{\"@type\":\"BreadcrumbList\",\"@id\":\"https:\\\/\\\/aeeolica.org\\\/ecoener-abastecera-a-toda-la-isla-de-la-gomera-con-energia-eolica-renovable\\\/#breadcrumb\",\"itemListElement\":[{\"@type\":\"ListItem\",\"position\":1,\"name\":\"Portada\",\"item\":\"https:\\\/\\\/aeeolica.org\\\/en\\\/inicio\\\/\"},{\"@type\":\"ListItem\",\"position\":2,\"name\":\"Ecoener abastecer\u00e1 a toda la isla de La Gomera con energ\u00eda e\u00f3lica renovable\"}]},{\"@type\":\"WebSite\",\"@id\":\"https:\\\/\\\/aeeolica.org\\\/#website\",\"url\":\"https:\\\/\\\/aeeolica.org\\\/\",\"name\":\"Asociaci\u00f3n Empresarial E\u00f3lica\",\"description\":\"AEE Asociaci\u00f3n Empresarial E\u00f3lica\",\"publisher\":{\"@id\":\"https:\\\/\\\/aeeolica.org\\\/#organization\"},\"potentialAction\":[{\"@type\":\"SearchAction\",\"target\":{\"@type\":\"EntryPoint\",\"urlTemplate\":\"https:\\\/\\\/aeeolica.org\\\/?s={search_term_string}\"},\"query-input\":{\"@type\":\"PropertyValueSpecification\",\"valueRequired\":true,\"valueName\":\"search_term_string\"}}],\"inLanguage\":\"en-US\"},{\"@type\":\"Organization\",\"@id\":\"https:\\\/\\\/aeeolica.org\\\/#organization\",\"name\":\"Asociaci\u00f3n Empresarial E\u00f3lica\",\"url\":\"https:\\\/\\\/aeeolica.org\\\/\",\"logo\":{\"@type\":\"ImageObject\",\"inLanguage\":\"en-US\",\"@id\":\"https:\\\/\\\/aeeolica.org\\\/#\\\/schema\\\/logo\\\/image\\\/\",\"url\":\"https:\\\/\\\/aeeolica.org\\\/wp-content\\\/uploads\\\/2021\\\/08\\\/logo-aee.png\",\"contentUrl\":\"https:\\\/\\\/aeeolica.org\\\/wp-content\\\/uploads\\\/2021\\\/08\\\/logo-aee.png\",\"width\":180,\"height\":78,\"caption\":\"Asociaci\u00f3n Empresarial E\u00f3lica\"},\"image\":{\"@id\":\"https:\\\/\\\/aeeolica.org\\\/#\\\/schema\\\/logo\\\/image\\\/\"},\"sameAs\":[\"https:\\\/\\\/www.facebook.com\\\/aeeolica\",\"https:\\\/\\\/x.com\\\/aeeolica\",\"https:\\\/\\\/www.instagram.com\\\/aeeolica\\\/\",\"https:\\\/\\\/www.linkedin.com\\\/in\\\/aee-asociaci\u00f3n-empresarial-e\u00f3lica-6830946b\\\/\",\"https:\\\/\\\/www.youtube.com\\\/user\\\/AEEolica\"]},{\"@type\":\"Person\",\"@id\":\"https:\\\/\\\/aeeolica.org\\\/#\\\/schema\\\/person\\\/064b26f21f7ed52e0b3854e6b52f9772\",\"name\":\"Morante D\u00edaz, Mar\u00eda del Mar\",\"image\":{\"@type\":\"ImageObject\",\"inLanguage\":\"en-US\",\"@id\":\"https:\\\/\\\/secure.gravatar.com\\\/avatar\\\/8bfd23e1c4bf5aa0b9314f1c5c9d644e62672831e6a512513954c3f15dffdd5a?s=96&d=mm&r=g\",\"url\":\"https:\\\/\\\/secure.gravatar.com\\\/avatar\\\/8bfd23e1c4bf5aa0b9314f1c5c9d644e62672831e6a512513954c3f15dffdd5a?s=96&d=mm&r=g\",\"contentUrl\":\"https:\\\/\\\/secure.gravatar.com\\\/avatar\\\/8bfd23e1c4bf5aa0b9314f1c5c9d644e62672831e6a512513954c3f15dffdd5a?s=96&d=mm&r=g\",\"caption\":\"Morante D\u00edaz, Mar\u00eda del Mar\"},\"url\":\"https:\\\/\\\/aeeolica.org\\\/en\\\/author\\\/mar\\\/\"}]}<\/script>\n<!-- \/ Yoast SEO plugin. -->","yoast_head_json":{"title":"Ecoener abastecer\u00e1 a toda la isla de La Gomera con energ\u00eda e\u00f3lica renovable - Asociaci\u00f3n Empresarial E\u00f3lica","robots":{"index":"index","follow":"follow","max-snippet":"max-snippet:-1","max-image-preview":"max-image-preview:large","max-video-preview":"max-video-preview:-1"},"canonical":"https:\/\/aeeolica.org\/ecoener-abastecera-a-toda-la-isla-de-la-gomera-con-energia-eolica-renovable\/","og_locale":"en_US","og_type":"article","og_title":"Ecoener abastecer\u00e1 a toda la isla de La Gomera con energ\u00eda e\u00f3lica renovable - Asociaci\u00f3n Empresarial E\u00f3lica","og_description":"Ecoener, la empresa multinacional gallega de energ\u00edas renovables, abastecer\u00e1 a toda la isla de La Gomera con energ\u00eda 100% sostenible gracias a cinco nuevos parques e\u00f3licos que se encuentran en [&hellip;]","og_url":"https:\/\/aeeolica.org\/ecoener-abastecera-a-toda-la-isla-de-la-gomera-con-energia-eolica-renovable\/","og_site_name":"Asociaci\u00f3n Empresarial E\u00f3lica","article_publisher":"https:\/\/www.facebook.com\/aeeolica","article_published_time":"2022-07-27T13:42:04+00:00","article_modified_time":"2022-07-27T13:42:06+00:00","og_image":[{"url":"https:\/\/aeeolica.org\/wp-content\/uploads\/2022\/07\/ACTO_LA-GOMERA_ECOENER-1024x659.jpg","type":"","width":"","height":""}],"author":"Morante D\u00edaz, Mar\u00eda del Mar","twitter_card":"summary_large_image","twitter_creator":"@aeeolica","twitter_site":"@aeeolica","twitter_misc":{"Written by":"Morante D\u00edaz, Mar\u00eda del Mar","Est. reading time":"3 minutes"},"schema":{"@context":"https:\/\/schema.org","@graph":[{"@type":"Article","@id":"https:\/\/aeeolica.org\/ecoener-abastecera-a-toda-la-isla-de-la-gomera-con-energia-eolica-renovable\/#article","isPartOf":{"@id":"https:\/\/aeeolica.org\/ecoener-abastecera-a-toda-la-isla-de-la-gomera-con-energia-eolica-renovable\/"},"author":{"name":"Morante D\u00edaz, Mar\u00eda del Mar","@id":"https:\/\/aeeolica.org\/#\/schema\/person\/064b26f21f7ed52e0b3854e6b52f9772"},"headline":"Ecoener abastecer\u00e1 a toda la isla de La Gomera con energ\u00eda e\u00f3lica renovable","datePublished":"2022-07-27T13:42:04+00:00","dateModified":"2022-07-27T13:42:06+00:00","mainEntityOfPage":{"@id":"https:\/\/aeeolica.org\/ecoener-abastecera-a-toda-la-isla-de-la-gomera-con-energia-eolica-renovable\/"},"wordCount":649,"commentCount":2,"publisher":{"@id":"https:\/\/aeeolica.org\/#organization"},"image":{"@id":"https:\/\/aeeolica.org\/ecoener-abastecera-a-toda-la-isla-de-la-gomera-con-energia-eolica-renovable\/#primaryimage"},"thumbnailUrl":"https:\/\/aeeolica.org\/wp-content\/uploads\/2022\/07\/ACTO_LA-GOMERA_ECOENER-1024x659.jpg","articleSection":["Newsletter Julio 2022"],"inLanguage":"en-US","potentialAction":[{"@type":"CommentAction","name":"Comment","target":["https:\/\/aeeolica.org\/ecoener-abastecera-a-toda-la-isla-de-la-gomera-con-energia-eolica-renovable\/#respond"]}]},{"@type":"WebPage","@id":"https:\/\/aeeolica.org\/ecoener-abastecera-a-toda-la-isla-de-la-gomera-con-energia-eolica-renovable\/","url":"https:\/\/aeeolica.org\/ecoener-abastecera-a-toda-la-isla-de-la-gomera-con-energia-eolica-renovable\/","name":"Ecoener abastecer\u00e1 a toda la isla de La Gomera con energ\u00eda e\u00f3lica renovable - Asociaci\u00f3n Empresarial E\u00f3lica","isPartOf":{"@id":"https:\/\/aeeolica.org\/#website"},"primaryImageOfPage":{"@id":"https:\/\/aeeolica.org\/ecoener-abastecera-a-toda-la-isla-de-la-gomera-con-energia-eolica-renovable\/#primaryimage"},"image":{"@id":"https:\/\/aeeolica.org\/ecoener-abastecera-a-toda-la-isla-de-la-gomera-con-energia-eolica-renovable\/#primaryimage"},"thumbnailUrl":"https:\/\/aeeolica.org\/wp-content\/uploads\/2022\/07\/ACTO_LA-GOMERA_ECOENER-1024x659.jpg","datePublished":"2022-07-27T13:42:04+00:00","dateModified":"2022-07-27T13:42:06+00:00","breadcrumb":{"@id":"https:\/\/aeeolica.org\/ecoener-abastecera-a-toda-la-isla-de-la-gomera-con-energia-eolica-renovable\/#breadcrumb"},"inLanguage":"en-US","potentialAction":[{"@type":"ReadAction","target":["https:\/\/aeeolica.org\/ecoener-abastecera-a-toda-la-isla-de-la-gomera-con-energia-eolica-renovable\/"]}]},{"@type":"ImageObject","inLanguage":"en-US","@id":"https:\/\/aeeolica.org\/ecoener-abastecera-a-toda-la-isla-de-la-gomera-con-energia-eolica-renovable\/#primaryimage","url":"https:\/\/aeeolica.org\/wp-content\/uploads\/2022\/07\/ACTO_LA-GOMERA_ECOENER-1024x659.jpg","contentUrl":"https:\/\/aeeolica.org\/wp-content\/uploads\/2022\/07\/ACTO_LA-GOMERA_ECOENER-1024x659.jpg"},{"@type":"BreadcrumbList","@id":"https:\/\/aeeolica.org\/ecoener-abastecera-a-toda-la-isla-de-la-gomera-con-energia-eolica-renovable\/#breadcrumb","itemListElement":[{"@type":"ListItem","position":1,"name":"Portada","item":"https:\/\/aeeolica.org\/en\/inicio\/"},{"@type":"ListItem","position":2,"name":"Ecoener abastecer\u00e1 a toda la isla de La Gomera con energ\u00eda e\u00f3lica renovable"}]},{"@type":"WebSite","@id":"https:\/\/aeeolica.org\/#website","url":"https:\/\/aeeolica.org\/","name":"Asociaci\u00f3n Empresarial E\u00f3lica","description":"AEE Asociaci\u00f3n Empresarial E\u00f3lica","publisher":{"@id":"https:\/\/aeeolica.org\/#organization"},"potentialAction":[{"@type":"SearchAction","target":{"@type":"EntryPoint","urlTemplate":"https:\/\/aeeolica.org\/?s={search_term_string}"},"query-input":{"@type":"PropertyValueSpecification","valueRequired":true,"valueName":"search_term_string"}}],"inLanguage":"en-US"},{"@type":"Organization","@id":"https:\/\/aeeolica.org\/#organization","name":"Asociaci\u00f3n Empresarial E\u00f3lica","url":"https:\/\/aeeolica.org\/","logo":{"@type":"ImageObject","inLanguage":"en-US","@id":"https:\/\/aeeolica.org\/#\/schema\/logo\/image\/","url":"https:\/\/aeeolica.org\/wp-content\/uploads\/2021\/08\/logo-aee.png","contentUrl":"https:\/\/aeeolica.org\/wp-content\/uploads\/2021\/08\/logo-aee.png","width":180,"height":78,"caption":"Asociaci\u00f3n Empresarial E\u00f3lica"},"image":{"@id":"https:\/\/aeeolica.org\/#\/schema\/logo\/image\/"},"sameAs":["https:\/\/www.facebook.com\/aeeolica","https:\/\/x.com\/aeeolica","https:\/\/www.instagram.com\/aeeolica\/","https:\/\/www.linkedin.com\/in\/aee-asociaci\u00f3n-empresarial-e\u00f3lica-6830946b\/","https:\/\/www.youtube.com\/user\/AEEolica"]},{"@type":"Person","@id":"https:\/\/aeeolica.org\/#\/schema\/person\/064b26f21f7ed52e0b3854e6b52f9772","name":"Morante D\u00edaz, Mar\u00eda del Mar","image":{"@type":"ImageObject","inLanguage":"en-US","@id":"https:\/\/secure.gravatar.com\/avatar\/8bfd23e1c4bf5aa0b9314f1c5c9d644e62672831e6a512513954c3f15dffdd5a?s=96&d=mm&r=g","url":"https:\/\/secure.gravatar.com\/avatar\/8bfd23e1c4bf5aa0b9314f1c5c9d644e62672831e6a512513954c3f15dffdd5a?s=96&d=mm&r=g","contentUrl":"https:\/\/secure.gravatar.com\/avatar\/8bfd23e1c4bf5aa0b9314f1c5c9d644e62672831e6a512513954c3f15dffdd5a?s=96&d=mm&r=g","caption":"Morante D\u00edaz, Mar\u00eda del Mar"},"url":"https:\/\/aeeolica.org\/en\/author\/mar\/"}]}},"_links":{"self":[{"href":"https:\/\/aeeolica.org\/en\/wp-json\/wp\/v2\/posts\/46481","targetHints":{"allow":["GET"]}}],"collection":[{"href":"https:\/\/aeeolica.org\/en\/wp-json\/wp\/v2\/posts"}],"about":[{"href":"https:\/\/aeeolica.org\/en\/wp-json\/wp\/v2\/types\/post"}],"author":[{"embeddable":true,"href":"https:\/\/aeeolica.org\/en\/wp-json\/wp\/v2\/users\/2"}],"replies":[{"embeddable":true,"href":"https:\/\/aeeolica.org\/en\/wp-json\/wp\/v2\/comments?post=46481"}],"version-history":[{"count":0,"href":"https:\/\/aeeolica.org\/en\/wp-json\/wp\/v2\/posts\/46481\/revisions"}],"wp:attachment":[{"href":"https:\/\/aeeolica.org\/en\/wp-json\/wp\/v2\/media?parent=46481"}],"wp:term":[{"taxonomy":"category","embeddable":true,"href":"https:\/\/aeeolica.org\/en\/wp-json\/wp\/v2\/categories?post=46481"},{"taxonomy":"post_tag","embeddable":true,"href":"https:\/\/aeeolica.org\/en\/wp-json\/wp\/v2\/tags?post=46481"}],"curies":[{"name":"wp","href":"https:\/\/api.w.org\/{rel}","templated":true}]}}