{"id":46488,"date":"2022-07-27T15:45:55","date_gmt":"2022-07-27T13:45:55","guid":{"rendered":"https:\/\/aeeolica.org\/?p=46488"},"modified":"2022-07-27T15:45:57","modified_gmt":"2022-07-27T13:45:57","slug":"naturgy-y-ruralia-crean-la-primera-empresa-espanola-para-el-reciclaje-integral-de-parques-eolicos","status":"publish","type":"post","link":"https:\/\/aeeolica.org\/en\/naturgy-y-ruralia-crean-la-primera-empresa-espanola-para-el-reciclaje-integral-de-parques-eolicos\/","title":{"rendered":"Naturgy y Ruralia crean la primera empresa espa\u00f1ola para el reciclaje integral de parques e\u00f3licos"},"content":{"rendered":"\n<ul class=\"wp-block-list\"><li><strong>El proyecto es el primero en Espa\u00f1a dedicado al desmantelamiento y reciclaje completo de aerogeneradores. Asimismo, reacondicionar\u00e1 para su venta una parte de los elementos retirados y comercializar\u00e1 los componentes, cerrando as\u00ed la cadena completa de la econom\u00eda circular ligada a este tipo de instalaciones renovables.<\/strong><\/li><li><strong>Espa\u00f1a tendr\u00e1 que desmantelar en los pr\u00f3ximos a\u00f1os 10 GW de potencia e\u00f3lica instalada. La retirada de los materiales obsoletos representa un valor de mercado de 250 millones de euros. A esta cifra, se suman otros 300 millones m\u00e1s en valorizaci\u00f3n de los componentes.<\/strong><\/li><li><strong>Esta nueva iniciativa se enmarca en el compromiso de Naturgy con la sostenibilidad y la econom\u00eda circular.<\/strong><\/li><\/ul>\n\n\n\n<p>Naturgy y Ruralia, el holding de participadas de Caja Rural de Soria, impulsan la primera empresa de Espa\u00f1a que se dedicar\u00e1 al desmantelamiento y reciclaje integral de parques e\u00f3licos. Las instalaciones de la nueva empresa, GIRA Wind, se ubicar\u00e1n en el municipio soriano de Almaz\u00e1n y contribuir\u00e1n a reforzar el tejido industrial de Castilla y Le\u00f3n en el \u00e1mbito del reciclaje y segunda vida de materiales.<\/p>\n\n\n\n<p>El objetivo de esta iniciativa pionera es reacondicionar y valorizar el mayor volumen de equipos posible, as\u00ed como componentes, materiales y turbinas completas para su comercializaci\u00f3n posterior. Entre otros procesos, se llevar\u00e1 a cabo la recuperaci\u00f3n de la fibra de vidrio en palas, cubrebujes y capotas para reincorporar este material al mercado.<\/p>\n\n\n\n<p>Desde la planta piloto de Almaz\u00e1n, la nueva compa\u00f1\u00eda ofrecer\u00e1 un proyecto de econom\u00eda circular, con un servicio completo de desmantelamiento y reciclaje de materiales; tanto de turbinas como de palas; y con la recuperaci\u00f3n de componentes y equipos para su reutilizaci\u00f3n parcial o integral. Como parte de la iniciativa, se est\u00e1n analizando tambi\u00e9n alianzas con otros proyectos y se buscar\u00e1 replicar este modelo de negocio en otras geograf\u00edas, con la colaboraci\u00f3n de empresas locales y nacionales, as\u00ed como de las distintas Administraciones.<\/p>\n\n\n\n<p>El director general de Renovables, Nuevos Negocios e Innovaci\u00f3n de Naturgy, <strong>Jorge Barredo<\/strong>, afirm\u00f3 que &#8220;GIRA Wind nace con el objetivo de potenciar la transici\u00f3n energ\u00e9tica a trav\u00e9s de la econom\u00eda circular, y a diferencia de otras iniciativas, dar\u00e1 una soluci\u00f3n integral al reciclaje y permitir\u00e1 la integraci\u00f3n de otras compa\u00f1\u00edas y agentes del ecosistema en nuestra cadena de valor&#8221;.<\/p>\n\n\n\n<p><strong>M\u00e1s de 250 millones de euros en desmantelamiento de parques e\u00f3licos en Espa\u00f1a<\/strong><\/p>\n\n\n\n<p>La renovaci\u00f3n de los parques e\u00f3licos en Espa\u00f1a es una realidad. Seg\u00fan datos de Ruralia, las necesidades de retirada de estos proyectos renovables en Espa\u00f1a alcanzan actualmente un valor de mercado superior a los 250 millones de euros s\u00f3lo en labores de desmantelamiento, a lo que habr\u00eda que a\u00f1adir otros 300 millones m\u00e1s que supondr\u00eda la valorizaci\u00f3n de todos los elementos que componen los aerogeneradores.<\/p>\n\n\n\n<p>Actualmente, los propietarios de parques est\u00e1n obligados a asumir los costes de desmantelamiento y traslado a vertedero. Sin embargo, a partir de 2025, la mayor parte de estos materiales no ser\u00e1n aceptados en estas instalaciones, lo que ofrece una gran oportunidad para reprocesar y reciclar los aerogeneradores desde la fibra de vidrio hasta las turbinas y equipamiento el\u00e9ctrico.<\/p>\n\n\n\n<p>Entre los a\u00f1os 2023 y 2028, s\u00f3lo en Espa\u00f1a, est\u00e1 previsto desmantelar 10 GW de proyectos e\u00f3licos mientras que a nivel internacional se tendr\u00e1n que desmantelar 160 GW de potencia e\u00f3lica instalada entre 2000 y 2004, seg\u00fan datos de la Asociaci\u00f3n de Promotores E\u00f3licos de Castilla y Le\u00f3n.<\/p>\n\n\n\n<p>Precisamente es Castilla y Le\u00f3n la comunidad aut\u00f3noma con m\u00e1s potencia instalada de Espa\u00f1a y la primera que tiene que abordar la repotenciaci\u00f3n y renovaci\u00f3n del parque actual, por lo que la ubicaci\u00f3n de GIRA Wind en Almaz\u00e1n contribuir\u00e1 a la dinamizaci\u00f3n econ\u00f3mica de la zona.<\/p>\n\n\n\n<p><strong>GIRA Wind<\/strong><\/p>\n\n\n\n<p>GIRA Wind (Gesti\u00f3n Integral de Reciclaje de Aerogeneradores) contar\u00e1 tambi\u00e9n con la participaci\u00f3n de dos empresas industriales, Postel\u00e9ctrica Fabricaci\u00f3n, del sector del reciclaje de materiales, y Huso 29 Renovables, dedicada a la instalaci\u00f3n y mantenimiento de parques e\u00f3licos.<\/p>\n\n\n\n<p>El lanzamiento de esta iniciativa llega tras a\u00f1os previos de colaboraci\u00f3n con el Centro de Desarrollo de Energ\u00edas Renovables (CEDER) dependiente del Centro de Investigaciones Energ\u00e9ticas, Medioambientales y Tecnol\u00f3gicas (CIEMAT); con las universidades de Alicante, Valladolid y Zaragoza; con la Fundaci\u00f3n CIRCE y el Centro Tecnol\u00f3gico CARTIF, adem\u00e1s de con distintas consultoras e ingenier\u00edas.<\/p>\n\n\n\n<p><strong>Apuesta por la transici\u00f3n energ\u00e9tica<\/strong><\/p>\n\n\n\n<p>Esta nueva iniciativa de Naturgy se enmarca en su compromiso con la sostenibilidad y la econom\u00eda circular, y est\u00e1 alineada con su Plan Estrat\u00e9gico 2021-2025, con el que impulsar\u00e1 su papel en la transici\u00f3n energ\u00e9tica y en la descarbonizaci\u00f3n.<\/p>\n\n\n\n<p>La compa\u00f1\u00eda tiene el ambicioso objetivo de alcanzar la neutralidad de emisiones en 2050 y una potencia instalada de fuentes renovables cercana al 60%. Para ello, prev\u00e9 invertir 14.000 millones de euros durante la vigencia del Plan, de los que aproximadamente dos tercios se dedicar\u00e1n al impulso de la generaci\u00f3n renovable, para pasar de los 5,2 GW operativos actuales a los m\u00e1s de 14 GW previstos para estar operativos en diciembre de 2025.<\/p>\n\n\n\n<p>Estas inversiones confirman el giro estrat\u00e9gico de la compa\u00f1\u00eda hacia un <em>mix<\/em> energ\u00e9tico m\u00e1s sostenible y su compromiso con la transici\u00f3n energ\u00e9tica. Todo ello, sin abandonar los objetivos fundamentales de creaci\u00f3n de valor y crecimiento para cada uno de los negocios, as\u00ed como los objetivos en materia de ESG.<\/p>\n\n\n\n<p>En el \u00e1mbito ambiental, la compa\u00f1\u00eda prosigui\u00f3 con su pol\u00edtica de incrementar la producci\u00f3n libre de emisiones en un 13,8% durante 2021. Asimismo, redujo de forma significativa las emisiones directas de Gases de Efecto Invernadero (GEI), un 9,1% menos que en 2020, como consecuencia de la nueva capacidad renovable instalada y el cierre de las plantas de generaci\u00f3n con carb\u00f3n.<\/p>\n\n\n\n<figure class=\"wp-block-image size-large\"><img decoding=\"async\" width=\"768\" height=\"1024\" src=\"https:\/\/aeeolica.org\/wp-content\/uploads\/2022\/07\/Desmantelamiento-de-aero-para-su-posterior-reciclaje-768x1024.jpg\" alt=\"\" class=\"wp-image-46489\"\/><\/figure>\n","protected":false},"excerpt":{"rendered":"<p>El proyecto es el primero en Espa\u00f1a dedicado al desmantelamiento y reciclaje completo de aerogeneradores. Asimismo, reacondicionar\u00e1 para su venta una parte de los elementos retirados y comercializar\u00e1 los componentes, [&hellip;]<\/p>\n","protected":false},"author":2,"featured_media":0,"comment_status":"open","ping_status":"open","sticky":false,"template":"","format":"standard","meta":{"_acf_changed":false,"_bbp_topic_count":0,"_bbp_reply_count":0,"_bbp_total_topic_count":0,"_bbp_total_reply_count":0,"_bbp_voice_count":0,"_bbp_anonymous_reply_count":0,"_bbp_topic_count_hidden":0,"_bbp_reply_count_hidden":0,"_bbp_forum_subforum_count":0,"_et_pb_use_builder":"","_et_pb_old_content":"","_et_gb_content_width":"","footnotes":""},"categories":[438],"tags":[],"class_list":["post-46488","post","type-post","status-publish","format-standard","hentry","category-newsletter-julio-2022"],"acf":[],"yoast_head":"<!-- This site is optimized with the Yoast SEO plugin v27.4 - https:\/\/yoast.com\/product\/yoast-seo-wordpress\/ -->\n<title>Naturgy y Ruralia crean la primera empresa espa\u00f1ola para el reciclaje integral de parques e\u00f3licos - Asociaci\u00f3n Empresarial E\u00f3lica<\/title>\n<meta name=\"robots\" content=\"index, follow, max-snippet:-1, max-image-preview:large, max-video-preview:-1\" \/>\n<link rel=\"canonical\" href=\"https:\/\/aeeolica.org\/naturgy-y-ruralia-crean-la-primera-empresa-espanola-para-el-reciclaje-integral-de-parques-eolicos\/\" \/>\n<meta property=\"og:locale\" content=\"en_US\" \/>\n<meta property=\"og:type\" content=\"article\" \/>\n<meta property=\"og:title\" content=\"Naturgy y Ruralia crean la primera empresa espa\u00f1ola para el reciclaje integral de parques e\u00f3licos - Asociaci\u00f3n Empresarial E\u00f3lica\" \/>\n<meta property=\"og:description\" content=\"El proyecto es el primero en Espa\u00f1a dedicado al desmantelamiento y reciclaje completo de aerogeneradores. Asimismo, reacondicionar\u00e1 para su venta una parte de los elementos retirados y comercializar\u00e1 los componentes, [&hellip;]\" \/>\n<meta property=\"og:url\" content=\"https:\/\/aeeolica.org\/naturgy-y-ruralia-crean-la-primera-empresa-espanola-para-el-reciclaje-integral-de-parques-eolicos\/\" \/>\n<meta property=\"og:site_name\" content=\"Asociaci\u00f3n Empresarial E\u00f3lica\" \/>\n<meta property=\"article:publisher\" content=\"https:\/\/www.facebook.com\/aeeolica\" \/>\n<meta property=\"article:published_time\" content=\"2022-07-27T13:45:55+00:00\" \/>\n<meta property=\"article:modified_time\" content=\"2022-07-27T13:45:57+00:00\" \/>\n<meta property=\"og:image\" content=\"https:\/\/aeeolica.org\/wp-content\/uploads\/2022\/07\/Desmantelamiento-de-aero-para-su-posterior-reciclaje-768x1024.jpg\" \/>\n<meta name=\"author\" content=\"Morante D\u00edaz, Mar\u00eda del Mar\" \/>\n<meta name=\"twitter:card\" content=\"summary_large_image\" \/>\n<meta name=\"twitter:creator\" content=\"@aeeolica\" \/>\n<meta name=\"twitter:site\" content=\"@aeeolica\" \/>\n<meta name=\"twitter:label1\" content=\"Written by\" \/>\n\t<meta name=\"twitter:data1\" content=\"Morante D\u00edaz, Mar\u00eda del Mar\" \/>\n\t<meta name=\"twitter:label2\" content=\"Est. reading time\" \/>\n\t<meta name=\"twitter:data2\" content=\"5 minutes\" \/>\n<script type=\"application\/ld+json\" class=\"yoast-schema-graph\">{\"@context\":\"https:\\\/\\\/schema.org\",\"@graph\":[{\"@type\":\"Article\",\"@id\":\"https:\\\/\\\/aeeolica.org\\\/naturgy-y-ruralia-crean-la-primera-empresa-espanola-para-el-reciclaje-integral-de-parques-eolicos\\\/#article\",\"isPartOf\":{\"@id\":\"https:\\\/\\\/aeeolica.org\\\/naturgy-y-ruralia-crean-la-primera-empresa-espanola-para-el-reciclaje-integral-de-parques-eolicos\\\/\"},\"author\":{\"name\":\"Morante D\u00edaz, Mar\u00eda del Mar\",\"@id\":\"https:\\\/\\\/aeeolica.org\\\/#\\\/schema\\\/person\\\/064b26f21f7ed52e0b3854e6b52f9772\"},\"headline\":\"Naturgy y Ruralia crean la primera empresa espa\u00f1ola para el reciclaje integral de parques e\u00f3licos\",\"datePublished\":\"2022-07-27T13:45:55+00:00\",\"dateModified\":\"2022-07-27T13:45:57+00:00\",\"mainEntityOfPage\":{\"@id\":\"https:\\\/\\\/aeeolica.org\\\/naturgy-y-ruralia-crean-la-primera-empresa-espanola-para-el-reciclaje-integral-de-parques-eolicos\\\/\"},\"wordCount\":1021,\"commentCount\":1,\"publisher\":{\"@id\":\"https:\\\/\\\/aeeolica.org\\\/#organization\"},\"image\":{\"@id\":\"https:\\\/\\\/aeeolica.org\\\/naturgy-y-ruralia-crean-la-primera-empresa-espanola-para-el-reciclaje-integral-de-parques-eolicos\\\/#primaryimage\"},\"thumbnailUrl\":\"https:\\\/\\\/aeeolica.org\\\/wp-content\\\/uploads\\\/2022\\\/07\\\/Desmantelamiento-de-aero-para-su-posterior-reciclaje-768x1024.jpg\",\"articleSection\":[\"Newsletter Julio 2022\"],\"inLanguage\":\"en-US\",\"potentialAction\":[{\"@type\":\"CommentAction\",\"name\":\"Comment\",\"target\":[\"https:\\\/\\\/aeeolica.org\\\/naturgy-y-ruralia-crean-la-primera-empresa-espanola-para-el-reciclaje-integral-de-parques-eolicos\\\/#respond\"]}]},{\"@type\":\"WebPage\",\"@id\":\"https:\\\/\\\/aeeolica.org\\\/naturgy-y-ruralia-crean-la-primera-empresa-espanola-para-el-reciclaje-integral-de-parques-eolicos\\\/\",\"url\":\"https:\\\/\\\/aeeolica.org\\\/naturgy-y-ruralia-crean-la-primera-empresa-espanola-para-el-reciclaje-integral-de-parques-eolicos\\\/\",\"name\":\"Naturgy y Ruralia crean la primera empresa espa\u00f1ola para el reciclaje integral de parques e\u00f3licos - Asociaci\u00f3n Empresarial E\u00f3lica\",\"isPartOf\":{\"@id\":\"https:\\\/\\\/aeeolica.org\\\/#website\"},\"primaryImageOfPage\":{\"@id\":\"https:\\\/\\\/aeeolica.org\\\/naturgy-y-ruralia-crean-la-primera-empresa-espanola-para-el-reciclaje-integral-de-parques-eolicos\\\/#primaryimage\"},\"image\":{\"@id\":\"https:\\\/\\\/aeeolica.org\\\/naturgy-y-ruralia-crean-la-primera-empresa-espanola-para-el-reciclaje-integral-de-parques-eolicos\\\/#primaryimage\"},\"thumbnailUrl\":\"https:\\\/\\\/aeeolica.org\\\/wp-content\\\/uploads\\\/2022\\\/07\\\/Desmantelamiento-de-aero-para-su-posterior-reciclaje-768x1024.jpg\",\"datePublished\":\"2022-07-27T13:45:55+00:00\",\"dateModified\":\"2022-07-27T13:45:57+00:00\",\"breadcrumb\":{\"@id\":\"https:\\\/\\\/aeeolica.org\\\/naturgy-y-ruralia-crean-la-primera-empresa-espanola-para-el-reciclaje-integral-de-parques-eolicos\\\/#breadcrumb\"},\"inLanguage\":\"en-US\",\"potentialAction\":[{\"@type\":\"ReadAction\",\"target\":[\"https:\\\/\\\/aeeolica.org\\\/naturgy-y-ruralia-crean-la-primera-empresa-espanola-para-el-reciclaje-integral-de-parques-eolicos\\\/\"]}]},{\"@type\":\"ImageObject\",\"inLanguage\":\"en-US\",\"@id\":\"https:\\\/\\\/aeeolica.org\\\/naturgy-y-ruralia-crean-la-primera-empresa-espanola-para-el-reciclaje-integral-de-parques-eolicos\\\/#primaryimage\",\"url\":\"https:\\\/\\\/aeeolica.org\\\/wp-content\\\/uploads\\\/2022\\\/07\\\/Desmantelamiento-de-aero-para-su-posterior-reciclaje-768x1024.jpg\",\"contentUrl\":\"https:\\\/\\\/aeeolica.org\\\/wp-content\\\/uploads\\\/2022\\\/07\\\/Desmantelamiento-de-aero-para-su-posterior-reciclaje-768x1024.jpg\"},{\"@type\":\"BreadcrumbList\",\"@id\":\"https:\\\/\\\/aeeolica.org\\\/naturgy-y-ruralia-crean-la-primera-empresa-espanola-para-el-reciclaje-integral-de-parques-eolicos\\\/#breadcrumb\",\"itemListElement\":[{\"@type\":\"ListItem\",\"position\":1,\"name\":\"Portada\",\"item\":\"https:\\\/\\\/aeeolica.org\\\/en\\\/inicio\\\/\"},{\"@type\":\"ListItem\",\"position\":2,\"name\":\"Naturgy y Ruralia crean la primera empresa espa\u00f1ola para el reciclaje integral de parques e\u00f3licos\"}]},{\"@type\":\"WebSite\",\"@id\":\"https:\\\/\\\/aeeolica.org\\\/#website\",\"url\":\"https:\\\/\\\/aeeolica.org\\\/\",\"name\":\"Asociaci\u00f3n Empresarial E\u00f3lica\",\"description\":\"AEE Asociaci\u00f3n Empresarial E\u00f3lica\",\"publisher\":{\"@id\":\"https:\\\/\\\/aeeolica.org\\\/#organization\"},\"potentialAction\":[{\"@type\":\"SearchAction\",\"target\":{\"@type\":\"EntryPoint\",\"urlTemplate\":\"https:\\\/\\\/aeeolica.org\\\/?s={search_term_string}\"},\"query-input\":{\"@type\":\"PropertyValueSpecification\",\"valueRequired\":true,\"valueName\":\"search_term_string\"}}],\"inLanguage\":\"en-US\"},{\"@type\":\"Organization\",\"@id\":\"https:\\\/\\\/aeeolica.org\\\/#organization\",\"name\":\"Asociaci\u00f3n Empresarial E\u00f3lica\",\"url\":\"https:\\\/\\\/aeeolica.org\\\/\",\"logo\":{\"@type\":\"ImageObject\",\"inLanguage\":\"en-US\",\"@id\":\"https:\\\/\\\/aeeolica.org\\\/#\\\/schema\\\/logo\\\/image\\\/\",\"url\":\"https:\\\/\\\/aeeolica.org\\\/wp-content\\\/uploads\\\/2021\\\/08\\\/logo-aee.png\",\"contentUrl\":\"https:\\\/\\\/aeeolica.org\\\/wp-content\\\/uploads\\\/2021\\\/08\\\/logo-aee.png\",\"width\":180,\"height\":78,\"caption\":\"Asociaci\u00f3n Empresarial E\u00f3lica\"},\"image\":{\"@id\":\"https:\\\/\\\/aeeolica.org\\\/#\\\/schema\\\/logo\\\/image\\\/\"},\"sameAs\":[\"https:\\\/\\\/www.facebook.com\\\/aeeolica\",\"https:\\\/\\\/x.com\\\/aeeolica\",\"https:\\\/\\\/www.instagram.com\\\/aeeolica\\\/\",\"https:\\\/\\\/www.linkedin.com\\\/in\\\/aee-asociaci\u00f3n-empresarial-e\u00f3lica-6830946b\\\/\",\"https:\\\/\\\/www.youtube.com\\\/user\\\/AEEolica\"]},{\"@type\":\"Person\",\"@id\":\"https:\\\/\\\/aeeolica.org\\\/#\\\/schema\\\/person\\\/064b26f21f7ed52e0b3854e6b52f9772\",\"name\":\"Morante D\u00edaz, Mar\u00eda del Mar\",\"image\":{\"@type\":\"ImageObject\",\"inLanguage\":\"en-US\",\"@id\":\"https:\\\/\\\/secure.gravatar.com\\\/avatar\\\/8bfd23e1c4bf5aa0b9314f1c5c9d644e62672831e6a512513954c3f15dffdd5a?s=96&d=mm&r=g\",\"url\":\"https:\\\/\\\/secure.gravatar.com\\\/avatar\\\/8bfd23e1c4bf5aa0b9314f1c5c9d644e62672831e6a512513954c3f15dffdd5a?s=96&d=mm&r=g\",\"contentUrl\":\"https:\\\/\\\/secure.gravatar.com\\\/avatar\\\/8bfd23e1c4bf5aa0b9314f1c5c9d644e62672831e6a512513954c3f15dffdd5a?s=96&d=mm&r=g\",\"caption\":\"Morante D\u00edaz, Mar\u00eda del Mar\"},\"url\":\"https:\\\/\\\/aeeolica.org\\\/en\\\/author\\\/mar\\\/\"}]}<\/script>\n<!-- \/ Yoast SEO plugin. -->","yoast_head_json":{"title":"Naturgy y Ruralia crean la primera empresa espa\u00f1ola para el reciclaje integral de parques e\u00f3licos - Asociaci\u00f3n Empresarial E\u00f3lica","robots":{"index":"index","follow":"follow","max-snippet":"max-snippet:-1","max-image-preview":"max-image-preview:large","max-video-preview":"max-video-preview:-1"},"canonical":"https:\/\/aeeolica.org\/naturgy-y-ruralia-crean-la-primera-empresa-espanola-para-el-reciclaje-integral-de-parques-eolicos\/","og_locale":"en_US","og_type":"article","og_title":"Naturgy y Ruralia crean la primera empresa espa\u00f1ola para el reciclaje integral de parques e\u00f3licos - Asociaci\u00f3n Empresarial E\u00f3lica","og_description":"El proyecto es el primero en Espa\u00f1a dedicado al desmantelamiento y reciclaje completo de aerogeneradores. Asimismo, reacondicionar\u00e1 para su venta una parte de los elementos retirados y comercializar\u00e1 los componentes, [&hellip;]","og_url":"https:\/\/aeeolica.org\/naturgy-y-ruralia-crean-la-primera-empresa-espanola-para-el-reciclaje-integral-de-parques-eolicos\/","og_site_name":"Asociaci\u00f3n Empresarial E\u00f3lica","article_publisher":"https:\/\/www.facebook.com\/aeeolica","article_published_time":"2022-07-27T13:45:55+00:00","article_modified_time":"2022-07-27T13:45:57+00:00","og_image":[{"url":"https:\/\/aeeolica.org\/wp-content\/uploads\/2022\/07\/Desmantelamiento-de-aero-para-su-posterior-reciclaje-768x1024.jpg","type":"","width":"","height":""}],"author":"Morante D\u00edaz, Mar\u00eda del Mar","twitter_card":"summary_large_image","twitter_creator":"@aeeolica","twitter_site":"@aeeolica","twitter_misc":{"Written by":"Morante D\u00edaz, Mar\u00eda del Mar","Est. reading time":"5 minutes"},"schema":{"@context":"https:\/\/schema.org","@graph":[{"@type":"Article","@id":"https:\/\/aeeolica.org\/naturgy-y-ruralia-crean-la-primera-empresa-espanola-para-el-reciclaje-integral-de-parques-eolicos\/#article","isPartOf":{"@id":"https:\/\/aeeolica.org\/naturgy-y-ruralia-crean-la-primera-empresa-espanola-para-el-reciclaje-integral-de-parques-eolicos\/"},"author":{"name":"Morante D\u00edaz, Mar\u00eda del Mar","@id":"https:\/\/aeeolica.org\/#\/schema\/person\/064b26f21f7ed52e0b3854e6b52f9772"},"headline":"Naturgy y Ruralia crean la primera empresa espa\u00f1ola para el reciclaje integral de parques e\u00f3licos","datePublished":"2022-07-27T13:45:55+00:00","dateModified":"2022-07-27T13:45:57+00:00","mainEntityOfPage":{"@id":"https:\/\/aeeolica.org\/naturgy-y-ruralia-crean-la-primera-empresa-espanola-para-el-reciclaje-integral-de-parques-eolicos\/"},"wordCount":1021,"commentCount":1,"publisher":{"@id":"https:\/\/aeeolica.org\/#organization"},"image":{"@id":"https:\/\/aeeolica.org\/naturgy-y-ruralia-crean-la-primera-empresa-espanola-para-el-reciclaje-integral-de-parques-eolicos\/#primaryimage"},"thumbnailUrl":"https:\/\/aeeolica.org\/wp-content\/uploads\/2022\/07\/Desmantelamiento-de-aero-para-su-posterior-reciclaje-768x1024.jpg","articleSection":["Newsletter Julio 2022"],"inLanguage":"en-US","potentialAction":[{"@type":"CommentAction","name":"Comment","target":["https:\/\/aeeolica.org\/naturgy-y-ruralia-crean-la-primera-empresa-espanola-para-el-reciclaje-integral-de-parques-eolicos\/#respond"]}]},{"@type":"WebPage","@id":"https:\/\/aeeolica.org\/naturgy-y-ruralia-crean-la-primera-empresa-espanola-para-el-reciclaje-integral-de-parques-eolicos\/","url":"https:\/\/aeeolica.org\/naturgy-y-ruralia-crean-la-primera-empresa-espanola-para-el-reciclaje-integral-de-parques-eolicos\/","name":"Naturgy y Ruralia crean la primera empresa espa\u00f1ola para el reciclaje integral de parques e\u00f3licos - Asociaci\u00f3n Empresarial E\u00f3lica","isPartOf":{"@id":"https:\/\/aeeolica.org\/#website"},"primaryImageOfPage":{"@id":"https:\/\/aeeolica.org\/naturgy-y-ruralia-crean-la-primera-empresa-espanola-para-el-reciclaje-integral-de-parques-eolicos\/#primaryimage"},"image":{"@id":"https:\/\/aeeolica.org\/naturgy-y-ruralia-crean-la-primera-empresa-espanola-para-el-reciclaje-integral-de-parques-eolicos\/#primaryimage"},"thumbnailUrl":"https:\/\/aeeolica.org\/wp-content\/uploads\/2022\/07\/Desmantelamiento-de-aero-para-su-posterior-reciclaje-768x1024.jpg","datePublished":"2022-07-27T13:45:55+00:00","dateModified":"2022-07-27T13:45:57+00:00","breadcrumb":{"@id":"https:\/\/aeeolica.org\/naturgy-y-ruralia-crean-la-primera-empresa-espanola-para-el-reciclaje-integral-de-parques-eolicos\/#breadcrumb"},"inLanguage":"en-US","potentialAction":[{"@type":"ReadAction","target":["https:\/\/aeeolica.org\/naturgy-y-ruralia-crean-la-primera-empresa-espanola-para-el-reciclaje-integral-de-parques-eolicos\/"]}]},{"@type":"ImageObject","inLanguage":"en-US","@id":"https:\/\/aeeolica.org\/naturgy-y-ruralia-crean-la-primera-empresa-espanola-para-el-reciclaje-integral-de-parques-eolicos\/#primaryimage","url":"https:\/\/aeeolica.org\/wp-content\/uploads\/2022\/07\/Desmantelamiento-de-aero-para-su-posterior-reciclaje-768x1024.jpg","contentUrl":"https:\/\/aeeolica.org\/wp-content\/uploads\/2022\/07\/Desmantelamiento-de-aero-para-su-posterior-reciclaje-768x1024.jpg"},{"@type":"BreadcrumbList","@id":"https:\/\/aeeolica.org\/naturgy-y-ruralia-crean-la-primera-empresa-espanola-para-el-reciclaje-integral-de-parques-eolicos\/#breadcrumb","itemListElement":[{"@type":"ListItem","position":1,"name":"Portada","item":"https:\/\/aeeolica.org\/en\/inicio\/"},{"@type":"ListItem","position":2,"name":"Naturgy y Ruralia crean la primera empresa espa\u00f1ola para el reciclaje integral de parques e\u00f3licos"}]},{"@type":"WebSite","@id":"https:\/\/aeeolica.org\/#website","url":"https:\/\/aeeolica.org\/","name":"Asociaci\u00f3n Empresarial E\u00f3lica","description":"AEE Asociaci\u00f3n Empresarial E\u00f3lica","publisher":{"@id":"https:\/\/aeeolica.org\/#organization"},"potentialAction":[{"@type":"SearchAction","target":{"@type":"EntryPoint","urlTemplate":"https:\/\/aeeolica.org\/?s={search_term_string}"},"query-input":{"@type":"PropertyValueSpecification","valueRequired":true,"valueName":"search_term_string"}}],"inLanguage":"en-US"},{"@type":"Organization","@id":"https:\/\/aeeolica.org\/#organization","name":"Asociaci\u00f3n Empresarial E\u00f3lica","url":"https:\/\/aeeolica.org\/","logo":{"@type":"ImageObject","inLanguage":"en-US","@id":"https:\/\/aeeolica.org\/#\/schema\/logo\/image\/","url":"https:\/\/aeeolica.org\/wp-content\/uploads\/2021\/08\/logo-aee.png","contentUrl":"https:\/\/aeeolica.org\/wp-content\/uploads\/2021\/08\/logo-aee.png","width":180,"height":78,"caption":"Asociaci\u00f3n Empresarial E\u00f3lica"},"image":{"@id":"https:\/\/aeeolica.org\/#\/schema\/logo\/image\/"},"sameAs":["https:\/\/www.facebook.com\/aeeolica","https:\/\/x.com\/aeeolica","https:\/\/www.instagram.com\/aeeolica\/","https:\/\/www.linkedin.com\/in\/aee-asociaci\u00f3n-empresarial-e\u00f3lica-6830946b\/","https:\/\/www.youtube.com\/user\/AEEolica"]},{"@type":"Person","@id":"https:\/\/aeeolica.org\/#\/schema\/person\/064b26f21f7ed52e0b3854e6b52f9772","name":"Morante D\u00edaz, Mar\u00eda del Mar","image":{"@type":"ImageObject","inLanguage":"en-US","@id":"https:\/\/secure.gravatar.com\/avatar\/8bfd23e1c4bf5aa0b9314f1c5c9d644e62672831e6a512513954c3f15dffdd5a?s=96&d=mm&r=g","url":"https:\/\/secure.gravatar.com\/avatar\/8bfd23e1c4bf5aa0b9314f1c5c9d644e62672831e6a512513954c3f15dffdd5a?s=96&d=mm&r=g","contentUrl":"https:\/\/secure.gravatar.com\/avatar\/8bfd23e1c4bf5aa0b9314f1c5c9d644e62672831e6a512513954c3f15dffdd5a?s=96&d=mm&r=g","caption":"Morante D\u00edaz, Mar\u00eda del Mar"},"url":"https:\/\/aeeolica.org\/en\/author\/mar\/"}]}},"_links":{"self":[{"href":"https:\/\/aeeolica.org\/en\/wp-json\/wp\/v2\/posts\/46488","targetHints":{"allow":["GET"]}}],"collection":[{"href":"https:\/\/aeeolica.org\/en\/wp-json\/wp\/v2\/posts"}],"about":[{"href":"https:\/\/aeeolica.org\/en\/wp-json\/wp\/v2\/types\/post"}],"author":[{"embeddable":true,"href":"https:\/\/aeeolica.org\/en\/wp-json\/wp\/v2\/users\/2"}],"replies":[{"embeddable":true,"href":"https:\/\/aeeolica.org\/en\/wp-json\/wp\/v2\/comments?post=46488"}],"version-history":[{"count":0,"href":"https:\/\/aeeolica.org\/en\/wp-json\/wp\/v2\/posts\/46488\/revisions"}],"wp:attachment":[{"href":"https:\/\/aeeolica.org\/en\/wp-json\/wp\/v2\/media?parent=46488"}],"wp:term":[{"taxonomy":"category","embeddable":true,"href":"https:\/\/aeeolica.org\/en\/wp-json\/wp\/v2\/categories?post=46488"},{"taxonomy":"post_tag","embeddable":true,"href":"https:\/\/aeeolica.org\/en\/wp-json\/wp\/v2\/tags?post=46488"}],"curies":[{"name":"wp","href":"https:\/\/api.w.org\/{rel}","templated":true}]}}