{"id":46502,"date":"2022-07-27T15:58:12","date_gmt":"2022-07-27T13:58:12","guid":{"rendered":"https:\/\/aeeolica.org\/?p=46502"},"modified":"2022-07-27T15:58:15","modified_gmt":"2022-07-27T13:58:15","slug":"la-joint-venture-propiedad-de-edp-renewables-y-engie-se-adjudica-un-cfd-para-su-proyecto-moray-west","status":"publish","type":"post","link":"https:\/\/aeeolica.org\/en\/la-joint-venture-propiedad-de-edp-renewables-y-engie-se-adjudica-un-cfd-para-su-proyecto-moray-west\/","title":{"rendered":"La joint venture propiedad de EDP Renewables y Engie, se adjudica un CfD para su proyecto Moray West"},"content":{"rendered":"\n<p>Ocean Winds, la joint venture offshore 50\/50 propiedad de EDP Renewables y Engie, ha sido adjudicada por el gobierno del Reino Unido con un Contrato por Diferencia (CfD por sus siglas en ingl\u00e9s) de 15 a\u00f1os para vender la energ\u00eda producida por 294 MW del proyecto e\u00f3lico offshore Moray West de 882 MW. El proyecto est\u00e1 situado frente a la costa de Escocia y se espera que produzca energ\u00eda por primera vez en 2024. La capacidad instalada de 882 MW provendr\u00e1 de 60 aerogeneradores SG 14-222 DD que ser\u00e1n suministrados por Siemens Gamesa.<\/p>\n\n\n\n<p>Con esta operaci\u00f3n, EDPR tiene ahora asegurado 10,6 GW del objetivo de 20 GW para 2021-25 anunciado en el Capital Markets Day de la compa\u00f1\u00eda. Adem\u00e1s, EDPR ha alcanzado su objetivo de asegurar alrededor de 1 GW de capacidad offshore para 2021-25.<\/p>\n\n\n\n<p>El \u00e9xito de EDPR refuerza su perfil de bajo riesgo y su estrategia de crecimiento basada en el desarrollo de proyectos competitivos con visibilidad a largo plazo, fomentando la aceleraci\u00f3n de la transici\u00f3n energ\u00e9tica y la descarbonizaci\u00f3n de la econom\u00eda.<\/p>\n\n\n\n<figure class=\"wp-block-image size-large\"><img decoding=\"async\" width=\"1024\" height=\"648\" src=\"https:\/\/aeeolica.org\/wp-content\/uploads\/2022\/07\/Moray-East-iii-1024x648.jpg\" alt=\"\" class=\"wp-image-46500\" srcset=\"https:\/\/aeeolica.org\/wp-content\/uploads\/2022\/07\/Moray-East-iii-980x620.jpg 980w, https:\/\/aeeolica.org\/wp-content\/uploads\/2022\/07\/Moray-East-iii-480x304.jpg 480w\" sizes=\"(min-width: 0px) and (max-width: 480px) 480px, (min-width: 481px) and (max-width: 980px) 980px, (min-width: 981px) 1024px, 100vw\" \/><\/figure>\n","protected":false},"excerpt":{"rendered":"<p>Ocean Winds, la joint venture offshore 50\/50 propiedad de EDP Renewables y Engie, ha sido adjudicada por el gobierno del Reino Unido con un Contrato por Diferencia (CfD por sus [&hellip;]<\/p>\n","protected":false},"author":2,"featured_media":0,"comment_status":"open","ping_status":"open","sticky":false,"template":"","format":"standard","meta":{"_acf_changed":false,"_bbp_topic_count":0,"_bbp_reply_count":0,"_bbp_total_topic_count":0,"_bbp_total_reply_count":0,"_bbp_voice_count":0,"_bbp_anonymous_reply_count":0,"_bbp_topic_count_hidden":0,"_bbp_reply_count_hidden":0,"_bbp_forum_subforum_count":0,"_et_pb_use_builder":"","_et_pb_old_content":"","_et_gb_content_width":"","footnotes":""},"categories":[438],"tags":[],"class_list":["post-46502","post","type-post","status-publish","format-standard","hentry","category-newsletter-julio-2022"],"acf":[],"yoast_head":"<!-- This site is optimized with the Yoast SEO plugin v27.4 - https:\/\/yoast.com\/product\/yoast-seo-wordpress\/ -->\n<title>La joint venture propiedad de EDP Renewables y Engie, se adjudica un CfD para su proyecto Moray West - Asociaci\u00f3n Empresarial E\u00f3lica<\/title>\n<meta name=\"robots\" content=\"index, follow, max-snippet:-1, max-image-preview:large, max-video-preview:-1\" \/>\n<link rel=\"canonical\" href=\"https:\/\/aeeolica.org\/la-joint-venture-propiedad-de-edp-renewables-y-engie-se-adjudica-un-cfd-para-su-proyecto-moray-west\/\" \/>\n<meta property=\"og:locale\" content=\"en_US\" \/>\n<meta property=\"og:type\" content=\"article\" \/>\n<meta property=\"og:title\" content=\"La joint venture propiedad de EDP Renewables y Engie, se adjudica un CfD para su proyecto Moray West - Asociaci\u00f3n Empresarial E\u00f3lica\" \/>\n<meta property=\"og:description\" content=\"Ocean Winds, la joint venture offshore 50\/50 propiedad de EDP Renewables y Engie, ha sido adjudicada por el gobierno del Reino Unido con un Contrato por Diferencia (CfD por sus [&hellip;]\" \/>\n<meta property=\"og:url\" content=\"https:\/\/aeeolica.org\/la-joint-venture-propiedad-de-edp-renewables-y-engie-se-adjudica-un-cfd-para-su-proyecto-moray-west\/\" \/>\n<meta property=\"og:site_name\" content=\"Asociaci\u00f3n Empresarial E\u00f3lica\" \/>\n<meta property=\"article:publisher\" content=\"https:\/\/www.facebook.com\/aeeolica\" \/>\n<meta property=\"article:published_time\" content=\"2022-07-27T13:58:12+00:00\" \/>\n<meta property=\"article:modified_time\" content=\"2022-07-27T13:58:15+00:00\" \/>\n<meta property=\"og:image\" content=\"https:\/\/aeeolica.org\/wp-content\/uploads\/2022\/07\/Moray-East-iii-1024x648.jpg\" \/>\n<meta name=\"author\" content=\"Morante D\u00edaz, Mar\u00eda del Mar\" \/>\n<meta name=\"twitter:card\" content=\"summary_large_image\" \/>\n<meta name=\"twitter:creator\" content=\"@aeeolica\" \/>\n<meta name=\"twitter:site\" content=\"@aeeolica\" \/>\n<meta name=\"twitter:label1\" content=\"Written by\" \/>\n\t<meta name=\"twitter:data1\" content=\"Morante D\u00edaz, Mar\u00eda del Mar\" \/>\n\t<meta name=\"twitter:label2\" content=\"Est. reading time\" \/>\n\t<meta name=\"twitter:data2\" content=\"2 minutes\" \/>\n<script type=\"application\/ld+json\" class=\"yoast-schema-graph\">{\"@context\":\"https:\\\/\\\/schema.org\",\"@graph\":[{\"@type\":\"Article\",\"@id\":\"https:\\\/\\\/aeeolica.org\\\/la-joint-venture-propiedad-de-edp-renewables-y-engie-se-adjudica-un-cfd-para-su-proyecto-moray-west\\\/#article\",\"isPartOf\":{\"@id\":\"https:\\\/\\\/aeeolica.org\\\/la-joint-venture-propiedad-de-edp-renewables-y-engie-se-adjudica-un-cfd-para-su-proyecto-moray-west\\\/\"},\"author\":{\"name\":\"Morante D\u00edaz, Mar\u00eda del Mar\",\"@id\":\"https:\\\/\\\/aeeolica.org\\\/#\\\/schema\\\/person\\\/064b26f21f7ed52e0b3854e6b52f9772\"},\"headline\":\"La joint venture propiedad de EDP Renewables y Engie, se adjudica un CfD para su proyecto Moray West\",\"datePublished\":\"2022-07-27T13:58:12+00:00\",\"dateModified\":\"2022-07-27T13:58:15+00:00\",\"mainEntityOfPage\":{\"@id\":\"https:\\\/\\\/aeeolica.org\\\/la-joint-venture-propiedad-de-edp-renewables-y-engie-se-adjudica-un-cfd-para-su-proyecto-moray-west\\\/\"},\"wordCount\":197,\"commentCount\":5,\"publisher\":{\"@id\":\"https:\\\/\\\/aeeolica.org\\\/#organization\"},\"image\":{\"@id\":\"https:\\\/\\\/aeeolica.org\\\/la-joint-venture-propiedad-de-edp-renewables-y-engie-se-adjudica-un-cfd-para-su-proyecto-moray-west\\\/#primaryimage\"},\"thumbnailUrl\":\"https:\\\/\\\/aeeolica.org\\\/wp-content\\\/uploads\\\/2022\\\/07\\\/Moray-East-iii-1024x648.jpg\",\"articleSection\":[\"Newsletter Julio 2022\"],\"inLanguage\":\"en-US\",\"potentialAction\":[{\"@type\":\"CommentAction\",\"name\":\"Comment\",\"target\":[\"https:\\\/\\\/aeeolica.org\\\/la-joint-venture-propiedad-de-edp-renewables-y-engie-se-adjudica-un-cfd-para-su-proyecto-moray-west\\\/#respond\"]}]},{\"@type\":\"WebPage\",\"@id\":\"https:\\\/\\\/aeeolica.org\\\/la-joint-venture-propiedad-de-edp-renewables-y-engie-se-adjudica-un-cfd-para-su-proyecto-moray-west\\\/\",\"url\":\"https:\\\/\\\/aeeolica.org\\\/la-joint-venture-propiedad-de-edp-renewables-y-engie-se-adjudica-un-cfd-para-su-proyecto-moray-west\\\/\",\"name\":\"La joint venture propiedad de EDP Renewables y Engie, se adjudica un CfD para su proyecto Moray West - Asociaci\u00f3n Empresarial E\u00f3lica\",\"isPartOf\":{\"@id\":\"https:\\\/\\\/aeeolica.org\\\/#website\"},\"primaryImageOfPage\":{\"@id\":\"https:\\\/\\\/aeeolica.org\\\/la-joint-venture-propiedad-de-edp-renewables-y-engie-se-adjudica-un-cfd-para-su-proyecto-moray-west\\\/#primaryimage\"},\"image\":{\"@id\":\"https:\\\/\\\/aeeolica.org\\\/la-joint-venture-propiedad-de-edp-renewables-y-engie-se-adjudica-un-cfd-para-su-proyecto-moray-west\\\/#primaryimage\"},\"thumbnailUrl\":\"https:\\\/\\\/aeeolica.org\\\/wp-content\\\/uploads\\\/2022\\\/07\\\/Moray-East-iii-1024x648.jpg\",\"datePublished\":\"2022-07-27T13:58:12+00:00\",\"dateModified\":\"2022-07-27T13:58:15+00:00\",\"breadcrumb\":{\"@id\":\"https:\\\/\\\/aeeolica.org\\\/la-joint-venture-propiedad-de-edp-renewables-y-engie-se-adjudica-un-cfd-para-su-proyecto-moray-west\\\/#breadcrumb\"},\"inLanguage\":\"en-US\",\"potentialAction\":[{\"@type\":\"ReadAction\",\"target\":[\"https:\\\/\\\/aeeolica.org\\\/la-joint-venture-propiedad-de-edp-renewables-y-engie-se-adjudica-un-cfd-para-su-proyecto-moray-west\\\/\"]}]},{\"@type\":\"ImageObject\",\"inLanguage\":\"en-US\",\"@id\":\"https:\\\/\\\/aeeolica.org\\\/la-joint-venture-propiedad-de-edp-renewables-y-engie-se-adjudica-un-cfd-para-su-proyecto-moray-west\\\/#primaryimage\",\"url\":\"https:\\\/\\\/aeeolica.org\\\/wp-content\\\/uploads\\\/2022\\\/07\\\/Moray-East-iii-1024x648.jpg\",\"contentUrl\":\"https:\\\/\\\/aeeolica.org\\\/wp-content\\\/uploads\\\/2022\\\/07\\\/Moray-East-iii-1024x648.jpg\"},{\"@type\":\"BreadcrumbList\",\"@id\":\"https:\\\/\\\/aeeolica.org\\\/la-joint-venture-propiedad-de-edp-renewables-y-engie-se-adjudica-un-cfd-para-su-proyecto-moray-west\\\/#breadcrumb\",\"itemListElement\":[{\"@type\":\"ListItem\",\"position\":1,\"name\":\"Portada\",\"item\":\"https:\\\/\\\/aeeolica.org\\\/en\\\/inicio\\\/\"},{\"@type\":\"ListItem\",\"position\":2,\"name\":\"La joint venture propiedad de EDP Renewables y Engie, se adjudica un CfD para su proyecto Moray West\"}]},{\"@type\":\"WebSite\",\"@id\":\"https:\\\/\\\/aeeolica.org\\\/#website\",\"url\":\"https:\\\/\\\/aeeolica.org\\\/\",\"name\":\"Asociaci\u00f3n Empresarial E\u00f3lica\",\"description\":\"AEE Asociaci\u00f3n Empresarial E\u00f3lica\",\"publisher\":{\"@id\":\"https:\\\/\\\/aeeolica.org\\\/#organization\"},\"potentialAction\":[{\"@type\":\"SearchAction\",\"target\":{\"@type\":\"EntryPoint\",\"urlTemplate\":\"https:\\\/\\\/aeeolica.org\\\/?s={search_term_string}\"},\"query-input\":{\"@type\":\"PropertyValueSpecification\",\"valueRequired\":true,\"valueName\":\"search_term_string\"}}],\"inLanguage\":\"en-US\"},{\"@type\":\"Organization\",\"@id\":\"https:\\\/\\\/aeeolica.org\\\/#organization\",\"name\":\"Asociaci\u00f3n Empresarial E\u00f3lica\",\"url\":\"https:\\\/\\\/aeeolica.org\\\/\",\"logo\":{\"@type\":\"ImageObject\",\"inLanguage\":\"en-US\",\"@id\":\"https:\\\/\\\/aeeolica.org\\\/#\\\/schema\\\/logo\\\/image\\\/\",\"url\":\"https:\\\/\\\/aeeolica.org\\\/wp-content\\\/uploads\\\/2021\\\/08\\\/logo-aee.png\",\"contentUrl\":\"https:\\\/\\\/aeeolica.org\\\/wp-content\\\/uploads\\\/2021\\\/08\\\/logo-aee.png\",\"width\":180,\"height\":78,\"caption\":\"Asociaci\u00f3n Empresarial E\u00f3lica\"},\"image\":{\"@id\":\"https:\\\/\\\/aeeolica.org\\\/#\\\/schema\\\/logo\\\/image\\\/\"},\"sameAs\":[\"https:\\\/\\\/www.facebook.com\\\/aeeolica\",\"https:\\\/\\\/x.com\\\/aeeolica\",\"https:\\\/\\\/www.instagram.com\\\/aeeolica\\\/\",\"https:\\\/\\\/www.linkedin.com\\\/in\\\/aee-asociaci\u00f3n-empresarial-e\u00f3lica-6830946b\\\/\",\"https:\\\/\\\/www.youtube.com\\\/user\\\/AEEolica\"]},{\"@type\":\"Person\",\"@id\":\"https:\\\/\\\/aeeolica.org\\\/#\\\/schema\\\/person\\\/064b26f21f7ed52e0b3854e6b52f9772\",\"name\":\"Morante D\u00edaz, Mar\u00eda del Mar\",\"image\":{\"@type\":\"ImageObject\",\"inLanguage\":\"en-US\",\"@id\":\"https:\\\/\\\/secure.gravatar.com\\\/avatar\\\/8bfd23e1c4bf5aa0b9314f1c5c9d644e62672831e6a512513954c3f15dffdd5a?s=96&d=mm&r=g\",\"url\":\"https:\\\/\\\/secure.gravatar.com\\\/avatar\\\/8bfd23e1c4bf5aa0b9314f1c5c9d644e62672831e6a512513954c3f15dffdd5a?s=96&d=mm&r=g\",\"contentUrl\":\"https:\\\/\\\/secure.gravatar.com\\\/avatar\\\/8bfd23e1c4bf5aa0b9314f1c5c9d644e62672831e6a512513954c3f15dffdd5a?s=96&d=mm&r=g\",\"caption\":\"Morante D\u00edaz, Mar\u00eda del Mar\"},\"url\":\"https:\\\/\\\/aeeolica.org\\\/en\\\/author\\\/mar\\\/\"}]}<\/script>\n<!-- \/ Yoast SEO plugin. -->","yoast_head_json":{"title":"La joint venture propiedad de EDP Renewables y Engie, se adjudica un CfD para su proyecto Moray West - Asociaci\u00f3n Empresarial E\u00f3lica","robots":{"index":"index","follow":"follow","max-snippet":"max-snippet:-1","max-image-preview":"max-image-preview:large","max-video-preview":"max-video-preview:-1"},"canonical":"https:\/\/aeeolica.org\/la-joint-venture-propiedad-de-edp-renewables-y-engie-se-adjudica-un-cfd-para-su-proyecto-moray-west\/","og_locale":"en_US","og_type":"article","og_title":"La joint venture propiedad de EDP Renewables y Engie, se adjudica un CfD para su proyecto Moray West - Asociaci\u00f3n Empresarial E\u00f3lica","og_description":"Ocean Winds, la joint venture offshore 50\/50 propiedad de EDP Renewables y Engie, ha sido adjudicada por el gobierno del Reino Unido con un Contrato por Diferencia (CfD por sus [&hellip;]","og_url":"https:\/\/aeeolica.org\/la-joint-venture-propiedad-de-edp-renewables-y-engie-se-adjudica-un-cfd-para-su-proyecto-moray-west\/","og_site_name":"Asociaci\u00f3n Empresarial E\u00f3lica","article_publisher":"https:\/\/www.facebook.com\/aeeolica","article_published_time":"2022-07-27T13:58:12+00:00","article_modified_time":"2022-07-27T13:58:15+00:00","og_image":[{"url":"https:\/\/aeeolica.org\/wp-content\/uploads\/2022\/07\/Moray-East-iii-1024x648.jpg","type":"","width":"","height":""}],"author":"Morante D\u00edaz, Mar\u00eda del Mar","twitter_card":"summary_large_image","twitter_creator":"@aeeolica","twitter_site":"@aeeolica","twitter_misc":{"Written by":"Morante D\u00edaz, Mar\u00eda del Mar","Est. reading time":"2 minutes"},"schema":{"@context":"https:\/\/schema.org","@graph":[{"@type":"Article","@id":"https:\/\/aeeolica.org\/la-joint-venture-propiedad-de-edp-renewables-y-engie-se-adjudica-un-cfd-para-su-proyecto-moray-west\/#article","isPartOf":{"@id":"https:\/\/aeeolica.org\/la-joint-venture-propiedad-de-edp-renewables-y-engie-se-adjudica-un-cfd-para-su-proyecto-moray-west\/"},"author":{"name":"Morante D\u00edaz, Mar\u00eda del Mar","@id":"https:\/\/aeeolica.org\/#\/schema\/person\/064b26f21f7ed52e0b3854e6b52f9772"},"headline":"La joint venture propiedad de EDP Renewables y Engie, se adjudica un CfD para su proyecto Moray West","datePublished":"2022-07-27T13:58:12+00:00","dateModified":"2022-07-27T13:58:15+00:00","mainEntityOfPage":{"@id":"https:\/\/aeeolica.org\/la-joint-venture-propiedad-de-edp-renewables-y-engie-se-adjudica-un-cfd-para-su-proyecto-moray-west\/"},"wordCount":197,"commentCount":5,"publisher":{"@id":"https:\/\/aeeolica.org\/#organization"},"image":{"@id":"https:\/\/aeeolica.org\/la-joint-venture-propiedad-de-edp-renewables-y-engie-se-adjudica-un-cfd-para-su-proyecto-moray-west\/#primaryimage"},"thumbnailUrl":"https:\/\/aeeolica.org\/wp-content\/uploads\/2022\/07\/Moray-East-iii-1024x648.jpg","articleSection":["Newsletter Julio 2022"],"inLanguage":"en-US","potentialAction":[{"@type":"CommentAction","name":"Comment","target":["https:\/\/aeeolica.org\/la-joint-venture-propiedad-de-edp-renewables-y-engie-se-adjudica-un-cfd-para-su-proyecto-moray-west\/#respond"]}]},{"@type":"WebPage","@id":"https:\/\/aeeolica.org\/la-joint-venture-propiedad-de-edp-renewables-y-engie-se-adjudica-un-cfd-para-su-proyecto-moray-west\/","url":"https:\/\/aeeolica.org\/la-joint-venture-propiedad-de-edp-renewables-y-engie-se-adjudica-un-cfd-para-su-proyecto-moray-west\/","name":"La joint venture propiedad de EDP Renewables y Engie, se adjudica un CfD para su proyecto Moray West - Asociaci\u00f3n Empresarial E\u00f3lica","isPartOf":{"@id":"https:\/\/aeeolica.org\/#website"},"primaryImageOfPage":{"@id":"https:\/\/aeeolica.org\/la-joint-venture-propiedad-de-edp-renewables-y-engie-se-adjudica-un-cfd-para-su-proyecto-moray-west\/#primaryimage"},"image":{"@id":"https:\/\/aeeolica.org\/la-joint-venture-propiedad-de-edp-renewables-y-engie-se-adjudica-un-cfd-para-su-proyecto-moray-west\/#primaryimage"},"thumbnailUrl":"https:\/\/aeeolica.org\/wp-content\/uploads\/2022\/07\/Moray-East-iii-1024x648.jpg","datePublished":"2022-07-27T13:58:12+00:00","dateModified":"2022-07-27T13:58:15+00:00","breadcrumb":{"@id":"https:\/\/aeeolica.org\/la-joint-venture-propiedad-de-edp-renewables-y-engie-se-adjudica-un-cfd-para-su-proyecto-moray-west\/#breadcrumb"},"inLanguage":"en-US","potentialAction":[{"@type":"ReadAction","target":["https:\/\/aeeolica.org\/la-joint-venture-propiedad-de-edp-renewables-y-engie-se-adjudica-un-cfd-para-su-proyecto-moray-west\/"]}]},{"@type":"ImageObject","inLanguage":"en-US","@id":"https:\/\/aeeolica.org\/la-joint-venture-propiedad-de-edp-renewables-y-engie-se-adjudica-un-cfd-para-su-proyecto-moray-west\/#primaryimage","url":"https:\/\/aeeolica.org\/wp-content\/uploads\/2022\/07\/Moray-East-iii-1024x648.jpg","contentUrl":"https:\/\/aeeolica.org\/wp-content\/uploads\/2022\/07\/Moray-East-iii-1024x648.jpg"},{"@type":"BreadcrumbList","@id":"https:\/\/aeeolica.org\/la-joint-venture-propiedad-de-edp-renewables-y-engie-se-adjudica-un-cfd-para-su-proyecto-moray-west\/#breadcrumb","itemListElement":[{"@type":"ListItem","position":1,"name":"Portada","item":"https:\/\/aeeolica.org\/en\/inicio\/"},{"@type":"ListItem","position":2,"name":"La joint venture propiedad de EDP Renewables y Engie, se adjudica un CfD para su proyecto Moray West"}]},{"@type":"WebSite","@id":"https:\/\/aeeolica.org\/#website","url":"https:\/\/aeeolica.org\/","name":"Asociaci\u00f3n Empresarial E\u00f3lica","description":"AEE Asociaci\u00f3n Empresarial E\u00f3lica","publisher":{"@id":"https:\/\/aeeolica.org\/#organization"},"potentialAction":[{"@type":"SearchAction","target":{"@type":"EntryPoint","urlTemplate":"https:\/\/aeeolica.org\/?s={search_term_string}"},"query-input":{"@type":"PropertyValueSpecification","valueRequired":true,"valueName":"search_term_string"}}],"inLanguage":"en-US"},{"@type":"Organization","@id":"https:\/\/aeeolica.org\/#organization","name":"Asociaci\u00f3n Empresarial E\u00f3lica","url":"https:\/\/aeeolica.org\/","logo":{"@type":"ImageObject","inLanguage":"en-US","@id":"https:\/\/aeeolica.org\/#\/schema\/logo\/image\/","url":"https:\/\/aeeolica.org\/wp-content\/uploads\/2021\/08\/logo-aee.png","contentUrl":"https:\/\/aeeolica.org\/wp-content\/uploads\/2021\/08\/logo-aee.png","width":180,"height":78,"caption":"Asociaci\u00f3n Empresarial E\u00f3lica"},"image":{"@id":"https:\/\/aeeolica.org\/#\/schema\/logo\/image\/"},"sameAs":["https:\/\/www.facebook.com\/aeeolica","https:\/\/x.com\/aeeolica","https:\/\/www.instagram.com\/aeeolica\/","https:\/\/www.linkedin.com\/in\/aee-asociaci\u00f3n-empresarial-e\u00f3lica-6830946b\/","https:\/\/www.youtube.com\/user\/AEEolica"]},{"@type":"Person","@id":"https:\/\/aeeolica.org\/#\/schema\/person\/064b26f21f7ed52e0b3854e6b52f9772","name":"Morante D\u00edaz, Mar\u00eda del Mar","image":{"@type":"ImageObject","inLanguage":"en-US","@id":"https:\/\/secure.gravatar.com\/avatar\/8bfd23e1c4bf5aa0b9314f1c5c9d644e62672831e6a512513954c3f15dffdd5a?s=96&d=mm&r=g","url":"https:\/\/secure.gravatar.com\/avatar\/8bfd23e1c4bf5aa0b9314f1c5c9d644e62672831e6a512513954c3f15dffdd5a?s=96&d=mm&r=g","contentUrl":"https:\/\/secure.gravatar.com\/avatar\/8bfd23e1c4bf5aa0b9314f1c5c9d644e62672831e6a512513954c3f15dffdd5a?s=96&d=mm&r=g","caption":"Morante D\u00edaz, Mar\u00eda del Mar"},"url":"https:\/\/aeeolica.org\/en\/author\/mar\/"}]}},"_links":{"self":[{"href":"https:\/\/aeeolica.org\/en\/wp-json\/wp\/v2\/posts\/46502","targetHints":{"allow":["GET"]}}],"collection":[{"href":"https:\/\/aeeolica.org\/en\/wp-json\/wp\/v2\/posts"}],"about":[{"href":"https:\/\/aeeolica.org\/en\/wp-json\/wp\/v2\/types\/post"}],"author":[{"embeddable":true,"href":"https:\/\/aeeolica.org\/en\/wp-json\/wp\/v2\/users\/2"}],"replies":[{"embeddable":true,"href":"https:\/\/aeeolica.org\/en\/wp-json\/wp\/v2\/comments?post=46502"}],"version-history":[{"count":0,"href":"https:\/\/aeeolica.org\/en\/wp-json\/wp\/v2\/posts\/46502\/revisions"}],"wp:attachment":[{"href":"https:\/\/aeeolica.org\/en\/wp-json\/wp\/v2\/media?parent=46502"}],"wp:term":[{"taxonomy":"category","embeddable":true,"href":"https:\/\/aeeolica.org\/en\/wp-json\/wp\/v2\/categories?post=46502"},{"taxonomy":"post_tag","embeddable":true,"href":"https:\/\/aeeolica.org\/en\/wp-json\/wp\/v2\/tags?post=46502"}],"curies":[{"name":"wp","href":"https:\/\/api.w.org\/{rel}","templated":true}]}}