{"id":46505,"date":"2022-07-27T16:05:13","date_gmt":"2022-07-27T14:05:13","guid":{"rendered":"https:\/\/aeeolica.org\/?p=46505"},"modified":"2022-07-27T16:05:16","modified_gmt":"2022-07-27T14:05:16","slug":"acciona-energia-acelera-su-crecimiento-con-dos-nuevos-parques-eolicos-en-croacia","status":"publish","type":"post","link":"https:\/\/aeeolica.org\/en\/acciona-energia-acelera-su-crecimiento-con-dos-nuevos-parques-eolicos-en-croacia\/","title":{"rendered":"ACCIONA Energ\u00eda acelera su crecimiento con dos nuevos parques e\u00f3licos en Croacia"},"content":{"rendered":"\n<p>ACCIONA Energ\u00eda ha anunciado la construcci\u00f3n de dos nuevos proyectos e\u00f3licos en Croacia, Opor (27MW) y Boraja II (45MW), vinculados a un \u2018Contrato por Diferencia\u2019 (CfD) durante 12 a\u00f1os con el regulador croata de electricidad y gas Hrvatski Operator Trzista Energije (HROTE). Este CfD ha sido asignado mediante subasta p\u00fablica como parte de un programa lanzado por el gobierno croata y HROTE y aprobado por la Comisi\u00f3n Europea para acelerar la implantaci\u00f3n de las renovables y contribuir a los objetivos europeos de descarbonizaci\u00f3n.<\/p>\n\n\n\n<p>Los proyectos de Opor y Boraja II conllevar\u00e1n una inversi\u00f3n cercana a los \u20ac100 millones. En total, contar\u00e1n con 16 aerogeneradores Nordex de 4,5MW que generar\u00e1n 203GWh de electricidad limpia anuales, equivalentes a la demanda de unos 60.000 hogares. Tras su entrada en operaci\u00f3n, prevista para 2024, estos dos parques e\u00f3licos evitar\u00e1n anualmente la emisi\u00f3n de unas 135.000 toneladas anuales de CO2. Adem\u00e1s, formar\u00e1n parte del programa de Gesti\u00f3n del Impacto Social de ACCIONA Energ\u00eda, que reinvierte una parte de los ingresos anuales de sus instalaciones para mejorar la formaci\u00f3n, el bienestar y la gesti\u00f3n medioambiental de las comunidades donde opera.<\/p>\n\n\n\n<p>Opor y Boraja II ser\u00e1n construidos en las regiones de Split-Dalmacia y \u0160ibenik-Knin respectivamente, y se suman al complejo e\u00f3lico de Jelinak (30MW), tambi\u00e9n en Split-Dalmacia, que ACCIONA Energ\u00eda opera desde 2013. Con estos dos proyectos, ACCIONA Energ\u00eda ampl\u00eda su cartera y su diversificaci\u00f3n geogr\u00e1fica y sigue avanzando en sus planes de crecimiento para duplicar su tama\u00f1o y alcanzar los 20GW de potencia instalada en 2025.<\/p>\n\n\n\n<p>ACCIONA Energ\u00eda es la mayor compa\u00f1\u00eda energ\u00e9tica 100% renovable y sin legado f\u00f3sil del mundo. Cuenta con 11,2GW renovables y operaciones comerciales en 20 pa\u00edses. Con m\u00e1s de 30 a\u00f1os de trayectoria, ACCIONA Energ\u00eda ofrece una amplia cartera de soluciones energ\u00e9ticas a medida para que sus clientes corporativos e institucionales puedan cumplir sus objetivos de descarbonizaci\u00f3n. ACCIONA Energ\u00eda se rige por los m\u00e1s exigentes criterios medioambientales, sociales y de gobierno corporativo (ESG). ACCIONA S.A., compa\u00f1\u00eda global l\u00edder en la provisi\u00f3n de soluciones regenerativas para una econom\u00eda descarbonizada, es accionista de referencia de ACCIONA Energ\u00eda. <a href=\"https:\/\/www.acciona-energia.com\/?_adin=02021864894\">www.acciona-energia.com<\/a><\/p>\n\n\n\n<figure class=\"wp-block-image size-large\"><img decoding=\"async\" width=\"1024\" height=\"681\" src=\"https:\/\/aeeolica.org\/wp-content\/uploads\/2022\/07\/Jelinak-Wind-Farm-Croatia-1024x681.jpeg\" alt=\"\" class=\"wp-image-46506\" srcset=\"https:\/\/aeeolica.org\/wp-content\/uploads\/2022\/07\/Jelinak-Wind-Farm-Croatia-980x652.jpeg 980w, https:\/\/aeeolica.org\/wp-content\/uploads\/2022\/07\/Jelinak-Wind-Farm-Croatia-480x319.jpeg 480w\" sizes=\"(min-width: 0px) and (max-width: 480px) 480px, (min-width: 481px) and (max-width: 980px) 980px, (min-width: 981px) 1024px, 100vw\" \/><\/figure>\n","protected":false},"excerpt":{"rendered":"<p>ACCIONA Energ\u00eda ha anunciado la construcci\u00f3n de dos nuevos proyectos e\u00f3licos en Croacia, Opor (27MW) y Boraja II (45MW), vinculados a un \u2018Contrato por Diferencia\u2019 (CfD) durante 12 a\u00f1os con [&hellip;]<\/p>\n","protected":false},"author":2,"featured_media":0,"comment_status":"open","ping_status":"open","sticky":false,"template":"","format":"standard","meta":{"_acf_changed":false,"_bbp_topic_count":0,"_bbp_reply_count":0,"_bbp_total_topic_count":0,"_bbp_total_reply_count":0,"_bbp_voice_count":0,"_bbp_anonymous_reply_count":0,"_bbp_topic_count_hidden":0,"_bbp_reply_count_hidden":0,"_bbp_forum_subforum_count":0,"_et_pb_use_builder":"","_et_pb_old_content":"","_et_gb_content_width":"","footnotes":""},"categories":[438],"tags":[],"class_list":["post-46505","post","type-post","status-publish","format-standard","hentry","category-newsletter-julio-2022"],"acf":[],"yoast_head":"<!-- This site is optimized with the Yoast SEO plugin v27.4 - https:\/\/yoast.com\/product\/yoast-seo-wordpress\/ -->\n<title>ACCIONA Energ\u00eda acelera su crecimiento con dos nuevos parques e\u00f3licos en Croacia - Asociaci\u00f3n Empresarial E\u00f3lica<\/title>\n<meta name=\"robots\" content=\"index, follow, max-snippet:-1, max-image-preview:large, max-video-preview:-1\" \/>\n<link rel=\"canonical\" href=\"https:\/\/aeeolica.org\/acciona-energia-acelera-su-crecimiento-con-dos-nuevos-parques-eolicos-en-croacia\/\" \/>\n<meta property=\"og:locale\" content=\"en_US\" \/>\n<meta property=\"og:type\" content=\"article\" \/>\n<meta property=\"og:title\" content=\"ACCIONA Energ\u00eda acelera su crecimiento con dos nuevos parques e\u00f3licos en Croacia - Asociaci\u00f3n Empresarial E\u00f3lica\" \/>\n<meta property=\"og:description\" content=\"ACCIONA Energ\u00eda ha anunciado la construcci\u00f3n de dos nuevos proyectos e\u00f3licos en Croacia, Opor (27MW) y Boraja II (45MW), vinculados a un \u2018Contrato por Diferencia\u2019 (CfD) durante 12 a\u00f1os con [&hellip;]\" \/>\n<meta property=\"og:url\" content=\"https:\/\/aeeolica.org\/acciona-energia-acelera-su-crecimiento-con-dos-nuevos-parques-eolicos-en-croacia\/\" \/>\n<meta property=\"og:site_name\" content=\"Asociaci\u00f3n Empresarial E\u00f3lica\" \/>\n<meta property=\"article:publisher\" content=\"https:\/\/www.facebook.com\/aeeolica\" \/>\n<meta property=\"article:published_time\" content=\"2022-07-27T14:05:13+00:00\" \/>\n<meta property=\"article:modified_time\" content=\"2022-07-27T14:05:16+00:00\" \/>\n<meta property=\"og:image\" content=\"https:\/\/aeeolica.org\/wp-content\/uploads\/2022\/07\/Jelinak-Wind-Farm-Croatia-1024x681.jpeg\" \/>\n<meta name=\"author\" content=\"Morante D\u00edaz, Mar\u00eda del Mar\" \/>\n<meta name=\"twitter:card\" content=\"summary_large_image\" \/>\n<meta name=\"twitter:creator\" content=\"@aeeolica\" \/>\n<meta name=\"twitter:site\" content=\"@aeeolica\" \/>\n<meta name=\"twitter:label1\" content=\"Written by\" \/>\n\t<meta name=\"twitter:data1\" content=\"Morante D\u00edaz, Mar\u00eda del Mar\" \/>\n\t<meta name=\"twitter:label2\" content=\"Est. reading time\" \/>\n\t<meta name=\"twitter:data2\" content=\"2 minutes\" \/>\n<script type=\"application\/ld+json\" class=\"yoast-schema-graph\">{\"@context\":\"https:\\\/\\\/schema.org\",\"@graph\":[{\"@type\":\"Article\",\"@id\":\"https:\\\/\\\/aeeolica.org\\\/acciona-energia-acelera-su-crecimiento-con-dos-nuevos-parques-eolicos-en-croacia\\\/#article\",\"isPartOf\":{\"@id\":\"https:\\\/\\\/aeeolica.org\\\/acciona-energia-acelera-su-crecimiento-con-dos-nuevos-parques-eolicos-en-croacia\\\/\"},\"author\":{\"name\":\"Morante D\u00edaz, Mar\u00eda del Mar\",\"@id\":\"https:\\\/\\\/aeeolica.org\\\/#\\\/schema\\\/person\\\/064b26f21f7ed52e0b3854e6b52f9772\"},\"headline\":\"ACCIONA Energ\u00eda acelera su crecimiento con dos nuevos parques e\u00f3licos en Croacia\",\"datePublished\":\"2022-07-27T14:05:13+00:00\",\"dateModified\":\"2022-07-27T14:05:16+00:00\",\"mainEntityOfPage\":{\"@id\":\"https:\\\/\\\/aeeolica.org\\\/acciona-energia-acelera-su-crecimiento-con-dos-nuevos-parques-eolicos-en-croacia\\\/\"},\"wordCount\":399,\"commentCount\":2,\"publisher\":{\"@id\":\"https:\\\/\\\/aeeolica.org\\\/#organization\"},\"image\":{\"@id\":\"https:\\\/\\\/aeeolica.org\\\/acciona-energia-acelera-su-crecimiento-con-dos-nuevos-parques-eolicos-en-croacia\\\/#primaryimage\"},\"thumbnailUrl\":\"https:\\\/\\\/aeeolica.org\\\/wp-content\\\/uploads\\\/2022\\\/07\\\/Jelinak-Wind-Farm-Croatia-1024x681.jpeg\",\"articleSection\":[\"Newsletter Julio 2022\"],\"inLanguage\":\"en-US\",\"potentialAction\":[{\"@type\":\"CommentAction\",\"name\":\"Comment\",\"target\":[\"https:\\\/\\\/aeeolica.org\\\/acciona-energia-acelera-su-crecimiento-con-dos-nuevos-parques-eolicos-en-croacia\\\/#respond\"]}]},{\"@type\":\"WebPage\",\"@id\":\"https:\\\/\\\/aeeolica.org\\\/acciona-energia-acelera-su-crecimiento-con-dos-nuevos-parques-eolicos-en-croacia\\\/\",\"url\":\"https:\\\/\\\/aeeolica.org\\\/acciona-energia-acelera-su-crecimiento-con-dos-nuevos-parques-eolicos-en-croacia\\\/\",\"name\":\"ACCIONA Energ\u00eda acelera su crecimiento con dos nuevos parques e\u00f3licos en Croacia - Asociaci\u00f3n Empresarial E\u00f3lica\",\"isPartOf\":{\"@id\":\"https:\\\/\\\/aeeolica.org\\\/#website\"},\"primaryImageOfPage\":{\"@id\":\"https:\\\/\\\/aeeolica.org\\\/acciona-energia-acelera-su-crecimiento-con-dos-nuevos-parques-eolicos-en-croacia\\\/#primaryimage\"},\"image\":{\"@id\":\"https:\\\/\\\/aeeolica.org\\\/acciona-energia-acelera-su-crecimiento-con-dos-nuevos-parques-eolicos-en-croacia\\\/#primaryimage\"},\"thumbnailUrl\":\"https:\\\/\\\/aeeolica.org\\\/wp-content\\\/uploads\\\/2022\\\/07\\\/Jelinak-Wind-Farm-Croatia-1024x681.jpeg\",\"datePublished\":\"2022-07-27T14:05:13+00:00\",\"dateModified\":\"2022-07-27T14:05:16+00:00\",\"breadcrumb\":{\"@id\":\"https:\\\/\\\/aeeolica.org\\\/acciona-energia-acelera-su-crecimiento-con-dos-nuevos-parques-eolicos-en-croacia\\\/#breadcrumb\"},\"inLanguage\":\"en-US\",\"potentialAction\":[{\"@type\":\"ReadAction\",\"target\":[\"https:\\\/\\\/aeeolica.org\\\/acciona-energia-acelera-su-crecimiento-con-dos-nuevos-parques-eolicos-en-croacia\\\/\"]}]},{\"@type\":\"ImageObject\",\"inLanguage\":\"en-US\",\"@id\":\"https:\\\/\\\/aeeolica.org\\\/acciona-energia-acelera-su-crecimiento-con-dos-nuevos-parques-eolicos-en-croacia\\\/#primaryimage\",\"url\":\"https:\\\/\\\/aeeolica.org\\\/wp-content\\\/uploads\\\/2022\\\/07\\\/Jelinak-Wind-Farm-Croatia-1024x681.jpeg\",\"contentUrl\":\"https:\\\/\\\/aeeolica.org\\\/wp-content\\\/uploads\\\/2022\\\/07\\\/Jelinak-Wind-Farm-Croatia-1024x681.jpeg\"},{\"@type\":\"BreadcrumbList\",\"@id\":\"https:\\\/\\\/aeeolica.org\\\/acciona-energia-acelera-su-crecimiento-con-dos-nuevos-parques-eolicos-en-croacia\\\/#breadcrumb\",\"itemListElement\":[{\"@type\":\"ListItem\",\"position\":1,\"name\":\"Portada\",\"item\":\"https:\\\/\\\/aeeolica.org\\\/en\\\/inicio\\\/\"},{\"@type\":\"ListItem\",\"position\":2,\"name\":\"ACCIONA Energ\u00eda acelera su crecimiento con dos nuevos parques e\u00f3licos en Croacia\"}]},{\"@type\":\"WebSite\",\"@id\":\"https:\\\/\\\/aeeolica.org\\\/#website\",\"url\":\"https:\\\/\\\/aeeolica.org\\\/\",\"name\":\"Asociaci\u00f3n Empresarial E\u00f3lica\",\"description\":\"AEE Asociaci\u00f3n Empresarial E\u00f3lica\",\"publisher\":{\"@id\":\"https:\\\/\\\/aeeolica.org\\\/#organization\"},\"potentialAction\":[{\"@type\":\"SearchAction\",\"target\":{\"@type\":\"EntryPoint\",\"urlTemplate\":\"https:\\\/\\\/aeeolica.org\\\/?s={search_term_string}\"},\"query-input\":{\"@type\":\"PropertyValueSpecification\",\"valueRequired\":true,\"valueName\":\"search_term_string\"}}],\"inLanguage\":\"en-US\"},{\"@type\":\"Organization\",\"@id\":\"https:\\\/\\\/aeeolica.org\\\/#organization\",\"name\":\"Asociaci\u00f3n Empresarial E\u00f3lica\",\"url\":\"https:\\\/\\\/aeeolica.org\\\/\",\"logo\":{\"@type\":\"ImageObject\",\"inLanguage\":\"en-US\",\"@id\":\"https:\\\/\\\/aeeolica.org\\\/#\\\/schema\\\/logo\\\/image\\\/\",\"url\":\"https:\\\/\\\/aeeolica.org\\\/wp-content\\\/uploads\\\/2021\\\/08\\\/logo-aee.png\",\"contentUrl\":\"https:\\\/\\\/aeeolica.org\\\/wp-content\\\/uploads\\\/2021\\\/08\\\/logo-aee.png\",\"width\":180,\"height\":78,\"caption\":\"Asociaci\u00f3n Empresarial E\u00f3lica\"},\"image\":{\"@id\":\"https:\\\/\\\/aeeolica.org\\\/#\\\/schema\\\/logo\\\/image\\\/\"},\"sameAs\":[\"https:\\\/\\\/www.facebook.com\\\/aeeolica\",\"https:\\\/\\\/x.com\\\/aeeolica\",\"https:\\\/\\\/www.instagram.com\\\/aeeolica\\\/\",\"https:\\\/\\\/www.linkedin.com\\\/in\\\/aee-asociaci\u00f3n-empresarial-e\u00f3lica-6830946b\\\/\",\"https:\\\/\\\/www.youtube.com\\\/user\\\/AEEolica\"]},{\"@type\":\"Person\",\"@id\":\"https:\\\/\\\/aeeolica.org\\\/#\\\/schema\\\/person\\\/064b26f21f7ed52e0b3854e6b52f9772\",\"name\":\"Morante D\u00edaz, Mar\u00eda del Mar\",\"image\":{\"@type\":\"ImageObject\",\"inLanguage\":\"en-US\",\"@id\":\"https:\\\/\\\/secure.gravatar.com\\\/avatar\\\/8bfd23e1c4bf5aa0b9314f1c5c9d644e62672831e6a512513954c3f15dffdd5a?s=96&d=mm&r=g\",\"url\":\"https:\\\/\\\/secure.gravatar.com\\\/avatar\\\/8bfd23e1c4bf5aa0b9314f1c5c9d644e62672831e6a512513954c3f15dffdd5a?s=96&d=mm&r=g\",\"contentUrl\":\"https:\\\/\\\/secure.gravatar.com\\\/avatar\\\/8bfd23e1c4bf5aa0b9314f1c5c9d644e62672831e6a512513954c3f15dffdd5a?s=96&d=mm&r=g\",\"caption\":\"Morante D\u00edaz, Mar\u00eda del Mar\"},\"url\":\"https:\\\/\\\/aeeolica.org\\\/en\\\/author\\\/mar\\\/\"}]}<\/script>\n<!-- \/ Yoast SEO plugin. -->","yoast_head_json":{"title":"ACCIONA Energ\u00eda acelera su crecimiento con dos nuevos parques e\u00f3licos en Croacia - Asociaci\u00f3n Empresarial E\u00f3lica","robots":{"index":"index","follow":"follow","max-snippet":"max-snippet:-1","max-image-preview":"max-image-preview:large","max-video-preview":"max-video-preview:-1"},"canonical":"https:\/\/aeeolica.org\/acciona-energia-acelera-su-crecimiento-con-dos-nuevos-parques-eolicos-en-croacia\/","og_locale":"en_US","og_type":"article","og_title":"ACCIONA Energ\u00eda acelera su crecimiento con dos nuevos parques e\u00f3licos en Croacia - Asociaci\u00f3n Empresarial E\u00f3lica","og_description":"ACCIONA Energ\u00eda ha anunciado la construcci\u00f3n de dos nuevos proyectos e\u00f3licos en Croacia, Opor (27MW) y Boraja II (45MW), vinculados a un \u2018Contrato por Diferencia\u2019 (CfD) durante 12 a\u00f1os con [&hellip;]","og_url":"https:\/\/aeeolica.org\/acciona-energia-acelera-su-crecimiento-con-dos-nuevos-parques-eolicos-en-croacia\/","og_site_name":"Asociaci\u00f3n Empresarial E\u00f3lica","article_publisher":"https:\/\/www.facebook.com\/aeeolica","article_published_time":"2022-07-27T14:05:13+00:00","article_modified_time":"2022-07-27T14:05:16+00:00","og_image":[{"url":"https:\/\/aeeolica.org\/wp-content\/uploads\/2022\/07\/Jelinak-Wind-Farm-Croatia-1024x681.jpeg","type":"","width":"","height":""}],"author":"Morante D\u00edaz, Mar\u00eda del Mar","twitter_card":"summary_large_image","twitter_creator":"@aeeolica","twitter_site":"@aeeolica","twitter_misc":{"Written by":"Morante D\u00edaz, Mar\u00eda del Mar","Est. reading time":"2 minutes"},"schema":{"@context":"https:\/\/schema.org","@graph":[{"@type":"Article","@id":"https:\/\/aeeolica.org\/acciona-energia-acelera-su-crecimiento-con-dos-nuevos-parques-eolicos-en-croacia\/#article","isPartOf":{"@id":"https:\/\/aeeolica.org\/acciona-energia-acelera-su-crecimiento-con-dos-nuevos-parques-eolicos-en-croacia\/"},"author":{"name":"Morante D\u00edaz, Mar\u00eda del Mar","@id":"https:\/\/aeeolica.org\/#\/schema\/person\/064b26f21f7ed52e0b3854e6b52f9772"},"headline":"ACCIONA Energ\u00eda acelera su crecimiento con dos nuevos parques e\u00f3licos en Croacia","datePublished":"2022-07-27T14:05:13+00:00","dateModified":"2022-07-27T14:05:16+00:00","mainEntityOfPage":{"@id":"https:\/\/aeeolica.org\/acciona-energia-acelera-su-crecimiento-con-dos-nuevos-parques-eolicos-en-croacia\/"},"wordCount":399,"commentCount":2,"publisher":{"@id":"https:\/\/aeeolica.org\/#organization"},"image":{"@id":"https:\/\/aeeolica.org\/acciona-energia-acelera-su-crecimiento-con-dos-nuevos-parques-eolicos-en-croacia\/#primaryimage"},"thumbnailUrl":"https:\/\/aeeolica.org\/wp-content\/uploads\/2022\/07\/Jelinak-Wind-Farm-Croatia-1024x681.jpeg","articleSection":["Newsletter Julio 2022"],"inLanguage":"en-US","potentialAction":[{"@type":"CommentAction","name":"Comment","target":["https:\/\/aeeolica.org\/acciona-energia-acelera-su-crecimiento-con-dos-nuevos-parques-eolicos-en-croacia\/#respond"]}]},{"@type":"WebPage","@id":"https:\/\/aeeolica.org\/acciona-energia-acelera-su-crecimiento-con-dos-nuevos-parques-eolicos-en-croacia\/","url":"https:\/\/aeeolica.org\/acciona-energia-acelera-su-crecimiento-con-dos-nuevos-parques-eolicos-en-croacia\/","name":"ACCIONA Energ\u00eda acelera su crecimiento con dos nuevos parques e\u00f3licos en Croacia - Asociaci\u00f3n Empresarial E\u00f3lica","isPartOf":{"@id":"https:\/\/aeeolica.org\/#website"},"primaryImageOfPage":{"@id":"https:\/\/aeeolica.org\/acciona-energia-acelera-su-crecimiento-con-dos-nuevos-parques-eolicos-en-croacia\/#primaryimage"},"image":{"@id":"https:\/\/aeeolica.org\/acciona-energia-acelera-su-crecimiento-con-dos-nuevos-parques-eolicos-en-croacia\/#primaryimage"},"thumbnailUrl":"https:\/\/aeeolica.org\/wp-content\/uploads\/2022\/07\/Jelinak-Wind-Farm-Croatia-1024x681.jpeg","datePublished":"2022-07-27T14:05:13+00:00","dateModified":"2022-07-27T14:05:16+00:00","breadcrumb":{"@id":"https:\/\/aeeolica.org\/acciona-energia-acelera-su-crecimiento-con-dos-nuevos-parques-eolicos-en-croacia\/#breadcrumb"},"inLanguage":"en-US","potentialAction":[{"@type":"ReadAction","target":["https:\/\/aeeolica.org\/acciona-energia-acelera-su-crecimiento-con-dos-nuevos-parques-eolicos-en-croacia\/"]}]},{"@type":"ImageObject","inLanguage":"en-US","@id":"https:\/\/aeeolica.org\/acciona-energia-acelera-su-crecimiento-con-dos-nuevos-parques-eolicos-en-croacia\/#primaryimage","url":"https:\/\/aeeolica.org\/wp-content\/uploads\/2022\/07\/Jelinak-Wind-Farm-Croatia-1024x681.jpeg","contentUrl":"https:\/\/aeeolica.org\/wp-content\/uploads\/2022\/07\/Jelinak-Wind-Farm-Croatia-1024x681.jpeg"},{"@type":"BreadcrumbList","@id":"https:\/\/aeeolica.org\/acciona-energia-acelera-su-crecimiento-con-dos-nuevos-parques-eolicos-en-croacia\/#breadcrumb","itemListElement":[{"@type":"ListItem","position":1,"name":"Portada","item":"https:\/\/aeeolica.org\/en\/inicio\/"},{"@type":"ListItem","position":2,"name":"ACCIONA Energ\u00eda acelera su crecimiento con dos nuevos parques e\u00f3licos en Croacia"}]},{"@type":"WebSite","@id":"https:\/\/aeeolica.org\/#website","url":"https:\/\/aeeolica.org\/","name":"Asociaci\u00f3n Empresarial E\u00f3lica","description":"AEE Asociaci\u00f3n Empresarial E\u00f3lica","publisher":{"@id":"https:\/\/aeeolica.org\/#organization"},"potentialAction":[{"@type":"SearchAction","target":{"@type":"EntryPoint","urlTemplate":"https:\/\/aeeolica.org\/?s={search_term_string}"},"query-input":{"@type":"PropertyValueSpecification","valueRequired":true,"valueName":"search_term_string"}}],"inLanguage":"en-US"},{"@type":"Organization","@id":"https:\/\/aeeolica.org\/#organization","name":"Asociaci\u00f3n Empresarial E\u00f3lica","url":"https:\/\/aeeolica.org\/","logo":{"@type":"ImageObject","inLanguage":"en-US","@id":"https:\/\/aeeolica.org\/#\/schema\/logo\/image\/","url":"https:\/\/aeeolica.org\/wp-content\/uploads\/2021\/08\/logo-aee.png","contentUrl":"https:\/\/aeeolica.org\/wp-content\/uploads\/2021\/08\/logo-aee.png","width":180,"height":78,"caption":"Asociaci\u00f3n Empresarial E\u00f3lica"},"image":{"@id":"https:\/\/aeeolica.org\/#\/schema\/logo\/image\/"},"sameAs":["https:\/\/www.facebook.com\/aeeolica","https:\/\/x.com\/aeeolica","https:\/\/www.instagram.com\/aeeolica\/","https:\/\/www.linkedin.com\/in\/aee-asociaci\u00f3n-empresarial-e\u00f3lica-6830946b\/","https:\/\/www.youtube.com\/user\/AEEolica"]},{"@type":"Person","@id":"https:\/\/aeeolica.org\/#\/schema\/person\/064b26f21f7ed52e0b3854e6b52f9772","name":"Morante D\u00edaz, Mar\u00eda del Mar","image":{"@type":"ImageObject","inLanguage":"en-US","@id":"https:\/\/secure.gravatar.com\/avatar\/8bfd23e1c4bf5aa0b9314f1c5c9d644e62672831e6a512513954c3f15dffdd5a?s=96&d=mm&r=g","url":"https:\/\/secure.gravatar.com\/avatar\/8bfd23e1c4bf5aa0b9314f1c5c9d644e62672831e6a512513954c3f15dffdd5a?s=96&d=mm&r=g","contentUrl":"https:\/\/secure.gravatar.com\/avatar\/8bfd23e1c4bf5aa0b9314f1c5c9d644e62672831e6a512513954c3f15dffdd5a?s=96&d=mm&r=g","caption":"Morante D\u00edaz, Mar\u00eda del Mar"},"url":"https:\/\/aeeolica.org\/en\/author\/mar\/"}]}},"_links":{"self":[{"href":"https:\/\/aeeolica.org\/en\/wp-json\/wp\/v2\/posts\/46505","targetHints":{"allow":["GET"]}}],"collection":[{"href":"https:\/\/aeeolica.org\/en\/wp-json\/wp\/v2\/posts"}],"about":[{"href":"https:\/\/aeeolica.org\/en\/wp-json\/wp\/v2\/types\/post"}],"author":[{"embeddable":true,"href":"https:\/\/aeeolica.org\/en\/wp-json\/wp\/v2\/users\/2"}],"replies":[{"embeddable":true,"href":"https:\/\/aeeolica.org\/en\/wp-json\/wp\/v2\/comments?post=46505"}],"version-history":[{"count":0,"href":"https:\/\/aeeolica.org\/en\/wp-json\/wp\/v2\/posts\/46505\/revisions"}],"wp:attachment":[{"href":"https:\/\/aeeolica.org\/en\/wp-json\/wp\/v2\/media?parent=46505"}],"wp:term":[{"taxonomy":"category","embeddable":true,"href":"https:\/\/aeeolica.org\/en\/wp-json\/wp\/v2\/categories?post=46505"},{"taxonomy":"post_tag","embeddable":true,"href":"https:\/\/aeeolica.org\/en\/wp-json\/wp\/v2\/tags?post=46505"}],"curies":[{"name":"wp","href":"https:\/\/api.w.org\/{rel}","templated":true}]}}