{"id":46510,"date":"2022-07-27T16:11:17","date_gmt":"2022-07-27T14:11:17","guid":{"rendered":"https:\/\/aeeolica.org\/?p=46510"},"modified":"2022-07-27T16:11:20","modified_gmt":"2022-07-27T14:11:20","slug":"gas-natural-la-bateria-no-recargable-del-presente-hidrogeno-verde-la-bateria-del-futuro-un-analisis-de-aleasoft","status":"publish","type":"post","link":"https:\/\/aeeolica.org\/en\/gas-natural-la-bateria-no-recargable-del-presente-hidrogeno-verde-la-bateria-del-futuro-un-analisis-de-aleasoft\/","title":{"rendered":"Gas natural, la bater\u00eda no recargable del presente. Hidr\u00f3geno verde, la bater\u00eda del futuro. Un an\u00e1lisis de AleaSoft"},"content":{"rendered":"\n<p>La arrancada del mecanismo de ajuste de costes del RDL&nbsp;10\/2022 ha puesto de manifiesto el papel de los ciclos combinados de gas como respaldo de las energ\u00edas renovables. Esa necesidad de respaldo para la e\u00f3lica y la fotovoltaica hace plantearse la pregunta de qu\u00e9 va a sustituir al gas natural en un sistema 100% renovable sin combustibles f\u00f3siles hacia el que Europa se dirige con la transici\u00f3n energ\u00e9tica.<\/p>\n\n\n\n<p>El mecanismo de ajuste de costes en la producci\u00f3n de electricidad<\/p>\n\n\n\n<p>La entrada en funcionamiento, el pasado 14 de junio, del <a href=\"https:\/\/aleasoft.com\/es\/demanda-cobertura-a-plazo-exenta-ajuste-precios-gas\/\">mecanismo de ajuste de costes en la producci\u00f3n de electricidad<\/a>, publicado en el <strong>Real Decreto\u2011ley&nbsp;10\/2022<\/strong>, ha coincidido con los d\u00edas de mayor producci\u00f3n de los <strong>ciclos combinados de gas <\/strong>en todo lo que va de 2022. El jueves 16 de junio, la generaci\u00f3n con gas, esto es ciclos combinados m\u00e1s <strong>cogeneraci\u00f3n<\/strong>, ascendi\u00f3 a 413&nbsp;GWh y cubri\u00f3 el 55% de la <strong>demanda de electricidad<\/strong>.<\/p>\n\n\n\n<p>Este aumento de la generaci\u00f3n con los ciclos combinados ha sido consecuencia de una combinaci\u00f3n de factores. Por un lado, la coincidencia de una baja <strong>generaci\u00f3n e\u00f3lica<\/strong> y un aumento de demanda por la subida de las temperaturas y la <strong>ola de calor<\/strong> que azota la pen\u00ednsula ib\u00e9rica. Por otro lado, la entrada en funcionamiento del mecanismo de ajuste de costes ha supuesto precios m\u00e1s bajos en el mercado ib\u00e9rico de electricidad, por lo que la exportaci\u00f3n de electricidad a Francia ha aumentado, aunque no se encuentra en m\u00e1ximos a\u00fan.<\/p>\n\n\n\n<figure class=\"wp-block-image size-large\"><img decoding=\"async\" width=\"1024\" height=\"602\" src=\"https:\/\/aeeolica.org\/wp-content\/uploads\/2022\/07\/20220719-AleaSoft-Mix-generacion-electricidad-Espanna-1024x602.png\" alt=\"\" class=\"wp-image-46511\" srcset=\"https:\/\/aeeolica.org\/wp-content\/uploads\/2022\/07\/20220719-AleaSoft-Mix-generacion-electricidad-Espanna-980x576.png 980w, https:\/\/aeeolica.org\/wp-content\/uploads\/2022\/07\/20220719-AleaSoft-Mix-generacion-electricidad-Espanna-480x282.png 480w\" sizes=\"(min-width: 0px) and (max-width: 480px) 480px, (min-width: 481px) and (max-width: 980px) 980px, (min-width: 981px) 1024px, 100vw\" \/><\/figure>\n\n\n\n<p>Todo ello ha conllevado que, aunque se produjo una ca\u00edda de los precios en el mercado diario, al tener que compensar mucha generaci\u00f3n con gas, finalmente el precio final sea igual o mayor que los precios de los d\u00edas anteriores a la aplicaci\u00f3n del mecanismo de ajuste.<\/p>\n\n\n\n<p>\u00bfQu\u00e9 pasar\u00e1 cuando no haya gas?<\/p>\n\n\n\n<p>Situaciones como esta hacen plantearse, con algo de preocupaci\u00f3n, \u00bfqu\u00e9 ocurrir\u00e1 en el futuro cuando la producci\u00f3n renovable decaiga y no haya combustibles f\u00f3siles para respaldar la generaci\u00f3n? La pregunta no es trivial. Por mucha capacidad de generaci\u00f3n renovable de que se disponga, siempre va a ser necesaria cierta cantidad de generaci\u00f3n gestionable de respaldo, no solo para cubrir esos momentos en que la demanda supere la disponibilidad de fuentes renovables, si no por cuestiones de estabilidad del sistema el\u00e9ctrico.<\/p>\n\n\n\n<p>La respuesta a la pregunta tampoco es simple, y en ella radica la complejidad de la <strong>transici\u00f3n energ\u00e9tica<\/strong> a la que Europa y el mundo se encara para la <strong>descarbonizaci\u00f3n<\/strong> total de la econom\u00eda. Pero hay ciertos elementos de los que hay una razonable certeza que ser\u00e1n protagonistas de la soluci\u00f3n. La soluci\u00f3n m\u00e1s obvia es el <strong>almacenamiento de energ\u00eda<\/strong>. La capacidad de almacenar energ\u00eda renovable en momentos de alta producci\u00f3n, por ejemplo durante el pico de horas solares, y ser capaces de volcarla en momentos de alta demanda, por ejemplo durante las primeras horas de la noche, har\u00eda viable un sistema basado 100% en energ\u00edas renovables.<\/p>\n\n\n\n<p>Pero eso soluciona solamente una parte del problema. El sistema tambi\u00e9n debe ser capaz de almacenar grandes cantidades de energ\u00eda renovable en \u00e9pocas de mucha producci\u00f3n, por ejemplo en verano, o \u00e9pocas de poca demanda, por ejemplo en primavera y oto\u00f1o, y de volcarla en meses de alta demanda, por ejemplo en invierno. Estos sistemas de <strong>almacenamiento estacional<\/strong> de energ\u00eda deben ser capaces de almacenar grandes cantidades de energ\u00eda para per\u00edodos largos de tiempo. Sistemas como las <strong>bater\u00edas<\/strong> son ideales para el almacenamiento de corto plazo, en ciclos diarios de carga y descarga, pero no es posible utilizarlos para el almacenamiento estacional.<\/p>\n\n\n\n<p>Para el almacenamiento estacional, ahora mismo, el sistema m\u00e1s viable es el <a href=\"https:\/\/aleasoft.com\/es\/hidrogeno-verde-combustible-futuro\/\"><strong>hidr\u00f3geno verde<\/strong><\/a>. El hidr\u00f3geno producido por electr\u00f3lisis de agua a partir de energ\u00edas renovables puede ser almacenado en grandes cantidades por per\u00edodos largos de tiempo, y reconvertirlo en electricidad por medio de las <strong>pilas de combustible<\/strong>.<\/p>\n\n\n\n<p>Las infraestructuras para la producci\u00f3n, almacenamiento, transporte y distribuci\u00f3n del hidr\u00f3geno requieren de planificaci\u00f3n, tiempo e inversiones. Sabiendo que el almacenamiento estacional de energ\u00eda va a ser imprescindible en la transici\u00f3n energ\u00e9tica <a href=\"https:\/\/aleasoft.com\/es\/necesidad-poner-foco-renovables-hidrogeno-verde-crear-futuro-sin-dependencia-energetica\/\">es necesario y urgente empezar ya a planificar y ejecutar los proyectos que har\u00e1n viable el hidr\u00f3geno verde en el futuro<\/a>.<\/p>\n\n\n\n<p>An\u00e1lisis de AleaSoft Energy Forecasting sobre las perspectivas de los mercados de energ\u00eda en Europa y la financiaci\u00f3n de proyectos renovables<\/p>\n\n\n\n<p>Precisamente, el papel del <strong>hidr\u00f3geno verde <\/strong>como vector estrat\u00e9gico en la <strong>transici\u00f3n energ\u00e9tica<\/strong> fue el principal tema de an\u00e1lisis en la \u00faltima edici\u00f3n de los webinars mensuales organizados por <strong>AleaSoft Energy Forecasting<\/strong> y <strong>AleaGreen<\/strong>, que se realiz\u00f3 el 14 de julio. Los ponentes invitados de <strong>H2B2<\/strong>, \u00c1frica Castro, Business Development, y Anselmo Andrade, Integrated Product Director, resaltaron la necesidad de las ayudas y de una regulaci\u00f3n para el desarrollo del hidr\u00f3geno renovable. En el webinar, Oriol Salt\u00f3 i Bauz\u00e0, Associate Partner en <strong>AleaGreen<\/strong>, realiz\u00f3 el an\u00e1lisis de los mercados de energ\u00eda europeos en las \u00faltimas semanas y de las perspectivas para los pr\u00f3ximos meses. La grabaci\u00f3n del webinar se puede solicitar <a href=\"https:\/\/aleasoft.com\/es\/webinars-sobre-mercados-sector-energia\/perspectivas-mercados-energia-europa-vision-futuro-hidrogeno-verde\/\">aqu\u00ed<\/a>.<\/p>\n\n\n\n<p>El <a href=\"https:\/\/aleasoft.com\/es\/webinars-sobre-mercados-sector-energia\/perspectivas-mercados-energia-europa-desarrollo-energias-renovables-mercados-plazo-coberturas-subasta-electrointensivos\/\">siguiente webinar se realizar\u00e1 el 15 de septiembre<\/a>, contando con la participaci\u00f3n de Jorge Sim\u00e3o, COO en <strong>OMIP<\/strong>, y Pablo Villaplana, COO en <strong>OMIClear<\/strong>, que analizar\u00e1n la importancia de los mercados a plazo y las coberturas para el desarrollo de las <strong>energ\u00edas renovables<\/strong>. En la mesa de an\u00e1lisis participar\u00e1 Fernando Soto, Director General de <strong>AEGE<\/strong>, para hablar de la <strong>subasta de PPA renovables<\/strong> con <strong>electrointensivos<\/strong>. Como es habitual, Oriol Salt\u00f3 i Bauz\u00e0 realizar\u00e1 el an\u00e1lisis de la evoluci\u00f3n y perspectivas de los mercados de energ\u00eda.<\/p>\n\n\n\n<p>Fuente: <strong>AleaSoft Energy Forecasting<\/strong>.<\/p>\n","protected":false},"excerpt":{"rendered":"<p>La arrancada del mecanismo de ajuste de costes del RDL&nbsp;10\/2022 ha puesto de manifiesto el papel de los ciclos combinados de gas como respaldo de las energ\u00edas renovables. Esa necesidad [&hellip;]<\/p>\n","protected":false},"author":2,"featured_media":0,"comment_status":"open","ping_status":"open","sticky":false,"template":"","format":"standard","meta":{"_acf_changed":false,"_bbp_topic_count":0,"_bbp_reply_count":0,"_bbp_total_topic_count":0,"_bbp_total_reply_count":0,"_bbp_voice_count":0,"_bbp_anonymous_reply_count":0,"_bbp_topic_count_hidden":0,"_bbp_reply_count_hidden":0,"_bbp_forum_subforum_count":0,"_et_pb_use_builder":"","_et_pb_old_content":"","_et_gb_content_width":"","footnotes":""},"categories":[438],"tags":[],"class_list":["post-46510","post","type-post","status-publish","format-standard","hentry","category-newsletter-julio-2022"],"acf":[],"yoast_head":"<!-- This site is optimized with the Yoast SEO plugin v27.4 - https:\/\/yoast.com\/product\/yoast-seo-wordpress\/ -->\n<title>Gas natural, la bater\u00eda no recargable del presente. Hidr\u00f3geno verde, la bater\u00eda del futuro. Un an\u00e1lisis de AleaSoft - Asociaci\u00f3n Empresarial E\u00f3lica<\/title>\n<meta name=\"robots\" content=\"index, follow, max-snippet:-1, max-image-preview:large, max-video-preview:-1\" \/>\n<link rel=\"canonical\" href=\"https:\/\/aeeolica.org\/gas-natural-la-bateria-no-recargable-del-presente-hidrogeno-verde-la-bateria-del-futuro-un-analisis-de-aleasoft\/\" \/>\n<meta property=\"og:locale\" content=\"en_US\" \/>\n<meta property=\"og:type\" content=\"article\" \/>\n<meta property=\"og:title\" content=\"Gas natural, la bater\u00eda no recargable del presente. Hidr\u00f3geno verde, la bater\u00eda del futuro. Un an\u00e1lisis de AleaSoft - Asociaci\u00f3n Empresarial E\u00f3lica\" \/>\n<meta property=\"og:description\" content=\"La arrancada del mecanismo de ajuste de costes del RDL&nbsp;10\/2022 ha puesto de manifiesto el papel de los ciclos combinados de gas como respaldo de las energ\u00edas renovables. Esa necesidad [&hellip;]\" \/>\n<meta property=\"og:url\" content=\"https:\/\/aeeolica.org\/gas-natural-la-bateria-no-recargable-del-presente-hidrogeno-verde-la-bateria-del-futuro-un-analisis-de-aleasoft\/\" \/>\n<meta property=\"og:site_name\" content=\"Asociaci\u00f3n Empresarial E\u00f3lica\" \/>\n<meta property=\"article:publisher\" content=\"https:\/\/www.facebook.com\/aeeolica\" \/>\n<meta property=\"article:published_time\" content=\"2022-07-27T14:11:17+00:00\" \/>\n<meta property=\"article:modified_time\" content=\"2022-07-27T14:11:20+00:00\" \/>\n<meta property=\"og:image\" content=\"https:\/\/aeeolica.org\/wp-content\/uploads\/2022\/07\/20220719-AleaSoft-Mix-generacion-electricidad-Espanna-1024x602.png\" \/>\n<meta name=\"author\" content=\"Morante D\u00edaz, Mar\u00eda del Mar\" \/>\n<meta name=\"twitter:card\" content=\"summary_large_image\" \/>\n<meta name=\"twitter:creator\" content=\"@aeeolica\" \/>\n<meta name=\"twitter:site\" content=\"@aeeolica\" \/>\n<meta name=\"twitter:label1\" content=\"Written by\" \/>\n\t<meta name=\"twitter:data1\" content=\"Morante D\u00edaz, Mar\u00eda del Mar\" \/>\n\t<meta name=\"twitter:label2\" content=\"Est. reading time\" \/>\n\t<meta name=\"twitter:data2\" content=\"5 minutes\" \/>\n<script type=\"application\/ld+json\" class=\"yoast-schema-graph\">{\"@context\":\"https:\\\/\\\/schema.org\",\"@graph\":[{\"@type\":\"Article\",\"@id\":\"https:\\\/\\\/aeeolica.org\\\/gas-natural-la-bateria-no-recargable-del-presente-hidrogeno-verde-la-bateria-del-futuro-un-analisis-de-aleasoft\\\/#article\",\"isPartOf\":{\"@id\":\"https:\\\/\\\/aeeolica.org\\\/gas-natural-la-bateria-no-recargable-del-presente-hidrogeno-verde-la-bateria-del-futuro-un-analisis-de-aleasoft\\\/\"},\"author\":{\"name\":\"Morante D\u00edaz, Mar\u00eda del Mar\",\"@id\":\"https:\\\/\\\/aeeolica.org\\\/#\\\/schema\\\/person\\\/064b26f21f7ed52e0b3854e6b52f9772\"},\"headline\":\"Gas natural, la bater\u00eda no recargable del presente. Hidr\u00f3geno verde, la bater\u00eda del futuro. Un an\u00e1lisis de AleaSoft\",\"datePublished\":\"2022-07-27T14:11:17+00:00\",\"dateModified\":\"2022-07-27T14:11:20+00:00\",\"mainEntityOfPage\":{\"@id\":\"https:\\\/\\\/aeeolica.org\\\/gas-natural-la-bateria-no-recargable-del-presente-hidrogeno-verde-la-bateria-del-futuro-un-analisis-de-aleasoft\\\/\"},\"wordCount\":1020,\"commentCount\":2,\"publisher\":{\"@id\":\"https:\\\/\\\/aeeolica.org\\\/#organization\"},\"image\":{\"@id\":\"https:\\\/\\\/aeeolica.org\\\/gas-natural-la-bateria-no-recargable-del-presente-hidrogeno-verde-la-bateria-del-futuro-un-analisis-de-aleasoft\\\/#primaryimage\"},\"thumbnailUrl\":\"https:\\\/\\\/aeeolica.org\\\/wp-content\\\/uploads\\\/2022\\\/07\\\/20220719-AleaSoft-Mix-generacion-electricidad-Espanna-1024x602.png\",\"articleSection\":[\"Newsletter Julio 2022\"],\"inLanguage\":\"en-US\",\"potentialAction\":[{\"@type\":\"CommentAction\",\"name\":\"Comment\",\"target\":[\"https:\\\/\\\/aeeolica.org\\\/gas-natural-la-bateria-no-recargable-del-presente-hidrogeno-verde-la-bateria-del-futuro-un-analisis-de-aleasoft\\\/#respond\"]}]},{\"@type\":\"WebPage\",\"@id\":\"https:\\\/\\\/aeeolica.org\\\/gas-natural-la-bateria-no-recargable-del-presente-hidrogeno-verde-la-bateria-del-futuro-un-analisis-de-aleasoft\\\/\",\"url\":\"https:\\\/\\\/aeeolica.org\\\/gas-natural-la-bateria-no-recargable-del-presente-hidrogeno-verde-la-bateria-del-futuro-un-analisis-de-aleasoft\\\/\",\"name\":\"Gas natural, la bater\u00eda no recargable del presente. Hidr\u00f3geno verde, la bater\u00eda del futuro. Un an\u00e1lisis de AleaSoft - Asociaci\u00f3n Empresarial E\u00f3lica\",\"isPartOf\":{\"@id\":\"https:\\\/\\\/aeeolica.org\\\/#website\"},\"primaryImageOfPage\":{\"@id\":\"https:\\\/\\\/aeeolica.org\\\/gas-natural-la-bateria-no-recargable-del-presente-hidrogeno-verde-la-bateria-del-futuro-un-analisis-de-aleasoft\\\/#primaryimage\"},\"image\":{\"@id\":\"https:\\\/\\\/aeeolica.org\\\/gas-natural-la-bateria-no-recargable-del-presente-hidrogeno-verde-la-bateria-del-futuro-un-analisis-de-aleasoft\\\/#primaryimage\"},\"thumbnailUrl\":\"https:\\\/\\\/aeeolica.org\\\/wp-content\\\/uploads\\\/2022\\\/07\\\/20220719-AleaSoft-Mix-generacion-electricidad-Espanna-1024x602.png\",\"datePublished\":\"2022-07-27T14:11:17+00:00\",\"dateModified\":\"2022-07-27T14:11:20+00:00\",\"breadcrumb\":{\"@id\":\"https:\\\/\\\/aeeolica.org\\\/gas-natural-la-bateria-no-recargable-del-presente-hidrogeno-verde-la-bateria-del-futuro-un-analisis-de-aleasoft\\\/#breadcrumb\"},\"inLanguage\":\"en-US\",\"potentialAction\":[{\"@type\":\"ReadAction\",\"target\":[\"https:\\\/\\\/aeeolica.org\\\/gas-natural-la-bateria-no-recargable-del-presente-hidrogeno-verde-la-bateria-del-futuro-un-analisis-de-aleasoft\\\/\"]}]},{\"@type\":\"ImageObject\",\"inLanguage\":\"en-US\",\"@id\":\"https:\\\/\\\/aeeolica.org\\\/gas-natural-la-bateria-no-recargable-del-presente-hidrogeno-verde-la-bateria-del-futuro-un-analisis-de-aleasoft\\\/#primaryimage\",\"url\":\"https:\\\/\\\/aeeolica.org\\\/wp-content\\\/uploads\\\/2022\\\/07\\\/20220719-AleaSoft-Mix-generacion-electricidad-Espanna-1024x602.png\",\"contentUrl\":\"https:\\\/\\\/aeeolica.org\\\/wp-content\\\/uploads\\\/2022\\\/07\\\/20220719-AleaSoft-Mix-generacion-electricidad-Espanna-1024x602.png\"},{\"@type\":\"BreadcrumbList\",\"@id\":\"https:\\\/\\\/aeeolica.org\\\/gas-natural-la-bateria-no-recargable-del-presente-hidrogeno-verde-la-bateria-del-futuro-un-analisis-de-aleasoft\\\/#breadcrumb\",\"itemListElement\":[{\"@type\":\"ListItem\",\"position\":1,\"name\":\"Portada\",\"item\":\"https:\\\/\\\/aeeolica.org\\\/en\\\/inicio\\\/\"},{\"@type\":\"ListItem\",\"position\":2,\"name\":\"Gas natural, la bater\u00eda no recargable del presente. Hidr\u00f3geno verde, la bater\u00eda del futuro. Un an\u00e1lisis de AleaSoft\"}]},{\"@type\":\"WebSite\",\"@id\":\"https:\\\/\\\/aeeolica.org\\\/#website\",\"url\":\"https:\\\/\\\/aeeolica.org\\\/\",\"name\":\"Asociaci\u00f3n Empresarial E\u00f3lica\",\"description\":\"AEE Asociaci\u00f3n Empresarial E\u00f3lica\",\"publisher\":{\"@id\":\"https:\\\/\\\/aeeolica.org\\\/#organization\"},\"potentialAction\":[{\"@type\":\"SearchAction\",\"target\":{\"@type\":\"EntryPoint\",\"urlTemplate\":\"https:\\\/\\\/aeeolica.org\\\/?s={search_term_string}\"},\"query-input\":{\"@type\":\"PropertyValueSpecification\",\"valueRequired\":true,\"valueName\":\"search_term_string\"}}],\"inLanguage\":\"en-US\"},{\"@type\":\"Organization\",\"@id\":\"https:\\\/\\\/aeeolica.org\\\/#organization\",\"name\":\"Asociaci\u00f3n Empresarial E\u00f3lica\",\"url\":\"https:\\\/\\\/aeeolica.org\\\/\",\"logo\":{\"@type\":\"ImageObject\",\"inLanguage\":\"en-US\",\"@id\":\"https:\\\/\\\/aeeolica.org\\\/#\\\/schema\\\/logo\\\/image\\\/\",\"url\":\"https:\\\/\\\/aeeolica.org\\\/wp-content\\\/uploads\\\/2021\\\/08\\\/logo-aee.png\",\"contentUrl\":\"https:\\\/\\\/aeeolica.org\\\/wp-content\\\/uploads\\\/2021\\\/08\\\/logo-aee.png\",\"width\":180,\"height\":78,\"caption\":\"Asociaci\u00f3n Empresarial E\u00f3lica\"},\"image\":{\"@id\":\"https:\\\/\\\/aeeolica.org\\\/#\\\/schema\\\/logo\\\/image\\\/\"},\"sameAs\":[\"https:\\\/\\\/www.facebook.com\\\/aeeolica\",\"https:\\\/\\\/x.com\\\/aeeolica\",\"https:\\\/\\\/www.instagram.com\\\/aeeolica\\\/\",\"https:\\\/\\\/www.linkedin.com\\\/in\\\/aee-asociaci\u00f3n-empresarial-e\u00f3lica-6830946b\\\/\",\"https:\\\/\\\/www.youtube.com\\\/user\\\/AEEolica\"]},{\"@type\":\"Person\",\"@id\":\"https:\\\/\\\/aeeolica.org\\\/#\\\/schema\\\/person\\\/064b26f21f7ed52e0b3854e6b52f9772\",\"name\":\"Morante D\u00edaz, Mar\u00eda del Mar\",\"image\":{\"@type\":\"ImageObject\",\"inLanguage\":\"en-US\",\"@id\":\"https:\\\/\\\/secure.gravatar.com\\\/avatar\\\/8bfd23e1c4bf5aa0b9314f1c5c9d644e62672831e6a512513954c3f15dffdd5a?s=96&d=mm&r=g\",\"url\":\"https:\\\/\\\/secure.gravatar.com\\\/avatar\\\/8bfd23e1c4bf5aa0b9314f1c5c9d644e62672831e6a512513954c3f15dffdd5a?s=96&d=mm&r=g\",\"contentUrl\":\"https:\\\/\\\/secure.gravatar.com\\\/avatar\\\/8bfd23e1c4bf5aa0b9314f1c5c9d644e62672831e6a512513954c3f15dffdd5a?s=96&d=mm&r=g\",\"caption\":\"Morante D\u00edaz, Mar\u00eda del Mar\"},\"url\":\"https:\\\/\\\/aeeolica.org\\\/en\\\/author\\\/mar\\\/\"}]}<\/script>\n<!-- \/ Yoast SEO plugin. -->","yoast_head_json":{"title":"Gas natural, la bater\u00eda no recargable del presente. Hidr\u00f3geno verde, la bater\u00eda del futuro. Un an\u00e1lisis de AleaSoft - Asociaci\u00f3n Empresarial E\u00f3lica","robots":{"index":"index","follow":"follow","max-snippet":"max-snippet:-1","max-image-preview":"max-image-preview:large","max-video-preview":"max-video-preview:-1"},"canonical":"https:\/\/aeeolica.org\/gas-natural-la-bateria-no-recargable-del-presente-hidrogeno-verde-la-bateria-del-futuro-un-analisis-de-aleasoft\/","og_locale":"en_US","og_type":"article","og_title":"Gas natural, la bater\u00eda no recargable del presente. Hidr\u00f3geno verde, la bater\u00eda del futuro. Un an\u00e1lisis de AleaSoft - Asociaci\u00f3n Empresarial E\u00f3lica","og_description":"La arrancada del mecanismo de ajuste de costes del RDL&nbsp;10\/2022 ha puesto de manifiesto el papel de los ciclos combinados de gas como respaldo de las energ\u00edas renovables. Esa necesidad [&hellip;]","og_url":"https:\/\/aeeolica.org\/gas-natural-la-bateria-no-recargable-del-presente-hidrogeno-verde-la-bateria-del-futuro-un-analisis-de-aleasoft\/","og_site_name":"Asociaci\u00f3n Empresarial E\u00f3lica","article_publisher":"https:\/\/www.facebook.com\/aeeolica","article_published_time":"2022-07-27T14:11:17+00:00","article_modified_time":"2022-07-27T14:11:20+00:00","og_image":[{"url":"https:\/\/aeeolica.org\/wp-content\/uploads\/2022\/07\/20220719-AleaSoft-Mix-generacion-electricidad-Espanna-1024x602.png","type":"","width":"","height":""}],"author":"Morante D\u00edaz, Mar\u00eda del Mar","twitter_card":"summary_large_image","twitter_creator":"@aeeolica","twitter_site":"@aeeolica","twitter_misc":{"Written by":"Morante D\u00edaz, Mar\u00eda del Mar","Est. reading time":"5 minutes"},"schema":{"@context":"https:\/\/schema.org","@graph":[{"@type":"Article","@id":"https:\/\/aeeolica.org\/gas-natural-la-bateria-no-recargable-del-presente-hidrogeno-verde-la-bateria-del-futuro-un-analisis-de-aleasoft\/#article","isPartOf":{"@id":"https:\/\/aeeolica.org\/gas-natural-la-bateria-no-recargable-del-presente-hidrogeno-verde-la-bateria-del-futuro-un-analisis-de-aleasoft\/"},"author":{"name":"Morante D\u00edaz, Mar\u00eda del Mar","@id":"https:\/\/aeeolica.org\/#\/schema\/person\/064b26f21f7ed52e0b3854e6b52f9772"},"headline":"Gas natural, la bater\u00eda no recargable del presente. Hidr\u00f3geno verde, la bater\u00eda del futuro. Un an\u00e1lisis de AleaSoft","datePublished":"2022-07-27T14:11:17+00:00","dateModified":"2022-07-27T14:11:20+00:00","mainEntityOfPage":{"@id":"https:\/\/aeeolica.org\/gas-natural-la-bateria-no-recargable-del-presente-hidrogeno-verde-la-bateria-del-futuro-un-analisis-de-aleasoft\/"},"wordCount":1020,"commentCount":2,"publisher":{"@id":"https:\/\/aeeolica.org\/#organization"},"image":{"@id":"https:\/\/aeeolica.org\/gas-natural-la-bateria-no-recargable-del-presente-hidrogeno-verde-la-bateria-del-futuro-un-analisis-de-aleasoft\/#primaryimage"},"thumbnailUrl":"https:\/\/aeeolica.org\/wp-content\/uploads\/2022\/07\/20220719-AleaSoft-Mix-generacion-electricidad-Espanna-1024x602.png","articleSection":["Newsletter Julio 2022"],"inLanguage":"en-US","potentialAction":[{"@type":"CommentAction","name":"Comment","target":["https:\/\/aeeolica.org\/gas-natural-la-bateria-no-recargable-del-presente-hidrogeno-verde-la-bateria-del-futuro-un-analisis-de-aleasoft\/#respond"]}]},{"@type":"WebPage","@id":"https:\/\/aeeolica.org\/gas-natural-la-bateria-no-recargable-del-presente-hidrogeno-verde-la-bateria-del-futuro-un-analisis-de-aleasoft\/","url":"https:\/\/aeeolica.org\/gas-natural-la-bateria-no-recargable-del-presente-hidrogeno-verde-la-bateria-del-futuro-un-analisis-de-aleasoft\/","name":"Gas natural, la bater\u00eda no recargable del presente. Hidr\u00f3geno verde, la bater\u00eda del futuro. Un an\u00e1lisis de AleaSoft - Asociaci\u00f3n Empresarial E\u00f3lica","isPartOf":{"@id":"https:\/\/aeeolica.org\/#website"},"primaryImageOfPage":{"@id":"https:\/\/aeeolica.org\/gas-natural-la-bateria-no-recargable-del-presente-hidrogeno-verde-la-bateria-del-futuro-un-analisis-de-aleasoft\/#primaryimage"},"image":{"@id":"https:\/\/aeeolica.org\/gas-natural-la-bateria-no-recargable-del-presente-hidrogeno-verde-la-bateria-del-futuro-un-analisis-de-aleasoft\/#primaryimage"},"thumbnailUrl":"https:\/\/aeeolica.org\/wp-content\/uploads\/2022\/07\/20220719-AleaSoft-Mix-generacion-electricidad-Espanna-1024x602.png","datePublished":"2022-07-27T14:11:17+00:00","dateModified":"2022-07-27T14:11:20+00:00","breadcrumb":{"@id":"https:\/\/aeeolica.org\/gas-natural-la-bateria-no-recargable-del-presente-hidrogeno-verde-la-bateria-del-futuro-un-analisis-de-aleasoft\/#breadcrumb"},"inLanguage":"en-US","potentialAction":[{"@type":"ReadAction","target":["https:\/\/aeeolica.org\/gas-natural-la-bateria-no-recargable-del-presente-hidrogeno-verde-la-bateria-del-futuro-un-analisis-de-aleasoft\/"]}]},{"@type":"ImageObject","inLanguage":"en-US","@id":"https:\/\/aeeolica.org\/gas-natural-la-bateria-no-recargable-del-presente-hidrogeno-verde-la-bateria-del-futuro-un-analisis-de-aleasoft\/#primaryimage","url":"https:\/\/aeeolica.org\/wp-content\/uploads\/2022\/07\/20220719-AleaSoft-Mix-generacion-electricidad-Espanna-1024x602.png","contentUrl":"https:\/\/aeeolica.org\/wp-content\/uploads\/2022\/07\/20220719-AleaSoft-Mix-generacion-electricidad-Espanna-1024x602.png"},{"@type":"BreadcrumbList","@id":"https:\/\/aeeolica.org\/gas-natural-la-bateria-no-recargable-del-presente-hidrogeno-verde-la-bateria-del-futuro-un-analisis-de-aleasoft\/#breadcrumb","itemListElement":[{"@type":"ListItem","position":1,"name":"Portada","item":"https:\/\/aeeolica.org\/en\/inicio\/"},{"@type":"ListItem","position":2,"name":"Gas natural, la bater\u00eda no recargable del presente. Hidr\u00f3geno verde, la bater\u00eda del futuro. Un an\u00e1lisis de AleaSoft"}]},{"@type":"WebSite","@id":"https:\/\/aeeolica.org\/#website","url":"https:\/\/aeeolica.org\/","name":"Asociaci\u00f3n Empresarial E\u00f3lica","description":"AEE Asociaci\u00f3n Empresarial E\u00f3lica","publisher":{"@id":"https:\/\/aeeolica.org\/#organization"},"potentialAction":[{"@type":"SearchAction","target":{"@type":"EntryPoint","urlTemplate":"https:\/\/aeeolica.org\/?s={search_term_string}"},"query-input":{"@type":"PropertyValueSpecification","valueRequired":true,"valueName":"search_term_string"}}],"inLanguage":"en-US"},{"@type":"Organization","@id":"https:\/\/aeeolica.org\/#organization","name":"Asociaci\u00f3n Empresarial E\u00f3lica","url":"https:\/\/aeeolica.org\/","logo":{"@type":"ImageObject","inLanguage":"en-US","@id":"https:\/\/aeeolica.org\/#\/schema\/logo\/image\/","url":"https:\/\/aeeolica.org\/wp-content\/uploads\/2021\/08\/logo-aee.png","contentUrl":"https:\/\/aeeolica.org\/wp-content\/uploads\/2021\/08\/logo-aee.png","width":180,"height":78,"caption":"Asociaci\u00f3n Empresarial E\u00f3lica"},"image":{"@id":"https:\/\/aeeolica.org\/#\/schema\/logo\/image\/"},"sameAs":["https:\/\/www.facebook.com\/aeeolica","https:\/\/x.com\/aeeolica","https:\/\/www.instagram.com\/aeeolica\/","https:\/\/www.linkedin.com\/in\/aee-asociaci\u00f3n-empresarial-e\u00f3lica-6830946b\/","https:\/\/www.youtube.com\/user\/AEEolica"]},{"@type":"Person","@id":"https:\/\/aeeolica.org\/#\/schema\/person\/064b26f21f7ed52e0b3854e6b52f9772","name":"Morante D\u00edaz, Mar\u00eda del Mar","image":{"@type":"ImageObject","inLanguage":"en-US","@id":"https:\/\/secure.gravatar.com\/avatar\/8bfd23e1c4bf5aa0b9314f1c5c9d644e62672831e6a512513954c3f15dffdd5a?s=96&d=mm&r=g","url":"https:\/\/secure.gravatar.com\/avatar\/8bfd23e1c4bf5aa0b9314f1c5c9d644e62672831e6a512513954c3f15dffdd5a?s=96&d=mm&r=g","contentUrl":"https:\/\/secure.gravatar.com\/avatar\/8bfd23e1c4bf5aa0b9314f1c5c9d644e62672831e6a512513954c3f15dffdd5a?s=96&d=mm&r=g","caption":"Morante D\u00edaz, Mar\u00eda del Mar"},"url":"https:\/\/aeeolica.org\/en\/author\/mar\/"}]}},"_links":{"self":[{"href":"https:\/\/aeeolica.org\/en\/wp-json\/wp\/v2\/posts\/46510","targetHints":{"allow":["GET"]}}],"collection":[{"href":"https:\/\/aeeolica.org\/en\/wp-json\/wp\/v2\/posts"}],"about":[{"href":"https:\/\/aeeolica.org\/en\/wp-json\/wp\/v2\/types\/post"}],"author":[{"embeddable":true,"href":"https:\/\/aeeolica.org\/en\/wp-json\/wp\/v2\/users\/2"}],"replies":[{"embeddable":true,"href":"https:\/\/aeeolica.org\/en\/wp-json\/wp\/v2\/comments?post=46510"}],"version-history":[{"count":0,"href":"https:\/\/aeeolica.org\/en\/wp-json\/wp\/v2\/posts\/46510\/revisions"}],"wp:attachment":[{"href":"https:\/\/aeeolica.org\/en\/wp-json\/wp\/v2\/media?parent=46510"}],"wp:term":[{"taxonomy":"category","embeddable":true,"href":"https:\/\/aeeolica.org\/en\/wp-json\/wp\/v2\/categories?post=46510"},{"taxonomy":"post_tag","embeddable":true,"href":"https:\/\/aeeolica.org\/en\/wp-json\/wp\/v2\/tags?post=46510"}],"curies":[{"name":"wp","href":"https:\/\/api.w.org\/{rel}","templated":true}]}}